{"id":102653,"date":"2016-01-21T22:44:02","date_gmt":"2016-01-22T00:44:02","guid":{"rendered":"http:\/\/franciscanos.org.br\/?p=102653"},"modified":"2020-02-17T13:48:26","modified_gmt":"2020-02-17T16:48:26","slug":"frei-fidencio-toma-posse-haja-coracao","status":"publish","type":"post","link":"https:\/\/franciscanos.org.br\/noticias\/frei-fidencio-toma-posse-haja-coracao.html","title":{"rendered":"Frei Fid\u00eancio toma posse como Ministro. Haja cora\u00e7\u00e3o!"},"content":{"rendered":"<p><img loading=\"lazy\" src=\"http:\/\/franciscanos.org.br\/wp-content\/uploads\/2016\/01\/alto62.jpg\" alt=\"alto6\" width=\"820\" height=\"381\" \/><\/p>\n<p><strong>Agudos (SP)<\/strong> &#8211; O que parecia ser uma elei\u00e7\u00e3o tranquila do Ministro Provincial, tornou-se um dos momentos mais emocionantes na hist\u00f3ria dos Cap\u00edtulos Provinciais da Prov\u00edncia da Imaculada Concei\u00e7\u00e3o. Frei Fid\u00eancio Vanboemmel foi reeleito para um novo mandato &#8211; agora de tr\u00eas anos &#8211; depois de quatro tentativas: primeiro, abriu-se a urna para apura\u00e7\u00e3o dos votos dos 272 frades que votaram antes de se iniciar o Cap\u00edtulo Provincial. Sem obter a maioria de dois ter\u00e7os, a elei\u00e7\u00e3o precisou de tr\u00eas escrut\u00ednios disputad\u00edssimos para se chegar ao resultado final. Foram duas horas de deixar card\u00edacos em perigo! <strong><a href=\"http:\/\/franciscanos.org.br\/?p=102631\">(veja o texto da elei\u00e7\u00e3o)<\/a><\/strong><\/p>\n<p>A disputa entre os cinco homologados pela C\u00faria Geral &#8211; Frei C\u00e9sar K\u00fclkamp, Frei Est\u00eav\u00e3o Ottenbreit, Frei Evaristo Spengler, Frei Fid\u00eancio Vanboemmel e Frei Paulo Pereira &#8211; acabou no terceiro escrut\u00ednio, quando Frei Fid\u00eancio somou 82 votos contra 61 de Frei Evaristo (um foi nulo).<\/p>\n<p><img loading=\"lazy\" class=\"alignright size-full wp-image-102697\" src=\"http:\/\/franciscanos.org.br\/wp-content\/uploads\/2016\/01\/alto46.jpg\" alt=\"alto4\" width=\"375\" height=\"500\" \/>Frei Fid\u00eancio nem conseguia respirar quando foi perguntado pelo presidente do Cap\u00edtulo, Frei Nestor In\u00e1cio Schwerz, se aceitava este servi\u00e7o novamente. Frei Fid\u00eancio, depois de uma pausa e suspense, respondeu: &#8220;Fa\u00e7a-se, como Maria!&#8221;. O seu sim foi ovacionado pelos confrades!<\/p>\n<p>Mas as emo\u00e7\u00f5es n\u00e3o ficaram na Sala Capitular. Os frades e o Ministro Provincial eleito se dirigiram, logo em seguida, para a Capela do Semin\u00e1rio, onde foi celebrada a tomada de posse do Ministro eleito.<\/p>\n<p>Depois de ouvir a leitura do Evangelho, Frei Nestor traduziu em poucas palavras a import\u00e2ncia desta data hist\u00f3ria na vida da Prov\u00edncia. &#8220;Esses aplausos no fim, por parte de toda a assembleia, significa que no final todos est\u00e3o agora contentes e te acolhe como Ministro desta Fraternidade Provincial. Porque entre n\u00f3s, na nossa fraternidade, n\u00e3o existe vencedores ou vencidos. Fizemos a elei\u00e7\u00e3o, uma elei\u00e7\u00e3o bem disputada, e no fim algu\u00e9m recebeu a maioria dos votos. Terminada a elei\u00e7\u00e3o todos n\u00f3s somos de novo a fraternidade reunida em torno do Ministro Provincial que foi eleito e que traz com ele o seguimento de Jesus Cristo com a for\u00e7a e a luz do Esp\u00edrito Santo&#8221;, admoestou.<\/p>\n<p>Frei Nestor, ent\u00e3o, fez quest\u00e3o de enfatizar que n\u00e3o s\u00e3o simplesmente mais tr\u00eas anos. &#8220;\u00c9 outro mandato. \u00c9 um novo come\u00e7o. Talvez voc\u00ea mude alguma coisa l\u00e1 no seu escrit\u00f3rio para mostrar que est\u00e1 recome\u00e7ando&#8230; N\u00e3o est\u00e1 simplesmente continuando, porque poderia se tornar um peso pensar que ser\u00e3o nove anos de governo. N\u00e3o. Agora \u00e9 um novo mandato. E os irm\u00e3os que voc\u00ea vai encontrar s\u00e3o outros. Ent\u00e3o, \u00e9 bom ter essa perspectiva, essa vis\u00e3o do novo. Claro que existe uma continuidade, mas tamb\u00e9m \u00e9 um momento novo na Fraternidade Provincial&#8221;, frisou.<\/p>\n<p>&#8220;Em terceiro lugar, justificou-se o presidente do Cap\u00edtulo, quem sou eu para dizer a Frei Fid\u00eancio o que S\u00e3o Francisco pensava sobre os ministros e os irm\u00e3os. Mas n\u00e3o custa relembrar. Na Regra, cap\u00edtulo 10\u00ba, S\u00e3o Francisco diz assim: &#8216;Os irm\u00e3os que s\u00e3o ministros visitem e admoestem seus irm\u00e3os e corrijam-nos com humildade e caridade, n\u00e3o lhes ordenando nada que seja contra sua alma e a nossa Regra&#8217;. Ent\u00e3o, o sr. sabe muito bem que S\u00e3o Francisco pensou sempre no Ministro como algu\u00e9m que \u00e9 irm\u00e3o, que \u00e9 servo, que se faz o menor, aquele que lava os p\u00e9s, aquele est\u00e1 a servi\u00e7o. N\u00e3o se trata de um poder de domina\u00e7\u00e3o, mas \u00e9 um poder de servi\u00e7o&#8221;, refor\u00e7ou.<\/p>\n<p><img loading=\"lazy\" src=\"http:\/\/franciscanos.org.br\/wp-content\/uploads\/2016\/01\/alto36.jpg\" alt=\"alto3\" width=\"820\" height=\"371\" \/><\/p>\n<p>Depois, falando para todos os irm\u00e3os lembrou que, por amor de Deus, renunciaram \u00e0s suas vontades. &#8220;Sabemos que a obedi\u00eancia n\u00e3o \u00e9 muito f\u00e1cil. E tamb\u00e9m naquela pesquisa que foi feita na Ordem, diz claramente assim: &#8216;Se n\u00f3s perdermos a vis\u00e3o de f\u00e9, a nossa obedi\u00eancia vai ser mais dif\u00edcil&#8217;. Ent\u00e3o, nossa profiss\u00e3o e nossa forma de vida sempre exigem este olhar de f\u00e9, esta perspectiva mais profunda. Este obedecer ao Ministro \u00e9 tamb\u00e9m, junto com ele, discernir aquilo que o Senhor quer de n\u00f3s. Esta capacidade de renunciar \u00e0 vontade pr\u00f3pria para estar sempre \u00e0 disposi\u00e7\u00e3o do Senhor e que se expressa na fraternidade&#8221;, ensinou.<\/p>\n<p>No final de sua exorta\u00e7\u00e3o, lembrou um dec\u00e1logo do ent\u00e3o Ministro Geral Jos\u00e9 Rodr\u00edguez Carbalho, com virtudes ou atitudes ou ainda qualidades de um Ministro:<\/p>\n<p><img loading=\"lazy\" class=\"alignleft size-full wp-image-102698\" src=\"http:\/\/franciscanos.org.br\/wp-content\/uploads\/2016\/01\/alto28.jpg\" alt=\"alto2\" width=\"318\" height=\"500\" \/><\/p>\n<ol>\n<li><strong> Ser homem de Deus<\/strong>. Voc\u00ea j\u00e1 \u00e9, mas a gente est\u00e1 sempre a caminho.<\/li>\n<li><strong> Sentir-se em caminho<\/strong>, como Jesus Ressuscitado com os disc\u00edpulos de Ema\u00fas. \u00c9 preciso ajudar os irm\u00e3os a descobrir a novidade e a surpresa que Deus realiza.<\/li>\n<li><strong> Ser livre,<\/strong> servindo a todos, sem deixar-se manipular por grupos, tendo sempre o Evangelho, a Regra e o bem dos irm\u00e3os como crit\u00e9rio maior. Ser tudo para todos, como diz S\u00e3o Paulo.<\/li>\n<li><strong> Ser homem de escuta e di\u00e1logo<\/strong>. Este \u00e9 um dos minist\u00e9rios mais importantes que o ministro pode e deve exercer. Muita coisa pode ser delegada, mas a visita, a proximidade e a escuta dos irm\u00e3os n\u00e3o \u00e9 deleg\u00e1vel.<\/li>\n<li><strong> Ser homem misericordioso<\/strong>. Voc\u00ea foi eleito no Ano da Miseric\u00f3rdia. E nosso ser\u00e1fico Pai S\u00e3o Francisco, na sua carta a um Ministro, exorta: &#8220;N\u00e3o haja no mundo irm\u00e3o que pecar, o quanto puder pecar, que, ap\u00f3s ter visto teus olhos, nunca se afaste sem a tua miseric\u00f3rdia\u201d.<\/li>\n<li><strong> Ser apaixonado<\/strong>. Apaixonado pela vida franciscana e pela miss\u00e3o franciscana na Igreja e no mundo, lutando contra a mediocridade, a mundanidade e trabalhando pela revitaliza\u00e7\u00e3o do carisma em todas as suas manifesta\u00e7\u00f5es e possibilidades.<\/li>\n<li><strong> Ser cust\u00f3dio da esperan\u00e7a e sentinela da manh\u00e3<\/strong>. Em tempos de crise, se faz necess\u00e1rio pessoas que sonham, que testemunham a esperan\u00e7a e aponta para os sinais de um novo alvorecer.<\/li>\n<li><strong> Ser animador, sem descuidar do governo<\/strong>. O capital mais importante da Fraternidade provincial \u00e9 a pessoa do Irm\u00e3o, de cada Irm\u00e3o. Animar \u00e9 investir nos irm\u00e3os acima de tudo, sem descuidar das exig\u00eancias de governo e administra\u00e7\u00e3o.<\/li>\n<li><strong> Cuidar e investir muito na forma\u00e7\u00e3o permanente e inicial.<\/strong> Entre os v\u00e1rios meios, a Ordem se insiste especialmente na import\u00e2ncia do acompanhamento (personalizado, em fraternidade).<\/li>\n<li><strong> Trabalhar incansavelmente pela vitalidade mission\u00e1ria<\/strong> na vida dos irm\u00e3os e da Fraternidade em vista de uma Prov\u00edncia em sa\u00edda, acreditando muito na interprovincialidade, internacionalidade, etc.<\/li>\n<\/ol>\n<p>Ent\u00e3o, Frei Fid\u00eancio, &#8220;coragem, que Deus lhe d\u00ea for\u00e7as. Voc\u00ea pode contar com a for\u00e7a e com o dom e tamb\u00e9m pode contar com os irm\u00e3os. E que voc\u00ea se sinta assim com novas for\u00e7as e motiva\u00e7\u00e3o para assumir este servi\u00e7o e continuar assim, como fazia, com toda dedica\u00e7\u00e3o e com todo amor. Que Deus te aben\u00e7oe&#8221;, pediu Frei Nestor.<\/p>\n<p><img loading=\"lazy\" src=\"http:\/\/franciscanos.org.br\/wp-content\/uploads\/2016\/01\/alto53.jpg\" alt=\"alto5\" width=\"820\" height=\"547\" \/><\/p>\n<p>Depois da homilia do celebrante, Frei Fid\u00eancio fez sua profiss\u00e3o de f\u00e9 como Provincial eleito: &#8220;Eu, Frei Fid\u00eancio, firmemente creio e professo todos e cada um dos artigos contidos no s\u00edmbolo da f\u00e9, a saber: Creio em um s\u00f3 Deus, Todo-Poderoso (&#8230;) Tamb\u00e9m, firmemente aceito e guardo todas e cada uma das coisas referentes \u00e0 doutrina da f\u00e9 e costumes, quer sejam pela Igreja definidas por um solene pronunciamento, quer sejam sustentadas e declaradas pelo magist\u00e9rio ordin\u00e1rio &#8211; da maneira que pela mesma Igreja s\u00e3o propostas, principalmente aquilo que se refere ao minist\u00e9rio da Santa Igreja de Cristo, aos Sacramentos da mesma, ao Sacrif\u00edcio da Missa, e ao Primado do Romano Pont\u00edfice&#8221;. Depois veio o termo de compromisso com a Ordem e a Fraternidade Provincial e o momento de A\u00e7\u00e3o de Gra\u00e7as.<\/p>\n<p>A posse terminou com a b\u00ean\u00e7\u00e3o do Ministro eleito e o abra\u00e7o da paz. J\u00e1 n\u00e3o havia mais tens\u00e3o na face do novo Ministro, que n\u00e3o segurou mais as l\u00e1grimas&#8230; A noite desta quinta-feira, 21 de janeiro, terminou em festa no Semin\u00e1rio de Agudos.<\/p>\n<p><strong>\u00a0<\/strong><strong>Equipe de Comunica\u00e7\u00e3o do Cap\u00edtulo Provincial<\/strong><\/p>\n<p>IMAGENS DA POSSE (AS \u00daLTIMAS FOTOS S\u00c3O DOS CANDIDATOS DURANTE A ELEI\u00c7\u00c3O)<\/p>\n<p><img class=\"ngg_displayed_gallery mceItem\" src=\"http:\/\/franciscanos.org.br\/index.php\/nextgen-attach_to_post\/preview\/id--102705\" alt=\"\" \/><\/p>\n","protected":false},"excerpt":{"rendered":"<p>Cap\u00edtulo Provincial<\/p>\n","protected":false},"author":1,"featured_media":221247,"comment_status":"open","ping_status":"open","sticky":false,"template":"","format":"standard","meta":[],"categories":[1],"tags":[],"acf":[],"yoast_head":"<!-- This site is optimized with the Yoast SEO plugin v19.2 - https:\/\/yoast.com\/wordpress\/plugins\/seo\/ -->\n<title>Frei Fid\u00eancio toma posse como Ministro. Haja cora\u00e7\u00e3o! - Not\u00edcias - Franciscanos<\/title>\n<meta name=\"robots\" content=\"index, follow, max-snippet:-1, max-image-preview:large, max-video-preview:-1\" \/>\n<link rel=\"canonical\" href=\"https:\/\/franciscanos.org.br\/noticias\/frei-fidencio-toma-posse-haja-coracao.html\" \/>\n<meta property=\"og:locale\" content=\"pt_BR\" \/>\n<meta property=\"og:type\" content=\"article\" \/>\n<meta property=\"og:title\" content=\"Frei Fid\u00eancio toma posse como Ministro. Haja cora\u00e7\u00e3o! - Not\u00edcias - Franciscanos\" \/>\n<meta property=\"og:description\" content=\"Cap\u00edtulo Provincial\" \/>\n<meta property=\"og:url\" content=\"https:\/\/franciscanos.org.br\/noticias\/frei-fidencio-toma-posse-haja-coracao.html\" \/>\n<meta property=\"og:site_name\" content=\"Not\u00edcias - Franciscanos\" \/>\n<meta property=\"article:published_time\" content=\"2016-01-22T00:44:02+00:00\" \/>\n<meta property=\"article:modified_time\" content=\"2020-02-17T16:48:26+00:00\" \/>\n<meta property=\"og:image\" content=\"https:\/\/franciscanos.org.br\/noticias\/wp-content\/uploads\/2016\/01\/alto62.jpg\" \/>\n\t<meta property=\"og:image:width\" content=\"273\" \/>\n\t<meta property=\"og:image:height\" content=\"181\" \/>\n\t<meta property=\"og:image:type\" content=\"image\/jpeg\" \/>\n<meta name=\"author\" content=\"admin\" \/>\n<meta name=\"twitter:card\" content=\"summary_large_image\" \/>\n<meta name=\"twitter:label1\" content=\"Escrito por\" \/>\n\t<meta name=\"twitter:data1\" content=\"admin\" \/>\n\t<meta name=\"twitter:label2\" content=\"Est. tempo de leitura\" \/>\n\t<meta name=\"twitter:data2\" content=\"7 minutos\" \/>\n<script type=\"application\/ld+json\" class=\"yoast-schema-graph\">{\"@context\":\"https:\/\/schema.org\",\"@graph\":[{\"@type\":\"WebSite\",\"@id\":\"https:\/\/franciscanos.org.br\/noticias\/#website\",\"url\":\"https:\/\/franciscanos.org.br\/noticias\/\",\"name\":\"Not\u00edcias - Franciscanos\",\"description\":\"Prov\u00edncia Franciscana da Imaculada Concei\u00e7\u00e3o do Brasil - Ordem dos Frades Menores - OFM\",\"potentialAction\":[{\"@type\":\"SearchAction\",\"target\":{\"@type\":\"EntryPoint\",\"urlTemplate\":\"https:\/\/franciscanos.org.br\/noticias\/?s={search_term_string}\"},\"query-input\":\"required name=search_term_string\"}],\"inLanguage\":\"pt-BR\"},{\"@type\":\"ImageObject\",\"inLanguage\":\"pt-BR\",\"@id\":\"https:\/\/franciscanos.org.br\/noticias\/frei-fidencio-toma-posse-haja-coracao.html#primaryimage\",\"url\":\"https:\/\/franciscanos.org.br\/noticias\/wp-content\/uploads\/2016\/01\/alto62.jpg\",\"contentUrl\":\"https:\/\/franciscanos.org.br\/noticias\/wp-content\/uploads\/2016\/01\/alto62.jpg\",\"width\":273,\"height\":181},{\"@type\":\"WebPage\",\"@id\":\"https:\/\/franciscanos.org.br\/noticias\/frei-fidencio-toma-posse-haja-coracao.html#webpage\",\"url\":\"https:\/\/franciscanos.org.br\/noticias\/frei-fidencio-toma-posse-haja-coracao.html\",\"name\":\"Frei Fid\u00eancio toma posse como Ministro. Haja cora\u00e7\u00e3o! - Not\u00edcias - Franciscanos\",\"isPartOf\":{\"@id\":\"https:\/\/franciscanos.org.br\/noticias\/#website\"},\"primaryImageOfPage\":{\"@id\":\"https:\/\/franciscanos.org.br\/noticias\/frei-fidencio-toma-posse-haja-coracao.html#primaryimage\"},\"datePublished\":\"2016-01-22T00:44:02+00:00\",\"dateModified\":\"2020-02-17T16:48:26+00:00\",\"author\":{\"@id\":\"https:\/\/franciscanos.org.br\/noticias\/#\/schema\/person\/b38fbf43118f02820bd932f2e4b14ad3\"},\"breadcrumb\":{\"@id\":\"https:\/\/franciscanos.org.br\/noticias\/frei-fidencio-toma-posse-haja-coracao.html#breadcrumb\"},\"inLanguage\":\"pt-BR\",\"potentialAction\":[{\"@type\":\"ReadAction\",\"target\":[\"https:\/\/franciscanos.org.br\/noticias\/frei-fidencio-toma-posse-haja-coracao.html\"]}]},{\"@type\":\"BreadcrumbList\",\"@id\":\"https:\/\/franciscanos.org.br\/noticias\/frei-fidencio-toma-posse-haja-coracao.html#breadcrumb\",\"itemListElement\":[{\"@type\":\"ListItem\",\"position\":1,\"name\":\"Home\",\"item\":\"https:\/\/franciscanos.org.br\/noticias\"},{\"@type\":\"ListItem\",\"position\":2,\"name\":\"Frei Fid\u00eancio toma posse como Ministro. Haja cora\u00e7\u00e3o!\"}]},{\"@type\":\"Person\",\"@id\":\"https:\/\/franciscanos.org.br\/noticias\/#\/schema\/person\/b38fbf43118f02820bd932f2e4b14ad3\",\"name\":\"admin\",\"image\":{\"@type\":\"ImageObject\",\"inLanguage\":\"pt-BR\",\"@id\":\"https:\/\/franciscanos.org.br\/noticias\/#\/schema\/person\/image\/\",\"url\":\"https:\/\/secure.gravatar.com\/avatar\/e8495742d34d0ba6448ea1c628263b3e?s=96&d=mm&r=g\",\"contentUrl\":\"https:\/\/secure.gravatar.com\/avatar\/e8495742d34d0ba6448ea1c628263b3e?s=96&d=mm&r=g\",\"caption\":\"admin\"},\"url\":\"https:\/\/franciscanos.org.br\/noticias\/author\/admin\"}]}<\/script>\n<!-- \/ Yoast SEO plugin. -->","yoast_head_json":{"title":"Frei Fid\u00eancio toma posse como Ministro. Haja cora\u00e7\u00e3o! - Not\u00edcias - Franciscanos","robots":{"index":"index","follow":"follow","max-snippet":"max-snippet:-1","max-image-preview":"max-image-preview:large","max-video-preview":"max-video-preview:-1"},"canonical":"https:\/\/franciscanos.org.br\/noticias\/frei-fidencio-toma-posse-haja-coracao.html","og_locale":"pt_BR","og_type":"article","og_title":"Frei Fid\u00eancio toma posse como Ministro. Haja cora\u00e7\u00e3o! - Not\u00edcias - Franciscanos","og_description":"Cap\u00edtulo Provincial","og_url":"https:\/\/franciscanos.org.br\/noticias\/frei-fidencio-toma-posse-haja-coracao.html","og_site_name":"Not\u00edcias - Franciscanos","article_published_time":"2016-01-22T00:44:02+00:00","article_modified_time":"2020-02-17T16:48:26+00:00","og_image":[{"width":273,"height":181,"url":"https:\/\/franciscanos.org.br\/noticias\/wp-content\/uploads\/2016\/01\/alto62.jpg","type":"image\/jpeg"}],"author":"admin","twitter_card":"summary_large_image","twitter_misc":{"Escrito por":"admin","Est. tempo de leitura":"7 minutos"},"schema":{"@context":"https:\/\/schema.org","@graph":[{"@type":"WebSite","@id":"https:\/\/franciscanos.org.br\/noticias\/#website","url":"https:\/\/franciscanos.org.br\/noticias\/","name":"Not\u00edcias - Franciscanos","description":"Prov\u00edncia Franciscana da Imaculada Concei\u00e7\u00e3o do Brasil - Ordem dos Frades Menores - OFM","potentialAction":[{"@type":"SearchAction","target":{"@type":"EntryPoint","urlTemplate":"https:\/\/franciscanos.org.br\/noticias\/?s={search_term_string}"},"query-input":"required name=search_term_string"}],"inLanguage":"pt-BR"},{"@type":"ImageObject","inLanguage":"pt-BR","@id":"https:\/\/franciscanos.org.br\/noticias\/frei-fidencio-toma-posse-haja-coracao.html#primaryimage","url":"https:\/\/franciscanos.org.br\/noticias\/wp-content\/uploads\/2016\/01\/alto62.jpg","contentUrl":"https:\/\/franciscanos.org.br\/noticias\/wp-content\/uploads\/2016\/01\/alto62.jpg","width":273,"height":181},{"@type":"WebPage","@id":"https:\/\/franciscanos.org.br\/noticias\/frei-fidencio-toma-posse-haja-coracao.html#webpage","url":"https:\/\/franciscanos.org.br\/noticias\/frei-fidencio-toma-posse-haja-coracao.html","name":"Frei Fid\u00eancio toma posse como Ministro. Haja cora\u00e7\u00e3o! - Not\u00edcias - Franciscanos","isPartOf":{"@id":"https:\/\/franciscanos.org.br\/noticias\/#website"},"primaryImageOfPage":{"@id":"https:\/\/franciscanos.org.br\/noticias\/frei-fidencio-toma-posse-haja-coracao.html#primaryimage"},"datePublished":"2016-01-22T00:44:02+00:00","dateModified":"2020-02-17T16:48:26+00:00","author":{"@id":"https:\/\/franciscanos.org.br\/noticias\/#\/schema\/person\/b38fbf43118f02820bd932f2e4b14ad3"},"breadcrumb":{"@id":"https:\/\/franciscanos.org.br\/noticias\/frei-fidencio-toma-posse-haja-coracao.html#breadcrumb"},"inLanguage":"pt-BR","potentialAction":[{"@type":"ReadAction","target":["https:\/\/franciscanos.org.br\/noticias\/frei-fidencio-toma-posse-haja-coracao.html"]}]},{"@type":"BreadcrumbList","@id":"https:\/\/franciscanos.org.br\/noticias\/frei-fidencio-toma-posse-haja-coracao.html#breadcrumb","itemListElement":[{"@type":"ListItem","position":1,"name":"Home","item":"https:\/\/franciscanos.org.br\/noticias"},{"@type":"ListItem","position":2,"name":"Frei Fid\u00eancio toma posse como Ministro. Haja cora\u00e7\u00e3o!"}]},{"@type":"Person","@id":"https:\/\/franciscanos.org.br\/noticias\/#\/schema\/person\/b38fbf43118f02820bd932f2e4b14ad3","name":"admin","image":{"@type":"ImageObject","inLanguage":"pt-BR","@id":"https:\/\/franciscanos.org.br\/noticias\/#\/schema\/person\/image\/","url":"https:\/\/secure.gravatar.com\/avatar\/e8495742d34d0ba6448ea1c628263b3e?s=96&d=mm&r=g","contentUrl":"https:\/\/secure.gravatar.com\/avatar\/e8495742d34d0ba6448ea1c628263b3e?s=96&d=mm&r=g","caption":"admin"},"url":"https:\/\/franciscanos.org.br\/noticias\/author\/admin"}]}},"_links":{"self":[{"href":"https:\/\/franciscanos.org.br\/noticias\/wp-json\/wp\/v2\/posts\/102653"}],"collection":[{"href":"https:\/\/franciscanos.org.br\/noticias\/wp-json\/wp\/v2\/posts"}],"about":[{"href":"https:\/\/franciscanos.org.br\/noticias\/wp-json\/wp\/v2\/types\/post"}],"author":[{"embeddable":true,"href":"https:\/\/franciscanos.org.br\/noticias\/wp-json\/wp\/v2\/users\/1"}],"replies":[{"embeddable":true,"href":"https:\/\/franciscanos.org.br\/noticias\/wp-json\/wp\/v2\/comments?post=102653"}],"version-history":[{"count":0,"href":"https:\/\/franciscanos.org.br\/noticias\/wp-json\/wp\/v2\/posts\/102653\/revisions"}],"wp:featuredmedia":[{"embeddable":true,"href":"https:\/\/franciscanos.org.br\/noticias\/wp-json\/wp\/v2\/media\/221247"}],"wp:attachment":[{"href":"https:\/\/franciscanos.org.br\/noticias\/wp-json\/wp\/v2\/media?parent=102653"}],"wp:term":[{"taxonomy":"category","embeddable":true,"href":"https:\/\/franciscanos.org.br\/noticias\/wp-json\/wp\/v2\/categories?post=102653"},{"taxonomy":"post_tag","embeddable":true,"href":"https:\/\/franciscanos.org.br\/noticias\/wp-json\/wp\/v2\/tags?post=102653"}],"curies":[{"name":"wp","href":"https:\/\/api.w.org\/{rel}","templated":true}]}}