{"id":102631,"date":"2016-01-21T18:26:27","date_gmt":"2016-01-21T20:26:27","guid":{"rendered":"http:\/\/franciscanos.org.br\/?p=102631"},"modified":"2020-02-17T13:47:44","modified_gmt":"2020-02-17T16:47:44","slug":"frei-fidencio-e-reeleito-ministro-provincial","status":"publish","type":"post","link":"https:\/\/franciscanos.org.br\/noticias\/frei-fidencio-e-reeleito-ministro-provincial.html","title":{"rendered":"Frei Fid\u00eancio \u00e9 reeleito Ministro Provincial"},"content":{"rendered":"<p><img loading=\"lazy\" src=\"http:\/\/franciscanos.org.br\/wp-content\/uploads\/2016\/01\/cabe\u00e7o-principal1.jpg\" alt=\"cabe\u00e7o-principal\" width=\"820\" height=\"158\" \/><\/p>\n<p><img loading=\"lazy\" class=\"alignright size-full wp-image-102633\" src=\"http:\/\/franciscanos.org.br\/wp-content\/uploads\/2016\/01\/fidencio_g.jpg\" alt=\"fidencio_g\" width=\"407\" height=\"500\" \/>Numa elei\u00e7\u00e3o disputad\u00edssima, somente em terceiro escrut\u00ednio, foi reeleito nesta quinta-feira, 21 de janeiro, no Semin\u00e1rio Santo Ant\u00f4nio de Agudos (SP), Frei Fid\u00eancio Vanboemmel para o servi\u00e7o de Ministro Provincial da Prov\u00edncia Franciscana da Imaculada Concei\u00e7\u00e3o.<\/p>\n<p>A elei\u00e7\u00e3o come\u00e7ou \u00e0s 16h30 com a apura\u00e7\u00e3o dos votos de 272 frades que receberam as c\u00e9dulas antes de iniciar o Cap\u00edtulo com os cinco nomes homologados pela C\u00faria Geral dos Frades Menores, que s\u00e3o: Frei C\u00e9sar K\u00fclkamp, Frei Est\u00eav\u00e3o Ottenbreit, Frei Evaristo Spengler, Frei Fid\u00eancio Vanboemmel e Frei Paulo Pereira. Nesta apura\u00e7\u00e3o, n\u00e3o se conseguiu dois ter\u00e7os do total dos votos. A partir de ent\u00e3o, a elei\u00e7\u00e3o ficou na m\u00e3o dos capitulares. No primeiro escrut\u00ednio, de 143 votos dos capitulares, n\u00e3o se obteve a maioria absoluta dos votos (metade mais um). A elei\u00e7\u00e3o foi para o segundo escrut\u00ednio e novamente n\u00e3o se conseguiu a maioria absoluta. Em terceiro escrut\u00ednio, a elei\u00e7\u00e3o ficou para ser decidida entre os dois mais votados: Frei Fid\u00eancio com 67 votos e Frei Evaristo com 58 votos. Venceu Frei Fid\u00eancio com 82 votos contra 61 de Frei Evaristo, sendo um 01 nulo.<\/p>\n<p>Catarinense, natural da cidade de Santo Amaro da Imperatriz, Frei Fid\u00eancio tem 64 anos e h\u00e1 43 anos ingressou na Ordem Franciscana, quando vestiu o h\u00e1bito de S\u00e3o Francisco de Assis no dia 20 de janeiro de 1974. Professou solenemente na Ordem dos Frades Menores no dia 2 de agosto de 1978 e foi ordenado presb\u00edtero no dia 14 de dezembro de 1979. &#8220;Sou filho de agricultores, voltados para o \u00e1rduo trabalho. Dos pais aprendi a disciplina, o rigor, a ternura e a f\u00e9. Depois, a minha vida foi se moldando dentro da Prov\u00edncia, como seminarista e frade. Ao me formar dentro da Prov\u00edncia, tamb\u00e9m adquiri o seu rosto, principalmente a forma\u00e7\u00e3o que recebi dos meus mestres e irm\u00e3os&#8221;, define-se.<\/p>\n<p>Durante 23 anos, Frei Fid\u00eancio trabalhou na forma\u00e7\u00e3o franciscana at\u00e9 ser eleito Ministro Provincial no Cap\u00edtulo Provincial de 2009. &#8220;Ao terminar a teologia em Petr\u00f3polis eu era candidato a trabalhar numa casa de forma\u00e7\u00e3o da Prov\u00edncia. Na \u00e9poca conversei com o Ministro Provincial, Frei Bas\u00edlio Prim, suplicando para fazer uma experi\u00eancia pastoral para ajudar a vencer a timidez. Fui ent\u00e3o transferido para a Par\u00f3quia de Campos do Jord\u00e3o, no in\u00edcio de 1981 e l\u00e1 permaneci at\u00e9 1985. Depois, a partir de 1986, come\u00e7ou minha trajet\u00f3ria como formador: meio ano em Lages, 1 ano e meio em Petr\u00f3polis, 2 anos de estudos em Roma em vista da forma\u00e7\u00e3o, 7 anos em Rondinha, 3 anos em Guaratinguet\u00e1 e nos \u00faltimos 9 anos mestre em Rodeio&#8221;.<\/p>\n<p>Na sua \u00faltima entrevista, antes deste Cap\u00edtulo, ao fazer uma presta\u00e7\u00e3o de contas de seu governo, deu um parecer do servi\u00e7o de Ministro Provincial: &#8220;Creio firmemente que este servi\u00e7o \u00e0 Prov\u00edncia seria imposs\u00edvel sem a confian\u00e7a na Gra\u00e7a de Deus. Os muitos questionamentos que a gente se fez, n\u00e3o diferentes dos questionamentos de Maria Sant\u00edssima (Como pode? Como vai ser? Como, se eu n\u00e3o conhe\u00e7o? Etc.), principalmente os que me surpreendiam neste \u2018encargo de lavar os p\u00e9s\u2019, se tivesse de respond\u00ea-los somente a partir da minha fragilidade humana, as respostas seriam uma desgra\u00e7a para a Fraternidade Provincial. Portanto, como outrora para Maria, hoje tamb\u00e9m para o Ministro: sem a gra\u00e7a de Deus, imposs\u00edvel!&#8221;<\/p>\n","protected":false},"excerpt":{"rendered":"<p>Cap\u00edtulo Provincial<\/p>\n","protected":false},"author":1,"featured_media":221245,"comment_status":"open","ping_status":"open","sticky":false,"template":"","format":"standard","meta":[],"categories":[1],"tags":[],"acf":[],"yoast_head":"<!-- This site is optimized with the Yoast SEO plugin v19.2 - https:\/\/yoast.com\/wordpress\/plugins\/seo\/ -->\n<title>Frei Fid\u00eancio \u00e9 reeleito Ministro Provincial - Not\u00edcias - Franciscanos<\/title>\n<meta name=\"robots\" content=\"index, follow, max-snippet:-1, max-image-preview:large, max-video-preview:-1\" \/>\n<link rel=\"canonical\" href=\"https:\/\/franciscanos.org.br\/noticias\/frei-fidencio-e-reeleito-ministro-provincial.html\" \/>\n<meta property=\"og:locale\" content=\"pt_BR\" \/>\n<meta property=\"og:type\" content=\"article\" \/>\n<meta property=\"og:title\" content=\"Frei Fid\u00eancio \u00e9 reeleito Ministro Provincial - Not\u00edcias - Franciscanos\" \/>\n<meta property=\"og:description\" content=\"Cap\u00edtulo Provincial\" \/>\n<meta property=\"og:url\" content=\"https:\/\/franciscanos.org.br\/noticias\/frei-fidencio-e-reeleito-ministro-provincial.html\" \/>\n<meta property=\"og:site_name\" content=\"Not\u00edcias - Franciscanos\" \/>\n<meta property=\"article:published_time\" content=\"2016-01-21T20:26:27+00:00\" \/>\n<meta property=\"article:modified_time\" content=\"2020-02-17T16:47:44+00:00\" \/>\n<meta property=\"og:image\" content=\"https:\/\/franciscanos.org.br\/noticias\/wp-content\/uploads\/2016\/01\/fidencio_g.jpg\" \/>\n\t<meta property=\"og:image:width\" content=\"273\" \/>\n\t<meta property=\"og:image:height\" content=\"181\" \/>\n\t<meta property=\"og:image:type\" content=\"image\/jpeg\" \/>\n<meta name=\"author\" content=\"admin\" \/>\n<meta name=\"twitter:card\" content=\"summary_large_image\" \/>\n<meta name=\"twitter:label1\" content=\"Escrito por\" \/>\n\t<meta name=\"twitter:data1\" content=\"admin\" \/>\n\t<meta name=\"twitter:label2\" content=\"Est. tempo de leitura\" \/>\n\t<meta name=\"twitter:data2\" content=\"3 minutos\" \/>\n<script type=\"application\/ld+json\" class=\"yoast-schema-graph\">{\"@context\":\"https:\/\/schema.org\",\"@graph\":[{\"@type\":\"WebSite\",\"@id\":\"https:\/\/franciscanos.org.br\/noticias\/#website\",\"url\":\"https:\/\/franciscanos.org.br\/noticias\/\",\"name\":\"Not\u00edcias - Franciscanos\",\"description\":\"Prov\u00edncia Franciscana da Imaculada Concei\u00e7\u00e3o do Brasil - Ordem dos Frades Menores - OFM\",\"potentialAction\":[{\"@type\":\"SearchAction\",\"target\":{\"@type\":\"EntryPoint\",\"urlTemplate\":\"https:\/\/franciscanos.org.br\/noticias\/?s={search_term_string}\"},\"query-input\":\"required name=search_term_string\"}],\"inLanguage\":\"pt-BR\"},{\"@type\":\"ImageObject\",\"inLanguage\":\"pt-BR\",\"@id\":\"https:\/\/franciscanos.org.br\/noticias\/frei-fidencio-e-reeleito-ministro-provincial.html#primaryimage\",\"url\":\"https:\/\/franciscanos.org.br\/noticias\/wp-content\/uploads\/2016\/01\/fidencio_g.jpg\",\"contentUrl\":\"https:\/\/franciscanos.org.br\/noticias\/wp-content\/uploads\/2016\/01\/fidencio_g.jpg\",\"width\":273,\"height\":181},{\"@type\":\"WebPage\",\"@id\":\"https:\/\/franciscanos.org.br\/noticias\/frei-fidencio-e-reeleito-ministro-provincial.html#webpage\",\"url\":\"https:\/\/franciscanos.org.br\/noticias\/frei-fidencio-e-reeleito-ministro-provincial.html\",\"name\":\"Frei Fid\u00eancio \u00e9 reeleito Ministro Provincial - Not\u00edcias - Franciscanos\",\"isPartOf\":{\"@id\":\"https:\/\/franciscanos.org.br\/noticias\/#website\"},\"primaryImageOfPage\":{\"@id\":\"https:\/\/franciscanos.org.br\/noticias\/frei-fidencio-e-reeleito-ministro-provincial.html#primaryimage\"},\"datePublished\":\"2016-01-21T20:26:27+00:00\",\"dateModified\":\"2020-02-17T16:47:44+00:00\",\"author\":{\"@id\":\"https:\/\/franciscanos.org.br\/noticias\/#\/schema\/person\/b38fbf43118f02820bd932f2e4b14ad3\"},\"breadcrumb\":{\"@id\":\"https:\/\/franciscanos.org.br\/noticias\/frei-fidencio-e-reeleito-ministro-provincial.html#breadcrumb\"},\"inLanguage\":\"pt-BR\",\"potentialAction\":[{\"@type\":\"ReadAction\",\"target\":[\"https:\/\/franciscanos.org.br\/noticias\/frei-fidencio-e-reeleito-ministro-provincial.html\"]}]},{\"@type\":\"BreadcrumbList\",\"@id\":\"https:\/\/franciscanos.org.br\/noticias\/frei-fidencio-e-reeleito-ministro-provincial.html#breadcrumb\",\"itemListElement\":[{\"@type\":\"ListItem\",\"position\":1,\"name\":\"Home\",\"item\":\"https:\/\/franciscanos.org.br\/noticias\"},{\"@type\":\"ListItem\",\"position\":2,\"name\":\"Frei Fid\u00eancio \u00e9 reeleito Ministro Provincial\"}]},{\"@type\":\"Person\",\"@id\":\"https:\/\/franciscanos.org.br\/noticias\/#\/schema\/person\/b38fbf43118f02820bd932f2e4b14ad3\",\"name\":\"admin\",\"image\":{\"@type\":\"ImageObject\",\"inLanguage\":\"pt-BR\",\"@id\":\"https:\/\/franciscanos.org.br\/noticias\/#\/schema\/person\/image\/\",\"url\":\"https:\/\/secure.gravatar.com\/avatar\/e8495742d34d0ba6448ea1c628263b3e?s=96&d=mm&r=g\",\"contentUrl\":\"https:\/\/secure.gravatar.com\/avatar\/e8495742d34d0ba6448ea1c628263b3e?s=96&d=mm&r=g\",\"caption\":\"admin\"},\"url\":\"https:\/\/franciscanos.org.br\/noticias\/author\/admin\"}]}<\/script>\n<!-- \/ Yoast SEO plugin. -->","yoast_head_json":{"title":"Frei Fid\u00eancio \u00e9 reeleito Ministro Provincial - Not\u00edcias - Franciscanos","robots":{"index":"index","follow":"follow","max-snippet":"max-snippet:-1","max-image-preview":"max-image-preview:large","max-video-preview":"max-video-preview:-1"},"canonical":"https:\/\/franciscanos.org.br\/noticias\/frei-fidencio-e-reeleito-ministro-provincial.html","og_locale":"pt_BR","og_type":"article","og_title":"Frei Fid\u00eancio \u00e9 reeleito Ministro Provincial - Not\u00edcias - Franciscanos","og_description":"Cap\u00edtulo Provincial","og_url":"https:\/\/franciscanos.org.br\/noticias\/frei-fidencio-e-reeleito-ministro-provincial.html","og_site_name":"Not\u00edcias - Franciscanos","article_published_time":"2016-01-21T20:26:27+00:00","article_modified_time":"2020-02-17T16:47:44+00:00","og_image":[{"width":273,"height":181,"url":"https:\/\/franciscanos.org.br\/noticias\/wp-content\/uploads\/2016\/01\/fidencio_g.jpg","type":"image\/jpeg"}],"author":"admin","twitter_card":"summary_large_image","twitter_misc":{"Escrito por":"admin","Est. tempo de leitura":"3 minutos"},"schema":{"@context":"https:\/\/schema.org","@graph":[{"@type":"WebSite","@id":"https:\/\/franciscanos.org.br\/noticias\/#website","url":"https:\/\/franciscanos.org.br\/noticias\/","name":"Not\u00edcias - Franciscanos","description":"Prov\u00edncia Franciscana da Imaculada Concei\u00e7\u00e3o do Brasil - Ordem dos Frades Menores - OFM","potentialAction":[{"@type":"SearchAction","target":{"@type":"EntryPoint","urlTemplate":"https:\/\/franciscanos.org.br\/noticias\/?s={search_term_string}"},"query-input":"required name=search_term_string"}],"inLanguage":"pt-BR"},{"@type":"ImageObject","inLanguage":"pt-BR","@id":"https:\/\/franciscanos.org.br\/noticias\/frei-fidencio-e-reeleito-ministro-provincial.html#primaryimage","url":"https:\/\/franciscanos.org.br\/noticias\/wp-content\/uploads\/2016\/01\/fidencio_g.jpg","contentUrl":"https:\/\/franciscanos.org.br\/noticias\/wp-content\/uploads\/2016\/01\/fidencio_g.jpg","width":273,"height":181},{"@type":"WebPage","@id":"https:\/\/franciscanos.org.br\/noticias\/frei-fidencio-e-reeleito-ministro-provincial.html#webpage","url":"https:\/\/franciscanos.org.br\/noticias\/frei-fidencio-e-reeleito-ministro-provincial.html","name":"Frei Fid\u00eancio \u00e9 reeleito Ministro Provincial - Not\u00edcias - Franciscanos","isPartOf":{"@id":"https:\/\/franciscanos.org.br\/noticias\/#website"},"primaryImageOfPage":{"@id":"https:\/\/franciscanos.org.br\/noticias\/frei-fidencio-e-reeleito-ministro-provincial.html#primaryimage"},"datePublished":"2016-01-21T20:26:27+00:00","dateModified":"2020-02-17T16:47:44+00:00","author":{"@id":"https:\/\/franciscanos.org.br\/noticias\/#\/schema\/person\/b38fbf43118f02820bd932f2e4b14ad3"},"breadcrumb":{"@id":"https:\/\/franciscanos.org.br\/noticias\/frei-fidencio-e-reeleito-ministro-provincial.html#breadcrumb"},"inLanguage":"pt-BR","potentialAction":[{"@type":"ReadAction","target":["https:\/\/franciscanos.org.br\/noticias\/frei-fidencio-e-reeleito-ministro-provincial.html"]}]},{"@type":"BreadcrumbList","@id":"https:\/\/franciscanos.org.br\/noticias\/frei-fidencio-e-reeleito-ministro-provincial.html#breadcrumb","itemListElement":[{"@type":"ListItem","position":1,"name":"Home","item":"https:\/\/franciscanos.org.br\/noticias"},{"@type":"ListItem","position":2,"name":"Frei Fid\u00eancio \u00e9 reeleito Ministro Provincial"}]},{"@type":"Person","@id":"https:\/\/franciscanos.org.br\/noticias\/#\/schema\/person\/b38fbf43118f02820bd932f2e4b14ad3","name":"admin","image":{"@type":"ImageObject","inLanguage":"pt-BR","@id":"https:\/\/franciscanos.org.br\/noticias\/#\/schema\/person\/image\/","url":"https:\/\/secure.gravatar.com\/avatar\/e8495742d34d0ba6448ea1c628263b3e?s=96&d=mm&r=g","contentUrl":"https:\/\/secure.gravatar.com\/avatar\/e8495742d34d0ba6448ea1c628263b3e?s=96&d=mm&r=g","caption":"admin"},"url":"https:\/\/franciscanos.org.br\/noticias\/author\/admin"}]}},"_links":{"self":[{"href":"https:\/\/franciscanos.org.br\/noticias\/wp-json\/wp\/v2\/posts\/102631"}],"collection":[{"href":"https:\/\/franciscanos.org.br\/noticias\/wp-json\/wp\/v2\/posts"}],"about":[{"href":"https:\/\/franciscanos.org.br\/noticias\/wp-json\/wp\/v2\/types\/post"}],"author":[{"embeddable":true,"href":"https:\/\/franciscanos.org.br\/noticias\/wp-json\/wp\/v2\/users\/1"}],"replies":[{"embeddable":true,"href":"https:\/\/franciscanos.org.br\/noticias\/wp-json\/wp\/v2\/comments?post=102631"}],"version-history":[{"count":0,"href":"https:\/\/franciscanos.org.br\/noticias\/wp-json\/wp\/v2\/posts\/102631\/revisions"}],"wp:featuredmedia":[{"embeddable":true,"href":"https:\/\/franciscanos.org.br\/noticias\/wp-json\/wp\/v2\/media\/221245"}],"wp:attachment":[{"href":"https:\/\/franciscanos.org.br\/noticias\/wp-json\/wp\/v2\/media?parent=102631"}],"wp:term":[{"taxonomy":"category","embeddable":true,"href":"https:\/\/franciscanos.org.br\/noticias\/wp-json\/wp\/v2\/categories?post=102631"},{"taxonomy":"post_tag","embeddable":true,"href":"https:\/\/franciscanos.org.br\/noticias\/wp-json\/wp\/v2\/tags?post=102631"}],"curies":[{"name":"wp","href":"https:\/\/api.w.org\/{rel}","templated":true}]}}