{"id":102310,"date":"2016-01-19T11:50:25","date_gmt":"2016-01-19T13:50:25","guid":{"rendered":"http:\/\/franciscanos.org.br\/?p=102310"},"modified":"2020-02-17T13:36:59","modified_gmt":"2020-02-17T16:36:59","slug":"frei-nestor-declara-aberto-o-capitulo-provincial","status":"publish","type":"post","link":"https:\/\/franciscanos.org.br\/noticias\/frei-nestor-declara-aberto-o-capitulo-provincial.html","title":{"rendered":"Frei Nestor declara aberto o Cap\u00edtulo Provincial"},"content":{"rendered":"<p><img loading=\"lazy\" src=\"http:\/\/franciscanos.org.br\/wp-content\/uploads\/2016\/01\/alto.jpg\" alt=\"alto\" width=\"820\" height=\"328\" \/><\/p>\n<p><strong>Agudos (SP)<\/strong> &#8211; &#8220;Declaro aberto o Cap\u00edtulo Provincial desta Prov\u00edncia da Imaculada Concei\u00e7\u00e3o no ano de 2016&#8221;. A declara\u00e7\u00e3o de Frei Nestor In\u00e1cio Schwerz ecoou pela bela capela do Semin\u00e1rio Santo Ant\u00f4nio de Agudos (SP) no encerramento da Celebra\u00e7\u00e3o Eucar\u00edstica na manh\u00e3 desta ter\u00e7a-feira (19\/01), dando in\u00edcio ao Cap\u00edtulo Provincial da Prov\u00edncia da Imaculada Concei\u00e7\u00e3o do Brasil. A celebra\u00e7\u00e3o, que reuniu 147 frades, foi presidida por Frei Nestor e concelebrada por Frei Fid\u00eancio Vanboemmel, o Ministro Provincial, que deu as boas vindas a todos; Frei Est\u00eav\u00e3o Ottenbreit, o Vig\u00e1rio Provincial, e o di\u00e1cono Frei Robson Scudela.<\/p>\n<p>Na sua homilia, ao referir-se ao Evangelho escolhido para a celebra\u00e7\u00e3o, Frei Nestor recordou que o tema do medo est\u00e1 muito presente no evangelho de Jo\u00e3o. &#8220;O medo dos judeus torna os disc\u00edpulos paralisados, fechados, hesitantes, cegos, sem a\u00e7\u00e3o, sem iniciativa. Poder\u00edamos nos perguntar, reunidos em Cap\u00edtulo nesta casa t\u00e3o grande, cercada de um maravilhoso ambiente natural e que marcou a vida de tantos capitulares, quais s\u00e3o os nossos medos no momento atual? Medo do mundo em profundas e r\u00e1pidas mudan\u00e7as? Medo desse tempo de crise? Medo de ter que rever e mudar aquilo que sempre est\u00e1vamos acostumados a fazer? Medo de sair rumo \u00e0s periferias? Medo diante da diminui\u00e7\u00e3o de n\u00famero e for\u00e7as da Prov\u00edncia? Medo do redimensionamento, da reestrutura\u00e7\u00e3o? Medo de transfer\u00eancias? Medo de que vai ser eleito o irm\u00e3o que eu n\u00e3o gostaria ou que n\u00e3o vai ser eleito aquele confrade que um certo grupo quer? Medo de decis\u00f5es que possam mexer com a nossa comodidade e seguran\u00e7a?&#8221;, questionou o presidente do Cap\u00edtulo e da celebra\u00e7\u00e3o.<\/p>\n<p><img loading=\"lazy\" src=\"http:\/\/franciscanos.org.br\/wp-content\/uploads\/2016\/01\/nestor.jpg\" alt=\"nestor\" width=\"820\" height=\"406\" \/><\/p>\n<p><em><strong>Frei Nestor, o celebrante e presidente do Cap\u00edtulo Provincial<\/strong><\/em><\/p>\n<p>Segundo o celebrante, os disc\u00edpulos tiveram de fazer um caminho de f\u00e9. &#8220;Alegraram-se com a presen\u00e7a do Senhor Ressuscitado e o reconheceram como aquele que foi pregado na cruz. Dele recebem a paz. A paz de Cristo \u00e9 o contr\u00e1rio do medo&#8221;, ensinou. &#8220;Os disc\u00edpulos se alegraram ao ver o Senhor. Nesta eucaristia queremos com alegria acolher o Senhor Crucificado e ressuscitado e nos tornar abertos para receber a paz. O Senhor estar\u00e1 conosco neste Cap\u00edtulo&#8221;, exortou, acrescentando: &#8220;A alegria e a paz, como dons do Cristo crucificado e ressuscitado, nos abrem e nos disp\u00f5em para a miss\u00e3o, para a evangeliza\u00e7\u00e3o como irm\u00e3os e menores&#8221;, disse, referindo-se ao tema deste Cap\u00edtulo: \u201cEvangelizar como Irm\u00e3os e Menores\u201d.<\/p>\n<p>&#8220;O tema do nosso Cap\u00edtulo, no esp\u00edrito do Ano Santo da Miseric\u00f3rdia, nos convida a fixar o nosso olhar em Jesus e acolher o seu sopro que nos comunica o seu Esp\u00edrito&#8221;,\u00a0 recordou Frei Nestor. &#8220;O VIII centen\u00e1rio do Perd\u00e3o de Assis, neste ano de 2016, refor\u00e7a em n\u00f3s, Frades Menores, o convite para que nos perdoemos e nos reconciliemos entre n\u00f3s e sejamos operadores de reconcilia\u00e7\u00e3o, de perd\u00e3o, de miseric\u00f3rdia, sob a a\u00e7\u00e3o do Esp\u00edrito&#8221;, pediu.<\/p>\n<p><img loading=\"lazy\" src=\"http:\/\/franciscanos.org.br\/wp-content\/uploads\/2016\/01\/alto25.jpg\" alt=\"alto2\" width=\"820\" height=\"323\" \/><\/p>\n<p>Referindo-se ao Ano da Vida Consagrada, que termina em fevereiro, citou a tr\u00edplice atitude dos seus objetivos: olhar o passado com gratid\u00e3o, acompanhada de convers\u00e3o &#8211; olhar o passado da rica hist\u00f3ria desta Prov\u00edncia e o passado que foi o \u00faltimo sex\u00eanio; viver o presente com paix\u00e3o, pois \u00e9 forte a crise que nos envolve nesse tempo, mas s\u00e3o muitas as possibilidades dentro das nossas cinco frentes de evangeliza\u00e7\u00e3o como irm\u00e3os e menores numa &#8220;Prov\u00edncia em sa\u00edda&#8221;; e abra\u00e7ar com esperan\u00e7a o futuro, n\u00e3o confiando tanto nas nossas for\u00e7as, mas na a\u00e7\u00e3o do Esp\u00edrito que tudo renova, que \u00e9 capaz de criar e recriar&#8221;, enfatizou.<\/p>\n<p>No final pediu sintonia ao Cap\u00edtulo da Ordem dos Frades Menores: &#8220;Somos chamados a sair rumo \u00e0s periferias, na dire\u00e7\u00e3o dos que est\u00e3o marginalizados, naqueles lugares onde as pessoas passam mais necessidades &#8211; seja muito longe, do outro lado do mundo &#8211; seja muito perto, quem sabe na mesma rua de nossa casa&#8221;.<\/p>\n<p>&#8220;O Esp\u00edrito Santo nos conduza neste Cap\u00edtulo, anime nossa conviv\u00eancia e nossos di\u00e1logos, acenda em n\u00f3s o fogo do amor da Trindade, impulsione nossas buscas por uma Fraternidade provincial evangelizadora nas v\u00e1rias frentes, nos torne cada vez mais Irm\u00e3os Menores&#8221;, concluiu.<\/p>\n<p><img loading=\"lazy\" src=\"http:\/\/franciscanos.org.br\/wp-content\/uploads\/2016\/01\/alto33.jpg\" alt=\"alto3\" width=\"820\" height=\"361\" \/><\/p>\n<p>\u00c0s 9h20, j\u00e1 na Sala Capitular, os capitulares se reuniram para aprovar o regimento do Cap\u00edtulo.\u00a0 Antes, pediram a b\u00ean\u00e7\u00e3o e as luzes do Esp\u00edrito Santo, cantando &#8220;Veni Creator&#8221;.<\/p>\n<p><strong>Equipe de Comunica\u00e7\u00e3o<\/strong><\/p>\n<p>IMAGENS DA CELEBRA\u00c7\u00c3O<\/p>\n<p><img class=\"ngg_displayed_gallery mceItem\" src=\"http:\/\/franciscanos.org.br\/index.php\/nextgen-attach_to_post\/preview\/id--102364\" alt=\"\" \/><\/p>\n<p>IMAGENS NA SALA CAPITULAR NO IN\u00cdCIO DOS TRABALHOS<\/p>\n<p><img class=\"ngg_displayed_gallery mceItem\" src=\"http:\/\/franciscanos.org.br\/index.php\/nextgen-attach_to_post\/preview\/id--102365\" alt=\"\" \/><\/p>\n<p>&nbsp;<\/p>\n","protected":false},"excerpt":{"rendered":"<p>Cap\u00edtulo Provincial<\/p>\n","protected":false},"author":1,"featured_media":221232,"comment_status":"open","ping_status":"open","sticky":false,"template":"","format":"standard","meta":[],"categories":[1],"tags":[],"acf":[],"yoast_head":"<!-- This site is optimized with the Yoast SEO plugin v19.2 - https:\/\/yoast.com\/wordpress\/plugins\/seo\/ -->\n<title>Frei Nestor declara aberto o Cap\u00edtulo Provincial - Not\u00edcias - Franciscanos<\/title>\n<meta name=\"robots\" content=\"index, follow, max-snippet:-1, max-image-preview:large, max-video-preview:-1\" \/>\n<link rel=\"canonical\" href=\"https:\/\/franciscanos.org.br\/noticias\/frei-nestor-declara-aberto-o-capitulo-provincial.html\" \/>\n<meta property=\"og:locale\" content=\"pt_BR\" \/>\n<meta property=\"og:type\" content=\"article\" \/>\n<meta property=\"og:title\" content=\"Frei Nestor declara aberto o Cap\u00edtulo Provincial - Not\u00edcias - Franciscanos\" \/>\n<meta property=\"og:description\" content=\"Cap\u00edtulo Provincial\" \/>\n<meta property=\"og:url\" content=\"https:\/\/franciscanos.org.br\/noticias\/frei-nestor-declara-aberto-o-capitulo-provincial.html\" \/>\n<meta property=\"og:site_name\" content=\"Not\u00edcias - Franciscanos\" \/>\n<meta property=\"article:published_time\" content=\"2016-01-19T13:50:25+00:00\" \/>\n<meta property=\"article:modified_time\" content=\"2020-02-17T16:36:59+00:00\" \/>\n<meta property=\"og:image\" content=\"https:\/\/franciscanos.org.br\/noticias\/wp-content\/uploads\/2016\/01\/alto-1.jpg\" \/>\n\t<meta property=\"og:image:width\" content=\"273\" \/>\n\t<meta property=\"og:image:height\" content=\"181\" \/>\n\t<meta property=\"og:image:type\" content=\"image\/jpeg\" \/>\n<meta name=\"author\" content=\"admin\" \/>\n<meta name=\"twitter:card\" content=\"summary_large_image\" \/>\n<meta name=\"twitter:label1\" content=\"Escrito por\" \/>\n\t<meta name=\"twitter:data1\" content=\"admin\" \/>\n\t<meta name=\"twitter:label2\" content=\"Est. tempo de leitura\" \/>\n\t<meta name=\"twitter:data2\" content=\"4 minutos\" \/>\n<script type=\"application\/ld+json\" class=\"yoast-schema-graph\">{\"@context\":\"https:\/\/schema.org\",\"@graph\":[{\"@type\":\"WebSite\",\"@id\":\"https:\/\/franciscanos.org.br\/noticias\/#website\",\"url\":\"https:\/\/franciscanos.org.br\/noticias\/\",\"name\":\"Not\u00edcias - Franciscanos\",\"description\":\"Prov\u00edncia Franciscana da Imaculada Concei\u00e7\u00e3o do Brasil - Ordem dos Frades Menores - OFM\",\"potentialAction\":[{\"@type\":\"SearchAction\",\"target\":{\"@type\":\"EntryPoint\",\"urlTemplate\":\"https:\/\/franciscanos.org.br\/noticias\/?s={search_term_string}\"},\"query-input\":\"required name=search_term_string\"}],\"inLanguage\":\"pt-BR\"},{\"@type\":\"ImageObject\",\"inLanguage\":\"pt-BR\",\"@id\":\"https:\/\/franciscanos.org.br\/noticias\/frei-nestor-declara-aberto-o-capitulo-provincial.html#primaryimage\",\"url\":\"https:\/\/franciscanos.org.br\/noticias\/wp-content\/uploads\/2016\/01\/alto-1.jpg\",\"contentUrl\":\"https:\/\/franciscanos.org.br\/noticias\/wp-content\/uploads\/2016\/01\/alto-1.jpg\",\"width\":273,\"height\":181},{\"@type\":\"WebPage\",\"@id\":\"https:\/\/franciscanos.org.br\/noticias\/frei-nestor-declara-aberto-o-capitulo-provincial.html#webpage\",\"url\":\"https:\/\/franciscanos.org.br\/noticias\/frei-nestor-declara-aberto-o-capitulo-provincial.html\",\"name\":\"Frei Nestor declara aberto o Cap\u00edtulo Provincial - Not\u00edcias - Franciscanos\",\"isPartOf\":{\"@id\":\"https:\/\/franciscanos.org.br\/noticias\/#website\"},\"primaryImageOfPage\":{\"@id\":\"https:\/\/franciscanos.org.br\/noticias\/frei-nestor-declara-aberto-o-capitulo-provincial.html#primaryimage\"},\"datePublished\":\"2016-01-19T13:50:25+00:00\",\"dateModified\":\"2020-02-17T16:36:59+00:00\",\"author\":{\"@id\":\"https:\/\/franciscanos.org.br\/noticias\/#\/schema\/person\/b38fbf43118f02820bd932f2e4b14ad3\"},\"breadcrumb\":{\"@id\":\"https:\/\/franciscanos.org.br\/noticias\/frei-nestor-declara-aberto-o-capitulo-provincial.html#breadcrumb\"},\"inLanguage\":\"pt-BR\",\"potentialAction\":[{\"@type\":\"ReadAction\",\"target\":[\"https:\/\/franciscanos.org.br\/noticias\/frei-nestor-declara-aberto-o-capitulo-provincial.html\"]}]},{\"@type\":\"BreadcrumbList\",\"@id\":\"https:\/\/franciscanos.org.br\/noticias\/frei-nestor-declara-aberto-o-capitulo-provincial.html#breadcrumb\",\"itemListElement\":[{\"@type\":\"ListItem\",\"position\":1,\"name\":\"Home\",\"item\":\"https:\/\/franciscanos.org.br\/noticias\"},{\"@type\":\"ListItem\",\"position\":2,\"name\":\"Frei Nestor declara aberto o Cap\u00edtulo Provincial\"}]},{\"@type\":\"Person\",\"@id\":\"https:\/\/franciscanos.org.br\/noticias\/#\/schema\/person\/b38fbf43118f02820bd932f2e4b14ad3\",\"name\":\"admin\",\"image\":{\"@type\":\"ImageObject\",\"inLanguage\":\"pt-BR\",\"@id\":\"https:\/\/franciscanos.org.br\/noticias\/#\/schema\/person\/image\/\",\"url\":\"https:\/\/secure.gravatar.com\/avatar\/e8495742d34d0ba6448ea1c628263b3e?s=96&d=mm&r=g\",\"contentUrl\":\"https:\/\/secure.gravatar.com\/avatar\/e8495742d34d0ba6448ea1c628263b3e?s=96&d=mm&r=g\",\"caption\":\"admin\"},\"url\":\"https:\/\/franciscanos.org.br\/noticias\/author\/admin\"}]}<\/script>\n<!-- \/ Yoast SEO plugin. -->","yoast_head_json":{"title":"Frei Nestor declara aberto o Cap\u00edtulo Provincial - Not\u00edcias - Franciscanos","robots":{"index":"index","follow":"follow","max-snippet":"max-snippet:-1","max-image-preview":"max-image-preview:large","max-video-preview":"max-video-preview:-1"},"canonical":"https:\/\/franciscanos.org.br\/noticias\/frei-nestor-declara-aberto-o-capitulo-provincial.html","og_locale":"pt_BR","og_type":"article","og_title":"Frei Nestor declara aberto o Cap\u00edtulo Provincial - Not\u00edcias - Franciscanos","og_description":"Cap\u00edtulo Provincial","og_url":"https:\/\/franciscanos.org.br\/noticias\/frei-nestor-declara-aberto-o-capitulo-provincial.html","og_site_name":"Not\u00edcias - Franciscanos","article_published_time":"2016-01-19T13:50:25+00:00","article_modified_time":"2020-02-17T16:36:59+00:00","og_image":[{"width":273,"height":181,"url":"https:\/\/franciscanos.org.br\/noticias\/wp-content\/uploads\/2016\/01\/alto-1.jpg","type":"image\/jpeg"}],"author":"admin","twitter_card":"summary_large_image","twitter_misc":{"Escrito por":"admin","Est. tempo de leitura":"4 minutos"},"schema":{"@context":"https:\/\/schema.org","@graph":[{"@type":"WebSite","@id":"https:\/\/franciscanos.org.br\/noticias\/#website","url":"https:\/\/franciscanos.org.br\/noticias\/","name":"Not\u00edcias - Franciscanos","description":"Prov\u00edncia Franciscana da Imaculada Concei\u00e7\u00e3o do Brasil - Ordem dos Frades Menores - OFM","potentialAction":[{"@type":"SearchAction","target":{"@type":"EntryPoint","urlTemplate":"https:\/\/franciscanos.org.br\/noticias\/?s={search_term_string}"},"query-input":"required name=search_term_string"}],"inLanguage":"pt-BR"},{"@type":"ImageObject","inLanguage":"pt-BR","@id":"https:\/\/franciscanos.org.br\/noticias\/frei-nestor-declara-aberto-o-capitulo-provincial.html#primaryimage","url":"https:\/\/franciscanos.org.br\/noticias\/wp-content\/uploads\/2016\/01\/alto-1.jpg","contentUrl":"https:\/\/franciscanos.org.br\/noticias\/wp-content\/uploads\/2016\/01\/alto-1.jpg","width":273,"height":181},{"@type":"WebPage","@id":"https:\/\/franciscanos.org.br\/noticias\/frei-nestor-declara-aberto-o-capitulo-provincial.html#webpage","url":"https:\/\/franciscanos.org.br\/noticias\/frei-nestor-declara-aberto-o-capitulo-provincial.html","name":"Frei Nestor declara aberto o Cap\u00edtulo Provincial - Not\u00edcias - Franciscanos","isPartOf":{"@id":"https:\/\/franciscanos.org.br\/noticias\/#website"},"primaryImageOfPage":{"@id":"https:\/\/franciscanos.org.br\/noticias\/frei-nestor-declara-aberto-o-capitulo-provincial.html#primaryimage"},"datePublished":"2016-01-19T13:50:25+00:00","dateModified":"2020-02-17T16:36:59+00:00","author":{"@id":"https:\/\/franciscanos.org.br\/noticias\/#\/schema\/person\/b38fbf43118f02820bd932f2e4b14ad3"},"breadcrumb":{"@id":"https:\/\/franciscanos.org.br\/noticias\/frei-nestor-declara-aberto-o-capitulo-provincial.html#breadcrumb"},"inLanguage":"pt-BR","potentialAction":[{"@type":"ReadAction","target":["https:\/\/franciscanos.org.br\/noticias\/frei-nestor-declara-aberto-o-capitulo-provincial.html"]}]},{"@type":"BreadcrumbList","@id":"https:\/\/franciscanos.org.br\/noticias\/frei-nestor-declara-aberto-o-capitulo-provincial.html#breadcrumb","itemListElement":[{"@type":"ListItem","position":1,"name":"Home","item":"https:\/\/franciscanos.org.br\/noticias"},{"@type":"ListItem","position":2,"name":"Frei Nestor declara aberto o Cap\u00edtulo Provincial"}]},{"@type":"Person","@id":"https:\/\/franciscanos.org.br\/noticias\/#\/schema\/person\/b38fbf43118f02820bd932f2e4b14ad3","name":"admin","image":{"@type":"ImageObject","inLanguage":"pt-BR","@id":"https:\/\/franciscanos.org.br\/noticias\/#\/schema\/person\/image\/","url":"https:\/\/secure.gravatar.com\/avatar\/e8495742d34d0ba6448ea1c628263b3e?s=96&d=mm&r=g","contentUrl":"https:\/\/secure.gravatar.com\/avatar\/e8495742d34d0ba6448ea1c628263b3e?s=96&d=mm&r=g","caption":"admin"},"url":"https:\/\/franciscanos.org.br\/noticias\/author\/admin"}]}},"_links":{"self":[{"href":"https:\/\/franciscanos.org.br\/noticias\/wp-json\/wp\/v2\/posts\/102310"}],"collection":[{"href":"https:\/\/franciscanos.org.br\/noticias\/wp-json\/wp\/v2\/posts"}],"about":[{"href":"https:\/\/franciscanos.org.br\/noticias\/wp-json\/wp\/v2\/types\/post"}],"author":[{"embeddable":true,"href":"https:\/\/franciscanos.org.br\/noticias\/wp-json\/wp\/v2\/users\/1"}],"replies":[{"embeddable":true,"href":"https:\/\/franciscanos.org.br\/noticias\/wp-json\/wp\/v2\/comments?post=102310"}],"version-history":[{"count":0,"href":"https:\/\/franciscanos.org.br\/noticias\/wp-json\/wp\/v2\/posts\/102310\/revisions"}],"wp:featuredmedia":[{"embeddable":true,"href":"https:\/\/franciscanos.org.br\/noticias\/wp-json\/wp\/v2\/media\/221232"}],"wp:attachment":[{"href":"https:\/\/franciscanos.org.br\/noticias\/wp-json\/wp\/v2\/media?parent=102310"}],"wp:term":[{"taxonomy":"category","embeddable":true,"href":"https:\/\/franciscanos.org.br\/noticias\/wp-json\/wp\/v2\/categories?post=102310"},{"taxonomy":"post_tag","embeddable":true,"href":"https:\/\/franciscanos.org.br\/noticias\/wp-json\/wp\/v2\/tags?post=102310"}],"curies":[{"name":"wp","href":"https:\/\/api.w.org\/{rel}","templated":true}]}}