{"id":10215,"date":"2012-01-02T20:17:49","date_gmt":"2012-01-02T22:17:49","guid":{"rendered":"http:\/\/new.franciscanos.org.br\/?p=10215"},"modified":"2019-09-13T12:44:21","modified_gmt":"2019-09-13T15:44:21","slug":"o-menino-jesus-que-nasce-em-angola","status":"publish","type":"post","link":"https:\/\/franciscanos.org.br\/noticias\/o-menino-jesus-que-nasce-em-angola.html","title":{"rendered":"O menino Jesus que nasce em Angola"},"content":{"rendered":"<p><a href=\"http:\/\/franciscanos.org.br\/wp-content\/uploads\/2012\/01\/angola_2_g020112.jpg\"><br \/>\n<img loading=\"lazy\" class=\"alignright size-full wp-image-10216\" title=\"Pres\u00e9pio angolano\" src=\"http:\/\/franciscanos.org.br\/wp-content\/uploads\/2012\/01\/angola_2_g020112.jpg\" alt=\"\" width=\"400\" height=\"266\" \/><\/a>Na noite do dia 24 de dezembro, as Igrejas de todo o mundo se enchem de alegria, com cantos festivos anunciando a chegado do Menino Deus. Jesus Cristo, o Filho de Deus, encarnou-se para nossa salva\u00e7\u00e3o. Certamente, o menino que nasceu em Bel\u00e9m, naquela noite estrelada, por\u00e9m fria, continua nascendo cotidianamente em nossos cora\u00e7\u00f5es, em nossos pa\u00edses. O menino Jesus nasceu e ainda continua a nascer em Angola.<\/p>\n<p>O Menino Jesus que nasce em Angola n\u00e3o \u00e9 diferente daquele que nasce no Jap\u00e3o, com os olhos puxados; que nasce no Brasil, ao som do samba; que nasce em Roma, com toda a solenidade romana; que nasce em Bel\u00e9m. O Menino Jesus que nasce em Angola tem a cor de seu povo: \u00e9 negro, tem um sorriso simp\u00e1tico, \u00e9 alegre. Assim como o povo angolano, ele \u00e9 cheio de esperan\u00e7a. J\u00e1, ao nascer, ele abre os olhos e aben\u00e7oa o povo que sofre.<\/p>\n<p>O mi\u00fado Jesus n\u00e3o nasceu numa Igreja cheia de luzes, com pisca-pisca moderno, ou mesmo numa Igreja repleta de bancos esculpidos e ch\u00e3o de m\u00e1rmore. Jesus angolano nasceu numa Igreja sim, por\u00e9m na Igreja Povo de Deus, ao som dos c\u00e2nticos entoados nas diversas l\u00ednguas &#8211; huambo, kimbundo, kicongo, fiote -, em um coro e acompanhados com a for\u00e7a dos pulm\u00f5es de uma multid\u00e3o de fi\u00e9is, no ritmo dos tambores.<\/p>\n<p>O Menino Jesus que nasceu em Angola trouxe for\u00e7a, paz, amor e, sobretudo, a esperan\u00e7a a um povo que deseja um mundo irm\u00e3o. Eu sou testemunha de que na noite do nascimento vi um mar de gente, homens, mulheres, idosos, crian\u00e7as e jovens. O espa\u00e7o f\u00edsico onde nasceria o Menino Deus, aos poucos, \u00a0tornou-se Igreja. Aos poucos, as mamas, revestidas com os melhores e mais bonitos panos envoltos em suas cinturas, com outros panos na cabe\u00e7a e no peito, traziam em suas costas seus mi\u00fados amarrados. Os papas tamb\u00e9m se juntavam \u00e0 noite do nascimento com suas melhores roupas. Muitos homens trajavam seus mais finos factos (ternos). Os filhos, juntos aos seus pais, estavam vestidos com roupas novas, compradas com o suor das mamas nas pra\u00e7as e lavras. Tudo isso para ver o menino Jesus nascer em Angola naquele humilde templo, que ent\u00e3o se transformou em pal\u00e1cio do Grande Rei.<\/p>\n<p><a href=\"http:\/\/franciscanos.org.br\/wp-content\/uploads\/2012\/01\/angola_g020112.jpg\"><img loading=\"lazy\" class=\"alignleft size-full wp-image-10217\" title=\"angola_g020112\" src=\"http:\/\/franciscanos.org.br\/wp-content\/uploads\/2012\/01\/angola_g020112.jpg\" alt=\"\" width=\"400\" height=\"266\" \/><\/a>O menino Jesus nasceu em Angola numa noite escura, a \u00fanica luz era a f\u00e9 do povo. Esta luz irradiou transforma\u00e7\u00e3o no espa\u00e7o f\u00edsico, no bairro, na cidade, na prov\u00edncia e no pa\u00eds. Por\u00e9m, esta transforma\u00e7\u00e3o, que nasceu junto com o menino Deus negro, provocou nos cora\u00e7\u00f5es dos presentes uma mudan\u00e7a e germinou a paz, que se irradiar\u00e1 por onde forem.<\/p>\n<p>Um povo que sofreu com 30 anos de guerra, dentro de seu pa\u00eds, vai se levantando e edificando a paz. No lugar de canh\u00f5es, flores; no lugar de acampamentos de guerra, pra\u00e7as. No entanto, o futuro est\u00e1 por vir, trazendo melhores condi\u00e7\u00f5es. Ainda falta luz, \u00e1gua, n\u00e3o porque n\u00e3o tem, mas pela m\u00e1 distribui\u00e7\u00e3o. Por isso, afirmo o menino que nasce em Angola, em seu cora\u00e7\u00e3o, vem trazendo a esperan\u00e7a de igualdade, de condi\u00e7\u00f5es mais humanas.<\/p>\n<p>Se em outros pa\u00edses o menino nasce em ber\u00e7os espl\u00eandidos, aqui o \u201cMi\u00fado\u201d de Maria nasce sobre um pano que a mama estendeu no ch\u00e3o. Mas, nem por isso, o Natal em Angola foi diferente dos demais locais do mundo. O Natal em Angola, naquela Igreja com oito bicos de luz, tocados pela energia de um pequeno gerador, foi celebrado com o cora\u00e7\u00e3o e com a alma.<\/p>\n<p>Nunca havia presenciado tamanha alegria. Se Francisco de Assis estivesse aqui, vivo, ficaria extasiado com a alegria de um povo que, para al\u00e9m dos sofrimentos, vibra com o nascimento do Sumo Bem, do Deus Menino!<\/p>\n<p>&nbsp;<\/p>\n","protected":false},"excerpt":{"rendered":"<p>Miss\u00e3o<\/p>\n","protected":false},"author":1,"featured_media":210844,"comment_status":"closed","ping_status":"open","sticky":false,"template":"","format":"standard","meta":[],"categories":[1],"tags":[109,122,78],"acf":[],"yoast_head":"<!-- This site is optimized with the Yoast SEO plugin v19.2 - https:\/\/yoast.com\/wordpress\/plugins\/seo\/ -->\n<title>O menino Jesus que nasce em Angola - Not\u00edcias - Franciscanos<\/title>\n<meta name=\"robots\" content=\"index, follow, max-snippet:-1, max-image-preview:large, max-video-preview:-1\" \/>\n<link rel=\"canonical\" href=\"https:\/\/franciscanos.org.br\/noticias\/o-menino-jesus-que-nasce-em-angola.html\" \/>\n<meta property=\"og:locale\" content=\"pt_BR\" \/>\n<meta property=\"og:type\" content=\"article\" \/>\n<meta property=\"og:title\" content=\"O menino Jesus que nasce em Angola - Not\u00edcias - Franciscanos\" \/>\n<meta property=\"og:description\" content=\"Miss\u00e3o\" \/>\n<meta property=\"og:url\" content=\"https:\/\/franciscanos.org.br\/noticias\/o-menino-jesus-que-nasce-em-angola.html\" \/>\n<meta property=\"og:site_name\" content=\"Not\u00edcias - Franciscanos\" \/>\n<meta property=\"article:published_time\" content=\"2012-01-02T22:17:49+00:00\" \/>\n<meta property=\"article:modified_time\" content=\"2019-09-13T15:44:21+00:00\" \/>\n<meta property=\"og:image\" content=\"https:\/\/franciscanos.org.br\/noticias\/wp-content\/uploads\/2012\/01\/angola_2_g020112.jpg\" \/>\n\t<meta property=\"og:image:width\" content=\"273\" \/>\n\t<meta property=\"og:image:height\" content=\"182\" \/>\n\t<meta property=\"og:image:type\" content=\"image\/jpeg\" \/>\n<meta name=\"author\" content=\"admin\" \/>\n<meta name=\"twitter:card\" content=\"summary_large_image\" \/>\n<meta name=\"twitter:label1\" content=\"Escrito por\" \/>\n\t<meta name=\"twitter:data1\" content=\"admin\" \/>\n\t<meta name=\"twitter:label2\" content=\"Est. tempo de leitura\" \/>\n\t<meta name=\"twitter:data2\" content=\"3 minutos\" \/>\n<script type=\"application\/ld+json\" class=\"yoast-schema-graph\">{\"@context\":\"https:\/\/schema.org\",\"@graph\":[{\"@type\":\"WebSite\",\"@id\":\"https:\/\/franciscanos.org.br\/noticias\/#website\",\"url\":\"https:\/\/franciscanos.org.br\/noticias\/\",\"name\":\"Not\u00edcias - Franciscanos\",\"description\":\"Prov\u00edncia Franciscana da Imaculada Concei\u00e7\u00e3o do Brasil - Ordem dos Frades Menores - OFM\",\"potentialAction\":[{\"@type\":\"SearchAction\",\"target\":{\"@type\":\"EntryPoint\",\"urlTemplate\":\"https:\/\/franciscanos.org.br\/noticias\/?s={search_term_string}\"},\"query-input\":\"required name=search_term_string\"}],\"inLanguage\":\"pt-BR\"},{\"@type\":\"ImageObject\",\"inLanguage\":\"pt-BR\",\"@id\":\"https:\/\/franciscanos.org.br\/noticias\/o-menino-jesus-que-nasce-em-angola.html#primaryimage\",\"url\":\"https:\/\/franciscanos.org.br\/noticias\/wp-content\/uploads\/2012\/01\/angola_2_g020112.jpg\",\"contentUrl\":\"https:\/\/franciscanos.org.br\/noticias\/wp-content\/uploads\/2012\/01\/angola_2_g020112.jpg\",\"width\":273,\"height\":182},{\"@type\":\"WebPage\",\"@id\":\"https:\/\/franciscanos.org.br\/noticias\/o-menino-jesus-que-nasce-em-angola.html#webpage\",\"url\":\"https:\/\/franciscanos.org.br\/noticias\/o-menino-jesus-que-nasce-em-angola.html\",\"name\":\"O menino Jesus que nasce em Angola - Not\u00edcias - Franciscanos\",\"isPartOf\":{\"@id\":\"https:\/\/franciscanos.org.br\/noticias\/#website\"},\"primaryImageOfPage\":{\"@id\":\"https:\/\/franciscanos.org.br\/noticias\/o-menino-jesus-que-nasce-em-angola.html#primaryimage\"},\"datePublished\":\"2012-01-02T22:17:49+00:00\",\"dateModified\":\"2019-09-13T15:44:21+00:00\",\"author\":{\"@id\":\"https:\/\/franciscanos.org.br\/noticias\/#\/schema\/person\/b38fbf43118f02820bd932f2e4b14ad3\"},\"breadcrumb\":{\"@id\":\"https:\/\/franciscanos.org.br\/noticias\/o-menino-jesus-que-nasce-em-angola.html#breadcrumb\"},\"inLanguage\":\"pt-BR\",\"potentialAction\":[{\"@type\":\"ReadAction\",\"target\":[\"https:\/\/franciscanos.org.br\/noticias\/o-menino-jesus-que-nasce-em-angola.html\"]}]},{\"@type\":\"BreadcrumbList\",\"@id\":\"https:\/\/franciscanos.org.br\/noticias\/o-menino-jesus-que-nasce-em-angola.html#breadcrumb\",\"itemListElement\":[{\"@type\":\"ListItem\",\"position\":1,\"name\":\"Home\",\"item\":\"https:\/\/franciscanos.org.br\/noticias\"},{\"@type\":\"ListItem\",\"position\":2,\"name\":\"O menino Jesus que nasce em Angola\"}]},{\"@type\":\"Person\",\"@id\":\"https:\/\/franciscanos.org.br\/noticias\/#\/schema\/person\/b38fbf43118f02820bd932f2e4b14ad3\",\"name\":\"admin\",\"image\":{\"@type\":\"ImageObject\",\"inLanguage\":\"pt-BR\",\"@id\":\"https:\/\/franciscanos.org.br\/noticias\/#\/schema\/person\/image\/\",\"url\":\"https:\/\/secure.gravatar.com\/avatar\/e8495742d34d0ba6448ea1c628263b3e?s=96&d=mm&r=g\",\"contentUrl\":\"https:\/\/secure.gravatar.com\/avatar\/e8495742d34d0ba6448ea1c628263b3e?s=96&d=mm&r=g\",\"caption\":\"admin\"},\"url\":\"https:\/\/franciscanos.org.br\/noticias\/author\/admin\"}]}<\/script>\n<!-- \/ Yoast SEO plugin. -->","yoast_head_json":{"title":"O menino Jesus que nasce em Angola - Not\u00edcias - Franciscanos","robots":{"index":"index","follow":"follow","max-snippet":"max-snippet:-1","max-image-preview":"max-image-preview:large","max-video-preview":"max-video-preview:-1"},"canonical":"https:\/\/franciscanos.org.br\/noticias\/o-menino-jesus-que-nasce-em-angola.html","og_locale":"pt_BR","og_type":"article","og_title":"O menino Jesus que nasce em Angola - Not\u00edcias - Franciscanos","og_description":"Miss\u00e3o","og_url":"https:\/\/franciscanos.org.br\/noticias\/o-menino-jesus-que-nasce-em-angola.html","og_site_name":"Not\u00edcias - Franciscanos","article_published_time":"2012-01-02T22:17:49+00:00","article_modified_time":"2019-09-13T15:44:21+00:00","og_image":[{"width":273,"height":182,"url":"https:\/\/franciscanos.org.br\/noticias\/wp-content\/uploads\/2012\/01\/angola_2_g020112.jpg","type":"image\/jpeg"}],"author":"admin","twitter_card":"summary_large_image","twitter_misc":{"Escrito por":"admin","Est. tempo de leitura":"3 minutos"},"schema":{"@context":"https:\/\/schema.org","@graph":[{"@type":"WebSite","@id":"https:\/\/franciscanos.org.br\/noticias\/#website","url":"https:\/\/franciscanos.org.br\/noticias\/","name":"Not\u00edcias - Franciscanos","description":"Prov\u00edncia Franciscana da Imaculada Concei\u00e7\u00e3o do Brasil - Ordem dos Frades Menores - OFM","potentialAction":[{"@type":"SearchAction","target":{"@type":"EntryPoint","urlTemplate":"https:\/\/franciscanos.org.br\/noticias\/?s={search_term_string}"},"query-input":"required name=search_term_string"}],"inLanguage":"pt-BR"},{"@type":"ImageObject","inLanguage":"pt-BR","@id":"https:\/\/franciscanos.org.br\/noticias\/o-menino-jesus-que-nasce-em-angola.html#primaryimage","url":"https:\/\/franciscanos.org.br\/noticias\/wp-content\/uploads\/2012\/01\/angola_2_g020112.jpg","contentUrl":"https:\/\/franciscanos.org.br\/noticias\/wp-content\/uploads\/2012\/01\/angola_2_g020112.jpg","width":273,"height":182},{"@type":"WebPage","@id":"https:\/\/franciscanos.org.br\/noticias\/o-menino-jesus-que-nasce-em-angola.html#webpage","url":"https:\/\/franciscanos.org.br\/noticias\/o-menino-jesus-que-nasce-em-angola.html","name":"O menino Jesus que nasce em Angola - Not\u00edcias - Franciscanos","isPartOf":{"@id":"https:\/\/franciscanos.org.br\/noticias\/#website"},"primaryImageOfPage":{"@id":"https:\/\/franciscanos.org.br\/noticias\/o-menino-jesus-que-nasce-em-angola.html#primaryimage"},"datePublished":"2012-01-02T22:17:49+00:00","dateModified":"2019-09-13T15:44:21+00:00","author":{"@id":"https:\/\/franciscanos.org.br\/noticias\/#\/schema\/person\/b38fbf43118f02820bd932f2e4b14ad3"},"breadcrumb":{"@id":"https:\/\/franciscanos.org.br\/noticias\/o-menino-jesus-que-nasce-em-angola.html#breadcrumb"},"inLanguage":"pt-BR","potentialAction":[{"@type":"ReadAction","target":["https:\/\/franciscanos.org.br\/noticias\/o-menino-jesus-que-nasce-em-angola.html"]}]},{"@type":"BreadcrumbList","@id":"https:\/\/franciscanos.org.br\/noticias\/o-menino-jesus-que-nasce-em-angola.html#breadcrumb","itemListElement":[{"@type":"ListItem","position":1,"name":"Home","item":"https:\/\/franciscanos.org.br\/noticias"},{"@type":"ListItem","position":2,"name":"O menino Jesus que nasce em Angola"}]},{"@type":"Person","@id":"https:\/\/franciscanos.org.br\/noticias\/#\/schema\/person\/b38fbf43118f02820bd932f2e4b14ad3","name":"admin","image":{"@type":"ImageObject","inLanguage":"pt-BR","@id":"https:\/\/franciscanos.org.br\/noticias\/#\/schema\/person\/image\/","url":"https:\/\/secure.gravatar.com\/avatar\/e8495742d34d0ba6448ea1c628263b3e?s=96&d=mm&r=g","contentUrl":"https:\/\/secure.gravatar.com\/avatar\/e8495742d34d0ba6448ea1c628263b3e?s=96&d=mm&r=g","caption":"admin"},"url":"https:\/\/franciscanos.org.br\/noticias\/author\/admin"}]}},"_links":{"self":[{"href":"https:\/\/franciscanos.org.br\/noticias\/wp-json\/wp\/v2\/posts\/10215"}],"collection":[{"href":"https:\/\/franciscanos.org.br\/noticias\/wp-json\/wp\/v2\/posts"}],"about":[{"href":"https:\/\/franciscanos.org.br\/noticias\/wp-json\/wp\/v2\/types\/post"}],"author":[{"embeddable":true,"href":"https:\/\/franciscanos.org.br\/noticias\/wp-json\/wp\/v2\/users\/1"}],"replies":[{"embeddable":true,"href":"https:\/\/franciscanos.org.br\/noticias\/wp-json\/wp\/v2\/comments?post=10215"}],"version-history":[{"count":0,"href":"https:\/\/franciscanos.org.br\/noticias\/wp-json\/wp\/v2\/posts\/10215\/revisions"}],"wp:featuredmedia":[{"embeddable":true,"href":"https:\/\/franciscanos.org.br\/noticias\/wp-json\/wp\/v2\/media\/210844"}],"wp:attachment":[{"href":"https:\/\/franciscanos.org.br\/noticias\/wp-json\/wp\/v2\/media?parent=10215"}],"wp:term":[{"taxonomy":"category","embeddable":true,"href":"https:\/\/franciscanos.org.br\/noticias\/wp-json\/wp\/v2\/categories?post=10215"},{"taxonomy":"post_tag","embeddable":true,"href":"https:\/\/franciscanos.org.br\/noticias\/wp-json\/wp\/v2\/tags?post=10215"}],"curies":[{"name":"wp","href":"https:\/\/api.w.org\/{rel}","templated":true}]}}