{"id":101633,"date":"2016-01-15T09:21:48","date_gmt":"2016-01-15T11:21:48","guid":{"rendered":"http:\/\/franciscanos.org.br\/?p=101633"},"modified":"2019-08-08T11:36:20","modified_gmt":"2019-08-08T14:36:20","slug":"a-caminhada-para-revestir-se-do-homem-novo","status":"publish","type":"post","link":"https:\/\/franciscanos.org.br\/noticias\/a-caminhada-para-revestir-se-do-homem-novo.html","title":{"rendered":"A caminhada para revestir-se do homem novo"},"content":{"rendered":"<p><img loading=\"lazy\" src=\"https:\/\/franciscanos.org.br\/noticias\/wp-content\/uploads\/2016\/01\/bencao.jpg\" alt=\"\" width=\"820\" height=\"439\" \/><\/p>\n<p><strong>Moacir Beggo<\/strong><\/p>\n<p><strong>\u00a0<\/strong><strong>Rodeio (SC)<\/strong> &#8211; Ao acolher 18 jovens postulantes no Noviciado S\u00e3o Jos\u00e9, em Rodeio (SC), na manh\u00e3 desta sexta-feira (15 de janeiro), o Vig\u00e1rio Provincial Frei Est\u00eav\u00e3o Ottenbreit contou a eles que em tempos passados, nesta mesma celebra\u00e7\u00e3o, o candidato se apresentava impecavelmente vestido e se despojava ali do terno, gravata e sapatos lustrados para receber o h\u00e1bito da penit\u00eancia em forma de cruz.<\/p>\n<p>&#8220;Os postulantes tiravam o cal\u00e7ado e o mestre dos novi\u00e7os literalmente arrancava a gravata e o palet\u00f3 e os jogava para longe, simbolizando assim a despedida do velho homem e o revestimento do homem novo&#8221;, explicou Frei Est\u00eav\u00e3o. &#8220;Os costumes mudaram, mas o significado n\u00e3o. Voc\u00eas recebem o h\u00e1bito de S\u00e3o Francisco e come\u00e7am uma nova e longa caminhada para revestir-se do homem novo, totalmente entregues a Deus, totalmente dispon\u00edveis para viver o Evangelho, totalmente dispostos a seguir, em tudo, os passos do Cristo pobre e crucificado&#8221;, exortou o Vig\u00e1rio Provincial durante a Ora\u00e7\u00e3o da Manh\u00e3 (Laudes) na Igreja S\u00e3o Francisco de Assis.<\/p>\n<p>Esta 115\u00aa turma de novi\u00e7os a pisar o solo de Rodeio \u00e9 formada por seis jovens brasileiros e doze angolanos: Frei Francisco Dalilson Cabral, Frei Jonas Ribeiro da Silva, Frei Lucas de Moura J. Souza, Frei Marlon Taxa P. Reis da Silva, Frei Wagner da Silva Neves, Frei Odilon Voss, Frei Ant\u00f4nio da Silva Manuel, Frei Bernardo Jo\u00e3o Cassinda, Frei Bernardo Jos\u00e9 Kandangongo, Frei Daniel Kahuvi, Frei Domingos K. Soma, Frei Elias H. Lu\u00eds, Frei Evaristo S. Joaquim, Frei Feliciano A. Manuel, Frei H\u00e9lder J. M. Domingos, Frei Pedro D. Mugiba, Frei Pedro Isa\u00edas Vitangui e Frei Sim\u00e3o C. Horacio. Participando deste momento t\u00e3o especial neste in\u00edcio de vida consagrada franciscana, estavam presentes Frei Evaristo Spengler, Frei Germano Guesser, Frei Evandro Balestrin, Frei Valdir Nunes, Frei Jos\u00e9 Cambolo, Frei Marco A. Santos, Frei Jorge L\u00e1zaro, Frei Rodrigo da Silva, os confrades da Fraternidade, paroquianos e amigos.<\/p>\n<div><img loading=\"lazy\" src=\"http:\/\/franciscanos.org.br\/wp-content\/uploads\/2016\/01\/alto21.jpg\" alt=\"alto2\" width=\"820\" height=\"395\" \/><\/div>\n<blockquote><p><em>O momento muito especial para o postulante quando recebe o h\u00e1bito das m\u00e3os de Frei Est\u00eav\u00e3o\u00a0<\/em><\/p><\/blockquote>\n<p>A partir desta celebra\u00e7\u00e3o, os novi\u00e7os sob a orienta\u00e7\u00e3o do Mestre Frei Samuel Ferreira de Lima e da Fraternidade do Noviciado, passam a serem chamados de &#8220;Frei&#8221;, que significa irm\u00e3o (uma abrevia\u00e7\u00e3o de frade, que vem do latim <em>frater<\/em>). Segundo os documentos da Ordem, esses jovens far\u00e3o um \u201cper\u00edodo de forma\u00e7\u00e3o mais intensa\u201d em Rodeio, tendo como objetivo \u201cfazer com que os novi\u00e7os conhe\u00e7am e experimentem a forma de vida de S\u00e3o Francisco, impregnem mais profundamente a mente e o cora\u00e7\u00e3o de seu esp\u00edrito e, avaliando melhor o chamado do Senhor, comprovem seus prop\u00f3sitos e sua idoneidade\u201d (Constitui\u00e7\u00f5es Gerais da Ordem, art. 152). No final do ano, os novi\u00e7os estar\u00e3o aptos para fazer a Primeira Profiss\u00e3o na Ordem Franciscana. No h\u00e1bito que vestem, o cord\u00e3o ainda n\u00e3o tem os tr\u00eas n\u00f3s simbolizando os votos (obedi\u00eancia, pobreza e castidade), mas eles aparecer\u00e3o durante a primeira profiss\u00e3o.<\/p>\n<div id=\"attachment_101635\" style=\"width: 335px\" class=\"wp-caption alignright\"><img aria-describedby=\"caption-attachment-101635\" loading=\"lazy\" class=\"wp-image-101635 size-full\" src=\"http:\/\/franciscanos.org.br\/wp-content\/uploads\/2016\/01\/rodrigo.jpg\" alt=\"rodrigo\" width=\"325\" height=\"450\" \/><p id=\"caption-attachment-101635\" class=\"wp-caption-text\"><em>Na Sacristia, o postulante veste o h\u00e1bito, auxiliado por Frei Rodrigo Santos, que foi o orientador na etapa do Aspirantado<\/em><\/p><\/div>\n<p>Frei Est\u00eav\u00e3o, citando o Evangelho proclamado &#8211; \u201cSe algu\u00e9m quiser vir comigo, renuncie a si mesmo, tome a sua cruz e siga-me&#8221; -, lembrou que Francisco de Assis n\u00e3o fugiu diante desta decis\u00e3o importante em sua vida. &#8220;Decis\u00e3o que voc\u00eas est\u00e3o dispostos a tomar ao iniciar a vida religiosa franciscana na condi\u00e7\u00e3o de novi\u00e7os&#8221;, dirigiu-se aos postulantes.<\/p>\n<p>&#8220;\u00c9 bom lembrar o que antecedeu \u00e0 decis\u00e3o de Francisco de Assis&#8221;, convidou o Vig\u00e1rio, citando o momento em que Francisco de Assis entra na igrejinha de S\u00e3o Dami\u00e3o para, diante do Crucifixo, manifestar a pergunta que brotava cada vez mais forte do seu cora\u00e7\u00e3o: \u201cSenhor, que queres que eu fa\u00e7a?\u201d.<\/p>\n<p>&#8220;Depois, pelos caminhos, Francisco evitava encontrar os leprosos at\u00e9 que, em um belo dia venceu essa barreira e conseguiu abra\u00e7ar um leproso, derrotando o orgulho e o ego\u00edsmo, descobrindo o Cristo crucificado naqueles que sofrem. Foi este o aspirantado e\u00a0 o postulantado do jovem Francisco que culminaram na experi\u00eancia profunda da descoberta do Evangelho. Na igrejinha de Santa Maria dos Anjos ouviu o relato do envio dos ap\u00f3stolos e a condi\u00e7\u00e3o que deveriam andar em miss\u00e3o. Tendo ouvido a explica\u00e7\u00e3o detalhada do sacerdote depois da missa, exclamou: &#8216;\u00c9 isto que eu quero, \u00e9 isto que eu procuro, \u00e9 isto que eu desejo fazer do \u00edntimo do cora\u00e7\u00e3o&#8217;.(1Cel, 22). E Celano continua relatando o que aconteceu depois desta experi\u00eancia que transformar\u00e1 toda a vida de Francisco de Assis: \u2018Por conseguinte, apressa-se o santo pai, transbordando de alegria, em cumprir o salutar conselho e n\u00e3o suporta demora alguma, mas come\u00e7a devotamente a colocar em pr\u00e1tica o que ouviu. Desata imediatamente os cal\u00e7ados dos p\u00e9s, dep\u00f5e o bast\u00e3o das m\u00e3os e, contente com uma s\u00f3 t\u00fanica, trocou a correia por um cord\u00e3o. Desde ent\u00e3o, prepara para si uma t\u00fanica que traz a imagem da cruz&#8230;, paup\u00e9rrima e grosseira&#8230; E ansiava por cumprir com a m\u00e1xima dilig\u00eancia e rever\u00eancia as outras coisas que ouvira. Pois n\u00e3o fora um ouvinte surdo do evangelho, mas, confiando o que ouvira \u00e0 sua louv\u00e1vel mem\u00f3ria, cuidava de cumprir tudo \u00e0 letra diligentemente\u2019\u201d, continuou o Vig\u00e1rio Provincial.<\/p>\n<p>Segundo ele, Francisco n\u00e3o foi \u201cum ouvinte surdo do evangelho\u201d. Tomou a decis\u00e3o e seguiu o Cristo pobre e crucificado, fazendo deste seguimento a sua miss\u00e3o. \u201cEntregou-se de corpo e alma. Entregou sua vida\u201d, disse.<\/p>\n<p>&#8220;Caros postulantes, creio que estamos nesta manh\u00e3 aqui na igreja de Rodeio porque voc\u00eas tamb\u00e9m n\u00e3o s\u00e3o ouvintes surdos do Evangelho. Tamb\u00e9m voc\u00eas querem se entregar de corpo e alma \u00e0 voca\u00e7\u00e3o franciscana que se tornar\u00e1, doravante, a sua miss\u00e3o. Tamb\u00e9m voc\u00eas fizeram um dia a pergunta que vem do fundo do cora\u00e7\u00e3o: &#8216;Senhor, que queres que eu fa\u00e7a?\u201d E certamente cada um teve um momento ou momentos privilegiados ao perceber a voz do Cristo convidando-o a abra\u00e7ar a vida consagrada a Deus. Em busca de uma decis\u00e3o clara, tamb\u00e9m tiveram, certamente, que superar dificuldades, ego\u00edsmos e avers\u00f5es. Mas, cada vez mais foram tamb\u00e9m percebendo o clamor dos que sofrem todo o tipo de mis\u00e9ria, rejei\u00e7\u00e3o e exclus\u00e3o. Voc\u00eas tamb\u00e9m percorreram o tempo do aspirantado e do postulantado buscando encontrar uma resposta e se preparar para uma entrega total no seguimento do Cristo. Eu me atrevo a crer que, enfim, estamos hoje aqui porque, do fundo de seu cora\u00e7\u00e3o, vem o grito: &#8216;\u00c9 isto que eu quero, \u00e9 isto que eu procuro, \u00e9 isto que eu desejo fazer do \u00edntimo de meu cora\u00e7\u00e3o!&#8217; abra\u00e7ar a voca\u00e7\u00e3o e miss\u00e3o franciscanas&#8221;, enfatizou o celebrante.<\/p>\n<p>Segundo o Vig\u00e1rio, com esta vesti\u00e7\u00e3o, os novi\u00e7os s\u00e3o acolhidos para viverem um ano de prova\u00e7\u00e3o. &#8220;Quer dizer, voc\u00eas abra\u00e7am com seriedade e empenho esta voca\u00e7\u00e3o e miss\u00e3o no firme prop\u00f3sito de fundamentar esta nova vida no seguimento do Cristo pobre e crucificado. Mais uma vez ou\u00e7amos a voz do evangelho de hoje: &#8216;Se algu\u00e9m quiser vir comigo, renuncie a si mesmo, tome a sua cruz e siga-me'&#8221;, enfatizou.<\/p>\n<p>&nbsp;<\/p>\n<blockquote><p><img loading=\"lazy\" src=\"http:\/\/franciscanos.org.br\/wp-content\/uploads\/2016\/01\/bencao.jpg\" alt=\"bencao\" width=\"820\" height=\"439\" \/><\/p>\n<p><em>Frei Est\u00eav\u00e3o aben\u00e7oa os h\u00e1bitos. Ele exortou o novi\u00e7os a conviverem no profundo respeito pelas diversas culturas, proced\u00eancias e hist\u00f3rias pessoais.\u00a0<\/em><\/p><\/blockquote>\n<p>Para o Vig\u00e1rio, S\u00e3o Francisco compreendeu muito bem que este seguimento n\u00e3o poderia e n\u00e3o deveria ser um seguimento por palavras, te\u00f3rico, mas um seguimento que se concretiza no dia a dia da conviv\u00eancia com as pessoas e com todo o criado.<\/p>\n<p>&#8220;Vale a pena tamb\u00e9m ter presente neste momento a profunda convic\u00e7\u00e3o e as palavras de Francisco quando dizia que cada irm\u00e3o que vinha, movido pela inspira\u00e7\u00e3o de Deus, era um dom, um presente, e como tal deveria ser sempre acolhido com profunda gratid\u00e3o, rever\u00eancia e respeito&#8221;, acrescentou, ressaltando que esses novi\u00e7os far\u00e3o um ano em condi\u00e7\u00f5es especiais:\u00a0 ano capitular, ano de jubileu da presen\u00e7a mission\u00e1ria em Angola e a primeira turma de \u00a0irm\u00e3os angolanos a ultrapassar em n\u00famero a do Brasil. &#8220;S\u00e3o dons maravilhosos. Uma riqueza muito grande. Saibam acolher-se como dons. Saibam viver e conviver no profundo respeito pelas diversas proced\u00eancias, culturas e hist\u00f3rias pessoais. Francisco quis que o seguimento do Cristo se tornasse realidade na acolhida fraterna das pessoas e de tudo o que Deus criou&#8221;, exortou o Vig\u00e1rio.<\/p>\n<p>&#8220;Com outras palavras, meus caros jovens, o seguimento do Cristo que ser\u00e1 doravante a grande raz\u00e3o de suas vidas, nos pede a cont\u00ednua entrega de nossa vida (\u201cMas, quem perder a sua vida por minha causa, h\u00e1 de encontr\u00e1-la.\u201d), construindo assim a verdadeira fraternidade. E esta ser\u00e1, enfim, a sua, a nossa miss\u00e3o. N\u00e3o importa o que fazemos ou o que vamos fazer um dia. O que importa \u00e9 fazer de nossa vida seguimento, concretizando-o em fraternidade. Assim, a nossa voca\u00e7\u00e3o se torna miss\u00e3o&#8221;, completou, convidando-os a se sentirem acolhidos na Ordem Franciscana, na Prov\u00edncia da Imaculada Concei\u00e7\u00e3o do Brasil, na Fraternidade do Noviciado em Rodeio.<\/p>\n<p><img loading=\"lazy\" src=\"http:\/\/franciscanos.org.br\/wp-content\/uploads\/2016\/01\/alto51.jpg\" alt=\"alto5\" width=\"820\" height=\"439\" \/><\/p>\n<blockquote><p>Da esq. para dir., \u00a0Frei Samuel,\u00a0o Mestre dos Novi\u00e7os; Frei Marco Ant\u00f4nio dos Santos, mestre dos postulantes de Angola; Frei Est\u00eav\u00e3o, Vig\u00e1rio Provincial; e Frei Jorge L\u00e1zaro de Souza, mestre dos postulantes brasileiros.<\/p><\/blockquote>\n<p><img class=\"ngg_displayed_gallery mceItem\" src=\"http:\/\/franciscanos.org.br\/index.php\/nextgen-attach_to_post\/preview\/id--101759\" alt=\"\" \/><\/p>\n","protected":false},"excerpt":{"rendered":"<p>Noviciado<\/p>\n","protected":false},"author":1,"featured_media":209180,"comment_status":"open","ping_status":"open","sticky":false,"template":"","format":"standard","meta":[],"categories":[1],"tags":[1270,135],"acf":[],"yoast_head":"<!-- This site is optimized with the Yoast SEO plugin v19.2 - https:\/\/yoast.com\/wordpress\/plugins\/seo\/ -->\n<title>A caminhada para revestir-se do homem novo - Not\u00edcias - Franciscanos<\/title>\n<meta name=\"robots\" content=\"index, follow, max-snippet:-1, max-image-preview:large, max-video-preview:-1\" \/>\n<link rel=\"canonical\" href=\"https:\/\/franciscanos.org.br\/noticias\/a-caminhada-para-revestir-se-do-homem-novo.html\" \/>\n<meta property=\"og:locale\" content=\"pt_BR\" \/>\n<meta property=\"og:type\" content=\"article\" \/>\n<meta property=\"og:title\" content=\"A caminhada para revestir-se do homem novo - Not\u00edcias - Franciscanos\" \/>\n<meta property=\"og:description\" content=\"Noviciado\" \/>\n<meta property=\"og:url\" content=\"https:\/\/franciscanos.org.br\/noticias\/a-caminhada-para-revestir-se-do-homem-novo.html\" \/>\n<meta property=\"og:site_name\" content=\"Not\u00edcias - Franciscanos\" \/>\n<meta property=\"article:published_time\" content=\"2016-01-15T11:21:48+00:00\" \/>\n<meta property=\"article:modified_time\" content=\"2019-08-08T14:36:20+00:00\" \/>\n<meta property=\"og:image\" content=\"https:\/\/franciscanos.org.br\/noticias\/wp-content\/uploads\/2016\/01\/bencao-1.jpg\" \/>\n\t<meta property=\"og:image:width\" content=\"273\" \/>\n\t<meta property=\"og:image:height\" content=\"181\" \/>\n\t<meta property=\"og:image:type\" content=\"image\/jpeg\" \/>\n<meta name=\"author\" content=\"admin\" \/>\n<meta name=\"twitter:card\" content=\"summary_large_image\" \/>\n<meta name=\"twitter:label1\" content=\"Escrito por\" \/>\n\t<meta name=\"twitter:data1\" content=\"admin\" \/>\n\t<meta name=\"twitter:label2\" content=\"Est. tempo de leitura\" \/>\n\t<meta name=\"twitter:data2\" content=\"8 minutos\" \/>\n<script type=\"application\/ld+json\" class=\"yoast-schema-graph\">{\"@context\":\"https:\/\/schema.org\",\"@graph\":[{\"@type\":\"WebSite\",\"@id\":\"https:\/\/franciscanos.org.br\/noticias\/#website\",\"url\":\"https:\/\/franciscanos.org.br\/noticias\/\",\"name\":\"Not\u00edcias - Franciscanos\",\"description\":\"Prov\u00edncia Franciscana da Imaculada Concei\u00e7\u00e3o do Brasil - Ordem dos Frades Menores - OFM\",\"potentialAction\":[{\"@type\":\"SearchAction\",\"target\":{\"@type\":\"EntryPoint\",\"urlTemplate\":\"https:\/\/franciscanos.org.br\/noticias\/?s={search_term_string}\"},\"query-input\":\"required name=search_term_string\"}],\"inLanguage\":\"pt-BR\"},{\"@type\":\"ImageObject\",\"inLanguage\":\"pt-BR\",\"@id\":\"https:\/\/franciscanos.org.br\/noticias\/a-caminhada-para-revestir-se-do-homem-novo.html#primaryimage\",\"url\":\"https:\/\/franciscanos.org.br\/noticias\/wp-content\/uploads\/2016\/01\/bencao-1.jpg\",\"contentUrl\":\"https:\/\/franciscanos.org.br\/noticias\/wp-content\/uploads\/2016\/01\/bencao-1.jpg\",\"width\":273,\"height\":181},{\"@type\":\"WebPage\",\"@id\":\"https:\/\/franciscanos.org.br\/noticias\/a-caminhada-para-revestir-se-do-homem-novo.html#webpage\",\"url\":\"https:\/\/franciscanos.org.br\/noticias\/a-caminhada-para-revestir-se-do-homem-novo.html\",\"name\":\"A caminhada para revestir-se do homem novo - Not\u00edcias - Franciscanos\",\"isPartOf\":{\"@id\":\"https:\/\/franciscanos.org.br\/noticias\/#website\"},\"primaryImageOfPage\":{\"@id\":\"https:\/\/franciscanos.org.br\/noticias\/a-caminhada-para-revestir-se-do-homem-novo.html#primaryimage\"},\"datePublished\":\"2016-01-15T11:21:48+00:00\",\"dateModified\":\"2019-08-08T14:36:20+00:00\",\"author\":{\"@id\":\"https:\/\/franciscanos.org.br\/noticias\/#\/schema\/person\/b38fbf43118f02820bd932f2e4b14ad3\"},\"breadcrumb\":{\"@id\":\"https:\/\/franciscanos.org.br\/noticias\/a-caminhada-para-revestir-se-do-homem-novo.html#breadcrumb\"},\"inLanguage\":\"pt-BR\",\"potentialAction\":[{\"@type\":\"ReadAction\",\"target\":[\"https:\/\/franciscanos.org.br\/noticias\/a-caminhada-para-revestir-se-do-homem-novo.html\"]}]},{\"@type\":\"BreadcrumbList\",\"@id\":\"https:\/\/franciscanos.org.br\/noticias\/a-caminhada-para-revestir-se-do-homem-novo.html#breadcrumb\",\"itemListElement\":[{\"@type\":\"ListItem\",\"position\":1,\"name\":\"Home\",\"item\":\"https:\/\/franciscanos.org.br\/noticias\"},{\"@type\":\"ListItem\",\"position\":2,\"name\":\"A caminhada para revestir-se do homem novo\"}]},{\"@type\":\"Person\",\"@id\":\"https:\/\/franciscanos.org.br\/noticias\/#\/schema\/person\/b38fbf43118f02820bd932f2e4b14ad3\",\"name\":\"admin\",\"image\":{\"@type\":\"ImageObject\",\"inLanguage\":\"pt-BR\",\"@id\":\"https:\/\/franciscanos.org.br\/noticias\/#\/schema\/person\/image\/\",\"url\":\"https:\/\/secure.gravatar.com\/avatar\/e8495742d34d0ba6448ea1c628263b3e?s=96&d=mm&r=g\",\"contentUrl\":\"https:\/\/secure.gravatar.com\/avatar\/e8495742d34d0ba6448ea1c628263b3e?s=96&d=mm&r=g\",\"caption\":\"admin\"},\"url\":\"https:\/\/franciscanos.org.br\/noticias\/author\/admin\"}]}<\/script>\n<!-- \/ Yoast SEO plugin. -->","yoast_head_json":{"title":"A caminhada para revestir-se do homem novo - Not\u00edcias - Franciscanos","robots":{"index":"index","follow":"follow","max-snippet":"max-snippet:-1","max-image-preview":"max-image-preview:large","max-video-preview":"max-video-preview:-1"},"canonical":"https:\/\/franciscanos.org.br\/noticias\/a-caminhada-para-revestir-se-do-homem-novo.html","og_locale":"pt_BR","og_type":"article","og_title":"A caminhada para revestir-se do homem novo - Not\u00edcias - Franciscanos","og_description":"Noviciado","og_url":"https:\/\/franciscanos.org.br\/noticias\/a-caminhada-para-revestir-se-do-homem-novo.html","og_site_name":"Not\u00edcias - Franciscanos","article_published_time":"2016-01-15T11:21:48+00:00","article_modified_time":"2019-08-08T14:36:20+00:00","og_image":[{"width":273,"height":181,"url":"https:\/\/franciscanos.org.br\/noticias\/wp-content\/uploads\/2016\/01\/bencao-1.jpg","type":"image\/jpeg"}],"author":"admin","twitter_card":"summary_large_image","twitter_misc":{"Escrito por":"admin","Est. tempo de leitura":"8 minutos"},"schema":{"@context":"https:\/\/schema.org","@graph":[{"@type":"WebSite","@id":"https:\/\/franciscanos.org.br\/noticias\/#website","url":"https:\/\/franciscanos.org.br\/noticias\/","name":"Not\u00edcias - Franciscanos","description":"Prov\u00edncia Franciscana da Imaculada Concei\u00e7\u00e3o do Brasil - Ordem dos Frades Menores - OFM","potentialAction":[{"@type":"SearchAction","target":{"@type":"EntryPoint","urlTemplate":"https:\/\/franciscanos.org.br\/noticias\/?s={search_term_string}"},"query-input":"required name=search_term_string"}],"inLanguage":"pt-BR"},{"@type":"ImageObject","inLanguage":"pt-BR","@id":"https:\/\/franciscanos.org.br\/noticias\/a-caminhada-para-revestir-se-do-homem-novo.html#primaryimage","url":"https:\/\/franciscanos.org.br\/noticias\/wp-content\/uploads\/2016\/01\/bencao-1.jpg","contentUrl":"https:\/\/franciscanos.org.br\/noticias\/wp-content\/uploads\/2016\/01\/bencao-1.jpg","width":273,"height":181},{"@type":"WebPage","@id":"https:\/\/franciscanos.org.br\/noticias\/a-caminhada-para-revestir-se-do-homem-novo.html#webpage","url":"https:\/\/franciscanos.org.br\/noticias\/a-caminhada-para-revestir-se-do-homem-novo.html","name":"A caminhada para revestir-se do homem novo - Not\u00edcias - Franciscanos","isPartOf":{"@id":"https:\/\/franciscanos.org.br\/noticias\/#website"},"primaryImageOfPage":{"@id":"https:\/\/franciscanos.org.br\/noticias\/a-caminhada-para-revestir-se-do-homem-novo.html#primaryimage"},"datePublished":"2016-01-15T11:21:48+00:00","dateModified":"2019-08-08T14:36:20+00:00","author":{"@id":"https:\/\/franciscanos.org.br\/noticias\/#\/schema\/person\/b38fbf43118f02820bd932f2e4b14ad3"},"breadcrumb":{"@id":"https:\/\/franciscanos.org.br\/noticias\/a-caminhada-para-revestir-se-do-homem-novo.html#breadcrumb"},"inLanguage":"pt-BR","potentialAction":[{"@type":"ReadAction","target":["https:\/\/franciscanos.org.br\/noticias\/a-caminhada-para-revestir-se-do-homem-novo.html"]}]},{"@type":"BreadcrumbList","@id":"https:\/\/franciscanos.org.br\/noticias\/a-caminhada-para-revestir-se-do-homem-novo.html#breadcrumb","itemListElement":[{"@type":"ListItem","position":1,"name":"Home","item":"https:\/\/franciscanos.org.br\/noticias"},{"@type":"ListItem","position":2,"name":"A caminhada para revestir-se do homem novo"}]},{"@type":"Person","@id":"https:\/\/franciscanos.org.br\/noticias\/#\/schema\/person\/b38fbf43118f02820bd932f2e4b14ad3","name":"admin","image":{"@type":"ImageObject","inLanguage":"pt-BR","@id":"https:\/\/franciscanos.org.br\/noticias\/#\/schema\/person\/image\/","url":"https:\/\/secure.gravatar.com\/avatar\/e8495742d34d0ba6448ea1c628263b3e?s=96&d=mm&r=g","contentUrl":"https:\/\/secure.gravatar.com\/avatar\/e8495742d34d0ba6448ea1c628263b3e?s=96&d=mm&r=g","caption":"admin"},"url":"https:\/\/franciscanos.org.br\/noticias\/author\/admin"}]}},"_links":{"self":[{"href":"https:\/\/franciscanos.org.br\/noticias\/wp-json\/wp\/v2\/posts\/101633"}],"collection":[{"href":"https:\/\/franciscanos.org.br\/noticias\/wp-json\/wp\/v2\/posts"}],"about":[{"href":"https:\/\/franciscanos.org.br\/noticias\/wp-json\/wp\/v2\/types\/post"}],"author":[{"embeddable":true,"href":"https:\/\/franciscanos.org.br\/noticias\/wp-json\/wp\/v2\/users\/1"}],"replies":[{"embeddable":true,"href":"https:\/\/franciscanos.org.br\/noticias\/wp-json\/wp\/v2\/comments?post=101633"}],"version-history":[{"count":0,"href":"https:\/\/franciscanos.org.br\/noticias\/wp-json\/wp\/v2\/posts\/101633\/revisions"}],"wp:featuredmedia":[{"embeddable":true,"href":"https:\/\/franciscanos.org.br\/noticias\/wp-json\/wp\/v2\/media\/209180"}],"wp:attachment":[{"href":"https:\/\/franciscanos.org.br\/noticias\/wp-json\/wp\/v2\/media?parent=101633"}],"wp:term":[{"taxonomy":"category","embeddable":true,"href":"https:\/\/franciscanos.org.br\/noticias\/wp-json\/wp\/v2\/categories?post=101633"},{"taxonomy":"post_tag","embeddable":true,"href":"https:\/\/franciscanos.org.br\/noticias\/wp-json\/wp\/v2\/tags?post=101633"}],"curies":[{"name":"wp","href":"https:\/\/api.w.org\/{rel}","templated":true}]}}