{"id":101626,"date":"2016-01-15T08:48:26","date_gmt":"2016-01-15T10:48:26","guid":{"rendered":"http:\/\/franciscanos.org.br\/?p=101626"},"modified":"2020-06-10T08:30:08","modified_gmt":"2020-06-10T11:30:08","slug":"a-fe-nao-pode-ser-comprada-por-ninguem-diz-o-papa","status":"publish","type":"post","link":"https:\/\/franciscanos.org.br\/noticias\/a-fe-nao-pode-ser-comprada-por-ninguem-diz-o-papa.html","title":{"rendered":"A f\u00e9 n\u00e3o pode ser comprada por ningu\u00e9m, diz o Papa"},"content":{"rendered":"<p><img loading=\"lazy\" src=\"http:\/\/franciscanos.org.br\/wp-content\/uploads\/2016\/01\/santa_marta.jpg\" alt=\"santa_marta\" width=\"820\" height=\"438\" \/><\/p>\n<p><strong>Cidade do Vaticano<\/strong> &#8211; \u201cComo \u00e9 a minha f\u00e9 em Jesus Cristo?\u201d. \u00c9 a pergunta formulada pelo Papa na homilia da missa matutina na Casa Santa Marta, na manh\u00e3 de sexta-feira (15\/01). O Pont\u00edfice se baseou no Evangelho para reafirmar que para compreender realmente Jesus n\u00e3o devemos ter o \u201ccora\u00e7\u00e3o fechado\u201d, mas segui-Lo no caminho do perd\u00e3o e da humilha\u00e7\u00e3o. \u201cA f\u00e9 \u2013 advertiu \u2013 n\u00e3o pode ser comprada por ningu\u00e9m; \u00e9 um dom que muda nossa vida\u201d.<\/p>\n<p>As pessoas fazem de tudo para se aproximar de Jesus e n\u00e3o pensam nos riscos que podem correr para escut\u00e1-Lo ou simplesmente toc\u00e1-Lo. Foi o que sublinhou Francico, inspirando-se no Evangelho de Marcos que narra a cura do paral\u00edtico em Cafarnaum.<\/p>\n<p>Havia tanta gente na frente da casa onde estava Jesus que tiveram que tirar o teto e passar por ali a maca onde se encontrava o doente. \u201cTinham f\u00e9 \u2013 comentou o Papa \u2013 a mesma f\u00e9 daquela senhora que, em meio \u00e0 multid\u00e3o, quando Jesus foi \u00e0 casa de Jairo, conseguiu tocar um peda\u00e7o do manto de Jesus, para ser curada\u201d. A mesma f\u00e9 do centuri\u00e3o para a cura do seu servo. \u201cA f\u00e9 forte, corajosa, que vai adiante \u2013 disse Francesco \u2013 o cora\u00e7\u00e3o aberto na f\u00e9\u201d.<\/p>\n<p><strong>O passo adiante de Jesus<\/strong><\/p>\n<p>No epis\u00f3dio do paral\u00edtico, \u201cJesus d\u00e1 um passo adiante\u201d. Em Nazar\u00e9, no in\u00edcio de seu minist\u00e9rio, \u201cfoi \u00e0 Sinagoga e disse que havia sido enviado para libertar os oprimidos, os encarcerados, para dar a vista aos cegos&#8230; inaugurar um ano de gra\u00e7a\u201d, ou seja, um \u201cano de perd\u00e3o, de aproxima\u00e7\u00e3o ao Senhor. Abrir um caminho rumo a Deus\u201d. Aqui, por\u00e9m, d\u00e1 um passo a mais: n\u00e3o s\u00f3 cura os doentes, mas perdoa seus pecados: \u201cEstavam ali aqueles que tinham o cora\u00e7\u00e3o fechado, mas aceitavam \u2013 at\u00e9 um certo ponto \u2013 que Jesus fosse um curandeiro. Mas perdoar os pecados \u00e9 demais! Este homem vai al\u00e9m! N\u00e3o tem direito de dizer isto, porque somente Deus pode perdoar os pecados, e Jesus sabia o que eles pensavam, e diz: \u2018Eu sou Deus\u2019? N\u00e3o, n\u00e3o o diz. \u2018Por que pensam estas coisas? Porque sabem que o Filho do Homem tem o poder \u2013 \u00e9 o passo avante! \u2013 de perdoar os pecados. Levanta-te, toma e cura-te\u2019. Come\u00e7a a falar aquela linguagem que, a um certo ponto, desencorajar\u00e1 as pessoas, inclusive alguns disc\u00edpulos que o seguiam&#8230; Esta linguagem \u00e9 dura, quando fala de comer o seu Corpo como caminho de salva\u00e7\u00e3o\u201d.<\/p>\n<p><strong>A cura da alma<\/strong><\/p>\n<p>O Papa Francisco afirma que entedemos que Deus vem para \u201cnos salvar das doen\u00e7as\u201d, mas antes de tudo \u201cpara nos salvar dos nossos pecados, salvar-nos e levar-nos ao Pai. Foi enviado para isto, para dar a vida para a nossa salva\u00e7\u00e3o. E este \u00e9 o ponto mais dif\u00edcil de se entender\u201d, n\u00e3o somente pelos escribas. Quando Jesus se mostra com um poder maior do que o poder de um homem \u201cpara dar aquele perd\u00e3o, para dar a vida, para recriar a humanidade, tamb\u00e9m os seus disc\u00edpulos duvidam. E v\u00e3o embora\u201d. E Jesus, recordou, \u201cdeve pedir ao seu pequeno grupinho: \u2018Tamb\u00e9m voc\u00eas querem ir embora\u2019\u201d.<\/p>\n<p>\u201cA f\u00e9 em Jesus Cristo. Como \u00e9 a minha f\u00e9 em Jesus Cristo? Creio que Jesus Cristo seja Deus, o Filho de Deus? E esta f\u00e9 transforma a minha vida? Faz com que no meu cora\u00e7\u00e3o se abra este ano de gra\u00e7a, este ano de perd\u00e3o, este ano de aproxima\u00e7\u00e3o ao Senhor? A f\u00e9 \u00e9 um dom. Ningu\u00e9m \u2018merece\u2019 a f\u00e9. Ningu\u00e9m a pode comprar. \u00c9 um dom. A \u2018minha\u2019 f\u00e9 em Jesus Cristo, me leva \u00e0 humilha\u00e7\u00e3o? N\u00e3o digo \u00e0 humildade: \u00e0 humilha\u00e7\u00e3o, ao arrependimento, \u00e0 ora\u00e7\u00e3o que pede: \u2018Pedoa-me, Senhor. Tu \u00e9s Deus. Podes perdoar os meus pecados\u201d.<\/p>\n<p><strong>O louvor \u00e9 gratuito<\/strong><br \/>\nAs pessoas, observou, \u201cprocuravam Jesus para ouvi-Lo\u201d porque ele falava \u201ccom autoridade, n\u00e3o como falavam os escribas\u201d. Al\u00e9m disso, acrescentou, o seguia, porque ele curava, \u201cfazia milagres!\u201d. Mas, no final, \u201cessas pessoas, depois de ter visto, foram embora e todos ficaram maravilhados, e glorificavam a Deus\u201d: \u201cO louvor. A prova que eu creio que Jesus Cristo \u00e9 Deus na minha vida, que me foi enviado para &#8216;me perdoar&#8217;, \u00e9 o louvor: se eu tenho a capacidade de louvar a Deus. Louvar o Senhor. \u00c9 gratuito isso. O louvor \u00e9 gratuito. \u00c9 um sentimento que d\u00e1 o Esp\u00edrito Santo e nos leva a dizer: \u2018Tu \u00e9s o \u00fanico Deus\u2019. Que o Senhor nos fa\u00e7a crescer nesta f\u00e9 em Jesus Cristo Deus, que nos perdoa, que nos oferece o ano de gra\u00e7a, e que esta f\u00e9 nos leve a louvar\u201d.<\/p>\n<hr \/>\n<p><em>Fonte: R\u00e1dio Vaticano<\/em><\/p>\n","protected":false},"excerpt":{"rendered":"<p>Missa em Santa Marta<\/p>\n","protected":false},"author":1,"featured_media":221221,"comment_status":"open","ping_status":"open","sticky":false,"template":"","format":"standard","meta":[],"categories":[1428],"tags":[1586],"acf":[],"yoast_head":"<!-- This site is optimized with the Yoast SEO plugin v19.2 - https:\/\/yoast.com\/wordpress\/plugins\/seo\/ -->\n<title>A f\u00e9 n\u00e3o pode ser comprada por ningu\u00e9m, diz o Papa - Not\u00edcias - Franciscanos<\/title>\n<meta name=\"robots\" content=\"index, follow, max-snippet:-1, max-image-preview:large, max-video-preview:-1\" \/>\n<link rel=\"canonical\" href=\"https:\/\/franciscanos.org.br\/noticias\/a-fe-nao-pode-ser-comprada-por-ninguem-diz-o-papa.html\" \/>\n<meta property=\"og:locale\" content=\"pt_BR\" \/>\n<meta property=\"og:type\" content=\"article\" \/>\n<meta property=\"og:title\" content=\"A f\u00e9 n\u00e3o pode ser comprada por ningu\u00e9m, diz o Papa - Not\u00edcias - Franciscanos\" \/>\n<meta property=\"og:description\" content=\"Missa em Santa Marta\" \/>\n<meta property=\"og:url\" content=\"https:\/\/franciscanos.org.br\/noticias\/a-fe-nao-pode-ser-comprada-por-ninguem-diz-o-papa.html\" \/>\n<meta property=\"og:site_name\" content=\"Not\u00edcias - Franciscanos\" \/>\n<meta property=\"article:published_time\" content=\"2016-01-15T10:48:26+00:00\" \/>\n<meta property=\"article:modified_time\" content=\"2020-06-10T11:30:08+00:00\" \/>\n<meta property=\"og:image\" content=\"https:\/\/franciscanos.org.br\/noticias\/wp-content\/uploads\/2016\/01\/santa_marta.jpg\" \/>\n\t<meta property=\"og:image:width\" content=\"273\" \/>\n\t<meta property=\"og:image:height\" content=\"181\" \/>\n\t<meta property=\"og:image:type\" content=\"image\/jpeg\" \/>\n<meta name=\"author\" content=\"admin\" \/>\n<meta name=\"twitter:card\" content=\"summary_large_image\" \/>\n<meta name=\"twitter:label1\" content=\"Escrito por\" \/>\n\t<meta name=\"twitter:data1\" content=\"admin\" \/>\n\t<meta name=\"twitter:label2\" content=\"Est. tempo de leitura\" \/>\n\t<meta name=\"twitter:data2\" content=\"4 minutos\" \/>\n<script type=\"application\/ld+json\" class=\"yoast-schema-graph\">{\"@context\":\"https:\/\/schema.org\",\"@graph\":[{\"@type\":\"WebSite\",\"@id\":\"https:\/\/franciscanos.org.br\/noticias\/#website\",\"url\":\"https:\/\/franciscanos.org.br\/noticias\/\",\"name\":\"Not\u00edcias - Franciscanos\",\"description\":\"Prov\u00edncia Franciscana da Imaculada Concei\u00e7\u00e3o do Brasil - Ordem dos Frades Menores - OFM\",\"potentialAction\":[{\"@type\":\"SearchAction\",\"target\":{\"@type\":\"EntryPoint\",\"urlTemplate\":\"https:\/\/franciscanos.org.br\/noticias\/?s={search_term_string}\"},\"query-input\":\"required name=search_term_string\"}],\"inLanguage\":\"pt-BR\"},{\"@type\":\"ImageObject\",\"inLanguage\":\"pt-BR\",\"@id\":\"https:\/\/franciscanos.org.br\/noticias\/a-fe-nao-pode-ser-comprada-por-ninguem-diz-o-papa.html#primaryimage\",\"url\":\"https:\/\/franciscanos.org.br\/noticias\/wp-content\/uploads\/2016\/01\/santa_marta.jpg\",\"contentUrl\":\"https:\/\/franciscanos.org.br\/noticias\/wp-content\/uploads\/2016\/01\/santa_marta.jpg\",\"width\":273,\"height\":181},{\"@type\":\"WebPage\",\"@id\":\"https:\/\/franciscanos.org.br\/noticias\/a-fe-nao-pode-ser-comprada-por-ninguem-diz-o-papa.html#webpage\",\"url\":\"https:\/\/franciscanos.org.br\/noticias\/a-fe-nao-pode-ser-comprada-por-ninguem-diz-o-papa.html\",\"name\":\"A f\u00e9 n\u00e3o pode ser comprada por ningu\u00e9m, diz o Papa - Not\u00edcias - Franciscanos\",\"isPartOf\":{\"@id\":\"https:\/\/franciscanos.org.br\/noticias\/#website\"},\"primaryImageOfPage\":{\"@id\":\"https:\/\/franciscanos.org.br\/noticias\/a-fe-nao-pode-ser-comprada-por-ninguem-diz-o-papa.html#primaryimage\"},\"datePublished\":\"2016-01-15T10:48:26+00:00\",\"dateModified\":\"2020-06-10T11:30:08+00:00\",\"author\":{\"@id\":\"https:\/\/franciscanos.org.br\/noticias\/#\/schema\/person\/b38fbf43118f02820bd932f2e4b14ad3\"},\"breadcrumb\":{\"@id\":\"https:\/\/franciscanos.org.br\/noticias\/a-fe-nao-pode-ser-comprada-por-ninguem-diz-o-papa.html#breadcrumb\"},\"inLanguage\":\"pt-BR\",\"potentialAction\":[{\"@type\":\"ReadAction\",\"target\":[\"https:\/\/franciscanos.org.br\/noticias\/a-fe-nao-pode-ser-comprada-por-ninguem-diz-o-papa.html\"]}]},{\"@type\":\"BreadcrumbList\",\"@id\":\"https:\/\/franciscanos.org.br\/noticias\/a-fe-nao-pode-ser-comprada-por-ninguem-diz-o-papa.html#breadcrumb\",\"itemListElement\":[{\"@type\":\"ListItem\",\"position\":1,\"name\":\"Home\",\"item\":\"https:\/\/franciscanos.org.br\/noticias\"},{\"@type\":\"ListItem\",\"position\":2,\"name\":\"A f\u00e9 n\u00e3o pode ser comprada por ningu\u00e9m, diz o Papa\"}]},{\"@type\":\"Person\",\"@id\":\"https:\/\/franciscanos.org.br\/noticias\/#\/schema\/person\/b38fbf43118f02820bd932f2e4b14ad3\",\"name\":\"admin\",\"image\":{\"@type\":\"ImageObject\",\"inLanguage\":\"pt-BR\",\"@id\":\"https:\/\/franciscanos.org.br\/noticias\/#\/schema\/person\/image\/\",\"url\":\"https:\/\/secure.gravatar.com\/avatar\/e8495742d34d0ba6448ea1c628263b3e?s=96&d=mm&r=g\",\"contentUrl\":\"https:\/\/secure.gravatar.com\/avatar\/e8495742d34d0ba6448ea1c628263b3e?s=96&d=mm&r=g\",\"caption\":\"admin\"},\"url\":\"https:\/\/franciscanos.org.br\/noticias\/author\/admin\"}]}<\/script>\n<!-- \/ Yoast SEO plugin. -->","yoast_head_json":{"title":"A f\u00e9 n\u00e3o pode ser comprada por ningu\u00e9m, diz o Papa - Not\u00edcias - Franciscanos","robots":{"index":"index","follow":"follow","max-snippet":"max-snippet:-1","max-image-preview":"max-image-preview:large","max-video-preview":"max-video-preview:-1"},"canonical":"https:\/\/franciscanos.org.br\/noticias\/a-fe-nao-pode-ser-comprada-por-ninguem-diz-o-papa.html","og_locale":"pt_BR","og_type":"article","og_title":"A f\u00e9 n\u00e3o pode ser comprada por ningu\u00e9m, diz o Papa - Not\u00edcias - Franciscanos","og_description":"Missa em Santa Marta","og_url":"https:\/\/franciscanos.org.br\/noticias\/a-fe-nao-pode-ser-comprada-por-ninguem-diz-o-papa.html","og_site_name":"Not\u00edcias - Franciscanos","article_published_time":"2016-01-15T10:48:26+00:00","article_modified_time":"2020-06-10T11:30:08+00:00","og_image":[{"width":273,"height":181,"url":"https:\/\/franciscanos.org.br\/noticias\/wp-content\/uploads\/2016\/01\/santa_marta.jpg","type":"image\/jpeg"}],"author":"admin","twitter_card":"summary_large_image","twitter_misc":{"Escrito por":"admin","Est. tempo de leitura":"4 minutos"},"schema":{"@context":"https:\/\/schema.org","@graph":[{"@type":"WebSite","@id":"https:\/\/franciscanos.org.br\/noticias\/#website","url":"https:\/\/franciscanos.org.br\/noticias\/","name":"Not\u00edcias - Franciscanos","description":"Prov\u00edncia Franciscana da Imaculada Concei\u00e7\u00e3o do Brasil - Ordem dos Frades Menores - OFM","potentialAction":[{"@type":"SearchAction","target":{"@type":"EntryPoint","urlTemplate":"https:\/\/franciscanos.org.br\/noticias\/?s={search_term_string}"},"query-input":"required name=search_term_string"}],"inLanguage":"pt-BR"},{"@type":"ImageObject","inLanguage":"pt-BR","@id":"https:\/\/franciscanos.org.br\/noticias\/a-fe-nao-pode-ser-comprada-por-ninguem-diz-o-papa.html#primaryimage","url":"https:\/\/franciscanos.org.br\/noticias\/wp-content\/uploads\/2016\/01\/santa_marta.jpg","contentUrl":"https:\/\/franciscanos.org.br\/noticias\/wp-content\/uploads\/2016\/01\/santa_marta.jpg","width":273,"height":181},{"@type":"WebPage","@id":"https:\/\/franciscanos.org.br\/noticias\/a-fe-nao-pode-ser-comprada-por-ninguem-diz-o-papa.html#webpage","url":"https:\/\/franciscanos.org.br\/noticias\/a-fe-nao-pode-ser-comprada-por-ninguem-diz-o-papa.html","name":"A f\u00e9 n\u00e3o pode ser comprada por ningu\u00e9m, diz o Papa - Not\u00edcias - Franciscanos","isPartOf":{"@id":"https:\/\/franciscanos.org.br\/noticias\/#website"},"primaryImageOfPage":{"@id":"https:\/\/franciscanos.org.br\/noticias\/a-fe-nao-pode-ser-comprada-por-ninguem-diz-o-papa.html#primaryimage"},"datePublished":"2016-01-15T10:48:26+00:00","dateModified":"2020-06-10T11:30:08+00:00","author":{"@id":"https:\/\/franciscanos.org.br\/noticias\/#\/schema\/person\/b38fbf43118f02820bd932f2e4b14ad3"},"breadcrumb":{"@id":"https:\/\/franciscanos.org.br\/noticias\/a-fe-nao-pode-ser-comprada-por-ninguem-diz-o-papa.html#breadcrumb"},"inLanguage":"pt-BR","potentialAction":[{"@type":"ReadAction","target":["https:\/\/franciscanos.org.br\/noticias\/a-fe-nao-pode-ser-comprada-por-ninguem-diz-o-papa.html"]}]},{"@type":"BreadcrumbList","@id":"https:\/\/franciscanos.org.br\/noticias\/a-fe-nao-pode-ser-comprada-por-ninguem-diz-o-papa.html#breadcrumb","itemListElement":[{"@type":"ListItem","position":1,"name":"Home","item":"https:\/\/franciscanos.org.br\/noticias"},{"@type":"ListItem","position":2,"name":"A f\u00e9 n\u00e3o pode ser comprada por ningu\u00e9m, diz o Papa"}]},{"@type":"Person","@id":"https:\/\/franciscanos.org.br\/noticias\/#\/schema\/person\/b38fbf43118f02820bd932f2e4b14ad3","name":"admin","image":{"@type":"ImageObject","inLanguage":"pt-BR","@id":"https:\/\/franciscanos.org.br\/noticias\/#\/schema\/person\/image\/","url":"https:\/\/secure.gravatar.com\/avatar\/e8495742d34d0ba6448ea1c628263b3e?s=96&d=mm&r=g","contentUrl":"https:\/\/secure.gravatar.com\/avatar\/e8495742d34d0ba6448ea1c628263b3e?s=96&d=mm&r=g","caption":"admin"},"url":"https:\/\/franciscanos.org.br\/noticias\/author\/admin"}]}},"_links":{"self":[{"href":"https:\/\/franciscanos.org.br\/noticias\/wp-json\/wp\/v2\/posts\/101626"}],"collection":[{"href":"https:\/\/franciscanos.org.br\/noticias\/wp-json\/wp\/v2\/posts"}],"about":[{"href":"https:\/\/franciscanos.org.br\/noticias\/wp-json\/wp\/v2\/types\/post"}],"author":[{"embeddable":true,"href":"https:\/\/franciscanos.org.br\/noticias\/wp-json\/wp\/v2\/users\/1"}],"replies":[{"embeddable":true,"href":"https:\/\/franciscanos.org.br\/noticias\/wp-json\/wp\/v2\/comments?post=101626"}],"version-history":[{"count":1,"href":"https:\/\/franciscanos.org.br\/noticias\/wp-json\/wp\/v2\/posts\/101626\/revisions"}],"predecessor-version":[{"id":225802,"href":"https:\/\/franciscanos.org.br\/noticias\/wp-json\/wp\/v2\/posts\/101626\/revisions\/225802"}],"wp:featuredmedia":[{"embeddable":true,"href":"https:\/\/franciscanos.org.br\/noticias\/wp-json\/wp\/v2\/media\/221221"}],"wp:attachment":[{"href":"https:\/\/franciscanos.org.br\/noticias\/wp-json\/wp\/v2\/media?parent=101626"}],"wp:term":[{"taxonomy":"category","embeddable":true,"href":"https:\/\/franciscanos.org.br\/noticias\/wp-json\/wp\/v2\/categories?post=101626"},{"taxonomy":"post_tag","embeddable":true,"href":"https:\/\/franciscanos.org.br\/noticias\/wp-json\/wp\/v2\/tags?post=101626"}],"curies":[{"name":"wp","href":"https:\/\/api.w.org\/{rel}","templated":true}]}}