{"id":101070,"date":"2016-01-06T02:46:42","date_gmt":"2016-01-06T04:46:42","guid":{"rendered":"http:\/\/franciscanos.org.br\/?p=101070"},"modified":"2020-02-06T11:35:15","modified_gmt":"2020-02-06T14:35:15","slug":"emocao-na-primeira-profissao-de-rodeio","status":"publish","type":"post","link":"https:\/\/franciscanos.org.br\/noticias\/emocao-na-primeira-profissao-de-rodeio.html","title":{"rendered":"Emo\u00e7\u00e3o na Primeira Profiss\u00e3o dos novi\u00e7os em Rodeio"},"content":{"rendered":"<p><img loading=\"lazy\" src=\"http:\/\/franciscanos.org.br\/wp-content\/uploads\/2016\/01\/alto5.jpg\" alt=\"alto5\" width=\"820\" height=\"484\" \/><\/p>\n<p><strong>Moacir Beggo<\/strong><\/p>\n<p><strong>Rodeio (SC)<\/strong> &#8211; Tudo indicava que a celebra\u00e7\u00e3o Eucar\u00edstica da Primeira Profiss\u00e3o da turma de novi\u00e7os 2015 da Prov\u00edncia Franciscana da Imaculada Concei\u00e7\u00e3o, nesta ter\u00e7a-feira, 5 de janeiro, na Igreja S\u00e3o Francisco de Assis de Rodeio (SC), terminaria como come\u00e7ou: solenemente. Tudo dentro do rito preparado com esmero e dedica\u00e7\u00e3o nos dias que antecederam este grande momento. Mas na metade da celebra\u00e7\u00e3o, a emo\u00e7\u00e3o comandou o rito religioso e foi dif\u00edcil ficar impass\u00edvel quando esses treze jovens se abra\u00e7aram afetuosamente, muito emocionados, depois de professarem nas m\u00e3os do Ministro Provincial, Frei Fid\u00eancio Vanboemmel, e ainda protagonizarem um gesto carinhoso quando se ajoelharam e beijaram a m\u00e3o de Frei Abel Schneider, um frade de 94 anos que reside no Noviciado e que n\u00e3o p\u00f4de descer do presbit\u00e9rio para abra\u00e7\u00e1-los por estar em uma cadeira de rodas.<\/p>\n<p>Como disse Frei Diego Melo no coment\u00e1rio inicial, era o ponto culminante de um ano de prova\u00e7\u00e3o. Foi assim que terminou este ano para Frei Alberto Victorino, Frei Andr\u00e9 dos Santos Mingas, Frei Bruno Ara\u00fajo dos Santos, Frei Danilo Santos Oliveira, Frei Felipe Carretta, Frei Jean Santos da Silva, Frei Jos\u00e9 Jo\u00e3o Ganga, Frei Matheus Jos\u00e9 Borsoi, Frei Miguel Tchiteculo Filipe, Frei Natanael Jos\u00e9 Barbosa, Frei Thiago da Silva Soares, Frei Tiago Gomes Elias e Frei Vitor da Silva Am\u00e2ncio, agora professos tempor\u00e1rios na Ordem dos Frades Menores.<\/p>\n<p><img loading=\"lazy\" src=\"http:\/\/franciscanos.org.br\/wp-content\/uploads\/2016\/01\/alto3.jpg\" alt=\"alto3\" width=\"820\" height=\"446\" \/><\/p>\n<p>Frei Fid\u00eancio teve como concelebrante o guardi\u00e3o da Fraternidade de Rodeio, Frei Valdir Laurentino, e o di\u00e1cono Jos\u00e9 Ant\u00f4nio da Arquidiocese de Niter\u00f3i, que \u00e9 pai de Frei Tiago Gomes Elias. O Mestre dos Novi\u00e7os, Frei Samuel Ferreira de Lima, apresentou os novi\u00e7os ao Provincial para fazerem o pedido da Primeira Profiss\u00e3o. Al\u00e9m da presen\u00e7a dos Definidores Frei Germano Guesser e Frei Jos\u00e9 Francisco de C\u00e1ssia dos Santos, frades de toda a Prov\u00edncia vieram a Rodeio participar deste momento t\u00e3o especial, assim como as religiosas Franciscanas Catequistas, os religiosos Dehonianos, familiares e o povo de Rodeio e regi\u00e3o.<\/p>\n<p>Frei Fid\u00eancio iniciou sua homilia dizendo que todos rendiam gra\u00e7as ao Senhor porque Ele &#8220;escolheu a cada um de voc\u00eas para conosco caminharem em nova vida&#8221;.<\/p>\n<p>Essa nova vida, disse o Ministro, \u00e9 apresentada por S\u00e3o Paulo como alegria e loucura da cruz. &#8220;Eu creio que ao t\u00e9rmino deste ano de Noviciado, cada um de voc\u00eas travou, de certa forma, uma luta pessoal para poder chegar hoje aqui e dar essa resposta a Deus. E hoje S\u00e3o Paulo recorda mais uma vez: considerai v\u00f3s mesmos como fostes chamados por Deus&#8221;, disse Frei Fid\u00eancio.<\/p>\n<p><img loading=\"lazy\" src=\"http:\/\/franciscanos.org.br\/wp-content\/uploads\/2016\/01\/alto6.jpg\" alt=\"alto6\" width=\"820\" height=\"385\" \/><\/p>\n<p><em>O carinho do novi\u00e7o Jean Santos ao frade mais idoso do Noviciado, Frei Abel<\/em><\/p>\n<p>Segundo o Ministro, esse ano de discernimento foi importante para descobrir que Deus n\u00e3o usa crit\u00e9rios humanos para nos chamar \u00e0 vida religiosa.<\/p>\n<p>&#8220;H\u00e1 poucos dias, no mist\u00e9rio do Natal, Deus se fez humano, fr\u00e1gil, pobre, pequeno. Esses s\u00e3o os crit\u00e9rios que Deus usa para chamar algu\u00e9m a segui-Lo na vida religiosa. Isso S\u00e3o Paulo chama de loucura&#8221;, frisou o Ministro. &#8220;E essa loucura voc\u00eas devem viver de maneira s\u00e1bia, de maneira inteligente, na Ordem dos Frades Menores&#8221;, acrescentou.<\/p>\n<p>Frei Fid\u00eancio, citando o Evangelho de Jo\u00e3o, lembrou que Jesus foi muito claro e enf\u00e1tico: &#8216;quem quiser me seguir, deve renunciar a si mesmo&#8217;. &#8220;Tem que deixar de lado, dia ap\u00f3s dia, os crit\u00e9rios pessoais para assumir os crit\u00e9rios evang\u00e9licos. Foi isso que S\u00e3o Francisco fez quando ele, no encontro com o leproso, teve de fazer o seu discernimento. Transformar o amargo em do\u00e7ura. Renunciar a si mesmo e tomar a sua cruz. N\u00e3o a cruz dos outros, mas cada um deve carregar a pr\u00f3pria cruz. Carregar a sua hist\u00f3ria, a sua vida aos olhos de Deus. Colocar a sua vida na perspectiva da cruz, da ressurrei\u00e7\u00e3o e da P\u00e1scoa&#8221;, ensinou.<\/p>\n<p><img loading=\"lazy\" class=\"alignleft size-full wp-image-101074\" src=\"http:\/\/franciscanos.org.br\/wp-content\/uploads\/2016\/01\/alto4.jpg\" alt=\"alto4\" width=\"820\" height=\"446\" \/><\/p>\n<p>No final, lembrou aos novi\u00e7os que o mist\u00e9rio mais bonito da vida religiosa franciscana \u00e9 o mais desafiador: viver em fraternidade. Segundo Frei Fid\u00eancio, na convers\u00e3o amorosa se constr\u00f3i a vida em fraternidade.<\/p>\n<p>No final, o Ministro Provincial agradeceu aos novi\u00e7os, \u00e0 Fraternidade de Rodeio e aos formadores por este momento.<\/p>\n<p><strong>O RITO<\/strong><\/p>\n<p>Depois da homilia, cada \u00a0professando se aproximou do Ministro Provincial e foi interrogado se estava preparado para se consagrar a Deus e buscar a perfei\u00e7\u00e3o da caridade segundo a Regra e as Constitui\u00e7\u00f5es da Ordem dos Frades Menores.<\/p>\n<p><img loading=\"lazy\" class=\"alignleft wp-image-101075\" src=\"http:\/\/franciscanos.org.br\/wp-content\/uploads\/2016\/01\/meio2.jpg\" alt=\"meio2\" width=\"396\" height=\"215\" \/><img loading=\"lazy\" class=\"alignright wp-image-101076\" src=\"http:\/\/franciscanos.org.br\/wp-content\/uploads\/2016\/01\/meio.jpg\" alt=\"meio\" width=\"395\" height=\"215\" \/><\/p>\n<p>Depois, ajoelhados, com as m\u00e3os nas m\u00e3os do Ministro Provincial fizeram a profiss\u00e3o religiosa.\u00a0 Em seguida, cada neoprofesso recebeu do Provincial a Regra e as Constitui\u00e7\u00f5es da Ordem dos Frades Menores. &#8220;Recebei, irm\u00e3o, a Regra da nossa Ordem, livro da vida, comp\u00eandio do Evangelho, caminho da perfei\u00e7\u00e3o, chave do para\u00edso, pacto de eterna alian\u00e7a, para que, observando-a com fidelidade, chegues \u00e0 perfei\u00e7\u00e3o da caridade&#8221;, rezou o Provincial.<\/p>\n<p>O rito terminou com o abra\u00e7o da paz dos frades aos neoprofessos num gesto de acolhida e comunh\u00e3o \u00e0 Fraternidade Provincial.<\/p>\n<p>&nbsp;<\/p>\n<p><strong>AGRADECIMENTOS<\/strong><\/p>\n<p>O neoprofesso Frei Natanael Jos\u00e9 Barbosa fez os agradecimentos finais em nome da turma. Um por um, todos os frades formadores do Noviciado, foram lembrados pelo neoprofesso com gratid\u00e3o. Ele agradeceu o Ministro Provincial pela acolhida na Ordem Franciscana, e a todos que acompanharam direta e indiretamente a caminhada neste ano de noviciado.<\/p>\n<p><img loading=\"lazy\" src=\"http:\/\/franciscanos.org.br\/wp-content\/uploads\/2016\/01\/alto2.jpg\" alt=\"alto2\" width=\"820\" height=\"432\" \/><\/p>\n<p><img class=\"ngg_displayed_gallery mceItem\" src=\"http:\/\/franciscanos.org.br\/index.php\/nextgen-attach_to_post\/preview\/id--101078\" alt=\"\" \/><\/p>\n","protected":false},"excerpt":{"rendered":"<p>Noviciado<\/p>\n","protected":false},"author":1,"featured_media":218624,"comment_status":"open","ping_status":"open","sticky":false,"template":"","format":"standard","meta":[],"categories":[1],"tags":[],"acf":[],"yoast_head":"<!-- This site is optimized with the Yoast SEO plugin v19.2 - https:\/\/yoast.com\/wordpress\/plugins\/seo\/ -->\n<title>Emo\u00e7\u00e3o na Primeira Profiss\u00e3o dos novi\u00e7os em Rodeio - Not\u00edcias - Franciscanos<\/title>\n<meta name=\"robots\" content=\"index, follow, max-snippet:-1, max-image-preview:large, max-video-preview:-1\" \/>\n<link rel=\"canonical\" href=\"https:\/\/franciscanos.org.br\/noticias\/emocao-na-primeira-profissao-de-rodeio.html\" \/>\n<meta property=\"og:locale\" content=\"pt_BR\" \/>\n<meta property=\"og:type\" content=\"article\" \/>\n<meta property=\"og:title\" content=\"Emo\u00e7\u00e3o na Primeira Profiss\u00e3o dos novi\u00e7os em Rodeio - Not\u00edcias - Franciscanos\" \/>\n<meta property=\"og:description\" content=\"Noviciado\" \/>\n<meta property=\"og:url\" content=\"https:\/\/franciscanos.org.br\/noticias\/emocao-na-primeira-profissao-de-rodeio.html\" \/>\n<meta property=\"og:site_name\" content=\"Not\u00edcias - Franciscanos\" \/>\n<meta property=\"article:published_time\" content=\"2016-01-06T04:46:42+00:00\" \/>\n<meta property=\"article:modified_time\" content=\"2020-02-06T14:35:15+00:00\" \/>\n<meta property=\"og:image\" content=\"https:\/\/franciscanos.org.br\/noticias\/wp-content\/uploads\/2016\/01\/alto5.jpg\" \/>\n\t<meta property=\"og:image:width\" content=\"273\" \/>\n\t<meta property=\"og:image:height\" content=\"181\" \/>\n\t<meta property=\"og:image:type\" content=\"image\/jpeg\" \/>\n<meta name=\"author\" content=\"admin\" \/>\n<meta name=\"twitter:card\" content=\"summary_large_image\" \/>\n<meta name=\"twitter:label1\" content=\"Escrito por\" \/>\n\t<meta name=\"twitter:data1\" content=\"admin\" \/>\n\t<meta name=\"twitter:label2\" content=\"Est. tempo de leitura\" \/>\n\t<meta name=\"twitter:data2\" content=\"5 minutos\" \/>\n<script type=\"application\/ld+json\" class=\"yoast-schema-graph\">{\"@context\":\"https:\/\/schema.org\",\"@graph\":[{\"@type\":\"WebSite\",\"@id\":\"https:\/\/franciscanos.org.br\/noticias\/#website\",\"url\":\"https:\/\/franciscanos.org.br\/noticias\/\",\"name\":\"Not\u00edcias - Franciscanos\",\"description\":\"Prov\u00edncia Franciscana da Imaculada Concei\u00e7\u00e3o do Brasil - Ordem dos Frades Menores - OFM\",\"potentialAction\":[{\"@type\":\"SearchAction\",\"target\":{\"@type\":\"EntryPoint\",\"urlTemplate\":\"https:\/\/franciscanos.org.br\/noticias\/?s={search_term_string}\"},\"query-input\":\"required name=search_term_string\"}],\"inLanguage\":\"pt-BR\"},{\"@type\":\"ImageObject\",\"inLanguage\":\"pt-BR\",\"@id\":\"https:\/\/franciscanos.org.br\/noticias\/emocao-na-primeira-profissao-de-rodeio.html#primaryimage\",\"url\":\"https:\/\/franciscanos.org.br\/noticias\/wp-content\/uploads\/2016\/01\/alto5.jpg\",\"contentUrl\":\"https:\/\/franciscanos.org.br\/noticias\/wp-content\/uploads\/2016\/01\/alto5.jpg\",\"width\":273,\"height\":181},{\"@type\":\"WebPage\",\"@id\":\"https:\/\/franciscanos.org.br\/noticias\/emocao-na-primeira-profissao-de-rodeio.html#webpage\",\"url\":\"https:\/\/franciscanos.org.br\/noticias\/emocao-na-primeira-profissao-de-rodeio.html\",\"name\":\"Emo\u00e7\u00e3o na Primeira Profiss\u00e3o dos novi\u00e7os em Rodeio - Not\u00edcias - Franciscanos\",\"isPartOf\":{\"@id\":\"https:\/\/franciscanos.org.br\/noticias\/#website\"},\"primaryImageOfPage\":{\"@id\":\"https:\/\/franciscanos.org.br\/noticias\/emocao-na-primeira-profissao-de-rodeio.html#primaryimage\"},\"datePublished\":\"2016-01-06T04:46:42+00:00\",\"dateModified\":\"2020-02-06T14:35:15+00:00\",\"author\":{\"@id\":\"https:\/\/franciscanos.org.br\/noticias\/#\/schema\/person\/b38fbf43118f02820bd932f2e4b14ad3\"},\"breadcrumb\":{\"@id\":\"https:\/\/franciscanos.org.br\/noticias\/emocao-na-primeira-profissao-de-rodeio.html#breadcrumb\"},\"inLanguage\":\"pt-BR\",\"potentialAction\":[{\"@type\":\"ReadAction\",\"target\":[\"https:\/\/franciscanos.org.br\/noticias\/emocao-na-primeira-profissao-de-rodeio.html\"]}]},{\"@type\":\"BreadcrumbList\",\"@id\":\"https:\/\/franciscanos.org.br\/noticias\/emocao-na-primeira-profissao-de-rodeio.html#breadcrumb\",\"itemListElement\":[{\"@type\":\"ListItem\",\"position\":1,\"name\":\"Home\",\"item\":\"https:\/\/franciscanos.org.br\/noticias\"},{\"@type\":\"ListItem\",\"position\":2,\"name\":\"Emo\u00e7\u00e3o na Primeira Profiss\u00e3o dos novi\u00e7os em Rodeio\"}]},{\"@type\":\"Person\",\"@id\":\"https:\/\/franciscanos.org.br\/noticias\/#\/schema\/person\/b38fbf43118f02820bd932f2e4b14ad3\",\"name\":\"admin\",\"image\":{\"@type\":\"ImageObject\",\"inLanguage\":\"pt-BR\",\"@id\":\"https:\/\/franciscanos.org.br\/noticias\/#\/schema\/person\/image\/\",\"url\":\"https:\/\/secure.gravatar.com\/avatar\/e8495742d34d0ba6448ea1c628263b3e?s=96&d=mm&r=g\",\"contentUrl\":\"https:\/\/secure.gravatar.com\/avatar\/e8495742d34d0ba6448ea1c628263b3e?s=96&d=mm&r=g\",\"caption\":\"admin\"},\"url\":\"https:\/\/franciscanos.org.br\/noticias\/author\/admin\"}]}<\/script>\n<!-- \/ Yoast SEO plugin. -->","yoast_head_json":{"title":"Emo\u00e7\u00e3o na Primeira Profiss\u00e3o dos novi\u00e7os em Rodeio - Not\u00edcias - Franciscanos","robots":{"index":"index","follow":"follow","max-snippet":"max-snippet:-1","max-image-preview":"max-image-preview:large","max-video-preview":"max-video-preview:-1"},"canonical":"https:\/\/franciscanos.org.br\/noticias\/emocao-na-primeira-profissao-de-rodeio.html","og_locale":"pt_BR","og_type":"article","og_title":"Emo\u00e7\u00e3o na Primeira Profiss\u00e3o dos novi\u00e7os em Rodeio - Not\u00edcias - Franciscanos","og_description":"Noviciado","og_url":"https:\/\/franciscanos.org.br\/noticias\/emocao-na-primeira-profissao-de-rodeio.html","og_site_name":"Not\u00edcias - Franciscanos","article_published_time":"2016-01-06T04:46:42+00:00","article_modified_time":"2020-02-06T14:35:15+00:00","og_image":[{"width":273,"height":181,"url":"https:\/\/franciscanos.org.br\/noticias\/wp-content\/uploads\/2016\/01\/alto5.jpg","type":"image\/jpeg"}],"author":"admin","twitter_card":"summary_large_image","twitter_misc":{"Escrito por":"admin","Est. tempo de leitura":"5 minutos"},"schema":{"@context":"https:\/\/schema.org","@graph":[{"@type":"WebSite","@id":"https:\/\/franciscanos.org.br\/noticias\/#website","url":"https:\/\/franciscanos.org.br\/noticias\/","name":"Not\u00edcias - Franciscanos","description":"Prov\u00edncia Franciscana da Imaculada Concei\u00e7\u00e3o do Brasil - Ordem dos Frades Menores - OFM","potentialAction":[{"@type":"SearchAction","target":{"@type":"EntryPoint","urlTemplate":"https:\/\/franciscanos.org.br\/noticias\/?s={search_term_string}"},"query-input":"required name=search_term_string"}],"inLanguage":"pt-BR"},{"@type":"ImageObject","inLanguage":"pt-BR","@id":"https:\/\/franciscanos.org.br\/noticias\/emocao-na-primeira-profissao-de-rodeio.html#primaryimage","url":"https:\/\/franciscanos.org.br\/noticias\/wp-content\/uploads\/2016\/01\/alto5.jpg","contentUrl":"https:\/\/franciscanos.org.br\/noticias\/wp-content\/uploads\/2016\/01\/alto5.jpg","width":273,"height":181},{"@type":"WebPage","@id":"https:\/\/franciscanos.org.br\/noticias\/emocao-na-primeira-profissao-de-rodeio.html#webpage","url":"https:\/\/franciscanos.org.br\/noticias\/emocao-na-primeira-profissao-de-rodeio.html","name":"Emo\u00e7\u00e3o na Primeira Profiss\u00e3o dos novi\u00e7os em Rodeio - Not\u00edcias - Franciscanos","isPartOf":{"@id":"https:\/\/franciscanos.org.br\/noticias\/#website"},"primaryImageOfPage":{"@id":"https:\/\/franciscanos.org.br\/noticias\/emocao-na-primeira-profissao-de-rodeio.html#primaryimage"},"datePublished":"2016-01-06T04:46:42+00:00","dateModified":"2020-02-06T14:35:15+00:00","author":{"@id":"https:\/\/franciscanos.org.br\/noticias\/#\/schema\/person\/b38fbf43118f02820bd932f2e4b14ad3"},"breadcrumb":{"@id":"https:\/\/franciscanos.org.br\/noticias\/emocao-na-primeira-profissao-de-rodeio.html#breadcrumb"},"inLanguage":"pt-BR","potentialAction":[{"@type":"ReadAction","target":["https:\/\/franciscanos.org.br\/noticias\/emocao-na-primeira-profissao-de-rodeio.html"]}]},{"@type":"BreadcrumbList","@id":"https:\/\/franciscanos.org.br\/noticias\/emocao-na-primeira-profissao-de-rodeio.html#breadcrumb","itemListElement":[{"@type":"ListItem","position":1,"name":"Home","item":"https:\/\/franciscanos.org.br\/noticias"},{"@type":"ListItem","position":2,"name":"Emo\u00e7\u00e3o na Primeira Profiss\u00e3o dos novi\u00e7os em Rodeio"}]},{"@type":"Person","@id":"https:\/\/franciscanos.org.br\/noticias\/#\/schema\/person\/b38fbf43118f02820bd932f2e4b14ad3","name":"admin","image":{"@type":"ImageObject","inLanguage":"pt-BR","@id":"https:\/\/franciscanos.org.br\/noticias\/#\/schema\/person\/image\/","url":"https:\/\/secure.gravatar.com\/avatar\/e8495742d34d0ba6448ea1c628263b3e?s=96&d=mm&r=g","contentUrl":"https:\/\/secure.gravatar.com\/avatar\/e8495742d34d0ba6448ea1c628263b3e?s=96&d=mm&r=g","caption":"admin"},"url":"https:\/\/franciscanos.org.br\/noticias\/author\/admin"}]}},"_links":{"self":[{"href":"https:\/\/franciscanos.org.br\/noticias\/wp-json\/wp\/v2\/posts\/101070"}],"collection":[{"href":"https:\/\/franciscanos.org.br\/noticias\/wp-json\/wp\/v2\/posts"}],"about":[{"href":"https:\/\/franciscanos.org.br\/noticias\/wp-json\/wp\/v2\/types\/post"}],"author":[{"embeddable":true,"href":"https:\/\/franciscanos.org.br\/noticias\/wp-json\/wp\/v2\/users\/1"}],"replies":[{"embeddable":true,"href":"https:\/\/franciscanos.org.br\/noticias\/wp-json\/wp\/v2\/comments?post=101070"}],"version-history":[{"count":0,"href":"https:\/\/franciscanos.org.br\/noticias\/wp-json\/wp\/v2\/posts\/101070\/revisions"}],"wp:featuredmedia":[{"embeddable":true,"href":"https:\/\/franciscanos.org.br\/noticias\/wp-json\/wp\/v2\/media\/218624"}],"wp:attachment":[{"href":"https:\/\/franciscanos.org.br\/noticias\/wp-json\/wp\/v2\/media?parent=101070"}],"wp:term":[{"taxonomy":"category","embeddable":true,"href":"https:\/\/franciscanos.org.br\/noticias\/wp-json\/wp\/v2\/categories?post=101070"},{"taxonomy":"post_tag","embeddable":true,"href":"https:\/\/franciscanos.org.br\/noticias\/wp-json\/wp\/v2\/tags?post=101070"}],"curies":[{"name":"wp","href":"https:\/\/api.w.org\/{rel}","templated":true}]}}