{"id":100861,"date":"2016-01-04T19:44:10","date_gmt":"2016-01-04T21:44:10","guid":{"rendered":"http:\/\/franciscanos.org.br\/?p=100861"},"modified":"2020-06-10T08:35:42","modified_gmt":"2020-06-10T11:35:42","slug":"papa-francisco-faz-visita-surpresa-a-greccio","status":"publish","type":"post","link":"https:\/\/franciscanos.org.br\/noticias\/papa-francisco-faz-visita-surpresa-a-greccio.html","title":{"rendered":"Papa Francisco faz visita surpresa a Greccio"},"content":{"rendered":"<p><img loading=\"lazy\" src=\"http:\/\/franciscanos.org.br\/wp-content\/uploads\/2016\/01\/greccio.jpg\" alt=\"greccio\" width=\"820\" height=\"528\" \/><\/p>\n<p><strong>Cidade do Vaticano<\/strong> &#8211; Na tarde desta segunda-feira, o Papa Francisco fez uma visita surpresa a Greccio, localizada na regi\u00e3o italiana do L\u00e1cio (prov\u00edncia de Rieti), para visitar o lugar em que S\u00e3o Francisco instituiu \u2013 na noite de Natal de 1223 \u2013 o Pres\u00e9pio. Ali se deteve por alguns minutos em \u201cora\u00e7\u00e3o pessoal\u201d.<\/p>\n<p>De fato, tratou-se de uma visita surpresa, comunicada somente ao prior do Santu\u00e1rio de Greccio e ao bispo de Rieti, Dom Domenico Pompilli. Situada a quase 100Km de Roma, o Pont\u00edfice fez a breve viagem de autom\u00f3vel.<\/p>\n<p>O Santo Padre foi acolhido por cerca de 70 jovens que est\u00e3o participando de um encontro em andamento no Santu\u00e1rio desde s\u00e1bado, 2 de janeiro. Antes de visitar a capela do Santu\u00e1rio de Greccio, Francisco havia almo\u00e7ado com o bispo de Rieti, Dom Pompilli. Ap\u00f3s a visita privada, o Papa encontrou tamb\u00e9m a comunidade franciscana local.<\/p>\n<p>Os jovens saudados pelo Papa est\u00e3o reunidos num encontro promovido pela Diocese de Rieti. Com participantes de toda a It\u00e1lia, a iniciativa tem como fio condutor a \u201cLaudato si\u201d, Carta enc\u00edclica do Papa Francisco sobre o cuidado da casa comum.<\/p>\n<p><img loading=\"lazy\" src=\"http:\/\/franciscanos.org.br\/wp-content\/uploads\/2016\/01\/greccio1.jpg\" alt=\"greccio1\" width=\"820\" height=\"519\" \/><\/p>\n<p><strong>GRECCIO<\/strong><\/p>\n<p>Greccio, o Santu\u00e1rio do Pres\u00e9pio, a m\u00edstica da Encarna\u00e7\u00e3o, lugar que mexe com a nossa intimidade. Entrar em Greccio \u00e9 como voltar ao ventre da m\u00e3e e ser trazido novamente \u00e0 Luz! Francisco veio a este lugar em 1217 e, desde ent\u00e3o, suas profundas marcas aqui est\u00e3o. Subiu a montanha, abasteceu-se da for\u00e7a divina e descia para pregar ao povo. A aldeia de Greccio ouvia encantada a prega\u00e7\u00e3o do Santo e n\u00e3o queria que ele nunca mais fosse embora e arrumaram um jeito dele ficar.<\/p>\n<p>Jo\u00e3o Velita, homem rico da aldeia, ajeita um terreno no bosque que o Santo pede para ser mais retirado da aldeia, distante na medida de um tiro de pedra. Diz a lenda que pediram a uma crian\u00e7a que atirasse uma tocha o mais longe poss\u00edvel, onde ela ca\u00edsse, despenhadeiro acima ou abaixo, ali seria o lugar; para a surpresa de todos a tocha foi parar a tr\u00eas quil\u00f4metros de dist\u00e2ncia. Ali escavaram as grutas e espa\u00e7os para alojar Francisco e seus frades. Pura lenda, mas carregada de significa\u00e7\u00e3o: o lugar do recolhimento \u00e9 sempre um lugar indicado pela Luz.<\/p>\n<p><img loading=\"lazy\" src=\"http:\/\/franciscanos.org.br\/wp-content\/uploads\/2016\/01\/greccio5.jpg\" alt=\"greccio5\" width=\"820\" height=\"538\" \/><\/p>\n<p>Entre 1223 houve a famosa celebra\u00e7\u00e3o de Natal, onde Francisco escolhe um canto no meio da floresta, faz uma manjedoura na fenda da pedra, e foi compondo com frades e o povo da aldeia os personagens do Pres\u00e9pio; uma encena\u00e7\u00e3o teatralizada do Nascimento do Senhor, o primeiro Pres\u00e9pio que se tem not\u00edcia depois daquela Luminosa e Gloriosa noite em Bel\u00e9m. Greccio \u00e9 a atualiza\u00e7\u00e3o de Bel\u00e9m. Hoje neste ponto celebrativo tem uma capela dedicada a S\u00e3o Lucas.<\/p>\n<p>Le\u00e3o, Rufino e \u00c2ngelo escreveram, na instigante inspira\u00e7\u00e3o de Greccio, os trechos da Legenda dos Tr\u00eas Companheiros, tem at\u00e9 uma carta com dia m\u00eas e ano comprovando o relato dos tr\u00eas que tamb\u00e9m passaram um bom tempo neste Eremo. A Legenda dos Tr\u00eas Compnaheiros \u00e9 a mais pura revela\u00e7\u00e3o de um ideal nascivo, gestado sob a fecundidade divina. Greccio \u00e9 um \u00fatero, seio, ventre&#8230; lugar de um novo renascer.<\/p>\n<p>Hoje, o Eremo \u00e9 um santu\u00e1rio cravado e pendurado na rocha; simplicidade e impon\u00eancia, perman\u00eancia e fortaleza; \u00e9 como se fosse um grande ouvido colado para uma grande escuta dos ecos do Absoluto. Por dentro dele podemos ver o primitivo refeit\u00f3rio, um quartinho de S\u00e3o Francisco, a cantina, o pequeno e surpreendente dormit\u00f3rio dos frades, a capelinha e o coro, rel\u00edquias do bem aventurado Jo\u00e3o de Parma, o p\u00falpito onde S\u00e3o Bernardino de Siena pregava.<\/p>\n<p>A igreja nova foi constru\u00edda em 1960 e dedicada \u00e0 Imaculada Concei\u00e7\u00e3o. Esta igreja \u00e9 de uma beleza indescrit\u00edvel! <strong>(Frei Vit\u00f3rio Mazzuco)<\/strong><\/p>\n<p><img loading=\"lazy\" src=\"http:\/\/franciscanos.org.br\/wp-content\/uploads\/2016\/01\/greccio4.jpg\" alt=\"greccio4\" width=\"820\" height=\"615\" \/><\/p>\n<hr \/>\n<p><em>Fonte: R\u00e1dio Vaticano e Frei Vitorio Mazzuco<\/em><\/p>\n","protected":false},"excerpt":{"rendered":"<p>Visita a Greccio<\/p>\n","protected":false},"author":1,"featured_media":219841,"comment_status":"open","ping_status":"open","sticky":false,"template":"","format":"standard","meta":[],"categories":[1428],"tags":[1556],"acf":[],"yoast_head":"<!-- This site is optimized with the Yoast SEO plugin v19.2 - https:\/\/yoast.com\/wordpress\/plugins\/seo\/ -->\n<title>Papa Francisco faz visita surpresa a Greccio - Not\u00edcias - Franciscanos<\/title>\n<meta name=\"robots\" content=\"index, follow, max-snippet:-1, max-image-preview:large, max-video-preview:-1\" \/>\n<link rel=\"canonical\" href=\"https:\/\/franciscanos.org.br\/noticias\/papa-francisco-faz-visita-surpresa-a-greccio.html\" \/>\n<meta property=\"og:locale\" content=\"pt_BR\" \/>\n<meta property=\"og:type\" content=\"article\" \/>\n<meta property=\"og:title\" content=\"Papa Francisco faz visita surpresa a Greccio - Not\u00edcias - Franciscanos\" \/>\n<meta property=\"og:description\" content=\"Visita a Greccio\" \/>\n<meta property=\"og:url\" content=\"https:\/\/franciscanos.org.br\/noticias\/papa-francisco-faz-visita-surpresa-a-greccio.html\" \/>\n<meta property=\"og:site_name\" content=\"Not\u00edcias - Franciscanos\" \/>\n<meta property=\"article:published_time\" content=\"2016-01-04T21:44:10+00:00\" \/>\n<meta property=\"article:modified_time\" content=\"2020-06-10T11:35:42+00:00\" \/>\n<meta property=\"og:image\" content=\"https:\/\/franciscanos.org.br\/noticias\/wp-content\/uploads\/2016\/01\/greccio.jpg\" \/>\n\t<meta property=\"og:image:width\" content=\"273\" \/>\n\t<meta property=\"og:image:height\" content=\"181\" \/>\n\t<meta property=\"og:image:type\" content=\"image\/jpeg\" \/>\n<meta name=\"author\" content=\"admin\" \/>\n<meta name=\"twitter:card\" content=\"summary_large_image\" \/>\n<meta name=\"twitter:label1\" content=\"Escrito por\" \/>\n\t<meta name=\"twitter:data1\" content=\"admin\" \/>\n\t<meta name=\"twitter:label2\" content=\"Est. tempo de leitura\" \/>\n\t<meta name=\"twitter:data2\" content=\"3 minutos\" \/>\n<script type=\"application\/ld+json\" class=\"yoast-schema-graph\">{\"@context\":\"https:\/\/schema.org\",\"@graph\":[{\"@type\":\"WebSite\",\"@id\":\"https:\/\/franciscanos.org.br\/noticias\/#website\",\"url\":\"https:\/\/franciscanos.org.br\/noticias\/\",\"name\":\"Not\u00edcias - Franciscanos\",\"description\":\"Prov\u00edncia Franciscana da Imaculada Concei\u00e7\u00e3o do Brasil - Ordem dos Frades Menores - OFM\",\"potentialAction\":[{\"@type\":\"SearchAction\",\"target\":{\"@type\":\"EntryPoint\",\"urlTemplate\":\"https:\/\/franciscanos.org.br\/noticias\/?s={search_term_string}\"},\"query-input\":\"required name=search_term_string\"}],\"inLanguage\":\"pt-BR\"},{\"@type\":\"ImageObject\",\"inLanguage\":\"pt-BR\",\"@id\":\"https:\/\/franciscanos.org.br\/noticias\/papa-francisco-faz-visita-surpresa-a-greccio.html#primaryimage\",\"url\":\"https:\/\/franciscanos.org.br\/noticias\/wp-content\/uploads\/2016\/01\/greccio.jpg\",\"contentUrl\":\"https:\/\/franciscanos.org.br\/noticias\/wp-content\/uploads\/2016\/01\/greccio.jpg\",\"width\":273,\"height\":181},{\"@type\":\"WebPage\",\"@id\":\"https:\/\/franciscanos.org.br\/noticias\/papa-francisco-faz-visita-surpresa-a-greccio.html#webpage\",\"url\":\"https:\/\/franciscanos.org.br\/noticias\/papa-francisco-faz-visita-surpresa-a-greccio.html\",\"name\":\"Papa Francisco faz visita surpresa a Greccio - Not\u00edcias - Franciscanos\",\"isPartOf\":{\"@id\":\"https:\/\/franciscanos.org.br\/noticias\/#website\"},\"primaryImageOfPage\":{\"@id\":\"https:\/\/franciscanos.org.br\/noticias\/papa-francisco-faz-visita-surpresa-a-greccio.html#primaryimage\"},\"datePublished\":\"2016-01-04T21:44:10+00:00\",\"dateModified\":\"2020-06-10T11:35:42+00:00\",\"author\":{\"@id\":\"https:\/\/franciscanos.org.br\/noticias\/#\/schema\/person\/b38fbf43118f02820bd932f2e4b14ad3\"},\"breadcrumb\":{\"@id\":\"https:\/\/franciscanos.org.br\/noticias\/papa-francisco-faz-visita-surpresa-a-greccio.html#breadcrumb\"},\"inLanguage\":\"pt-BR\",\"potentialAction\":[{\"@type\":\"ReadAction\",\"target\":[\"https:\/\/franciscanos.org.br\/noticias\/papa-francisco-faz-visita-surpresa-a-greccio.html\"]}]},{\"@type\":\"BreadcrumbList\",\"@id\":\"https:\/\/franciscanos.org.br\/noticias\/papa-francisco-faz-visita-surpresa-a-greccio.html#breadcrumb\",\"itemListElement\":[{\"@type\":\"ListItem\",\"position\":1,\"name\":\"Home\",\"item\":\"https:\/\/franciscanos.org.br\/noticias\"},{\"@type\":\"ListItem\",\"position\":2,\"name\":\"Papa Francisco faz visita surpresa a Greccio\"}]},{\"@type\":\"Person\",\"@id\":\"https:\/\/franciscanos.org.br\/noticias\/#\/schema\/person\/b38fbf43118f02820bd932f2e4b14ad3\",\"name\":\"admin\",\"image\":{\"@type\":\"ImageObject\",\"inLanguage\":\"pt-BR\",\"@id\":\"https:\/\/franciscanos.org.br\/noticias\/#\/schema\/person\/image\/\",\"url\":\"https:\/\/secure.gravatar.com\/avatar\/e8495742d34d0ba6448ea1c628263b3e?s=96&d=mm&r=g\",\"contentUrl\":\"https:\/\/secure.gravatar.com\/avatar\/e8495742d34d0ba6448ea1c628263b3e?s=96&d=mm&r=g\",\"caption\":\"admin\"},\"url\":\"https:\/\/franciscanos.org.br\/noticias\/author\/admin\"}]}<\/script>\n<!-- \/ Yoast SEO plugin. -->","yoast_head_json":{"title":"Papa Francisco faz visita surpresa a Greccio - Not\u00edcias - Franciscanos","robots":{"index":"index","follow":"follow","max-snippet":"max-snippet:-1","max-image-preview":"max-image-preview:large","max-video-preview":"max-video-preview:-1"},"canonical":"https:\/\/franciscanos.org.br\/noticias\/papa-francisco-faz-visita-surpresa-a-greccio.html","og_locale":"pt_BR","og_type":"article","og_title":"Papa Francisco faz visita surpresa a Greccio - Not\u00edcias - Franciscanos","og_description":"Visita a Greccio","og_url":"https:\/\/franciscanos.org.br\/noticias\/papa-francisco-faz-visita-surpresa-a-greccio.html","og_site_name":"Not\u00edcias - Franciscanos","article_published_time":"2016-01-04T21:44:10+00:00","article_modified_time":"2020-06-10T11:35:42+00:00","og_image":[{"width":273,"height":181,"url":"https:\/\/franciscanos.org.br\/noticias\/wp-content\/uploads\/2016\/01\/greccio.jpg","type":"image\/jpeg"}],"author":"admin","twitter_card":"summary_large_image","twitter_misc":{"Escrito por":"admin","Est. tempo de leitura":"3 minutos"},"schema":{"@context":"https:\/\/schema.org","@graph":[{"@type":"WebSite","@id":"https:\/\/franciscanos.org.br\/noticias\/#website","url":"https:\/\/franciscanos.org.br\/noticias\/","name":"Not\u00edcias - Franciscanos","description":"Prov\u00edncia Franciscana da Imaculada Concei\u00e7\u00e3o do Brasil - Ordem dos Frades Menores - OFM","potentialAction":[{"@type":"SearchAction","target":{"@type":"EntryPoint","urlTemplate":"https:\/\/franciscanos.org.br\/noticias\/?s={search_term_string}"},"query-input":"required name=search_term_string"}],"inLanguage":"pt-BR"},{"@type":"ImageObject","inLanguage":"pt-BR","@id":"https:\/\/franciscanos.org.br\/noticias\/papa-francisco-faz-visita-surpresa-a-greccio.html#primaryimage","url":"https:\/\/franciscanos.org.br\/noticias\/wp-content\/uploads\/2016\/01\/greccio.jpg","contentUrl":"https:\/\/franciscanos.org.br\/noticias\/wp-content\/uploads\/2016\/01\/greccio.jpg","width":273,"height":181},{"@type":"WebPage","@id":"https:\/\/franciscanos.org.br\/noticias\/papa-francisco-faz-visita-surpresa-a-greccio.html#webpage","url":"https:\/\/franciscanos.org.br\/noticias\/papa-francisco-faz-visita-surpresa-a-greccio.html","name":"Papa Francisco faz visita surpresa a Greccio - Not\u00edcias - Franciscanos","isPartOf":{"@id":"https:\/\/franciscanos.org.br\/noticias\/#website"},"primaryImageOfPage":{"@id":"https:\/\/franciscanos.org.br\/noticias\/papa-francisco-faz-visita-surpresa-a-greccio.html#primaryimage"},"datePublished":"2016-01-04T21:44:10+00:00","dateModified":"2020-06-10T11:35:42+00:00","author":{"@id":"https:\/\/franciscanos.org.br\/noticias\/#\/schema\/person\/b38fbf43118f02820bd932f2e4b14ad3"},"breadcrumb":{"@id":"https:\/\/franciscanos.org.br\/noticias\/papa-francisco-faz-visita-surpresa-a-greccio.html#breadcrumb"},"inLanguage":"pt-BR","potentialAction":[{"@type":"ReadAction","target":["https:\/\/franciscanos.org.br\/noticias\/papa-francisco-faz-visita-surpresa-a-greccio.html"]}]},{"@type":"BreadcrumbList","@id":"https:\/\/franciscanos.org.br\/noticias\/papa-francisco-faz-visita-surpresa-a-greccio.html#breadcrumb","itemListElement":[{"@type":"ListItem","position":1,"name":"Home","item":"https:\/\/franciscanos.org.br\/noticias"},{"@type":"ListItem","position":2,"name":"Papa Francisco faz visita surpresa a Greccio"}]},{"@type":"Person","@id":"https:\/\/franciscanos.org.br\/noticias\/#\/schema\/person\/b38fbf43118f02820bd932f2e4b14ad3","name":"admin","image":{"@type":"ImageObject","inLanguage":"pt-BR","@id":"https:\/\/franciscanos.org.br\/noticias\/#\/schema\/person\/image\/","url":"https:\/\/secure.gravatar.com\/avatar\/e8495742d34d0ba6448ea1c628263b3e?s=96&d=mm&r=g","contentUrl":"https:\/\/secure.gravatar.com\/avatar\/e8495742d34d0ba6448ea1c628263b3e?s=96&d=mm&r=g","caption":"admin"},"url":"https:\/\/franciscanos.org.br\/noticias\/author\/admin"}]}},"_links":{"self":[{"href":"https:\/\/franciscanos.org.br\/noticias\/wp-json\/wp\/v2\/posts\/100861"}],"collection":[{"href":"https:\/\/franciscanos.org.br\/noticias\/wp-json\/wp\/v2\/posts"}],"about":[{"href":"https:\/\/franciscanos.org.br\/noticias\/wp-json\/wp\/v2\/types\/post"}],"author":[{"embeddable":true,"href":"https:\/\/franciscanos.org.br\/noticias\/wp-json\/wp\/v2\/users\/1"}],"replies":[{"embeddable":true,"href":"https:\/\/franciscanos.org.br\/noticias\/wp-json\/wp\/v2\/comments?post=100861"}],"version-history":[{"count":2,"href":"https:\/\/franciscanos.org.br\/noticias\/wp-json\/wp\/v2\/posts\/100861\/revisions"}],"predecessor-version":[{"id":225808,"href":"https:\/\/franciscanos.org.br\/noticias\/wp-json\/wp\/v2\/posts\/100861\/revisions\/225808"}],"wp:featuredmedia":[{"embeddable":true,"href":"https:\/\/franciscanos.org.br\/noticias\/wp-json\/wp\/v2\/media\/219841"}],"wp:attachment":[{"href":"https:\/\/franciscanos.org.br\/noticias\/wp-json\/wp\/v2\/media?parent=100861"}],"wp:term":[{"taxonomy":"category","embeddable":true,"href":"https:\/\/franciscanos.org.br\/noticias\/wp-json\/wp\/v2\/categories?post=100861"},{"taxonomy":"post_tag","embeddable":true,"href":"https:\/\/franciscanos.org.br\/noticias\/wp-json\/wp\/v2\/tags?post=100861"}],"curies":[{"name":"wp","href":"https:\/\/api.w.org\/{rel}","templated":true}]}}