{"id":100721,"date":"2016-01-01T16:34:41","date_gmt":"2016-01-01T18:34:41","guid":{"rendered":"http:\/\/franciscanos.org.br\/?p=100721"},"modified":"2020-06-10T08:39:06","modified_gmt":"2020-06-10T11:39:06","slug":"o-senhor-nao-promete-mudancas-magicas","status":"publish","type":"post","link":"https:\/\/franciscanos.org.br\/noticias\/o-senhor-nao-promete-mudancas-magicas.html","title":{"rendered":"&#8220;O Senhor n\u00e3o promete mudan\u00e7as m\u00e1gicas&#8221;"},"content":{"rendered":"<p><img loading=\"lazy\" src=\"http:\/\/franciscanos.org.br\/wp-content\/uploads\/2016\/01\/maior_12.jpg\" alt=\"maior_12\" width=\"820\" height=\"545\" \/><\/p>\n<p><strong>Cidade do Vaticano<\/strong> \u2013 Ap\u00f3s presidir na Bas\u00edlica a missa por ocasi\u00e3o da Solenidade da M\u00e3e de Deus, o Papa Francisco rezou o Angelus da janela do apartamento pontif\u00edcio, com os milhares de fi\u00e9is reunidos na Pra\u00e7a S\u00e3o Pedro. Neste primeiro dia de 2016, Francisco quis desejar a todos um \u201caug\u00fario amparado por uma esperan\u00e7a real\u201d.<\/p>\n<p>O Papa observou que a troca de felicita\u00e7\u00f5es na virada no ano \u00e9 \u201cum sinal da esperan\u00e7a que nos anima e nos convida a acreditar na vida\u201d, de que aquilo que nos espera \u201cseja um pouco melhor\u201d. Recordando tamb\u00e9m que todos sabemos \u201cque com o ano novo nem tudo mudar\u00e1, e que tantos problemas de ontem permanecer\u00e3o tamb\u00e9m amanh\u00e3\u201d. Apesar desta constata\u00e7\u00e3o, a sua mensagem \u00e9 de esperan\u00e7a.<\/p>\n<p>Inspirado na B\u00ean\u00e7\u00e3o Lit\u00fargica em que \u201co Senhor mesmo quis aben\u00e7oar o seu povo\u201d, Francisco diz que tamb\u00e9m ele deseja isto: \u201cque o Senhor volte o seu olhar sobre voc\u00eas e que possam se alegrar, sabendo que em cada dia o seu rosto misericordioso, mais radiante do que o sol, resplandece sobre v\u00f3s e n\u00e3o se p\u00f5e nunca!\u201d: \u201cDescobrir o rosto de Deus renova a vida. Porque \u00e9 um Pai enamorado do homem, que n\u00e3o se cansa nunca de recome\u00e7ar conosco do in\u00edcio, para nos renovar. Mas o Senhor tem uma paci\u00eancia conosco! N\u00e3o se cansa de recome\u00e7ar do in\u00edcio cada vez que n\u00f3s ca\u00edmos. Por\u00e9m, o Senhor n\u00e3o promete mudan\u00e7as m\u00e1gicas. Ele n\u00e3o usa a varinha m\u00e1gica. Ama mudar a realidade a partir de dentro, com paci\u00eancia e amor; pede para entrar na nossa vida com delicadeza, como a chuva na terra, para dar fruto. E sempre nos espera e nos olha com ternura. A cada manh\u00e3, ao despertar, podemos dizer: &#8216;Hoje o Senhor faz resplandecer a sua face sobre mim! Bonita ora\u00e7\u00e3o, que \u00e9 uma realidade&#8217;\u201d.<\/p>\n<p><img loading=\"lazy\" src=\"http:\/\/franciscanos.org.br\/wp-content\/uploads\/2016\/01\/maior_9.jpg\" alt=\"maior_9\" width=\"820\" height=\"545\" \/><\/p>\n<p>O Papa recordou que a Igreja celebra hoje o Dia Mundial da Paz com o tema \u201cVence a indiferen\u00e7a e conquista a paz\u201d. \u201cA paz que Deus deseja semear no mundo \u2013 disse \u2013 deve ser cultivada por n\u00f3s. E n\u00e3o somente, mas deve ser \u201cconquistada\u201d\u201d: \u201cIsto comporta uma verdadeira luta, um combate espiritual, que tem lugar em nosso cora\u00e7\u00e3o. Porque inimiga da paz n\u00e3o \u00e9 somente a guerra, mas tamb\u00e9m a indiferen\u00e7a, que faz pensar somente em si mesmo e cria barreiras, suspeitas, medos, fechamentos. E estas coisas s\u00e3o inimigas da paz. Temos, gra\u00e7as a Deus, tantas informa\u00e7\u00f5es; mas \u00e0s vezes somos t\u00e3o bombardeados por not\u00edcias que nos distra\u00edmos distra\u00eddos da realidade, do irm\u00e3o e da irm\u00e3 que tem necessidade de n\u00f3s. Comecemos neste ano a abrir o cora\u00e7\u00e3o, despertando a aten\u00e7\u00e3o pelo pr\u00f3ximo, a quem est\u00e1 mais perto. Este \u00e9 o caminho para a conquista da paz\u201d.<\/p>\n<p>Ao concluir sua reflex\u00e3o, o Santo Padre pediu que a Rainha da Paz, a M\u00e3e de Deus, cuja Solenidade \u00e9 celebrada neste 1\u00ba de janeiro, nos ajude neste intento, ela, que &#8220;guardava todas estas coisas, meditando-as em seu cora\u00e7\u00e3o\u201d: \u201cAs esperan\u00e7as e as preocupa\u00e7\u00f5es, a gratid\u00e3o e os problemas: tudo aquilo que acontecia na vida tornava-se, no cora\u00e7\u00e3o de Maria, ora\u00e7\u00e3o, di\u00e1logo com Deus. E ela faz isto tamb\u00e9m por n\u00f3s: guarda as alegrias e desata os n\u00f3s da nossa vida, entregando-os ao Senhor\u201d.<\/p>\n<p>Ap\u00f3s recitar a ora\u00e7\u00e3o do Angelus, o Papa dirigiu-se aos fi\u00e9is manifestando o seu reconhecimento \u201cpelas in\u00fameras iniciativas de ora\u00e7\u00e3o e de a\u00e7\u00e3o pela paz organizadas e todas as partes do mundo por ocasi\u00e3o do Dia Mundial da Paz.<\/p>\n<p>O Pont\u00edfice tamb\u00e9m saudou os \u201cCantores da Estrela\u201d \u2013 \u201ccrian\u00e7as e jovens que na Alemanha e na \u00c1ustria levam nas casas a b\u00ean\u00e7\u00e3o de Jesus e fazem uma coleta de ofertas para os pobres\u201d.<\/p>\n<p>Ao concluir, o Santo Padre desejou a todos um \u201cano de paz na gra\u00e7a do Senhor, rico de miseric\u00f3rdia, e com a prote\u00e7\u00e3o materna de Maria, a Santa M\u00e3e de Deus\u201d.<\/p>\n<p><img loading=\"lazy\" src=\"http:\/\/franciscanos.org.br\/wp-content\/uploads\/2016\/01\/maior_7.jpg\" alt=\"maior_7\" width=\"820\" height=\"545\" \/><\/p>\n<h3>SANTA MARIA M\u00c3E DE DEUS<\/h3>\n<p>O Papa Francisco presidiu, na manh\u00e3 desta sexta-feira (01\/01), na Bas\u00edlica Vaticana, \u00e0 celebra\u00e7\u00e3o Eucar\u00edstica pela Solenidade de Maria Sant\u00edssima, M\u00e3e de Deus.<\/p>\n<p>Em sua homilia, o Santo Padre partiu das palavras do ap\u00f3stolo S\u00e3o Paulo: \u201cQuando chegou a plenitude do tempo, Deus enviou o seu Filho, nascido de uma mulher\u201d e explicou o seu significado hist\u00f3rico: Se o nosso olhar se fixar no momento hist\u00f3rico, poder\u00edamos ficar decepcionados. Sobre grande parte do mundo daquela \u00e9poca, Roma dominava com suas for\u00e7as militares. O imperador Augusto havia chegado ao poder depois de cinco guerras civis. Tamb\u00e9m Israel fora conquistado pelo Imp\u00e9rio Romano e o povo eleito estava privado da liberdade.<\/p>\n<p>Logo, disse o Papa, aquele n\u00e3o era certamente o tempo melhor para os contempor\u00e2neos de Jesus. Neste sentido, foi necess\u00e1rio interpretar a \u201cplenitude do tempo\u201d, a partir de Deus, que estabeleceu o momento de cumprir a promessa \u00e0 humanidade.<\/p>\n<p>Por isso, continuou o Pont\u00edfice, n\u00e3o foi a hist\u00f3ria que decidiu a hora do nascimento de Cristo. Pelo contr\u00e1rio, a sua vinda ao mundo permitiu \u00e0 hist\u00f3ria chegar \u00e0 sua plenitude. \u00c9 por este motivo que o c\u00e1lculo de uma nova era come\u00e7ou com o nascimento do Filho de Deus ou o cumprimento da antiga promessa: \u201cLogo, a plenitude do tempo \u00e9 a presen\u00e7a de Deus em pessoa na nossa hist\u00f3ria. Agora, podemos ver a sua gl\u00f3ria, que refulge na pobreza de uma estrebaria, e ser encorajados e sustentados pelo seu Verbo, que se fez \u2018pequeno\u2019 em uma crian\u00e7a. Gra\u00e7as a Ele, o nosso tempo encontra a sua plenitude\u201d.<\/p>\n<p><img loading=\"lazy\" src=\"http:\/\/franciscanos.org.br\/wp-content\/uploads\/2016\/01\/maior_13.jpg\" alt=\"maior_13\" width=\"820\" height=\"504\" \/><\/p>\n<p>Por\u00e9m, &#8211; frisou o Santo Padre &#8211; este mist\u00e9rio sempre contrasta com a dram\u00e1tica experi\u00eancia hist\u00f3rica. Gostar\u00edamos de ser sempre sustentados pelos sinais da presen\u00e7a de Deus. No entanto, a \u201cplenitude do tempo\u201d parece desmoronar perante as in\u00fameras formas de injusti\u00e7a e viol\u00eancia, que ferem diariamente a humanidade.<\/p>\n<p>E o Papa se perguntou: \u201cComo \u00e9 poss\u00edvel que perdure a prepot\u00eancia do homem sobre o homem? Que a arrog\u00e2ncia do mais forte continue a humilhar o mais fraco, relegando-o \u00e0s margens mais esqu\u00e1lidas do nosso mundo? At\u00e9 quando a maldade humana semear\u00e1 viol\u00eancia e \u00f3dio na terra, causando v\u00edtimas inocentes? Como pode ser \u2018tempo da plenitude\u2019 quando, diante dos nossos olhos, multid\u00f5es de homens, mulheres e crian\u00e7as fogem da guerra, da fome, da persegui\u00e7\u00e3o, dispostos a arriscar a vida para que sejam respeitados os seus direitos fundamentais?\u201d<\/p>\n<p>Contudo, \u2013 disse Francisco \u2013 este rio de mis\u00e9ria, alimentado pelo pecado, parece contradizer a plenitude do tempo, realizada por Cristo. No entanto, este rio transbordante nada pode fazer diante do oceano de miseric\u00f3rdia, que inunda o nosso mundo. Todos n\u00f3s somos chamados a mergulhar neste oceano, a deixar-nos regenerar, para vencer a indiferen\u00e7a que impede a solidariedade. A gra\u00e7a de Cristo, que realiza a expectativa da salva\u00e7\u00e3o, nos impele a sermos seus cooperadores na constru\u00e7\u00e3o de um mundo mais justo e fraterno, onde as pessoas e as criaturas possam viver em paz, na harmonia da cria\u00e7\u00e3o primordial de Deus. E o Papa ponderou: \u201cNo in\u00edcio de um novo ano, a Igreja faz-nos contemplar, como \u00edcone de paz, a maternidade divina de Maria. A antiga promessa realiza-se na sua pessoa, que acreditou nas palavras do Anjo; ela concebeu o Filho e tornou-se M\u00e3e do Senhor. Atrav\u00e9s do \u2018sim\u2019 de Maria chegou a \u2018plenitude do tempo\u2019.\u201d<\/p>\n<p>Hoje, &#8211; concluiu o Pont\u00edfice, a \u2018plenitude do tempo\u2019 nos leva a individuar o sentido dos acontecimentos, que tocam a n\u00f3s, \u00e0s nossas fam\u00edlias, os nossos pa\u00edses e o mundo inteiro. Aonde n\u00e3o pode chegar a raz\u00e3o dos fil\u00f3sofos, &#8211; frisou &#8211; nem as negocia\u00e7\u00f5es pol\u00edticas conseguem fazer o que a for\u00e7a da f\u00e9 e da gra\u00e7a do Evangelho de Cristo faz, abrindo sempre novos caminhos \u00e0 raz\u00e3o e \u00e0s negocia\u00e7\u00f5es.<\/p>\n<p><img loading=\"lazy\" src=\"http:\/\/franciscanos.org.br\/wp-content\/uploads\/2016\/01\/maior_4.jpg\" alt=\"maior_4\" width=\"820\" height=\"546\" \/><\/p>\n<h3>ABERTA A PORTA SANTA DA BAS\u00cdLICA DE SANTA MARIA MAIOR<\/h3>\n<p>Cidade do Vaticano \u2013 O Santo Padre deixou o Vaticano na tarde desta sexta-feira (01\/01), para se dirigir \u00e0 Bas\u00edlica de Santa Maria Maior, no centro de Roma. L\u00e1, o Papa presidiu \u00e0 celebra\u00e7\u00e3o da Santa Missa no in\u00edcio da qual abriu a Porta Santa do primeiro templo dedicado a Nossa Senhora no Ocidente, no \u00e2mbito do Jubileu da Miseric\u00f3rdia.<\/p>\n<p>Francisco iniciou a sua homilia com a sauda\u00e7\u00e3o: \u201cSalve Maria, M\u00e3e de Miseric\u00f3rdia\u201d. Trata-se de um hino antigo, de autor desconhecido, que chegou at\u00e9 n\u00f3s como uma ora\u00e7\u00e3o, que brota, espontaneamente, do cora\u00e7\u00e3o dos fi\u00e9is: \u201cSalve M\u00e3e de miseric\u00f3rdia, M\u00e3e de Deus e M\u00e3e do perd\u00e3o, M\u00e3e da esperan\u00e7a e M\u00e3e da gra\u00e7a, M\u00e3e cheia de santa alegria\u201d.<br \/>\nNestas poucas palavras, &#8211; disse o Papa &#8211; est\u00e1 sintetizada a f\u00e9 de gera\u00e7\u00f5es de pessoas, que, mantendo os olhos fixos no \u00edcone da Virgem, pedem a sua intercess\u00e3o e consola\u00e7\u00e3o: \u00a0\u201c\u00c9 mais do que apropriado que, neste dia, invocamos a Virgem Maria, antes de tudo como a M\u00e3e da miseric\u00f3rdia. A Porta Santa que acabamos de abrir \u00e9, realmente, uma Porta da Miseric\u00f3rdia. Todas as pessoas que cruzarem este limiar s\u00e3o chamadas a deixar-se mergulhar no amor misericordioso do Pai, com plena confian\u00e7a e sem qualquer temor, na certeza de sair daqui na companhia de Maria, a M\u00e3e da miseric\u00f3rdia\u201d.<\/p>\n<p><img loading=\"lazy\" class=\"alignright size-full wp-image-100727\" src=\"http:\/\/franciscanos.org.br\/wp-content\/uploads\/2016\/01\/maior_5.jpg\" alt=\"maior_5\" width=\"439\" height=\"660\" \/><\/p>\n<p>O Filho de Deus, &#8211; continuou o Papa &#8211; que se encarnou para a nossa salva\u00e7\u00e3o, deu-nos a sua M\u00e3e, que se fez peregrina conosco, sem jamais nos deixar sozinhos no caminho da nossa vida, especialmente nos momentos de incerteza e sofrimento. Maria \u00e9 M\u00e3e que perdoa e, por isso, \u00e9 a M\u00e3e do perd\u00e3o: \u201cEsta palavra \u2018perd\u00e3o\u2019, t\u00e3o incompreendida pela mentalidade mundana, indica precisamente o fruto pr\u00f3prio e original da f\u00e9 crist\u00e3. Quem n\u00e3o sabe perdoar n\u00e3o conheceu ainda a plenitude do amor. S\u00f3 quem ama de verdade \u00e9 capaz de chegar ao perd\u00e3o e esquecer a ofensa recebida. Aos p\u00e9s da cruz, Maria tornou-se a M\u00e3e do perd\u00e3o e o \u00edcone do perd\u00e3o para a Igreja. O Esp\u00edrito Santo tornou os Ap\u00f3stolos instrumentos eficazes de perd\u00e3o\u201d.<\/p>\n<p>Santa alegria<br \/>\nA seguir, o Papa retomou o hino mariano antigo, que diz ainda: \u201cM\u00e3e da esperan\u00e7a! M\u00e3e da gra\u00e7a! M\u00e3e da santa alegria!\u201d. A esperan\u00e7a, a gra\u00e7a e a santa alegria s\u00e3o irm\u00e3s \u2013 afirmou &#8211; s\u00e3o dons de Cristo. A gra\u00e7a abre o cora\u00e7\u00e3o, para olhar o futuro com a alegria de quem espera.<\/p>\n<p>Por outro lado, a for\u00e7a do perd\u00e3o \u2013 frisou o Pont\u00edfice &#8211; \u00e9 o verdadeiro ant\u00eddoto para a tristeza, provocada pelo rancor e pela vingan\u00e7a. O perd\u00e3o abre \u00e0 alegria e \u00e0 serenidade, porque liberta a alma dos pensamentos de morte, enquanto o rancor e a vingan\u00e7a se insinuam na mente e dilacerarem o cora\u00e7\u00e3o, tirando-lhe o descanso e a paz. Coisas ruins s\u00e3o o rancor e a vingan\u00e7a. O Santo Padre concluiu sua homilia com a exorta\u00e7\u00e3o: \u201cAtravessemos a Porta Santa da Miseric\u00f3rdia na certeza da companhia da Virgem M\u00e3e, a Santa M\u00e3e de Deus, que intercede por n\u00f3s. Deixemo-nos acompanhar por Ela para redescobrir a beleza do encontro com o seu Filho Jesus. Abramos o nosso cora\u00e7\u00e3o \u00e0 alegria do perd\u00e3o, conscientes da esperan\u00e7a segura, que faz da nossa exist\u00eancia humana um instrumento humilde do amor de Deus\u201d.<\/p>\n<p>Por fim, o Papa convidou os presentes a aclamar Nossa Senhora, com amor filial, com o t\u00edtulo de \u201cSanta M\u00e3e de Deus!\u201d<\/p>\n<p>Ap\u00f3s a b\u00ean\u00e7\u00e3o final, o Santo Padre dirigiu-se \u00e0 capela lateral &#8211; onde abriu solenemente a porta gradeada &#8211; para venerar o \u00edcone de Maria Salus Populi Romani, que lhe \u00e9 t\u00e3o cara. Francisco depositou um buqu\u00ea de flores no altar e incensou o \u00edcone mariano. Ao sair em prociss\u00e3o, o Papa dirigiu-se aos fi\u00e9is presentes na parte externa da Bas\u00edlica dizendo ser esta uma tarde muito especial.<\/p>\n<p><img loading=\"lazy\" src=\"http:\/\/franciscanos.org.br\/wp-content\/uploads\/2016\/01\/maior_11.jpg\" alt=\"maior_11\" width=\"820\" height=\"545\" \/><\/p>\n<hr \/>\n<p><em>Fonte: R\u00e1dio Vaticano\u00a0<\/em><\/p>\n","protected":false},"excerpt":{"rendered":"<p>Missa em Angelus na Solenidade da M\u00e3e de Deus<\/p>\n","protected":false},"author":1,"featured_media":221193,"comment_status":"open","ping_status":"open","sticky":false,"template":"","format":"standard","meta":[],"categories":[1428],"tags":[403,1573],"acf":[],"yoast_head":"<!-- This site is optimized with the Yoast SEO plugin v19.2 - https:\/\/yoast.com\/wordpress\/plugins\/seo\/ -->\n<title>&quot;O Senhor n\u00e3o promete mudan\u00e7as m\u00e1gicas&quot; - Not\u00edcias - Franciscanos<\/title>\n<meta name=\"robots\" content=\"index, follow, max-snippet:-1, max-image-preview:large, max-video-preview:-1\" \/>\n<link rel=\"canonical\" href=\"https:\/\/franciscanos.org.br\/noticias\/o-senhor-nao-promete-mudancas-magicas.html\" \/>\n<meta property=\"og:locale\" content=\"pt_BR\" \/>\n<meta property=\"og:type\" content=\"article\" \/>\n<meta property=\"og:title\" content=\"&quot;O Senhor n\u00e3o promete mudan\u00e7as m\u00e1gicas&quot; - Not\u00edcias - Franciscanos\" \/>\n<meta property=\"og:description\" content=\"Missa em Angelus na Solenidade da M\u00e3e de Deus\" \/>\n<meta property=\"og:url\" content=\"https:\/\/franciscanos.org.br\/noticias\/o-senhor-nao-promete-mudancas-magicas.html\" \/>\n<meta property=\"og:site_name\" content=\"Not\u00edcias - Franciscanos\" \/>\n<meta property=\"article:published_time\" content=\"2016-01-01T18:34:41+00:00\" \/>\n<meta property=\"article:modified_time\" content=\"2020-06-10T11:39:06+00:00\" \/>\n<meta property=\"og:image\" content=\"https:\/\/franciscanos.org.br\/noticias\/wp-content\/uploads\/2016\/01\/maior_12.jpg\" \/>\n\t<meta property=\"og:image:width\" content=\"273\" \/>\n\t<meta property=\"og:image:height\" content=\"181\" \/>\n\t<meta property=\"og:image:type\" content=\"image\/jpeg\" \/>\n<meta name=\"author\" content=\"admin\" \/>\n<meta name=\"twitter:card\" content=\"summary_large_image\" \/>\n<meta name=\"twitter:label1\" content=\"Escrito por\" \/>\n\t<meta name=\"twitter:data1\" content=\"admin\" \/>\n\t<meta name=\"twitter:label2\" content=\"Est. tempo de leitura\" \/>\n\t<meta name=\"twitter:data2\" content=\"11 minutos\" \/>\n<script type=\"application\/ld+json\" class=\"yoast-schema-graph\">{\"@context\":\"https:\/\/schema.org\",\"@graph\":[{\"@type\":\"WebSite\",\"@id\":\"https:\/\/franciscanos.org.br\/noticias\/#website\",\"url\":\"https:\/\/franciscanos.org.br\/noticias\/\",\"name\":\"Not\u00edcias - Franciscanos\",\"description\":\"Prov\u00edncia Franciscana da Imaculada Concei\u00e7\u00e3o do Brasil - Ordem dos Frades Menores - OFM\",\"potentialAction\":[{\"@type\":\"SearchAction\",\"target\":{\"@type\":\"EntryPoint\",\"urlTemplate\":\"https:\/\/franciscanos.org.br\/noticias\/?s={search_term_string}\"},\"query-input\":\"required name=search_term_string\"}],\"inLanguage\":\"pt-BR\"},{\"@type\":\"ImageObject\",\"inLanguage\":\"pt-BR\",\"@id\":\"https:\/\/franciscanos.org.br\/noticias\/o-senhor-nao-promete-mudancas-magicas.html#primaryimage\",\"url\":\"https:\/\/franciscanos.org.br\/noticias\/wp-content\/uploads\/2016\/01\/maior_12.jpg\",\"contentUrl\":\"https:\/\/franciscanos.org.br\/noticias\/wp-content\/uploads\/2016\/01\/maior_12.jpg\",\"width\":273,\"height\":181},{\"@type\":\"WebPage\",\"@id\":\"https:\/\/franciscanos.org.br\/noticias\/o-senhor-nao-promete-mudancas-magicas.html#webpage\",\"url\":\"https:\/\/franciscanos.org.br\/noticias\/o-senhor-nao-promete-mudancas-magicas.html\",\"name\":\"\\\"O Senhor n\u00e3o promete mudan\u00e7as m\u00e1gicas\\\" - Not\u00edcias - Franciscanos\",\"isPartOf\":{\"@id\":\"https:\/\/franciscanos.org.br\/noticias\/#website\"},\"primaryImageOfPage\":{\"@id\":\"https:\/\/franciscanos.org.br\/noticias\/o-senhor-nao-promete-mudancas-magicas.html#primaryimage\"},\"datePublished\":\"2016-01-01T18:34:41+00:00\",\"dateModified\":\"2020-06-10T11:39:06+00:00\",\"author\":{\"@id\":\"https:\/\/franciscanos.org.br\/noticias\/#\/schema\/person\/b38fbf43118f02820bd932f2e4b14ad3\"},\"breadcrumb\":{\"@id\":\"https:\/\/franciscanos.org.br\/noticias\/o-senhor-nao-promete-mudancas-magicas.html#breadcrumb\"},\"inLanguage\":\"pt-BR\",\"potentialAction\":[{\"@type\":\"ReadAction\",\"target\":[\"https:\/\/franciscanos.org.br\/noticias\/o-senhor-nao-promete-mudancas-magicas.html\"]}]},{\"@type\":\"BreadcrumbList\",\"@id\":\"https:\/\/franciscanos.org.br\/noticias\/o-senhor-nao-promete-mudancas-magicas.html#breadcrumb\",\"itemListElement\":[{\"@type\":\"ListItem\",\"position\":1,\"name\":\"Home\",\"item\":\"https:\/\/franciscanos.org.br\/noticias\"},{\"@type\":\"ListItem\",\"position\":2,\"name\":\"&#8220;O Senhor n\u00e3o promete mudan\u00e7as m\u00e1gicas&#8221;\"}]},{\"@type\":\"Person\",\"@id\":\"https:\/\/franciscanos.org.br\/noticias\/#\/schema\/person\/b38fbf43118f02820bd932f2e4b14ad3\",\"name\":\"admin\",\"image\":{\"@type\":\"ImageObject\",\"inLanguage\":\"pt-BR\",\"@id\":\"https:\/\/franciscanos.org.br\/noticias\/#\/schema\/person\/image\/\",\"url\":\"https:\/\/secure.gravatar.com\/avatar\/e8495742d34d0ba6448ea1c628263b3e?s=96&d=mm&r=g\",\"contentUrl\":\"https:\/\/secure.gravatar.com\/avatar\/e8495742d34d0ba6448ea1c628263b3e?s=96&d=mm&r=g\",\"caption\":\"admin\"},\"url\":\"https:\/\/franciscanos.org.br\/noticias\/author\/admin\"}]}<\/script>\n<!-- \/ Yoast SEO plugin. -->","yoast_head_json":{"title":"\"O Senhor n\u00e3o promete mudan\u00e7as m\u00e1gicas\" - Not\u00edcias - Franciscanos","robots":{"index":"index","follow":"follow","max-snippet":"max-snippet:-1","max-image-preview":"max-image-preview:large","max-video-preview":"max-video-preview:-1"},"canonical":"https:\/\/franciscanos.org.br\/noticias\/o-senhor-nao-promete-mudancas-magicas.html","og_locale":"pt_BR","og_type":"article","og_title":"\"O Senhor n\u00e3o promete mudan\u00e7as m\u00e1gicas\" - Not\u00edcias - Franciscanos","og_description":"Missa em Angelus na Solenidade da M\u00e3e de Deus","og_url":"https:\/\/franciscanos.org.br\/noticias\/o-senhor-nao-promete-mudancas-magicas.html","og_site_name":"Not\u00edcias - Franciscanos","article_published_time":"2016-01-01T18:34:41+00:00","article_modified_time":"2020-06-10T11:39:06+00:00","og_image":[{"width":273,"height":181,"url":"https:\/\/franciscanos.org.br\/noticias\/wp-content\/uploads\/2016\/01\/maior_12.jpg","type":"image\/jpeg"}],"author":"admin","twitter_card":"summary_large_image","twitter_misc":{"Escrito por":"admin","Est. tempo de leitura":"11 minutos"},"schema":{"@context":"https:\/\/schema.org","@graph":[{"@type":"WebSite","@id":"https:\/\/franciscanos.org.br\/noticias\/#website","url":"https:\/\/franciscanos.org.br\/noticias\/","name":"Not\u00edcias - Franciscanos","description":"Prov\u00edncia Franciscana da Imaculada Concei\u00e7\u00e3o do Brasil - Ordem dos Frades Menores - OFM","potentialAction":[{"@type":"SearchAction","target":{"@type":"EntryPoint","urlTemplate":"https:\/\/franciscanos.org.br\/noticias\/?s={search_term_string}"},"query-input":"required name=search_term_string"}],"inLanguage":"pt-BR"},{"@type":"ImageObject","inLanguage":"pt-BR","@id":"https:\/\/franciscanos.org.br\/noticias\/o-senhor-nao-promete-mudancas-magicas.html#primaryimage","url":"https:\/\/franciscanos.org.br\/noticias\/wp-content\/uploads\/2016\/01\/maior_12.jpg","contentUrl":"https:\/\/franciscanos.org.br\/noticias\/wp-content\/uploads\/2016\/01\/maior_12.jpg","width":273,"height":181},{"@type":"WebPage","@id":"https:\/\/franciscanos.org.br\/noticias\/o-senhor-nao-promete-mudancas-magicas.html#webpage","url":"https:\/\/franciscanos.org.br\/noticias\/o-senhor-nao-promete-mudancas-magicas.html","name":"\"O Senhor n\u00e3o promete mudan\u00e7as m\u00e1gicas\" - Not\u00edcias - Franciscanos","isPartOf":{"@id":"https:\/\/franciscanos.org.br\/noticias\/#website"},"primaryImageOfPage":{"@id":"https:\/\/franciscanos.org.br\/noticias\/o-senhor-nao-promete-mudancas-magicas.html#primaryimage"},"datePublished":"2016-01-01T18:34:41+00:00","dateModified":"2020-06-10T11:39:06+00:00","author":{"@id":"https:\/\/franciscanos.org.br\/noticias\/#\/schema\/person\/b38fbf43118f02820bd932f2e4b14ad3"},"breadcrumb":{"@id":"https:\/\/franciscanos.org.br\/noticias\/o-senhor-nao-promete-mudancas-magicas.html#breadcrumb"},"inLanguage":"pt-BR","potentialAction":[{"@type":"ReadAction","target":["https:\/\/franciscanos.org.br\/noticias\/o-senhor-nao-promete-mudancas-magicas.html"]}]},{"@type":"BreadcrumbList","@id":"https:\/\/franciscanos.org.br\/noticias\/o-senhor-nao-promete-mudancas-magicas.html#breadcrumb","itemListElement":[{"@type":"ListItem","position":1,"name":"Home","item":"https:\/\/franciscanos.org.br\/noticias"},{"@type":"ListItem","position":2,"name":"&#8220;O Senhor n\u00e3o promete mudan\u00e7as m\u00e1gicas&#8221;"}]},{"@type":"Person","@id":"https:\/\/franciscanos.org.br\/noticias\/#\/schema\/person\/b38fbf43118f02820bd932f2e4b14ad3","name":"admin","image":{"@type":"ImageObject","inLanguage":"pt-BR","@id":"https:\/\/franciscanos.org.br\/noticias\/#\/schema\/person\/image\/","url":"https:\/\/secure.gravatar.com\/avatar\/e8495742d34d0ba6448ea1c628263b3e?s=96&d=mm&r=g","contentUrl":"https:\/\/secure.gravatar.com\/avatar\/e8495742d34d0ba6448ea1c628263b3e?s=96&d=mm&r=g","caption":"admin"},"url":"https:\/\/franciscanos.org.br\/noticias\/author\/admin"}]}},"_links":{"self":[{"href":"https:\/\/franciscanos.org.br\/noticias\/wp-json\/wp\/v2\/posts\/100721"}],"collection":[{"href":"https:\/\/franciscanos.org.br\/noticias\/wp-json\/wp\/v2\/posts"}],"about":[{"href":"https:\/\/franciscanos.org.br\/noticias\/wp-json\/wp\/v2\/types\/post"}],"author":[{"embeddable":true,"href":"https:\/\/franciscanos.org.br\/noticias\/wp-json\/wp\/v2\/users\/1"}],"replies":[{"embeddable":true,"href":"https:\/\/franciscanos.org.br\/noticias\/wp-json\/wp\/v2\/comments?post=100721"}],"version-history":[{"count":2,"href":"https:\/\/franciscanos.org.br\/noticias\/wp-json\/wp\/v2\/posts\/100721\/revisions"}],"predecessor-version":[{"id":225813,"href":"https:\/\/franciscanos.org.br\/noticias\/wp-json\/wp\/v2\/posts\/100721\/revisions\/225813"}],"wp:featuredmedia":[{"embeddable":true,"href":"https:\/\/franciscanos.org.br\/noticias\/wp-json\/wp\/v2\/media\/221193"}],"wp:attachment":[{"href":"https:\/\/franciscanos.org.br\/noticias\/wp-json\/wp\/v2\/media?parent=100721"}],"wp:term":[{"taxonomy":"category","embeddable":true,"href":"https:\/\/franciscanos.org.br\/noticias\/wp-json\/wp\/v2\/categories?post=100721"},{"taxonomy":"post_tag","embeddable":true,"href":"https:\/\/franciscanos.org.br\/noticias\/wp-json\/wp\/v2\/tags?post=100721"}],"curies":[{"name":"wp","href":"https:\/\/api.w.org\/{rel}","templated":true}]}}