{"id":100589,"date":"2015-12-28T11:03:22","date_gmt":"2015-12-28T13:03:22","guid":{"rendered":"http:\/\/franciscanos.org.br\/?p=100589"},"modified":"2019-01-28T08:20:19","modified_gmt":"2019-01-28T10:20:19","slug":"esta-tragedia-feriu-de-morte-o-meio-ambiente","status":"publish","type":"post","link":"https:\/\/franciscanos.org.br\/noticias\/esta-tragedia-feriu-de-morte-o-meio-ambiente.html","title":{"rendered":"&#8220;Esta trag\u00e9dia feriu de morte o meio ambiente&#8221;"},"content":{"rendered":"<p><img loading=\"lazy\" src=\"http:\/\/franciscanos.org.br\/wp-content\/uploads\/2015\/12\/MARIANA.jpg\" alt=\"MARIANA\" width=\"820\" height=\"341\" \/><\/p>\n<p>As dioceses da Bacia do Rio Doce (Mariana, Itabira\/Coronel Fabriciano, Caratinga, Governador Valadares e Colatina) juntamente com a Comiss\u00e3o de Meio Ambiente da Prov\u00edncia Eclesi\u00e1stica de Mariana, Caritas Brasileira Regional Minas e Movimento dos Atingidos por Barragens (MAB), estiveram reunidas em Mariana (MG), no dia 22 de dezembro de 2015, e manifestaram-se por meio de uma declara\u00e7\u00e3o, em favor dos atingidos pelo rompimento da barragem de Fund\u00e3o.<\/p>\n<h3>\u00cdNTEGRA DA DECLARA\u00c7\u00c3O<\/h3>\n<p>A trag\u00e9dia provocada pelo rompimento da barragem de rejeitos de Fund\u00e3o, da Samarco Mineradora, controlada pela Vale e BHP\/Biliton, no distrito de Bento Rodrigues, munic\u00edpio de Mariana-MG, ocorrida no dia 5 de novembro, chocou o mundo. Os estados de Minas Gerais e do Esp\u00edrito Santo, por um longo tempo, trar\u00e3o as marcas desta trag\u00e9dia cujas consequ\u00eancias ainda est\u00e3o longe de ser mensuradas com precis\u00e3o.<\/p>\n<p>A vida de moradores do distrito de Bento Rodrigues e de trabalhadores da mineradora, bem como da fauna e da flora ao longo da bacia do Rio Doce, ceifada pela lama, n\u00e3o ser\u00e1 esquecida jamais. O tsunami de rejeitos que levou impiedosamente os distritos de Bento Rodrigues e Paracatu de Baixo, em Mariana, afogou tamb\u00e9m a hist\u00f3ria e os sonhos de sua gente. O mesmo se diga do munic\u00edpio de Barra Longa que pranteia a destrui\u00e7\u00e3o de comunidades rurais e do centro de sua cidade, agora invadido por m\u00e1quinas provocando situa\u00e7\u00f5es de desconforto nunca imaginadas.<\/p>\n<p>O Rio Doce agoniza sob o olhar indignado de seus cuidadores, impotentes diante de tamanha trag\u00e9dia. D\u00f3i constatar o comprometimento de seus afluentes, a morte de seus peixes, a polui\u00e7\u00e3o de suas \u00e1guas e a incerteza de que volte a ser fonte de subsist\u00eancia para as popula\u00e7\u00f5es e a natureza. Esta trag\u00e9dia feriu de morte o meio ambiente, \u201cbem coletivo, patrim\u00f4nio de toda a humanidade\u201d (LS, 95).<\/p>\n<p>Pensamos nas popula\u00e7\u00f5es dos munic\u00edpios atingidos nos estados de Minas Gerais e do Esp\u00edrito Santo que vivem situa\u00e7\u00e3o de morte por causa desta trag\u00e9dia, seja pela falta de \u00e1gua ou por sua qualidade comprometida; nos pescadores, que ficaram sem sua fonte de renda e sem perspectiva de que um dia possam retomar suas atividades; nos \u00edndios Krenak, cuja rela\u00e7\u00e3o com as \u00e1guas do RioDoce \u00e9 carregada de cultura e religiosidade; nos agricultores que tiravam da terra, regada pelas \u00e1guas do Rio Doce, sua sobreviv\u00eancia.<\/p>\n<p>Diante disso, as dioceses da Bacia do Rio Doce \u2013 Mariana, Itabira\/Coronel Fabriciano, Caratinga, Governador Valadares e Colatina -, juntamente com a Comiss\u00e3o de Meio Ambiente da Prov\u00edncia Eclesi\u00e1stica de Mariana, Caritas Brasileira Regional Minas e Movimento dos Atingidos por Barragens (MAB), reunidas em Mariana-MG, no dia 22 de dezembro de 2015, manifestam-se inequivocamente do lado dos atingidos. Defender seus direitos e cuidar para que se lhes fa\u00e7a justi\u00e7a ser\u00e1 nossa tarefa permanente.<\/p>\n<p>O momento \u00e9 de unir esfor\u00e7os em favor dos atingidos e do pleno restabelecimento socioambiental, contudo, sem assumir compromissos e responsabilidades que competem aos causadores da trag\u00e9dia. Por isso, \u00e9 urgente apurar as causas do rompimento da barragem, identificando e responsabilizando os culpados, cuidando para que n\u00e3o haja impunidade nem coniv\u00eancia com o il\u00edcito, e que os direitos dos atingidos sejam garantidos.<\/p>\n<p>Passada a situa\u00e7\u00e3o emergencial, as negocia\u00e7\u00f5es se voltem para a compensa\u00e7\u00e3o, repara\u00e7\u00e3o e indeniza\u00e7\u00e3o dos atingidos e a recomposi\u00e7\u00e3o da bacia do Rio Doce. Insistimos que tudo seja feito coletivamente, respeitando-se o protagonismo dos atingidos que devem participar de todas as decis\u00f5es que lhes dizem respeito. Exortamos os atingidos a se unirem a fim de que se constituam numa for\u00e7a para resistirem neste longo e penoso processo de reconstru\u00e7\u00e3o de suas vidas.<\/p>\n<p>Esta trag\u00e9dia enseja repensar o atual modelo de desenvolvimento em andamento no pa\u00eds que coloca o lucro acima de tudo, desconsiderando a vida humana e a do planeta. A atividade mineradora pode at\u00e9 trazer boa arrecada\u00e7\u00e3o aos munic\u00edpios em que \u00e9 realizada, mas \u00e9 imperioso perguntar: a que pre\u00e7o? N\u00e3o sejamos ing\u00eanuos, \u201co ambiente \u00e9 um dos bens que os mecanismos do mercado n\u00e3o est\u00e3o aptos a defender ou a promover adequadamente\u201d (Pontif\u00edcio Conselho Justi\u00e7a e Paz \u2013 CDSI, 470). Urge \u201cpensar tamb\u00e9m em diminuir um pouco a marcha, p\u00f4r alguns limites razo\u00e1veis e at\u00e9 mesmo retroceder antes que seja tarde\u201d (LS 193). N\u00e3o \u00e9 poss\u00edvel mais viver sob a asfixiante corrida do consumismo alimentado por uma economia que faz do dinheiro um \u00eddolo diante do qual todos se ajoelham.<\/p>\n<p>Rever as pol\u00edticas de minera\u00e7\u00e3o no pa\u00eds \u00e9 inevit\u00e1vel. Aos parlamentares cabe esta irrenunci\u00e1vel tarefa que deve ser assumida na perspectiva do bem comum e jamais de interesses particulares ou de grupos que det\u00eam o poder econ\u00f4mico. Que a sociedade civil organizada seja ouvida e levada a s\u00e9rio na elabora\u00e7\u00e3o do novo c\u00f3digo de minera\u00e7\u00e3o em tramita\u00e7\u00e3o no Congresso Nacional. Os \u00f3rg\u00e3os de fiscaliza\u00e7\u00e3o e controle social cumpram seu papel sem ceder \u00e0 tenta\u00e7\u00e3o da corrup\u00e7\u00e3o ou a qualquer tipo de press\u00e3o.<\/p>\n<p>As autoridades competentes n\u00e3o se omitam no compromisso de fazer justi\u00e7a \u00e0s pessoas e \u00e0 ecologia. Os meios de comunica\u00e7\u00e3o social, fi\u00e9is ao seu dever de informar com verdade e \u00e9tica, n\u00e3o cedam ao poder econ\u00f4mico que corrompe nem \u00e0 tenta\u00e7\u00e3o de fazer da trag\u00e9dia um espet\u00e1culo que deforma. Os Movimentos Sociais e as Organiza\u00e7\u00f5es N\u00e3o Governamentais empunhem a mesma bandeira da solidariedade e da justi\u00e7a em prol dos atingidos e do meio ambiente a ser recuperado. As Igrejas crist\u00e3s, no contexto da Campanha da Fraternidade Ecum\u00eanica 2016, coloquem-se a servi\u00e7o desta causa, motivadas unicamente pela for\u00e7a do evangelho que nos manda amar sem medida, fazendo-nos pr\u00f3ximos uns dos outros. Nossas comunidades apoiem e favore\u00e7am a organiza\u00e7\u00e3o e articula\u00e7\u00e3o dos atingidos, inclusive de grupos e movimentos que os assessoram.<\/p>\n<p>Confiantes na prote\u00e7\u00e3o de Deus e na intercess\u00e3o de Nossa Senhora, e comprometido com a esperan\u00e7a afirmamos: \u201csomos afligidos por todos os lados, mas n\u00e3o vencidos pela ang\u00fastia; postos em apuros, mas n\u00e3o sem perder a esperan\u00e7a; derrubados, mas n\u00e3o aniquilados\u201d (2Cor 4,8.9b).<\/p>\n<p>Mariana, 22 de dezembro de 2015<br \/>\n<strong>Dom Geraldo Lyrio Rocha, Arcebispo da Arquidiocese de Mariana-MG<\/strong><\/p>\n<p><strong>Dom Ant\u00f4nio Carlos Felix, Bispo da Diocese de Governador Valadares-MG<\/strong><\/p>\n<p><strong>Dom Emanuel Messias de Oliveira, Bispo da Diocese de Caratinga-MG<\/strong><\/p>\n<p><strong>Dom Joaquim Wladimir Lopes Dias, Bispo da Diocese de Colatina-ES<\/strong><\/p>\n<p><strong>Dom Marco Aur\u00e9lio G\u00fabioti, Bispo da Diocese de Itabira\/Coronel Fabriciano<\/strong><\/p>\n","protected":false},"excerpt":{"rendered":"<p>Declara\u00e7\u00e3o conjunta<\/p>\n","protected":false},"author":1,"featured_media":196996,"comment_status":"open","ping_status":"open","sticky":false,"template":"","format":"standard","meta":[],"categories":[1],"tags":[1301],"acf":[],"yoast_head":"<!-- This site is optimized with the Yoast SEO plugin v19.2 - https:\/\/yoast.com\/wordpress\/plugins\/seo\/ -->\n<title>&quot;Esta trag\u00e9dia feriu de morte o meio ambiente&quot; - Not\u00edcias - Franciscanos<\/title>\n<meta name=\"robots\" content=\"index, follow, max-snippet:-1, max-image-preview:large, max-video-preview:-1\" \/>\n<link rel=\"canonical\" href=\"https:\/\/franciscanos.org.br\/noticias\/esta-tragedia-feriu-de-morte-o-meio-ambiente.html\" \/>\n<meta property=\"og:locale\" content=\"pt_BR\" \/>\n<meta property=\"og:type\" content=\"article\" \/>\n<meta property=\"og:title\" content=\"&quot;Esta trag\u00e9dia feriu de morte o meio ambiente&quot; - Not\u00edcias - Franciscanos\" \/>\n<meta property=\"og:description\" content=\"Declara\u00e7\u00e3o conjunta\" \/>\n<meta property=\"og:url\" content=\"https:\/\/franciscanos.org.br\/noticias\/esta-tragedia-feriu-de-morte-o-meio-ambiente.html\" \/>\n<meta property=\"og:site_name\" content=\"Not\u00edcias - Franciscanos\" \/>\n<meta property=\"article:published_time\" content=\"2015-12-28T13:03:22+00:00\" \/>\n<meta property=\"article:modified_time\" content=\"2019-01-28T10:20:19+00:00\" \/>\n<meta property=\"og:image\" content=\"https:\/\/franciscanos.org.br\/noticias\/wp-content\/uploads\/2015\/12\/mariana_2801.jpg\" \/>\n\t<meta property=\"og:image:width\" content=\"273\" \/>\n\t<meta property=\"og:image:height\" content=\"181\" \/>\n\t<meta property=\"og:image:type\" content=\"image\/jpeg\" \/>\n<meta name=\"author\" content=\"admin\" \/>\n<meta name=\"twitter:card\" content=\"summary_large_image\" \/>\n<meta name=\"twitter:label1\" content=\"Escrito por\" \/>\n\t<meta name=\"twitter:data1\" content=\"admin\" \/>\n\t<meta name=\"twitter:label2\" content=\"Est. tempo de leitura\" \/>\n\t<meta name=\"twitter:data2\" content=\"6 minutos\" \/>\n<script type=\"application\/ld+json\" class=\"yoast-schema-graph\">{\"@context\":\"https:\/\/schema.org\",\"@graph\":[{\"@type\":\"WebSite\",\"@id\":\"https:\/\/franciscanos.org.br\/noticias\/#website\",\"url\":\"https:\/\/franciscanos.org.br\/noticias\/\",\"name\":\"Not\u00edcias - Franciscanos\",\"description\":\"Prov\u00edncia Franciscana da Imaculada Concei\u00e7\u00e3o do Brasil - Ordem dos Frades Menores - OFM\",\"potentialAction\":[{\"@type\":\"SearchAction\",\"target\":{\"@type\":\"EntryPoint\",\"urlTemplate\":\"https:\/\/franciscanos.org.br\/noticias\/?s={search_term_string}\"},\"query-input\":\"required name=search_term_string\"}],\"inLanguage\":\"pt-BR\"},{\"@type\":\"ImageObject\",\"inLanguage\":\"pt-BR\",\"@id\":\"https:\/\/franciscanos.org.br\/noticias\/esta-tragedia-feriu-de-morte-o-meio-ambiente.html#primaryimage\",\"url\":\"https:\/\/franciscanos.org.br\/noticias\/wp-content\/uploads\/2015\/12\/mariana_2801.jpg\",\"contentUrl\":\"https:\/\/franciscanos.org.br\/noticias\/wp-content\/uploads\/2015\/12\/mariana_2801.jpg\",\"width\":273,\"height\":181},{\"@type\":\"WebPage\",\"@id\":\"https:\/\/franciscanos.org.br\/noticias\/esta-tragedia-feriu-de-morte-o-meio-ambiente.html#webpage\",\"url\":\"https:\/\/franciscanos.org.br\/noticias\/esta-tragedia-feriu-de-morte-o-meio-ambiente.html\",\"name\":\"\\\"Esta trag\u00e9dia feriu de morte o meio ambiente\\\" - Not\u00edcias - Franciscanos\",\"isPartOf\":{\"@id\":\"https:\/\/franciscanos.org.br\/noticias\/#website\"},\"primaryImageOfPage\":{\"@id\":\"https:\/\/franciscanos.org.br\/noticias\/esta-tragedia-feriu-de-morte-o-meio-ambiente.html#primaryimage\"},\"datePublished\":\"2015-12-28T13:03:22+00:00\",\"dateModified\":\"2019-01-28T10:20:19+00:00\",\"author\":{\"@id\":\"https:\/\/franciscanos.org.br\/noticias\/#\/schema\/person\/b38fbf43118f02820bd932f2e4b14ad3\"},\"breadcrumb\":{\"@id\":\"https:\/\/franciscanos.org.br\/noticias\/esta-tragedia-feriu-de-morte-o-meio-ambiente.html#breadcrumb\"},\"inLanguage\":\"pt-BR\",\"potentialAction\":[{\"@type\":\"ReadAction\",\"target\":[\"https:\/\/franciscanos.org.br\/noticias\/esta-tragedia-feriu-de-morte-o-meio-ambiente.html\"]}]},{\"@type\":\"BreadcrumbList\",\"@id\":\"https:\/\/franciscanos.org.br\/noticias\/esta-tragedia-feriu-de-morte-o-meio-ambiente.html#breadcrumb\",\"itemListElement\":[{\"@type\":\"ListItem\",\"position\":1,\"name\":\"Home\",\"item\":\"https:\/\/franciscanos.org.br\/noticias\"},{\"@type\":\"ListItem\",\"position\":2,\"name\":\"&#8220;Esta trag\u00e9dia feriu de morte o meio ambiente&#8221;\"}]},{\"@type\":\"Person\",\"@id\":\"https:\/\/franciscanos.org.br\/noticias\/#\/schema\/person\/b38fbf43118f02820bd932f2e4b14ad3\",\"name\":\"admin\",\"image\":{\"@type\":\"ImageObject\",\"inLanguage\":\"pt-BR\",\"@id\":\"https:\/\/franciscanos.org.br\/noticias\/#\/schema\/person\/image\/\",\"url\":\"https:\/\/secure.gravatar.com\/avatar\/e8495742d34d0ba6448ea1c628263b3e?s=96&d=mm&r=g\",\"contentUrl\":\"https:\/\/secure.gravatar.com\/avatar\/e8495742d34d0ba6448ea1c628263b3e?s=96&d=mm&r=g\",\"caption\":\"admin\"},\"url\":\"https:\/\/franciscanos.org.br\/noticias\/author\/admin\"}]}<\/script>\n<!-- \/ Yoast SEO plugin. -->","yoast_head_json":{"title":"\"Esta trag\u00e9dia feriu de morte o meio ambiente\" - Not\u00edcias - Franciscanos","robots":{"index":"index","follow":"follow","max-snippet":"max-snippet:-1","max-image-preview":"max-image-preview:large","max-video-preview":"max-video-preview:-1"},"canonical":"https:\/\/franciscanos.org.br\/noticias\/esta-tragedia-feriu-de-morte-o-meio-ambiente.html","og_locale":"pt_BR","og_type":"article","og_title":"\"Esta trag\u00e9dia feriu de morte o meio ambiente\" - Not\u00edcias - Franciscanos","og_description":"Declara\u00e7\u00e3o conjunta","og_url":"https:\/\/franciscanos.org.br\/noticias\/esta-tragedia-feriu-de-morte-o-meio-ambiente.html","og_site_name":"Not\u00edcias - Franciscanos","article_published_time":"2015-12-28T13:03:22+00:00","article_modified_time":"2019-01-28T10:20:19+00:00","og_image":[{"width":273,"height":181,"url":"https:\/\/franciscanos.org.br\/noticias\/wp-content\/uploads\/2015\/12\/mariana_2801.jpg","type":"image\/jpeg"}],"author":"admin","twitter_card":"summary_large_image","twitter_misc":{"Escrito por":"admin","Est. tempo de leitura":"6 minutos"},"schema":{"@context":"https:\/\/schema.org","@graph":[{"@type":"WebSite","@id":"https:\/\/franciscanos.org.br\/noticias\/#website","url":"https:\/\/franciscanos.org.br\/noticias\/","name":"Not\u00edcias - Franciscanos","description":"Prov\u00edncia Franciscana da Imaculada Concei\u00e7\u00e3o do Brasil - Ordem dos Frades Menores - OFM","potentialAction":[{"@type":"SearchAction","target":{"@type":"EntryPoint","urlTemplate":"https:\/\/franciscanos.org.br\/noticias\/?s={search_term_string}"},"query-input":"required name=search_term_string"}],"inLanguage":"pt-BR"},{"@type":"ImageObject","inLanguage":"pt-BR","@id":"https:\/\/franciscanos.org.br\/noticias\/esta-tragedia-feriu-de-morte-o-meio-ambiente.html#primaryimage","url":"https:\/\/franciscanos.org.br\/noticias\/wp-content\/uploads\/2015\/12\/mariana_2801.jpg","contentUrl":"https:\/\/franciscanos.org.br\/noticias\/wp-content\/uploads\/2015\/12\/mariana_2801.jpg","width":273,"height":181},{"@type":"WebPage","@id":"https:\/\/franciscanos.org.br\/noticias\/esta-tragedia-feriu-de-morte-o-meio-ambiente.html#webpage","url":"https:\/\/franciscanos.org.br\/noticias\/esta-tragedia-feriu-de-morte-o-meio-ambiente.html","name":"\"Esta trag\u00e9dia feriu de morte o meio ambiente\" - Not\u00edcias - Franciscanos","isPartOf":{"@id":"https:\/\/franciscanos.org.br\/noticias\/#website"},"primaryImageOfPage":{"@id":"https:\/\/franciscanos.org.br\/noticias\/esta-tragedia-feriu-de-morte-o-meio-ambiente.html#primaryimage"},"datePublished":"2015-12-28T13:03:22+00:00","dateModified":"2019-01-28T10:20:19+00:00","author":{"@id":"https:\/\/franciscanos.org.br\/noticias\/#\/schema\/person\/b38fbf43118f02820bd932f2e4b14ad3"},"breadcrumb":{"@id":"https:\/\/franciscanos.org.br\/noticias\/esta-tragedia-feriu-de-morte-o-meio-ambiente.html#breadcrumb"},"inLanguage":"pt-BR","potentialAction":[{"@type":"ReadAction","target":["https:\/\/franciscanos.org.br\/noticias\/esta-tragedia-feriu-de-morte-o-meio-ambiente.html"]}]},{"@type":"BreadcrumbList","@id":"https:\/\/franciscanos.org.br\/noticias\/esta-tragedia-feriu-de-morte-o-meio-ambiente.html#breadcrumb","itemListElement":[{"@type":"ListItem","position":1,"name":"Home","item":"https:\/\/franciscanos.org.br\/noticias"},{"@type":"ListItem","position":2,"name":"&#8220;Esta trag\u00e9dia feriu de morte o meio ambiente&#8221;"}]},{"@type":"Person","@id":"https:\/\/franciscanos.org.br\/noticias\/#\/schema\/person\/b38fbf43118f02820bd932f2e4b14ad3","name":"admin","image":{"@type":"ImageObject","inLanguage":"pt-BR","@id":"https:\/\/franciscanos.org.br\/noticias\/#\/schema\/person\/image\/","url":"https:\/\/secure.gravatar.com\/avatar\/e8495742d34d0ba6448ea1c628263b3e?s=96&d=mm&r=g","contentUrl":"https:\/\/secure.gravatar.com\/avatar\/e8495742d34d0ba6448ea1c628263b3e?s=96&d=mm&r=g","caption":"admin"},"url":"https:\/\/franciscanos.org.br\/noticias\/author\/admin"}]}},"_links":{"self":[{"href":"https:\/\/franciscanos.org.br\/noticias\/wp-json\/wp\/v2\/posts\/100589"}],"collection":[{"href":"https:\/\/franciscanos.org.br\/noticias\/wp-json\/wp\/v2\/posts"}],"about":[{"href":"https:\/\/franciscanos.org.br\/noticias\/wp-json\/wp\/v2\/types\/post"}],"author":[{"embeddable":true,"href":"https:\/\/franciscanos.org.br\/noticias\/wp-json\/wp\/v2\/users\/1"}],"replies":[{"embeddable":true,"href":"https:\/\/franciscanos.org.br\/noticias\/wp-json\/wp\/v2\/comments?post=100589"}],"version-history":[{"count":0,"href":"https:\/\/franciscanos.org.br\/noticias\/wp-json\/wp\/v2\/posts\/100589\/revisions"}],"wp:featuredmedia":[{"embeddable":true,"href":"https:\/\/franciscanos.org.br\/noticias\/wp-json\/wp\/v2\/media\/196996"}],"wp:attachment":[{"href":"https:\/\/franciscanos.org.br\/noticias\/wp-json\/wp\/v2\/media?parent=100589"}],"wp:term":[{"taxonomy":"category","embeddable":true,"href":"https:\/\/franciscanos.org.br\/noticias\/wp-json\/wp\/v2\/categories?post=100589"},{"taxonomy":"post_tag","embeddable":true,"href":"https:\/\/franciscanos.org.br\/noticias\/wp-json\/wp\/v2\/tags?post=100589"}],"curies":[{"name":"wp","href":"https:\/\/api.w.org\/{rel}","templated":true}]}}