{"id":100511,"date":"2015-12-25T10:47:24","date_gmt":"2015-12-25T12:47:24","guid":{"rendered":"http:\/\/franciscanos.org.br\/?p=100511"},"modified":"2020-06-10T08:51:32","modified_gmt":"2020-06-10T11:51:32","slug":"onde-nasce-deus-nasce-a-esperanca","status":"publish","type":"post","link":"https:\/\/franciscanos.org.br\/noticias\/onde-nasce-deus-nasce-a-esperanca.html","title":{"rendered":"Mensagem do Papa: Onde nasce Deus, nasce a esperan\u00e7a"},"content":{"rendered":"<p><img loading=\"lazy\" src=\"http:\/\/franciscanos.org.br\/wp-content\/uploads\/2015\/12\/beijo.jpg\" alt=\"beijo\" width=\"820\" height=\"432\" \/><br \/>\n<strong>Cidade do Vaticano<\/strong> \u2013 \u201cOnde nasce Deus, nasce a esperan\u00e7a, nasce a paz e floresce a miseric\u00f3rdia\u201d. Na tradicional Mensagem <em>Urbi et Orbi<\/em> por ocasi\u00e3o do Natal, o Papa Francisco rezou pela paz. Ao recordar os tantos conflitos em andamentos nas diversas partes do mundo e as situa\u00e7\u00f5es que ferem a dignidade humana, pediu: \u201cAo contemplar o pres\u00e9pio, fixemos o olhar nos bra\u00e7os abertos de Jesus, que mostram o abra\u00e7o misericordioso de Deus, enquanto ouvimos as primeiras express\u00f5es do Menino que nos sussurra: A paz esteja contigo!\u201d.<\/p>\n<p>Diante de milhares de fi\u00e9is reunidos na Pra\u00e7a S\u00e3o Pedro e adjac\u00eancias, o Papa Francisco dirigiu-se \u201c\u00e0 cidade e ao mundo\u201d da sacada central da Bas\u00edlica de S\u00e3o Pedro, para anunciar que \u201cCristo nasceu para n\u00f3s (\u2026) Ele \u00e9 o \u201cdia\u201d luminoso que surgiu no horizonte da humanidade. Dia de miseric\u00f3rdia, em que Deus Pai revelou \u00e0 humanidade a sua imensa ternura. Dia de luz que dissipa as trevas do medo e da ang\u00fastia. Dia de paz, em que se torna poss\u00edvel encontrar-se, dialogar, reconciliar-se. Dia de alegria: uma \u00abgrande alegria\u00bb para os pequenos e os humildes, e para todo o povo\u201d.<\/p>\n<p>O pres\u00e9pio mostra-nos o \u201csinal\u201d que Deus nos deu: \u201cum menino envolto em panos e deitado numa manjedoura\u201d. E \u201cjuntamente com os pastores \u2013 convidou o Santo Padre &#8211; prostremo-nos diante do Cordeiro, adoremos a Bondade de Deus feita carne e deixemos que l\u00e1grimas de arrependimento inundem os nossos olhos e lavem o nosso cora\u00e7\u00e3o\u201d:<br \/>\n\u201cEle, s\u00f3 Ele, nos pode salvar. S\u00f3 a Miseric\u00f3rdia de Deus pode libertar a humanidade de tantas formas de mal \u2013 por vezes monstruosas \u2013 que o ego\u00edsmo gera nela. A gra\u00e7a de Deus pode converter os cora\u00e7\u00f5es e suscitar vias de sa\u00edda em situa\u00e7\u00f5es humanamente irresol\u00faveis\u201d.<\/p>\n<p>\u201cOnde nasce a paz, j\u00e1 n\u00e3o h\u00e1 lugar para o \u00f3dio e a guerra\u201d \u2013 disse o Pont\u00edfice &#8211; recordando que \u201cprecisamente l\u00e1 onde veio ao mundo o Filho de Deus feito carne, continuam tens\u00f5es e viol\u00eancias, e a paz continua um dom que deve ser invocado e constru\u00eddo\u201d:<\/p>\n<p>\u201cOxal\u00e1 israelenses e palestinos retomem um di\u00e1logo direto e cheguem a um acordo que permita a ambos os povos conviverem em harmonia, superando um conflito que h\u00e1 muito os mant\u00e9m contrapostos, com graves repercuss\u00f5es na regi\u00e3o inteira. Ao Senhor, pedimos que o entendimento alcan\u00e7ado nas Na\u00e7\u00f5es Unidas consiga quanto antes silenciar o fragor das armas na S\u00edria e p\u00f4r rem\u00e9dio \u00e0 grav\u00edssima situa\u00e7\u00e3o humanit\u00e1ria da popula\u00e7\u00e3o exausta. \u00c9 igualmente urgente que o acordo sobre a L\u00edbia encontre o apoio de todos, para se superarem as graves divis\u00f5es e viol\u00eancias que afligem o pa\u00eds. Que a aten\u00e7\u00e3o da Comunidade Internacional se concentre unanimemente em fazer cessar as atrocidades que, tanto nos referidos pa\u00edses, como no Iraque, L\u00edbia, I\u00eamen e na \u00c1frica subsaariana, ainda ceifam in\u00fameras v\u00edtimas, causam imensos sofrimentos e n\u00e3o poupam sequer o patrim\u00f4nio hist\u00f3rico e cultural de povos inteiros\u201d.<\/p>\n<p>O Papa recordou ainda as v\u00edtimas dos \u201chediondos atos terroristas, em particular pelos massacres recentes ocorridos nos c\u00e9us do Egito, em Beirute, Paris, Bamaco e T\u00fanis\u201d, pedindo tamb\u00e9m consola\u00e7\u00e3o e for\u00e7a ao Menino Jesus para os crist\u00e3os \u201cperseguidos em muitas partes do mundo por causa de sua f\u00e9. S\u00e3o os m\u00e1rtires de hoje\u201d.<\/p>\n<p>O fortalecimento do di\u00e1logo na Rep\u00fablica Democr\u00e1tica do Congo, no Burundi e no Sud\u00e3o do Sul foi ressaltado pelo Papa, \u201cem prol da edifica\u00e7\u00e3o de sociedades civis animadas por sincero esp\u00edrito de reconcilia\u00e7\u00e3o e compreens\u00e3o m\u00fatua\u201d.<\/p>\n<p>O Papa referiu-se tamb\u00e9m \u00e0 Ucr\u00e2nia, pedindo que a verdadeira paz \u201cinspire a vontade de cumprir os acordos assumidos para se restabelecer a conc\u00f3rdia no pa\u00eds inteiro\u201d e que ilumine os esfor\u00e7os do povo colombiano, para que \u201ccontinue empenhado na busca da desejada paz\u201d.<\/p>\n<p>O Papa recordou tamb\u00e9m da exist\u00eancia de \u201cmultid\u00f5es de homens e mulheres que est\u00e3o privados da sua dignidade humana e, como o Menino Jesus, sofrem o frio, a pobreza e a rejei\u00e7\u00e3o dos homens\u201d: \u201cChegue hoje a nossa solidariedade aos mais inermes, sobretudo \u00e0s crian\u00e7as-soldado, \u00e0s mulheres que sofrem viol\u00eancia, \u00e0s v\u00edtimas do tr\u00e1fico de seres humanos e do narcotr\u00e1fico\u201d.<\/p>\n<p>O drama das milhares de pessoas que viajam \u201cem condi\u00e7\u00f5es desumanas\u201d, arriscando a pr\u00f3pria vida em busca de seguran\u00e7a e de uma esperan\u00e7a foram recordados por Francisco:<br \/>\n\u201cSejam recompensados com abundantes b\u00ean\u00e7\u00e3os quantos, indiv\u00edduos e Estados, generosamente se esfor\u00e7am por socorrer e acolher os numerosos migrantes e refugiados, ajudando-os a construir um futuro digno para si e seus entes queridos e a integrar-se nas sociedades que os recebem\u201d.<\/p>\n<p>O Santo Padre tamb\u00e9m pediu que o Senhor d\u00ea esperan\u00e7a aos desempregados, que s\u00e3o tantos, e sustente \u201co compromisso de quantos possuem responsabilidades p\u00fablicas no campo pol\u00edtico e econ\u00f4mico a fim de darem o seu melhor na busca do bem comum e na prote\u00e7\u00e3o da dignidade de cada vida humana\u201d.<\/p>\n<p>Ao falar da miseric\u00f3rdia, o Papa dirigiu-se aos encarcerados: \u201cOnde nasce Deus, floresce a miseric\u00f3rdia. Este \u00e9 o presente mais precioso que Deus nos d\u00e1, especialmente neste ano jubilar em que somos chamados a descobrir a ternura que o nosso Pai celeste tem por cada um de n\u00f3s. O Senhor conceda, particularmente aos encarcerados, experimentar o seu amor misericordioso que cura as feridas e vence o mal\u201d.<\/p>\n<p>E assim hoje, juntos, concluiu o Papa, \u201cexultemos no dia da nossa salva\u00e7\u00e3o\u201d, fixando o olhar nos bra\u00e7os abertos de Jesus no pres\u00e9pio, que nos mostra o abra\u00e7o misericordioso de Deus\u201d e que proclama: \u201cA paz esteja contigo!\u201d.<\/p>\n<p>Ap\u00f3s o Papa concedeu a todos a sua B\u00ean\u00e7\u00e3o com a Indulg\u00eancia Plen\u00e1ria na forma prevista pela Igreja.<\/p>\n<p>Ao concluir, Francisco dirigiu-se a todos os presentes na Pra\u00e7a S\u00e3o Pedro e \u00e0queles que o acompanhavam pela r\u00e1dio, televis\u00e3o e outros meios de comunica\u00e7\u00e3o, para desejar as suas mais cordiais felicita\u00e7\u00f5es de Natal: \u201c\u00c9 o Natal do Ano Santo da Miseric\u00f3rdia, por isto desejo a todos que possa acolher na pr\u00f3pria vida a miseric\u00f3rdia de Deus, que Jesus Cristo nos deu, para sermos misericordiosos com os nossos irm\u00e3os. Assim, faremos crescer a paz!\u201d.<\/p>\n<h3>Eis a mensagem na \u00edntegra:<\/h3>\n<p>Queridos irm\u00e3os e irm\u00e3s, feliz Natal!<br \/>\nCristo nasceu para n\u00f3s, exultemos no dia da nossa salva\u00e7\u00e3o! Abramos os nossos cora\u00e7\u00f5es para receber a gra\u00e7a deste dia, que \u00e9 Ele pr\u00f3prio: Jesus \u00e9 o \u00abdia\u00bb luminoso que surgiu no horizonte da humanidade. Dia de miseric\u00f3rdia, em que Deus Pai revelou \u00e0 humanidade a sua imensa ternura. Dia de luz que dissipa as trevas do medo e da ang\u00fastia. Dia de paz, em que se torna poss\u00edvel encontrar-se, dialogar, reconciliar-se. Dia de alegria: uma \u00abgrande alegria\u00bb para os pequenos e os humildes, e para todo o povo (cf. Lc 2, 10).<\/p>\n<p>Neste dia, nasceu da Virgem Maria Jesus, o Salvador. O pres\u00e9pio mostra-nos o \u00absinal\u00bb que Deus nos deu: \u00abum menino envolto em panos e deitado numa manjedoura\u00bb (Lc 2, 12). Como fizeram os pastores de Bel\u00e9m, vamos tamb\u00e9m n\u00f3s ver este sinal, este acontecimento que, em cada ano, se renova na Igreja. O Natal \u00e9 um acontecimento que se renova em cada fam\u00edlia, em cada par\u00f3quia, em cada comunidade que acolhe o amor de Deus encarnado em Jesus Cristo. Como Maria, a Igreja mostra a todos o \u00absinal\u00bb de Deus: o Menino que Ela trouxe no seu ventre e deu \u00e0 luz, mas que \u00e9 Filho do Alt\u00edssimo, porque \u00ab\u00e9 obra do Esp\u00edrito Santo\u00bb (Mt 1, 20). Ele \u00e9 o Salvador, porque \u00e9 o Cordeiro de Deus que toma sobre Si o pecado do mundo (cf. Jo 1, 29). Juntamente com os pastores, prostremo-nos diante do Cordeiro, adoremos a Bondade de Deus feita carne e deixemos que l\u00e1grimas de arrependimento inundem os nossos olhos e lavem o nosso cora\u00e7\u00e3o.<\/p>\n<p>Ele, s\u00f3 Ele, nos pode salvar. S\u00f3 a Miseric\u00f3rdia de Deus pode libertar a humanidade de tantas formas de mal \u2013 por vezes monstruosas \u2013 que o ego\u00edsmo gera nela. A gra\u00e7a de Deus pode converter os cora\u00e7\u00f5es e suscitar vias de sa\u00edda em situa\u00e7\u00f5es humanamente irresol\u00faveis.<\/p>\n<p>Onde nasce Deus, nasce a esperan\u00e7a. Onde nasce Deus, nasce a paz. E, onde nasce a paz, j\u00e1 n\u00e3o h\u00e1 lugar para o \u00f3dio e a guerra. E no entanto, precisamente l\u00e1 onde veio ao mundo o Filho de Deus feito carne, continuam tens\u00f5es e viol\u00eancias, e a paz continua um dom que deve ser invocado e constru\u00eddo. Oxal\u00e1 israelenses e palestinos retomem um di\u00e1logo direto e cheguem a um acordo que permita a ambos os povos conviverem em harmonia, superando um conflito que h\u00e1 muito os mant\u00e9m contrapostos, com graves repercuss\u00f5es na regi\u00e3o inteira.<\/p>\n<p>Ao Senhor, pedimos que o entendimento alcan\u00e7ado nas Na\u00e7\u00f5es Unidas consiga quanto antes silenciar o fragor das armas na S\u00edria e p\u00f4r rem\u00e9dio \u00e0 grav\u00edssima situa\u00e7\u00e3o humanit\u00e1ria da popula\u00e7\u00e3o exausta. \u00c9 igualmente urgente que o acordo sobre a L\u00edbia encontre o apoio de todos, para se superarem as graves divis\u00f5es e viol\u00eancias que afligem o pa\u00eds. Que a aten\u00e7\u00e3o da Comunidade Internacional se concentre unanimemente em fazer cessar as atrocidades que, tanto nos referidos pa\u00edses, como no Iraque, L\u00edbia, I\u00e9men e na \u00c1frica subsaariana, ainda ceifam in\u00fameras v\u00edtimas, causam imensos sofrimentos e n\u00e3o poupam sequer o patrim\u00f4nio hist\u00f3rico e cultural de povos inteiros. Penso ainda em quantos foram atingidos por hediondos atos terroristas, em particular pelos massacres recentes ocorridos nos c\u00e9us do Egipto, em Beirute, Paris, Bamaco e T\u00fanis.<\/p>\n<p>Aos nossos irm\u00e3os, perseguidos em muitas partes do mundo por causa da sua f\u00e9, o Menino Jesus d\u00ea consola\u00e7\u00e3o e for\u00e7a.<\/p>\n<p>Paz e conc\u00f3rdia, pedimos para as queridas popula\u00e7\u00f5es da Rep\u00fablica Democr\u00e1tica do Congo, do Burundi e do Sud\u00e3o do Sul, a fim de se refor\u00e7ar, atrav\u00e9s do di\u00e1logo, o compromisso comum em prol da edifica\u00e7\u00e3o de sociedades civis animadas por sincero esp\u00edrito de reconcilia\u00e7\u00e3o e compreens\u00e3o m\u00fatua.<\/p>\n<p>Que o Natal traga verdadeira paz tamb\u00e9m \u00e0 Ucr\u00e2nia, proporcione al\u00edvio a quem sofre as consequ\u00eancias do conflito e inspire a vontade de cumprir os acordos assumidos para se restabelecer a conc\u00f3rdia no pa\u00eds inteiro.<\/p>\n<p>Que a alegria deste dia ilumine os esfor\u00e7os do povo colombiano, para que, animado pela esperan\u00e7a, continue empenhado na busca da desejada paz.<\/p>\n<p>Onde nasce Deus, nasce a esperan\u00e7a; e, onde nasce a esperan\u00e7a, as pessoas reencontram a dignidade. E, todavia, ainda hoje h\u00e1 multid\u00f5es de homens e mulheres que est\u00e3o privados da sua dignidade humana e, como o Menino Jesus, sofrem o frio, a pobreza e a rejei\u00e7\u00e3o dos homens. Chegue hoje a nossa solidariedade aos mais inermes, sobretudo \u00e0s crian\u00e7as-soldado, \u00e0s mulheres que sofrem viol\u00eancia, \u00e0s v\u00edtimas do tr\u00e1fico de seres humanos e do narcotr\u00e1fico.<\/p>\n<p>N\u00e3o falte o nosso conforto \u00e0s pessoas que fogem da mis\u00e9ria ou da guerra, viajando em condi\u00e7\u00f5es tantas vezes desumanas e, n\u00e3o raro, arriscando a vida. Sejam recompensados com abundantes b\u00ean\u00e7\u00e3os quantos, indiv\u00edduos e Estados, generosamente se esfor\u00e7am por socorrer e acolher os numerosos migrantes e refugiados, ajudando-os a construir um futuro digno para si e seus entes queridos e a integrar-se nas sociedades que os recebem.<\/p>\n<p>Neste dia de festa, o Senhor d\u00ea esperan\u00e7a \u00e0queles que n\u00e3o t\u00eam trabalho e sustente o compromisso de quantos possuem responsabilidades p\u00fablicas em campo pol\u00edtico e econ\u00f3mico a fim de darem o seu melhor na busca do bem comum e na protec\u00e7\u00e3o da dignidade de cada vida humana.<\/p>\n<p>Onde nasce Deus, floresce a miseric\u00f3rdia. Esta \u00e9 o presente mais precioso que Deus nos d\u00e1, especialmente neste ano jubilar em que somos chamados a descobrir a ternura que o nosso Pai celeste tem por cada um de n\u00f3s. O Senhor conceda, particularmente aos encarcerados, experimentar o seu amor misericordioso que cura as feridas e vence o mal.<\/p>\n<p>E assim hoje, juntos, exultemos no dia da nossa salva\u00e7\u00e3o. Ao contemplar o pres\u00e9pio, fixemos o olhar nos bra\u00e7os abertos de Jesus, que nos mostram o abra\u00e7o misericordioso de Deus, enquanto ouvimos as primeiras express\u00f5es do Menino que nos sussurra: \u00abPor amor dos meus irm\u00e3os e amigos, proclamarei: \u201cA paz esteja contigo\u201d\u00bb! (Sal 122\/121, 8).<\/p>\n<hr \/>\n<p><em>Fonte: R\u00e1dio Vaticano\u00a0<\/em><\/p>\n","protected":false},"excerpt":{"rendered":"<p>Urbi et Orbi por ocasi\u00e3o do Natal<\/p>\n","protected":false},"author":1,"featured_media":209141,"comment_status":"open","ping_status":"open","sticky":false,"template":"","format":"standard","meta":[],"categories":[1428],"tags":[1544],"acf":[],"yoast_head":"<!-- This site is optimized with the Yoast SEO plugin v19.2 - https:\/\/yoast.com\/wordpress\/plugins\/seo\/ -->\n<title>Mensagem do Papa: Onde nasce Deus, nasce a esperan\u00e7a - Not\u00edcias - Franciscanos<\/title>\n<meta name=\"robots\" content=\"index, follow, max-snippet:-1, max-image-preview:large, max-video-preview:-1\" \/>\n<link rel=\"canonical\" href=\"https:\/\/franciscanos.org.br\/noticias\/onde-nasce-deus-nasce-a-esperanca.html\" \/>\n<meta property=\"og:locale\" content=\"pt_BR\" \/>\n<meta property=\"og:type\" content=\"article\" \/>\n<meta property=\"og:title\" content=\"Mensagem do Papa: Onde nasce Deus, nasce a esperan\u00e7a - Not\u00edcias - Franciscanos\" \/>\n<meta property=\"og:description\" content=\"Urbi et Orbi por ocasi\u00e3o do Natal\" \/>\n<meta property=\"og:url\" content=\"https:\/\/franciscanos.org.br\/noticias\/onde-nasce-deus-nasce-a-esperanca.html\" \/>\n<meta property=\"og:site_name\" content=\"Not\u00edcias - Franciscanos\" \/>\n<meta property=\"article:published_time\" content=\"2015-12-25T12:47:24+00:00\" \/>\n<meta property=\"article:modified_time\" content=\"2020-06-10T11:51:32+00:00\" \/>\n<meta property=\"og:image\" content=\"https:\/\/franciscanos.org.br\/noticias\/wp-content\/uploads\/2015\/12\/beijo.jpg\" \/>\n\t<meta property=\"og:image:width\" content=\"273\" \/>\n\t<meta property=\"og:image:height\" content=\"181\" \/>\n\t<meta property=\"og:image:type\" content=\"image\/jpeg\" \/>\n<meta name=\"author\" content=\"admin\" \/>\n<meta name=\"twitter:card\" content=\"summary_large_image\" \/>\n<meta name=\"twitter:label1\" content=\"Escrito por\" \/>\n\t<meta name=\"twitter:data1\" content=\"admin\" \/>\n\t<meta name=\"twitter:label2\" content=\"Est. tempo de leitura\" \/>\n\t<meta name=\"twitter:data2\" content=\"11 minutos\" \/>\n<script type=\"application\/ld+json\" class=\"yoast-schema-graph\">{\"@context\":\"https:\/\/schema.org\",\"@graph\":[{\"@type\":\"WebSite\",\"@id\":\"https:\/\/franciscanos.org.br\/noticias\/#website\",\"url\":\"https:\/\/franciscanos.org.br\/noticias\/\",\"name\":\"Not\u00edcias - Franciscanos\",\"description\":\"Prov\u00edncia Franciscana da Imaculada Concei\u00e7\u00e3o do Brasil - Ordem dos Frades Menores - OFM\",\"potentialAction\":[{\"@type\":\"SearchAction\",\"target\":{\"@type\":\"EntryPoint\",\"urlTemplate\":\"https:\/\/franciscanos.org.br\/noticias\/?s={search_term_string}\"},\"query-input\":\"required name=search_term_string\"}],\"inLanguage\":\"pt-BR\"},{\"@type\":\"ImageObject\",\"inLanguage\":\"pt-BR\",\"@id\":\"https:\/\/franciscanos.org.br\/noticias\/onde-nasce-deus-nasce-a-esperanca.html#primaryimage\",\"url\":\"https:\/\/franciscanos.org.br\/noticias\/wp-content\/uploads\/2015\/12\/beijo.jpg\",\"contentUrl\":\"https:\/\/franciscanos.org.br\/noticias\/wp-content\/uploads\/2015\/12\/beijo.jpg\",\"width\":273,\"height\":181},{\"@type\":\"WebPage\",\"@id\":\"https:\/\/franciscanos.org.br\/noticias\/onde-nasce-deus-nasce-a-esperanca.html#webpage\",\"url\":\"https:\/\/franciscanos.org.br\/noticias\/onde-nasce-deus-nasce-a-esperanca.html\",\"name\":\"Mensagem do Papa: Onde nasce Deus, nasce a esperan\u00e7a - Not\u00edcias - Franciscanos\",\"isPartOf\":{\"@id\":\"https:\/\/franciscanos.org.br\/noticias\/#website\"},\"primaryImageOfPage\":{\"@id\":\"https:\/\/franciscanos.org.br\/noticias\/onde-nasce-deus-nasce-a-esperanca.html#primaryimage\"},\"datePublished\":\"2015-12-25T12:47:24+00:00\",\"dateModified\":\"2020-06-10T11:51:32+00:00\",\"author\":{\"@id\":\"https:\/\/franciscanos.org.br\/noticias\/#\/schema\/person\/b38fbf43118f02820bd932f2e4b14ad3\"},\"breadcrumb\":{\"@id\":\"https:\/\/franciscanos.org.br\/noticias\/onde-nasce-deus-nasce-a-esperanca.html#breadcrumb\"},\"inLanguage\":\"pt-BR\",\"potentialAction\":[{\"@type\":\"ReadAction\",\"target\":[\"https:\/\/franciscanos.org.br\/noticias\/onde-nasce-deus-nasce-a-esperanca.html\"]}]},{\"@type\":\"BreadcrumbList\",\"@id\":\"https:\/\/franciscanos.org.br\/noticias\/onde-nasce-deus-nasce-a-esperanca.html#breadcrumb\",\"itemListElement\":[{\"@type\":\"ListItem\",\"position\":1,\"name\":\"Home\",\"item\":\"https:\/\/franciscanos.org.br\/noticias\"},{\"@type\":\"ListItem\",\"position\":2,\"name\":\"Mensagem do Papa: Onde nasce Deus, nasce a esperan\u00e7a\"}]},{\"@type\":\"Person\",\"@id\":\"https:\/\/franciscanos.org.br\/noticias\/#\/schema\/person\/b38fbf43118f02820bd932f2e4b14ad3\",\"name\":\"admin\",\"image\":{\"@type\":\"ImageObject\",\"inLanguage\":\"pt-BR\",\"@id\":\"https:\/\/franciscanos.org.br\/noticias\/#\/schema\/person\/image\/\",\"url\":\"https:\/\/secure.gravatar.com\/avatar\/e8495742d34d0ba6448ea1c628263b3e?s=96&d=mm&r=g\",\"contentUrl\":\"https:\/\/secure.gravatar.com\/avatar\/e8495742d34d0ba6448ea1c628263b3e?s=96&d=mm&r=g\",\"caption\":\"admin\"},\"url\":\"https:\/\/franciscanos.org.br\/noticias\/author\/admin\"}]}<\/script>\n<!-- \/ Yoast SEO plugin. -->","yoast_head_json":{"title":"Mensagem do Papa: Onde nasce Deus, nasce a esperan\u00e7a - Not\u00edcias - Franciscanos","robots":{"index":"index","follow":"follow","max-snippet":"max-snippet:-1","max-image-preview":"max-image-preview:large","max-video-preview":"max-video-preview:-1"},"canonical":"https:\/\/franciscanos.org.br\/noticias\/onde-nasce-deus-nasce-a-esperanca.html","og_locale":"pt_BR","og_type":"article","og_title":"Mensagem do Papa: Onde nasce Deus, nasce a esperan\u00e7a - Not\u00edcias - Franciscanos","og_description":"Urbi et Orbi por ocasi\u00e3o do Natal","og_url":"https:\/\/franciscanos.org.br\/noticias\/onde-nasce-deus-nasce-a-esperanca.html","og_site_name":"Not\u00edcias - Franciscanos","article_published_time":"2015-12-25T12:47:24+00:00","article_modified_time":"2020-06-10T11:51:32+00:00","og_image":[{"width":273,"height":181,"url":"https:\/\/franciscanos.org.br\/noticias\/wp-content\/uploads\/2015\/12\/beijo.jpg","type":"image\/jpeg"}],"author":"admin","twitter_card":"summary_large_image","twitter_misc":{"Escrito por":"admin","Est. tempo de leitura":"11 minutos"},"schema":{"@context":"https:\/\/schema.org","@graph":[{"@type":"WebSite","@id":"https:\/\/franciscanos.org.br\/noticias\/#website","url":"https:\/\/franciscanos.org.br\/noticias\/","name":"Not\u00edcias - Franciscanos","description":"Prov\u00edncia Franciscana da Imaculada Concei\u00e7\u00e3o do Brasil - Ordem dos Frades Menores - OFM","potentialAction":[{"@type":"SearchAction","target":{"@type":"EntryPoint","urlTemplate":"https:\/\/franciscanos.org.br\/noticias\/?s={search_term_string}"},"query-input":"required name=search_term_string"}],"inLanguage":"pt-BR"},{"@type":"ImageObject","inLanguage":"pt-BR","@id":"https:\/\/franciscanos.org.br\/noticias\/onde-nasce-deus-nasce-a-esperanca.html#primaryimage","url":"https:\/\/franciscanos.org.br\/noticias\/wp-content\/uploads\/2015\/12\/beijo.jpg","contentUrl":"https:\/\/franciscanos.org.br\/noticias\/wp-content\/uploads\/2015\/12\/beijo.jpg","width":273,"height":181},{"@type":"WebPage","@id":"https:\/\/franciscanos.org.br\/noticias\/onde-nasce-deus-nasce-a-esperanca.html#webpage","url":"https:\/\/franciscanos.org.br\/noticias\/onde-nasce-deus-nasce-a-esperanca.html","name":"Mensagem do Papa: Onde nasce Deus, nasce a esperan\u00e7a - Not\u00edcias - Franciscanos","isPartOf":{"@id":"https:\/\/franciscanos.org.br\/noticias\/#website"},"primaryImageOfPage":{"@id":"https:\/\/franciscanos.org.br\/noticias\/onde-nasce-deus-nasce-a-esperanca.html#primaryimage"},"datePublished":"2015-12-25T12:47:24+00:00","dateModified":"2020-06-10T11:51:32+00:00","author":{"@id":"https:\/\/franciscanos.org.br\/noticias\/#\/schema\/person\/b38fbf43118f02820bd932f2e4b14ad3"},"breadcrumb":{"@id":"https:\/\/franciscanos.org.br\/noticias\/onde-nasce-deus-nasce-a-esperanca.html#breadcrumb"},"inLanguage":"pt-BR","potentialAction":[{"@type":"ReadAction","target":["https:\/\/franciscanos.org.br\/noticias\/onde-nasce-deus-nasce-a-esperanca.html"]}]},{"@type":"BreadcrumbList","@id":"https:\/\/franciscanos.org.br\/noticias\/onde-nasce-deus-nasce-a-esperanca.html#breadcrumb","itemListElement":[{"@type":"ListItem","position":1,"name":"Home","item":"https:\/\/franciscanos.org.br\/noticias"},{"@type":"ListItem","position":2,"name":"Mensagem do Papa: Onde nasce Deus, nasce a esperan\u00e7a"}]},{"@type":"Person","@id":"https:\/\/franciscanos.org.br\/noticias\/#\/schema\/person\/b38fbf43118f02820bd932f2e4b14ad3","name":"admin","image":{"@type":"ImageObject","inLanguage":"pt-BR","@id":"https:\/\/franciscanos.org.br\/noticias\/#\/schema\/person\/image\/","url":"https:\/\/secure.gravatar.com\/avatar\/e8495742d34d0ba6448ea1c628263b3e?s=96&d=mm&r=g","contentUrl":"https:\/\/secure.gravatar.com\/avatar\/e8495742d34d0ba6448ea1c628263b3e?s=96&d=mm&r=g","caption":"admin"},"url":"https:\/\/franciscanos.org.br\/noticias\/author\/admin"}]}},"_links":{"self":[{"href":"https:\/\/franciscanos.org.br\/noticias\/wp-json\/wp\/v2\/posts\/100511"}],"collection":[{"href":"https:\/\/franciscanos.org.br\/noticias\/wp-json\/wp\/v2\/posts"}],"about":[{"href":"https:\/\/franciscanos.org.br\/noticias\/wp-json\/wp\/v2\/types\/post"}],"author":[{"embeddable":true,"href":"https:\/\/franciscanos.org.br\/noticias\/wp-json\/wp\/v2\/users\/1"}],"replies":[{"embeddable":true,"href":"https:\/\/franciscanos.org.br\/noticias\/wp-json\/wp\/v2\/comments?post=100511"}],"version-history":[{"count":2,"href":"https:\/\/franciscanos.org.br\/noticias\/wp-json\/wp\/v2\/posts\/100511\/revisions"}],"predecessor-version":[{"id":225821,"href":"https:\/\/franciscanos.org.br\/noticias\/wp-json\/wp\/v2\/posts\/100511\/revisions\/225821"}],"wp:featuredmedia":[{"embeddable":true,"href":"https:\/\/franciscanos.org.br\/noticias\/wp-json\/wp\/v2\/media\/209141"}],"wp:attachment":[{"href":"https:\/\/franciscanos.org.br\/noticias\/wp-json\/wp\/v2\/media?parent=100511"}],"wp:term":[{"taxonomy":"category","embeddable":true,"href":"https:\/\/franciscanos.org.br\/noticias\/wp-json\/wp\/v2\/categories?post=100511"},{"taxonomy":"post_tag","embeddable":true,"href":"https:\/\/franciscanos.org.br\/noticias\/wp-json\/wp\/v2\/tags?post=100511"}],"curies":[{"name":"wp","href":"https:\/\/api.w.org\/{rel}","templated":true}]}}