{"id":100504,"date":"2015-12-25T10:21:24","date_gmt":"2015-12-25T12:21:24","guid":{"rendered":"http:\/\/franciscanos.org.br\/?p=100504"},"modified":"2020-06-10T08:52:26","modified_gmt":"2020-06-10T11:52:26","slug":"hoje-descobrimos-de-novo-quem-somos","status":"publish","type":"post","link":"https:\/\/franciscanos.org.br\/noticias\/hoje-descobrimos-de-novo-quem-somos.html","title":{"rendered":"Hoje descobrimos de novo quem somos!"},"content":{"rendered":"<p><img loading=\"lazy\" src=\"http:\/\/franciscanos.org.br\/wp-content\/uploads\/2015\/12\/papa_missa.jpg\" alt=\"papa_missa\" width=\"820\" height=\"513\" \/><br \/>\n<strong>Cidade do Vaticano<\/strong> \u2013 Na noite do dia 24 de dezembro, o Papa Francisco presidiu a Missa do Santo Natal na Bas\u00edlica de S\u00e3o Pedro. O Menino Jesus \u2013 disse em sua homilia &#8211; \u201censina-nos aquilo que \u00e9 verdadeiramente essencial na nossa vida\u201d, e a partir de seu nascimento, come\u00e7a para os homens de cora\u00e7\u00e3o simples, \u201co caminho da verdadeira liberta\u00e7\u00e3o e do resgate perene\u201d. \u201cEle chama-nos a um comportamento s\u00f3brio, isto \u00e9, simples, equilibrado, linear, capaz de individuar e viver o essencial\u201d.<\/p>\n<p>\u201cJ\u00fabilo e alegria garantem-nos que a mensagem contida no mist\u00e9rio desta noite prov\u00e9m verdadeiramente de Deus\u201d. Partindo da leitura do Profeta Isa\u00edas, o Santo Padre recorda que o cumprimento da promessa, fez com que se multiplicasse e superabundasse no nosso cora\u00e7\u00e3o o sentimento de alegria. \u201cO Menino Jesus \u00e9 o verdadeiro consolador de nosso cora\u00e7\u00e3o a alegria do nosso cora\u00e7\u00e3o\u201d:<\/p>\n<p>\u201cN\u00e3o h\u00e1 lugar para a d\u00favida; deixemo-la aos c\u00e9ticos, que, por interrogarem apenas a raz\u00e3o, nunca encontram a verdade. N\u00e3o h\u00e1 espa\u00e7o para a indiferen\u00e7a, que domina no cora\u00e7\u00e3o de quem \u00e9 incapaz de amar, porque tem medo de perder alguma coisa. Fica afugentada toda a tristeza, porque o Menino Jesus \u00e9 o verdadeiro consolador do cora\u00e7\u00e3o\u201d.<\/p>\n<p>\u201cJ\u00e1 n\u00e3o estamos s\u00f3s e abandonados \u2013 regozijou-se o Papa &#8211; hoje, o Filho de Deus nasceu: tudo muda. O Salvador do mundo vem para Se tornar participante da nossa natureza humana. A Virgem oferece-nos o seu Filho como princ\u00edpio de vida nova\u201d:\u00a0\u201cA verdadeira luz vem iluminar a nossa exist\u00eancia, muitas vezes encerrada na sombra do pecado. Hoje descobrimos de novo quem somos! Nesta noite, torna-se-nos patente o caminho que temos de percorrer para alcan\u00e7ar a meta. Agora, deve cessar todo o medo e pavor, porque a luz nos indica a estrada para Bel\u00e9m. N\u00e3o podemos permanecer inertes. N\u00e3o nos \u00e9 permitido ficar parados. Temos de ir ver o nosso Salvador, deitado numa manjedoura\u201d.<\/p>\n<p>A um povo que, h\u00e1 dois mil anos, percorre todas as estradas do mundo para tornar cada ser humano participante desta alegria, \u00e9 confiada a miss\u00e3o de dar a conhecer o &#8220;Pr\u00edncipe da paz&#8221; e tornar-se um instrumento eficaz d\u2019Ele no meio das na\u00e7\u00f5es:\u00a0\u201cPor isso, quando ouvirmos falar do nascimento de Cristo, permane\u00e7amos em sil\u00eancio e deixemos que seja aquele Menino a falar; gravemos no nosso cora\u00e7\u00e3o as suas palavras, sem afastar o olhar do seu rosto. Se O tomarmos nos nossos bra\u00e7os e nos deixarmos abra\u00e7ar por Ele, dar-nos-\u00e1 a paz do cora\u00e7\u00e3o que jamais ter\u00e1 fim. Este Menino ensina-nos aquilo que \u00e9 verdadeiramente essencial na nossa vida. Nasce na pobreza do mundo, porque, para Ele e sua fam\u00edlia, n\u00e3o h\u00e1 lugar na hospedaria. Encontra abrigo e prote\u00e7\u00e3o num est\u00e1bulo e \u00e9 deitado numa manjedoura para animais. E todavia, a partir deste nada, surge a luz da gl\u00f3ria de Deus. A partir daqui, para os homens de cora\u00e7\u00e3o simples, come\u00e7a o caminho da verdadeira liberta\u00e7\u00e3o e do resgate perene\u201d.<\/p>\n<p>\u201cDeste Menino, que no seu rosto traz gravados os tra\u00e7os da bondade, da miseric\u00f3rdia e do amor de Deus Pai \u2013 disse o Santo Padre &#8211; brota, em todos n\u00f3s, seus disc\u00edpulos\u201d, a vontade de \u201cren\u00fancia \u00e0 impiedade\u201d e \u00e0 riqueza do mundo, para vivermos \u201ccom sobriedade, justi\u00e7a e piedade\u201d:<\/p>\n<p>\u201cNuma sociedade frequentemente embriagada de consumo e prazer, de abund\u00e2ncia e luxo, de apar\u00eancia e narcisismo, Ele chama-nos a um comportamento s\u00f3brio, isto \u00e9, simples, equilibrado, linear, capaz de individuar e viver o essencial. Num mundo que demasiadas vezes \u00e9 duro com o pecador e brando com o pecado, h\u00e1 necessidade de cultivar um forte sentido da justi\u00e7a, de buscar e p\u00f4r em pr\u00e1tica a vontade de Deus. No seio de uma cultura da indiferen\u00e7a, que n\u00e3o raramente acaba por ser cruel, o nosso estilo de vida seja, pelo contr\u00e1rio, cheio de piedade, empatia, compaix\u00e3o, miseric\u00f3rdia, extra\u00eddas diariamente do po\u00e7o de ora\u00e7\u00e3o\u201d.<\/p>\n<p>O Papa conclui, pedindo que assim como os pastores de Bel\u00e9m, \u201ctamb\u00e9m os nossos olhos possam encher-se de espanto e maravilha, contemplando no Menino Jesus o Filho de Deus. E, diante d\u2019Ele, brote dos nossos cora\u00e7\u00f5es a invoca\u00e7\u00e3o: \u201cMostra-nos, Senhor, a tua miseric\u00f3rdia, concede-nos a tua salva\u00e7\u00e3o\u201d\u201d. (JE)<\/p>\n<h3>Abaixo, a \u00edntegra da homilia do Papa:<\/h3>\n<p>Nesta noite, resplandece \u201cuma grande luz\u201d (Is 9, 1); sobre todos n\u00f3s, brilha a luz do nascimento de Jesus. Como s\u00e3o verdadeiras e atuais as palavras que ouvimos do profeta Isa\u00edas: \u201cMultiplicaste a alegria, aumentaste o j\u00fabilo\u201d (9, 2)!<\/p>\n<p>O nosso cora\u00e7\u00e3o j\u00e1 estava cheio de alegria vislumbrando este momento; mas, agora, aquele sentimento multiplica-se e \u00e9 abundante, porque a promessa se cumpriu: finalmente realizou-se. J\u00fabilo e alegria garantem-nos que a mensagem contida no mist\u00e9rio desta noite prov\u00e9m verdadeiramente de Deus.<\/p>\n<p><strong>D\u00favida e indiferen\u00e7a<\/strong><br \/>\nN\u00e3o h\u00e1 lugar para a d\u00favida; deixemo-la aos c\u00e9ticos, que, por interrogarem apenas a raz\u00e3o, nunca encontram a verdade. N\u00e3o h\u00e1 espa\u00e7o para a indiferen\u00e7a, que domina no cora\u00e7\u00e3o de quem \u00e9 incapaz de amar, porque tem medo de perder alguma coisa. Toda a tristeza \u00e9 afastada, porque o Menino Jesus \u00e9 o verdadeiro consolador do cora\u00e7\u00e3o.<\/p>\n<p><strong>Nasceu o filho de Deus<\/strong><br \/>\nHoje, o Filho de Deus nasceu: tudo muda. O Salvador do mundo vem para Se tornar participante da nossa natureza humana: j\u00e1 n\u00e3o estamos s\u00f3s e abandonados. A Virgem oferece-nos o seu Filho como princ\u00edpio de vida nova. A verdadeira luz vem iluminar a nossa exist\u00eancia, muitas vezes encerrada na sombra do pecado.<\/p>\n<p>Hoje descobrimos de novo quem somos! Nesta noite, fica claro o caminho que temos de percorrer para alcan\u00e7ar a meta. Agora, deve cessar todo o medo e pavor, porque a luz nos indica a estrada para Bel\u00e9m. N\u00e3o podemos permanecer inertes. N\u00e3o nos \u00e9 permitido ficar parados. Temos de ir ver o nosso Salvador, deitado numa manjedoura. Eis o motivo do j\u00fabilo e da alegria: este Menino \u201cnasceu para n\u00f3s\u201d, foi-nos \u201cdado a n\u00f3s\u201d, como anuncia Isa\u00edas (cf. 9, 5).<\/p>\n<p>A um povo que, h\u00e1 dois mil anos, percorre todas as estradas do mundo para tornar cada ser humano participante desta alegria, \u00e9 confiada a miss\u00e3o de dar a conhecer o \u201cPr\u00edncipe da paz\u201d e tornar-se um instrumento eficaz d\u2019Ele no meio das na\u00e7\u00f5es.<\/p>\n<p><strong>Silenciar<\/strong><br \/>\nPor isso, quando ouvirmos falar do nascimento de Cristo, permane\u00e7amos em sil\u00eancio e deixemos que seja aquele Menino a falar; gravemos no nosso cora\u00e7\u00e3o as suas palavras, sem afastar o olhar do seu rosto. Se O tomarmos nos nossos bra\u00e7os e nos deixarmos abra\u00e7ar por Ele, nos dar\u00e1 a paz do cora\u00e7\u00e3o que jamais ter\u00e1 fim.<\/p>\n<p>Este Menino ensina-nos aquilo que \u00e9 verdadeiramente essencial na nossa vida. Nasce na pobreza do mundo, porque, para Ele e sua fam\u00edlia, n\u00e3o h\u00e1 lugar na hospedaria. Encontra abrigo e prote\u00e7\u00e3o num est\u00e1bulo e \u00e9 deitado numa manjedoura para animais.<\/p>\n<p><strong>Sobriedade<\/strong><br \/>\nE todavia, a partir deste nada, surge a luz da gl\u00f3ria de Deus. A partir daqui, para os homens de cora\u00e7\u00e3o simples, come\u00e7a o caminho da verdadeira liberta\u00e7\u00e3o e do resgate perene. Deste Menino, que, no seu rosto, traz gravados os tra\u00e7os da bondade, da miseric\u00f3rdia e do amor de Deus Pai, brota \u2013 em todos n\u00f3s, seus disc\u00edpulos, como ensina o ap\u00f3stolo Paulo \u2013 a vontade de \u201cren\u00fancia \u00e0 impiedade\u201d e \u00e0 riqueza do mundo, para vivermos \u201ccom sobriedade, justi\u00e7a e piedade\u201d (Tt 2, 12).<\/p>\n<p>Numa sociedade frequentemente embriagada de consumo e prazer, de abund\u00e2ncia e luxo, de apar\u00eancia e narcisismo, Ele chama-nos a um comportamento s\u00f3brio, isto \u00e9, simples, equilibrado, linear, capaz de individuar e viver o essencial.<\/p>\n<p>Num mundo que demasiadas vezes \u00e9 duro com o pecador e brando com o pecado, h\u00e1 necessidade de cultivar um forte sentido da justi\u00e7a, de buscar e p\u00f4r em pr\u00e1tica a vontade de Deus. No seio duma cultura da indiferen\u00e7a, que n\u00e3o raramente acaba por ser cruel, o nosso estilo de vida seja, pelo contr\u00e1rio, cheio de piedade, empatia, compaix\u00e3o, miseric\u00f3rdia, extra\u00eddas diariamente do po\u00e7o de ora\u00e7\u00e3o.<\/p>\n<p>Como os pastores de Bel\u00e9m, possam tamb\u00e9m os nossos olhos encher-se de espanto e maravilha, contemplando no Menino Jesus o Filho de Deus. E, diante d\u2019Ele, brote dos nossos cora\u00e7\u00f5es a invoca\u00e7\u00e3o: &#8220;Mostra-nos, Senhor, a tua miseric\u00f3rdia, concede-nos a tua salva\u00e7\u00e3o&#8221; (Sal 85\/84, 8).<\/p>\n<hr \/>\n<p><i>Fonte: R\u00e1dio Vaticano<\/i><\/p>\n","protected":false},"excerpt":{"rendered":"<p>Missa do Galo<\/p>\n","protected":false},"author":1,"featured_media":209109,"comment_status":"open","ping_status":"open","sticky":false,"template":"","format":"standard","meta":[],"categories":[1428],"tags":[1570],"acf":[],"yoast_head":"<!-- This site is optimized with the Yoast SEO plugin v19.2 - https:\/\/yoast.com\/wordpress\/plugins\/seo\/ -->\n<title>Hoje descobrimos de novo quem somos! - Not\u00edcias - Franciscanos<\/title>\n<meta name=\"robots\" content=\"index, follow, max-snippet:-1, max-image-preview:large, max-video-preview:-1\" \/>\n<link rel=\"canonical\" href=\"https:\/\/franciscanos.org.br\/noticias\/hoje-descobrimos-de-novo-quem-somos.html\" \/>\n<meta property=\"og:locale\" content=\"pt_BR\" \/>\n<meta property=\"og:type\" content=\"article\" \/>\n<meta property=\"og:title\" content=\"Hoje descobrimos de novo quem somos! - Not\u00edcias - Franciscanos\" \/>\n<meta property=\"og:description\" content=\"Missa do Galo\" \/>\n<meta property=\"og:url\" content=\"https:\/\/franciscanos.org.br\/noticias\/hoje-descobrimos-de-novo-quem-somos.html\" \/>\n<meta property=\"og:site_name\" content=\"Not\u00edcias - Franciscanos\" \/>\n<meta property=\"article:published_time\" content=\"2015-12-25T12:21:24+00:00\" \/>\n<meta property=\"article:modified_time\" content=\"2020-06-10T11:52:26+00:00\" \/>\n<meta property=\"og:image\" content=\"https:\/\/franciscanos.org.br\/noticias\/wp-content\/uploads\/2015\/12\/papa_missa.jpg\" \/>\n\t<meta property=\"og:image:width\" content=\"273\" \/>\n\t<meta property=\"og:image:height\" content=\"181\" \/>\n\t<meta property=\"og:image:type\" content=\"image\/jpeg\" \/>\n<meta name=\"author\" content=\"admin\" \/>\n<meta name=\"twitter:card\" content=\"summary_large_image\" \/>\n<meta name=\"twitter:label1\" content=\"Escrito por\" \/>\n\t<meta name=\"twitter:data1\" content=\"admin\" \/>\n\t<meta name=\"twitter:label2\" content=\"Est. tempo de leitura\" \/>\n\t<meta name=\"twitter:data2\" content=\"7 minutos\" \/>\n<script type=\"application\/ld+json\" class=\"yoast-schema-graph\">{\"@context\":\"https:\/\/schema.org\",\"@graph\":[{\"@type\":\"WebSite\",\"@id\":\"https:\/\/franciscanos.org.br\/noticias\/#website\",\"url\":\"https:\/\/franciscanos.org.br\/noticias\/\",\"name\":\"Not\u00edcias - Franciscanos\",\"description\":\"Prov\u00edncia Franciscana da Imaculada Concei\u00e7\u00e3o do Brasil - Ordem dos Frades Menores - OFM\",\"potentialAction\":[{\"@type\":\"SearchAction\",\"target\":{\"@type\":\"EntryPoint\",\"urlTemplate\":\"https:\/\/franciscanos.org.br\/noticias\/?s={search_term_string}\"},\"query-input\":\"required name=search_term_string\"}],\"inLanguage\":\"pt-BR\"},{\"@type\":\"ImageObject\",\"inLanguage\":\"pt-BR\",\"@id\":\"https:\/\/franciscanos.org.br\/noticias\/hoje-descobrimos-de-novo-quem-somos.html#primaryimage\",\"url\":\"https:\/\/franciscanos.org.br\/noticias\/wp-content\/uploads\/2015\/12\/papa_missa.jpg\",\"contentUrl\":\"https:\/\/franciscanos.org.br\/noticias\/wp-content\/uploads\/2015\/12\/papa_missa.jpg\",\"width\":273,\"height\":181},{\"@type\":\"WebPage\",\"@id\":\"https:\/\/franciscanos.org.br\/noticias\/hoje-descobrimos-de-novo-quem-somos.html#webpage\",\"url\":\"https:\/\/franciscanos.org.br\/noticias\/hoje-descobrimos-de-novo-quem-somos.html\",\"name\":\"Hoje descobrimos de novo quem somos! - Not\u00edcias - Franciscanos\",\"isPartOf\":{\"@id\":\"https:\/\/franciscanos.org.br\/noticias\/#website\"},\"primaryImageOfPage\":{\"@id\":\"https:\/\/franciscanos.org.br\/noticias\/hoje-descobrimos-de-novo-quem-somos.html#primaryimage\"},\"datePublished\":\"2015-12-25T12:21:24+00:00\",\"dateModified\":\"2020-06-10T11:52:26+00:00\",\"author\":{\"@id\":\"https:\/\/franciscanos.org.br\/noticias\/#\/schema\/person\/b38fbf43118f02820bd932f2e4b14ad3\"},\"breadcrumb\":{\"@id\":\"https:\/\/franciscanos.org.br\/noticias\/hoje-descobrimos-de-novo-quem-somos.html#breadcrumb\"},\"inLanguage\":\"pt-BR\",\"potentialAction\":[{\"@type\":\"ReadAction\",\"target\":[\"https:\/\/franciscanos.org.br\/noticias\/hoje-descobrimos-de-novo-quem-somos.html\"]}]},{\"@type\":\"BreadcrumbList\",\"@id\":\"https:\/\/franciscanos.org.br\/noticias\/hoje-descobrimos-de-novo-quem-somos.html#breadcrumb\",\"itemListElement\":[{\"@type\":\"ListItem\",\"position\":1,\"name\":\"Home\",\"item\":\"https:\/\/franciscanos.org.br\/noticias\"},{\"@type\":\"ListItem\",\"position\":2,\"name\":\"Hoje descobrimos de novo quem somos!\"}]},{\"@type\":\"Person\",\"@id\":\"https:\/\/franciscanos.org.br\/noticias\/#\/schema\/person\/b38fbf43118f02820bd932f2e4b14ad3\",\"name\":\"admin\",\"image\":{\"@type\":\"ImageObject\",\"inLanguage\":\"pt-BR\",\"@id\":\"https:\/\/franciscanos.org.br\/noticias\/#\/schema\/person\/image\/\",\"url\":\"https:\/\/secure.gravatar.com\/avatar\/e8495742d34d0ba6448ea1c628263b3e?s=96&d=mm&r=g\",\"contentUrl\":\"https:\/\/secure.gravatar.com\/avatar\/e8495742d34d0ba6448ea1c628263b3e?s=96&d=mm&r=g\",\"caption\":\"admin\"},\"url\":\"https:\/\/franciscanos.org.br\/noticias\/author\/admin\"}]}<\/script>\n<!-- \/ Yoast SEO plugin. -->","yoast_head_json":{"title":"Hoje descobrimos de novo quem somos! - Not\u00edcias - Franciscanos","robots":{"index":"index","follow":"follow","max-snippet":"max-snippet:-1","max-image-preview":"max-image-preview:large","max-video-preview":"max-video-preview:-1"},"canonical":"https:\/\/franciscanos.org.br\/noticias\/hoje-descobrimos-de-novo-quem-somos.html","og_locale":"pt_BR","og_type":"article","og_title":"Hoje descobrimos de novo quem somos! - Not\u00edcias - Franciscanos","og_description":"Missa do Galo","og_url":"https:\/\/franciscanos.org.br\/noticias\/hoje-descobrimos-de-novo-quem-somos.html","og_site_name":"Not\u00edcias - Franciscanos","article_published_time":"2015-12-25T12:21:24+00:00","article_modified_time":"2020-06-10T11:52:26+00:00","og_image":[{"width":273,"height":181,"url":"https:\/\/franciscanos.org.br\/noticias\/wp-content\/uploads\/2015\/12\/papa_missa.jpg","type":"image\/jpeg"}],"author":"admin","twitter_card":"summary_large_image","twitter_misc":{"Escrito por":"admin","Est. tempo de leitura":"7 minutos"},"schema":{"@context":"https:\/\/schema.org","@graph":[{"@type":"WebSite","@id":"https:\/\/franciscanos.org.br\/noticias\/#website","url":"https:\/\/franciscanos.org.br\/noticias\/","name":"Not\u00edcias - Franciscanos","description":"Prov\u00edncia Franciscana da Imaculada Concei\u00e7\u00e3o do Brasil - Ordem dos Frades Menores - OFM","potentialAction":[{"@type":"SearchAction","target":{"@type":"EntryPoint","urlTemplate":"https:\/\/franciscanos.org.br\/noticias\/?s={search_term_string}"},"query-input":"required name=search_term_string"}],"inLanguage":"pt-BR"},{"@type":"ImageObject","inLanguage":"pt-BR","@id":"https:\/\/franciscanos.org.br\/noticias\/hoje-descobrimos-de-novo-quem-somos.html#primaryimage","url":"https:\/\/franciscanos.org.br\/noticias\/wp-content\/uploads\/2015\/12\/papa_missa.jpg","contentUrl":"https:\/\/franciscanos.org.br\/noticias\/wp-content\/uploads\/2015\/12\/papa_missa.jpg","width":273,"height":181},{"@type":"WebPage","@id":"https:\/\/franciscanos.org.br\/noticias\/hoje-descobrimos-de-novo-quem-somos.html#webpage","url":"https:\/\/franciscanos.org.br\/noticias\/hoje-descobrimos-de-novo-quem-somos.html","name":"Hoje descobrimos de novo quem somos! - Not\u00edcias - Franciscanos","isPartOf":{"@id":"https:\/\/franciscanos.org.br\/noticias\/#website"},"primaryImageOfPage":{"@id":"https:\/\/franciscanos.org.br\/noticias\/hoje-descobrimos-de-novo-quem-somos.html#primaryimage"},"datePublished":"2015-12-25T12:21:24+00:00","dateModified":"2020-06-10T11:52:26+00:00","author":{"@id":"https:\/\/franciscanos.org.br\/noticias\/#\/schema\/person\/b38fbf43118f02820bd932f2e4b14ad3"},"breadcrumb":{"@id":"https:\/\/franciscanos.org.br\/noticias\/hoje-descobrimos-de-novo-quem-somos.html#breadcrumb"},"inLanguage":"pt-BR","potentialAction":[{"@type":"ReadAction","target":["https:\/\/franciscanos.org.br\/noticias\/hoje-descobrimos-de-novo-quem-somos.html"]}]},{"@type":"BreadcrumbList","@id":"https:\/\/franciscanos.org.br\/noticias\/hoje-descobrimos-de-novo-quem-somos.html#breadcrumb","itemListElement":[{"@type":"ListItem","position":1,"name":"Home","item":"https:\/\/franciscanos.org.br\/noticias"},{"@type":"ListItem","position":2,"name":"Hoje descobrimos de novo quem somos!"}]},{"@type":"Person","@id":"https:\/\/franciscanos.org.br\/noticias\/#\/schema\/person\/b38fbf43118f02820bd932f2e4b14ad3","name":"admin","image":{"@type":"ImageObject","inLanguage":"pt-BR","@id":"https:\/\/franciscanos.org.br\/noticias\/#\/schema\/person\/image\/","url":"https:\/\/secure.gravatar.com\/avatar\/e8495742d34d0ba6448ea1c628263b3e?s=96&d=mm&r=g","contentUrl":"https:\/\/secure.gravatar.com\/avatar\/e8495742d34d0ba6448ea1c628263b3e?s=96&d=mm&r=g","caption":"admin"},"url":"https:\/\/franciscanos.org.br\/noticias\/author\/admin"}]}},"_links":{"self":[{"href":"https:\/\/franciscanos.org.br\/noticias\/wp-json\/wp\/v2\/posts\/100504"}],"collection":[{"href":"https:\/\/franciscanos.org.br\/noticias\/wp-json\/wp\/v2\/posts"}],"about":[{"href":"https:\/\/franciscanos.org.br\/noticias\/wp-json\/wp\/v2\/types\/post"}],"author":[{"embeddable":true,"href":"https:\/\/franciscanos.org.br\/noticias\/wp-json\/wp\/v2\/users\/1"}],"replies":[{"embeddable":true,"href":"https:\/\/franciscanos.org.br\/noticias\/wp-json\/wp\/v2\/comments?post=100504"}],"version-history":[{"count":1,"href":"https:\/\/franciscanos.org.br\/noticias\/wp-json\/wp\/v2\/posts\/100504\/revisions"}],"predecessor-version":[{"id":225822,"href":"https:\/\/franciscanos.org.br\/noticias\/wp-json\/wp\/v2\/posts\/100504\/revisions\/225822"}],"wp:featuredmedia":[{"embeddable":true,"href":"https:\/\/franciscanos.org.br\/noticias\/wp-json\/wp\/v2\/media\/209109"}],"wp:attachment":[{"href":"https:\/\/franciscanos.org.br\/noticias\/wp-json\/wp\/v2\/media?parent=100504"}],"wp:term":[{"taxonomy":"category","embeddable":true,"href":"https:\/\/franciscanos.org.br\/noticias\/wp-json\/wp\/v2\/categories?post=100504"},{"taxonomy":"post_tag","embeddable":true,"href":"https:\/\/franciscanos.org.br\/noticias\/wp-json\/wp\/v2\/tags?post=100504"}],"curies":[{"name":"wp","href":"https:\/\/api.w.org\/{rel}","templated":true}]}}