{"id":100279,"date":"2015-12-20T21:10:58","date_gmt":"2015-12-20T23:10:58","guid":{"rendered":"http:\/\/franciscanos.org.br\/?p=100279"},"modified":"2020-02-17T13:05:31","modified_gmt":"2020-02-17T16:05:31","slug":"lages-celebra-duplo-jubileu-franciscano","status":"publish","type":"post","link":"https:\/\/franciscanos.org.br\/noticias\/lages-celebra-duplo-jubileu-franciscano.html","title":{"rendered":"Lages celebra 100 anos do Conventinho e 50 anos de Frei Jos\u00e9"},"content":{"rendered":"<p><img loading=\"lazy\" src=\"http:\/\/franciscanos.org.br\/wp-content\/uploads\/2015\/12\/alto7.jpg\" alt=\"alto\" width=\"820\" height=\"359\" \/><\/p>\n<p><strong>Frei Augusto Luiz Gabriel, OFM<\/strong><\/p>\n<p><strong>\u00a0<\/strong><strong>Lages (SC)<\/strong> \u2013 A cidade de Lages celebrou como muita alegria e solenidade o centen\u00e1rio do Convento S\u00e3o Jos\u00e9, ou Conventinho como \u00e9 mais conhecido, neste domingo, 20 de dezembro. Mas n\u00e3o foi s\u00f3 a festa do centen\u00e1rio que marcou esta data. No encerramento da novena preparat\u00f3ria para este jubileu (19\/12), Frei Jos\u00e9 Lino L\u00fcckmann, celebrou o seu jubileu de vida consagrada, ou melhor, completou neste dia, os seus 50 anos de vida religiosa franciscana.<\/p>\n<p>Duas belas celebra\u00e7\u00f5es que confirmam a presen\u00e7a viva do carisma franciscano na serra catarinense. Foi em 1891 que os frades, com muitas limita\u00e7\u00f5es, bem ao estilo dos tropeiros da \u00e9poca, chegaram \u00e0 cidade na regi\u00e3o dos Campos de Lages. No dia 21 de dezembro de 1915 era lan\u00e7ada a pedra fundamental do Convento, que se tornou refer\u00eancia na cidade, assim como a Matriz erguida \u00e0 padroeira Nossa Senhora dos Prazeres, constru\u00edda pelos franciscanos da Prov\u00edncia da Imaculada Concei\u00e7\u00e3o a partir de 1912.<\/p>\n<p>Este Convento acolheu in\u00fameros frades e, durante muitos anos, foi casa de forma\u00e7\u00e3o dos seminaristas da Prov\u00edncia. Sob o patroc\u00ednio de S\u00e3o Jos\u00e9, os frades partiam e voltavam da miss\u00e3o evangelizadora. Essa presen\u00e7a centen\u00e1ria acabou dando frutos e muitas voca\u00e7\u00f5es nasceram em Lages.<\/p>\n<p><img loading=\"lazy\" src=\"http:\/\/franciscanos.org.br\/wp-content\/uploads\/2015\/12\/alto11.jpg\" alt=\"alto1\" width=\"820\" height=\"360\" \/><\/p>\n<p>A festa n\u00e3o foi s\u00f3 franciscana, mas reuniu padres diocesanos, irm\u00e3s religiosas, autoridades do Estado de Santa Catarina e o povo lageano. A Celebra\u00e7\u00e3o Eucar\u00edstica, \u00e0s 10 horas, presidida pelo Definidor da Prov\u00edncia da Imaculada Concei\u00e7\u00e3o, Frei Jo\u00e3o Mannes, que representou o Ministro Provincial Frei Fid\u00eancio Vanb\u00f6emmel, teve entre os concelebrantes uma personalidade importante para essa hist\u00f3ria franciscana: o Cardeal Dom Frei Paulo Evaristo Arns, que completou 94 anos em agosto \u00faltimo \u2013 e celebrou os seus jubileus de 75 anos de vida religiosa e 70 anos de vida sacerdotal no \u00faltimo dia 8 de dezembro, em Rondinha.<\/p>\n<p>Na homilia, Frei Jo\u00e3o lembrou que ao longo do centen\u00e1rio, este Convento acolheu in\u00fameros frades da Prov\u00edncia, tornando-se um centro de irradia\u00e7\u00e3o do carisma franciscano e ponto de refer\u00eancia religiosa para o povo lageano.&#8221;Sem d\u00favida, irm\u00e3os e irm\u00e3s, Lages n\u00e3o pode contar a sua hist\u00f3ria sem se referir \u00e0 presen\u00e7a evangelizadora e educadora dos frades franciscanos\u201d, enfatizou.<\/p>\n<p><img loading=\"lazy\" class=\"alignleft wp-image-100288 size-full\" src=\"http:\/\/franciscanos.org.br\/wp-content\/uploads\/2015\/12\/paulo.jpg\" alt=\"paulo\" width=\"359\" height=\"479\" \/>Tendo como base o Evangelho proclamado, Frei Jo\u00e3o fez refer\u00eancia \u00e0 par\u00e1bola da casa constru\u00edda sobre a rocha, que n\u00e3o se abala diante das tempestades, porque est\u00e1 firme sobre a base. &#8220;A hist\u00f3ria centen\u00e1ria dos frades franciscanos deste Convento, constru\u00edda sobre a rocha dos valores evang\u00e9licos, resistiu \u00e0s enchentes, tempestades, enfim, a todas as dificuldades e prova\u00e7\u00f5es da vida. Caso contr\u00e1rio, como ouvimos no Evangelho, a casa constru\u00edda na areia n\u00e3o resistiu e foi \u00e0 ru\u00edna completa&#8221;, explicou.<\/p>\n<p>Frei Jo\u00e3o destacou a import\u00e2ncia da constru\u00e7\u00e3o material deste Convento, com sua capela, mas ressaltou que mais importante \u00e9 a constru\u00e7\u00e3o da &#8220;comunidade de f\u00e9&#8221; em Jesus Cristo. &#8220;Os franciscanos vieram para c\u00e1 e n\u00e3o trouxeram nem ouro, nem prata, mas o Evangelho de Nosso Senhor Jesus Cristo. N\u00f3s, franciscanos, diante de Deus e da comunidade aqui reunida queremos renovar o nosso desejo de continuar servindo a Igreja de Lages neste Conventinho. Queremos continuar servindo no esp\u00edrito de S\u00e3o Francisco e de Santa Clara de Assis. Queremos continuar nestas terras semeando a boa semente do Evangelho de Jesus, para que a pessoa de Jesus Cristo seja cada vez mais conhecida, amada e seguida por cada um de n\u00f3s\u201d, exortou o presidente da Celebra\u00e7\u00e3o.<\/p>\n<p>Ap\u00f3s a comunh\u00e3o, Dom Frei Paulo Evaristo Arns dirigiu algumas palavras aos presentes e foi aplaudido de p\u00e9 por um longo tempo. Em seguida, o deputado Gabriel Ribeiro, em nome da Assembleia Legislativa de Santa Catarina, entregou a Frei Jos\u00e9 Lino uma lembran\u00e7a por ocasi\u00e3o do centen\u00e1rio do Convento.<\/p>\n<p>\u201cQueremos nesta solene celebra\u00e7\u00e3o, louvar e agradecer a Deus pela hist\u00f3ria dos 100 anos deste Convento, e especialmente queremos render gra\u00e7as a Deus pela presen\u00e7a dos frades franciscanos na regi\u00e3o de Lages\u201d, concluiu o Definidor Frei Jo\u00e3o Mannes.<\/p>\n<p>A festa terminou com uma confraterniza\u00e7\u00e3o no Sal\u00e3o Paroquial da Par\u00f3quia do Navio.<\/p>\n<p><img loading=\"lazy\" src=\"http:\/\/franciscanos.org.br\/wp-content\/uploads\/2015\/12\/alto32.jpg\" alt=\"alto3\" width=\"820\" height=\"284\" \/><\/p>\n<p><strong>O JUBILEU DE FREI JOS\u00c9 LINO<\/strong><\/p>\n<p>Natural de Ituporanga, SC, onde nasceu no dia 15 de mar\u00e7o de 1944, Frei Jos\u00e9 Lino ingressou na Ordem dos Frades Menores no dia 19 de dezembro de 1964, portanto h\u00e1 50 anos. Fez a profiss\u00e3o solene no dia 11 de novembro de 1969 e foi ordenado sacerdote no dia 19 de dezembro de 1970.<\/p>\n<p>Na celebra\u00e7\u00e3o do seu jubileu, foi dif\u00edcil para o frade segurar a emo\u00e7\u00e3o com as homenagens. Principalmente quando sua sobrinha, representando seus familiares, disse que a falecida m\u00e3e de Frei Jos\u00e9 fazia novenas pela sua perseveran\u00e7a no rigoroso inverno da Serra catarinense.<\/p>\n<p>Frei Jos\u00e9 Lino presidiu a Celebra\u00e7\u00e3o Eucar\u00edstica. A capela do Convento estava lotada: amigos, fi\u00e9is e familiares, de Norte a Sul, marcaram presen\u00e7a neste momento em que Frei Jos\u00e9 Lino renovou suas promessas de Vida Religiosa Franciscana.<\/p>\n<p><img loading=\"lazy\" class=\"alignright size-full wp-image-100291\" src=\"http:\/\/franciscanos.org.br\/wp-content\/uploads\/2015\/12\/lino.jpg\" alt=\"lino\" width=\"450\" height=\"337\" \/>A homilia, contudo, foi feita pelo seu confrade Frei Tarc\u00edsio Theiss, que usou a imagem da Videira e dos frutos para mostrar que permanecer em Jesus \u00e9 essencial para viver e frutificar. \u201c\u00c9 dos ramos que n\u00f3s colhemos os frutos, mas \u00e9 necess\u00e1rio estarmos ligados ao tronco e \u00e0 videira, que \u00e9 Jesus. N\u00f3s vivemos a partir de Jesus Cristo. Ele \u00e9 a fonte e a esperan\u00e7a para produzirmos frutos&#8221;, disse.<\/p>\n<p>Neste centen\u00e1rio do Convento, segundo o frade, fazemos a mem\u00f3ria da miseric\u00f3rdia de Deus que age pelo seu esp\u00edrito em n\u00f3s e atrav\u00e9s de n\u00f3s. &#8220;\u00c9 sempre pela a\u00e7\u00e3o do Esp\u00edrito Santo, este Esp\u00edrito de Jesus Cristo que est\u00e1 em n\u00f3s. Como Deus \u00e9 bom, como Deus foi bom para n\u00f3s, e como Deus ser\u00e1 sempre bom para n\u00f3s se estivermos ligado a Ele. Quanta miseric\u00f3rdia o Pai nos mostrou atrav\u00e9s de Jesus Cristo nos enviando seus mission\u00e1rios franciscanos, mission\u00e1rios redentoristas, religiosos e religiosas, leigos e leigas e, entre todos eles, tamb\u00e9m nos enviou Frei Jos\u00e9 Lino. \u00c9 Deus que nos mandou\u201d, completou.<\/p>\n<p>Em seguida, Frei Jos\u00e9 Lino, de joelhos em frente ao altar do Senhor, renovou suas promessas religiosas, relembrando tamb\u00e9m todos os seus confrades de turma. Momento \u00edmpar e especial para ele foi a presen\u00e7a de seus familiares e confrades nesta celebra\u00e7\u00e3o.<\/p>\n<p>Ap\u00f3s a celebra\u00e7\u00e3o, grande parte das pessoas presentes se dirigiu ao p\u00e1tio do Convento para saborear deliciosos past\u00e9is, \u2018regados\u2019 de boas conversas e tamb\u00e9m do tradicional jogo da roleta.<\/p>\n<p><img class=\"ngg_displayed_gallery mceItem\" src=\"http:\/\/franciscanos.org.br\/index.php\/nextgen-attach_to_post\/preview\/id--100394\" alt=\"\" \/><\/p>\n","protected":false},"excerpt":{"rendered":"<p>Jubileus<\/p>\n","protected":false},"author":5,"featured_media":221172,"comment_status":"open","ping_status":"open","sticky":false,"template":"","format":"standard","meta":[],"categories":[1],"tags":[85],"acf":[],"yoast_head":"<!-- This site is optimized with the Yoast SEO plugin v19.2 - https:\/\/yoast.com\/wordpress\/plugins\/seo\/ -->\n<title>Lages celebra 100 anos do Conventinho e 50 anos de Frei Jos\u00e9 - Not\u00edcias - Franciscanos<\/title>\n<meta name=\"robots\" content=\"index, follow, max-snippet:-1, max-image-preview:large, max-video-preview:-1\" \/>\n<link rel=\"canonical\" href=\"https:\/\/franciscanos.org.br\/noticias\/lages-celebra-duplo-jubileu-franciscano.html\" \/>\n<meta property=\"og:locale\" content=\"pt_BR\" \/>\n<meta property=\"og:type\" content=\"article\" \/>\n<meta property=\"og:title\" content=\"Lages celebra 100 anos do Conventinho e 50 anos de Frei Jos\u00e9 - Not\u00edcias - Franciscanos\" \/>\n<meta property=\"og:description\" content=\"Jubileus\" \/>\n<meta property=\"og:url\" content=\"https:\/\/franciscanos.org.br\/noticias\/lages-celebra-duplo-jubileu-franciscano.html\" \/>\n<meta property=\"og:site_name\" content=\"Not\u00edcias - Franciscanos\" \/>\n<meta property=\"article:published_time\" content=\"2015-12-20T23:10:58+00:00\" \/>\n<meta property=\"article:modified_time\" content=\"2020-02-17T16:05:31+00:00\" \/>\n<meta property=\"og:image\" content=\"https:\/\/franciscanos.org.br\/noticias\/wp-content\/uploads\/2015\/12\/alto7.jpg\" \/>\n\t<meta property=\"og:image:width\" content=\"273\" \/>\n\t<meta property=\"og:image:height\" content=\"181\" \/>\n\t<meta property=\"og:image:type\" content=\"image\/jpeg\" \/>\n<meta name=\"author\" content=\"freiaugusto\" \/>\n<meta name=\"twitter:card\" content=\"summary_large_image\" \/>\n<meta name=\"twitter:label1\" content=\"Escrito por\" \/>\n\t<meta name=\"twitter:data1\" content=\"freiaugusto\" \/>\n\t<meta name=\"twitter:label2\" content=\"Est. tempo de leitura\" \/>\n\t<meta name=\"twitter:data2\" content=\"6 minutos\" \/>\n<script type=\"application\/ld+json\" class=\"yoast-schema-graph\">{\"@context\":\"https:\/\/schema.org\",\"@graph\":[{\"@type\":\"WebSite\",\"@id\":\"https:\/\/franciscanos.org.br\/noticias\/#website\",\"url\":\"https:\/\/franciscanos.org.br\/noticias\/\",\"name\":\"Not\u00edcias - Franciscanos\",\"description\":\"Prov\u00edncia Franciscana da Imaculada Concei\u00e7\u00e3o do Brasil - Ordem dos Frades Menores - OFM\",\"potentialAction\":[{\"@type\":\"SearchAction\",\"target\":{\"@type\":\"EntryPoint\",\"urlTemplate\":\"https:\/\/franciscanos.org.br\/noticias\/?s={search_term_string}\"},\"query-input\":\"required name=search_term_string\"}],\"inLanguage\":\"pt-BR\"},{\"@type\":\"ImageObject\",\"inLanguage\":\"pt-BR\",\"@id\":\"https:\/\/franciscanos.org.br\/noticias\/lages-celebra-duplo-jubileu-franciscano.html#primaryimage\",\"url\":\"https:\/\/franciscanos.org.br\/noticias\/wp-content\/uploads\/2015\/12\/alto7.jpg\",\"contentUrl\":\"https:\/\/franciscanos.org.br\/noticias\/wp-content\/uploads\/2015\/12\/alto7.jpg\",\"width\":273,\"height\":181},{\"@type\":\"WebPage\",\"@id\":\"https:\/\/franciscanos.org.br\/noticias\/lages-celebra-duplo-jubileu-franciscano.html#webpage\",\"url\":\"https:\/\/franciscanos.org.br\/noticias\/lages-celebra-duplo-jubileu-franciscano.html\",\"name\":\"Lages celebra 100 anos do Conventinho e 50 anos de Frei Jos\u00e9 - Not\u00edcias - Franciscanos\",\"isPartOf\":{\"@id\":\"https:\/\/franciscanos.org.br\/noticias\/#website\"},\"primaryImageOfPage\":{\"@id\":\"https:\/\/franciscanos.org.br\/noticias\/lages-celebra-duplo-jubileu-franciscano.html#primaryimage\"},\"datePublished\":\"2015-12-20T23:10:58+00:00\",\"dateModified\":\"2020-02-17T16:05:31+00:00\",\"author\":{\"@id\":\"https:\/\/franciscanos.org.br\/noticias\/#\/schema\/person\/37f88f0d111cd5358b12a6556a99eb91\"},\"breadcrumb\":{\"@id\":\"https:\/\/franciscanos.org.br\/noticias\/lages-celebra-duplo-jubileu-franciscano.html#breadcrumb\"},\"inLanguage\":\"pt-BR\",\"potentialAction\":[{\"@type\":\"ReadAction\",\"target\":[\"https:\/\/franciscanos.org.br\/noticias\/lages-celebra-duplo-jubileu-franciscano.html\"]}]},{\"@type\":\"BreadcrumbList\",\"@id\":\"https:\/\/franciscanos.org.br\/noticias\/lages-celebra-duplo-jubileu-franciscano.html#breadcrumb\",\"itemListElement\":[{\"@type\":\"ListItem\",\"position\":1,\"name\":\"Home\",\"item\":\"https:\/\/franciscanos.org.br\/noticias\"},{\"@type\":\"ListItem\",\"position\":2,\"name\":\"Lages celebra 100 anos do Conventinho e 50 anos de Frei Jos\u00e9\"}]},{\"@type\":\"Person\",\"@id\":\"https:\/\/franciscanos.org.br\/noticias\/#\/schema\/person\/37f88f0d111cd5358b12a6556a99eb91\",\"name\":\"freiaugusto\",\"image\":{\"@type\":\"ImageObject\",\"inLanguage\":\"pt-BR\",\"@id\":\"https:\/\/franciscanos.org.br\/noticias\/#\/schema\/person\/image\/\",\"url\":\"https:\/\/secure.gravatar.com\/avatar\/9840b940e621801b24f3e6b059efb4b7?s=96&d=mm&r=g\",\"contentUrl\":\"https:\/\/secure.gravatar.com\/avatar\/9840b940e621801b24f3e6b059efb4b7?s=96&d=mm&r=g\",\"caption\":\"freiaugusto\"},\"url\":\"https:\/\/franciscanos.org.br\/noticias\/author\/freiaugusto\"}]}<\/script>\n<!-- \/ Yoast SEO plugin. -->","yoast_head_json":{"title":"Lages celebra 100 anos do Conventinho e 50 anos de Frei Jos\u00e9 - Not\u00edcias - Franciscanos","robots":{"index":"index","follow":"follow","max-snippet":"max-snippet:-1","max-image-preview":"max-image-preview:large","max-video-preview":"max-video-preview:-1"},"canonical":"https:\/\/franciscanos.org.br\/noticias\/lages-celebra-duplo-jubileu-franciscano.html","og_locale":"pt_BR","og_type":"article","og_title":"Lages celebra 100 anos do Conventinho e 50 anos de Frei Jos\u00e9 - Not\u00edcias - Franciscanos","og_description":"Jubileus","og_url":"https:\/\/franciscanos.org.br\/noticias\/lages-celebra-duplo-jubileu-franciscano.html","og_site_name":"Not\u00edcias - Franciscanos","article_published_time":"2015-12-20T23:10:58+00:00","article_modified_time":"2020-02-17T16:05:31+00:00","og_image":[{"width":273,"height":181,"url":"https:\/\/franciscanos.org.br\/noticias\/wp-content\/uploads\/2015\/12\/alto7.jpg","type":"image\/jpeg"}],"author":"freiaugusto","twitter_card":"summary_large_image","twitter_misc":{"Escrito por":"freiaugusto","Est. tempo de leitura":"6 minutos"},"schema":{"@context":"https:\/\/schema.org","@graph":[{"@type":"WebSite","@id":"https:\/\/franciscanos.org.br\/noticias\/#website","url":"https:\/\/franciscanos.org.br\/noticias\/","name":"Not\u00edcias - Franciscanos","description":"Prov\u00edncia Franciscana da Imaculada Concei\u00e7\u00e3o do Brasil - Ordem dos Frades Menores - OFM","potentialAction":[{"@type":"SearchAction","target":{"@type":"EntryPoint","urlTemplate":"https:\/\/franciscanos.org.br\/noticias\/?s={search_term_string}"},"query-input":"required name=search_term_string"}],"inLanguage":"pt-BR"},{"@type":"ImageObject","inLanguage":"pt-BR","@id":"https:\/\/franciscanos.org.br\/noticias\/lages-celebra-duplo-jubileu-franciscano.html#primaryimage","url":"https:\/\/franciscanos.org.br\/noticias\/wp-content\/uploads\/2015\/12\/alto7.jpg","contentUrl":"https:\/\/franciscanos.org.br\/noticias\/wp-content\/uploads\/2015\/12\/alto7.jpg","width":273,"height":181},{"@type":"WebPage","@id":"https:\/\/franciscanos.org.br\/noticias\/lages-celebra-duplo-jubileu-franciscano.html#webpage","url":"https:\/\/franciscanos.org.br\/noticias\/lages-celebra-duplo-jubileu-franciscano.html","name":"Lages celebra 100 anos do Conventinho e 50 anos de Frei Jos\u00e9 - Not\u00edcias - Franciscanos","isPartOf":{"@id":"https:\/\/franciscanos.org.br\/noticias\/#website"},"primaryImageOfPage":{"@id":"https:\/\/franciscanos.org.br\/noticias\/lages-celebra-duplo-jubileu-franciscano.html#primaryimage"},"datePublished":"2015-12-20T23:10:58+00:00","dateModified":"2020-02-17T16:05:31+00:00","author":{"@id":"https:\/\/franciscanos.org.br\/noticias\/#\/schema\/person\/37f88f0d111cd5358b12a6556a99eb91"},"breadcrumb":{"@id":"https:\/\/franciscanos.org.br\/noticias\/lages-celebra-duplo-jubileu-franciscano.html#breadcrumb"},"inLanguage":"pt-BR","potentialAction":[{"@type":"ReadAction","target":["https:\/\/franciscanos.org.br\/noticias\/lages-celebra-duplo-jubileu-franciscano.html"]}]},{"@type":"BreadcrumbList","@id":"https:\/\/franciscanos.org.br\/noticias\/lages-celebra-duplo-jubileu-franciscano.html#breadcrumb","itemListElement":[{"@type":"ListItem","position":1,"name":"Home","item":"https:\/\/franciscanos.org.br\/noticias"},{"@type":"ListItem","position":2,"name":"Lages celebra 100 anos do Conventinho e 50 anos de Frei Jos\u00e9"}]},{"@type":"Person","@id":"https:\/\/franciscanos.org.br\/noticias\/#\/schema\/person\/37f88f0d111cd5358b12a6556a99eb91","name":"freiaugusto","image":{"@type":"ImageObject","inLanguage":"pt-BR","@id":"https:\/\/franciscanos.org.br\/noticias\/#\/schema\/person\/image\/","url":"https:\/\/secure.gravatar.com\/avatar\/9840b940e621801b24f3e6b059efb4b7?s=96&d=mm&r=g","contentUrl":"https:\/\/secure.gravatar.com\/avatar\/9840b940e621801b24f3e6b059efb4b7?s=96&d=mm&r=g","caption":"freiaugusto"},"url":"https:\/\/franciscanos.org.br\/noticias\/author\/freiaugusto"}]}},"_links":{"self":[{"href":"https:\/\/franciscanos.org.br\/noticias\/wp-json\/wp\/v2\/posts\/100279"}],"collection":[{"href":"https:\/\/franciscanos.org.br\/noticias\/wp-json\/wp\/v2\/posts"}],"about":[{"href":"https:\/\/franciscanos.org.br\/noticias\/wp-json\/wp\/v2\/types\/post"}],"author":[{"embeddable":true,"href":"https:\/\/franciscanos.org.br\/noticias\/wp-json\/wp\/v2\/users\/5"}],"replies":[{"embeddable":true,"href":"https:\/\/franciscanos.org.br\/noticias\/wp-json\/wp\/v2\/comments?post=100279"}],"version-history":[{"count":0,"href":"https:\/\/franciscanos.org.br\/noticias\/wp-json\/wp\/v2\/posts\/100279\/revisions"}],"wp:featuredmedia":[{"embeddable":true,"href":"https:\/\/franciscanos.org.br\/noticias\/wp-json\/wp\/v2\/media\/221172"}],"wp:attachment":[{"href":"https:\/\/franciscanos.org.br\/noticias\/wp-json\/wp\/v2\/media?parent=100279"}],"wp:term":[{"taxonomy":"category","embeddable":true,"href":"https:\/\/franciscanos.org.br\/noticias\/wp-json\/wp\/v2\/categories?post=100279"},{"taxonomy":"post_tag","embeddable":true,"href":"https:\/\/franciscanos.org.br\/noticias\/wp-json\/wp\/v2\/tags?post=100279"}],"curies":[{"name":"wp","href":"https:\/\/api.w.org\/{rel}","templated":true}]}}