{"id":100060,"date":"2015-12-16T13:39:06","date_gmt":"2015-12-16T15:39:06","guid":{"rendered":"http:\/\/franciscanos.org.br\/?p=100060"},"modified":"2020-06-10T08:57:18","modified_gmt":"2020-06-10T11:57:18","slug":"a-salvacao-nao-se-paga-a-salvacao-nao-se-compra","status":"publish","type":"post","link":"https:\/\/franciscanos.org.br\/noticias\/a-salvacao-nao-se-paga-a-salvacao-nao-se-compra.html","title":{"rendered":"A salva\u00e7\u00e3o n\u00e3o se paga. A salva\u00e7\u00e3o n\u00e3o se compra."},"content":{"rendered":"<p><img loading=\"lazy\" src=\"http:\/\/franciscanos.org.br\/wp-content\/uploads\/2015\/12\/papa_sombrero.jpg\" alt=\"papa_sombrero\" width=\"820\" height=\"545\" \/><br \/>\n<strong>Cidade do Vaticano<\/strong> \u2013 Perd\u00e3o e coragem: essas duas palavras marcaram a Audi\u00eancia Geral do Papa Francisco desta quarta-feira (16\/12). Cerca de 15 mil peregrinos se reuniram na Pra\u00e7a S\u00e3o Pedro para ouvir a catequese do Pont\u00edfice, que foi dedicada aos sinais do Jubileu.<\/p>\n<p>O primeiro sinal \u00e9 a Porta Santa, aberta no \u00faltimo domingo em todas as dioceses. \u201cO Jubileu \u00e9 em todo o mundo, n\u00e3o s\u00f3 em Roma\u201d, frisou o Papa, justamente para que este Ano Santo possa se tornar uma experi\u00eancia compartilhada por todas as pessoas.<\/p>\n<p>Espalhada em todos os continentes a articulada em tantas Igrejas particulares, \u201c\u00e9 sempre e somente a \u00fanica Igreja que Jesus Cristo quis e pela qual ofereceu a Si mesmo\u201d, recordou Francisco, citando o Conc\u00edlio Vaticano II. A Porta, ali\u00e1s, indica o pr\u00f3prio Jesus quando disse: \u201cEu sou a porta. Se algu\u00e9m entrar por mim, ser\u00e1 salvo; entrar\u00e1 e sair\u00e1 e encontrar\u00e1 pastagem\u201d.<\/p>\n<p>\u201cAtravessar a Porta Santa \u00e9 o sinal da nossa confian\u00e7a no Senhor Jesus que n\u00e3o veio para julgar, mas para salvar. \u00c9 sinal de uma verdadeira convers\u00e3o do nosso cora\u00e7\u00e3o\u201d, afirmou Francisco, recordando que a salva\u00e7\u00e3o \u201cn\u00e3o se paga, n\u00e3o se compra, \u00e9 gr\u00e1tis\u201d, advertindo para quem eventualmente quiser cobrar de algum fiel esta experi\u00eancia. &#8220;A Porta \u00e9 Jesus, e Jesus \u00e9 gratuito!&#8221;<\/p>\n<p>Ao atravessar a Porta, acrescentou, devemos manter escancarada tamb\u00e9m a porta do nosso cora\u00e7\u00e3o, para n\u00e3o excluir ningu\u00e9m.<\/p>\n<p>Outro sinal do Jubileu s\u00e3o o perd\u00e3o e a miseric\u00f3rdia, que n\u00e3o devem permanecer belas palavras, mas realizar-se na vida cotidiana. \u201cTrata-se de um programa de vida que n\u00e3o deve conhecer interrup\u00e7\u00f5es ou exce\u00e7\u00f5es, mas nos impulsiona a ir sempre al\u00e9m sem jamais nos cansar, com a certeza de sermos amparados pela presen\u00e7a paterna de Deus\u201d, disse o Papa.<\/p>\n<p>A Confiss\u00e3o \u00e9 tamb\u00e9m outro sinal importante do Jubileu. Aproximar-se deste Sacramanto equivale a fazer experi\u00eancia direta da sua miseric\u00f3rdia. Deus, recordou Francisco, nos compreende inclusive nos nossos limites e contradi\u00e7\u00f5es, e \u00e9 ainda mais pr\u00f3ximo de n\u00f3s quando reconhecemos os nossos pecados. Quando isso acontece, disse, \u201ch\u00e1 festa no c\u00e9u\u201d.<\/p>\n<p>Para quem afirma que n\u00e3o consegue perdoar, o Pont\u00edfice afirmou que n\u00e3o podemos pedir a Deus que nos perdoe se n\u00e3o somos capazes desse gesto. \u201cCertamente perdoar n\u00e3o \u00e9 f\u00e1cil, porque o nosso cora\u00e7\u00e3o \u00e9 pobre e contando somente com suas for\u00e7as n\u00e3o se pode conseguir\u201d. Mas nos abrindo \u00e0 miseric\u00f3rdia de Deus, seremos tamb\u00e9m n\u00f3s capazes de persoar.<\/p>\n<p>\u201cPortanto, coragem! Vivamos o Jubileu iniciando com esses sinais que comportam uma grande for\u00e7a de amor. O Senhor nos acompanhar\u00e1 para nos conduzir a experimentar outros sinais importantes para a nossa vida. Coragem, avante!\u201d, exortou Francisco.<\/p>\n<p>Antes e depois da catequese, os fi\u00e9is cumprimetaram antecipadamente o Pont\u00edfice, que no amanh\u00e3, dia 17 de dezembro, completar\u00e1 79 anos. Uma jornalista mexicana presenteou Francisco com um bolo em forma de sombrero.<\/p>\n<hr \/>\n<p>&nbsp;<\/p>\n<p><strong>\u00cdNTEGRA DA CATEQUESE<\/strong><\/p>\n<p>Queridos irm\u00e3os e irm\u00e3s, bom dia!<\/p>\n<p>Domingo passado foi aberta a Porta Santa na Catedral de Roma, a Bas\u00edlica de S\u00e3o Jo\u00e3o Latr\u00e3o, e se abriu a Porta da Miseric\u00f3rdia na Catedral em todas as dioceses do mundo, tamb\u00e9m nos santu\u00e1rios e nas igrejas indicadas pelos bispos. O Jubileu \u00e9 em todo o mundo, n\u00e3o somente em Roma. Quis que este sinal da Porta Santa fosse presente em cada Igreja particular, para que o Jubileu da Miseric\u00f3rdia possa se tornar uma experi\u00eancia partilhada por cada pessoa. O Ano Santo, deste modo, tomou o caminho em toda a Igreja e \u00e9 celebrado em todas as dioceses, como em Roma. Tamb\u00e9m, a primeira Porta Santa foi aberta justamente no cora\u00e7\u00e3o da \u00c1frica. E Roma, bem, \u00e9 o sinal vis\u00edvel da comunh\u00e3o universal. Possa essa comunh\u00e3o eclesial se tornar sempre mais intensa, para que a Igreja seja no mundo o sinal vivo do amor e da miseric\u00f3rdia do Pai.<\/p>\n<p>Tamb\u00e9m a data de 8 de dezembro quis destacar essa exig\u00eancia, relacionando, a 50 anos de dist\u00e2ncia, o in\u00edcio do Jubileu com a conclus\u00e3o do Conc\u00edlio Ecum\u00eanico Vaticano II. De fato, o Conc\u00edlio contemplou e apresentou a Igreja \u00e0 luz do mist\u00e9rio da comunh\u00e3o. Espalhada em todo o mundo e articulada em tantas Igrejas particulares \u00e9, por\u00e9m, sempre e somente a \u00fanica Igreja de Jesus Cristo, aquela que Ele quis e pela qual ofereceu a Si mesmo. A Igreja \u201cuna\u201d que vive da comunh\u00e3o pr\u00f3pria de Deus.<\/p>\n<p>Este mist\u00e9rio de comunh\u00e3o, que torna a Igreja sinal do amor do Pai, cresce e amadurece no nosso cora\u00e7\u00e3o, quando o amor, que reconhecemos na Cruz de Cristo e no qual nos imergimos, nos faz amar como n\u00f3s mesmos somos amados por Ele. Trata-se de um Amor sem fim, que tem a face do perd\u00e3o e da miseric\u00f3rdia.<\/p>\n<p>Por\u00e9m a miseric\u00f3rdia e o perd\u00e3o n\u00e3o devem permanecer belas palavras, mas realizar-se na vida cotidiana. Amar e perdoar s\u00e3o os sinais concretos e vis\u00edveis de que a f\u00e9 transformou os nossos cora\u00e7\u00f5es e nos permite exprimir em n\u00f3s a vida pr\u00f3pria de Deus. Amar e perdoar como Deus ama e perdoa. Este \u00e9 um programa de vida que n\u00e3o pode conhecer interrup\u00e7\u00f5es ou exce\u00e7\u00f5es, mas nos leva a ir sempre al\u00e9m sem nunca nos cansarmos, com a certeza de sermos sustentados pela presen\u00e7a paterna de Deus.<\/p>\n<p>Este grande sinal da vida crist\u00e3 se transforma depois em tantos outros sinais que s\u00e3o caracter\u00edsticos do Jubileu. Penso em quantos atravessaram uma das Portas Santas, que neste Ano s\u00e3o verdadeiras Portas da Miseric\u00f3rdia. A Porta indica o pr\u00f3prio Jesus que disse: \u201cEu sou a porta: se algu\u00e9m entra atrav\u00e9s de mim, ser\u00e1 salvo; entrar\u00e1s e sair\u00e1s e encontrar\u00e1s pastagem\u201d (Jo 10, 9). Atravessar a Porta Santa \u00e9 o sinal da nossa confian\u00e7a no Senhor Jesus que n\u00e3o veio para julgar, mas para salvar (cfr Jo 12, 47). Estejam atentos para que n\u00e3o haja algu\u00e9m um pouco ligeiro ou muito espertalh\u00e3o que diga a voc\u00eas que se deve pagar: n\u00e3o! A salva\u00e7\u00e3o n\u00e3o se paga. A salva\u00e7\u00e3o n\u00e3o se compra. A Porta \u00e9 Jesus, e Jesus \u00e9 gr\u00e1tis! Ele mesmo fala daqueles que faz entrar n\u00e3o como se deve e, simplesmente, diz que s\u00e3o ladr\u00f5es e bandidos. Ent\u00e3o estejam atentos: a salva\u00e7\u00e3o \u00e9 gratuita. Atravessar a Porta Santa \u00e9 sinal de uma convers\u00e3o do nosso cora\u00e7\u00e3o. Quando atravessamos aquela Porta \u00e9 bom recordar que devemos ter escancarada tamb\u00e9m a porta do nosso cora\u00e7\u00e3o. Eu estou diante da Porta Santa e pe\u00e7o: \u201cSenhor, ajude-me a escancarar a porta do meu cora\u00e7\u00e3o!\u201d. N\u00e3o teria muita efic\u00e1cia o Ano Santo se a porta do nosso cora\u00e7\u00e3o n\u00e3o deixasse passar Cristo que nos leva a ir rumo aos outros, para lev\u00e1-Lo e levar o seu amor. Portanto, como a Porta Santa permanece aberta, porque \u00e9 o sinal do acolhimento que o pr\u00f3prio Deus nos reserva, assim tamb\u00e9m a nossa porta, aquela do cora\u00e7\u00e3o, esteja sempre escancarada para n\u00e3o excluir ningu\u00e9m. Nem mesmo aquele ou aquela que me incomoda: ningu\u00e9m.<\/p>\n<p>Um sinal importante do Jubileu \u00e9 tamb\u00e9m a Confiss\u00e3o. Aproximar-se do sacramento com o qual somos reconciliados com Deus equivale a fazer experi\u00eancia direta da sua miseric\u00f3rdia. \u00c9 encontrar o Pai que perdoa: Deus perdoa tudo. Deus nos compreende mesmo nos nossos limites, nos compreende tamb\u00e9m nas nossas contradi\u00e7\u00f5es. N\u00e3o somente, Ele com o seu amor nos diz que justamente quando reconhecemos os nossos pecados nos \u00e9 ainda mais pr\u00f3ximo e nos encoraja a olhar adiante. Diz mais: que quando reconhecemos os nossos pecados e pedimos perd\u00e3o, h\u00e1 festa no C\u00e9u. Jesus faz festa: esta \u00e9 a Sua miseric\u00f3rdia: n\u00e3o desanimemos. Adiante, adiante com isso!<\/p>\n<p>Quantas vezes ouvi dizer: \u201cPadre, n\u00e3o consigo perdoar o vizinho, o companheiro de trabalho, a vizinha, a sogra, a cunhada\u201d. Todos ouvimos isso: \u201cN\u00e3o consigo perdoar\u201d. Mas como se pode pedir a Deus para nos perdoar se depois n\u00f3s n\u00e3o somos capazes de perd\u00e3o? E perdoar \u00e9 uma coisa grande, ainda n\u00e3o \u00e9 f\u00e1cil, perdoar, porque o nosso cora\u00e7\u00e3o \u00e9 pobre e s\u00f3 com as suas for\u00e7as n\u00e3o pode faz\u00ea-lo. Se, por\u00e9m, nos abrimos para acolher a miseric\u00f3rdia de Deus para n\u00f3s, por nossa vez nos tornamos capazes de perd\u00e3o. Tantas vezes ouvi dizer: \u201cMas, aquela pessoa eu nem podia ver: eu a odiava. Mas um dia, me aproximei do Senhor e lhe pedi perd\u00e3o pelos meus pecados e tamb\u00e9m perdoei aquela pessoa\u201d. Essas s\u00e3o coisas de todos os dias. E temos pr\u00f3xima a n\u00f3s essa possibilidade.<\/p>\n<p>Portanto, coragem! Vivamos o Jubileu come\u00e7ando com estes sinais que comportam uma grande for\u00e7a de amor. O Senhor nos acompanhar\u00e1 para nos conduzir a fazer experi\u00eancia de outros sinais importantes para a nossa vida. Coragem e adiante!<\/p>\n<p><strong>CATEQUESE<\/strong><br \/>\n<strong> Pra\u00e7a S\u00e3o Pedro \u2013 Vaticano<\/strong><br \/>\n<strong> Quarta-feira, 16 de dezembro de 2015<\/strong><\/p>\n<hr \/>\n<p><em>Fonte: R\u00e1dio Vaticano<\/em><\/p>\n","protected":false},"excerpt":{"rendered":"<p>Papa Francisco<\/p>\n","protected":false},"author":1,"featured_media":218728,"comment_status":"open","ping_status":"open","sticky":false,"template":"","format":"standard","meta":[],"categories":[1428],"tags":[487],"acf":[],"yoast_head":"<!-- This site is optimized with the Yoast SEO plugin v19.2 - https:\/\/yoast.com\/wordpress\/plugins\/seo\/ -->\n<title>A salva\u00e7\u00e3o n\u00e3o se paga. A salva\u00e7\u00e3o n\u00e3o se compra. - Not\u00edcias - Franciscanos<\/title>\n<meta name=\"robots\" content=\"index, follow, max-snippet:-1, max-image-preview:large, max-video-preview:-1\" \/>\n<link rel=\"canonical\" href=\"https:\/\/franciscanos.org.br\/noticias\/a-salvacao-nao-se-paga-a-salvacao-nao-se-compra.html\" \/>\n<meta property=\"og:locale\" content=\"pt_BR\" \/>\n<meta property=\"og:type\" content=\"article\" \/>\n<meta property=\"og:title\" content=\"A salva\u00e7\u00e3o n\u00e3o se paga. A salva\u00e7\u00e3o n\u00e3o se compra. - Not\u00edcias - Franciscanos\" \/>\n<meta property=\"og:description\" content=\"Papa Francisco\" \/>\n<meta property=\"og:url\" content=\"https:\/\/franciscanos.org.br\/noticias\/a-salvacao-nao-se-paga-a-salvacao-nao-se-compra.html\" \/>\n<meta property=\"og:site_name\" content=\"Not\u00edcias - Franciscanos\" \/>\n<meta property=\"article:published_time\" content=\"2015-12-16T15:39:06+00:00\" \/>\n<meta property=\"article:modified_time\" content=\"2020-06-10T11:57:18+00:00\" \/>\n<meta property=\"og:image\" content=\"https:\/\/franciscanos.org.br\/noticias\/wp-content\/uploads\/2015\/12\/papa_sombrero.jpg\" \/>\n\t<meta property=\"og:image:width\" content=\"273\" \/>\n\t<meta property=\"og:image:height\" content=\"181\" \/>\n\t<meta property=\"og:image:type\" content=\"image\/jpeg\" \/>\n<meta name=\"author\" content=\"admin\" \/>\n<meta name=\"twitter:card\" content=\"summary_large_image\" \/>\n<meta name=\"twitter:label1\" content=\"Escrito por\" \/>\n\t<meta name=\"twitter:data1\" content=\"admin\" \/>\n\t<meta name=\"twitter:label2\" content=\"Est. tempo de leitura\" \/>\n\t<meta name=\"twitter:data2\" content=\"8 minutos\" \/>\n<script type=\"application\/ld+json\" class=\"yoast-schema-graph\">{\"@context\":\"https:\/\/schema.org\",\"@graph\":[{\"@type\":\"WebSite\",\"@id\":\"https:\/\/franciscanos.org.br\/noticias\/#website\",\"url\":\"https:\/\/franciscanos.org.br\/noticias\/\",\"name\":\"Not\u00edcias - Franciscanos\",\"description\":\"Prov\u00edncia Franciscana da Imaculada Concei\u00e7\u00e3o do Brasil - Ordem dos Frades Menores - OFM\",\"potentialAction\":[{\"@type\":\"SearchAction\",\"target\":{\"@type\":\"EntryPoint\",\"urlTemplate\":\"https:\/\/franciscanos.org.br\/noticias\/?s={search_term_string}\"},\"query-input\":\"required name=search_term_string\"}],\"inLanguage\":\"pt-BR\"},{\"@type\":\"ImageObject\",\"inLanguage\":\"pt-BR\",\"@id\":\"https:\/\/franciscanos.org.br\/noticias\/a-salvacao-nao-se-paga-a-salvacao-nao-se-compra.html#primaryimage\",\"url\":\"https:\/\/franciscanos.org.br\/noticias\/wp-content\/uploads\/2015\/12\/papa_sombrero.jpg\",\"contentUrl\":\"https:\/\/franciscanos.org.br\/noticias\/wp-content\/uploads\/2015\/12\/papa_sombrero.jpg\",\"width\":273,\"height\":181},{\"@type\":\"WebPage\",\"@id\":\"https:\/\/franciscanos.org.br\/noticias\/a-salvacao-nao-se-paga-a-salvacao-nao-se-compra.html#webpage\",\"url\":\"https:\/\/franciscanos.org.br\/noticias\/a-salvacao-nao-se-paga-a-salvacao-nao-se-compra.html\",\"name\":\"A salva\u00e7\u00e3o n\u00e3o se paga. A salva\u00e7\u00e3o n\u00e3o se compra. - Not\u00edcias - Franciscanos\",\"isPartOf\":{\"@id\":\"https:\/\/franciscanos.org.br\/noticias\/#website\"},\"primaryImageOfPage\":{\"@id\":\"https:\/\/franciscanos.org.br\/noticias\/a-salvacao-nao-se-paga-a-salvacao-nao-se-compra.html#primaryimage\"},\"datePublished\":\"2015-12-16T15:39:06+00:00\",\"dateModified\":\"2020-06-10T11:57:18+00:00\",\"author\":{\"@id\":\"https:\/\/franciscanos.org.br\/noticias\/#\/schema\/person\/b38fbf43118f02820bd932f2e4b14ad3\"},\"breadcrumb\":{\"@id\":\"https:\/\/franciscanos.org.br\/noticias\/a-salvacao-nao-se-paga-a-salvacao-nao-se-compra.html#breadcrumb\"},\"inLanguage\":\"pt-BR\",\"potentialAction\":[{\"@type\":\"ReadAction\",\"target\":[\"https:\/\/franciscanos.org.br\/noticias\/a-salvacao-nao-se-paga-a-salvacao-nao-se-compra.html\"]}]},{\"@type\":\"BreadcrumbList\",\"@id\":\"https:\/\/franciscanos.org.br\/noticias\/a-salvacao-nao-se-paga-a-salvacao-nao-se-compra.html#breadcrumb\",\"itemListElement\":[{\"@type\":\"ListItem\",\"position\":1,\"name\":\"Home\",\"item\":\"https:\/\/franciscanos.org.br\/noticias\"},{\"@type\":\"ListItem\",\"position\":2,\"name\":\"A salva\u00e7\u00e3o n\u00e3o se paga. A salva\u00e7\u00e3o n\u00e3o se compra.\"}]},{\"@type\":\"Person\",\"@id\":\"https:\/\/franciscanos.org.br\/noticias\/#\/schema\/person\/b38fbf43118f02820bd932f2e4b14ad3\",\"name\":\"admin\",\"image\":{\"@type\":\"ImageObject\",\"inLanguage\":\"pt-BR\",\"@id\":\"https:\/\/franciscanos.org.br\/noticias\/#\/schema\/person\/image\/\",\"url\":\"https:\/\/secure.gravatar.com\/avatar\/e8495742d34d0ba6448ea1c628263b3e?s=96&d=mm&r=g\",\"contentUrl\":\"https:\/\/secure.gravatar.com\/avatar\/e8495742d34d0ba6448ea1c628263b3e?s=96&d=mm&r=g\",\"caption\":\"admin\"},\"url\":\"https:\/\/franciscanos.org.br\/noticias\/author\/admin\"}]}<\/script>\n<!-- \/ Yoast SEO plugin. -->","yoast_head_json":{"title":"A salva\u00e7\u00e3o n\u00e3o se paga. A salva\u00e7\u00e3o n\u00e3o se compra. - Not\u00edcias - Franciscanos","robots":{"index":"index","follow":"follow","max-snippet":"max-snippet:-1","max-image-preview":"max-image-preview:large","max-video-preview":"max-video-preview:-1"},"canonical":"https:\/\/franciscanos.org.br\/noticias\/a-salvacao-nao-se-paga-a-salvacao-nao-se-compra.html","og_locale":"pt_BR","og_type":"article","og_title":"A salva\u00e7\u00e3o n\u00e3o se paga. A salva\u00e7\u00e3o n\u00e3o se compra. - Not\u00edcias - Franciscanos","og_description":"Papa Francisco","og_url":"https:\/\/franciscanos.org.br\/noticias\/a-salvacao-nao-se-paga-a-salvacao-nao-se-compra.html","og_site_name":"Not\u00edcias - Franciscanos","article_published_time":"2015-12-16T15:39:06+00:00","article_modified_time":"2020-06-10T11:57:18+00:00","og_image":[{"width":273,"height":181,"url":"https:\/\/franciscanos.org.br\/noticias\/wp-content\/uploads\/2015\/12\/papa_sombrero.jpg","type":"image\/jpeg"}],"author":"admin","twitter_card":"summary_large_image","twitter_misc":{"Escrito por":"admin","Est. tempo de leitura":"8 minutos"},"schema":{"@context":"https:\/\/schema.org","@graph":[{"@type":"WebSite","@id":"https:\/\/franciscanos.org.br\/noticias\/#website","url":"https:\/\/franciscanos.org.br\/noticias\/","name":"Not\u00edcias - Franciscanos","description":"Prov\u00edncia Franciscana da Imaculada Concei\u00e7\u00e3o do Brasil - Ordem dos Frades Menores - OFM","potentialAction":[{"@type":"SearchAction","target":{"@type":"EntryPoint","urlTemplate":"https:\/\/franciscanos.org.br\/noticias\/?s={search_term_string}"},"query-input":"required name=search_term_string"}],"inLanguage":"pt-BR"},{"@type":"ImageObject","inLanguage":"pt-BR","@id":"https:\/\/franciscanos.org.br\/noticias\/a-salvacao-nao-se-paga-a-salvacao-nao-se-compra.html#primaryimage","url":"https:\/\/franciscanos.org.br\/noticias\/wp-content\/uploads\/2015\/12\/papa_sombrero.jpg","contentUrl":"https:\/\/franciscanos.org.br\/noticias\/wp-content\/uploads\/2015\/12\/papa_sombrero.jpg","width":273,"height":181},{"@type":"WebPage","@id":"https:\/\/franciscanos.org.br\/noticias\/a-salvacao-nao-se-paga-a-salvacao-nao-se-compra.html#webpage","url":"https:\/\/franciscanos.org.br\/noticias\/a-salvacao-nao-se-paga-a-salvacao-nao-se-compra.html","name":"A salva\u00e7\u00e3o n\u00e3o se paga. A salva\u00e7\u00e3o n\u00e3o se compra. - Not\u00edcias - Franciscanos","isPartOf":{"@id":"https:\/\/franciscanos.org.br\/noticias\/#website"},"primaryImageOfPage":{"@id":"https:\/\/franciscanos.org.br\/noticias\/a-salvacao-nao-se-paga-a-salvacao-nao-se-compra.html#primaryimage"},"datePublished":"2015-12-16T15:39:06+00:00","dateModified":"2020-06-10T11:57:18+00:00","author":{"@id":"https:\/\/franciscanos.org.br\/noticias\/#\/schema\/person\/b38fbf43118f02820bd932f2e4b14ad3"},"breadcrumb":{"@id":"https:\/\/franciscanos.org.br\/noticias\/a-salvacao-nao-se-paga-a-salvacao-nao-se-compra.html#breadcrumb"},"inLanguage":"pt-BR","potentialAction":[{"@type":"ReadAction","target":["https:\/\/franciscanos.org.br\/noticias\/a-salvacao-nao-se-paga-a-salvacao-nao-se-compra.html"]}]},{"@type":"BreadcrumbList","@id":"https:\/\/franciscanos.org.br\/noticias\/a-salvacao-nao-se-paga-a-salvacao-nao-se-compra.html#breadcrumb","itemListElement":[{"@type":"ListItem","position":1,"name":"Home","item":"https:\/\/franciscanos.org.br\/noticias"},{"@type":"ListItem","position":2,"name":"A salva\u00e7\u00e3o n\u00e3o se paga. A salva\u00e7\u00e3o n\u00e3o se compra."}]},{"@type":"Person","@id":"https:\/\/franciscanos.org.br\/noticias\/#\/schema\/person\/b38fbf43118f02820bd932f2e4b14ad3","name":"admin","image":{"@type":"ImageObject","inLanguage":"pt-BR","@id":"https:\/\/franciscanos.org.br\/noticias\/#\/schema\/person\/image\/","url":"https:\/\/secure.gravatar.com\/avatar\/e8495742d34d0ba6448ea1c628263b3e?s=96&d=mm&r=g","contentUrl":"https:\/\/secure.gravatar.com\/avatar\/e8495742d34d0ba6448ea1c628263b3e?s=96&d=mm&r=g","caption":"admin"},"url":"https:\/\/franciscanos.org.br\/noticias\/author\/admin"}]}},"_links":{"self":[{"href":"https:\/\/franciscanos.org.br\/noticias\/wp-json\/wp\/v2\/posts\/100060"}],"collection":[{"href":"https:\/\/franciscanos.org.br\/noticias\/wp-json\/wp\/v2\/posts"}],"about":[{"href":"https:\/\/franciscanos.org.br\/noticias\/wp-json\/wp\/v2\/types\/post"}],"author":[{"embeddable":true,"href":"https:\/\/franciscanos.org.br\/noticias\/wp-json\/wp\/v2\/users\/1"}],"replies":[{"embeddable":true,"href":"https:\/\/franciscanos.org.br\/noticias\/wp-json\/wp\/v2\/comments?post=100060"}],"version-history":[{"count":1,"href":"https:\/\/franciscanos.org.br\/noticias\/wp-json\/wp\/v2\/posts\/100060\/revisions"}],"predecessor-version":[{"id":225825,"href":"https:\/\/franciscanos.org.br\/noticias\/wp-json\/wp\/v2\/posts\/100060\/revisions\/225825"}],"wp:featuredmedia":[{"embeddable":true,"href":"https:\/\/franciscanos.org.br\/noticias\/wp-json\/wp\/v2\/media\/218728"}],"wp:attachment":[{"href":"https:\/\/franciscanos.org.br\/noticias\/wp-json\/wp\/v2\/media?parent=100060"}],"wp:term":[{"taxonomy":"category","embeddable":true,"href":"https:\/\/franciscanos.org.br\/noticias\/wp-json\/wp\/v2\/categories?post=100060"},{"taxonomy":"post_tag","embeddable":true,"href":"https:\/\/franciscanos.org.br\/noticias\/wp-json\/wp\/v2\/tags?post=100060"}],"curies":[{"name":"wp","href":"https:\/\/api.w.org\/{rel}","templated":true}]}}