{"id":100030,"date":"2015-12-16T07:59:20","date_gmt":"2015-12-16T09:59:20","guid":{"rendered":"http:\/\/franciscanos.org.br\/?p=100030"},"modified":"2020-01-30T13:59:08","modified_gmt":"2020-01-30T16:59:08","slug":"tv-sudoeste-entra-hoje-na-era-digital","status":"publish","type":"post","link":"https:\/\/franciscanos.org.br\/noticias\/tv-sudoeste-entra-hoje-na-era-digital.html","title":{"rendered":"TV Sudoeste-PR entra em definitivo na era digital"},"content":{"rendered":"<p><img loading=\"lazy\" src=\"http:\/\/franciscanos.org.br\/wp-content\/uploads\/2015\/12\/tvsudoeste.jpg\" alt=\"tvsudoeste\" width=\"820\" height=\"552\" \/><\/p>\n<p>A TV Sudoeste, emissora da Funda\u00e7\u00e3o Cultura Celinauta, ingressa hoje (16\/12) no mundo da TV Digital, no qual dever\u00e3o migrar todas as emissoras do pa\u00eds. A emissora, dirigida pela Prov\u00edncia Franciscana da Imaculada Concei\u00e7\u00e3o, presta um relevante servi\u00e7o no \u00e2mbito da comunica\u00e7\u00e3o social nos munic\u00edpios do Sudoeste do Paran\u00e1. Afiliada \u00e0 RedeTV, a emissora est\u00e1 investindo R$ 4 milh\u00f5es para ingressar na era digital. \u201cOs investimentos em equipamentos de \u00faltima gera\u00e7\u00e3o lan\u00e7am a TV Sudoeste no grupo de elite da televis\u00e3o brasileira\u201d, afirma o diretor da Rede Celinauta, Frei Neuri Reinisch.<\/p>\n<p>Segundo ele, a TV digital \u00e9 uma nova forma de fazer televis\u00e3o, com maior interatividade e qualidade superior do sinal que o telespectador vai receber em casa. \u201cPara n\u00f3s, da Funda\u00e7\u00e3o Cultural Celinauta, o momento da inaugura\u00e7\u00e3o \u00e9 hist\u00f3rico, fruto de grandes investimentos em tecnologia e capacita\u00e7\u00e3o de nossos profissionais\u201d. Na vis\u00e3o de Frei Neuri, a televis\u00e3o brasileira passa por um processo de regionaliza\u00e7\u00e3o, onde os canais locais ter\u00e3o participa\u00e7\u00e3o cada vez maior no mercado de audi\u00eancia. \u201cNossa abordagem di\u00e1ria \u00e9 valorizar a vida, resgatando os valores franciscanos deixados como legado por nosso maior l\u00edder, S\u00e3o Francisco de Assis\u201d.<\/p>\n<p><img loading=\"lazy\" class=\"alignright wp-image-100035\" src=\"http:\/\/franciscanos.org.br\/wp-content\/uploads\/2015\/12\/sudoeste.jpg\" alt=\"sudoeste\" width=\"342\" height=\"257\" \/>Com sua grade de programa\u00e7\u00e3o, as emissoras visam construir os alicerces de um mundo melhor, mais fraterno e humano. Os meios de comunica\u00e7\u00e3o s\u00e3o fundamentais neste processo, na vis\u00e3o do franciscano. A emissora se prop\u00f5e a entrar nas casas das pessoas com um jornalismo comunit\u00e1rio, apresentando o fatual, mas sempre permitindo que o receptor da mensagem possa concluir as repercuss\u00f5es do ocorrido na sua vida pessoal e comunit\u00e1ria.<\/p>\n<p>A nova fase exigiu muito esfor\u00e7o. Nos bastidores, uma equipe multiprofissional ainda trabalha para dar um novo visual \u00e0 pl\u00e1stica da programa\u00e7\u00e3o da emissora, que, a partir de agora, com um novo lema, uma nova proposta: \u201cTV Sudoeste, a TV da nossa casa!\u201d A estrutura f\u00edsica nos est\u00fadios tamb\u00e9m passa por ampla reforma para adaptar-se \u00e0 nova tecnologia. \u201cQueremos que a TV Sudoeste chegue aos lares com a melhor programa\u00e7\u00e3o da televis\u00e3o regional, com jornalismo de credibilidade e entretenimento para ajudar a construir um mundo melhor, dentro dos ideais franciscanos\u201d, concluiu Frei Neuri.<\/p>\n<p>Frei Nelson Rabelo, vice-presidente da Funda\u00e7\u00e3o Cultural Celinauta, mantenedora da TV Sudoeste, lembra que a emissora entra numa fase que representa um grande avan\u00e7o. \u201cQuando o nosso canal entrou no ar, 1987, fazer televis\u00e3o era quase um artesanato, com maquin\u00e1rio bastante primitivo. N\u00e3o havia as benesses da inform\u00e1tica, cuja vinda trouxe um avan\u00e7o significativo na produ\u00e7\u00e3o e jornalismo\u201d. Com o advento da digitaliza\u00e7\u00e3o na produ\u00e7\u00e3o, aliada ao sistema HD na transmiss\u00e3o, os lares da regi\u00e3o receber\u00e3o qualidade excepcional de imagem, um direito da popula\u00e7\u00e3o de ter acesso ao melhor que h\u00e1 em comunica\u00e7\u00e3o. \u201cNossa preocupa\u00e7\u00e3o \u00e9 veicular, com qualidade de imagem, os valores pr\u00f3prios do Evangelho, na vis\u00e3o de S\u00e3o Francisco de Assis\u201d, acentua Frei Nelson.<\/p>\n<p><em><strong>Por Roberto Ivan Rossatti, especial para este site<\/strong><\/em><\/p>\n","protected":false},"excerpt":{"rendered":"<p>Cultura<\/p>\n","protected":false},"author":1,"featured_media":217422,"comment_status":"open","ping_status":"open","sticky":false,"template":"","format":"standard","meta":[],"categories":[1],"tags":[],"acf":[],"yoast_head":"<!-- This site is optimized with the Yoast SEO plugin v19.2 - https:\/\/yoast.com\/wordpress\/plugins\/seo\/ -->\n<title>TV Sudoeste-PR entra em definitivo na era digital - Not\u00edcias - Franciscanos<\/title>\n<meta name=\"robots\" content=\"index, follow, max-snippet:-1, max-image-preview:large, max-video-preview:-1\" \/>\n<link rel=\"canonical\" href=\"https:\/\/franciscanos.org.br\/noticias\/tv-sudoeste-entra-hoje-na-era-digital.html\" \/>\n<meta property=\"og:locale\" content=\"pt_BR\" \/>\n<meta property=\"og:type\" content=\"article\" \/>\n<meta property=\"og:title\" content=\"TV Sudoeste-PR entra em definitivo na era digital - Not\u00edcias - Franciscanos\" \/>\n<meta property=\"og:description\" content=\"Cultura\" \/>\n<meta property=\"og:url\" content=\"https:\/\/franciscanos.org.br\/noticias\/tv-sudoeste-entra-hoje-na-era-digital.html\" \/>\n<meta property=\"og:site_name\" content=\"Not\u00edcias - Franciscanos\" \/>\n<meta property=\"article:published_time\" content=\"2015-12-16T09:59:20+00:00\" \/>\n<meta property=\"article:modified_time\" content=\"2020-01-30T16:59:08+00:00\" \/>\n<meta property=\"og:image\" content=\"https:\/\/franciscanos.org.br\/noticias\/wp-content\/uploads\/2015\/12\/tvsudoeste.jpg\" \/>\n\t<meta property=\"og:image:width\" content=\"273\" \/>\n\t<meta property=\"og:image:height\" content=\"181\" \/>\n\t<meta property=\"og:image:type\" content=\"image\/jpeg\" \/>\n<meta name=\"author\" content=\"admin\" \/>\n<meta name=\"twitter:card\" content=\"summary_large_image\" \/>\n<meta name=\"twitter:label1\" content=\"Escrito por\" \/>\n\t<meta name=\"twitter:data1\" content=\"admin\" \/>\n\t<meta name=\"twitter:label2\" content=\"Est. tempo de leitura\" \/>\n\t<meta name=\"twitter:data2\" content=\"3 minutos\" \/>\n<script type=\"application\/ld+json\" class=\"yoast-schema-graph\">{\"@context\":\"https:\/\/schema.org\",\"@graph\":[{\"@type\":\"WebSite\",\"@id\":\"https:\/\/franciscanos.org.br\/noticias\/#website\",\"url\":\"https:\/\/franciscanos.org.br\/noticias\/\",\"name\":\"Not\u00edcias - Franciscanos\",\"description\":\"Prov\u00edncia Franciscana da Imaculada Concei\u00e7\u00e3o do Brasil - Ordem dos Frades Menores - OFM\",\"potentialAction\":[{\"@type\":\"SearchAction\",\"target\":{\"@type\":\"EntryPoint\",\"urlTemplate\":\"https:\/\/franciscanos.org.br\/noticias\/?s={search_term_string}\"},\"query-input\":\"required name=search_term_string\"}],\"inLanguage\":\"pt-BR\"},{\"@type\":\"ImageObject\",\"inLanguage\":\"pt-BR\",\"@id\":\"https:\/\/franciscanos.org.br\/noticias\/tv-sudoeste-entra-hoje-na-era-digital.html#primaryimage\",\"url\":\"https:\/\/franciscanos.org.br\/noticias\/wp-content\/uploads\/2015\/12\/tvsudoeste.jpg\",\"contentUrl\":\"https:\/\/franciscanos.org.br\/noticias\/wp-content\/uploads\/2015\/12\/tvsudoeste.jpg\",\"width\":273,\"height\":181},{\"@type\":\"WebPage\",\"@id\":\"https:\/\/franciscanos.org.br\/noticias\/tv-sudoeste-entra-hoje-na-era-digital.html#webpage\",\"url\":\"https:\/\/franciscanos.org.br\/noticias\/tv-sudoeste-entra-hoje-na-era-digital.html\",\"name\":\"TV Sudoeste-PR entra em definitivo na era digital - Not\u00edcias - Franciscanos\",\"isPartOf\":{\"@id\":\"https:\/\/franciscanos.org.br\/noticias\/#website\"},\"primaryImageOfPage\":{\"@id\":\"https:\/\/franciscanos.org.br\/noticias\/tv-sudoeste-entra-hoje-na-era-digital.html#primaryimage\"},\"datePublished\":\"2015-12-16T09:59:20+00:00\",\"dateModified\":\"2020-01-30T16:59:08+00:00\",\"author\":{\"@id\":\"https:\/\/franciscanos.org.br\/noticias\/#\/schema\/person\/b38fbf43118f02820bd932f2e4b14ad3\"},\"breadcrumb\":{\"@id\":\"https:\/\/franciscanos.org.br\/noticias\/tv-sudoeste-entra-hoje-na-era-digital.html#breadcrumb\"},\"inLanguage\":\"pt-BR\",\"potentialAction\":[{\"@type\":\"ReadAction\",\"target\":[\"https:\/\/franciscanos.org.br\/noticias\/tv-sudoeste-entra-hoje-na-era-digital.html\"]}]},{\"@type\":\"BreadcrumbList\",\"@id\":\"https:\/\/franciscanos.org.br\/noticias\/tv-sudoeste-entra-hoje-na-era-digital.html#breadcrumb\",\"itemListElement\":[{\"@type\":\"ListItem\",\"position\":1,\"name\":\"Home\",\"item\":\"https:\/\/franciscanos.org.br\/noticias\"},{\"@type\":\"ListItem\",\"position\":2,\"name\":\"TV Sudoeste-PR entra em definitivo na era digital\"}]},{\"@type\":\"Person\",\"@id\":\"https:\/\/franciscanos.org.br\/noticias\/#\/schema\/person\/b38fbf43118f02820bd932f2e4b14ad3\",\"name\":\"admin\",\"image\":{\"@type\":\"ImageObject\",\"inLanguage\":\"pt-BR\",\"@id\":\"https:\/\/franciscanos.org.br\/noticias\/#\/schema\/person\/image\/\",\"url\":\"https:\/\/secure.gravatar.com\/avatar\/e8495742d34d0ba6448ea1c628263b3e?s=96&d=mm&r=g\",\"contentUrl\":\"https:\/\/secure.gravatar.com\/avatar\/e8495742d34d0ba6448ea1c628263b3e?s=96&d=mm&r=g\",\"caption\":\"admin\"},\"url\":\"https:\/\/franciscanos.org.br\/noticias\/author\/admin\"}]}<\/script>\n<!-- \/ Yoast SEO plugin. -->","yoast_head_json":{"title":"TV Sudoeste-PR entra em definitivo na era digital - Not\u00edcias - Franciscanos","robots":{"index":"index","follow":"follow","max-snippet":"max-snippet:-1","max-image-preview":"max-image-preview:large","max-video-preview":"max-video-preview:-1"},"canonical":"https:\/\/franciscanos.org.br\/noticias\/tv-sudoeste-entra-hoje-na-era-digital.html","og_locale":"pt_BR","og_type":"article","og_title":"TV Sudoeste-PR entra em definitivo na era digital - Not\u00edcias - Franciscanos","og_description":"Cultura","og_url":"https:\/\/franciscanos.org.br\/noticias\/tv-sudoeste-entra-hoje-na-era-digital.html","og_site_name":"Not\u00edcias - Franciscanos","article_published_time":"2015-12-16T09:59:20+00:00","article_modified_time":"2020-01-30T16:59:08+00:00","og_image":[{"width":273,"height":181,"url":"https:\/\/franciscanos.org.br\/noticias\/wp-content\/uploads\/2015\/12\/tvsudoeste.jpg","type":"image\/jpeg"}],"author":"admin","twitter_card":"summary_large_image","twitter_misc":{"Escrito por":"admin","Est. tempo de leitura":"3 minutos"},"schema":{"@context":"https:\/\/schema.org","@graph":[{"@type":"WebSite","@id":"https:\/\/franciscanos.org.br\/noticias\/#website","url":"https:\/\/franciscanos.org.br\/noticias\/","name":"Not\u00edcias - Franciscanos","description":"Prov\u00edncia Franciscana da Imaculada Concei\u00e7\u00e3o do Brasil - Ordem dos Frades Menores - OFM","potentialAction":[{"@type":"SearchAction","target":{"@type":"EntryPoint","urlTemplate":"https:\/\/franciscanos.org.br\/noticias\/?s={search_term_string}"},"query-input":"required name=search_term_string"}],"inLanguage":"pt-BR"},{"@type":"ImageObject","inLanguage":"pt-BR","@id":"https:\/\/franciscanos.org.br\/noticias\/tv-sudoeste-entra-hoje-na-era-digital.html#primaryimage","url":"https:\/\/franciscanos.org.br\/noticias\/wp-content\/uploads\/2015\/12\/tvsudoeste.jpg","contentUrl":"https:\/\/franciscanos.org.br\/noticias\/wp-content\/uploads\/2015\/12\/tvsudoeste.jpg","width":273,"height":181},{"@type":"WebPage","@id":"https:\/\/franciscanos.org.br\/noticias\/tv-sudoeste-entra-hoje-na-era-digital.html#webpage","url":"https:\/\/franciscanos.org.br\/noticias\/tv-sudoeste-entra-hoje-na-era-digital.html","name":"TV Sudoeste-PR entra em definitivo na era digital - Not\u00edcias - Franciscanos","isPartOf":{"@id":"https:\/\/franciscanos.org.br\/noticias\/#website"},"primaryImageOfPage":{"@id":"https:\/\/franciscanos.org.br\/noticias\/tv-sudoeste-entra-hoje-na-era-digital.html#primaryimage"},"datePublished":"2015-12-16T09:59:20+00:00","dateModified":"2020-01-30T16:59:08+00:00","author":{"@id":"https:\/\/franciscanos.org.br\/noticias\/#\/schema\/person\/b38fbf43118f02820bd932f2e4b14ad3"},"breadcrumb":{"@id":"https:\/\/franciscanos.org.br\/noticias\/tv-sudoeste-entra-hoje-na-era-digital.html#breadcrumb"},"inLanguage":"pt-BR","potentialAction":[{"@type":"ReadAction","target":["https:\/\/franciscanos.org.br\/noticias\/tv-sudoeste-entra-hoje-na-era-digital.html"]}]},{"@type":"BreadcrumbList","@id":"https:\/\/franciscanos.org.br\/noticias\/tv-sudoeste-entra-hoje-na-era-digital.html#breadcrumb","itemListElement":[{"@type":"ListItem","position":1,"name":"Home","item":"https:\/\/franciscanos.org.br\/noticias"},{"@type":"ListItem","position":2,"name":"TV Sudoeste-PR entra em definitivo na era digital"}]},{"@type":"Person","@id":"https:\/\/franciscanos.org.br\/noticias\/#\/schema\/person\/b38fbf43118f02820bd932f2e4b14ad3","name":"admin","image":{"@type":"ImageObject","inLanguage":"pt-BR","@id":"https:\/\/franciscanos.org.br\/noticias\/#\/schema\/person\/image\/","url":"https:\/\/secure.gravatar.com\/avatar\/e8495742d34d0ba6448ea1c628263b3e?s=96&d=mm&r=g","contentUrl":"https:\/\/secure.gravatar.com\/avatar\/e8495742d34d0ba6448ea1c628263b3e?s=96&d=mm&r=g","caption":"admin"},"url":"https:\/\/franciscanos.org.br\/noticias\/author\/admin"}]}},"_links":{"self":[{"href":"https:\/\/franciscanos.org.br\/noticias\/wp-json\/wp\/v2\/posts\/100030"}],"collection":[{"href":"https:\/\/franciscanos.org.br\/noticias\/wp-json\/wp\/v2\/posts"}],"about":[{"href":"https:\/\/franciscanos.org.br\/noticias\/wp-json\/wp\/v2\/types\/post"}],"author":[{"embeddable":true,"href":"https:\/\/franciscanos.org.br\/noticias\/wp-json\/wp\/v2\/users\/1"}],"replies":[{"embeddable":true,"href":"https:\/\/franciscanos.org.br\/noticias\/wp-json\/wp\/v2\/comments?post=100030"}],"version-history":[{"count":0,"href":"https:\/\/franciscanos.org.br\/noticias\/wp-json\/wp\/v2\/posts\/100030\/revisions"}],"wp:featuredmedia":[{"embeddable":true,"href":"https:\/\/franciscanos.org.br\/noticias\/wp-json\/wp\/v2\/media\/217422"}],"wp:attachment":[{"href":"https:\/\/franciscanos.org.br\/noticias\/wp-json\/wp\/v2\/media?parent=100030"}],"wp:term":[{"taxonomy":"category","embeddable":true,"href":"https:\/\/franciscanos.org.br\/noticias\/wp-json\/wp\/v2\/categories?post=100030"},{"taxonomy":"post_tag","embeddable":true,"href":"https:\/\/franciscanos.org.br\/noticias\/wp-json\/wp\/v2\/tags?post=100030"}],"curies":[{"name":"wp","href":"https:\/\/api.w.org\/{rel}","templated":true}]}}