{"id":100014,"date":"2015-12-15T09:26:50","date_gmt":"2015-12-15T11:26:50","guid":{"rendered":"http:\/\/franciscanos.org.br\/?p=100014"},"modified":"2020-02-17T13:03:03","modified_gmt":"2020-02-17T16:03:03","slug":"conventinho-sao-jose-de-lages-celebra-100-anos","status":"publish","type":"post","link":"https:\/\/franciscanos.org.br\/noticias\/conventinho-sao-jose-de-lages-celebra-100-anos.html","title":{"rendered":"Conventinho S\u00e3o Jos\u00e9 de Lages celebra 100 anos no dia 20"},"content":{"rendered":"<p><img loading=\"lazy\" src=\"http:\/\/franciscanos.org.br\/wp-content\/uploads\/2015\/12\/conventinho_alto.jpg\" alt=\"conventinho_alto\" width=\"820\" height=\"391\" \/><\/p>\n<p>A Fraternidade Patroc\u00ednio de S\u00e3o Jos\u00e9, em Lages (SC), est\u00e1 celebrando com uma novena, desde o dia 11 de dezembro, o centen\u00e1rio do &#8220;Conventinho&#8221; S\u00e3o Jos\u00e9. A celebra\u00e7\u00e3o jubilar acontecer\u00e1 no dia 20 de dezembro, \u00e0s 9h30.<\/p>\n<p>O Convento S\u00e3o Jos\u00e9, ou Conventinho como \u00e9 conhecido, teve a pedra fundamental lan\u00e7ada no dia 21 de dezembro de 1915. Mas os frades j\u00e1 estavam em Lages desde dezembro de 1891, como descreve Frei Armando Bahlman em suas &#8220;Mem\u00f3rias&#8221;: &#8220;No m\u00eas de dezembro de 1891, segui para Lages, para estabelecer ali resid\u00eancia. Agora \u00e9 mais f\u00e1cil, mas naqueles tempos os caminhos eram intransit\u00e1veis. Quantas vezes o burro ficou atolado na lama, quantas vezes foi necess\u00e1rio tirar os animais de carga do lama\u00e7al, onde podiam perecer! Cheguei em Lages na antev\u00e9spera do Natal&#8221;, conta Frei Armando.<\/p>\n<p><img loading=\"lazy\" class=\"alignright size-full wp-image-100016\" src=\"http:\/\/franciscanos.org.br\/wp-content\/uploads\/2015\/12\/conventinho.jpg\" alt=\"conventinho\" width=\"500\" height=\"375\" \/>Praticamente isolada no Planalto Serrano, Lages contava ent\u00e3o com cerca de mil habitantes. Em janeiro de 1892 chegam tr\u00eas outros frades: Frei Herculano Limpinsel, Frei Mariano e Frei Maur\u00edcio. Eles se instalaram numa \u201ccasa simples, ao lado da Capela Nossa Senhora do Ros\u00e1rio\u201d. Em 22 de fevereiro de 1892 chegou a Lages Frei Rog\u00e9rio Neuhaus para integrar a Fraternidade rec\u00e9m-criada. Em 1893, os frades se mudaram para uma ch\u00e1cara do falecido Pe. Ant\u00f4nio Luiz Esteves de Carvalho, onde ali permaneceram at\u00e9 1899.<\/p>\n<p>Em 17 de fevereiro de 1899 foi inaugurada a Escola Paroquial S\u00e3o Jos\u00e9 no pr\u00e9dio constru\u00eddo por Frei Rog\u00e9rio (onde hoje funciona o hospital). Os frades se mudaram para o local onde hoje est\u00e1 o \u201cConventinho Frei Rog\u00e9rio\u201d.<\/p>\n<p>Em dezembro de 1912, os frades come\u00e7aram a constru\u00e7\u00e3o da antiga Matriz (atual Catedral), com a b\u00ean\u00e7\u00e3o da pedra fundamental no dia 20 de janeiro do ano seguinte.<\/p>\n<p>Em novembro de 1915, ent\u00e3o, come\u00e7ou a constru\u00e7\u00e3o do novo Convento (atual Convento). Este convento acolheu in\u00fameros frades durante este centen\u00e1rio e tornou-se ponto de refer\u00eancia do povo lageano. Funcionou, por um bom tempo, como casa de forma\u00e7\u00e3o dos seminaristas da Prov\u00edncia. Sob o patroc\u00ednio de S\u00e3o Jos\u00e9 os frades saiam do convento e para ele voltavam depois de terem ido \u00e0 miss\u00e3o seja na educa\u00e7\u00e3o ou na evangeliza\u00e7\u00e3o.<\/p>\n<p>Atualmente, a Fraternidade \u00e9 composta por Frei Jos\u00e9 Lino L\u00fcckmann, Frei Tarc\u00edsio Theiss, Frei Ervino Girardi, Frei Jos\u00e9 Boeing, Frei Vilmar Alves da Silva.<\/p>\n","protected":false},"excerpt":{"rendered":"<p>Jubileu<\/p>\n","protected":false},"author":1,"featured_media":221163,"comment_status":"open","ping_status":"open","sticky":false,"template":"","format":"standard","meta":[],"categories":[1],"tags":[],"acf":[],"yoast_head":"<!-- This site is optimized with the Yoast SEO plugin v19.2 - https:\/\/yoast.com\/wordpress\/plugins\/seo\/ -->\n<title>Conventinho S\u00e3o Jos\u00e9 de Lages celebra 100 anos no dia 20 - Not\u00edcias - Franciscanos<\/title>\n<meta name=\"robots\" content=\"index, follow, max-snippet:-1, max-image-preview:large, max-video-preview:-1\" \/>\n<link rel=\"canonical\" href=\"https:\/\/franciscanos.org.br\/noticias\/conventinho-sao-jose-de-lages-celebra-100-anos.html\" \/>\n<meta property=\"og:locale\" content=\"pt_BR\" \/>\n<meta property=\"og:type\" content=\"article\" \/>\n<meta property=\"og:title\" content=\"Conventinho S\u00e3o Jos\u00e9 de Lages celebra 100 anos no dia 20 - Not\u00edcias - Franciscanos\" \/>\n<meta property=\"og:description\" content=\"Jubileu\" \/>\n<meta property=\"og:url\" content=\"https:\/\/franciscanos.org.br\/noticias\/conventinho-sao-jose-de-lages-celebra-100-anos.html\" \/>\n<meta property=\"og:site_name\" content=\"Not\u00edcias - Franciscanos\" \/>\n<meta property=\"article:published_time\" content=\"2015-12-15T11:26:50+00:00\" \/>\n<meta property=\"article:modified_time\" content=\"2020-02-17T16:03:03+00:00\" \/>\n<meta property=\"og:image\" content=\"https:\/\/franciscanos.org.br\/noticias\/wp-content\/uploads\/2015\/12\/conventinho.jpg\" \/>\n\t<meta property=\"og:image:width\" content=\"273\" \/>\n\t<meta property=\"og:image:height\" content=\"181\" \/>\n\t<meta property=\"og:image:type\" content=\"image\/jpeg\" \/>\n<meta name=\"author\" content=\"admin\" \/>\n<meta name=\"twitter:card\" content=\"summary_large_image\" \/>\n<meta name=\"twitter:label1\" content=\"Escrito por\" \/>\n\t<meta name=\"twitter:data1\" content=\"admin\" \/>\n\t<meta name=\"twitter:label2\" content=\"Est. tempo de leitura\" \/>\n\t<meta name=\"twitter:data2\" content=\"2 minutos\" \/>\n<script type=\"application\/ld+json\" class=\"yoast-schema-graph\">{\"@context\":\"https:\/\/schema.org\",\"@graph\":[{\"@type\":\"WebSite\",\"@id\":\"https:\/\/franciscanos.org.br\/noticias\/#website\",\"url\":\"https:\/\/franciscanos.org.br\/noticias\/\",\"name\":\"Not\u00edcias - Franciscanos\",\"description\":\"Prov\u00edncia Franciscana da Imaculada Concei\u00e7\u00e3o do Brasil - Ordem dos Frades Menores - OFM\",\"potentialAction\":[{\"@type\":\"SearchAction\",\"target\":{\"@type\":\"EntryPoint\",\"urlTemplate\":\"https:\/\/franciscanos.org.br\/noticias\/?s={search_term_string}\"},\"query-input\":\"required name=search_term_string\"}],\"inLanguage\":\"pt-BR\"},{\"@type\":\"ImageObject\",\"inLanguage\":\"pt-BR\",\"@id\":\"https:\/\/franciscanos.org.br\/noticias\/conventinho-sao-jose-de-lages-celebra-100-anos.html#primaryimage\",\"url\":\"https:\/\/franciscanos.org.br\/noticias\/wp-content\/uploads\/2015\/12\/conventinho.jpg\",\"contentUrl\":\"https:\/\/franciscanos.org.br\/noticias\/wp-content\/uploads\/2015\/12\/conventinho.jpg\",\"width\":273,\"height\":181},{\"@type\":\"WebPage\",\"@id\":\"https:\/\/franciscanos.org.br\/noticias\/conventinho-sao-jose-de-lages-celebra-100-anos.html#webpage\",\"url\":\"https:\/\/franciscanos.org.br\/noticias\/conventinho-sao-jose-de-lages-celebra-100-anos.html\",\"name\":\"Conventinho S\u00e3o Jos\u00e9 de Lages celebra 100 anos no dia 20 - Not\u00edcias - Franciscanos\",\"isPartOf\":{\"@id\":\"https:\/\/franciscanos.org.br\/noticias\/#website\"},\"primaryImageOfPage\":{\"@id\":\"https:\/\/franciscanos.org.br\/noticias\/conventinho-sao-jose-de-lages-celebra-100-anos.html#primaryimage\"},\"datePublished\":\"2015-12-15T11:26:50+00:00\",\"dateModified\":\"2020-02-17T16:03:03+00:00\",\"author\":{\"@id\":\"https:\/\/franciscanos.org.br\/noticias\/#\/schema\/person\/b38fbf43118f02820bd932f2e4b14ad3\"},\"breadcrumb\":{\"@id\":\"https:\/\/franciscanos.org.br\/noticias\/conventinho-sao-jose-de-lages-celebra-100-anos.html#breadcrumb\"},\"inLanguage\":\"pt-BR\",\"potentialAction\":[{\"@type\":\"ReadAction\",\"target\":[\"https:\/\/franciscanos.org.br\/noticias\/conventinho-sao-jose-de-lages-celebra-100-anos.html\"]}]},{\"@type\":\"BreadcrumbList\",\"@id\":\"https:\/\/franciscanos.org.br\/noticias\/conventinho-sao-jose-de-lages-celebra-100-anos.html#breadcrumb\",\"itemListElement\":[{\"@type\":\"ListItem\",\"position\":1,\"name\":\"Home\",\"item\":\"https:\/\/franciscanos.org.br\/noticias\"},{\"@type\":\"ListItem\",\"position\":2,\"name\":\"Conventinho S\u00e3o Jos\u00e9 de Lages celebra 100 anos no dia 20\"}]},{\"@type\":\"Person\",\"@id\":\"https:\/\/franciscanos.org.br\/noticias\/#\/schema\/person\/b38fbf43118f02820bd932f2e4b14ad3\",\"name\":\"admin\",\"image\":{\"@type\":\"ImageObject\",\"inLanguage\":\"pt-BR\",\"@id\":\"https:\/\/franciscanos.org.br\/noticias\/#\/schema\/person\/image\/\",\"url\":\"https:\/\/secure.gravatar.com\/avatar\/e8495742d34d0ba6448ea1c628263b3e?s=96&d=mm&r=g\",\"contentUrl\":\"https:\/\/secure.gravatar.com\/avatar\/e8495742d34d0ba6448ea1c628263b3e?s=96&d=mm&r=g\",\"caption\":\"admin\"},\"url\":\"https:\/\/franciscanos.org.br\/noticias\/author\/admin\"}]}<\/script>\n<!-- \/ Yoast SEO plugin. -->","yoast_head_json":{"title":"Conventinho S\u00e3o Jos\u00e9 de Lages celebra 100 anos no dia 20 - Not\u00edcias - Franciscanos","robots":{"index":"index","follow":"follow","max-snippet":"max-snippet:-1","max-image-preview":"max-image-preview:large","max-video-preview":"max-video-preview:-1"},"canonical":"https:\/\/franciscanos.org.br\/noticias\/conventinho-sao-jose-de-lages-celebra-100-anos.html","og_locale":"pt_BR","og_type":"article","og_title":"Conventinho S\u00e3o Jos\u00e9 de Lages celebra 100 anos no dia 20 - Not\u00edcias - Franciscanos","og_description":"Jubileu","og_url":"https:\/\/franciscanos.org.br\/noticias\/conventinho-sao-jose-de-lages-celebra-100-anos.html","og_site_name":"Not\u00edcias - Franciscanos","article_published_time":"2015-12-15T11:26:50+00:00","article_modified_time":"2020-02-17T16:03:03+00:00","og_image":[{"width":273,"height":181,"url":"https:\/\/franciscanos.org.br\/noticias\/wp-content\/uploads\/2015\/12\/conventinho.jpg","type":"image\/jpeg"}],"author":"admin","twitter_card":"summary_large_image","twitter_misc":{"Escrito por":"admin","Est. tempo de leitura":"2 minutos"},"schema":{"@context":"https:\/\/schema.org","@graph":[{"@type":"WebSite","@id":"https:\/\/franciscanos.org.br\/noticias\/#website","url":"https:\/\/franciscanos.org.br\/noticias\/","name":"Not\u00edcias - Franciscanos","description":"Prov\u00edncia Franciscana da Imaculada Concei\u00e7\u00e3o do Brasil - Ordem dos Frades Menores - OFM","potentialAction":[{"@type":"SearchAction","target":{"@type":"EntryPoint","urlTemplate":"https:\/\/franciscanos.org.br\/noticias\/?s={search_term_string}"},"query-input":"required name=search_term_string"}],"inLanguage":"pt-BR"},{"@type":"ImageObject","inLanguage":"pt-BR","@id":"https:\/\/franciscanos.org.br\/noticias\/conventinho-sao-jose-de-lages-celebra-100-anos.html#primaryimage","url":"https:\/\/franciscanos.org.br\/noticias\/wp-content\/uploads\/2015\/12\/conventinho.jpg","contentUrl":"https:\/\/franciscanos.org.br\/noticias\/wp-content\/uploads\/2015\/12\/conventinho.jpg","width":273,"height":181},{"@type":"WebPage","@id":"https:\/\/franciscanos.org.br\/noticias\/conventinho-sao-jose-de-lages-celebra-100-anos.html#webpage","url":"https:\/\/franciscanos.org.br\/noticias\/conventinho-sao-jose-de-lages-celebra-100-anos.html","name":"Conventinho S\u00e3o Jos\u00e9 de Lages celebra 100 anos no dia 20 - Not\u00edcias - Franciscanos","isPartOf":{"@id":"https:\/\/franciscanos.org.br\/noticias\/#website"},"primaryImageOfPage":{"@id":"https:\/\/franciscanos.org.br\/noticias\/conventinho-sao-jose-de-lages-celebra-100-anos.html#primaryimage"},"datePublished":"2015-12-15T11:26:50+00:00","dateModified":"2020-02-17T16:03:03+00:00","author":{"@id":"https:\/\/franciscanos.org.br\/noticias\/#\/schema\/person\/b38fbf43118f02820bd932f2e4b14ad3"},"breadcrumb":{"@id":"https:\/\/franciscanos.org.br\/noticias\/conventinho-sao-jose-de-lages-celebra-100-anos.html#breadcrumb"},"inLanguage":"pt-BR","potentialAction":[{"@type":"ReadAction","target":["https:\/\/franciscanos.org.br\/noticias\/conventinho-sao-jose-de-lages-celebra-100-anos.html"]}]},{"@type":"BreadcrumbList","@id":"https:\/\/franciscanos.org.br\/noticias\/conventinho-sao-jose-de-lages-celebra-100-anos.html#breadcrumb","itemListElement":[{"@type":"ListItem","position":1,"name":"Home","item":"https:\/\/franciscanos.org.br\/noticias"},{"@type":"ListItem","position":2,"name":"Conventinho S\u00e3o Jos\u00e9 de Lages celebra 100 anos no dia 20"}]},{"@type":"Person","@id":"https:\/\/franciscanos.org.br\/noticias\/#\/schema\/person\/b38fbf43118f02820bd932f2e4b14ad3","name":"admin","image":{"@type":"ImageObject","inLanguage":"pt-BR","@id":"https:\/\/franciscanos.org.br\/noticias\/#\/schema\/person\/image\/","url":"https:\/\/secure.gravatar.com\/avatar\/e8495742d34d0ba6448ea1c628263b3e?s=96&d=mm&r=g","contentUrl":"https:\/\/secure.gravatar.com\/avatar\/e8495742d34d0ba6448ea1c628263b3e?s=96&d=mm&r=g","caption":"admin"},"url":"https:\/\/franciscanos.org.br\/noticias\/author\/admin"}]}},"_links":{"self":[{"href":"https:\/\/franciscanos.org.br\/noticias\/wp-json\/wp\/v2\/posts\/100014"}],"collection":[{"href":"https:\/\/franciscanos.org.br\/noticias\/wp-json\/wp\/v2\/posts"}],"about":[{"href":"https:\/\/franciscanos.org.br\/noticias\/wp-json\/wp\/v2\/types\/post"}],"author":[{"embeddable":true,"href":"https:\/\/franciscanos.org.br\/noticias\/wp-json\/wp\/v2\/users\/1"}],"replies":[{"embeddable":true,"href":"https:\/\/franciscanos.org.br\/noticias\/wp-json\/wp\/v2\/comments?post=100014"}],"version-history":[{"count":0,"href":"https:\/\/franciscanos.org.br\/noticias\/wp-json\/wp\/v2\/posts\/100014\/revisions"}],"wp:featuredmedia":[{"embeddable":true,"href":"https:\/\/franciscanos.org.br\/noticias\/wp-json\/wp\/v2\/media\/221163"}],"wp:attachment":[{"href":"https:\/\/franciscanos.org.br\/noticias\/wp-json\/wp\/v2\/media?parent=100014"}],"wp:term":[{"taxonomy":"category","embeddable":true,"href":"https:\/\/franciscanos.org.br\/noticias\/wp-json\/wp\/v2\/categories?post=100014"},{"taxonomy":"post_tag","embeddable":true,"href":"https:\/\/franciscanos.org.br\/noticias\/wp-json\/wp\/v2\/tags?post=100014"}],"curies":[{"name":"wp","href":"https:\/\/api.w.org\/{rel}","templated":true}]}}