{"id":188745,"date":"2023-06-30T14:29:20","date_gmt":"2023-06-30T17:29:20","guid":{"rendered":"https:\/\/franciscanos.org.br\/hospedaria\/?p=188745"},"modified":"2023-06-30T16:37:54","modified_gmt":"2023-06-30T19:37:54","slug":"conheca-o-convento-da-penha-no-espirito-santo","status":"publish","type":"post","link":"https:\/\/franciscanos.org.br\/hospedaria\/conheca-o-convento-da-penha-no-espirito-santo\/","title":{"rendered":"Conhe\u00e7a o Convento da Penha no Esp\u00edrito Santo"},"content":{"rendered":"<p><img loading=\"lazy\" class=\"alignnone wp-image-188746 size-full\" src=\"https:\/\/franciscanos.org.br\/hospedaria\/wp-content\/uploads\/2023\/06\/penha_01.jpg\" alt=\"\" width=\"1280\" height=\"720\" srcset=\"https:\/\/franciscanos.org.br\/hospedaria\/wp-content\/uploads\/2023\/06\/penha_01.jpg 1280w, https:\/\/franciscanos.org.br\/hospedaria\/wp-content\/uploads\/2023\/06\/penha_01-450x253.jpg 450w, https:\/\/franciscanos.org.br\/hospedaria\/wp-content\/uploads\/2023\/06\/penha_01-1024x576.jpg 1024w, https:\/\/franciscanos.org.br\/hospedaria\/wp-content\/uploads\/2023\/06\/penha_01-768x432.jpg 768w, https:\/\/franciscanos.org.br\/hospedaria\/wp-content\/uploads\/2023\/06\/penha_01-150x84.jpg 150w\" sizes=\"(max-width: 1280px) 100vw, 1280px\" \/><\/p>\n<p>Num penhasco \u2013 de 154 metros de altitude e localiza\u00e7\u00e3o privilegiada a 500 metros do mar \u2013 que ostenta no seu entorno imponente fragmento da mata atl\u00e2ntica, est\u00e1 edificado o Santu\u00e1rio de Nossa Senhora da Penha, fundado por Frei Pedro Pal\u00e1cios, que aqui chegou em 1558, trazendo consigo o Painel de Nossa Senhora das Alegrias.<\/p>\n<p>O monumento arquitet\u00f4nico, peculiar na singeleza e sobriedade, apresenta em sua trajet\u00f3ria hist\u00f3rica muitas reconstru\u00e7\u00f5es como a excepcional concep\u00e7\u00e3o arquitet\u00f4nica do Convento, incrustado na rocha do morro, abrindo as janelas de suas celas para o magn\u00edfico panorama da barra de Vit\u00f3ria e do oceano Atl\u00e2ntico, enquanto de sua fachada se tem bela vista panor\u00e2mica de Vila Velha.<\/p>\n<p>No seu in\u00edcio, Frei Pedro Pal\u00e1cios encontrou abrigo numa gruta de pedra, atualmente denominada Gruta de Frei Pedro Pal\u00e1cios, que tem ao lado o orat\u00f3rio de constru\u00e7\u00e3o anterior a sua chegado ao Esp\u00edrito Santo, que abriga uma r\u00e9plica do Painel de Nossa Senhora das Alegrias.<\/p>\n<p><img loading=\"lazy\" class=\"alignnone wp-image-188747 size-full\" src=\"https:\/\/franciscanos.org.br\/hospedaria\/wp-content\/uploads\/2023\/06\/penha_04.jpg\" alt=\"\" width=\"1280\" height=\"720\" srcset=\"https:\/\/franciscanos.org.br\/hospedaria\/wp-content\/uploads\/2023\/06\/penha_04.jpg 1280w, https:\/\/franciscanos.org.br\/hospedaria\/wp-content\/uploads\/2023\/06\/penha_04-450x253.jpg 450w, https:\/\/franciscanos.org.br\/hospedaria\/wp-content\/uploads\/2023\/06\/penha_04-1024x576.jpg 1024w, https:\/\/franciscanos.org.br\/hospedaria\/wp-content\/uploads\/2023\/06\/penha_04-768x432.jpg 768w, https:\/\/franciscanos.org.br\/hospedaria\/wp-content\/uploads\/2023\/06\/penha_04-150x84.jpg 150w\" sizes=\"(max-width: 1280px) 100vw, 1280px\" \/><\/p>\n<p>Em 1562, construiu uma Capela dedicada a S\u00e3o Francisco de Assis, no local hoje denominado largo do Convento (Campinho), e em 1568, foi edificada, no cume do penhasco, a Capela que recebeu a imagem de Nossa Senhora da Penha, vinda de Portugal em 1569.<\/p>\n<p>A Capela de Nossa Senhora da Penha sofreu v\u00e1rias amplia\u00e7\u00f5es, e anexo, foi constru\u00eddo, em v\u00e1rias etapas, o Convento da Penha, juntamente com o pr\u00e9dio do museu que \u00e9 a hist\u00f3rica ex-\u201cCasa dos Romeiros\u201d; resid\u00eancia de h\u00f3spedes e as ru\u00ednas das antigas senzalas, cuja pedra fundamental data de 1650.<\/p>\n<p>No interior do Convento, o espa\u00e7o mais expressivo \u00e9 o da Igreja com sua preciosa Capela-Mor. O interior da igreja \u00e9 revestido, parcialmente com madeira em cedro, entalhada com motivos fitomorfos, executada pelo escultor portugu\u00eas Jos\u00e9 Fernandes Pereira, nos anos de 1874 a 1879, inclusive o assoalho com trabalho de marchetaria que no ano de 1980 foi reformado.<\/p>\n<p>No Altar Mor da Igreja, remodelado em 1910, h\u00e1 mais de 200 pe\u00e7as de 19 tipos diferentes de m\u00e1rmore que adornam o ret\u00e1bulo e colunas. Possui cuidadosa talha de madeira dourada do escultor italiano Carlo Crepaz, adotando a caligrafia de ornamental do ecletismo pontuada por capit\u00e9is, cor\u00edntios, fest\u00f5es, guirlandas com elementos vegetalistas, medalh\u00f5es, anjos e front\u00e3o, datando do s\u00e9culo XIX.<\/p>\n<p><img loading=\"lazy\" class=\"alignnone wp-image-188748 size-full\" src=\"https:\/\/franciscanos.org.br\/hospedaria\/wp-content\/uploads\/2023\/06\/penha_05.jpg\" alt=\"\" width=\"1280\" height=\"960\" srcset=\"https:\/\/franciscanos.org.br\/hospedaria\/wp-content\/uploads\/2023\/06\/penha_05.jpg 1280w, https:\/\/franciscanos.org.br\/hospedaria\/wp-content\/uploads\/2023\/06\/penha_05-450x338.jpg 450w, https:\/\/franciscanos.org.br\/hospedaria\/wp-content\/uploads\/2023\/06\/penha_05-1024x768.jpg 1024w, https:\/\/franciscanos.org.br\/hospedaria\/wp-content\/uploads\/2023\/06\/penha_05-768x576.jpg 768w, https:\/\/franciscanos.org.br\/hospedaria\/wp-content\/uploads\/2023\/06\/penha_05-150x113.jpg 150w\" sizes=\"(max-width: 1280px) 100vw, 1280px\" \/><\/p>\n<p>No centro do ret\u00e1bulo, o nicho de Nossa Senhora, que abriga a Imagem da Virgem da Penha, de origem portuguesa, de 1569. A imagem \u00e9 ladeada por anjos e querubins e honrada com as imagens dos maiores santos franciscanos: S\u00e3o Francisco de Assis e Santo Ant\u00f4nio de Lisboa e de P\u00e1dua.<\/p>\n<p>Enobrecem as paredes da capela as primorosas obras paisag\u00edsticas do Convento da Penha, realizadas por Vitor Meireles, encomendadas por Frei Jo\u00e3o Costa, entregues em 1877, e as obras sacras de Pedrina Calixto, que assinou as mesmas nos anos de 1926 a 1927.<\/p>\n<p>Este santu\u00e1rio testemunha, desde os prim\u00f3rdios do povoamento da terra capixaba, a trajet\u00f3ria hist\u00f3rica evangelizadora dos religiosos da Ordem dos Frades Menores da Prov\u00edncia Franciscana da Imaculada Concei\u00e7\u00e3o do Brasil e, tamb\u00e9m, a devo\u00e7\u00e3o a Nossa Senhora da Penha, padroeira do Estado do Esp\u00edrito Santo, que ultrapassa as barreiras do Estado, pois milhares de romeiros e devotos chegam ao Santu\u00e1rio para visita-lo, render gra\u00e7as e apresentar suas homenagens e pedidos.<\/p>\n<p><img loading=\"lazy\" class=\"alignnone size-full wp-image-188750\" src=\"https:\/\/franciscanos.org.br\/hospedaria\/wp-content\/uploads\/2023\/06\/penha_07.png\" alt=\"\" width=\"1280\" height=\"1529\" srcset=\"https:\/\/franciscanos.org.br\/hospedaria\/wp-content\/uploads\/2023\/06\/penha_07.png 904w, https:\/\/franciscanos.org.br\/hospedaria\/wp-content\/uploads\/2023\/06\/penha_07-377x450.png 377w, https:\/\/franciscanos.org.br\/hospedaria\/wp-content\/uploads\/2023\/06\/penha_07-857x1024.png 857w, https:\/\/franciscanos.org.br\/hospedaria\/wp-content\/uploads\/2023\/06\/penha_07-768x917.png 768w, https:\/\/franciscanos.org.br\/hospedaria\/wp-content\/uploads\/2023\/06\/penha_07-150x179.png 150w\" sizes=\"(max-width: 1280px) 100vw, 1280px\" \/><\/p>\n<p>Hoje o Santu\u00e1rio da Penha abrange uma \u00e1rea de 632.226 m2. No seu interior abriga s\u00e9culos e s\u00e9culos de hist\u00f3ria, de f\u00e9 e esperan\u00e7a, de devo\u00e7\u00e3o e coragem e \u00e9 sem d\u00favida considerado o maior atrativo tur\u00edstico e religioso do Estado do Esp\u00edrito Santo.<\/p>\n<p>Marco da arquitetura do per\u00edodo colonial brasileiro, o conjunto do Convento da Penha foi tombado como patrim\u00f4nio hist\u00f3rico cultural pelo Instituto do Patrim\u00f4nio Hist\u00f3rico e Art\u00edstico Nacional (Iphan) em 1943. A restaura\u00e7\u00e3o do altar mor do Convento da Penha come\u00e7ou em janeiro de 2009 e foi conclu\u00edda no dia 17 de dezembro de 2011.<\/p>\n<p>O projeto de restaura\u00e7\u00e3o do Altar Mor e do Arco do Cruzeiro do Convento da Penha esteve sob coordena\u00e7\u00e3o dos restauradores Ailton Tadeu Costa e Catarina de C\u00e1ssia Zambe Costa. Depois de muita pesquisa, a dupla encontrou as camadas originais do altar, que datam de 1800. O estilo art\u00edstico rococ\u00f3, baseado em cores claras, tons past\u00e9is e douramento \u00e9 predominante no Convento da Penha. \u201cEncontramos duas camadas de tinta em cima do douramento do altar, algumas partes estavam comidas por cupim. Abrimos peda\u00e7os na estrutura para encontrarmos uma sequ\u00eancia l\u00f3gica para o trabalho de restaura\u00e7\u00e3o. Usamos resina para restaurar os defeitos\u201d, informou A\u00edlton.<\/p>\n<p>GRUTA FREI PEDRO PAL\u00c1CIOS<\/p>\n<p>Depois de pisar em solo firme na Capitania do Esp\u00edrito Santo, Frei Pedro Pal\u00e1cios desapareceu. Dias depois, seus companheiros de viagem resolveram procur\u00e1-lo e s\u00f3 depois de tr\u00eas dias encontraram-no no sop\u00e9 da montanha, junto \u00e0 praia, ao lado esquerdo de quem entra pelo atual port\u00e3o da ladeira. Ainda hoje \u00e9 conhecida por \u201cGruta de Frei Pal\u00e1cios\u201d e, desde 1864, \u00e9 assinalada por uma l\u00e1pide comemorativa, que mandou colocar o \u00faltimo guardi\u00e3o Frei Teot\u00f4nio de Sta. Humiliana: \u201c<em>Ecce Petri Palacios arcta habitatio prima\/ Qui Diminam a Rupe vexit ad ista loca,\/ Mirum Coenobium construxit vertice rupis,\/ Quo tandem Dminae transtulit effigiem\/ Quam magnis meritis vita decessit onustus,\/ Jam promissa bonis praemia coelitum habet\u201d.<\/em><br \/>\nTraduzindo: \u201cEis de Pedro Pal\u00e1cios a primeira e estreita habita\u00e7\u00e3o,\/ o qual trouxe para estes lugares a Senhora da Penha.\/ Construiu no cume do monte um admir\u00e1vel Convento, \/ para onde transferiu, finalmente, a imagem.\/ Onerado de grandes merecimentos passou desta vida,\/ e j\u00e1 possui os pr\u00eamios celestes prometidos aos bons\u201d.<\/p>\n<p><img loading=\"lazy\" class=\"alignnone size-full wp-image-188749\" src=\"https:\/\/franciscanos.org.br\/hospedaria\/wp-content\/uploads\/2023\/06\/penha_06.jpg\" alt=\"\" width=\"1280\" height=\"720\" srcset=\"https:\/\/franciscanos.org.br\/hospedaria\/wp-content\/uploads\/2023\/06\/penha_06.jpg 1280w, https:\/\/franciscanos.org.br\/hospedaria\/wp-content\/uploads\/2023\/06\/penha_06-450x253.jpg 450w, https:\/\/franciscanos.org.br\/hospedaria\/wp-content\/uploads\/2023\/06\/penha_06-1024x576.jpg 1024w, https:\/\/franciscanos.org.br\/hospedaria\/wp-content\/uploads\/2023\/06\/penha_06-768x432.jpg 768w, https:\/\/franciscanos.org.br\/hospedaria\/wp-content\/uploads\/2023\/06\/penha_06-150x84.jpg 150w\" sizes=\"(max-width: 1280px) 100vw, 1280px\" \/><\/p>\n<p>LADEIRA DA PENIT\u00caNCIA<br \/>\nA Ladeira da Penit\u00eancia\u201d que \u00e9 uma via de acesso ao Convento exclusiva de pedestre, \u00e9 tamb\u00e9m conhecida como a \u201cLadeira das Sete voltas\u201d ou ainda das \u201cSete Alegrias de Nossa Senhora\u201d. O nome de Ladeira da Penit\u00eancia \u00e9 devido \u00e0 sua declividade acentuada e disformidade de cal\u00e7amento feito de p\u00e9-de-moleque, o que exige esfor\u00e7o para subi-la.<\/p>\n<p>O nome de \u201cLadeira das Sete voltas\u201d \u00e9 devido as curvas graciosas; e toda ela como que serpenteia pela mata, com seus recantos maravilhosos e convidativos \u00e0 medita\u00e7\u00e3o e \u00e0 ora\u00e7\u00e3o a cada volta. As Sete Voltas tamb\u00e9m insinuam as \u201cSete Alegrias de Nossa Senhora\u201d, devo\u00e7\u00e3o institu\u00edda e propagada pela Ordem Franciscana: anuncia\u00e7\u00e3o, visita da prima Isabel, nascimento de Jesus, recebimento do Esp\u00edrito Santo, apresenta\u00e7\u00e3o de Jesus no templo, ressurrei\u00e7\u00e3o e ascens\u00e3o de Nossa Senhora.<\/p>\n<p>Sua exist\u00eancia data da funda\u00e7\u00e3o do Convento, tendo j\u00e1 passado por ela personalidades importantes de cen\u00e1rio religioso e pol\u00edtico do Pa\u00eds, a exemplo do Imperador Dom Pedro II e sua comitiva em 1860. O seu cal\u00e7amento de pedras \u00e9 produto do trabalho dos escravos, que ocorreu pelo ano de 1643, iniciativa do Frei Paulo de Santo Ant\u00f4nio, tendo sido entre 1774 e 1777 renovado e que perdura at\u00e9 os nossos dias.<\/p>\n<p>A subida pela Ladeira da Penit\u00eancia resulta numa caminhada de 457 metros, cheia de encantos pelas pedras seculares do cal\u00e7amento, pelo verde da \u00e1rvores seculares, pelas sete voltas com suas cruzes e mini-nichos com imagens para medita\u00e7\u00f5es e ora\u00e7\u00f5es.<\/p>\n<p>Na d\u00e9cada de 1940 construiu-se o novo caminho de acesso rodovi\u00e1rio para o convento, cujo port\u00e3o foi constru\u00eddo em 1952.<\/p>\n<p>PORT\u00c3O ANTIGO<br \/>\nPort\u00e3o constru\u00eddo em 1.774, com detalhes em relevo. Por ele se entra pela hist\u00f3rica e fascinante \u201cLadeira das Sete Voltas\u201d, primitivo caminho para o alto da montanha. Est\u00e1 localizado pr\u00f3ximo \u00e0 entrada do 38\u00ba BI.<\/p>\n<p>PORT\u00c3O DE ACESSO PELA ESTRADA DE RODAGEM\u00a0\u2013 Portal constru\u00eddo em 1.952, \u00e9 a principal entrada de acesso ao Convento. Sua estrutura arquitet\u00f4nica retrata o estilo de constru\u00e7\u00e3o dos anos 50, por\u00e9m imitando o portal antigo que foi constru\u00eddo em 1.777.<\/p>\n<p><img loading=\"lazy\" class=\"alignnone size-full wp-image-188754\" src=\"https:\/\/franciscanos.org.br\/hospedaria\/wp-content\/uploads\/2023\/06\/penha_09.jpg\" alt=\"\" width=\"1280\" height=\"833\" srcset=\"https:\/\/franciscanos.org.br\/hospedaria\/wp-content\/uploads\/2023\/06\/penha_09.jpg 1280w, https:\/\/franciscanos.org.br\/hospedaria\/wp-content\/uploads\/2023\/06\/penha_09-450x293.jpg 450w, https:\/\/franciscanos.org.br\/hospedaria\/wp-content\/uploads\/2023\/06\/penha_09-1024x666.jpg 1024w, https:\/\/franciscanos.org.br\/hospedaria\/wp-content\/uploads\/2023\/06\/penha_09-768x500.jpg 768w, https:\/\/franciscanos.org.br\/hospedaria\/wp-content\/uploads\/2023\/06\/penha_09-150x98.jpg 150w\" sizes=\"(max-width: 1280px) 100vw, 1280px\" \/><\/p>\n<p>MUSEU<br \/>\nInstalado pelo ent\u00e3o guardi\u00e3o do Convento, Frei Alfredo W. Setaro, em 1952, o mseu de Nossa Senhora da Penha, na antiga Casa dos Romeiros. Foi reinaugurado, no ano de 2000, pelo guardi\u00e3o Frei Geraldo A. Freiberger. O Museu de Nossa Senhora da Penha exibe v\u00e1rios objetos do acervo hist\u00f3rico do Convento, selecionados nas raras cole\u00e7\u00f5es que documentam o cotidiano do Santu\u00e1rio, por mais de quatrocentos anos.<\/p>\n<p>Est\u00e3o em exposi\u00e7\u00e3o pe\u00e7as sacras, de liturgia, de vestimentas, dentre outras, al\u00e9m de ficar exposta uma parte da edifica\u00e7\u00e3o do Santu\u00e1rio, no formato de uma \u201cab\u00f3bada de tijolos apoiada sobre quatro pilares cont\u00edgua a um pequeno c\u00f4modo originalmente de meia-\u00e1gua, em alvenaria de pedra e cal\u201d.<\/p>\n<p>SALA DOS MILAGRES<br \/>\nAo lado do museu est\u00e1 a Sala dos Milagres, que mostra parte da variada cole\u00e7\u00e3o de ex-votos, ofertados \u00e0 milagrosa Virgem da Penha. A devo\u00e7\u00e3o popular de \u201cpagamento de promessa\u201d pelos devotos \u00e9 secular e, aqui no Santu\u00e1rio, s\u00e3o muit\u00edssimas as ofetas de ex-votos depositadas aos p\u00e9s da imagem da Virgem da Penha.<\/p>\n<p>Al\u00e9m dos objetos de ex-votos compostos de muletas, pe\u00e7as em cera e gesso, vestimentas e fotografias, a sala dos milagres tamb\u00e9m abriga a imagem de Nossa Senhora da Penha, esculpida por Carlo Crepaz, em 1958, fac-s\u00edmile da original que tamb\u00e9m \u00e9 denominada imagem peregrina por visitar as par\u00b4quias e comunidades de todo o Estado.<\/p>\n<p><img loading=\"lazy\" class=\"alignnone size-full wp-image-188753\" src=\"https:\/\/franciscanos.org.br\/hospedaria\/wp-content\/uploads\/2023\/06\/penha_03.jpg\" alt=\"\" width=\"1280\" height=\"720\" srcset=\"https:\/\/franciscanos.org.br\/hospedaria\/wp-content\/uploads\/2023\/06\/penha_03.jpg 1280w, https:\/\/franciscanos.org.br\/hospedaria\/wp-content\/uploads\/2023\/06\/penha_03-450x253.jpg 450w, https:\/\/franciscanos.org.br\/hospedaria\/wp-content\/uploads\/2023\/06\/penha_03-1024x576.jpg 1024w, https:\/\/franciscanos.org.br\/hospedaria\/wp-content\/uploads\/2023\/06\/penha_03-768x432.jpg 768w, https:\/\/franciscanos.org.br\/hospedaria\/wp-content\/uploads\/2023\/06\/penha_03-150x84.jpg 150w\" sizes=\"(max-width: 1280px) 100vw, 1280px\" \/><\/p>\n<p><strong>CAMPINHO<\/strong><br \/>\nNo sop\u00e9 do penhasco (n\u00e3o confundir com o sop\u00e9 da montanha), onde foi constru\u00eddo o convento e a igreja, fica uma pouca extensa chapada, que hoje \u00e9 conhecida como Campinho, onde nos dias normais funciona o estacionamento. Em dias de festa, como a da Padroeira do Esp\u00edrito Santo, as Missas principais s\u00e3o ali celebradas, tanto que foi constru\u00eddo um altar fixo no local. Do Campinho se pode ter uma das mais belas imagens do convento, onde as duas palmeiras se destacam.<br \/>\nTamb\u00e9m neste espa\u00e7o plano est\u00e1 constru\u00edda a ermida ou Capelinha de S\u00e3o Francisco, que era a moradia habitual de Frei Pedro Pal\u00e1cios. Nela entregava-se aos exerc\u00edcios de penit\u00eancia e ora\u00e7\u00e3o. No Campinho tamb\u00e9m h\u00e1 uma loja de artigos religiosos e uma lanchonete.<\/p>\n<p><img loading=\"lazy\" class=\"alignnone size-full wp-image-188752\" src=\"https:\/\/franciscanos.org.br\/hospedaria\/wp-content\/uploads\/2023\/06\/penha_02.jpg\" alt=\"\" width=\"1280\" height=\"720\" srcset=\"https:\/\/franciscanos.org.br\/hospedaria\/wp-content\/uploads\/2023\/06\/penha_02.jpg 1280w, https:\/\/franciscanos.org.br\/hospedaria\/wp-content\/uploads\/2023\/06\/penha_02-450x253.jpg 450w, https:\/\/franciscanos.org.br\/hospedaria\/wp-content\/uploads\/2023\/06\/penha_02-1024x576.jpg 1024w, https:\/\/franciscanos.org.br\/hospedaria\/wp-content\/uploads\/2023\/06\/penha_02-768x432.jpg 768w, https:\/\/franciscanos.org.br\/hospedaria\/wp-content\/uploads\/2023\/06\/penha_02-150x84.jpg 150w\" sizes=\"(max-width: 1280px) 100vw, 1280px\" \/><\/p>\n<p><strong>RU\u00cdNAS E ESCRAVOS<\/strong><br \/>\nNo patamar em frente da Secretaria Conventual, existe um port\u00e3o no muro que d\u00e1 acesso, por uma escadaria, \u00e0 casa de h\u00f3spedes. Deste ponto, pode se ver uma \u00e1rea gramada com ru\u00ednas. \u00c9 tamb\u00e9m o acesso \u00e0 senzala dos escravos.<\/p>\n<p>Segundo o historiador franciscano desta Prov\u00edncia da Imaculada, Frei Bas\u00edlio R\u00f6wer, autor de P\u00e1ginas de Hist\u00f3ria Franciscana no Brasil, o n\u00famero de escravos \u201cultrapassava o de qualquer outro convento\u201d. Esta m\u00e3o-de-obra, de que os franciscanos dispuseram desde os tempos coloniais, era por eles empregada nos mais variados servi\u00e7os: nas lavouras do pomar, no atendimento do gado e limpeza dos currais, nas atividades da pesca, nos encargos ligados \u00e0 rotina di\u00e1ria dos conventuais. Fala ainda frei Bas\u00edlio dos escravos m\u00fasicos \u201cpara solenizar as festas e acompanhar as prociss\u00f5es\u201d e se refere tamb\u00e9m aos escravos que os franciscanos alugavam aos moradores de Vila Velha e de Vit\u00f3ria para servi\u00e7os em geral, fato muito comum durante a escravatura negra no Brasil. Com estes alugu\u00e9is, os donos de escravos obtinham ganhos extras.<\/p>\n<p>Al\u00e9m disso, nas festas religiosas, uma tradi\u00e7\u00e3o constante no Brasil colonial e provincial, os escravos eram utilizados para conseguir esmolas para o convento. Foi gra\u00e7as \u00e0 m\u00e3o-de-obra escrava que os franciscanos puderam realizar muitas das grandes obras do santu\u00e1rio e do seu entorno, inclusive o cal\u00e7amento, a pedra, da ladeira tradicional que d\u00e1 acesso ao monumento, e at\u00e9 a constru\u00e7\u00e3o das senzalas para teto dos escravos.<\/p>\n<p><img loading=\"lazy\" class=\"alignnone size-full wp-image-188751\" src=\"https:\/\/franciscanos.org.br\/hospedaria\/wp-content\/uploads\/2023\/06\/penha_08.jpg\" alt=\"\" width=\"1280\" height=\"729\" srcset=\"https:\/\/franciscanos.org.br\/hospedaria\/wp-content\/uploads\/2023\/06\/penha_08.jpg 1280w, https:\/\/franciscanos.org.br\/hospedaria\/wp-content\/uploads\/2023\/06\/penha_08-450x256.jpg 450w, https:\/\/franciscanos.org.br\/hospedaria\/wp-content\/uploads\/2023\/06\/penha_08-1024x583.jpg 1024w, https:\/\/franciscanos.org.br\/hospedaria\/wp-content\/uploads\/2023\/06\/penha_08-768x437.jpg 768w, https:\/\/franciscanos.org.br\/hospedaria\/wp-content\/uploads\/2023\/06\/penha_08-150x85.jpg 150w\" sizes=\"(max-width: 1280px) 100vw, 1280px\" \/><\/p>\n<p><strong>MATA ATL\u00c2NTICA<\/strong><br \/>\nA faixa de Mata Atl\u00e2ntica existente no Santu\u00e1rio da Penha \u00e9 o mais importante pulm\u00e3o verde da cidade de Vila Velha e abriga uma variada flora e fauna em 50 hectares. Mas nem sempre foi assim. Na segunda metade do s\u00e9culo XX, a mata do morro estava bastante devastada. Foi a partir de 1970 que come\u00e7ou a preocupa\u00e7\u00e3o com o reflorestamento do morro, com o plantio de \u00e1rvores nativas, um trabalho realizado pela Vale do Rio Doce, o governo estadual e o Convento. Milhares de mudas de \u00e1rvores nativas foram plantadas, fazendo com que atualmente o verde da flora realce o branco das paredes do convento no alto do morro.<\/p>\n<p>O efetivo reflorestamento da mata do Convento foi feito de janeiro de 1990 a dezembro de 1993, quando foram utilizadas 2.500 mudas\/ha, sendo 60% de esp\u00e9cies pioneiras, 15% de secund\u00e1rias iniciais, 15% de secund\u00e1rias tardias e 10% de clim\u00e1ticas.<br \/>\nAl\u00e9m de muitas esp\u00e9cies de r\u00e9pteis \u2013 \u00e9 muito comum encontrar a fam\u00edlia de jiboias pelo morro -, h\u00e1 muitos saguis e aves no morro.<\/p>\n","protected":false},"excerpt":{"rendered":"<p>Pontos tur\u00edsticos da Prov\u00edncia<\/p>\n","protected":false},"author":3,"featured_media":188746,"comment_status":"open","ping_status":"open","sticky":false,"template":"","format":"standard","meta":[],"categories":[105],"tags":[369],"yoast_head":"<!-- This site is optimized with the Yoast SEO plugin v19.4 - https:\/\/yoast.com\/wordpress\/plugins\/seo\/ -->\n<title>Conhe\u00e7a o Convento da Penha no Esp\u00edrito Santo - Hospedaria - Franciscanos<\/title>\n<meta name=\"robots\" content=\"index, follow, max-snippet:-1, max-image-preview:large, max-video-preview:-1\" \/>\n<link rel=\"canonical\" href=\"https:\/\/franciscanos.org.br\/hospedaria\/conheca-o-convento-da-penha-no-espirito-santo\/\" \/>\n<meta property=\"og:locale\" content=\"pt_BR\" \/>\n<meta property=\"og:type\" content=\"article\" \/>\n<meta property=\"og:title\" content=\"Conhe\u00e7a o Convento da Penha no Esp\u00edrito Santo - Hospedaria - Franciscanos\" \/>\n<meta property=\"og:description\" content=\"Pontos tur\u00edsticos da Prov\u00edncia\" \/>\n<meta property=\"og:url\" content=\"https:\/\/franciscanos.org.br\/hospedaria\/conheca-o-convento-da-penha-no-espirito-santo\/\" \/>\n<meta property=\"og:site_name\" content=\"Hospedaria - Franciscanos\" \/>\n<meta property=\"article:published_time\" content=\"2023-06-30T17:29:20+00:00\" \/>\n<meta property=\"article:modified_time\" content=\"2023-06-30T19:37:54+00:00\" \/>\n<meta property=\"og:image\" content=\"https:\/\/franciscanos.org.br\/hospedaria\/wp-content\/uploads\/2023\/06\/penha_01.jpg\" \/>\n\t<meta property=\"og:image:width\" content=\"1280\" \/>\n\t<meta property=\"og:image:height\" content=\"720\" \/>\n\t<meta property=\"og:image:type\" content=\"image\/jpeg\" \/>\n<meta name=\"author\" content=\"moacir\" \/>\n<meta name=\"twitter:card\" content=\"summary_large_image\" \/>\n<meta name=\"twitter:label1\" content=\"Escrito por\" \/>\n\t<meta name=\"twitter:data1\" content=\"moacir\" \/>\n\t<meta name=\"twitter:label2\" content=\"Est. tempo de leitura\" \/>\n\t<meta name=\"twitter:data2\" content=\"13 minutos\" \/>\n<script type=\"application\/ld+json\" class=\"yoast-schema-graph\">{\"@context\":\"https:\/\/schema.org\",\"@graph\":[{\"@type\":\"WebSite\",\"@id\":\"https:\/\/franciscanos.org.br\/hospedaria\/#website\",\"url\":\"https:\/\/franciscanos.org.br\/hospedaria\/\",\"name\":\"Hospedaria - Franciscanos\",\"description\":\"Prov\u00edncia Franciscana da Imaculada Concei\u00e7\u00e3o do Brasil - Ordem dos Frades Menores\",\"potentialAction\":[{\"@type\":\"SearchAction\",\"target\":{\"@type\":\"EntryPoint\",\"urlTemplate\":\"https:\/\/franciscanos.org.br\/hospedaria\/?s={search_term_string}\"},\"query-input\":\"required name=search_term_string\"}],\"inLanguage\":\"pt-BR\"},{\"@type\":\"WebPage\",\"@id\":\"https:\/\/franciscanos.org.br\/hospedaria\/conheca-o-convento-da-penha-no-espirito-santo\/\",\"url\":\"https:\/\/franciscanos.org.br\/hospedaria\/conheca-o-convento-da-penha-no-espirito-santo\/\",\"name\":\"Conhe\u00e7a o Convento da Penha no Esp\u00edrito Santo - Hospedaria - Franciscanos\",\"isPartOf\":{\"@id\":\"https:\/\/franciscanos.org.br\/hospedaria\/#website\"},\"datePublished\":\"2023-06-30T17:29:20+00:00\",\"dateModified\":\"2023-06-30T19:37:54+00:00\",\"author\":{\"@id\":\"https:\/\/franciscanos.org.br\/hospedaria\/#\/schema\/person\/bf14cae4d2151ab6b6e41d96660f93a2\"},\"breadcrumb\":{\"@id\":\"https:\/\/franciscanos.org.br\/hospedaria\/conheca-o-convento-da-penha-no-espirito-santo\/#breadcrumb\"},\"inLanguage\":\"pt-BR\",\"potentialAction\":[{\"@type\":\"ReadAction\",\"target\":[\"https:\/\/franciscanos.org.br\/hospedaria\/conheca-o-convento-da-penha-no-espirito-santo\/\"]}]},{\"@type\":\"BreadcrumbList\",\"@id\":\"https:\/\/franciscanos.org.br\/hospedaria\/conheca-o-convento-da-penha-no-espirito-santo\/#breadcrumb\",\"itemListElement\":[{\"@type\":\"ListItem\",\"position\":1,\"name\":\"Home\",\"item\":\"https:\/\/franciscanos.org.br\/hospedaria\/\"},{\"@type\":\"ListItem\",\"position\":2,\"name\":\"Conhe\u00e7a o Convento da Penha no Esp\u00edrito Santo\"}]},{\"@type\":\"Person\",\"@id\":\"https:\/\/franciscanos.org.br\/hospedaria\/#\/schema\/person\/bf14cae4d2151ab6b6e41d96660f93a2\",\"name\":\"moacir\",\"image\":{\"@type\":\"ImageObject\",\"inLanguage\":\"pt-BR\",\"@id\":\"https:\/\/franciscanos.org.br\/hospedaria\/#\/schema\/person\/image\/\",\"url\":\"https:\/\/secure.gravatar.com\/avatar\/d08aa2ce4c8dd416d4479aa8536fcf64?s=96&d=mm&r=g\",\"contentUrl\":\"https:\/\/secure.gravatar.com\/avatar\/d08aa2ce4c8dd416d4479aa8536fcf64?s=96&d=mm&r=g\",\"caption\":\"moacir\"},\"url\":\"https:\/\/franciscanos.org.br\/hospedaria\/author\/moacir\/\"}]}<\/script>\n<!-- \/ Yoast SEO plugin. -->","yoast_head_json":{"title":"Conhe\u00e7a o Convento da Penha no Esp\u00edrito Santo - Hospedaria - Franciscanos","robots":{"index":"index","follow":"follow","max-snippet":"max-snippet:-1","max-image-preview":"max-image-preview:large","max-video-preview":"max-video-preview:-1"},"canonical":"https:\/\/franciscanos.org.br\/hospedaria\/conheca-o-convento-da-penha-no-espirito-santo\/","og_locale":"pt_BR","og_type":"article","og_title":"Conhe\u00e7a o Convento da Penha no Esp\u00edrito Santo - Hospedaria - Franciscanos","og_description":"Pontos tur\u00edsticos da Prov\u00edncia","og_url":"https:\/\/franciscanos.org.br\/hospedaria\/conheca-o-convento-da-penha-no-espirito-santo\/","og_site_name":"Hospedaria - Franciscanos","article_published_time":"2023-06-30T17:29:20+00:00","article_modified_time":"2023-06-30T19:37:54+00:00","og_image":[{"width":1280,"height":720,"url":"https:\/\/franciscanos.org.br\/hospedaria\/wp-content\/uploads\/2023\/06\/penha_01.jpg","type":"image\/jpeg"}],"author":"moacir","twitter_card":"summary_large_image","twitter_misc":{"Escrito por":"moacir","Est. tempo de leitura":"13 minutos"},"schema":{"@context":"https:\/\/schema.org","@graph":[{"@type":"WebSite","@id":"https:\/\/franciscanos.org.br\/hospedaria\/#website","url":"https:\/\/franciscanos.org.br\/hospedaria\/","name":"Hospedaria - Franciscanos","description":"Prov\u00edncia Franciscana da Imaculada Concei\u00e7\u00e3o do Brasil - Ordem dos Frades Menores","potentialAction":[{"@type":"SearchAction","target":{"@type":"EntryPoint","urlTemplate":"https:\/\/franciscanos.org.br\/hospedaria\/?s={search_term_string}"},"query-input":"required name=search_term_string"}],"inLanguage":"pt-BR"},{"@type":"WebPage","@id":"https:\/\/franciscanos.org.br\/hospedaria\/conheca-o-convento-da-penha-no-espirito-santo\/","url":"https:\/\/franciscanos.org.br\/hospedaria\/conheca-o-convento-da-penha-no-espirito-santo\/","name":"Conhe\u00e7a o Convento da Penha no Esp\u00edrito Santo - Hospedaria - Franciscanos","isPartOf":{"@id":"https:\/\/franciscanos.org.br\/hospedaria\/#website"},"datePublished":"2023-06-30T17:29:20+00:00","dateModified":"2023-06-30T19:37:54+00:00","author":{"@id":"https:\/\/franciscanos.org.br\/hospedaria\/#\/schema\/person\/bf14cae4d2151ab6b6e41d96660f93a2"},"breadcrumb":{"@id":"https:\/\/franciscanos.org.br\/hospedaria\/conheca-o-convento-da-penha-no-espirito-santo\/#breadcrumb"},"inLanguage":"pt-BR","potentialAction":[{"@type":"ReadAction","target":["https:\/\/franciscanos.org.br\/hospedaria\/conheca-o-convento-da-penha-no-espirito-santo\/"]}]},{"@type":"BreadcrumbList","@id":"https:\/\/franciscanos.org.br\/hospedaria\/conheca-o-convento-da-penha-no-espirito-santo\/#breadcrumb","itemListElement":[{"@type":"ListItem","position":1,"name":"Home","item":"https:\/\/franciscanos.org.br\/hospedaria\/"},{"@type":"ListItem","position":2,"name":"Conhe\u00e7a o Convento da Penha no Esp\u00edrito Santo"}]},{"@type":"Person","@id":"https:\/\/franciscanos.org.br\/hospedaria\/#\/schema\/person\/bf14cae4d2151ab6b6e41d96660f93a2","name":"moacir","image":{"@type":"ImageObject","inLanguage":"pt-BR","@id":"https:\/\/franciscanos.org.br\/hospedaria\/#\/schema\/person\/image\/","url":"https:\/\/secure.gravatar.com\/avatar\/d08aa2ce4c8dd416d4479aa8536fcf64?s=96&d=mm&r=g","contentUrl":"https:\/\/secure.gravatar.com\/avatar\/d08aa2ce4c8dd416d4479aa8536fcf64?s=96&d=mm&r=g","caption":"moacir"},"url":"https:\/\/franciscanos.org.br\/hospedaria\/author\/moacir\/"}]}},"_links":{"self":[{"href":"https:\/\/franciscanos.org.br\/hospedaria\/wp-json\/wp\/v2\/posts\/188745"}],"collection":[{"href":"https:\/\/franciscanos.org.br\/hospedaria\/wp-json\/wp\/v2\/posts"}],"about":[{"href":"https:\/\/franciscanos.org.br\/hospedaria\/wp-json\/wp\/v2\/types\/post"}],"author":[{"embeddable":true,"href":"https:\/\/franciscanos.org.br\/hospedaria\/wp-json\/wp\/v2\/users\/3"}],"replies":[{"embeddable":true,"href":"https:\/\/franciscanos.org.br\/hospedaria\/wp-json\/wp\/v2\/comments?post=188745"}],"version-history":[{"count":1,"href":"https:\/\/franciscanos.org.br\/hospedaria\/wp-json\/wp\/v2\/posts\/188745\/revisions"}],"predecessor-version":[{"id":188755,"href":"https:\/\/franciscanos.org.br\/hospedaria\/wp-json\/wp\/v2\/posts\/188745\/revisions\/188755"}],"wp:featuredmedia":[{"embeddable":true,"href":"https:\/\/franciscanos.org.br\/hospedaria\/wp-json\/wp\/v2\/media\/188746"}],"wp:attachment":[{"href":"https:\/\/franciscanos.org.br\/hospedaria\/wp-json\/wp\/v2\/media?parent=188745"}],"wp:term":[{"taxonomy":"category","embeddable":true,"href":"https:\/\/franciscanos.org.br\/hospedaria\/wp-json\/wp\/v2\/categories?post=188745"},{"taxonomy":"post_tag","embeddable":true,"href":"https:\/\/franciscanos.org.br\/hospedaria\/wp-json\/wp\/v2\/tags?post=188745"}],"curies":[{"name":"wp","href":"https:\/\/api.w.org\/{rel}","templated":true}]}}