{"id":190200,"date":"2025-12-10T09:16:18","date_gmt":"2025-12-10T12:16:18","guid":{"rendered":"https:\/\/franciscanos.org.br\/conventosantoantonio\/?p=190200"},"modified":"2025-12-10T09:17:51","modified_gmt":"2025-12-10T12:17:51","slug":"9a-exposicao-de-presepios-celebra-alegria-e-esperanca","status":"publish","type":"post","link":"https:\/\/franciscanos.org.br\/conventosantoantonio\/9a-exposicao-de-presepios-celebra-alegria-e-esperanca\/","title":{"rendered":"9\u00aa Exposi\u00e7\u00e3o de Pres\u00e9pios celebra alegria e esperan\u00e7a"},"content":{"rendered":"<p><img loading=\"lazy\" class=\"aligncenter wp-image-190201 size-large\" src=\"https:\/\/franciscanos.org.br\/conventosantoantonio\/wp-content\/uploads\/2025\/12\/1280-x-720-px-1920-x-1080-px-1-1024x576.png\" alt=\"\" width=\"1024\" height=\"576\" srcset=\"https:\/\/franciscanos.org.br\/conventosantoantonio\/wp-content\/uploads\/2025\/12\/1280-x-720-px-1920-x-1080-px-1-1024x576.png 1024w, https:\/\/franciscanos.org.br\/conventosantoantonio\/wp-content\/uploads\/2025\/12\/1280-x-720-px-1920-x-1080-px-1-450x253.png 450w, https:\/\/franciscanos.org.br\/conventosantoantonio\/wp-content\/uploads\/2025\/12\/1280-x-720-px-1920-x-1080-px-1-768x432.png 768w, https:\/\/franciscanos.org.br\/conventosantoantonio\/wp-content\/uploads\/2025\/12\/1280-x-720-px-1920-x-1080-px-1-1536x864.png 1536w, https:\/\/franciscanos.org.br\/conventosantoantonio\/wp-content\/uploads\/2025\/12\/1280-x-720-px-1920-x-1080-px-1-150x84.png 150w, https:\/\/franciscanos.org.br\/conventosantoantonio\/wp-content\/uploads\/2025\/12\/1280-x-720-px-1920-x-1080-px-1.png 1920w\" sizes=\"(max-width: 1024px) 100vw, 1024px\" \/><\/p>\n<p>A 9\u00ba Exposi\u00e7\u00e3o de Pres\u00e9pios do Convento Santo Ant\u00f4nio teve in\u00edcio na \u00faltima segunda-feira (8). Neste ano, em comunh\u00e3o com a Igreja, o tema \u00e9\u00a0<i>Alegria e Esperan\u00e7a<\/i>, valores expressos em 50 pres\u00e9pios in\u00e9ditos, origin\u00e1rios de diferentes pa\u00edses. Para o curador da exposi\u00e7\u00e3o, Frei R\u00f3ger Brunorio, \u201ca cena do nascimento, com Maria, Jos\u00e9, o Menino Jesus, os reis magos, os pastores e os animais, transborda uma mensagem poderosa e universal de alegria e esperan\u00e7a\u201d, explica.<\/p>\n<p>A exposi\u00e7\u00e3o vai at\u00e9 o dia 30 de dezembro, com entrada gratuita. Segue o hor\u00e1rio de visita\u00e7\u00e3o: Segunda a sexta, das 9h \u00e0s 18h. S\u00e1bado e Domingo, das 9h \u00e0s 12h. Nos dias 24 e 25 dezembro, das 9h \u00e0s 12h. O Convento Santo Ant\u00f4nio fica no Largo da Carioca, S\/N, no Centro do Rio de Janeiro. Mais informa\u00e7\u00f5es podem ser obtidas pelo WhatsApp (21) 98420-7845.<\/p>\n<p>Confira o texto de apresenta\u00e7\u00e3o do Curador, Frei R\u00f3ger Brunorio:<\/p>\n<p><b>Pres\u00e9pio: lugar de encontro entre Alegria e Esperan\u00e7a\u00a0<\/b><\/p>\n<p>Com os sentimentos de alegria e esperan\u00e7a o Convento Santo Ant\u00f4nio do Largo da Carioca apresenta a 9\u00aa Exposi\u00e7\u00e3o Franciscana de Pres\u00e9pios. Ao contemplar cada pres\u00e9pio exposto, somos convidados a uma pausa, um momento de reflex\u00e3o sobre o verdadeiro significado do Natal. Mais do que uma simples decora\u00e7\u00e3o, o pres\u00e9pio \u00e9 um \u201cEvangelho vivo\u201d, uma representa\u00e7\u00e3o singela do amor de Deus que se fez humano e habitou entre n\u00f3s, na mais completa simplicidade. A cena do nascimento, com Maria, Jos\u00e9, o Menino Jesus, os reis magos, os pastores e os animais, transborda uma mensagem poderosa e universal de alegria e esperan\u00e7a.<\/p>\n<p>A alegria emana da chegada de Deus-Menino ao mundo, um lembrete de que, mesmo nos cen\u00e1rios mais humildes e desafiadores, o divino se manifesta, enchendo nossos cora\u00e7\u00f5es de boas not\u00edcias e regozijo. \u00c9 a alegria que nasce da certeza do amor incondicional. A esperan\u00e7a \u00e9 o fio condutor que nos guia. O pres\u00e9pio simboliza um futuro de dias melhores, uma perspectiva de renova\u00e7\u00e3o e paz que n\u00e3o \u00e9 vaga nem ilus\u00f3ria, mas ancorada<\/p>\n<p>na promessa de salva\u00e7\u00e3o e vida eterna. Diante do pres\u00e9pio, renovamos a cren\u00e7a em nossa capacidade de construir um mundo mais fraterno, marcado pela solidariedade e ternura.<\/p>\n<p>Cada pres\u00e9pio, com suas particularidades e express\u00f5es art\u00edsticas, reflete a diversidade de olhares sobre essa mesma mensagem central. Eles nos recordam que a verdadeira alegria e esperan\u00e7a n\u00e3o est\u00e1 no luxo ou na riqueza, mas na simplicidade do amor e na miseric\u00f3rdia. Que a contempla\u00e7\u00e3o dos pres\u00e9pios desperte em cada um de n\u00f3s a maravilha e a capacidade de espalhar a alegria e a esperan\u00e7a de Cristo atrav\u00e9s de pequenos gestos de amor e partilha em nosso dia a dia. Para 2025, a exposi\u00e7\u00e3o contar\u00e1 com mais de 30 pres\u00e9pios in\u00e9ditos de diversas origens e talentosos artistas.<\/p>\n<p><b>9\u00aa Exposi\u00e7\u00e3o Franciscana de Pres\u00e9pios\u00a0<\/b><\/p>\n<p>8 a 30 de dezembro<br \/>\nConvento Santo Ant\u00f4nio\u00a0 (Largo da Carioca \u2013 S\/N\u00b0 \u2013 Centro, Rio de Janeiro \u2013 RJ)<br \/>\n<i>Acesso gratuito<br \/>\n<\/i>Segunda a sexta-feira: 9h \u00e0s 18h<br \/>\nS\u00e1bado e domingo: 9h \u00e0s 12h<br \/>\n*24 e 25 de dezembro: de 9h \u00e0s 12h<br \/>\nWhatsApp: (21) 98420 7845.<\/p>\n","protected":false},"excerpt":{"rendered":"<p>A 9\u00ba Exposi\u00e7\u00e3o de Pres\u00e9pios do Convento Santo Ant\u00f4nio teve in\u00edcio na \u00faltima segunda-feira (8). Neste ano, em comunh\u00e3o com a Igreja, o tema \u00e9\u00a0Alegria e Esperan\u00e7a, valores expressos em 50 pres\u00e9pios in\u00e9ditos, origin\u00e1rios de diferentes pa\u00edses. Para o curador da exposi\u00e7\u00e3o, Frei R\u00f3ger Brunorio, \u201ca cena do nascimento, com Maria, Jos\u00e9, o Menino Jesus, [&hellip;]<\/p>\n","protected":false},"author":13,"featured_media":190201,"comment_status":"open","ping_status":"open","sticky":false,"template":"","format":"standard","meta":[],"categories":[105],"tags":[357],"yoast_head":"<!-- This site is optimized with the Yoast SEO plugin v19.4 - https:\/\/yoast.com\/wordpress\/plugins\/seo\/ -->\n<title>9\u00aa Exposi\u00e7\u00e3o de Pres\u00e9pios celebra alegria e esperan\u00e7a - Convento Santo Ant\u00f4nio- Franciscanos<\/title>\n<meta name=\"robots\" content=\"index, follow, max-snippet:-1, max-image-preview:large, max-video-preview:-1\" \/>\n<link rel=\"canonical\" href=\"https:\/\/franciscanos.org.br\/conventosantoantonio\/9a-exposicao-de-presepios-celebra-alegria-e-esperanca\/\" \/>\n<meta property=\"og:locale\" content=\"pt_BR\" \/>\n<meta property=\"og:type\" content=\"article\" \/>\n<meta property=\"og:title\" content=\"9\u00aa Exposi\u00e7\u00e3o de Pres\u00e9pios celebra alegria e esperan\u00e7a - Convento Santo Ant\u00f4nio- Franciscanos\" \/>\n<meta property=\"og:description\" content=\"A 9\u00ba Exposi\u00e7\u00e3o de Pres\u00e9pios do Convento Santo Ant\u00f4nio teve in\u00edcio na \u00faltima segunda-feira (8). Neste ano, em comunh\u00e3o com a Igreja, o tema \u00e9\u00a0Alegria e Esperan\u00e7a, valores expressos em 50 pres\u00e9pios in\u00e9ditos, origin\u00e1rios de diferentes pa\u00edses. Para o curador da exposi\u00e7\u00e3o, Frei R\u00f3ger Brunorio, \u201ca cena do nascimento, com Maria, Jos\u00e9, o Menino Jesus, [&hellip;]\" \/>\n<meta property=\"og:url\" content=\"https:\/\/franciscanos.org.br\/conventosantoantonio\/9a-exposicao-de-presepios-celebra-alegria-e-esperanca\/\" \/>\n<meta property=\"og:site_name\" content=\"Convento Santo Ant\u00f4nio- Franciscanos\" \/>\n<meta property=\"article:published_time\" content=\"2025-12-10T12:16:18+00:00\" \/>\n<meta property=\"article:modified_time\" content=\"2025-12-10T12:17:51+00:00\" \/>\n<meta property=\"og:image\" content=\"https:\/\/franciscanos.org.br\/conventosantoantonio\/wp-content\/uploads\/2025\/12\/1280-x-720-px-1920-x-1080-px-1-1024x576.png\" \/>\n\t<meta property=\"og:image:width\" content=\"1024\" \/>\n\t<meta property=\"og:image:height\" content=\"576\" \/>\n\t<meta property=\"og:image:type\" content=\"image\/png\" \/>\n<meta name=\"author\" content=\"Guilherme\" \/>\n<meta name=\"twitter:card\" content=\"summary_large_image\" \/>\n<meta name=\"twitter:label1\" content=\"Escrito por\" \/>\n\t<meta name=\"twitter:data1\" content=\"Guilherme\" \/>\n\t<meta name=\"twitter:label2\" content=\"Est. tempo de leitura\" \/>\n\t<meta name=\"twitter:data2\" content=\"3 minutos\" \/>\n<script type=\"application\/ld+json\" class=\"yoast-schema-graph\">{\"@context\":\"https:\/\/schema.org\",\"@graph\":[{\"@type\":\"WebSite\",\"@id\":\"https:\/\/franciscanos.org.br\/conventosantoantonio\/#website\",\"url\":\"https:\/\/franciscanos.org.br\/conventosantoantonio\/\",\"name\":\"Convento Santo Ant\u00f4nio- Franciscanos\",\"description\":\"Prov\u00edncia Franciscana da Imaculada Concei\u00e7\u00e3o do Brasil - Ordem dos Frades Menores\",\"potentialAction\":[{\"@type\":\"SearchAction\",\"target\":{\"@type\":\"EntryPoint\",\"urlTemplate\":\"https:\/\/franciscanos.org.br\/conventosantoantonio\/?s={search_term_string}\"},\"query-input\":\"required name=search_term_string\"}],\"inLanguage\":\"pt-BR\"},{\"@type\":\"WebPage\",\"@id\":\"https:\/\/franciscanos.org.br\/conventosantoantonio\/9a-exposicao-de-presepios-celebra-alegria-e-esperanca\/\",\"url\":\"https:\/\/franciscanos.org.br\/conventosantoantonio\/9a-exposicao-de-presepios-celebra-alegria-e-esperanca\/\",\"name\":\"9\u00aa Exposi\u00e7\u00e3o de Pres\u00e9pios celebra alegria e esperan\u00e7a - Convento Santo Ant\u00f4nio- Franciscanos\",\"isPartOf\":{\"@id\":\"https:\/\/franciscanos.org.br\/conventosantoantonio\/#website\"},\"datePublished\":\"2025-12-10T12:16:18+00:00\",\"dateModified\":\"2025-12-10T12:17:51+00:00\",\"author\":{\"@id\":\"https:\/\/franciscanos.org.br\/conventosantoantonio\/#\/schema\/person\/f613ee76e37e7f2ca6e388c44b4994b1\"},\"breadcrumb\":{\"@id\":\"https:\/\/franciscanos.org.br\/conventosantoantonio\/9a-exposicao-de-presepios-celebra-alegria-e-esperanca\/#breadcrumb\"},\"inLanguage\":\"pt-BR\",\"potentialAction\":[{\"@type\":\"ReadAction\",\"target\":[\"https:\/\/franciscanos.org.br\/conventosantoantonio\/9a-exposicao-de-presepios-celebra-alegria-e-esperanca\/\"]}]},{\"@type\":\"BreadcrumbList\",\"@id\":\"https:\/\/franciscanos.org.br\/conventosantoantonio\/9a-exposicao-de-presepios-celebra-alegria-e-esperanca\/#breadcrumb\",\"itemListElement\":[{\"@type\":\"ListItem\",\"position\":1,\"name\":\"Home\",\"item\":\"https:\/\/franciscanos.org.br\/conventosantoantonio\/\"},{\"@type\":\"ListItem\",\"position\":2,\"name\":\"9\u00aa Exposi\u00e7\u00e3o de Pres\u00e9pios celebra alegria e esperan\u00e7a\"}]},{\"@type\":\"Person\",\"@id\":\"https:\/\/franciscanos.org.br\/conventosantoantonio\/#\/schema\/person\/f613ee76e37e7f2ca6e388c44b4994b1\",\"name\":\"Guilherme\",\"image\":{\"@type\":\"ImageObject\",\"inLanguage\":\"pt-BR\",\"@id\":\"https:\/\/franciscanos.org.br\/conventosantoantonio\/#\/schema\/person\/image\/\",\"url\":\"https:\/\/secure.gravatar.com\/avatar\/e480fee2377f81af36f6990ed742592a?s=96&d=mm&r=g\",\"contentUrl\":\"https:\/\/secure.gravatar.com\/avatar\/e480fee2377f81af36f6990ed742592a?s=96&d=mm&r=g\",\"caption\":\"Guilherme\"},\"url\":\"https:\/\/franciscanos.org.br\/conventosantoantonio\/author\/guilhermerocha\/\"}]}<\/script>\n<!-- \/ Yoast SEO plugin. -->","yoast_head_json":{"title":"9\u00aa Exposi\u00e7\u00e3o de Pres\u00e9pios celebra alegria e esperan\u00e7a - Convento Santo Ant\u00f4nio- Franciscanos","robots":{"index":"index","follow":"follow","max-snippet":"max-snippet:-1","max-image-preview":"max-image-preview:large","max-video-preview":"max-video-preview:-1"},"canonical":"https:\/\/franciscanos.org.br\/conventosantoantonio\/9a-exposicao-de-presepios-celebra-alegria-e-esperanca\/","og_locale":"pt_BR","og_type":"article","og_title":"9\u00aa Exposi\u00e7\u00e3o de Pres\u00e9pios celebra alegria e esperan\u00e7a - Convento Santo Ant\u00f4nio- Franciscanos","og_description":"A 9\u00ba Exposi\u00e7\u00e3o de Pres\u00e9pios do Convento Santo Ant\u00f4nio teve in\u00edcio na \u00faltima segunda-feira (8). Neste ano, em comunh\u00e3o com a Igreja, o tema \u00e9\u00a0Alegria e Esperan\u00e7a, valores expressos em 50 pres\u00e9pios in\u00e9ditos, origin\u00e1rios de diferentes pa\u00edses. Para o curador da exposi\u00e7\u00e3o, Frei R\u00f3ger Brunorio, \u201ca cena do nascimento, com Maria, Jos\u00e9, o Menino Jesus, [&hellip;]","og_url":"https:\/\/franciscanos.org.br\/conventosantoantonio\/9a-exposicao-de-presepios-celebra-alegria-e-esperanca\/","og_site_name":"Convento Santo Ant\u00f4nio- Franciscanos","article_published_time":"2025-12-10T12:16:18+00:00","article_modified_time":"2025-12-10T12:17:51+00:00","og_image":[{"width":1024,"height":576,"url":"https:\/\/franciscanos.org.br\/conventosantoantonio\/wp-content\/uploads\/2025\/12\/1280-x-720-px-1920-x-1080-px-1-1024x576.png","type":"image\/png"}],"author":"Guilherme","twitter_card":"summary_large_image","twitter_misc":{"Escrito por":"Guilherme","Est. tempo de leitura":"3 minutos"},"schema":{"@context":"https:\/\/schema.org","@graph":[{"@type":"WebSite","@id":"https:\/\/franciscanos.org.br\/conventosantoantonio\/#website","url":"https:\/\/franciscanos.org.br\/conventosantoantonio\/","name":"Convento Santo Ant\u00f4nio- Franciscanos","description":"Prov\u00edncia Franciscana da Imaculada Concei\u00e7\u00e3o do Brasil - Ordem dos Frades Menores","potentialAction":[{"@type":"SearchAction","target":{"@type":"EntryPoint","urlTemplate":"https:\/\/franciscanos.org.br\/conventosantoantonio\/?s={search_term_string}"},"query-input":"required name=search_term_string"}],"inLanguage":"pt-BR"},{"@type":"WebPage","@id":"https:\/\/franciscanos.org.br\/conventosantoantonio\/9a-exposicao-de-presepios-celebra-alegria-e-esperanca\/","url":"https:\/\/franciscanos.org.br\/conventosantoantonio\/9a-exposicao-de-presepios-celebra-alegria-e-esperanca\/","name":"9\u00aa Exposi\u00e7\u00e3o de Pres\u00e9pios celebra alegria e esperan\u00e7a - Convento Santo Ant\u00f4nio- Franciscanos","isPartOf":{"@id":"https:\/\/franciscanos.org.br\/conventosantoantonio\/#website"},"datePublished":"2025-12-10T12:16:18+00:00","dateModified":"2025-12-10T12:17:51+00:00","author":{"@id":"https:\/\/franciscanos.org.br\/conventosantoantonio\/#\/schema\/person\/f613ee76e37e7f2ca6e388c44b4994b1"},"breadcrumb":{"@id":"https:\/\/franciscanos.org.br\/conventosantoantonio\/9a-exposicao-de-presepios-celebra-alegria-e-esperanca\/#breadcrumb"},"inLanguage":"pt-BR","potentialAction":[{"@type":"ReadAction","target":["https:\/\/franciscanos.org.br\/conventosantoantonio\/9a-exposicao-de-presepios-celebra-alegria-e-esperanca\/"]}]},{"@type":"BreadcrumbList","@id":"https:\/\/franciscanos.org.br\/conventosantoantonio\/9a-exposicao-de-presepios-celebra-alegria-e-esperanca\/#breadcrumb","itemListElement":[{"@type":"ListItem","position":1,"name":"Home","item":"https:\/\/franciscanos.org.br\/conventosantoantonio\/"},{"@type":"ListItem","position":2,"name":"9\u00aa Exposi\u00e7\u00e3o de Pres\u00e9pios celebra alegria e esperan\u00e7a"}]},{"@type":"Person","@id":"https:\/\/franciscanos.org.br\/conventosantoantonio\/#\/schema\/person\/f613ee76e37e7f2ca6e388c44b4994b1","name":"Guilherme","image":{"@type":"ImageObject","inLanguage":"pt-BR","@id":"https:\/\/franciscanos.org.br\/conventosantoantonio\/#\/schema\/person\/image\/","url":"https:\/\/secure.gravatar.com\/avatar\/e480fee2377f81af36f6990ed742592a?s=96&d=mm&r=g","contentUrl":"https:\/\/secure.gravatar.com\/avatar\/e480fee2377f81af36f6990ed742592a?s=96&d=mm&r=g","caption":"Guilherme"},"url":"https:\/\/franciscanos.org.br\/conventosantoantonio\/author\/guilhermerocha\/"}]}},"_links":{"self":[{"href":"https:\/\/franciscanos.org.br\/conventosantoantonio\/wp-json\/wp\/v2\/posts\/190200"}],"collection":[{"href":"https:\/\/franciscanos.org.br\/conventosantoantonio\/wp-json\/wp\/v2\/posts"}],"about":[{"href":"https:\/\/franciscanos.org.br\/conventosantoantonio\/wp-json\/wp\/v2\/types\/post"}],"author":[{"embeddable":true,"href":"https:\/\/franciscanos.org.br\/conventosantoantonio\/wp-json\/wp\/v2\/users\/13"}],"replies":[{"embeddable":true,"href":"https:\/\/franciscanos.org.br\/conventosantoantonio\/wp-json\/wp\/v2\/comments?post=190200"}],"version-history":[{"count":2,"href":"https:\/\/franciscanos.org.br\/conventosantoantonio\/wp-json\/wp\/v2\/posts\/190200\/revisions"}],"predecessor-version":[{"id":190203,"href":"https:\/\/franciscanos.org.br\/conventosantoantonio\/wp-json\/wp\/v2\/posts\/190200\/revisions\/190203"}],"wp:featuredmedia":[{"embeddable":true,"href":"https:\/\/franciscanos.org.br\/conventosantoantonio\/wp-json\/wp\/v2\/media\/190201"}],"wp:attachment":[{"href":"https:\/\/franciscanos.org.br\/conventosantoantonio\/wp-json\/wp\/v2\/media?parent=190200"}],"wp:term":[{"taxonomy":"category","embeddable":true,"href":"https:\/\/franciscanos.org.br\/conventosantoantonio\/wp-json\/wp\/v2\/categories?post=190200"},{"taxonomy":"post_tag","embeddable":true,"href":"https:\/\/franciscanos.org.br\/conventosantoantonio\/wp-json\/wp\/v2\/tags?post=190200"}],"curies":[{"name":"wp","href":"https:\/\/api.w.org\/{rel}","templated":true}]}}