{"id":190163,"date":"2025-10-03T15:16:45","date_gmt":"2025-10-03T18:16:45","guid":{"rendered":"https:\/\/franciscanos.org.br\/conventosantoantonio\/?p=190163"},"modified":"2025-10-03T15:27:12","modified_gmt":"2025-10-03T18:27:12","slug":"convento-santo-antonio-recebe-coral-dos-canarinhos-de-petropolis","status":"publish","type":"post","link":"https:\/\/franciscanos.org.br\/conventosantoantonio\/convento-santo-antonio-recebe-coral-dos-canarinhos-de-petropolis\/","title":{"rendered":"Convento Santo Ant\u00f4nio recebe Coral dos Canarinhos de Petr\u00f3polis"},"content":{"rendered":"<p><em><img loading=\"lazy\" class=\"aligncenter wp-image-190164 size-full\" src=\"https:\/\/franciscanos.org.br\/conventosantoantonio\/wp-content\/uploads\/2025\/10\/MATERIA.jpg\" alt=\"\" width=\"1280\" height=\"720\" srcset=\"https:\/\/franciscanos.org.br\/conventosantoantonio\/wp-content\/uploads\/2025\/10\/MATERIA.jpg 1280w, https:\/\/franciscanos.org.br\/conventosantoantonio\/wp-content\/uploads\/2025\/10\/MATERIA-450x253.jpg 450w, https:\/\/franciscanos.org.br\/conventosantoantonio\/wp-content\/uploads\/2025\/10\/MATERIA-1024x576.jpg 1024w, https:\/\/franciscanos.org.br\/conventosantoantonio\/wp-content\/uploads\/2025\/10\/MATERIA-768x432.jpg 768w, https:\/\/franciscanos.org.br\/conventosantoantonio\/wp-content\/uploads\/2025\/10\/MATERIA-150x84.jpg 150w\" sizes=\"(max-width: 1280px) 100vw, 1280px\" \/><\/em><\/p>\n<p><em>Franciscanos acolhem o Coral na temporada <strong>M\u00fasica &amp; Arte no Convento<\/strong>, s\u00e9rie de concertos mensais que une m\u00fasica erudita e sagrado no centro do Rio de Janeiro.<\/em><\/p>\n<hr \/>\n<p>Ap\u00f3s dois concertos emocionantes em agosto e setembro, o Convento Santo Ant\u00f4nio abre novamente suas portas para receber o <strong>Coral dos Canarinhos de Petr\u00f3polis<\/strong>, no dia <strong>25 de outubro, \u00e0s 11h<\/strong>. O concerto integra a temporada 2025 do <strong>M\u00fasica &amp; Arte no Convento<\/strong>, s\u00e9rie de apresenta\u00e7\u00f5es cl\u00e1ssicas realizadas na igreja do convento, que celebra o talento brasileiro na m\u00fasica erudita com um convidado especial a cada m\u00eas.<\/p>\n<p>A dire\u00e7\u00e3o art\u00edstica do projeto est\u00e1 a cargo da <strong>Viajart<\/strong>, iniciativa fundada na \u00c1ustria pela \u00edtalo-brasileira <strong>Ana Daldon<\/strong>, em 2018, que conecta jovens talentos brasileiros da m\u00fasica cl\u00e1ssica a profissionais e academias internacionais por meio de interc\u00e2mbios culturais, bolsas de estudo e resid\u00eancias art\u00edsticas.<\/p>\n<p>\u201cNossa miss\u00e3o \u00e9 ampliar o acesso \u00e0 m\u00fasica de concerto e promover encontros entre jovens artistas brasileiros consolidados no cen\u00e1rio nacional e internacional. \u00c9 uma alegria imensa poder dar in\u00edcio a esta temporada\u201d, afirma Ana.<\/p>\n<p><img loading=\"lazy\" class=\"aligncenter wp-image-190167 size-full\" src=\"https:\/\/franciscanos.org.br\/conventosantoantonio\/wp-content\/uploads\/2025\/10\/MATERIA3.jpg\" alt=\"\" width=\"1280\" height=\"720\" srcset=\"https:\/\/franciscanos.org.br\/conventosantoantonio\/wp-content\/uploads\/2025\/10\/MATERIA3.jpg 1280w, https:\/\/franciscanos.org.br\/conventosantoantonio\/wp-content\/uploads\/2025\/10\/MATERIA3-450x253.jpg 450w, https:\/\/franciscanos.org.br\/conventosantoantonio\/wp-content\/uploads\/2025\/10\/MATERIA3-1024x576.jpg 1024w, https:\/\/franciscanos.org.br\/conventosantoantonio\/wp-content\/uploads\/2025\/10\/MATERIA3-768x432.jpg 768w, https:\/\/franciscanos.org.br\/conventosantoantonio\/wp-content\/uploads\/2025\/10\/MATERIA3-150x84.jpg 150w\" sizes=\"(max-width: 1280px) 100vw, 1280px\" \/><\/p>\n<p>Segundo o Vig\u00e1rio Provincial, <strong>Frei Gustavo Medella<\/strong>, o objetivo do projeto \u00e9 manter viva a tradi\u00e7\u00e3o centen\u00e1ria franciscana de oferecer \u00e0 comunidade carioca, e tamb\u00e9m aos in\u00fameros visitantes que diariamente v\u00eam conhecer a Cidade Maravilhosa, uma experi\u00eancia que une espiritualidade e cultura.<\/p>\n<p>\u201cA temporada \u00e9 um encontro feliz entre talento, excel\u00eancia art\u00edstica, profissionalismo, compromisso social, democratiza\u00e7\u00e3o da cultura e a constru\u00e7\u00e3o de la\u00e7os capazes de transformar as pessoas e o mundo\u201d, acredita o frade.<\/p>\n<p>Embora a entrada seja franca, os franciscanos pedem ao p\u00fablico, como gesto solid\u00e1rio, a doa\u00e7\u00e3o de um ou mais quilos de alimento n\u00e3o perec\u00edvel, destinados a projetos como a <strong>Casa Semente<\/strong>, no Jardim Gramacho, em Duque de Caxias (RJ).<\/p>\n<p><strong><img loading=\"lazy\" class=\"aligncenter wp-image-190168 size-full\" src=\"https:\/\/franciscanos.org.br\/conventosantoantonio\/wp-content\/uploads\/2025\/10\/MATERIA4.jpg\" alt=\"\" width=\"1280\" height=\"720\" srcset=\"https:\/\/franciscanos.org.br\/conventosantoantonio\/wp-content\/uploads\/2025\/10\/MATERIA4.jpg 1280w, https:\/\/franciscanos.org.br\/conventosantoantonio\/wp-content\/uploads\/2025\/10\/MATERIA4-450x253.jpg 450w, https:\/\/franciscanos.org.br\/conventosantoantonio\/wp-content\/uploads\/2025\/10\/MATERIA4-1024x576.jpg 1024w, https:\/\/franciscanos.org.br\/conventosantoantonio\/wp-content\/uploads\/2025\/10\/MATERIA4-768x432.jpg 768w, https:\/\/franciscanos.org.br\/conventosantoantonio\/wp-content\/uploads\/2025\/10\/MATERIA4-150x84.jpg 150w\" sizes=\"(max-width: 1280px) 100vw, 1280px\" \/><\/strong><\/p>\n<p><strong>Edi\u00e7\u00f5es anteriores<\/strong><\/p>\n<p>O concerto de abertura, em 23 de agosto, contou com a participa\u00e7\u00e3o de 18 m\u00fasicos brasileiros, muitos deles com carreiras consolidadas na Europa, no espet\u00e1culo <strong>\u201c\u00c1ustria \u2013 Brasil 200 anos\u201d<\/strong>, uma homenagem \u00e0s rela\u00e7\u00f5es musicais entre os dois pa\u00edses. Obras de autores como Bach, Brahms, Dowland, Neukomm e Mozart encantaram as 152 pessoas presentes.<\/p>\n<p>No dia 20 de setembro, o convidado especial foi a premiada <strong>Orquestra Mar\u00e9 do Amanh\u00e3<\/strong>, declarada Patrim\u00f4nio Cultural Imaterial do Rio de Janeiro em 2023. No programa, uma variedade de composi\u00e7\u00f5es brasileiras e internacionais foi executada com excel\u00eancia pelos 35 m\u00fasicos que se apresentaram aos p\u00e9s da imagem de Santo Ant\u00f4nio diante de 174 apreciadores de boa m\u00fasica.<\/p>\n<p>\u201cPara n\u00f3s, \u00e9 uma emo\u00e7\u00e3o imensa tocar no Convento Santo Ant\u00f4nio. Estar neste espa\u00e7o t\u00e3o carregado de hist\u00f3ria e espiritualidade refor\u00e7a o sentido maior da Orquestra Mar\u00e9 do Amanh\u00e3: mostrar que a m\u00fasica \u00e9 ponte, que aproxima mundos aparentemente distantes\u201d, afirmou <strong>Carlos Eduardo Prazeres<\/strong>, fundador e diretor da OMA.<\/p>\n<p><strong><img loading=\"lazy\" class=\"aligncenter wp-image-190169 size-full\" src=\"https:\/\/franciscanos.org.br\/conventosantoantonio\/wp-content\/uploads\/2025\/10\/materia5.jpg\" alt=\"\" width=\"1280\" height=\"720\" srcset=\"https:\/\/franciscanos.org.br\/conventosantoantonio\/wp-content\/uploads\/2025\/10\/materia5.jpg 1280w, https:\/\/franciscanos.org.br\/conventosantoantonio\/wp-content\/uploads\/2025\/10\/materia5-450x253.jpg 450w, https:\/\/franciscanos.org.br\/conventosantoantonio\/wp-content\/uploads\/2025\/10\/materia5-1024x576.jpg 1024w, https:\/\/franciscanos.org.br\/conventosantoantonio\/wp-content\/uploads\/2025\/10\/materia5-768x432.jpg 768w, https:\/\/franciscanos.org.br\/conventosantoantonio\/wp-content\/uploads\/2025\/10\/materia5-150x84.jpg 150w\" sizes=\"(max-width: 1280px) 100vw, 1280px\" \/><\/strong><\/p>\n<p><strong>O convidado<\/strong><\/p>\n<p>Fundado em 1942 pelo <strong>Frei Leto Bienias<\/strong>, o <strong>Coral dos Canarinhos de Petr\u00f3polis<\/strong>, pertencente \u00e0 Prov\u00edncia Franciscana da Imaculada Concei\u00e7\u00e3o do Brasil, \u00e9 o coro de meninos mais antigo do pa\u00eds e um dos mais respeitados da m\u00fasica sacra nacional. Em mais de oito d\u00e9cadas de trajet\u00f3ria, cerca de tr\u00eas mil vozes j\u00e1 passaram pelo grupo, que acumula milhares de apresenta\u00e7\u00f5es no Brasil e no exterior, al\u00e9m de uma discografia com 18 \u00e1lbuns.<\/p>\n<p>O coro j\u00e1 se apresentou tr\u00eas vezes para o Papa Jo\u00e3o Paulo II, cantou ao lado de importantes orquestras \u2013 como a Petrobras Sinf\u00f4nica e a Filarm\u00f4nica de Petr\u00f3polis \u2013 e interpretou obras-primas da m\u00fasica erudita, entre elas <em>O Messias<\/em>, de H\u00e4ndel; <em>A Paix\u00e3o Segundo S\u00e3o Jo\u00e3o<\/em>, de Bach; a <em>Nona Sinfonia<\/em>, de Beethoven; e o <em>R\u00e9quiem<\/em>, de Mozart. Em 2024, al\u00e9m de preparar a turn\u00ea alem\u00e3, o grupo abriu a Primeira Feira Liter\u00e1ria de Petr\u00f3polis e apresentou o <em>R\u00e9quiem<\/em> de Mozart em Petr\u00f3polis e no Rio de Janeiro com a Orquestra Sinf\u00f4nica da UFRJ.<\/p>\n<p>Sua discografia inclui o premiado <em>Reflexos do Brasil<\/em>, dedicado \u00e0 m\u00fasica sacra brasileira contempor\u00e2nea, e \u00e1lbuns lan\u00e7ados tamb\u00e9m na Alemanha, como <em>Christus est Natus<\/em> e <em>\u00d3 Vinde ver j\u00e1 nasceu<\/em>, patrocinados pela <strong>Missionszentrale der Franziskaner<\/strong>. Mesmo durante a pandemia, o Coral manteve-se ativo em formato online, com concertos roteirizados que somaram mais de 70 mil visualiza\u00e7\u00f5es e renderam convites para festivais nacionais e internacionais.<\/p>\n<p>Sob a dire\u00e7\u00e3o art\u00edstica e reg\u00eancia do <strong>Maestro Marco Aur\u00e9lio Lischt<\/strong>, que est\u00e1 \u00e0 frente do grupo desde 1998, e com a presid\u00eancia do <strong>Frei Marcos Ant\u00f4nio de Andrade<\/strong>, o Coral dos Canarinhos de Petr\u00f3polis segue renovando sua miss\u00e3o de difundir a m\u00fasica erudita e a tradi\u00e7\u00e3o coral brasileira, conquistando novos p\u00fablicos e levando a voz petropolitana para o mundo.<\/p>\n<p><strong>Programa \u2013 25\/10<\/strong><\/p>\n<ul>\n<li><em>Ave Maria<\/em> \u2013 Tomaso Luigi da Vittoria<\/li>\n<li><em>Lutum fecit<\/em> \u2013 Marco Aur\u00e9lio Lischt<\/li>\n<li><em>Ave Verum Corpus<\/em> \u2013 W. A. Mozart<\/li>\n<li><em>Psalmus Brevis<\/em> \u2013 Jo\u00e3o Guilherme Ripper<\/li>\n<li><em>Trem de Ferro<\/em> \u2013 Raul Penna Firme Jr. \/ Manuel Bandeira<\/li>\n<li><em>Cora\u00e7\u00e3o de uma Viola<\/em> \u2013 Aylton Escobar Sabi\u00e1<\/li>\n<li><em>\u00c1gua de Mani<\/em> \u2013 Lidu\u00edno Pitombeira<\/li>\n<li><em>Rio Amazonas<\/em> \u2013 Dorival Caymmi \/ Paulo C\u00e9sar Pinheiro<\/li>\n<li><em>\u00c9 doce morrer no mar<\/em> \u2013 Dorival Caymmi \/ arr. Marco A. Lischt<\/li>\n<li><em>Cussaruim em Dois Tempos<\/em> \u2013 Vieira Brand\u00e3o \/ Manuel Bandeira<\/li>\n<li><em>Mui\u00e9 Rendera<\/em> \u2013 Folclore \/ arr. Carlos A. Pinto Fonseca<\/li>\n<li><em>Filho Correnteza<\/em> \u2013 Tom Jobim \/ arr. Paulo Afonso<\/li>\n<li><em>Garota de Ipanema<\/em> \u2013 Tom Jobim \/ arr. Nabor Nunes<\/li>\n<li><em>Ponta de Areia<\/em> \u2013 Milton Nascimento \/ arr. Pablo Trindade<\/li>\n<li><em>Andan\u00e7as<\/em> \u2013 P. Tapaj\u00f3s, E. Souto, D. Caymmi \/ arr. A. C. Gast\u00e3o<\/li>\n<\/ul>\n<p><strong>Programa\u00e7\u00e3o<\/strong><\/p>\n<p><strong>Datas:<\/strong> 25\/10 | 22\/11 | 13\/12<\/p>\n<p><strong>Ingresso:<\/strong><\/p>\n<p>Cadastre-se no site <a href=\"http:\/\/musicanoconvento.com\">musicanoconvento.com<\/a> para mais informa\u00e7\u00f5es sobre a programa\u00e7\u00e3o. Para tickets, acesse a plataforma <a href=\"https:\/\/www.sympla.com.br\/evento\/musica-arte-no-convento-coral-canarinhos-de-petropolis\/3137233?_gl=1*1rkgh0h*_gcl_au*NzAzMDIyMjc2LjE3NTgyMDQ4NDQ.*_ga*MTg3NzY5NjAxNi4xNzU4MjA0ODQ2*_ga_KXH10SQTZF*czE3NTg2NDkyMjYkbzUkZzEkdDE3NTg2NTAwMDkkajU1JGwwJGgxMjg1OTU5MjQ2&amp;share_id=copiarlink&amp;referrer=musicanoconvento.com&amp;referrer=musicanoconvento.com\">Sympla<\/a>.<\/p>\n<p><strong>Entrada Solid\u00e1ria:<\/strong> 1 kg de alimento n\u00e3o perec\u00edvel.<\/p>\n<p><strong>Ingressos limitados:<\/strong> entrada apenas mediante apresenta\u00e7\u00e3o do ticket.<\/p>\n<p><strong>Sobre o Convento Santo Ant\u00f4nio<\/strong><\/p>\n<p>Com 417 anos de hist\u00f3ria, o Convento Santo Ant\u00f4nio \u00e9 uma institui\u00e7\u00e3o da Igreja Cat\u00f3lica e moradia dos Frades Franciscanos. Sem fins lucrativos, tem como miss\u00e3o anunciar o Evangelho, promover a paz e o bem, viver a espiritualidade franciscana, incentivar a solidariedade e difundir a cultura no cora\u00e7\u00e3o da cidade do Rio de Janeiro (RJ), no Largo da Carioca, s\/n.<\/p>\n<p><strong>Sobre a Viajart<\/strong><\/p>\n<p>Fundada na \u00c1ustria, em 2018, a <strong>Viajart<\/strong> conecta talentos brasileiros da m\u00fasica cl\u00e1ssica a institui\u00e7\u00f5es de excel\u00eancia por meio de bolsas de estudo, interc\u00e2mbios culturais e resid\u00eancias art\u00edsticas. Ao mesmo tempo, promove o repert\u00f3rio erudito brasileiro no cen\u00e1rio internacional e democratiza o acesso \u00e0 m\u00fasica de concerto no Brasil.<\/p>\n<p>Com representa\u00e7\u00f5es na \u00c1ustria, Brasil e Alemanha, a Viajart conta com uma rede de parceiros \u2013 entre m\u00fasicos, institui\u00e7\u00f5es e apoiadores \u2013 em diversos pa\u00edses ao redor do mundo.<\/p>\n<hr \/>\n<p><strong>Texto e contato: Rodrigo Alexandre<\/strong><\/p>\n<p>Whatsapp: +55 11 99979-2414<\/p>\n<p><a href=\"mailto:viajart@acdaldon.com\"><strong>viajart@acdaldon.com<\/strong><\/a><\/p>\n","protected":false},"excerpt":{"rendered":"<p>M\u00fasica &#038; Arte no Convento<\/p>\n","protected":false},"author":12,"featured_media":190166,"comment_status":"open","ping_status":"open","sticky":false,"template":"","format":"standard","meta":[],"categories":[105],"tags":[357,399],"yoast_head":"<!-- This site is optimized with the Yoast SEO plugin v19.4 - https:\/\/yoast.com\/wordpress\/plugins\/seo\/ -->\n<title>Convento Santo Ant\u00f4nio recebe Coral dos Canarinhos de Petr\u00f3polis - Convento Santo Ant\u00f4nio- Franciscanos<\/title>\n<meta name=\"robots\" content=\"index, follow, max-snippet:-1, max-image-preview:large, max-video-preview:-1\" \/>\n<link rel=\"canonical\" href=\"https:\/\/franciscanos.org.br\/conventosantoantonio\/convento-santo-antonio-recebe-coral-dos-canarinhos-de-petropolis\/\" \/>\n<meta property=\"og:locale\" content=\"pt_BR\" \/>\n<meta property=\"og:type\" content=\"article\" \/>\n<meta property=\"og:title\" content=\"Convento Santo Ant\u00f4nio recebe Coral dos Canarinhos de Petr\u00f3polis - Convento Santo Ant\u00f4nio- Franciscanos\" \/>\n<meta property=\"og:description\" content=\"M\u00fasica &amp; Arte no Convento\" \/>\n<meta property=\"og:url\" content=\"https:\/\/franciscanos.org.br\/conventosantoantonio\/convento-santo-antonio-recebe-coral-dos-canarinhos-de-petropolis\/\" \/>\n<meta property=\"og:site_name\" content=\"Convento Santo Ant\u00f4nio- Franciscanos\" \/>\n<meta property=\"article:published_time\" content=\"2025-10-03T18:16:45+00:00\" \/>\n<meta property=\"article:modified_time\" content=\"2025-10-03T18:27:12+00:00\" \/>\n<meta property=\"og:image\" content=\"https:\/\/franciscanos.org.br\/conventosantoantonio\/wp-content\/uploads\/2025\/10\/chamada.jpg\" \/>\n\t<meta property=\"og:image:width\" content=\"800\" \/>\n\t<meta property=\"og:image:height\" content=\"550\" \/>\n\t<meta property=\"og:image:type\" content=\"image\/jpeg\" \/>\n<meta name=\"author\" content=\"Adriana Rabelo\" \/>\n<meta name=\"twitter:card\" content=\"summary_large_image\" \/>\n<meta name=\"twitter:label1\" content=\"Escrito por\" \/>\n\t<meta name=\"twitter:data1\" content=\"Adriana Rabelo\" \/>\n\t<meta name=\"twitter:label2\" content=\"Est. tempo de leitura\" \/>\n\t<meta name=\"twitter:data2\" content=\"7 minutos\" \/>\n<script type=\"application\/ld+json\" class=\"yoast-schema-graph\">{\"@context\":\"https:\/\/schema.org\",\"@graph\":[{\"@type\":\"WebSite\",\"@id\":\"https:\/\/franciscanos.org.br\/conventosantoantonio\/#website\",\"url\":\"https:\/\/franciscanos.org.br\/conventosantoantonio\/\",\"name\":\"Convento Santo Ant\u00f4nio- Franciscanos\",\"description\":\"Prov\u00edncia Franciscana da Imaculada Concei\u00e7\u00e3o do Brasil - Ordem dos Frades Menores\",\"potentialAction\":[{\"@type\":\"SearchAction\",\"target\":{\"@type\":\"EntryPoint\",\"urlTemplate\":\"https:\/\/franciscanos.org.br\/conventosantoantonio\/?s={search_term_string}\"},\"query-input\":\"required name=search_term_string\"}],\"inLanguage\":\"pt-BR\"},{\"@type\":\"WebPage\",\"@id\":\"https:\/\/franciscanos.org.br\/conventosantoantonio\/convento-santo-antonio-recebe-coral-dos-canarinhos-de-petropolis\/\",\"url\":\"https:\/\/franciscanos.org.br\/conventosantoantonio\/convento-santo-antonio-recebe-coral-dos-canarinhos-de-petropolis\/\",\"name\":\"Convento Santo Ant\u00f4nio recebe Coral dos Canarinhos de Petr\u00f3polis - Convento Santo Ant\u00f4nio- Franciscanos\",\"isPartOf\":{\"@id\":\"https:\/\/franciscanos.org.br\/conventosantoantonio\/#website\"},\"datePublished\":\"2025-10-03T18:16:45+00:00\",\"dateModified\":\"2025-10-03T18:27:12+00:00\",\"author\":{\"@id\":\"https:\/\/franciscanos.org.br\/conventosantoantonio\/#\/schema\/person\/9a980420618be29f098b094e6e8289e1\"},\"breadcrumb\":{\"@id\":\"https:\/\/franciscanos.org.br\/conventosantoantonio\/convento-santo-antonio-recebe-coral-dos-canarinhos-de-petropolis\/#breadcrumb\"},\"inLanguage\":\"pt-BR\",\"potentialAction\":[{\"@type\":\"ReadAction\",\"target\":[\"https:\/\/franciscanos.org.br\/conventosantoantonio\/convento-santo-antonio-recebe-coral-dos-canarinhos-de-petropolis\/\"]}]},{\"@type\":\"BreadcrumbList\",\"@id\":\"https:\/\/franciscanos.org.br\/conventosantoantonio\/convento-santo-antonio-recebe-coral-dos-canarinhos-de-petropolis\/#breadcrumb\",\"itemListElement\":[{\"@type\":\"ListItem\",\"position\":1,\"name\":\"Home\",\"item\":\"https:\/\/franciscanos.org.br\/conventosantoantonio\/\"},{\"@type\":\"ListItem\",\"position\":2,\"name\":\"Convento Santo Ant\u00f4nio recebe Coral dos Canarinhos de Petr\u00f3polis\"}]},{\"@type\":\"Person\",\"@id\":\"https:\/\/franciscanos.org.br\/conventosantoantonio\/#\/schema\/person\/9a980420618be29f098b094e6e8289e1\",\"name\":\"Adriana Rabelo\",\"image\":{\"@type\":\"ImageObject\",\"inLanguage\":\"pt-BR\",\"@id\":\"https:\/\/franciscanos.org.br\/conventosantoantonio\/#\/schema\/person\/image\/\",\"url\":\"https:\/\/secure.gravatar.com\/avatar\/0a937b7500cd7df77540cfb8bede877d?s=96&d=mm&r=g\",\"contentUrl\":\"https:\/\/secure.gravatar.com\/avatar\/0a937b7500cd7df77540cfb8bede877d?s=96&d=mm&r=g\",\"caption\":\"Adriana Rabelo\"},\"url\":\"https:\/\/franciscanos.org.br\/conventosantoantonio\/author\/adrianarabelo\/\"}]}<\/script>\n<!-- \/ Yoast SEO plugin. -->","yoast_head_json":{"title":"Convento Santo Ant\u00f4nio recebe Coral dos Canarinhos de Petr\u00f3polis - Convento Santo Ant\u00f4nio- Franciscanos","robots":{"index":"index","follow":"follow","max-snippet":"max-snippet:-1","max-image-preview":"max-image-preview:large","max-video-preview":"max-video-preview:-1"},"canonical":"https:\/\/franciscanos.org.br\/conventosantoantonio\/convento-santo-antonio-recebe-coral-dos-canarinhos-de-petropolis\/","og_locale":"pt_BR","og_type":"article","og_title":"Convento Santo Ant\u00f4nio recebe Coral dos Canarinhos de Petr\u00f3polis - Convento Santo Ant\u00f4nio- Franciscanos","og_description":"M\u00fasica & Arte no Convento","og_url":"https:\/\/franciscanos.org.br\/conventosantoantonio\/convento-santo-antonio-recebe-coral-dos-canarinhos-de-petropolis\/","og_site_name":"Convento Santo Ant\u00f4nio- Franciscanos","article_published_time":"2025-10-03T18:16:45+00:00","article_modified_time":"2025-10-03T18:27:12+00:00","og_image":[{"width":800,"height":550,"url":"https:\/\/franciscanos.org.br\/conventosantoantonio\/wp-content\/uploads\/2025\/10\/chamada.jpg","type":"image\/jpeg"}],"author":"Adriana Rabelo","twitter_card":"summary_large_image","twitter_misc":{"Escrito por":"Adriana Rabelo","Est. tempo de leitura":"7 minutos"},"schema":{"@context":"https:\/\/schema.org","@graph":[{"@type":"WebSite","@id":"https:\/\/franciscanos.org.br\/conventosantoantonio\/#website","url":"https:\/\/franciscanos.org.br\/conventosantoantonio\/","name":"Convento Santo Ant\u00f4nio- Franciscanos","description":"Prov\u00edncia Franciscana da Imaculada Concei\u00e7\u00e3o do Brasil - Ordem dos Frades Menores","potentialAction":[{"@type":"SearchAction","target":{"@type":"EntryPoint","urlTemplate":"https:\/\/franciscanos.org.br\/conventosantoantonio\/?s={search_term_string}"},"query-input":"required name=search_term_string"}],"inLanguage":"pt-BR"},{"@type":"WebPage","@id":"https:\/\/franciscanos.org.br\/conventosantoantonio\/convento-santo-antonio-recebe-coral-dos-canarinhos-de-petropolis\/","url":"https:\/\/franciscanos.org.br\/conventosantoantonio\/convento-santo-antonio-recebe-coral-dos-canarinhos-de-petropolis\/","name":"Convento Santo Ant\u00f4nio recebe Coral dos Canarinhos de Petr\u00f3polis - Convento Santo Ant\u00f4nio- Franciscanos","isPartOf":{"@id":"https:\/\/franciscanos.org.br\/conventosantoantonio\/#website"},"datePublished":"2025-10-03T18:16:45+00:00","dateModified":"2025-10-03T18:27:12+00:00","author":{"@id":"https:\/\/franciscanos.org.br\/conventosantoantonio\/#\/schema\/person\/9a980420618be29f098b094e6e8289e1"},"breadcrumb":{"@id":"https:\/\/franciscanos.org.br\/conventosantoantonio\/convento-santo-antonio-recebe-coral-dos-canarinhos-de-petropolis\/#breadcrumb"},"inLanguage":"pt-BR","potentialAction":[{"@type":"ReadAction","target":["https:\/\/franciscanos.org.br\/conventosantoantonio\/convento-santo-antonio-recebe-coral-dos-canarinhos-de-petropolis\/"]}]},{"@type":"BreadcrumbList","@id":"https:\/\/franciscanos.org.br\/conventosantoantonio\/convento-santo-antonio-recebe-coral-dos-canarinhos-de-petropolis\/#breadcrumb","itemListElement":[{"@type":"ListItem","position":1,"name":"Home","item":"https:\/\/franciscanos.org.br\/conventosantoantonio\/"},{"@type":"ListItem","position":2,"name":"Convento Santo Ant\u00f4nio recebe Coral dos Canarinhos de Petr\u00f3polis"}]},{"@type":"Person","@id":"https:\/\/franciscanos.org.br\/conventosantoantonio\/#\/schema\/person\/9a980420618be29f098b094e6e8289e1","name":"Adriana Rabelo","image":{"@type":"ImageObject","inLanguage":"pt-BR","@id":"https:\/\/franciscanos.org.br\/conventosantoantonio\/#\/schema\/person\/image\/","url":"https:\/\/secure.gravatar.com\/avatar\/0a937b7500cd7df77540cfb8bede877d?s=96&d=mm&r=g","contentUrl":"https:\/\/secure.gravatar.com\/avatar\/0a937b7500cd7df77540cfb8bede877d?s=96&d=mm&r=g","caption":"Adriana Rabelo"},"url":"https:\/\/franciscanos.org.br\/conventosantoantonio\/author\/adrianarabelo\/"}]}},"_links":{"self":[{"href":"https:\/\/franciscanos.org.br\/conventosantoantonio\/wp-json\/wp\/v2\/posts\/190163"}],"collection":[{"href":"https:\/\/franciscanos.org.br\/conventosantoantonio\/wp-json\/wp\/v2\/posts"}],"about":[{"href":"https:\/\/franciscanos.org.br\/conventosantoantonio\/wp-json\/wp\/v2\/types\/post"}],"author":[{"embeddable":true,"href":"https:\/\/franciscanos.org.br\/conventosantoantonio\/wp-json\/wp\/v2\/users\/12"}],"replies":[{"embeddable":true,"href":"https:\/\/franciscanos.org.br\/conventosantoantonio\/wp-json\/wp\/v2\/comments?post=190163"}],"version-history":[{"count":5,"href":"https:\/\/franciscanos.org.br\/conventosantoantonio\/wp-json\/wp\/v2\/posts\/190163\/revisions"}],"predecessor-version":[{"id":190176,"href":"https:\/\/franciscanos.org.br\/conventosantoantonio\/wp-json\/wp\/v2\/posts\/190163\/revisions\/190176"}],"wp:featuredmedia":[{"embeddable":true,"href":"https:\/\/franciscanos.org.br\/conventosantoantonio\/wp-json\/wp\/v2\/media\/190166"}],"wp:attachment":[{"href":"https:\/\/franciscanos.org.br\/conventosantoantonio\/wp-json\/wp\/v2\/media?parent=190163"}],"wp:term":[{"taxonomy":"category","embeddable":true,"href":"https:\/\/franciscanos.org.br\/conventosantoantonio\/wp-json\/wp\/v2\/categories?post=190163"},{"taxonomy":"post_tag","embeddable":true,"href":"https:\/\/franciscanos.org.br\/conventosantoantonio\/wp-json\/wp\/v2\/tags?post=190163"}],"curies":[{"name":"wp","href":"https:\/\/api.w.org\/{rel}","templated":true}]}}