{"id":190149,"date":"2025-09-30T10:14:28","date_gmt":"2025-09-30T13:14:28","guid":{"rendered":"https:\/\/franciscanos.org.br\/conventosantoantonio\/?p=190149"},"modified":"2025-09-30T10:14:28","modified_gmt":"2025-09-30T13:14:28","slug":"frei-guido-scottini-celebra-90-anos-de-vida","status":"publish","type":"post","link":"https:\/\/franciscanos.org.br\/conventosantoantonio\/frei-guido-scottini-celebra-90-anos-de-vida\/","title":{"rendered":"Frei Guido Scottini celebra 90 anos de vida"},"content":{"rendered":"<p data-start=\"139\" data-end=\"643\"><img loading=\"lazy\" class=\"aligncenter wp-image-190150 size-full\" src=\"https:\/\/franciscanos.org.br\/conventosantoantonio\/wp-content\/uploads\/2025\/09\/MATERIA-1-1.jpg\" alt=\"\" width=\"1280\" height=\"720\" srcset=\"https:\/\/franciscanos.org.br\/conventosantoantonio\/wp-content\/uploads\/2025\/09\/MATERIA-1-1.jpg 1280w, https:\/\/franciscanos.org.br\/conventosantoantonio\/wp-content\/uploads\/2025\/09\/MATERIA-1-1-450x253.jpg 450w, https:\/\/franciscanos.org.br\/conventosantoantonio\/wp-content\/uploads\/2025\/09\/MATERIA-1-1-1024x576.jpg 1024w, https:\/\/franciscanos.org.br\/conventosantoantonio\/wp-content\/uploads\/2025\/09\/MATERIA-1-1-768x432.jpg 768w, https:\/\/franciscanos.org.br\/conventosantoantonio\/wp-content\/uploads\/2025\/09\/MATERIA-1-1-150x84.jpg 150w\" sizes=\"(max-width: 1280px) 100vw, 1280px\" \/><\/p>\n<p data-start=\"139\" data-end=\"643\">Al\u00e9m da celebra\u00e7\u00e3o lit\u00fargica dos Santos Arcanjos Gabriel, Miguel e Rafael, a Fraternidade do Convento Santo Ant\u00f4nio, do Largo da Carioca, no Rio de Janeiro, teve a alegria de celebrar nesta segunda-feira, 29 de setembro, os <strong>90 anos de vida de Frei Guido Scottini<\/strong> que, desde 2010, integra a Fraternidade do Convento. O aniversariante foi tamb\u00e9m o presidente da missa das 10h, que contou com a presen\u00e7a de amigos e ex-paroquianos de Frei Guido, vindos especialmente das cidades de Nil\u00f3polis e Niter\u00f3i. Dia de igreja cheia.<\/p>\n<p data-start=\"645\" data-end=\"1199\">O clima da celebra\u00e7\u00e3o foi de alegria e gratid\u00e3o. Na homilia, Frei Gustavo Wayand Medella, Vig\u00e1rio Provincial e membro da Fraternidade do Convento, destacou a for\u00e7a, a fidelidade e a perseveran\u00e7a do homenageado, principalmente na supera\u00e7\u00e3o dos diversos problemas de sa\u00fade que enfrenta h\u00e1 anos: \u201cEste cuidado integral [de Deus] conduziu os seus passos dia ap\u00f3s dia, conferindo-lhe a gra\u00e7a de chegar aos 90 anos, l\u00facido, ativo, mesmo atravessando diversos epis\u00f3dios de graves enfermidades. Nada disso lhe tirou a vontade de viver\u201d, ressaltou Frei Gustavo.<\/p>\n\n\t\t<style type=\"text\/css\">\n\t\t\t#gallery-1 {\n\t\t\t\tmargin: auto;\n\t\t\t}\n\t\t\t#gallery-1 .gallery-item {\n\t\t\t\tfloat: left;\n\t\t\t\tmargin-top: 10px;\n\t\t\t\ttext-align: center;\n\t\t\t\twidth: 33%;\n\t\t\t}\n\t\t\t#gallery-1 img {\n\t\t\t\tborder: 2px solid #cfcfcf;\n\t\t\t}\n\t\t\t#gallery-1 .gallery-caption {\n\t\t\t\tmargin-left: 0;\n\t\t\t}\n\t\t\t\/* see gallery_shortcode() in wp-includes\/media.php *\/\n\t\t<\/style>\n\t\t<div id='gallery-1' class='gallery galleryid-190149 gallery-columns-3 gallery-size-thumbnail'><dl class='gallery-item'>\n\t\t\t<dt class='gallery-icon portrait'>\n\t\t\t\t<a href='https:\/\/franciscanos.org.br\/conventosantoantonio\/wp-content\/uploads\/2025\/09\/IMG-20250930-WA0030.jpg'><img width=\"300\" height=\"300\" src=\"https:\/\/franciscanos.org.br\/conventosantoantonio\/wp-content\/uploads\/2025\/09\/IMG-20250930-WA0030-300x300.jpg\" class=\"attachment-thumbnail size-thumbnail\" alt=\"\" loading=\"lazy\" srcset=\"https:\/\/franciscanos.org.br\/conventosantoantonio\/wp-content\/uploads\/2025\/09\/IMG-20250930-WA0030-300x300.jpg 300w, https:\/\/franciscanos.org.br\/conventosantoantonio\/wp-content\/uploads\/2025\/09\/IMG-20250930-WA0030-400x400.jpg 400w\" sizes=\"(max-width: 300px) 100vw, 300px\" \/><\/a>\n\t\t\t<\/dt><\/dl><dl class='gallery-item'>\n\t\t\t<dt class='gallery-icon portrait'>\n\t\t\t\t<a href='https:\/\/franciscanos.org.br\/conventosantoantonio\/wp-content\/uploads\/2025\/09\/IMG-20250930-WA0033.jpg'><img width=\"300\" height=\"300\" src=\"https:\/\/franciscanos.org.br\/conventosantoantonio\/wp-content\/uploads\/2025\/09\/IMG-20250930-WA0033-300x300.jpg\" class=\"attachment-thumbnail size-thumbnail\" alt=\"\" loading=\"lazy\" srcset=\"https:\/\/franciscanos.org.br\/conventosantoantonio\/wp-content\/uploads\/2025\/09\/IMG-20250930-WA0033-300x300.jpg 300w, https:\/\/franciscanos.org.br\/conventosantoantonio\/wp-content\/uploads\/2025\/09\/IMG-20250930-WA0033-400x400.jpg 400w\" sizes=\"(max-width: 300px) 100vw, 300px\" \/><\/a>\n\t\t\t<\/dt><\/dl><dl class='gallery-item'>\n\t\t\t<dt class='gallery-icon portrait'>\n\t\t\t\t<a href='https:\/\/franciscanos.org.br\/conventosantoantonio\/wp-content\/uploads\/2025\/09\/IMG-20250930-WA0032.jpg'><img width=\"300\" height=\"300\" src=\"https:\/\/franciscanos.org.br\/conventosantoantonio\/wp-content\/uploads\/2025\/09\/IMG-20250930-WA0032-300x300.jpg\" class=\"attachment-thumbnail size-thumbnail\" alt=\"\" loading=\"lazy\" srcset=\"https:\/\/franciscanos.org.br\/conventosantoantonio\/wp-content\/uploads\/2025\/09\/IMG-20250930-WA0032-300x300.jpg 300w, https:\/\/franciscanos.org.br\/conventosantoantonio\/wp-content\/uploads\/2025\/09\/IMG-20250930-WA0032-400x400.jpg 400w\" sizes=\"(max-width: 300px) 100vw, 300px\" \/><\/a>\n\t\t\t<\/dt><\/dl><br style=\"clear: both\" \/>\n\t\t<\/div>\n\n<p data-start=\"645\" data-end=\"1199\">O pregador destacou ainda o quanto Frei Guido soube tamb\u00e9m ser express\u00e3o do cuidado de Deus para as pessoas a quem serviu em seu minist\u00e9rio: \u201cAo se sentir cuidado e amparado em suas dores, o senhor aprendeu tamb\u00e9m a ser amparo e aux\u00edlio \u00e0s pessoas que Deus lhe confiou em seu minist\u00e9rio. Serviu aos confrades como guardi\u00e3o, foi p\u00e1roco, assistente de Equipes de Nossa Senhora, palestrante no Cursilho, participante e fundador de grupo escoteiro e, em todas as atividades, entregou-se com dedica\u00e7\u00e3o. Foi amigo, ouvinte, conselheiro de muitos. Ajudou in\u00fameras fam\u00edlias a superar dificuldades, a vencer desafios, a reencontrar o caminho da Paz\u201d, recordou o pregador.<\/p>\n<p data-start=\"1867\" data-end=\"2485\"><img loading=\"lazy\" class=\"aligncenter wp-image-190157 size-full\" src=\"https:\/\/franciscanos.org.br\/conventosantoantonio\/wp-content\/uploads\/2025\/09\/MATERIA4-1.jpg\" alt=\"\" width=\"1280\" height=\"720\" srcset=\"https:\/\/franciscanos.org.br\/conventosantoantonio\/wp-content\/uploads\/2025\/09\/MATERIA4-1.jpg 1280w, https:\/\/franciscanos.org.br\/conventosantoantonio\/wp-content\/uploads\/2025\/09\/MATERIA4-1-450x253.jpg 450w, https:\/\/franciscanos.org.br\/conventosantoantonio\/wp-content\/uploads\/2025\/09\/MATERIA4-1-1024x576.jpg 1024w, https:\/\/franciscanos.org.br\/conventosantoantonio\/wp-content\/uploads\/2025\/09\/MATERIA4-1-768x432.jpg 768w, https:\/\/franciscanos.org.br\/conventosantoantonio\/wp-content\/uploads\/2025\/09\/MATERIA4-1-150x84.jpg 150w\" sizes=\"(max-width: 1280px) 100vw, 1280px\" \/><\/p>\n<p data-start=\"1867\" data-end=\"2485\">Ap\u00f3s a missa, Frei Guido recebeu os cumprimentos e os presentes no Sal\u00e3o da Confiss\u00f5es, onde houve tamb\u00e9m uma breve confraterniza\u00e7\u00e3o, com salgadinhos, refrigerantes, doces e bolo. Frei Guido Scottini nasceu no munic\u00edpio de Rodeio, SC, em 29 de setembro de 1935. Foi o \u00faltimo de uma fam\u00edlia de 11 irm\u00e3os, filhos do casal Jos\u00e9 Scottini e Maria Dellandrea Scottini. Como frade, trabalhou em Curitiba (PR), Rodeio (SC), Amparo (SP) e no Rio de Janeiro, onde est\u00e1 h\u00e1 60 anos, somando-se o tempo de estudante, a perman\u00eancia em Niter\u00f3i, Nil\u00f3polis, Hospital da Vener\u00e1vel Ordem Terceira (VOT-Tijuca) e Convento Santo Ant\u00f4nio.<\/p>\n<p data-start=\"100%\" data-end=\"480\">A missa pelos 90 anos de Frei Guido Scottini foi transmitida pelo YouTube.<\/p>\n<p><iframe loading=\"lazy\" title=\"YouTube video player\" src=\"https:\/\/www.youtube.com\/embed\/vzPgP8RuVA4?si=oUJU7ciqOYBNfbtI\" width=\"560\" height=\"315\" frameborder=\"0\" allowfullscreen=\"allowfullscreen\"><\/iframe><\/p>\n<hr \/>\n<p data-start=\"2487\" data-end=\"2675\"><em>Equipe de Comunica\u00e7\u00e3o Convento Santo Ant\u00f4nio do Largo da Carioca<\/em><\/p>\n","protected":false},"excerpt":{"rendered":"<p>Anivers\u00e1rio natal\u00edcio<\/p>\n","protected":false},"author":12,"featured_media":190156,"comment_status":"open","ping_status":"open","sticky":false,"template":"","format":"standard","meta":[],"categories":[105],"tags":[397,357,398],"yoast_head":"<!-- This site is optimized with the Yoast SEO plugin v19.4 - https:\/\/yoast.com\/wordpress\/plugins\/seo\/ -->\n<title>Frei Guido Scottini celebra 90 anos de vida - Convento Santo Ant\u00f4nio- Franciscanos<\/title>\n<meta name=\"robots\" content=\"index, follow, max-snippet:-1, max-image-preview:large, max-video-preview:-1\" \/>\n<link rel=\"canonical\" href=\"https:\/\/franciscanos.org.br\/conventosantoantonio\/frei-guido-scottini-celebra-90-anos-de-vida\/\" \/>\n<meta property=\"og:locale\" content=\"pt_BR\" \/>\n<meta property=\"og:type\" content=\"article\" \/>\n<meta property=\"og:title\" content=\"Frei Guido Scottini celebra 90 anos de vida - Convento Santo Ant\u00f4nio- Franciscanos\" \/>\n<meta property=\"og:description\" content=\"Anivers\u00e1rio natal\u00edcio\" \/>\n<meta property=\"og:url\" content=\"https:\/\/franciscanos.org.br\/conventosantoantonio\/frei-guido-scottini-celebra-90-anos-de-vida\/\" \/>\n<meta property=\"og:site_name\" content=\"Convento Santo Ant\u00f4nio- Franciscanos\" \/>\n<meta property=\"article:published_time\" content=\"2025-09-30T13:14:28+00:00\" \/>\n<meta property=\"og:image\" content=\"https:\/\/franciscanos.org.br\/conventosantoantonio\/wp-content\/uploads\/2025\/09\/chamada-2.jpg\" \/>\n\t<meta property=\"og:image:width\" content=\"800\" \/>\n\t<meta property=\"og:image:height\" content=\"550\" \/>\n\t<meta property=\"og:image:type\" content=\"image\/jpeg\" \/>\n<meta name=\"author\" content=\"Adriana Rabelo\" \/>\n<meta name=\"twitter:card\" content=\"summary_large_image\" \/>\n<meta name=\"twitter:label1\" content=\"Escrito por\" \/>\n\t<meta name=\"twitter:data1\" content=\"Adriana Rabelo\" \/>\n\t<meta name=\"twitter:label2\" content=\"Est. tempo de leitura\" \/>\n\t<meta name=\"twitter:data2\" content=\"3 minutos\" \/>\n<script type=\"application\/ld+json\" class=\"yoast-schema-graph\">{\"@context\":\"https:\/\/schema.org\",\"@graph\":[{\"@type\":\"WebSite\",\"@id\":\"https:\/\/franciscanos.org.br\/conventosantoantonio\/#website\",\"url\":\"https:\/\/franciscanos.org.br\/conventosantoantonio\/\",\"name\":\"Convento Santo Ant\u00f4nio- Franciscanos\",\"description\":\"Prov\u00edncia Franciscana da Imaculada Concei\u00e7\u00e3o do Brasil - Ordem dos Frades Menores\",\"potentialAction\":[{\"@type\":\"SearchAction\",\"target\":{\"@type\":\"EntryPoint\",\"urlTemplate\":\"https:\/\/franciscanos.org.br\/conventosantoantonio\/?s={search_term_string}\"},\"query-input\":\"required name=search_term_string\"}],\"inLanguage\":\"pt-BR\"},{\"@type\":\"WebPage\",\"@id\":\"https:\/\/franciscanos.org.br\/conventosantoantonio\/frei-guido-scottini-celebra-90-anos-de-vida\/\",\"url\":\"https:\/\/franciscanos.org.br\/conventosantoantonio\/frei-guido-scottini-celebra-90-anos-de-vida\/\",\"name\":\"Frei Guido Scottini celebra 90 anos de vida - Convento Santo Ant\u00f4nio- Franciscanos\",\"isPartOf\":{\"@id\":\"https:\/\/franciscanos.org.br\/conventosantoantonio\/#website\"},\"datePublished\":\"2025-09-30T13:14:28+00:00\",\"dateModified\":\"2025-09-30T13:14:28+00:00\",\"author\":{\"@id\":\"https:\/\/franciscanos.org.br\/conventosantoantonio\/#\/schema\/person\/9a980420618be29f098b094e6e8289e1\"},\"breadcrumb\":{\"@id\":\"https:\/\/franciscanos.org.br\/conventosantoantonio\/frei-guido-scottini-celebra-90-anos-de-vida\/#breadcrumb\"},\"inLanguage\":\"pt-BR\",\"potentialAction\":[{\"@type\":\"ReadAction\",\"target\":[\"https:\/\/franciscanos.org.br\/conventosantoantonio\/frei-guido-scottini-celebra-90-anos-de-vida\/\"]}]},{\"@type\":\"BreadcrumbList\",\"@id\":\"https:\/\/franciscanos.org.br\/conventosantoantonio\/frei-guido-scottini-celebra-90-anos-de-vida\/#breadcrumb\",\"itemListElement\":[{\"@type\":\"ListItem\",\"position\":1,\"name\":\"Home\",\"item\":\"https:\/\/franciscanos.org.br\/conventosantoantonio\/\"},{\"@type\":\"ListItem\",\"position\":2,\"name\":\"Frei Guido Scottini celebra 90 anos de vida\"}]},{\"@type\":\"Person\",\"@id\":\"https:\/\/franciscanos.org.br\/conventosantoantonio\/#\/schema\/person\/9a980420618be29f098b094e6e8289e1\",\"name\":\"Adriana Rabelo\",\"image\":{\"@type\":\"ImageObject\",\"inLanguage\":\"pt-BR\",\"@id\":\"https:\/\/franciscanos.org.br\/conventosantoantonio\/#\/schema\/person\/image\/\",\"url\":\"https:\/\/secure.gravatar.com\/avatar\/0a937b7500cd7df77540cfb8bede877d?s=96&d=mm&r=g\",\"contentUrl\":\"https:\/\/secure.gravatar.com\/avatar\/0a937b7500cd7df77540cfb8bede877d?s=96&d=mm&r=g\",\"caption\":\"Adriana Rabelo\"},\"url\":\"https:\/\/franciscanos.org.br\/conventosantoantonio\/author\/adrianarabelo\/\"}]}<\/script>\n<!-- \/ Yoast SEO plugin. -->","yoast_head_json":{"title":"Frei Guido Scottini celebra 90 anos de vida - Convento Santo Ant\u00f4nio- Franciscanos","robots":{"index":"index","follow":"follow","max-snippet":"max-snippet:-1","max-image-preview":"max-image-preview:large","max-video-preview":"max-video-preview:-1"},"canonical":"https:\/\/franciscanos.org.br\/conventosantoantonio\/frei-guido-scottini-celebra-90-anos-de-vida\/","og_locale":"pt_BR","og_type":"article","og_title":"Frei Guido Scottini celebra 90 anos de vida - Convento Santo Ant\u00f4nio- Franciscanos","og_description":"Anivers\u00e1rio natal\u00edcio","og_url":"https:\/\/franciscanos.org.br\/conventosantoantonio\/frei-guido-scottini-celebra-90-anos-de-vida\/","og_site_name":"Convento Santo Ant\u00f4nio- Franciscanos","article_published_time":"2025-09-30T13:14:28+00:00","og_image":[{"width":800,"height":550,"url":"https:\/\/franciscanos.org.br\/conventosantoantonio\/wp-content\/uploads\/2025\/09\/chamada-2.jpg","type":"image\/jpeg"}],"author":"Adriana Rabelo","twitter_card":"summary_large_image","twitter_misc":{"Escrito por":"Adriana Rabelo","Est. tempo de leitura":"3 minutos"},"schema":{"@context":"https:\/\/schema.org","@graph":[{"@type":"WebSite","@id":"https:\/\/franciscanos.org.br\/conventosantoantonio\/#website","url":"https:\/\/franciscanos.org.br\/conventosantoantonio\/","name":"Convento Santo Ant\u00f4nio- Franciscanos","description":"Prov\u00edncia Franciscana da Imaculada Concei\u00e7\u00e3o do Brasil - Ordem dos Frades Menores","potentialAction":[{"@type":"SearchAction","target":{"@type":"EntryPoint","urlTemplate":"https:\/\/franciscanos.org.br\/conventosantoantonio\/?s={search_term_string}"},"query-input":"required name=search_term_string"}],"inLanguage":"pt-BR"},{"@type":"WebPage","@id":"https:\/\/franciscanos.org.br\/conventosantoantonio\/frei-guido-scottini-celebra-90-anos-de-vida\/","url":"https:\/\/franciscanos.org.br\/conventosantoantonio\/frei-guido-scottini-celebra-90-anos-de-vida\/","name":"Frei Guido Scottini celebra 90 anos de vida - Convento Santo Ant\u00f4nio- Franciscanos","isPartOf":{"@id":"https:\/\/franciscanos.org.br\/conventosantoantonio\/#website"},"datePublished":"2025-09-30T13:14:28+00:00","dateModified":"2025-09-30T13:14:28+00:00","author":{"@id":"https:\/\/franciscanos.org.br\/conventosantoantonio\/#\/schema\/person\/9a980420618be29f098b094e6e8289e1"},"breadcrumb":{"@id":"https:\/\/franciscanos.org.br\/conventosantoantonio\/frei-guido-scottini-celebra-90-anos-de-vida\/#breadcrumb"},"inLanguage":"pt-BR","potentialAction":[{"@type":"ReadAction","target":["https:\/\/franciscanos.org.br\/conventosantoantonio\/frei-guido-scottini-celebra-90-anos-de-vida\/"]}]},{"@type":"BreadcrumbList","@id":"https:\/\/franciscanos.org.br\/conventosantoantonio\/frei-guido-scottini-celebra-90-anos-de-vida\/#breadcrumb","itemListElement":[{"@type":"ListItem","position":1,"name":"Home","item":"https:\/\/franciscanos.org.br\/conventosantoantonio\/"},{"@type":"ListItem","position":2,"name":"Frei Guido Scottini celebra 90 anos de vida"}]},{"@type":"Person","@id":"https:\/\/franciscanos.org.br\/conventosantoantonio\/#\/schema\/person\/9a980420618be29f098b094e6e8289e1","name":"Adriana Rabelo","image":{"@type":"ImageObject","inLanguage":"pt-BR","@id":"https:\/\/franciscanos.org.br\/conventosantoantonio\/#\/schema\/person\/image\/","url":"https:\/\/secure.gravatar.com\/avatar\/0a937b7500cd7df77540cfb8bede877d?s=96&d=mm&r=g","contentUrl":"https:\/\/secure.gravatar.com\/avatar\/0a937b7500cd7df77540cfb8bede877d?s=96&d=mm&r=g","caption":"Adriana Rabelo"},"url":"https:\/\/franciscanos.org.br\/conventosantoantonio\/author\/adrianarabelo\/"}]}},"_links":{"self":[{"href":"https:\/\/franciscanos.org.br\/conventosantoantonio\/wp-json\/wp\/v2\/posts\/190149"}],"collection":[{"href":"https:\/\/franciscanos.org.br\/conventosantoantonio\/wp-json\/wp\/v2\/posts"}],"about":[{"href":"https:\/\/franciscanos.org.br\/conventosantoantonio\/wp-json\/wp\/v2\/types\/post"}],"author":[{"embeddable":true,"href":"https:\/\/franciscanos.org.br\/conventosantoantonio\/wp-json\/wp\/v2\/users\/12"}],"replies":[{"embeddable":true,"href":"https:\/\/franciscanos.org.br\/conventosantoantonio\/wp-json\/wp\/v2\/comments?post=190149"}],"version-history":[{"count":1,"href":"https:\/\/franciscanos.org.br\/conventosantoantonio\/wp-json\/wp\/v2\/posts\/190149\/revisions"}],"predecessor-version":[{"id":190158,"href":"https:\/\/franciscanos.org.br\/conventosantoantonio\/wp-json\/wp\/v2\/posts\/190149\/revisions\/190158"}],"wp:featuredmedia":[{"embeddable":true,"href":"https:\/\/franciscanos.org.br\/conventosantoantonio\/wp-json\/wp\/v2\/media\/190156"}],"wp:attachment":[{"href":"https:\/\/franciscanos.org.br\/conventosantoantonio\/wp-json\/wp\/v2\/media?parent=190149"}],"wp:term":[{"taxonomy":"category","embeddable":true,"href":"https:\/\/franciscanos.org.br\/conventosantoantonio\/wp-json\/wp\/v2\/categories?post=190149"},{"taxonomy":"post_tag","embeddable":true,"href":"https:\/\/franciscanos.org.br\/conventosantoantonio\/wp-json\/wp\/v2\/tags?post=190149"}],"curies":[{"name":"wp","href":"https:\/\/api.w.org\/{rel}","templated":true}]}}