{"id":190114,"date":"2025-09-15T15:00:27","date_gmt":"2025-09-15T18:00:27","guid":{"rendered":"https:\/\/franciscanos.org.br\/conventosantoantonio\/?p=190114"},"modified":"2025-09-15T15:04:51","modified_gmt":"2025-09-15T18:04:51","slug":"inscricoes-para-o-congresso-franciscano-terminam-em-19-de-setembro","status":"publish","type":"post","link":"https:\/\/franciscanos.org.br\/conventosantoantonio\/inscricoes-para-o-congresso-franciscano-terminam-em-19-de-setembro\/","title":{"rendered":"Inscri\u00e7\u00f5es para o Congresso Franciscano terminam em 19 de setembro"},"content":{"rendered":"<p><img loading=\"lazy\" class=\"aligncenter wp-image-190116 \" src=\"https:\/\/franciscanos.org.br\/conventosantoantonio\/wp-content\/uploads\/2025\/09\/MATERIA.png\" alt=\"\" width=\"1280\" height=\"720\" srcset=\"https:\/\/franciscanos.org.br\/conventosantoantonio\/wp-content\/uploads\/2025\/09\/MATERIA.png 1280w, https:\/\/franciscanos.org.br\/conventosantoantonio\/wp-content\/uploads\/2025\/09\/MATERIA-450x253.png 450w, https:\/\/franciscanos.org.br\/conventosantoantonio\/wp-content\/uploads\/2025\/09\/MATERIA-1024x576.png 1024w, https:\/\/franciscanos.org.br\/conventosantoantonio\/wp-content\/uploads\/2025\/09\/MATERIA-768x432.png 768w, https:\/\/franciscanos.org.br\/conventosantoantonio\/wp-content\/uploads\/2025\/09\/MATERIA-150x84.png 150w\" sizes=\"(max-width: 1280px) 100vw, 1280px\" \/><\/p>\n<p>Termina no pr\u00f3ximo dia <strong>19 de setembro<\/strong> o prazo para inscri\u00e7\u00e3o no Congresso Franciscano \u2013 Prov\u00edncia da Imaculada: 350 anos de Evangeliza\u00e7\u00e3o, Hist\u00f3ria e Cultura. O evento, planejado por ocasi\u00e3o do Jubileu da Prov\u00edncia Franciscana da Imaculada Concei\u00e7\u00e3o do Brasil, <strong>ser\u00e1 realizado nos dias 24, 25 e 26 de setembro, no Convento Santo Ant\u00f4nio, no Rio de Janeiro<\/strong>.<\/p>\n<p>A hist\u00f3ria do local escolhido para o Congresso est\u00e1 intimamente ligada \u00e0 presen\u00e7a franciscana nesse territ\u00f3rio provincial, que engloba os estados do Paran\u00e1, Santa Catarina, Esp\u00edrito Santo, S\u00e3o Paulo e Rio de Janeiro. Com mais de quatro s\u00e9culos de exist\u00eancia e tombado pelo IPHAN, o edif\u00edcio preserva uma arquitetura majestosa no cora\u00e7\u00e3o da cidade, no Largo da Carioca, tornando-se o cen\u00e1rio perfeito para acolher um evento que celebra tradi\u00e7\u00e3o, f\u00e9 e cultura.<\/p>\n<h3><a href=\"https:\/\/docs.google.com\/forms\/d\/e\/1FAIpQLSd4U94Hl59dZ98fnqb2OsAGkXpkuOF06HovLmWSaY5jmZlM0Q\/viewform\"><span style=\"color: #993300;\">CLIQUE E FA\u00c7A SUA INSCRI\u00c7\u00c3O GRATUITA<\/span><\/a><\/h3>\n<p>O Congresso Franciscano ir\u00e1 reunir leigos e religiosos que t\u00eam interesse comum pelo carisma e espiritualidade franciscana, bem como pela hist\u00f3ria da presen\u00e7a da Ordem dos Frades Menores no Brasil. Ser\u00e1 uma oportunidade \u00edmpar de interc\u00e2mbio de conhecimentos, reflex\u00f5es e mem\u00f3rias, reunindo experi\u00eancias que revelam as realiza\u00e7\u00f5es dos franciscanos da Prov\u00edncia ao longo da hist\u00f3ria.<\/p>\n<h3><a href=\"https:\/\/sites.google.com\/usf.edu.br\/congresso350provincia\/programa%C3%A7%C3%A3o\"><span style=\"color: #993300;\">CONHE\u00c7A A PROGRAMA\u00c7\u00c3O<\/span><\/a><\/h3>\n<p><img loading=\"lazy\" class=\"size-medium wp-image-190118 alignright\" src=\"https:\/\/franciscanos.org.br\/conventosantoantonio\/wp-content\/uploads\/2025\/09\/Imagem-do-WhatsApp-de-2025-08-04-as-14.59.29_3aaed364-360x450.jpg\" alt=\"\" width=\"360\" height=\"450\" srcset=\"https:\/\/franciscanos.org.br\/conventosantoantonio\/wp-content\/uploads\/2025\/09\/Imagem-do-WhatsApp-de-2025-08-04-as-14.59.29_3aaed364-360x450.jpg 360w, https:\/\/franciscanos.org.br\/conventosantoantonio\/wp-content\/uploads\/2025\/09\/Imagem-do-WhatsApp-de-2025-08-04-as-14.59.29_3aaed364-819x1024.jpg 819w, https:\/\/franciscanos.org.br\/conventosantoantonio\/wp-content\/uploads\/2025\/09\/Imagem-do-WhatsApp-de-2025-08-04-as-14.59.29_3aaed364-768x960.jpg 768w, https:\/\/franciscanos.org.br\/conventosantoantonio\/wp-content\/uploads\/2025\/09\/Imagem-do-WhatsApp-de-2025-08-04-as-14.59.29_3aaed364-150x188.jpg 150w, https:\/\/franciscanos.org.br\/conventosantoantonio\/wp-content\/uploads\/2025\/09\/Imagem-do-WhatsApp-de-2025-08-04-as-14.59.29_3aaed364.jpg 1080w\" sizes=\"(max-width: 360px) 100vw, 360px\" \/>Especialistas do Brasil e do exterior compartilhar\u00e3o pesquisas recentes sobre hist\u00f3ria, arte, evangeliza\u00e7\u00e3o, cultura e as din\u00e2micas sociais, pol\u00edticas e de poder que marcaram cada fase da trajet\u00f3ria da Prov\u00edncia e do franciscanismo no Brasil. Os pesquisadores tamb\u00e9m apresentar\u00e3o seus trabalhos em mesas tem\u00e1ticas, fortalecendo o di\u00e1logo e a reflex\u00e3o acad\u00eamica e espiritual.<\/p>\n<p><strong>Quem pode participar<\/strong><\/p>\n<p>Podem se inscrever estudantes, professores, pesquisadores e p\u00fablico em geral que desenvolvem trabalhos na \u00e1rea tem\u00e1tica do evento, nas diferentes atividades da programa\u00e7\u00e3o (como ouvintes ou participantes).<\/p>\n<p><strong>Inscri\u00e7\u00e3o sem submiss\u00e3o de trabalho:<\/strong><\/p>\n<p>Os interessados podem se inscrever at\u00e9 o <strong>dia 19 de setembro de 2025<\/strong>. Basta clicar sobre a aba <a href=\"https:\/\/docs.google.com\/forms\/d\/e\/1FAIpQLSd4U94Hl59dZ98fnqb2OsAGkXpkuOF06HovLmWSaY5jmZlM0Q\/viewform\"><span style=\"color: #993300;\"><strong>\u201cINSCRI\u00c7\u00c3O\u201d<\/strong><\/span><\/a>, escolher dentre as op\u00e7\u00f5es e seguir as telas autoexplicativas. Ser\u00e3o requeridos: dados pessoais, endere\u00e7o, contato e forma de participa\u00e7\u00e3o.<\/p>\n<p>As inscri\u00e7\u00f5es com submiss\u00e3o de trabalho foram encerradas no dia 8 de agosto.<\/p>\n<p>Para aqueles que n\u00e3o puderem participar presencialmente, haver\u00e1 a <strong>op\u00e7\u00e3o de participa\u00e7\u00e3o remota com transmiss\u00e3o ao vivo<\/strong>, garantindo que todos possam vivenciar este momento hist\u00f3rico.<\/p>\n<h3><span style=\"color: #993300;\">FA\u00c7A SUA INSCRI\u00c7\u00c3O, PARTICIPE E RECEBA CERTIFICADO<\/span><\/h3>\n<p><img loading=\"lazy\" class=\"aligncenter wp-image-190119 size-full\" src=\"https:\/\/franciscanos.org.br\/conventosantoantonio\/wp-content\/uploads\/2025\/09\/materia-5.jpg\" alt=\"\" width=\"1280\" height=\"720\" srcset=\"https:\/\/franciscanos.org.br\/conventosantoantonio\/wp-content\/uploads\/2025\/09\/materia-5.jpg 1280w, https:\/\/franciscanos.org.br\/conventosantoantonio\/wp-content\/uploads\/2025\/09\/materia-5-450x253.jpg 450w, https:\/\/franciscanos.org.br\/conventosantoantonio\/wp-content\/uploads\/2025\/09\/materia-5-1024x576.jpg 1024w, https:\/\/franciscanos.org.br\/conventosantoantonio\/wp-content\/uploads\/2025\/09\/materia-5-768x432.jpg 768w, https:\/\/franciscanos.org.br\/conventosantoantonio\/wp-content\/uploads\/2025\/09\/materia-5-150x84.jpg 150w\" sizes=\"(max-width: 1280px) 100vw, 1280px\" \/><\/p>\n<p>O Congresso Franciscano \u00e9 uma realiza\u00e7\u00e3o do Instituto Teol\u00f3gico Franciscano (ITF), Universidade S\u00e3o Francisco (USF), Grupo Educacional Bom Jesus, FAE e Convento Santo Ant\u00f4nio, com o apoio da Editora Vozes e da Confer\u00eancia da Fam\u00edlia Franciscana do Brasil (CFFB).<\/p>\n<p><a href=\"https:\/\/sites.google.com\/usf.edu.br\/congresso350provincia\/apresenta%C3%A7%C3%A3o?authuser=0\"><strong>Acesse o site do ITF<\/strong><\/a><\/p>\n<hr \/>\n<p>Adriana Rabelo Rodrigues<\/p>\n<p>Fonte:\u00a0<a href=\"https:\/\/www.itf.edu.br\/\">https:\/\/www.itf.edu.br\/<\/a><\/p>\n","protected":false},"excerpt":{"rendered":"<p>Jubileu 350 anos<\/p>\n","protected":false},"author":12,"featured_media":190115,"comment_status":"open","ping_status":"open","sticky":false,"template":"","format":"standard","meta":[],"categories":[105],"tags":[394,357],"yoast_head":"<!-- This site is optimized with the Yoast SEO plugin v19.4 - https:\/\/yoast.com\/wordpress\/plugins\/seo\/ -->\n<title>Inscri\u00e7\u00f5es para o Congresso Franciscano terminam em 19 de setembro - Convento Santo Ant\u00f4nio- Franciscanos<\/title>\n<meta name=\"robots\" content=\"index, follow, max-snippet:-1, max-image-preview:large, max-video-preview:-1\" \/>\n<link rel=\"canonical\" href=\"https:\/\/franciscanos.org.br\/conventosantoantonio\/inscricoes-para-o-congresso-franciscano-terminam-em-19-de-setembro\/\" \/>\n<meta property=\"og:locale\" content=\"pt_BR\" \/>\n<meta property=\"og:type\" content=\"article\" \/>\n<meta property=\"og:title\" content=\"Inscri\u00e7\u00f5es para o Congresso Franciscano terminam em 19 de setembro - Convento Santo Ant\u00f4nio- Franciscanos\" \/>\n<meta property=\"og:description\" content=\"Jubileu 350 anos\" \/>\n<meta property=\"og:url\" content=\"https:\/\/franciscanos.org.br\/conventosantoantonio\/inscricoes-para-o-congresso-franciscano-terminam-em-19-de-setembro\/\" \/>\n<meta property=\"og:site_name\" content=\"Convento Santo Ant\u00f4nio- Franciscanos\" \/>\n<meta property=\"article:published_time\" content=\"2025-09-15T18:00:27+00:00\" \/>\n<meta property=\"article:modified_time\" content=\"2025-09-15T18:04:51+00:00\" \/>\n<meta property=\"og:image\" content=\"https:\/\/franciscanos.org.br\/conventosantoantonio\/wp-content\/uploads\/2025\/09\/CHAMADA-CONGRESSO-1024x704.png\" \/>\n\t<meta property=\"og:image:width\" content=\"1024\" \/>\n\t<meta property=\"og:image:height\" content=\"704\" \/>\n\t<meta property=\"og:image:type\" content=\"image\/png\" \/>\n<meta name=\"author\" content=\"Adriana Rabelo\" \/>\n<meta name=\"twitter:card\" content=\"summary_large_image\" \/>\n<meta name=\"twitter:label1\" content=\"Escrito por\" \/>\n\t<meta name=\"twitter:data1\" content=\"Adriana Rabelo\" \/>\n\t<meta name=\"twitter:label2\" content=\"Est. tempo de leitura\" \/>\n\t<meta name=\"twitter:data2\" content=\"3 minutos\" \/>\n<script type=\"application\/ld+json\" class=\"yoast-schema-graph\">{\"@context\":\"https:\/\/schema.org\",\"@graph\":[{\"@type\":\"WebSite\",\"@id\":\"https:\/\/franciscanos.org.br\/conventosantoantonio\/#website\",\"url\":\"https:\/\/franciscanos.org.br\/conventosantoantonio\/\",\"name\":\"Convento Santo Ant\u00f4nio- Franciscanos\",\"description\":\"Prov\u00edncia Franciscana da Imaculada Concei\u00e7\u00e3o do Brasil - Ordem dos Frades Menores\",\"potentialAction\":[{\"@type\":\"SearchAction\",\"target\":{\"@type\":\"EntryPoint\",\"urlTemplate\":\"https:\/\/franciscanos.org.br\/conventosantoantonio\/?s={search_term_string}\"},\"query-input\":\"required name=search_term_string\"}],\"inLanguage\":\"pt-BR\"},{\"@type\":\"WebPage\",\"@id\":\"https:\/\/franciscanos.org.br\/conventosantoantonio\/inscricoes-para-o-congresso-franciscano-terminam-em-19-de-setembro\/\",\"url\":\"https:\/\/franciscanos.org.br\/conventosantoantonio\/inscricoes-para-o-congresso-franciscano-terminam-em-19-de-setembro\/\",\"name\":\"Inscri\u00e7\u00f5es para o Congresso Franciscano terminam em 19 de setembro - Convento Santo Ant\u00f4nio- Franciscanos\",\"isPartOf\":{\"@id\":\"https:\/\/franciscanos.org.br\/conventosantoantonio\/#website\"},\"datePublished\":\"2025-09-15T18:00:27+00:00\",\"dateModified\":\"2025-09-15T18:04:51+00:00\",\"author\":{\"@id\":\"https:\/\/franciscanos.org.br\/conventosantoantonio\/#\/schema\/person\/9a980420618be29f098b094e6e8289e1\"},\"breadcrumb\":{\"@id\":\"https:\/\/franciscanos.org.br\/conventosantoantonio\/inscricoes-para-o-congresso-franciscano-terminam-em-19-de-setembro\/#breadcrumb\"},\"inLanguage\":\"pt-BR\",\"potentialAction\":[{\"@type\":\"ReadAction\",\"target\":[\"https:\/\/franciscanos.org.br\/conventosantoantonio\/inscricoes-para-o-congresso-franciscano-terminam-em-19-de-setembro\/\"]}]},{\"@type\":\"BreadcrumbList\",\"@id\":\"https:\/\/franciscanos.org.br\/conventosantoantonio\/inscricoes-para-o-congresso-franciscano-terminam-em-19-de-setembro\/#breadcrumb\",\"itemListElement\":[{\"@type\":\"ListItem\",\"position\":1,\"name\":\"Home\",\"item\":\"https:\/\/franciscanos.org.br\/conventosantoantonio\/\"},{\"@type\":\"ListItem\",\"position\":2,\"name\":\"Inscri\u00e7\u00f5es para o Congresso Franciscano terminam em 19 de setembro\"}]},{\"@type\":\"Person\",\"@id\":\"https:\/\/franciscanos.org.br\/conventosantoantonio\/#\/schema\/person\/9a980420618be29f098b094e6e8289e1\",\"name\":\"Adriana Rabelo\",\"image\":{\"@type\":\"ImageObject\",\"inLanguage\":\"pt-BR\",\"@id\":\"https:\/\/franciscanos.org.br\/conventosantoantonio\/#\/schema\/person\/image\/\",\"url\":\"https:\/\/secure.gravatar.com\/avatar\/0a937b7500cd7df77540cfb8bede877d?s=96&d=mm&r=g\",\"contentUrl\":\"https:\/\/secure.gravatar.com\/avatar\/0a937b7500cd7df77540cfb8bede877d?s=96&d=mm&r=g\",\"caption\":\"Adriana Rabelo\"},\"url\":\"https:\/\/franciscanos.org.br\/conventosantoantonio\/author\/adrianarabelo\/\"}]}<\/script>\n<!-- \/ Yoast SEO plugin. -->","yoast_head_json":{"title":"Inscri\u00e7\u00f5es para o Congresso Franciscano terminam em 19 de setembro - Convento Santo Ant\u00f4nio- Franciscanos","robots":{"index":"index","follow":"follow","max-snippet":"max-snippet:-1","max-image-preview":"max-image-preview:large","max-video-preview":"max-video-preview:-1"},"canonical":"https:\/\/franciscanos.org.br\/conventosantoantonio\/inscricoes-para-o-congresso-franciscano-terminam-em-19-de-setembro\/","og_locale":"pt_BR","og_type":"article","og_title":"Inscri\u00e7\u00f5es para o Congresso Franciscano terminam em 19 de setembro - Convento Santo Ant\u00f4nio- Franciscanos","og_description":"Jubileu 350 anos","og_url":"https:\/\/franciscanos.org.br\/conventosantoantonio\/inscricoes-para-o-congresso-franciscano-terminam-em-19-de-setembro\/","og_site_name":"Convento Santo Ant\u00f4nio- Franciscanos","article_published_time":"2025-09-15T18:00:27+00:00","article_modified_time":"2025-09-15T18:04:51+00:00","og_image":[{"width":1024,"height":704,"url":"https:\/\/franciscanos.org.br\/conventosantoantonio\/wp-content\/uploads\/2025\/09\/CHAMADA-CONGRESSO-1024x704.png","type":"image\/png"}],"author":"Adriana Rabelo","twitter_card":"summary_large_image","twitter_misc":{"Escrito por":"Adriana Rabelo","Est. tempo de leitura":"3 minutos"},"schema":{"@context":"https:\/\/schema.org","@graph":[{"@type":"WebSite","@id":"https:\/\/franciscanos.org.br\/conventosantoantonio\/#website","url":"https:\/\/franciscanos.org.br\/conventosantoantonio\/","name":"Convento Santo Ant\u00f4nio- Franciscanos","description":"Prov\u00edncia Franciscana da Imaculada Concei\u00e7\u00e3o do Brasil - Ordem dos Frades Menores","potentialAction":[{"@type":"SearchAction","target":{"@type":"EntryPoint","urlTemplate":"https:\/\/franciscanos.org.br\/conventosantoantonio\/?s={search_term_string}"},"query-input":"required name=search_term_string"}],"inLanguage":"pt-BR"},{"@type":"WebPage","@id":"https:\/\/franciscanos.org.br\/conventosantoantonio\/inscricoes-para-o-congresso-franciscano-terminam-em-19-de-setembro\/","url":"https:\/\/franciscanos.org.br\/conventosantoantonio\/inscricoes-para-o-congresso-franciscano-terminam-em-19-de-setembro\/","name":"Inscri\u00e7\u00f5es para o Congresso Franciscano terminam em 19 de setembro - Convento Santo Ant\u00f4nio- Franciscanos","isPartOf":{"@id":"https:\/\/franciscanos.org.br\/conventosantoantonio\/#website"},"datePublished":"2025-09-15T18:00:27+00:00","dateModified":"2025-09-15T18:04:51+00:00","author":{"@id":"https:\/\/franciscanos.org.br\/conventosantoantonio\/#\/schema\/person\/9a980420618be29f098b094e6e8289e1"},"breadcrumb":{"@id":"https:\/\/franciscanos.org.br\/conventosantoantonio\/inscricoes-para-o-congresso-franciscano-terminam-em-19-de-setembro\/#breadcrumb"},"inLanguage":"pt-BR","potentialAction":[{"@type":"ReadAction","target":["https:\/\/franciscanos.org.br\/conventosantoantonio\/inscricoes-para-o-congresso-franciscano-terminam-em-19-de-setembro\/"]}]},{"@type":"BreadcrumbList","@id":"https:\/\/franciscanos.org.br\/conventosantoantonio\/inscricoes-para-o-congresso-franciscano-terminam-em-19-de-setembro\/#breadcrumb","itemListElement":[{"@type":"ListItem","position":1,"name":"Home","item":"https:\/\/franciscanos.org.br\/conventosantoantonio\/"},{"@type":"ListItem","position":2,"name":"Inscri\u00e7\u00f5es para o Congresso Franciscano terminam em 19 de setembro"}]},{"@type":"Person","@id":"https:\/\/franciscanos.org.br\/conventosantoantonio\/#\/schema\/person\/9a980420618be29f098b094e6e8289e1","name":"Adriana Rabelo","image":{"@type":"ImageObject","inLanguage":"pt-BR","@id":"https:\/\/franciscanos.org.br\/conventosantoantonio\/#\/schema\/person\/image\/","url":"https:\/\/secure.gravatar.com\/avatar\/0a937b7500cd7df77540cfb8bede877d?s=96&d=mm&r=g","contentUrl":"https:\/\/secure.gravatar.com\/avatar\/0a937b7500cd7df77540cfb8bede877d?s=96&d=mm&r=g","caption":"Adriana Rabelo"},"url":"https:\/\/franciscanos.org.br\/conventosantoantonio\/author\/adrianarabelo\/"}]}},"_links":{"self":[{"href":"https:\/\/franciscanos.org.br\/conventosantoantonio\/wp-json\/wp\/v2\/posts\/190114"}],"collection":[{"href":"https:\/\/franciscanos.org.br\/conventosantoantonio\/wp-json\/wp\/v2\/posts"}],"about":[{"href":"https:\/\/franciscanos.org.br\/conventosantoantonio\/wp-json\/wp\/v2\/types\/post"}],"author":[{"embeddable":true,"href":"https:\/\/franciscanos.org.br\/conventosantoantonio\/wp-json\/wp\/v2\/users\/12"}],"replies":[{"embeddable":true,"href":"https:\/\/franciscanos.org.br\/conventosantoantonio\/wp-json\/wp\/v2\/comments?post=190114"}],"version-history":[{"count":4,"href":"https:\/\/franciscanos.org.br\/conventosantoantonio\/wp-json\/wp\/v2\/posts\/190114\/revisions"}],"predecessor-version":[{"id":190122,"href":"https:\/\/franciscanos.org.br\/conventosantoantonio\/wp-json\/wp\/v2\/posts\/190114\/revisions\/190122"}],"wp:featuredmedia":[{"embeddable":true,"href":"https:\/\/franciscanos.org.br\/conventosantoantonio\/wp-json\/wp\/v2\/media\/190115"}],"wp:attachment":[{"href":"https:\/\/franciscanos.org.br\/conventosantoantonio\/wp-json\/wp\/v2\/media?parent=190114"}],"wp:term":[{"taxonomy":"category","embeddable":true,"href":"https:\/\/franciscanos.org.br\/conventosantoantonio\/wp-json\/wp\/v2\/categories?post=190114"},{"taxonomy":"post_tag","embeddable":true,"href":"https:\/\/franciscanos.org.br\/conventosantoantonio\/wp-json\/wp\/v2\/tags?post=190114"}],"curies":[{"name":"wp","href":"https:\/\/api.w.org\/{rel}","templated":true}]}}