{"id":190103,"date":"2025-09-04T10:00:37","date_gmt":"2025-09-04T13:00:37","guid":{"rendered":"https:\/\/franciscanos.org.br\/conventosantoantonio\/?p=190103"},"modified":"2025-09-04T10:00:37","modified_gmt":"2025-09-04T13:00:37","slug":"tempo-da-criacao-claustro-do-convento-santo-antonio-se-transforma-em-jardim-da-paz","status":"publish","type":"post","link":"https:\/\/franciscanos.org.br\/conventosantoantonio\/tempo-da-criacao-claustro-do-convento-santo-antonio-se-transforma-em-jardim-da-paz\/","title":{"rendered":"Tempo da Cria\u00e7\u00e3o: Claustro do Convento Santo Ant\u00f4nio se transforma em \u201cJardim da Paz\u201d"},"content":{"rendered":"<p><img loading=\"lazy\" class=\"aligncenter wp-image-190104 size-full\" src=\"https:\/\/franciscanos.org.br\/conventosantoantonio\/wp-content\/uploads\/2025\/09\/materia3.jpg\" alt=\"\" width=\"1280\" height=\"720\" srcset=\"https:\/\/franciscanos.org.br\/conventosantoantonio\/wp-content\/uploads\/2025\/09\/materia3.jpg 1280w, https:\/\/franciscanos.org.br\/conventosantoantonio\/wp-content\/uploads\/2025\/09\/materia3-450x253.jpg 450w, https:\/\/franciscanos.org.br\/conventosantoantonio\/wp-content\/uploads\/2025\/09\/materia3-1024x576.jpg 1024w, https:\/\/franciscanos.org.br\/conventosantoantonio\/wp-content\/uploads\/2025\/09\/materia3-768x432.jpg 768w, https:\/\/franciscanos.org.br\/conventosantoantonio\/wp-content\/uploads\/2025\/09\/materia3-150x84.jpg 150w\" sizes=\"(max-width: 1280px) 100vw, 1280px\" \/><\/p>\n<p>O Tempo da Cria\u00e7\u00e3o \u00e9 uma iniciativa ecum\u00eanica que re\u00fane Igrejas Crist\u00e3s em todo o mundo e conta com a participa\u00e7\u00e3o da Igreja Cat\u00f3lica. Ele come\u00e7a no dia 1\u00ba de setembro e se estende at\u00e9 4 de outubro, quando se celebra S\u00e3o Francisco de Assis, Patrono da Ecologia. \u00c9 um tempo de reflex\u00e3o, ora\u00e7\u00e3o e tamb\u00e9m de promover atitudes de cuidado com o Planeta. No Convento Santo Ant\u00f4nio do Rio de Janeiro, a celebra\u00e7\u00e3o de abertura foi nesta ter\u00e7a-feira, 2 de setembro, reunindo os fi\u00e9is e devotos para a tradicional devo\u00e7\u00e3o ao Santo Casamenteiro, desta vez combinada com um momento de prece e reflex\u00e3o sobre a Paz e o cuidado com o planeta.<\/p>\n<p><img loading=\"lazy\" class=\"aligncenter wp-image-190105 size-full\" src=\"https:\/\/franciscanos.org.br\/conventosantoantonio\/wp-content\/uploads\/2025\/09\/materia-1.jpg\" alt=\"\" width=\"1280\" height=\"720\" srcset=\"https:\/\/franciscanos.org.br\/conventosantoantonio\/wp-content\/uploads\/2025\/09\/materia-1.jpg 1280w, https:\/\/franciscanos.org.br\/conventosantoantonio\/wp-content\/uploads\/2025\/09\/materia-1-450x253.jpg 450w, https:\/\/franciscanos.org.br\/conventosantoantonio\/wp-content\/uploads\/2025\/09\/materia-1-1024x576.jpg 1024w, https:\/\/franciscanos.org.br\/conventosantoantonio\/wp-content\/uploads\/2025\/09\/materia-1-768x432.jpg 768w, https:\/\/franciscanos.org.br\/conventosantoantonio\/wp-content\/uploads\/2025\/09\/materia-1-150x84.jpg 150w\" sizes=\"(max-width: 1280px) 100vw, 1280px\" \/><\/p>\n<p>A missa foi presidida pelo Vice-animador do Servi\u00e7o de Justi\u00e7a, Paz e Integridade da Cria\u00e7\u00e3o, Frei Jos\u00e9 Francisco C\u00e1ssia dos Santos, que tamb\u00e9m comp\u00f5e a Fraternidade do Convento Santo Ant\u00f4nio. Ao abordar o tema deste ano \u201cPaz com a Cria\u00e7\u00e3o\u201d, que se inspira no texto b\u00edblico do Profeta Isa\u00edas (Is 32, 14-18), Frei Jos\u00e9 Francisco recordou que a paz \u00e9 inissoci\u00e1vel da Justi\u00e7a e do cuidado com a Cria\u00e7\u00e3o: \u201cO projeto de sociedade que predomina atualmente n\u00e3o tem favorecido a constru\u00e7\u00e3o da paz e da justi\u00e7a e, desta forma, podemos dizer que vivemos uma profunda crise social e ambiental, explicou.<\/p>\n<p><img loading=\"lazy\" class=\"aligncenter wp-image-190106 size-full\" src=\"https:\/\/franciscanos.org.br\/conventosantoantonio\/wp-content\/uploads\/2025\/09\/materia4.jpg\" alt=\"\" width=\"1280\" height=\"720\" srcset=\"https:\/\/franciscanos.org.br\/conventosantoantonio\/wp-content\/uploads\/2025\/09\/materia4.jpg 1280w, https:\/\/franciscanos.org.br\/conventosantoantonio\/wp-content\/uploads\/2025\/09\/materia4-450x253.jpg 450w, https:\/\/franciscanos.org.br\/conventosantoantonio\/wp-content\/uploads\/2025\/09\/materia4-1024x576.jpg 1024w, https:\/\/franciscanos.org.br\/conventosantoantonio\/wp-content\/uploads\/2025\/09\/materia4-768x432.jpg 768w, https:\/\/franciscanos.org.br\/conventosantoantonio\/wp-content\/uploads\/2025\/09\/materia4-150x84.jpg 150w\" sizes=\"(max-width: 1280px) 100vw, 1280px\" \/><\/p>\n<p>Outro s\u00edmbolo forte do Tempo da Cria\u00e7\u00e3o 2025 \u00e9 o Jardim da Paz, que traz presente a cena da Pomba trazendo no bico um ramo verde de Oliveiro no per\u00edodo p\u00f3s-dil\u00favio. Fazendo alus\u00e3o ao Jardim da Paz, a celebra\u00e7\u00e3o foi conclu\u00edda, no calustro do Convento, para o qual os participantes da missa se dirigiram antes da ben\u00e7\u00e3o final. Entre \u00e1rvores e flores, rezaram pela Cria\u00e7\u00e3o e pela paz, al\u00e9m de receberem a b\u00ean\u00e7\u00e3o por intercess\u00e3o de Santo Ant\u00f4nio, seguida pela tradicional partilha do P\u00e3o aben\u00e7oado. Para Teresa Ribeiro, da Ordem Franciscana Secular, a experi\u00eancia vivida na celebra\u00e7\u00e3o deve ser levada no cora\u00e7\u00e3o, tornando-se um verdadeiro projeto de vida inspirado pela f\u00e9. Para Frei Jos\u00e9 Francisco, tendo sido S\u00e3o Francisco de Assis, por causa do Evangelho, verdadeiro Arauto da Paz e do cuidado com a Casa Comum, e tendo sido Santo Ant\u00f4nio fiel porta-voz da Espiritualidade Franciscana, o Convento torna-se s\u00edmbolo desta mensagem para a sociedade do Rio de Janeiro e do Brasil. Neste ano, a Fam\u00edlia Franciscana celebra tamb\u00e9m os 800 anos da composi\u00e7\u00e3o do C\u00e2ntico das Criaturas, tamb\u00e9m conhecido como C\u00e2ntico do Irm\u00e3o Sol, de S\u00e3o Francisco de Assis.<\/p>\n<hr \/>\n<p><em>Equipe de Comunica\u00e7\u00e3o Convento Santo Ant\u00f4nio\u00a0<\/em><\/p>\n","protected":false},"excerpt":{"rendered":"<p>Tempo da Cria\u00e7\u00e3o 2025<\/p>\n","protected":false},"author":12,"featured_media":190107,"comment_status":"open","ping_status":"open","sticky":false,"template":"","format":"standard","meta":[],"categories":[105],"tags":[357,393],"yoast_head":"<!-- This site is optimized with the Yoast SEO plugin v19.4 - https:\/\/yoast.com\/wordpress\/plugins\/seo\/ -->\n<title>Tempo da Cria\u00e7\u00e3o: Claustro do Convento Santo Ant\u00f4nio se transforma em \u201cJardim da Paz\u201d - Convento Santo Ant\u00f4nio- Franciscanos<\/title>\n<meta name=\"robots\" content=\"index, follow, max-snippet:-1, max-image-preview:large, max-video-preview:-1\" \/>\n<link rel=\"canonical\" href=\"https:\/\/franciscanos.org.br\/conventosantoantonio\/tempo-da-criacao-claustro-do-convento-santo-antonio-se-transforma-em-jardim-da-paz\/\" \/>\n<meta property=\"og:locale\" content=\"pt_BR\" \/>\n<meta property=\"og:type\" content=\"article\" \/>\n<meta property=\"og:title\" content=\"Tempo da Cria\u00e7\u00e3o: Claustro do Convento Santo Ant\u00f4nio se transforma em \u201cJardim da Paz\u201d - Convento Santo Ant\u00f4nio- Franciscanos\" \/>\n<meta property=\"og:description\" content=\"Tempo da Cria\u00e7\u00e3o 2025\" \/>\n<meta property=\"og:url\" content=\"https:\/\/franciscanos.org.br\/conventosantoantonio\/tempo-da-criacao-claustro-do-convento-santo-antonio-se-transforma-em-jardim-da-paz\/\" \/>\n<meta property=\"og:site_name\" content=\"Convento Santo Ant\u00f4nio- Franciscanos\" \/>\n<meta property=\"article:published_time\" content=\"2025-09-04T13:00:37+00:00\" \/>\n<meta property=\"og:image\" content=\"https:\/\/franciscanos.org.br\/conventosantoantonio\/wp-content\/uploads\/2025\/09\/chamada.jpg\" \/>\n\t<meta property=\"og:image:width\" content=\"800\" \/>\n\t<meta property=\"og:image:height\" content=\"550\" \/>\n\t<meta property=\"og:image:type\" content=\"image\/jpeg\" \/>\n<meta name=\"author\" content=\"Adriana Rabelo\" \/>\n<meta name=\"twitter:card\" content=\"summary_large_image\" \/>\n<meta name=\"twitter:label1\" content=\"Escrito por\" \/>\n\t<meta name=\"twitter:data1\" content=\"Adriana Rabelo\" \/>\n\t<meta name=\"twitter:label2\" content=\"Est. tempo de leitura\" \/>\n\t<meta name=\"twitter:data2\" content=\"3 minutos\" \/>\n<script type=\"application\/ld+json\" class=\"yoast-schema-graph\">{\"@context\":\"https:\/\/schema.org\",\"@graph\":[{\"@type\":\"WebSite\",\"@id\":\"https:\/\/franciscanos.org.br\/conventosantoantonio\/#website\",\"url\":\"https:\/\/franciscanos.org.br\/conventosantoantonio\/\",\"name\":\"Convento Santo Ant\u00f4nio- Franciscanos\",\"description\":\"Prov\u00edncia Franciscana da Imaculada Concei\u00e7\u00e3o do Brasil - Ordem dos Frades Menores\",\"potentialAction\":[{\"@type\":\"SearchAction\",\"target\":{\"@type\":\"EntryPoint\",\"urlTemplate\":\"https:\/\/franciscanos.org.br\/conventosantoantonio\/?s={search_term_string}\"},\"query-input\":\"required name=search_term_string\"}],\"inLanguage\":\"pt-BR\"},{\"@type\":\"WebPage\",\"@id\":\"https:\/\/franciscanos.org.br\/conventosantoantonio\/tempo-da-criacao-claustro-do-convento-santo-antonio-se-transforma-em-jardim-da-paz\/\",\"url\":\"https:\/\/franciscanos.org.br\/conventosantoantonio\/tempo-da-criacao-claustro-do-convento-santo-antonio-se-transforma-em-jardim-da-paz\/\",\"name\":\"Tempo da Cria\u00e7\u00e3o: Claustro do Convento Santo Ant\u00f4nio se transforma em \u201cJardim da Paz\u201d - Convento Santo Ant\u00f4nio- Franciscanos\",\"isPartOf\":{\"@id\":\"https:\/\/franciscanos.org.br\/conventosantoantonio\/#website\"},\"datePublished\":\"2025-09-04T13:00:37+00:00\",\"dateModified\":\"2025-09-04T13:00:37+00:00\",\"author\":{\"@id\":\"https:\/\/franciscanos.org.br\/conventosantoantonio\/#\/schema\/person\/9a980420618be29f098b094e6e8289e1\"},\"breadcrumb\":{\"@id\":\"https:\/\/franciscanos.org.br\/conventosantoantonio\/tempo-da-criacao-claustro-do-convento-santo-antonio-se-transforma-em-jardim-da-paz\/#breadcrumb\"},\"inLanguage\":\"pt-BR\",\"potentialAction\":[{\"@type\":\"ReadAction\",\"target\":[\"https:\/\/franciscanos.org.br\/conventosantoantonio\/tempo-da-criacao-claustro-do-convento-santo-antonio-se-transforma-em-jardim-da-paz\/\"]}]},{\"@type\":\"BreadcrumbList\",\"@id\":\"https:\/\/franciscanos.org.br\/conventosantoantonio\/tempo-da-criacao-claustro-do-convento-santo-antonio-se-transforma-em-jardim-da-paz\/#breadcrumb\",\"itemListElement\":[{\"@type\":\"ListItem\",\"position\":1,\"name\":\"Home\",\"item\":\"https:\/\/franciscanos.org.br\/conventosantoantonio\/\"},{\"@type\":\"ListItem\",\"position\":2,\"name\":\"Tempo da Cria\u00e7\u00e3o: Claustro do Convento Santo Ant\u00f4nio se transforma em \u201cJardim da Paz\u201d\"}]},{\"@type\":\"Person\",\"@id\":\"https:\/\/franciscanos.org.br\/conventosantoantonio\/#\/schema\/person\/9a980420618be29f098b094e6e8289e1\",\"name\":\"Adriana Rabelo\",\"image\":{\"@type\":\"ImageObject\",\"inLanguage\":\"pt-BR\",\"@id\":\"https:\/\/franciscanos.org.br\/conventosantoantonio\/#\/schema\/person\/image\/\",\"url\":\"https:\/\/secure.gravatar.com\/avatar\/0a937b7500cd7df77540cfb8bede877d?s=96&d=mm&r=g\",\"contentUrl\":\"https:\/\/secure.gravatar.com\/avatar\/0a937b7500cd7df77540cfb8bede877d?s=96&d=mm&r=g\",\"caption\":\"Adriana Rabelo\"},\"url\":\"https:\/\/franciscanos.org.br\/conventosantoantonio\/author\/adrianarabelo\/\"}]}<\/script>\n<!-- \/ Yoast SEO plugin. -->","yoast_head_json":{"title":"Tempo da Cria\u00e7\u00e3o: Claustro do Convento Santo Ant\u00f4nio se transforma em \u201cJardim da Paz\u201d - Convento Santo Ant\u00f4nio- Franciscanos","robots":{"index":"index","follow":"follow","max-snippet":"max-snippet:-1","max-image-preview":"max-image-preview:large","max-video-preview":"max-video-preview:-1"},"canonical":"https:\/\/franciscanos.org.br\/conventosantoantonio\/tempo-da-criacao-claustro-do-convento-santo-antonio-se-transforma-em-jardim-da-paz\/","og_locale":"pt_BR","og_type":"article","og_title":"Tempo da Cria\u00e7\u00e3o: Claustro do Convento Santo Ant\u00f4nio se transforma em \u201cJardim da Paz\u201d - Convento Santo Ant\u00f4nio- Franciscanos","og_description":"Tempo da Cria\u00e7\u00e3o 2025","og_url":"https:\/\/franciscanos.org.br\/conventosantoantonio\/tempo-da-criacao-claustro-do-convento-santo-antonio-se-transforma-em-jardim-da-paz\/","og_site_name":"Convento Santo Ant\u00f4nio- Franciscanos","article_published_time":"2025-09-04T13:00:37+00:00","og_image":[{"width":800,"height":550,"url":"https:\/\/franciscanos.org.br\/conventosantoantonio\/wp-content\/uploads\/2025\/09\/chamada.jpg","type":"image\/jpeg"}],"author":"Adriana Rabelo","twitter_card":"summary_large_image","twitter_misc":{"Escrito por":"Adriana Rabelo","Est. tempo de leitura":"3 minutos"},"schema":{"@context":"https:\/\/schema.org","@graph":[{"@type":"WebSite","@id":"https:\/\/franciscanos.org.br\/conventosantoantonio\/#website","url":"https:\/\/franciscanos.org.br\/conventosantoantonio\/","name":"Convento Santo Ant\u00f4nio- Franciscanos","description":"Prov\u00edncia Franciscana da Imaculada Concei\u00e7\u00e3o do Brasil - Ordem dos Frades Menores","potentialAction":[{"@type":"SearchAction","target":{"@type":"EntryPoint","urlTemplate":"https:\/\/franciscanos.org.br\/conventosantoantonio\/?s={search_term_string}"},"query-input":"required name=search_term_string"}],"inLanguage":"pt-BR"},{"@type":"WebPage","@id":"https:\/\/franciscanos.org.br\/conventosantoantonio\/tempo-da-criacao-claustro-do-convento-santo-antonio-se-transforma-em-jardim-da-paz\/","url":"https:\/\/franciscanos.org.br\/conventosantoantonio\/tempo-da-criacao-claustro-do-convento-santo-antonio-se-transforma-em-jardim-da-paz\/","name":"Tempo da Cria\u00e7\u00e3o: Claustro do Convento Santo Ant\u00f4nio se transforma em \u201cJardim da Paz\u201d - Convento Santo Ant\u00f4nio- Franciscanos","isPartOf":{"@id":"https:\/\/franciscanos.org.br\/conventosantoantonio\/#website"},"datePublished":"2025-09-04T13:00:37+00:00","dateModified":"2025-09-04T13:00:37+00:00","author":{"@id":"https:\/\/franciscanos.org.br\/conventosantoantonio\/#\/schema\/person\/9a980420618be29f098b094e6e8289e1"},"breadcrumb":{"@id":"https:\/\/franciscanos.org.br\/conventosantoantonio\/tempo-da-criacao-claustro-do-convento-santo-antonio-se-transforma-em-jardim-da-paz\/#breadcrumb"},"inLanguage":"pt-BR","potentialAction":[{"@type":"ReadAction","target":["https:\/\/franciscanos.org.br\/conventosantoantonio\/tempo-da-criacao-claustro-do-convento-santo-antonio-se-transforma-em-jardim-da-paz\/"]}]},{"@type":"BreadcrumbList","@id":"https:\/\/franciscanos.org.br\/conventosantoantonio\/tempo-da-criacao-claustro-do-convento-santo-antonio-se-transforma-em-jardim-da-paz\/#breadcrumb","itemListElement":[{"@type":"ListItem","position":1,"name":"Home","item":"https:\/\/franciscanos.org.br\/conventosantoantonio\/"},{"@type":"ListItem","position":2,"name":"Tempo da Cria\u00e7\u00e3o: Claustro do Convento Santo Ant\u00f4nio se transforma em \u201cJardim da Paz\u201d"}]},{"@type":"Person","@id":"https:\/\/franciscanos.org.br\/conventosantoantonio\/#\/schema\/person\/9a980420618be29f098b094e6e8289e1","name":"Adriana Rabelo","image":{"@type":"ImageObject","inLanguage":"pt-BR","@id":"https:\/\/franciscanos.org.br\/conventosantoantonio\/#\/schema\/person\/image\/","url":"https:\/\/secure.gravatar.com\/avatar\/0a937b7500cd7df77540cfb8bede877d?s=96&d=mm&r=g","contentUrl":"https:\/\/secure.gravatar.com\/avatar\/0a937b7500cd7df77540cfb8bede877d?s=96&d=mm&r=g","caption":"Adriana Rabelo"},"url":"https:\/\/franciscanos.org.br\/conventosantoantonio\/author\/adrianarabelo\/"}]}},"_links":{"self":[{"href":"https:\/\/franciscanos.org.br\/conventosantoantonio\/wp-json\/wp\/v2\/posts\/190103"}],"collection":[{"href":"https:\/\/franciscanos.org.br\/conventosantoantonio\/wp-json\/wp\/v2\/posts"}],"about":[{"href":"https:\/\/franciscanos.org.br\/conventosantoantonio\/wp-json\/wp\/v2\/types\/post"}],"author":[{"embeddable":true,"href":"https:\/\/franciscanos.org.br\/conventosantoantonio\/wp-json\/wp\/v2\/users\/12"}],"replies":[{"embeddable":true,"href":"https:\/\/franciscanos.org.br\/conventosantoantonio\/wp-json\/wp\/v2\/comments?post=190103"}],"version-history":[{"count":1,"href":"https:\/\/franciscanos.org.br\/conventosantoantonio\/wp-json\/wp\/v2\/posts\/190103\/revisions"}],"predecessor-version":[{"id":190108,"href":"https:\/\/franciscanos.org.br\/conventosantoantonio\/wp-json\/wp\/v2\/posts\/190103\/revisions\/190108"}],"wp:featuredmedia":[{"embeddable":true,"href":"https:\/\/franciscanos.org.br\/conventosantoantonio\/wp-json\/wp\/v2\/media\/190107"}],"wp:attachment":[{"href":"https:\/\/franciscanos.org.br\/conventosantoantonio\/wp-json\/wp\/v2\/media?parent=190103"}],"wp:term":[{"taxonomy":"category","embeddable":true,"href":"https:\/\/franciscanos.org.br\/conventosantoantonio\/wp-json\/wp\/v2\/categories?post=190103"},{"taxonomy":"post_tag","embeddable":true,"href":"https:\/\/franciscanos.org.br\/conventosantoantonio\/wp-json\/wp\/v2\/tags?post=190103"}],"curies":[{"name":"wp","href":"https:\/\/api.w.org\/{rel}","templated":true}]}}