{"id":190048,"date":"2025-06-17T14:35:33","date_gmt":"2025-06-17T17:35:33","guid":{"rendered":"https:\/\/franciscanos.org.br\/conventosantoantonio\/?p=190048"},"modified":"2025-06-17T14:35:33","modified_gmt":"2025-06-17T17:35:33","slug":"as-10-versoes-de-santo-antonio-do-largo-da-carioca","status":"publish","type":"post","link":"https:\/\/franciscanos.org.br\/conventosantoantonio\/as-10-versoes-de-santo-antonio-do-largo-da-carioca\/","title":{"rendered":"As 10 vers\u00f5es de Santo Ant\u00f4nio do Largo da Carioca"},"content":{"rendered":"<p><img loading=\"lazy\" class=\"aligncenter wp-image-190049 size-full\" src=\"https:\/\/franciscanos.org.br\/conventosantoantonio\/wp-content\/uploads\/2025\/06\/materia-2.png\" alt=\"\" width=\"1280\" height=\"720\" srcset=\"https:\/\/franciscanos.org.br\/conventosantoantonio\/wp-content\/uploads\/2025\/06\/materia-2.png 1280w, https:\/\/franciscanos.org.br\/conventosantoantonio\/wp-content\/uploads\/2025\/06\/materia-2-450x253.png 450w, https:\/\/franciscanos.org.br\/conventosantoantonio\/wp-content\/uploads\/2025\/06\/materia-2-1024x576.png 1024w, https:\/\/franciscanos.org.br\/conventosantoantonio\/wp-content\/uploads\/2025\/06\/materia-2-768x432.png 768w, https:\/\/franciscanos.org.br\/conventosantoantonio\/wp-content\/uploads\/2025\/06\/materia-2-150x84.png 150w\" sizes=\"(max-width: 1280px) 100vw, 1280px\" \/><\/p>\n<p>Pela 343\u00aa vez o Convento Santo Ant\u00f4nio do Largo da Carioca celebrou seu padroeiro com a tradicional Trezena e Festa. Partindo da tem\u00e1tica que recorda os 800 anos do C\u00e2ntico das Criaturas, \u201cSanto Ant\u00f4nio e as criaturas louvam juntos o Criador\u201d, foi marcada pelas celebra\u00e7\u00f5es di\u00e1rias na Igreja, pela 3\u00aa peregrina\u00e7\u00e3o da Imagem de Santo Ant\u00f4nio e outras atividades realizadas como parte da programa\u00e7\u00e3o, como os almo\u00e7os, a confec\u00e7\u00e3o do Bolo e os quitutes da cantina. Um percurso de f\u00e9 e devo\u00e7\u00e3o marcado pela fraternidade e pela colabora\u00e7\u00e3o de muitas m\u00e3os, cabe\u00e7as e cora\u00e7\u00f5es que seu uniram para que, mais uma vez, tudo corresse muito bem.<\/p>\n<p><strong>1) Santo Ant\u00f4nio Franciscano<\/strong><\/p>\n<p>Em 2025, Francisco e Ant\u00f4nio estiveram unidos durante toda a Trezena e tamb\u00e9m na Festa. Recordar o C\u00e2ntico das Criaturas, no qual Francisco louva o Criador pelos dons da cria\u00e7\u00e3o evidenciou a perten\u00e7a de Frei Ant\u00f4nio ao movimento franciscano. Foi ocasi\u00e3o de trazer para o cora\u00e7\u00e3o do povo a profecia de cuidado e da aten\u00e7\u00e3o quando se pensa no tema da Ecologia Integral. Dividido em partes, do C\u00e2ntico teve seus versos percorrido no decorrer da Trezena e, na jornada da imagem peregrina, declamado e rezado pelos lugares por onde Santo Ant\u00f4nio passou. Foi ocasi\u00e3o de recordar a estima e o respeito que Francisco nutria por Ant\u00f4nio, chegando a chama-lo de \u201cmeu bispo\u201d e pedindo a ele, atrav\u00e9s de um bilhete, que ensinasse a Sagrada a Teologia aos Frades.<\/p>\n<p><strong>2) Santo Ant\u00f4nio Pregador<\/strong><\/p>\n<p>A condu\u00e7\u00e3o da Trezena no Convento ficou por conta de Frei Od\u00e9cio Lima de Souza, pregador convidado deste ano. Cada dia, uma nova reflex\u00e3o cuidadosamente preparada a partir das leituras propostas na liturgia, a tem\u00e1tica celebrada e a recorrente men\u00e7\u00e3o aos serm\u00f5es ou a epis\u00f3dios da vida de Santo Ant\u00f4nio. A criatividade tamb\u00e9m marcou a atua\u00e7\u00e3o do pregador que, entre as propostas, pediu que as pessoas trouxessem de casa suas imagens de Santo Ant\u00f4nio para serem aben\u00e7oadas, fez campanha de arrecada\u00e7\u00e3o de alimentos, sorteios di\u00e1rios de brindes, \u201cfestival de bal\u00f5es vermelhos em forma de cora\u00e7\u00e3o\u201d para o Dia dos Namorados, entre outras iniciativas que conferiram cor e sabor \u00e0 Trezena.<\/p>\n\n\t\t<style type=\"text\/css\">\n\t\t\t#gallery-1 {\n\t\t\t\tmargin: auto;\n\t\t\t}\n\t\t\t#gallery-1 .gallery-item {\n\t\t\t\tfloat: left;\n\t\t\t\tmargin-top: 10px;\n\t\t\t\ttext-align: center;\n\t\t\t\twidth: 33%;\n\t\t\t}\n\t\t\t#gallery-1 img {\n\t\t\t\tborder: 2px solid #cfcfcf;\n\t\t\t}\n\t\t\t#gallery-1 .gallery-caption {\n\t\t\t\tmargin-left: 0;\n\t\t\t}\n\t\t\t\/* see gallery_shortcode() in wp-includes\/media.php *\/\n\t\t<\/style>\n\t\t<div id='gallery-1' class='gallery galleryid-190048 gallery-columns-3 gallery-size-thumbnail'><dl class='gallery-item'>\n\t\t\t<dt class='gallery-icon portrait'>\n\t\t\t\t<a href='https:\/\/franciscanos.org.br\/conventosantoantonio\/wp-content\/uploads\/2025\/06\/WhatsApp-Image-2025-06-01-at-23.17.00-3.jpeg'><img width=\"300\" height=\"300\" src=\"https:\/\/franciscanos.org.br\/conventosantoantonio\/wp-content\/uploads\/2025\/06\/WhatsApp-Image-2025-06-01-at-23.17.00-3-300x300.jpeg\" class=\"attachment-thumbnail size-thumbnail\" alt=\"\" loading=\"lazy\" srcset=\"https:\/\/franciscanos.org.br\/conventosantoantonio\/wp-content\/uploads\/2025\/06\/WhatsApp-Image-2025-06-01-at-23.17.00-3-300x300.jpeg 300w, https:\/\/franciscanos.org.br\/conventosantoantonio\/wp-content\/uploads\/2025\/06\/WhatsApp-Image-2025-06-01-at-23.17.00-3-400x400.jpeg 400w\" sizes=\"(max-width: 300px) 100vw, 300px\" \/><\/a>\n\t\t\t<\/dt><\/dl><dl class='gallery-item'>\n\t\t\t<dt class='gallery-icon portrait'>\n\t\t\t\t<a href='https:\/\/franciscanos.org.br\/conventosantoantonio\/wp-content\/uploads\/2025\/06\/WhatsApp-Image-2025-06-03-at-23.50.37-1.jpeg'><img width=\"300\" height=\"300\" src=\"https:\/\/franciscanos.org.br\/conventosantoantonio\/wp-content\/uploads\/2025\/06\/WhatsApp-Image-2025-06-03-at-23.50.37-1-300x300.jpeg\" class=\"attachment-thumbnail size-thumbnail\" alt=\"\" loading=\"lazy\" srcset=\"https:\/\/franciscanos.org.br\/conventosantoantonio\/wp-content\/uploads\/2025\/06\/WhatsApp-Image-2025-06-03-at-23.50.37-1-300x300.jpeg 300w, https:\/\/franciscanos.org.br\/conventosantoantonio\/wp-content\/uploads\/2025\/06\/WhatsApp-Image-2025-06-03-at-23.50.37-1-400x400.jpeg 400w\" sizes=\"(max-width: 300px) 100vw, 300px\" \/><\/a>\n\t\t\t<\/dt><\/dl><dl class='gallery-item'>\n\t\t\t<dt class='gallery-icon landscape'>\n\t\t\t\t<a href='https:\/\/franciscanos.org.br\/conventosantoantonio\/wp-content\/uploads\/2025\/06\/WhatsApp-Image-2025-06-11-at-22.18.56-1-300x300-1.jpeg'><img width=\"300\" height=\"300\" src=\"https:\/\/franciscanos.org.br\/conventosantoantonio\/wp-content\/uploads\/2025\/06\/WhatsApp-Image-2025-06-11-at-22.18.56-1-300x300-1-300x300.jpeg\" class=\"attachment-thumbnail size-thumbnail\" alt=\"\" loading=\"lazy\" srcset=\"https:\/\/franciscanos.org.br\/conventosantoantonio\/wp-content\/uploads\/2025\/06\/WhatsApp-Image-2025-06-11-at-22.18.56-1-300x300-1.jpeg 300w, https:\/\/franciscanos.org.br\/conventosantoantonio\/wp-content\/uploads\/2025\/06\/WhatsApp-Image-2025-06-11-at-22.18.56-1-300x300-1-150x150.jpeg 150w\" sizes=\"(max-width: 300px) 100vw, 300px\" \/><\/a>\n\t\t\t<\/dt><\/dl><br style=\"clear: both\" \/>\n\t\t<\/div>\n\n<p><strong>3) Santo Ant\u00f4nio Peregrino<\/strong><\/p>\n<p>Foi uma jornada extensa e intensa a 3\u00aa peregrina\u00e7\u00e3o da Imagem de Santo Ant\u00f4nio. Por onde passaram, os frades foram recebidos de maneira alegre a acolhedora, levando as b\u00ean\u00e7\u00e3os generosas de Deus por onde passaram como portadores da imagem e da rel\u00edquia, um pequeno peda\u00e7o do osso de Santo Ant\u00f4nio exposto num relic\u00e1rio que chegou no Convento h\u00e1 101 anos. Tamb\u00e9m oportunidade de difundir e irradiar o carisma franciscano, recordando os 800 anos do C\u00e2ntico das Criaturas. O poema escrito por Francisco de Assis foi declamado por vozes diversas em diferentes ambientes: pela primeira dama do Estado no Pal\u00e1cio Guanabara, por uma detenta no Pres\u00eddio Feminino Talavera Bruce, por profissionais da sa\u00fade nos hospitais visitados, entre as pessoas em situa\u00e7\u00e3o de Rua, por militares da Marinha, dos Bombeiros e da Pol\u00edcia Militar, retratado na arte inocente das Crian\u00e7as da Funda\u00e7\u00e3o S\u00e3o Martinho etc. Segue a lista dos lugares visitados nos 13 dias de peregrina\u00e7\u00e3o: 31\/05 \u2013 Santu\u00e1rio Nossa Senhora da Penha e CADEG; 01\/06 \u2013 Caf\u00e9 dos irm\u00e3os de rua (Catedral), almo\u00e7o com os irm\u00e3os de rua (Casa Franciscana) e S\u00e3o Jo\u00e3o de Meriti; 02\/06 \u2013 Pal\u00e1cio da Cidade (Prefeito Eduardo Paes) e Hospital Souza Aguiar; 03\/06 \u2013 Hospital S\u00e3o Francisco na Provid\u00eancia de Deus e Capitania dos Portos (Marinha \u2013 prociss\u00e3o mar\u00edtima); 04\/06 \u2013 Instituto Nacional de C\u00e2ncer (INCA); 05\/06 \u2013 C\u00e2mara Municipal e Assembleia Legislativa do Estado; 06\/06 \u2013 Show do Ant\u00f4nio Carlos (R\u00e1dio Tupi), Grava\u00e7\u00e3o do Globo Comunidade (Feira de S\u00e3o Crist\u00f3v\u00e3o) e Cristo Redentor; 07\/06 \u2013 Est\u00fadios Globo (Programa \u00c9 de Casa), Cacique de Ramos e Comunidade Santo Ant\u00f4nio (Nil\u00f3polis); 08\/06 \u2013 Programa Domingo Show (R\u00e1dio Tupi), Mosteiro da Ajuda (Vila Isabel), Mosteiro Santa Maria dos Anjos (G\u00e1vea), Par\u00f3quia da Porci\u00fancula (Niter\u00f3i); 09\/06 \u2013 Unidade Prisional Talavera Bruce (pres\u00eddio feminino); 10\/06 \u2013 Retiro dos Artistas e R\u00e1dio Saara e Igreja Nossa Senhora do Ter\u00e7o;\u00a0 11\/06 \u2013 Comando dos Bombeiros e Quartel General da Pol\u00edcia Militar; 12\/06 \u2013 Pal\u00e1cio Guanabara (Governador Claudio Castro) e Funda\u00e7\u00e3o S\u00e3o Martinho.<\/p>\n\n\t\t<style type=\"text\/css\">\n\t\t\t#gallery-2 {\n\t\t\t\tmargin: auto;\n\t\t\t}\n\t\t\t#gallery-2 .gallery-item {\n\t\t\t\tfloat: left;\n\t\t\t\tmargin-top: 10px;\n\t\t\t\ttext-align: center;\n\t\t\t\twidth: 25%;\n\t\t\t}\n\t\t\t#gallery-2 img {\n\t\t\t\tborder: 2px solid #cfcfcf;\n\t\t\t}\n\t\t\t#gallery-2 .gallery-caption {\n\t\t\t\tmargin-left: 0;\n\t\t\t}\n\t\t\t\/* see gallery_shortcode() in wp-includes\/media.php *\/\n\t\t<\/style>\n\t\t<div id='gallery-2' class='gallery galleryid-190048 gallery-columns-4 gallery-size-thumbnail'><dl class='gallery-item'>\n\t\t\t<dt class='gallery-icon landscape'>\n\t\t\t\t<a href='https:\/\/franciscanos.org.br\/conventosantoantonio\/wp-content\/uploads\/2025\/06\/trezena-santo-antonio-07-06-2025-1126-1.jpg'><img width=\"300\" height=\"300\" src=\"https:\/\/franciscanos.org.br\/conventosantoantonio\/wp-content\/uploads\/2025\/06\/trezena-santo-antonio-07-06-2025-1126-1-300x300.jpg\" class=\"attachment-thumbnail size-thumbnail\" alt=\"\" loading=\"lazy\" srcset=\"https:\/\/franciscanos.org.br\/conventosantoantonio\/wp-content\/uploads\/2025\/06\/trezena-santo-antonio-07-06-2025-1126-1-300x300.jpg 300w, https:\/\/franciscanos.org.br\/conventosantoantonio\/wp-content\/uploads\/2025\/06\/trezena-santo-antonio-07-06-2025-1126-1-400x400.jpg 400w\" sizes=\"(max-width: 300px) 100vw, 300px\" \/><\/a>\n\t\t\t<\/dt><\/dl><dl class='gallery-item'>\n\t\t\t<dt class='gallery-icon landscape'>\n\t\t\t\t<a href='https:\/\/franciscanos.org.br\/conventosantoantonio\/wp-content\/uploads\/2025\/06\/WhatsApp-Image-2025-06-03-at-23.58.32-1-1.jpeg'><img width=\"300\" height=\"300\" src=\"https:\/\/franciscanos.org.br\/conventosantoantonio\/wp-content\/uploads\/2025\/06\/WhatsApp-Image-2025-06-03-at-23.58.32-1-1-300x300.jpeg\" class=\"attachment-thumbnail size-thumbnail\" alt=\"\" loading=\"lazy\" srcset=\"https:\/\/franciscanos.org.br\/conventosantoantonio\/wp-content\/uploads\/2025\/06\/WhatsApp-Image-2025-06-03-at-23.58.32-1-1-300x300.jpeg 300w, https:\/\/franciscanos.org.br\/conventosantoantonio\/wp-content\/uploads\/2025\/06\/WhatsApp-Image-2025-06-03-at-23.58.32-1-1-400x400.jpeg 400w\" sizes=\"(max-width: 300px) 100vw, 300px\" \/><\/a>\n\t\t\t<\/dt><\/dl><dl class='gallery-item'>\n\t\t\t<dt class='gallery-icon landscape'>\n\t\t\t\t<a href='https:\/\/franciscanos.org.br\/conventosantoantonio\/wp-content\/uploads\/2025\/06\/WhatsApp-Image-2025-06-05-at-23.54.02.jpeg'><img width=\"300\" height=\"300\" src=\"https:\/\/franciscanos.org.br\/conventosantoantonio\/wp-content\/uploads\/2025\/06\/WhatsApp-Image-2025-06-05-at-23.54.02-300x300.jpeg\" class=\"attachment-thumbnail size-thumbnail\" alt=\"\" loading=\"lazy\" srcset=\"https:\/\/franciscanos.org.br\/conventosantoantonio\/wp-content\/uploads\/2025\/06\/WhatsApp-Image-2025-06-05-at-23.54.02-300x300.jpeg 300w, https:\/\/franciscanos.org.br\/conventosantoantonio\/wp-content\/uploads\/2025\/06\/WhatsApp-Image-2025-06-05-at-23.54.02-400x400.jpeg 400w\" sizes=\"(max-width: 300px) 100vw, 300px\" \/><\/a>\n\t\t\t<\/dt><\/dl><dl class='gallery-item'>\n\t\t\t<dt class='gallery-icon landscape'>\n\t\t\t\t<a href='https:\/\/franciscanos.org.br\/conventosantoantonio\/wp-content\/uploads\/2025\/06\/WhatsApp-Image-2025-06-11-at-22.16.21-1.jpeg'><img width=\"300\" height=\"300\" src=\"https:\/\/franciscanos.org.br\/conventosantoantonio\/wp-content\/uploads\/2025\/06\/WhatsApp-Image-2025-06-11-at-22.16.21-1-300x300.jpeg\" class=\"attachment-thumbnail size-thumbnail\" alt=\"\" loading=\"lazy\" srcset=\"https:\/\/franciscanos.org.br\/conventosantoantonio\/wp-content\/uploads\/2025\/06\/WhatsApp-Image-2025-06-11-at-22.16.21-1-300x300.jpeg 300w, https:\/\/franciscanos.org.br\/conventosantoantonio\/wp-content\/uploads\/2025\/06\/WhatsApp-Image-2025-06-11-at-22.16.21-1-400x400.jpeg 400w\" sizes=\"(max-width: 300px) 100vw, 300px\" \/><\/a>\n\t\t\t<\/dt><\/dl><br style=\"clear: both\" \/>\n\t\t<\/div>\n\n<p><strong>4) Santo Ant\u00f4nio Gastron\u00f4mico<\/strong><\/p>\n<p>Foram tr\u00eas almo\u00e7os com card\u00e1pio de massas para recordar a liga\u00e7\u00e3o de Santo Ant\u00f4nio com a It\u00e1lia. As refei\u00e7\u00f5es eram servidas no Refeit\u00f3rio do Convento. Teve\u00a0<em>Spaghetti<\/em>\u00a0com alm\u00f4ndegas no dia 31 de maio,\u00a0<em>Penne<\/em>\u00a0aos Quatro Queijos no dia 1 de junho e\u00a0<em>Penne<\/em>\u00a0ao Molho Siciliano no dia 8 de junho. No dia de Santo Ant\u00f4nio, as del\u00edcias tradicionais pr\u00f3prias das festas juninas: canjica, bolo de milho, bolo de mandioca, cuscuz de tapioca, caldo de ervilha, cachorro quente, pastel etc. O alimento, sinal de vida e fraternidade, \u00e9 s\u00edmbolo da generosidade fraterna de Santo Ant\u00f4nio, especialmente para com os mais pobres.<\/p>\n\n\t\t<style type=\"text\/css\">\n\t\t\t#gallery-3 {\n\t\t\t\tmargin: auto;\n\t\t\t}\n\t\t\t#gallery-3 .gallery-item {\n\t\t\t\tfloat: left;\n\t\t\t\tmargin-top: 10px;\n\t\t\t\ttext-align: center;\n\t\t\t\twidth: 33%;\n\t\t\t}\n\t\t\t#gallery-3 img {\n\t\t\t\tborder: 2px solid #cfcfcf;\n\t\t\t}\n\t\t\t#gallery-3 .gallery-caption {\n\t\t\t\tmargin-left: 0;\n\t\t\t}\n\t\t\t\/* see gallery_shortcode() in wp-includes\/media.php *\/\n\t\t<\/style>\n\t\t<div id='gallery-3' class='gallery galleryid-190048 gallery-columns-3 gallery-size-thumbnail'><dl class='gallery-item'>\n\t\t\t<dt class='gallery-icon landscape'>\n\t\t\t\t<a href='https:\/\/franciscanos.org.br\/conventosantoantonio\/wp-content\/uploads\/2025\/06\/WhatsApp-Image-2025-06-01-at-23.23.51-1-1-1.jpeg'><img width=\"300\" height=\"300\" src=\"https:\/\/franciscanos.org.br\/conventosantoantonio\/wp-content\/uploads\/2025\/06\/WhatsApp-Image-2025-06-01-at-23.23.51-1-1-1-300x300.jpeg\" class=\"attachment-thumbnail size-thumbnail\" alt=\"\" loading=\"lazy\" srcset=\"https:\/\/franciscanos.org.br\/conventosantoantonio\/wp-content\/uploads\/2025\/06\/WhatsApp-Image-2025-06-01-at-23.23.51-1-1-1-300x300.jpeg 300w, https:\/\/franciscanos.org.br\/conventosantoantonio\/wp-content\/uploads\/2025\/06\/WhatsApp-Image-2025-06-01-at-23.23.51-1-1-1-400x400.jpeg 400w\" sizes=\"(max-width: 300px) 100vw, 300px\" \/><\/a>\n\t\t\t<\/dt><\/dl><dl class='gallery-item'>\n\t\t\t<dt class='gallery-icon landscape'>\n\t\t\t\t<a href='https:\/\/franciscanos.org.br\/conventosantoantonio\/wp-content\/uploads\/2025\/06\/WhatsApp-Image-2025-06-01-at-23.23.51-2-1.jpeg'><img width=\"300\" height=\"300\" src=\"https:\/\/franciscanos.org.br\/conventosantoantonio\/wp-content\/uploads\/2025\/06\/WhatsApp-Image-2025-06-01-at-23.23.51-2-1-300x300.jpeg\" class=\"attachment-thumbnail size-thumbnail\" alt=\"\" loading=\"lazy\" srcset=\"https:\/\/franciscanos.org.br\/conventosantoantonio\/wp-content\/uploads\/2025\/06\/WhatsApp-Image-2025-06-01-at-23.23.51-2-1-300x300.jpeg 300w, https:\/\/franciscanos.org.br\/conventosantoantonio\/wp-content\/uploads\/2025\/06\/WhatsApp-Image-2025-06-01-at-23.23.51-2-1-400x400.jpeg 400w\" sizes=\"(max-width: 300px) 100vw, 300px\" \/><\/a>\n\t\t\t<\/dt><\/dl><dl class='gallery-item'>\n\t\t\t<dt class='gallery-icon landscape'>\n\t\t\t\t<a href='https:\/\/franciscanos.org.br\/conventosantoantonio\/wp-content\/uploads\/2025\/06\/WhatsApp-Image-2025-06-01-at-23.23.51-3-1.jpeg'><img width=\"300\" height=\"300\" src=\"https:\/\/franciscanos.org.br\/conventosantoantonio\/wp-content\/uploads\/2025\/06\/WhatsApp-Image-2025-06-01-at-23.23.51-3-1-300x300.jpeg\" class=\"attachment-thumbnail size-thumbnail\" alt=\"\" loading=\"lazy\" srcset=\"https:\/\/franciscanos.org.br\/conventosantoantonio\/wp-content\/uploads\/2025\/06\/WhatsApp-Image-2025-06-01-at-23.23.51-3-1-300x300.jpeg 300w, https:\/\/franciscanos.org.br\/conventosantoantonio\/wp-content\/uploads\/2025\/06\/WhatsApp-Image-2025-06-01-at-23.23.51-3-1-400x400.jpeg 400w\" sizes=\"(max-width: 300px) 100vw, 300px\" \/><\/a>\n\t\t\t<\/dt><\/dl><br style=\"clear: both\" \/>\n\t\t<\/div>\n\n<p><strong>5) Santo Ant\u00f4nio Solid\u00e1rio<\/strong><\/p>\n<p>Foram distribu\u00eddos 30 mil p\u00e3ezinhos, doa\u00e7\u00e3o de uma grande emissora de R\u00e1dio em parceria com uma rede de Supermercados. Outra iniciativa Solid\u00e1ria nascida da Trezena e da Festa ser\u00e1 o almo\u00e7o oferecido \u00e0s pessoas em situa\u00e7\u00e3o de rua no Refeit\u00f3rio do Convento, previsto para se realizar no dia 12 de julho. O Selo Santo Ant\u00f4nio Solid\u00e1rio \u00e9 uma iniciativa da Prov\u00edncia da Imaculada que come\u00e7ou em 2024, buscando atrelar o compromisso solid\u00e1rio da partilha \u00e0 devo\u00e7\u00e3o e \u00e0 celebra\u00e7\u00e3o de Santo Ant\u00f4nio em todo o territ\u00f3rio Provincial.<\/p>\n\n\t\t<style type=\"text\/css\">\n\t\t\t#gallery-4 {\n\t\t\t\tmargin: auto;\n\t\t\t}\n\t\t\t#gallery-4 .gallery-item {\n\t\t\t\tfloat: left;\n\t\t\t\tmargin-top: 10px;\n\t\t\t\ttext-align: center;\n\t\t\t\twidth: 33%;\n\t\t\t}\n\t\t\t#gallery-4 img {\n\t\t\t\tborder: 2px solid #cfcfcf;\n\t\t\t}\n\t\t\t#gallery-4 .gallery-caption {\n\t\t\t\tmargin-left: 0;\n\t\t\t}\n\t\t\t\/* see gallery_shortcode() in wp-includes\/media.php *\/\n\t\t<\/style>\n\t\t<div id='gallery-4' class='gallery galleryid-190048 gallery-columns-3 gallery-size-thumbnail'><dl class='gallery-item'>\n\t\t\t<dt class='gallery-icon landscape'>\n\t\t\t\t<a href='https:\/\/franciscanos.org.br\/conventosantoantonio\/wp-content\/uploads\/2025\/06\/WhatsApp-Image-2025-06-01-at-23.28.36-1-1.jpeg'><img width=\"300\" height=\"300\" src=\"https:\/\/franciscanos.org.br\/conventosantoantonio\/wp-content\/uploads\/2025\/06\/WhatsApp-Image-2025-06-01-at-23.28.36-1-1-300x300.jpeg\" class=\"attachment-thumbnail size-thumbnail\" alt=\"\" loading=\"lazy\" srcset=\"https:\/\/franciscanos.org.br\/conventosantoantonio\/wp-content\/uploads\/2025\/06\/WhatsApp-Image-2025-06-01-at-23.28.36-1-1-300x300.jpeg 300w, https:\/\/franciscanos.org.br\/conventosantoantonio\/wp-content\/uploads\/2025\/06\/WhatsApp-Image-2025-06-01-at-23.28.36-1-1-400x400.jpeg 400w\" sizes=\"(max-width: 300px) 100vw, 300px\" \/><\/a>\n\t\t\t<\/dt><\/dl><dl class='gallery-item'>\n\t\t\t<dt class='gallery-icon portrait'>\n\t\t\t\t<a href='https:\/\/franciscanos.org.br\/conventosantoantonio\/wp-content\/uploads\/2025\/06\/WhatsApp-Image-2025-06-11-at-22.14.24-2-1.jpeg'><img width=\"300\" height=\"300\" src=\"https:\/\/franciscanos.org.br\/conventosantoantonio\/wp-content\/uploads\/2025\/06\/WhatsApp-Image-2025-06-11-at-22.14.24-2-1-300x300.jpeg\" class=\"attachment-thumbnail size-thumbnail\" alt=\"\" loading=\"lazy\" srcset=\"https:\/\/franciscanos.org.br\/conventosantoantonio\/wp-content\/uploads\/2025\/06\/WhatsApp-Image-2025-06-11-at-22.14.24-2-1-300x300.jpeg 300w, https:\/\/franciscanos.org.br\/conventosantoantonio\/wp-content\/uploads\/2025\/06\/WhatsApp-Image-2025-06-11-at-22.14.24-2-1-400x400.jpeg 400w\" sizes=\"(max-width: 300px) 100vw, 300px\" \/><\/a>\n\t\t\t<\/dt><\/dl><dl class='gallery-item'>\n\t\t\t<dt class='gallery-icon portrait'>\n\t\t\t\t<a href='https:\/\/franciscanos.org.br\/conventosantoantonio\/wp-content\/uploads\/2025\/06\/IMG_9894-scaled-1.jpg'><img width=\"300\" height=\"300\" src=\"https:\/\/franciscanos.org.br\/conventosantoantonio\/wp-content\/uploads\/2025\/06\/IMG_9894-scaled-1-300x300.jpg\" class=\"attachment-thumbnail size-thumbnail\" alt=\"\" loading=\"lazy\" srcset=\"https:\/\/franciscanos.org.br\/conventosantoantonio\/wp-content\/uploads\/2025\/06\/IMG_9894-scaled-1-300x300.jpg 300w, https:\/\/franciscanos.org.br\/conventosantoantonio\/wp-content\/uploads\/2025\/06\/IMG_9894-scaled-1-400x400.jpg 400w\" sizes=\"(max-width: 300px) 100vw, 300px\" \/><\/a>\n\t\t\t<\/dt><\/dl><br style=\"clear: both\" \/>\n\t\t<\/div>\n\n<p><strong>6) Santo Ant\u00f4nio do Bolo<\/strong><\/p>\n<p>O bolo de Santo Ant\u00f4nio \u00e9 um cap\u00edtulo \u00e0 parte. Primeiro os dois metros distribu\u00eddos ap\u00f3s a missa das 12h no dia 12 de junho, Dia dos Namorados, celebrando os 417 anos do Convento e os 343 anos da Trezena. Pelo terceiro ano consecutivo, uma gentileza da Sociedade dos Amigos da Rua da Carioca e Adjac\u00eancias (SARCA), sob a presid\u00eancia do Sr. Roberto Curi, articulada junto a patrocinadores. O outro \u00e9 o Bolo de Santo Ant\u00f4nio, com 25 metros de comprimento, assado na padaria e montado no refeit\u00f3rio do Convento: massa de bolo tradicional, umedecida com calda de ameixa e especiarias, recheio de doce de leite e 1200 medalhinhas de Santo Ant\u00f4nio espalhadas entre a massa e o recheio. Cerca de cinco mil fatias s\u00e3o vendidas e se esgotam com certa rapidez.<\/p>\n\n\t\t<style type=\"text\/css\">\n\t\t\t#gallery-5 {\n\t\t\t\tmargin: auto;\n\t\t\t}\n\t\t\t#gallery-5 .gallery-item {\n\t\t\t\tfloat: left;\n\t\t\t\tmargin-top: 10px;\n\t\t\t\ttext-align: center;\n\t\t\t\twidth: 33%;\n\t\t\t}\n\t\t\t#gallery-5 img {\n\t\t\t\tborder: 2px solid #cfcfcf;\n\t\t\t}\n\t\t\t#gallery-5 .gallery-caption {\n\t\t\t\tmargin-left: 0;\n\t\t\t}\n\t\t\t\/* see gallery_shortcode() in wp-includes\/media.php *\/\n\t\t<\/style>\n\t\t<div id='gallery-5' class='gallery galleryid-190048 gallery-columns-3 gallery-size-thumbnail'><dl class='gallery-item'>\n\t\t\t<dt class='gallery-icon portrait'>\n\t\t\t\t<a href='https:\/\/franciscanos.org.br\/conventosantoantonio\/wp-content\/uploads\/2025\/06\/WhatsApp-Image-2025-06-16-at-21.06.43.jpeg'><img width=\"300\" height=\"300\" src=\"https:\/\/franciscanos.org.br\/conventosantoantonio\/wp-content\/uploads\/2025\/06\/WhatsApp-Image-2025-06-16-at-21.06.43-300x300.jpeg\" class=\"attachment-thumbnail size-thumbnail\" alt=\"\" loading=\"lazy\" srcset=\"https:\/\/franciscanos.org.br\/conventosantoantonio\/wp-content\/uploads\/2025\/06\/WhatsApp-Image-2025-06-16-at-21.06.43-300x300.jpeg 300w, https:\/\/franciscanos.org.br\/conventosantoantonio\/wp-content\/uploads\/2025\/06\/WhatsApp-Image-2025-06-16-at-21.06.43-400x400.jpeg 400w\" sizes=\"(max-width: 300px) 100vw, 300px\" \/><\/a>\n\t\t\t<\/dt><\/dl><dl class='gallery-item'>\n\t\t\t<dt class='gallery-icon landscape'>\n\t\t\t\t<a href='https:\/\/franciscanos.org.br\/conventosantoantonio\/wp-content\/uploads\/2025\/06\/WhatsApp-Image-2025-06-16-at-21.06.43-1.jpeg'><img width=\"300\" height=\"300\" src=\"https:\/\/franciscanos.org.br\/conventosantoantonio\/wp-content\/uploads\/2025\/06\/WhatsApp-Image-2025-06-16-at-21.06.43-1-300x300.jpeg\" class=\"attachment-thumbnail size-thumbnail\" alt=\"\" loading=\"lazy\" srcset=\"https:\/\/franciscanos.org.br\/conventosantoantonio\/wp-content\/uploads\/2025\/06\/WhatsApp-Image-2025-06-16-at-21.06.43-1-300x300.jpeg 300w, https:\/\/franciscanos.org.br\/conventosantoantonio\/wp-content\/uploads\/2025\/06\/WhatsApp-Image-2025-06-16-at-21.06.43-1-400x400.jpeg 400w\" sizes=\"(max-width: 300px) 100vw, 300px\" \/><\/a>\n\t\t\t<\/dt><\/dl><dl class='gallery-item'>\n\t\t\t<dt class='gallery-icon portrait'>\n\t\t\t\t<a href='https:\/\/franciscanos.org.br\/conventosantoantonio\/wp-content\/uploads\/2025\/06\/WhatsApp-Image-2025-06-16-at-21.06.43-2.jpeg'><img width=\"300\" height=\"300\" src=\"https:\/\/franciscanos.org.br\/conventosantoantonio\/wp-content\/uploads\/2025\/06\/WhatsApp-Image-2025-06-16-at-21.06.43-2-300x300.jpeg\" class=\"attachment-thumbnail size-thumbnail\" alt=\"\" loading=\"lazy\" srcset=\"https:\/\/franciscanos.org.br\/conventosantoantonio\/wp-content\/uploads\/2025\/06\/WhatsApp-Image-2025-06-16-at-21.06.43-2-300x300.jpeg 300w, https:\/\/franciscanos.org.br\/conventosantoantonio\/wp-content\/uploads\/2025\/06\/WhatsApp-Image-2025-06-16-at-21.06.43-2-400x400.jpeg 400w\" sizes=\"(max-width: 300px) 100vw, 300px\" \/><\/a>\n\t\t\t<\/dt><\/dl><br style=\"clear: both\" \/>\n\t\t<\/div>\n\n<p><strong>7) Santo Ant\u00f4nio Carioca e Fluminense<\/strong><\/p>\n<p>A Festa de Santo Ant\u00f4nio mobiliza fi\u00e9is e volunt\u00e1rios dos quatro quantos da Cidade do Rio e tamb\u00e9m da Regi\u00e3o Metropolitana. Entre a turma que ajuda a \u201cpor a m\u00e3o na massa\u201d, h\u00e1 quem venha da Zona Sul, do Centro, Zona Norte, Duque de Caxias, Nil\u00f3polis, S\u00e3o Jo\u00e3o de Meriti e Nova Igua\u00e7u. Encontram em Santo Ant\u00f4nio do Largo da Carioca um amigo e protetor a quem desejam demonstrar gratid\u00e3o e afeto doando seu precioso trabalho.<\/p>\n\n\t\t<style type=\"text\/css\">\n\t\t\t#gallery-6 {\n\t\t\t\tmargin: auto;\n\t\t\t}\n\t\t\t#gallery-6 .gallery-item {\n\t\t\t\tfloat: left;\n\t\t\t\tmargin-top: 10px;\n\t\t\t\ttext-align: center;\n\t\t\t\twidth: 25%;\n\t\t\t}\n\t\t\t#gallery-6 img {\n\t\t\t\tborder: 2px solid #cfcfcf;\n\t\t\t}\n\t\t\t#gallery-6 .gallery-caption {\n\t\t\t\tmargin-left: 0;\n\t\t\t}\n\t\t\t\/* see gallery_shortcode() in wp-includes\/media.php *\/\n\t\t<\/style>\n\t\t<div id='gallery-6' class='gallery galleryid-190048 gallery-columns-4 gallery-size-thumbnail'><dl class='gallery-item'>\n\t\t\t<dt class='gallery-icon portrait'>\n\t\t\t\t<a href='https:\/\/franciscanos.org.br\/conventosantoantonio\/wp-content\/uploads\/2025\/06\/WhatsApp-Image-2025-06-01-at-23.28.37-1.jpeg'><img width=\"300\" height=\"300\" src=\"https:\/\/franciscanos.org.br\/conventosantoantonio\/wp-content\/uploads\/2025\/06\/WhatsApp-Image-2025-06-01-at-23.28.37-1-300x300.jpeg\" class=\"attachment-thumbnail size-thumbnail\" alt=\"\" loading=\"lazy\" srcset=\"https:\/\/franciscanos.org.br\/conventosantoantonio\/wp-content\/uploads\/2025\/06\/WhatsApp-Image-2025-06-01-at-23.28.37-1-300x300.jpeg 300w, https:\/\/franciscanos.org.br\/conventosantoantonio\/wp-content\/uploads\/2025\/06\/WhatsApp-Image-2025-06-01-at-23.28.37-1-400x400.jpeg 400w\" sizes=\"(max-width: 300px) 100vw, 300px\" \/><\/a>\n\t\t\t<\/dt><\/dl><dl class='gallery-item'>\n\t\t\t<dt class='gallery-icon portrait'>\n\t\t\t\t<a href='https:\/\/franciscanos.org.br\/conventosantoantonio\/wp-content\/uploads\/2025\/06\/WhatsApp-Image-2025-06-09-at-22.28.13-2.jpeg'><img width=\"300\" height=\"300\" src=\"https:\/\/franciscanos.org.br\/conventosantoantonio\/wp-content\/uploads\/2025\/06\/WhatsApp-Image-2025-06-09-at-22.28.13-2-300x300.jpeg\" class=\"attachment-thumbnail size-thumbnail\" alt=\"\" loading=\"lazy\" srcset=\"https:\/\/franciscanos.org.br\/conventosantoantonio\/wp-content\/uploads\/2025\/06\/WhatsApp-Image-2025-06-09-at-22.28.13-2-300x300.jpeg 300w, https:\/\/franciscanos.org.br\/conventosantoantonio\/wp-content\/uploads\/2025\/06\/WhatsApp-Image-2025-06-09-at-22.28.13-2-400x400.jpeg 400w\" sizes=\"(max-width: 300px) 100vw, 300px\" \/><\/a>\n\t\t\t<\/dt><\/dl><dl class='gallery-item'>\n\t\t\t<dt class='gallery-icon landscape'>\n\t\t\t\t<a href='https:\/\/franciscanos.org.br\/conventosantoantonio\/wp-content\/uploads\/2025\/06\/WhatsApp-Image-2025-06-09-at-22.30.39-2-1-scaled-1.jpeg'><img width=\"300\" height=\"300\" src=\"https:\/\/franciscanos.org.br\/conventosantoantonio\/wp-content\/uploads\/2025\/06\/WhatsApp-Image-2025-06-09-at-22.30.39-2-1-scaled-1-300x300.jpeg\" class=\"attachment-thumbnail size-thumbnail\" alt=\"\" loading=\"lazy\" srcset=\"https:\/\/franciscanos.org.br\/conventosantoantonio\/wp-content\/uploads\/2025\/06\/WhatsApp-Image-2025-06-09-at-22.30.39-2-1-scaled-1-300x300.jpeg 300w, https:\/\/franciscanos.org.br\/conventosantoantonio\/wp-content\/uploads\/2025\/06\/WhatsApp-Image-2025-06-09-at-22.30.39-2-1-scaled-1-400x400.jpeg 400w\" sizes=\"(max-width: 300px) 100vw, 300px\" \/><\/a>\n\t\t\t<\/dt><\/dl><dl class='gallery-item'>\n\t\t\t<dt class='gallery-icon landscape'>\n\t\t\t\t<a href='https:\/\/franciscanos.org.br\/conventosantoantonio\/wp-content\/uploads\/2025\/06\/WhatsApp-Image-2025-06-01-at-23.25.19-3-1.jpeg'><img width=\"300\" height=\"300\" src=\"https:\/\/franciscanos.org.br\/conventosantoantonio\/wp-content\/uploads\/2025\/06\/WhatsApp-Image-2025-06-01-at-23.25.19-3-1-300x300.jpeg\" class=\"attachment-thumbnail size-thumbnail\" alt=\"\" loading=\"lazy\" srcset=\"https:\/\/franciscanos.org.br\/conventosantoantonio\/wp-content\/uploads\/2025\/06\/WhatsApp-Image-2025-06-01-at-23.25.19-3-1-300x300.jpeg 300w, https:\/\/franciscanos.org.br\/conventosantoantonio\/wp-content\/uploads\/2025\/06\/WhatsApp-Image-2025-06-01-at-23.25.19-3-1-400x400.jpeg 400w\" sizes=\"(max-width: 300px) 100vw, 300px\" \/><\/a>\n\t\t\t<\/dt><\/dl><br style=\"clear: both\" \/>\n\t\t<\/div>\n\n<p><strong>8) Santo Ant\u00f4nio Autoridade<\/strong><\/p>\n<p>O reconhecimento do poder p\u00fablico em rela\u00e7\u00e3o \u00e0 import\u00e2ncia do Convento no cen\u00e1rio da Cidade do Rio de Janeiro, do Estado e at\u00e9m mesmo do pa\u00eds j\u00e1 se manifestou de muitas maneiras no decorrer desta hist\u00f3ria de 417 anos. Em Lei aprovada a 8 de agosto de 2024 (Lei 8533\/2024), proposta pelo Vereador Rafael Alo\u00edsio de Freitas, a Trezena da Festa do Convento de Santo Ant\u00f4nio foi reconhecida pela C\u00e2mara Municipal como Patrim\u00f4nio Cultural de Natureza Imaterial da Cidade do Rio de Janeiro. Na celebra\u00e7\u00e3o de 12h do dia 13 de junho de 2025, o Deputado Estadual, Fred Pacheco, al\u00e9m de entregar uma mo\u00e7\u00e3o de aplauso pela Trezena, anunciou a tramita\u00e7\u00e3o do Projeto de Lei na ALERJ que prop\u00f5e o reconhecimento da Trezena como Patrim\u00f4nio Cultural Imaterial do Estado do Rio de Janeiro.<\/p>\n\n\t\t<style type=\"text\/css\">\n\t\t\t#gallery-7 {\n\t\t\t\tmargin: auto;\n\t\t\t}\n\t\t\t#gallery-7 .gallery-item {\n\t\t\t\tfloat: left;\n\t\t\t\tmargin-top: 10px;\n\t\t\t\ttext-align: center;\n\t\t\t\twidth: 33%;\n\t\t\t}\n\t\t\t#gallery-7 img {\n\t\t\t\tborder: 2px solid #cfcfcf;\n\t\t\t}\n\t\t\t#gallery-7 .gallery-caption {\n\t\t\t\tmargin-left: 0;\n\t\t\t}\n\t\t\t\/* see gallery_shortcode() in wp-includes\/media.php *\/\n\t\t<\/style>\n\t\t<div id='gallery-7' class='gallery galleryid-190048 gallery-columns-3 gallery-size-thumbnail'><dl class='gallery-item'>\n\t\t\t<dt class='gallery-icon landscape'>\n\t\t\t\t<a href='https:\/\/franciscanos.org.br\/conventosantoantonio\/wp-content\/uploads\/2025\/06\/54569471216_d344c3c09c_o-scaled-1.jpg'><img width=\"300\" height=\"300\" src=\"https:\/\/franciscanos.org.br\/conventosantoantonio\/wp-content\/uploads\/2025\/06\/54569471216_d344c3c09c_o-scaled-1-300x300.jpg\" class=\"attachment-thumbnail size-thumbnail\" alt=\"\" loading=\"lazy\" srcset=\"https:\/\/franciscanos.org.br\/conventosantoantonio\/wp-content\/uploads\/2025\/06\/54569471216_d344c3c09c_o-scaled-1-300x300.jpg 300w, https:\/\/franciscanos.org.br\/conventosantoantonio\/wp-content\/uploads\/2025\/06\/54569471216_d344c3c09c_o-scaled-1-400x400.jpg 400w\" sizes=\"(max-width: 300px) 100vw, 300px\" \/><\/a>\n\t\t\t<\/dt><\/dl><dl class='gallery-item'>\n\t\t\t<dt class='gallery-icon landscape'>\n\t\t\t\t<a href='https:\/\/franciscanos.org.br\/conventosantoantonio\/wp-content\/uploads\/2025\/06\/54569655984_092eaac17c_o-2-scaled-1.jpg'><img width=\"300\" height=\"300\" src=\"https:\/\/franciscanos.org.br\/conventosantoantonio\/wp-content\/uploads\/2025\/06\/54569655984_092eaac17c_o-2-scaled-1-300x300.jpg\" class=\"attachment-thumbnail size-thumbnail\" alt=\"\" loading=\"lazy\" srcset=\"https:\/\/franciscanos.org.br\/conventosantoantonio\/wp-content\/uploads\/2025\/06\/54569655984_092eaac17c_o-2-scaled-1-300x300.jpg 300w, https:\/\/franciscanos.org.br\/conventosantoantonio\/wp-content\/uploads\/2025\/06\/54569655984_092eaac17c_o-2-scaled-1-400x400.jpg 400w\" sizes=\"(max-width: 300px) 100vw, 300px\" \/><\/a>\n\t\t\t<\/dt><\/dl><dl class='gallery-item'>\n\t\t\t<dt class='gallery-icon portrait'>\n\t\t\t\t<a href='https:\/\/franciscanos.org.br\/conventosantoantonio\/wp-content\/uploads\/2025\/06\/WhatsApp-Image-2025-06-03-at-23.53.02-1-1.jpeg'><img width=\"300\" height=\"300\" src=\"https:\/\/franciscanos.org.br\/conventosantoantonio\/wp-content\/uploads\/2025\/06\/WhatsApp-Image-2025-06-03-at-23.53.02-1-1-300x300.jpeg\" class=\"attachment-thumbnail size-thumbnail\" alt=\"\" loading=\"lazy\" srcset=\"https:\/\/franciscanos.org.br\/conventosantoantonio\/wp-content\/uploads\/2025\/06\/WhatsApp-Image-2025-06-03-at-23.53.02-1-1-300x300.jpeg 300w, https:\/\/franciscanos.org.br\/conventosantoantonio\/wp-content\/uploads\/2025\/06\/WhatsApp-Image-2025-06-03-at-23.53.02-1-1-400x400.jpeg 400w\" sizes=\"(max-width: 300px) 100vw, 300px\" \/><\/a>\n\t\t\t<\/dt><\/dl><br style=\"clear: both\" \/>\n\t\t<\/div>\n\n<p><strong>9) Santo Ant\u00f4nio do Povo<\/strong><\/p>\n<p>Cerca de 30 mil pessoas subiram ao Convento no dia 13 de junho. Fi\u00e9is de todas as idades, muitos deles com a devo\u00e7\u00e3o herdada dos pais ou dos av\u00f3s. Vieram para pedir, agradecer, rezar, sorrir, chorar e at\u00e9 calar diante da presen\u00e7a pr\u00f3xima do Santo. A intimidade com Jesus Cristo, de quem foi disc\u00edpulo fiel, inspira confian\u00e7a e afeto no profundo do cora\u00e7\u00e3o do povo. Muitos s\u00e3o os testemunhos de gra\u00e7as alcan\u00e7adas: emprego, sa\u00fade, teto, casamento, filhos, causas ganhas na justi\u00e7a, supera\u00e7\u00e3o de dificuldades est\u00e3o entre as vit\u00f3rias obtidas a partir da prece que o Santo apresenta ao Senhor.<\/p>\n\n\t\t<style type=\"text\/css\">\n\t\t\t#gallery-8 {\n\t\t\t\tmargin: auto;\n\t\t\t}\n\t\t\t#gallery-8 .gallery-item {\n\t\t\t\tfloat: left;\n\t\t\t\tmargin-top: 10px;\n\t\t\t\ttext-align: center;\n\t\t\t\twidth: 25%;\n\t\t\t}\n\t\t\t#gallery-8 img {\n\t\t\t\tborder: 2px solid #cfcfcf;\n\t\t\t}\n\t\t\t#gallery-8 .gallery-caption {\n\t\t\t\tmargin-left: 0;\n\t\t\t}\n\t\t\t\/* see gallery_shortcode() in wp-includes\/media.php *\/\n\t\t<\/style>\n\t\t<div id='gallery-8' class='gallery galleryid-190048 gallery-columns-4 gallery-size-thumbnail'><dl class='gallery-item'>\n\t\t\t<dt class='gallery-icon landscape'>\n\t\t\t\t<a href='https:\/\/franciscanos.org.br\/conventosantoantonio\/wp-content\/uploads\/2025\/06\/materia-20.png'><img width=\"300\" height=\"300\" src=\"https:\/\/franciscanos.org.br\/conventosantoantonio\/wp-content\/uploads\/2025\/06\/materia-20-300x300.png\" class=\"attachment-thumbnail size-thumbnail\" alt=\"\" loading=\"lazy\" srcset=\"https:\/\/franciscanos.org.br\/conventosantoantonio\/wp-content\/uploads\/2025\/06\/materia-20-300x300.png 300w, https:\/\/franciscanos.org.br\/conventosantoantonio\/wp-content\/uploads\/2025\/06\/materia-20-400x400.png 400w\" sizes=\"(max-width: 300px) 100vw, 300px\" \/><\/a>\n\t\t\t<\/dt><\/dl><dl class='gallery-item'>\n\t\t\t<dt class='gallery-icon portrait'>\n\t\t\t\t<a href='https:\/\/franciscanos.org.br\/conventosantoantonio\/wp-content\/uploads\/2025\/06\/WhatsApp-Image-2025-06-03-at-23.58.32-3-1.jpeg'><img width=\"300\" height=\"300\" src=\"https:\/\/franciscanos.org.br\/conventosantoantonio\/wp-content\/uploads\/2025\/06\/WhatsApp-Image-2025-06-03-at-23.58.32-3-1-300x300.jpeg\" class=\"attachment-thumbnail size-thumbnail\" alt=\"\" loading=\"lazy\" srcset=\"https:\/\/franciscanos.org.br\/conventosantoantonio\/wp-content\/uploads\/2025\/06\/WhatsApp-Image-2025-06-03-at-23.58.32-3-1-300x300.jpeg 300w, https:\/\/franciscanos.org.br\/conventosantoantonio\/wp-content\/uploads\/2025\/06\/WhatsApp-Image-2025-06-03-at-23.58.32-3-1-400x400.jpeg 400w\" sizes=\"(max-width: 300px) 100vw, 300px\" \/><\/a>\n\t\t\t<\/dt><\/dl><dl class='gallery-item'>\n\t\t\t<dt class='gallery-icon landscape'>\n\t\t\t\t<a href='https:\/\/franciscanos.org.br\/conventosantoantonio\/wp-content\/uploads\/2025\/06\/WhatsApp-Image-2025-06-05-at-23.54.01-2-1.jpeg'><img width=\"300\" height=\"300\" src=\"https:\/\/franciscanos.org.br\/conventosantoantonio\/wp-content\/uploads\/2025\/06\/WhatsApp-Image-2025-06-05-at-23.54.01-2-1-300x300.jpeg\" class=\"attachment-thumbnail size-thumbnail\" alt=\"\" loading=\"lazy\" srcset=\"https:\/\/franciscanos.org.br\/conventosantoantonio\/wp-content\/uploads\/2025\/06\/WhatsApp-Image-2025-06-05-at-23.54.01-2-1-300x300.jpeg 300w, https:\/\/franciscanos.org.br\/conventosantoantonio\/wp-content\/uploads\/2025\/06\/WhatsApp-Image-2025-06-05-at-23.54.01-2-1-400x400.jpeg 400w\" sizes=\"(max-width: 300px) 100vw, 300px\" \/><\/a>\n\t\t\t<\/dt><\/dl><dl class='gallery-item'>\n\t\t\t<dt class='gallery-icon landscape'>\n\t\t\t\t<a href='https:\/\/franciscanos.org.br\/conventosantoantonio\/wp-content\/uploads\/2025\/06\/WhatsApp-Image-2025-06-09-at-22.24.48-1-1.jpeg'><img width=\"300\" height=\"300\" src=\"https:\/\/franciscanos.org.br\/conventosantoantonio\/wp-content\/uploads\/2025\/06\/WhatsApp-Image-2025-06-09-at-22.24.48-1-1-300x300.jpeg\" class=\"attachment-thumbnail size-thumbnail\" alt=\"\" loading=\"lazy\" srcset=\"https:\/\/franciscanos.org.br\/conventosantoantonio\/wp-content\/uploads\/2025\/06\/WhatsApp-Image-2025-06-09-at-22.24.48-1-1-300x300.jpeg 300w, https:\/\/franciscanos.org.br\/conventosantoantonio\/wp-content\/uploads\/2025\/06\/WhatsApp-Image-2025-06-09-at-22.24.48-1-1-400x400.jpeg 400w\" sizes=\"(max-width: 300px) 100vw, 300px\" \/><\/a>\n\t\t\t<\/dt><\/dl><br style=\"clear: both\" \/>\n\t\t<\/div>\n\n<p><strong>10) Santo Ant\u00f4nio dos Frades<\/strong><\/p>\n<p>O empenho e a presen\u00e7a dos confrades do Regional, especialmente de Petr\u00f3polis, s\u00e3o fundamentais para o bom \u00eaxito da Festa. Gra\u00e7as a esta soma de for\u00e7as, os fi\u00e9is s\u00e3o atendidos na recep\u00e7\u00e3o dos fortes sinais que v\u00eam buscar junto ao Convento. A escuta, a b\u00ean\u00e7\u00e3o individual e a aspers\u00e3o generosa com \u00e1gua benta estiveram entre as preciosas tarefas realizadas pelos frades durante todo o dia.<\/p>\n<p>Mais uma Trezena e Festa foram celebradas. Apesar dos s\u00e9culos de tradi\u00e7\u00e3o, cada ano traz consigo uma nova experi\u00eancia. Importante agradecer por tudo ter corrido na paz e na tranquilidade, e tamb\u00e9m avaliar o que pode ser aprimorado para os pr\u00f3ximos anos. Sempre h\u00e1 o que se aprender. Muito obrigado, Santo Ant\u00f4nio. Viva Santo Ant\u00f4nio!<\/p>\n<hr \/>\n<p><em>Equipe de Comunica\u00e7\u00e3o \u2013 Convento Santo Ant\u00f4nio do Largo da Carioca<\/em><\/p>\n","protected":false},"excerpt":{"rendered":"<p>Festa de Santo Ant\u00f4nio 2025<\/p>\n","protected":false},"author":12,"featured_media":190050,"comment_status":"open","ping_status":"open","sticky":false,"template":"","format":"standard","meta":[],"categories":[105],"tags":[357,390],"yoast_head":"<!-- This site is optimized with the Yoast SEO plugin v19.4 - https:\/\/yoast.com\/wordpress\/plugins\/seo\/ -->\n<title>As 10 vers\u00f5es de Santo Ant\u00f4nio do Largo da Carioca - Convento Santo Ant\u00f4nio- Franciscanos<\/title>\n<meta name=\"robots\" content=\"index, follow, max-snippet:-1, max-image-preview:large, max-video-preview:-1\" \/>\n<link rel=\"canonical\" href=\"https:\/\/franciscanos.org.br\/conventosantoantonio\/as-10-versoes-de-santo-antonio-do-largo-da-carioca\/\" \/>\n<meta property=\"og:locale\" content=\"pt_BR\" \/>\n<meta property=\"og:type\" content=\"article\" \/>\n<meta property=\"og:title\" content=\"As 10 vers\u00f5es de Santo Ant\u00f4nio do Largo da Carioca - Convento Santo Ant\u00f4nio- Franciscanos\" \/>\n<meta property=\"og:description\" content=\"Festa de Santo Ant\u00f4nio 2025\" \/>\n<meta property=\"og:url\" content=\"https:\/\/franciscanos.org.br\/conventosantoantonio\/as-10-versoes-de-santo-antonio-do-largo-da-carioca\/\" \/>\n<meta property=\"og:site_name\" content=\"Convento Santo Ant\u00f4nio- Franciscanos\" \/>\n<meta property=\"article:published_time\" content=\"2025-06-17T17:35:33+00:00\" \/>\n<meta property=\"og:image\" content=\"https:\/\/franciscanos.org.br\/conventosantoantonio\/wp-content\/uploads\/2025\/06\/chamada-5.png\" \/>\n\t<meta property=\"og:image:width\" content=\"800\" \/>\n\t<meta property=\"og:image:height\" content=\"550\" \/>\n\t<meta property=\"og:image:type\" content=\"image\/png\" \/>\n<meta name=\"author\" content=\"Adriana Rabelo\" \/>\n<meta name=\"twitter:card\" content=\"summary_large_image\" \/>\n<meta name=\"twitter:label1\" content=\"Escrito por\" \/>\n\t<meta name=\"twitter:data1\" content=\"Adriana Rabelo\" \/>\n\t<meta name=\"twitter:label2\" content=\"Est. tempo de leitura\" \/>\n\t<meta name=\"twitter:data2\" content=\"9 minutos\" \/>\n<script type=\"application\/ld+json\" class=\"yoast-schema-graph\">{\"@context\":\"https:\/\/schema.org\",\"@graph\":[{\"@type\":\"WebSite\",\"@id\":\"https:\/\/franciscanos.org.br\/conventosantoantonio\/#website\",\"url\":\"https:\/\/franciscanos.org.br\/conventosantoantonio\/\",\"name\":\"Convento Santo Ant\u00f4nio- Franciscanos\",\"description\":\"Prov\u00edncia Franciscana da Imaculada Concei\u00e7\u00e3o do Brasil - Ordem dos Frades Menores\",\"potentialAction\":[{\"@type\":\"SearchAction\",\"target\":{\"@type\":\"EntryPoint\",\"urlTemplate\":\"https:\/\/franciscanos.org.br\/conventosantoantonio\/?s={search_term_string}\"},\"query-input\":\"required name=search_term_string\"}],\"inLanguage\":\"pt-BR\"},{\"@type\":\"WebPage\",\"@id\":\"https:\/\/franciscanos.org.br\/conventosantoantonio\/as-10-versoes-de-santo-antonio-do-largo-da-carioca\/\",\"url\":\"https:\/\/franciscanos.org.br\/conventosantoantonio\/as-10-versoes-de-santo-antonio-do-largo-da-carioca\/\",\"name\":\"As 10 vers\u00f5es de Santo Ant\u00f4nio do Largo da Carioca - Convento Santo Ant\u00f4nio- Franciscanos\",\"isPartOf\":{\"@id\":\"https:\/\/franciscanos.org.br\/conventosantoantonio\/#website\"},\"datePublished\":\"2025-06-17T17:35:33+00:00\",\"dateModified\":\"2025-06-17T17:35:33+00:00\",\"author\":{\"@id\":\"https:\/\/franciscanos.org.br\/conventosantoantonio\/#\/schema\/person\/9a980420618be29f098b094e6e8289e1\"},\"breadcrumb\":{\"@id\":\"https:\/\/franciscanos.org.br\/conventosantoantonio\/as-10-versoes-de-santo-antonio-do-largo-da-carioca\/#breadcrumb\"},\"inLanguage\":\"pt-BR\",\"potentialAction\":[{\"@type\":\"ReadAction\",\"target\":[\"https:\/\/franciscanos.org.br\/conventosantoantonio\/as-10-versoes-de-santo-antonio-do-largo-da-carioca\/\"]}]},{\"@type\":\"BreadcrumbList\",\"@id\":\"https:\/\/franciscanos.org.br\/conventosantoantonio\/as-10-versoes-de-santo-antonio-do-largo-da-carioca\/#breadcrumb\",\"itemListElement\":[{\"@type\":\"ListItem\",\"position\":1,\"name\":\"Home\",\"item\":\"https:\/\/franciscanos.org.br\/conventosantoantonio\/\"},{\"@type\":\"ListItem\",\"position\":2,\"name\":\"As 10 vers\u00f5es de Santo Ant\u00f4nio do Largo da Carioca\"}]},{\"@type\":\"Person\",\"@id\":\"https:\/\/franciscanos.org.br\/conventosantoantonio\/#\/schema\/person\/9a980420618be29f098b094e6e8289e1\",\"name\":\"Adriana Rabelo\",\"image\":{\"@type\":\"ImageObject\",\"inLanguage\":\"pt-BR\",\"@id\":\"https:\/\/franciscanos.org.br\/conventosantoantonio\/#\/schema\/person\/image\/\",\"url\":\"https:\/\/secure.gravatar.com\/avatar\/0a937b7500cd7df77540cfb8bede877d?s=96&d=mm&r=g\",\"contentUrl\":\"https:\/\/secure.gravatar.com\/avatar\/0a937b7500cd7df77540cfb8bede877d?s=96&d=mm&r=g\",\"caption\":\"Adriana Rabelo\"},\"url\":\"https:\/\/franciscanos.org.br\/conventosantoantonio\/author\/adrianarabelo\/\"}]}<\/script>\n<!-- \/ Yoast SEO plugin. -->","yoast_head_json":{"title":"As 10 vers\u00f5es de Santo Ant\u00f4nio do Largo da Carioca - Convento Santo Ant\u00f4nio- Franciscanos","robots":{"index":"index","follow":"follow","max-snippet":"max-snippet:-1","max-image-preview":"max-image-preview:large","max-video-preview":"max-video-preview:-1"},"canonical":"https:\/\/franciscanos.org.br\/conventosantoantonio\/as-10-versoes-de-santo-antonio-do-largo-da-carioca\/","og_locale":"pt_BR","og_type":"article","og_title":"As 10 vers\u00f5es de Santo Ant\u00f4nio do Largo da Carioca - Convento Santo Ant\u00f4nio- Franciscanos","og_description":"Festa de Santo Ant\u00f4nio 2025","og_url":"https:\/\/franciscanos.org.br\/conventosantoantonio\/as-10-versoes-de-santo-antonio-do-largo-da-carioca\/","og_site_name":"Convento Santo Ant\u00f4nio- Franciscanos","article_published_time":"2025-06-17T17:35:33+00:00","og_image":[{"width":800,"height":550,"url":"https:\/\/franciscanos.org.br\/conventosantoantonio\/wp-content\/uploads\/2025\/06\/chamada-5.png","type":"image\/png"}],"author":"Adriana Rabelo","twitter_card":"summary_large_image","twitter_misc":{"Escrito por":"Adriana Rabelo","Est. tempo de leitura":"9 minutos"},"schema":{"@context":"https:\/\/schema.org","@graph":[{"@type":"WebSite","@id":"https:\/\/franciscanos.org.br\/conventosantoantonio\/#website","url":"https:\/\/franciscanos.org.br\/conventosantoantonio\/","name":"Convento Santo Ant\u00f4nio- Franciscanos","description":"Prov\u00edncia Franciscana da Imaculada Concei\u00e7\u00e3o do Brasil - Ordem dos Frades Menores","potentialAction":[{"@type":"SearchAction","target":{"@type":"EntryPoint","urlTemplate":"https:\/\/franciscanos.org.br\/conventosantoantonio\/?s={search_term_string}"},"query-input":"required name=search_term_string"}],"inLanguage":"pt-BR"},{"@type":"WebPage","@id":"https:\/\/franciscanos.org.br\/conventosantoantonio\/as-10-versoes-de-santo-antonio-do-largo-da-carioca\/","url":"https:\/\/franciscanos.org.br\/conventosantoantonio\/as-10-versoes-de-santo-antonio-do-largo-da-carioca\/","name":"As 10 vers\u00f5es de Santo Ant\u00f4nio do Largo da Carioca - Convento Santo Ant\u00f4nio- Franciscanos","isPartOf":{"@id":"https:\/\/franciscanos.org.br\/conventosantoantonio\/#website"},"datePublished":"2025-06-17T17:35:33+00:00","dateModified":"2025-06-17T17:35:33+00:00","author":{"@id":"https:\/\/franciscanos.org.br\/conventosantoantonio\/#\/schema\/person\/9a980420618be29f098b094e6e8289e1"},"breadcrumb":{"@id":"https:\/\/franciscanos.org.br\/conventosantoantonio\/as-10-versoes-de-santo-antonio-do-largo-da-carioca\/#breadcrumb"},"inLanguage":"pt-BR","potentialAction":[{"@type":"ReadAction","target":["https:\/\/franciscanos.org.br\/conventosantoantonio\/as-10-versoes-de-santo-antonio-do-largo-da-carioca\/"]}]},{"@type":"BreadcrumbList","@id":"https:\/\/franciscanos.org.br\/conventosantoantonio\/as-10-versoes-de-santo-antonio-do-largo-da-carioca\/#breadcrumb","itemListElement":[{"@type":"ListItem","position":1,"name":"Home","item":"https:\/\/franciscanos.org.br\/conventosantoantonio\/"},{"@type":"ListItem","position":2,"name":"As 10 vers\u00f5es de Santo Ant\u00f4nio do Largo da Carioca"}]},{"@type":"Person","@id":"https:\/\/franciscanos.org.br\/conventosantoantonio\/#\/schema\/person\/9a980420618be29f098b094e6e8289e1","name":"Adriana Rabelo","image":{"@type":"ImageObject","inLanguage":"pt-BR","@id":"https:\/\/franciscanos.org.br\/conventosantoantonio\/#\/schema\/person\/image\/","url":"https:\/\/secure.gravatar.com\/avatar\/0a937b7500cd7df77540cfb8bede877d?s=96&d=mm&r=g","contentUrl":"https:\/\/secure.gravatar.com\/avatar\/0a937b7500cd7df77540cfb8bede877d?s=96&d=mm&r=g","caption":"Adriana Rabelo"},"url":"https:\/\/franciscanos.org.br\/conventosantoantonio\/author\/adrianarabelo\/"}]}},"_links":{"self":[{"href":"https:\/\/franciscanos.org.br\/conventosantoantonio\/wp-json\/wp\/v2\/posts\/190048"}],"collection":[{"href":"https:\/\/franciscanos.org.br\/conventosantoantonio\/wp-json\/wp\/v2\/posts"}],"about":[{"href":"https:\/\/franciscanos.org.br\/conventosantoantonio\/wp-json\/wp\/v2\/types\/post"}],"author":[{"embeddable":true,"href":"https:\/\/franciscanos.org.br\/conventosantoantonio\/wp-json\/wp\/v2\/users\/12"}],"replies":[{"embeddable":true,"href":"https:\/\/franciscanos.org.br\/conventosantoantonio\/wp-json\/wp\/v2\/comments?post=190048"}],"version-history":[{"count":1,"href":"https:\/\/franciscanos.org.br\/conventosantoantonio\/wp-json\/wp\/v2\/posts\/190048\/revisions"}],"predecessor-version":[{"id":190078,"href":"https:\/\/franciscanos.org.br\/conventosantoantonio\/wp-json\/wp\/v2\/posts\/190048\/revisions\/190078"}],"wp:featuredmedia":[{"embeddable":true,"href":"https:\/\/franciscanos.org.br\/conventosantoantonio\/wp-json\/wp\/v2\/media\/190050"}],"wp:attachment":[{"href":"https:\/\/franciscanos.org.br\/conventosantoantonio\/wp-json\/wp\/v2\/media?parent=190048"}],"wp:term":[{"taxonomy":"category","embeddable":true,"href":"https:\/\/franciscanos.org.br\/conventosantoantonio\/wp-json\/wp\/v2\/categories?post=190048"},{"taxonomy":"post_tag","embeddable":true,"href":"https:\/\/franciscanos.org.br\/conventosantoantonio\/wp-json\/wp\/v2\/tags?post=190048"}],"curies":[{"name":"wp","href":"https:\/\/api.w.org\/{rel}","templated":true}]}}