{"id":190035,"date":"2025-06-17T13:26:49","date_gmt":"2025-06-17T16:26:49","guid":{"rendered":"https:\/\/franciscanos.org.br\/conventosantoantonio\/?p=190035"},"modified":"2025-06-17T13:29:55","modified_gmt":"2025-06-17T16:29:55","slug":"nota-de-pesar-e-de-solidariedade-a-familia-cacique-de-ramos-pelo-falecimento-do-seu-presidente-bira","status":"publish","type":"post","link":"https:\/\/franciscanos.org.br\/conventosantoantonio\/nota-de-pesar-e-de-solidariedade-a-familia-cacique-de-ramos-pelo-falecimento-do-seu-presidente-bira\/","title":{"rendered":"Nota de pesar e solidariedade \u00e0 fam\u00edlia &#8220;Cacique de Ramos&#8221; pelo falecimento do seu Presidente Bira"},"content":{"rendered":"<p style=\"text-align: left;\"><img loading=\"lazy\" class=\"aligncenter wp-image-190036 size-full\" src=\"https:\/\/franciscanos.org.br\/conventosantoantonio\/wp-content\/uploads\/2025\/06\/Bira-materia.png\" alt=\"\" width=\"1280\" height=\"720\" srcset=\"https:\/\/franciscanos.org.br\/conventosantoantonio\/wp-content\/uploads\/2025\/06\/Bira-materia.png 1280w, https:\/\/franciscanos.org.br\/conventosantoantonio\/wp-content\/uploads\/2025\/06\/Bira-materia-450x253.png 450w, https:\/\/franciscanos.org.br\/conventosantoantonio\/wp-content\/uploads\/2025\/06\/Bira-materia-1024x576.png 1024w, https:\/\/franciscanos.org.br\/conventosantoantonio\/wp-content\/uploads\/2025\/06\/Bira-materia-768x432.png 768w, https:\/\/franciscanos.org.br\/conventosantoantonio\/wp-content\/uploads\/2025\/06\/Bira-materia-150x84.png 150w\" sizes=\"(max-width: 1280px) 100vw, 1280px\" \/><\/p>\n<p style=\"text-align: left;\">A Fraternidade do Convento Santo Ant\u00f4nio e os fi\u00e9is devotos se solidarizam com toda a fam\u00edlia &#8220;Cacique de Ramos&#8221; por ocasi\u00e3o da partida do estimado Bira Presidente, baluarte da agremia\u00e7\u00e3o.<\/p>\n<p style=\"text-align: left;\">H\u00e1 uma semana, celebr\u00e1vamos a primeira visita de nossa Imagem Peregrina na Quadra do Cacique e, embora n\u00e3o estivesse presente, Bira fez quest\u00e3o de enviar sua sauda\u00e7\u00e3o e uma bela mensagem, emoldurada num quadro que passou a fazer parte de nosso acervo hist\u00f3rico, conservado com muito carinho. O acolhimento fraterno que recebemos, a alegria que tivemos a chance de compartilhar e a bela hist\u00f3ria de arte, uni\u00e3o e resist\u00eancia constru\u00edda na trajet\u00f3ria do Cacique atestam a qualidade e a consist\u00eancia do legado que Bira deixa para o povo do Rio de Janeiro e do Brasil. Unidos em prece, desejamos nos animar mutuamente em nossa esperan\u00e7a na Vida Eterna. Que nosso irm\u00e3o Bira descanse em Paz.<\/p>\n<p style=\"text-align: center;\"><em>Frei Walter Ferreira Junior &#8211; Guardi\u00e3o do Convento Santo Ant\u00f4nio<\/em><\/p>\n<p style=\"text-align: center;\">Rio de Janeiro, 15 de junho de 2025<\/p>\n<p>&nbsp;<\/p>\n\n\t\t<style type=\"text\/css\">\n\t\t\t#gallery-1 {\n\t\t\t\tmargin: auto;\n\t\t\t}\n\t\t\t#gallery-1 .gallery-item {\n\t\t\t\tfloat: left;\n\t\t\t\tmargin-top: 10px;\n\t\t\t\ttext-align: center;\n\t\t\t\twidth: 33%;\n\t\t\t}\n\t\t\t#gallery-1 img {\n\t\t\t\tborder: 2px solid #cfcfcf;\n\t\t\t}\n\t\t\t#gallery-1 .gallery-caption {\n\t\t\t\tmargin-left: 0;\n\t\t\t}\n\t\t\t\/* see gallery_shortcode() in wp-includes\/media.php *\/\n\t\t<\/style>\n\t\t<div id='gallery-1' class='gallery galleryid-190035 gallery-columns-3 gallery-size-thumbnail'><dl class='gallery-item'>\n\t\t\t<dt class='gallery-icon landscape'>\n\t\t\t\t<a href='https:\/\/franciscanos.org.br\/conventosantoantonio\/wp-content\/uploads\/2025\/06\/trezena-santo-antonio-07-06-2025-1006.jpg'><img width=\"300\" height=\"300\" src=\"https:\/\/franciscanos.org.br\/conventosantoantonio\/wp-content\/uploads\/2025\/06\/trezena-santo-antonio-07-06-2025-1006-300x300.jpg\" class=\"attachment-thumbnail size-thumbnail\" alt=\"\" loading=\"lazy\" srcset=\"https:\/\/franciscanos.org.br\/conventosantoantonio\/wp-content\/uploads\/2025\/06\/trezena-santo-antonio-07-06-2025-1006-300x300.jpg 300w, https:\/\/franciscanos.org.br\/conventosantoantonio\/wp-content\/uploads\/2025\/06\/trezena-santo-antonio-07-06-2025-1006-400x400.jpg 400w\" sizes=\"(max-width: 300px) 100vw, 300px\" \/><\/a>\n\t\t\t<\/dt><\/dl><dl class='gallery-item'>\n\t\t\t<dt class='gallery-icon landscape'>\n\t\t\t\t<a href='https:\/\/franciscanos.org.br\/conventosantoantonio\/wp-content\/uploads\/2025\/06\/trezena-santo-antonio-07-06-2025-1126.jpg'><img width=\"300\" height=\"300\" src=\"https:\/\/franciscanos.org.br\/conventosantoantonio\/wp-content\/uploads\/2025\/06\/trezena-santo-antonio-07-06-2025-1126-300x300.jpg\" class=\"attachment-thumbnail size-thumbnail\" alt=\"\" loading=\"lazy\" srcset=\"https:\/\/franciscanos.org.br\/conventosantoantonio\/wp-content\/uploads\/2025\/06\/trezena-santo-antonio-07-06-2025-1126-300x300.jpg 300w, https:\/\/franciscanos.org.br\/conventosantoantonio\/wp-content\/uploads\/2025\/06\/trezena-santo-antonio-07-06-2025-1126-400x400.jpg 400w\" sizes=\"(max-width: 300px) 100vw, 300px\" \/><\/a>\n\t\t\t<\/dt><\/dl><dl class='gallery-item'>\n\t\t\t<dt class='gallery-icon landscape'>\n\t\t\t\t<a href='https:\/\/franciscanos.org.br\/conventosantoantonio\/wp-content\/uploads\/2025\/06\/trezena-santo-antonio-07-06-2025-1091.jpg'><img width=\"300\" height=\"300\" src=\"https:\/\/franciscanos.org.br\/conventosantoantonio\/wp-content\/uploads\/2025\/06\/trezena-santo-antonio-07-06-2025-1091-300x300.jpg\" class=\"attachment-thumbnail size-thumbnail\" alt=\"\" loading=\"lazy\" srcset=\"https:\/\/franciscanos.org.br\/conventosantoantonio\/wp-content\/uploads\/2025\/06\/trezena-santo-antonio-07-06-2025-1091-300x300.jpg 300w, https:\/\/franciscanos.org.br\/conventosantoantonio\/wp-content\/uploads\/2025\/06\/trezena-santo-antonio-07-06-2025-1091-400x400.jpg 400w\" sizes=\"(max-width: 300px) 100vw, 300px\" \/><\/a>\n\t\t\t<\/dt><\/dl><br style=\"clear: both\" \/>\n\t\t<\/div>\n\n","protected":false},"excerpt":{"rendered":"<p>Nota de pesar<\/p>\n","protected":false},"author":12,"featured_media":190037,"comment_status":"open","ping_status":"open","sticky":false,"template":"","format":"standard","meta":[],"categories":[105],"tags":[357],"yoast_head":"<!-- This site is optimized with the Yoast SEO plugin v19.4 - https:\/\/yoast.com\/wordpress\/plugins\/seo\/ -->\n<title>Nota de pesar e solidariedade \u00e0 fam\u00edlia &quot;Cacique de Ramos&quot; pelo falecimento do seu Presidente Bira - Convento Santo Ant\u00f4nio- Franciscanos<\/title>\n<meta name=\"robots\" content=\"index, follow, max-snippet:-1, max-image-preview:large, max-video-preview:-1\" \/>\n<link rel=\"canonical\" href=\"https:\/\/franciscanos.org.br\/conventosantoantonio\/nota-de-pesar-e-de-solidariedade-a-familia-cacique-de-ramos-pelo-falecimento-do-seu-presidente-bira\/\" \/>\n<meta property=\"og:locale\" content=\"pt_BR\" \/>\n<meta property=\"og:type\" content=\"article\" \/>\n<meta property=\"og:title\" content=\"Nota de pesar e solidariedade \u00e0 fam\u00edlia &quot;Cacique de Ramos&quot; pelo falecimento do seu Presidente Bira - Convento Santo Ant\u00f4nio- Franciscanos\" \/>\n<meta property=\"og:description\" content=\"Nota de pesar\" \/>\n<meta property=\"og:url\" content=\"https:\/\/franciscanos.org.br\/conventosantoantonio\/nota-de-pesar-e-de-solidariedade-a-familia-cacique-de-ramos-pelo-falecimento-do-seu-presidente-bira\/\" \/>\n<meta property=\"og:site_name\" content=\"Convento Santo Ant\u00f4nio- Franciscanos\" \/>\n<meta property=\"article:published_time\" content=\"2025-06-17T16:26:49+00:00\" \/>\n<meta property=\"article:modified_time\" content=\"2025-06-17T16:29:55+00:00\" \/>\n<meta property=\"og:image\" content=\"https:\/\/franciscanos.org.br\/conventosantoantonio\/wp-content\/uploads\/2025\/06\/Chamada-bira.png\" \/>\n\t<meta property=\"og:image:width\" content=\"800\" \/>\n\t<meta property=\"og:image:height\" content=\"550\" \/>\n\t<meta property=\"og:image:type\" content=\"image\/png\" \/>\n<meta name=\"author\" content=\"Adriana Rabelo\" \/>\n<meta name=\"twitter:card\" content=\"summary_large_image\" \/>\n<meta name=\"twitter:label1\" content=\"Escrito por\" \/>\n\t<meta name=\"twitter:data1\" content=\"Adriana Rabelo\" \/>\n\t<meta name=\"twitter:label2\" content=\"Est. tempo de leitura\" \/>\n\t<meta name=\"twitter:data2\" content=\"2 minutos\" \/>\n<script type=\"application\/ld+json\" class=\"yoast-schema-graph\">{\"@context\":\"https:\/\/schema.org\",\"@graph\":[{\"@type\":\"WebSite\",\"@id\":\"https:\/\/franciscanos.org.br\/conventosantoantonio\/#website\",\"url\":\"https:\/\/franciscanos.org.br\/conventosantoantonio\/\",\"name\":\"Convento Santo Ant\u00f4nio- Franciscanos\",\"description\":\"Prov\u00edncia Franciscana da Imaculada Concei\u00e7\u00e3o do Brasil - Ordem dos Frades Menores\",\"potentialAction\":[{\"@type\":\"SearchAction\",\"target\":{\"@type\":\"EntryPoint\",\"urlTemplate\":\"https:\/\/franciscanos.org.br\/conventosantoantonio\/?s={search_term_string}\"},\"query-input\":\"required name=search_term_string\"}],\"inLanguage\":\"pt-BR\"},{\"@type\":\"WebPage\",\"@id\":\"https:\/\/franciscanos.org.br\/conventosantoantonio\/nota-de-pesar-e-de-solidariedade-a-familia-cacique-de-ramos-pelo-falecimento-do-seu-presidente-bira\/\",\"url\":\"https:\/\/franciscanos.org.br\/conventosantoantonio\/nota-de-pesar-e-de-solidariedade-a-familia-cacique-de-ramos-pelo-falecimento-do-seu-presidente-bira\/\",\"name\":\"Nota de pesar e solidariedade \u00e0 fam\u00edlia \\\"Cacique de Ramos\\\" pelo falecimento do seu Presidente Bira - Convento Santo Ant\u00f4nio- Franciscanos\",\"isPartOf\":{\"@id\":\"https:\/\/franciscanos.org.br\/conventosantoantonio\/#website\"},\"datePublished\":\"2025-06-17T16:26:49+00:00\",\"dateModified\":\"2025-06-17T16:29:55+00:00\",\"author\":{\"@id\":\"https:\/\/franciscanos.org.br\/conventosantoantonio\/#\/schema\/person\/9a980420618be29f098b094e6e8289e1\"},\"breadcrumb\":{\"@id\":\"https:\/\/franciscanos.org.br\/conventosantoantonio\/nota-de-pesar-e-de-solidariedade-a-familia-cacique-de-ramos-pelo-falecimento-do-seu-presidente-bira\/#breadcrumb\"},\"inLanguage\":\"pt-BR\",\"potentialAction\":[{\"@type\":\"ReadAction\",\"target\":[\"https:\/\/franciscanos.org.br\/conventosantoantonio\/nota-de-pesar-e-de-solidariedade-a-familia-cacique-de-ramos-pelo-falecimento-do-seu-presidente-bira\/\"]}]},{\"@type\":\"BreadcrumbList\",\"@id\":\"https:\/\/franciscanos.org.br\/conventosantoantonio\/nota-de-pesar-e-de-solidariedade-a-familia-cacique-de-ramos-pelo-falecimento-do-seu-presidente-bira\/#breadcrumb\",\"itemListElement\":[{\"@type\":\"ListItem\",\"position\":1,\"name\":\"Home\",\"item\":\"https:\/\/franciscanos.org.br\/conventosantoantonio\/\"},{\"@type\":\"ListItem\",\"position\":2,\"name\":\"Nota de pesar e solidariedade \u00e0 fam\u00edlia &#8220;Cacique de Ramos&#8221; pelo falecimento do seu Presidente Bira\"}]},{\"@type\":\"Person\",\"@id\":\"https:\/\/franciscanos.org.br\/conventosantoantonio\/#\/schema\/person\/9a980420618be29f098b094e6e8289e1\",\"name\":\"Adriana Rabelo\",\"image\":{\"@type\":\"ImageObject\",\"inLanguage\":\"pt-BR\",\"@id\":\"https:\/\/franciscanos.org.br\/conventosantoantonio\/#\/schema\/person\/image\/\",\"url\":\"https:\/\/secure.gravatar.com\/avatar\/0a937b7500cd7df77540cfb8bede877d?s=96&d=mm&r=g\",\"contentUrl\":\"https:\/\/secure.gravatar.com\/avatar\/0a937b7500cd7df77540cfb8bede877d?s=96&d=mm&r=g\",\"caption\":\"Adriana Rabelo\"},\"url\":\"https:\/\/franciscanos.org.br\/conventosantoantonio\/author\/adrianarabelo\/\"}]}<\/script>\n<!-- \/ Yoast SEO plugin. -->","yoast_head_json":{"title":"Nota de pesar e solidariedade \u00e0 fam\u00edlia \"Cacique de Ramos\" pelo falecimento do seu Presidente Bira - Convento Santo Ant\u00f4nio- Franciscanos","robots":{"index":"index","follow":"follow","max-snippet":"max-snippet:-1","max-image-preview":"max-image-preview:large","max-video-preview":"max-video-preview:-1"},"canonical":"https:\/\/franciscanos.org.br\/conventosantoantonio\/nota-de-pesar-e-de-solidariedade-a-familia-cacique-de-ramos-pelo-falecimento-do-seu-presidente-bira\/","og_locale":"pt_BR","og_type":"article","og_title":"Nota de pesar e solidariedade \u00e0 fam\u00edlia \"Cacique de Ramos\" pelo falecimento do seu Presidente Bira - Convento Santo Ant\u00f4nio- Franciscanos","og_description":"Nota de pesar","og_url":"https:\/\/franciscanos.org.br\/conventosantoantonio\/nota-de-pesar-e-de-solidariedade-a-familia-cacique-de-ramos-pelo-falecimento-do-seu-presidente-bira\/","og_site_name":"Convento Santo Ant\u00f4nio- Franciscanos","article_published_time":"2025-06-17T16:26:49+00:00","article_modified_time":"2025-06-17T16:29:55+00:00","og_image":[{"width":800,"height":550,"url":"https:\/\/franciscanos.org.br\/conventosantoantonio\/wp-content\/uploads\/2025\/06\/Chamada-bira.png","type":"image\/png"}],"author":"Adriana Rabelo","twitter_card":"summary_large_image","twitter_misc":{"Escrito por":"Adriana Rabelo","Est. tempo de leitura":"2 minutos"},"schema":{"@context":"https:\/\/schema.org","@graph":[{"@type":"WebSite","@id":"https:\/\/franciscanos.org.br\/conventosantoantonio\/#website","url":"https:\/\/franciscanos.org.br\/conventosantoantonio\/","name":"Convento Santo Ant\u00f4nio- Franciscanos","description":"Prov\u00edncia Franciscana da Imaculada Concei\u00e7\u00e3o do Brasil - Ordem dos Frades Menores","potentialAction":[{"@type":"SearchAction","target":{"@type":"EntryPoint","urlTemplate":"https:\/\/franciscanos.org.br\/conventosantoantonio\/?s={search_term_string}"},"query-input":"required name=search_term_string"}],"inLanguage":"pt-BR"},{"@type":"WebPage","@id":"https:\/\/franciscanos.org.br\/conventosantoantonio\/nota-de-pesar-e-de-solidariedade-a-familia-cacique-de-ramos-pelo-falecimento-do-seu-presidente-bira\/","url":"https:\/\/franciscanos.org.br\/conventosantoantonio\/nota-de-pesar-e-de-solidariedade-a-familia-cacique-de-ramos-pelo-falecimento-do-seu-presidente-bira\/","name":"Nota de pesar e solidariedade \u00e0 fam\u00edlia \"Cacique de Ramos\" pelo falecimento do seu Presidente Bira - Convento Santo Ant\u00f4nio- Franciscanos","isPartOf":{"@id":"https:\/\/franciscanos.org.br\/conventosantoantonio\/#website"},"datePublished":"2025-06-17T16:26:49+00:00","dateModified":"2025-06-17T16:29:55+00:00","author":{"@id":"https:\/\/franciscanos.org.br\/conventosantoantonio\/#\/schema\/person\/9a980420618be29f098b094e6e8289e1"},"breadcrumb":{"@id":"https:\/\/franciscanos.org.br\/conventosantoantonio\/nota-de-pesar-e-de-solidariedade-a-familia-cacique-de-ramos-pelo-falecimento-do-seu-presidente-bira\/#breadcrumb"},"inLanguage":"pt-BR","potentialAction":[{"@type":"ReadAction","target":["https:\/\/franciscanos.org.br\/conventosantoantonio\/nota-de-pesar-e-de-solidariedade-a-familia-cacique-de-ramos-pelo-falecimento-do-seu-presidente-bira\/"]}]},{"@type":"BreadcrumbList","@id":"https:\/\/franciscanos.org.br\/conventosantoantonio\/nota-de-pesar-e-de-solidariedade-a-familia-cacique-de-ramos-pelo-falecimento-do-seu-presidente-bira\/#breadcrumb","itemListElement":[{"@type":"ListItem","position":1,"name":"Home","item":"https:\/\/franciscanos.org.br\/conventosantoantonio\/"},{"@type":"ListItem","position":2,"name":"Nota de pesar e solidariedade \u00e0 fam\u00edlia &#8220;Cacique de Ramos&#8221; pelo falecimento do seu Presidente Bira"}]},{"@type":"Person","@id":"https:\/\/franciscanos.org.br\/conventosantoantonio\/#\/schema\/person\/9a980420618be29f098b094e6e8289e1","name":"Adriana Rabelo","image":{"@type":"ImageObject","inLanguage":"pt-BR","@id":"https:\/\/franciscanos.org.br\/conventosantoantonio\/#\/schema\/person\/image\/","url":"https:\/\/secure.gravatar.com\/avatar\/0a937b7500cd7df77540cfb8bede877d?s=96&d=mm&r=g","contentUrl":"https:\/\/secure.gravatar.com\/avatar\/0a937b7500cd7df77540cfb8bede877d?s=96&d=mm&r=g","caption":"Adriana Rabelo"},"url":"https:\/\/franciscanos.org.br\/conventosantoantonio\/author\/adrianarabelo\/"}]}},"_links":{"self":[{"href":"https:\/\/franciscanos.org.br\/conventosantoantonio\/wp-json\/wp\/v2\/posts\/190035"}],"collection":[{"href":"https:\/\/franciscanos.org.br\/conventosantoantonio\/wp-json\/wp\/v2\/posts"}],"about":[{"href":"https:\/\/franciscanos.org.br\/conventosantoantonio\/wp-json\/wp\/v2\/types\/post"}],"author":[{"embeddable":true,"href":"https:\/\/franciscanos.org.br\/conventosantoantonio\/wp-json\/wp\/v2\/users\/12"}],"replies":[{"embeddable":true,"href":"https:\/\/franciscanos.org.br\/conventosantoantonio\/wp-json\/wp\/v2\/comments?post=190035"}],"version-history":[{"count":4,"href":"https:\/\/franciscanos.org.br\/conventosantoantonio\/wp-json\/wp\/v2\/posts\/190035\/revisions"}],"predecessor-version":[{"id":190044,"href":"https:\/\/franciscanos.org.br\/conventosantoantonio\/wp-json\/wp\/v2\/posts\/190035\/revisions\/190044"}],"wp:featuredmedia":[{"embeddable":true,"href":"https:\/\/franciscanos.org.br\/conventosantoantonio\/wp-json\/wp\/v2\/media\/190037"}],"wp:attachment":[{"href":"https:\/\/franciscanos.org.br\/conventosantoantonio\/wp-json\/wp\/v2\/media?parent=190035"}],"wp:term":[{"taxonomy":"category","embeddable":true,"href":"https:\/\/franciscanos.org.br\/conventosantoantonio\/wp-json\/wp\/v2\/categories?post=190035"},{"taxonomy":"post_tag","embeddable":true,"href":"https:\/\/franciscanos.org.br\/conventosantoantonio\/wp-json\/wp\/v2\/tags?post=190035"}],"curies":[{"name":"wp","href":"https:\/\/api.w.org\/{rel}","templated":true}]}}