{"id":189845,"date":"2025-06-06T10:01:45","date_gmt":"2025-06-06T13:01:45","guid":{"rendered":"https:\/\/franciscanos.org.br\/conventosantoantonio\/?p=189845"},"modified":"2025-06-06T10:01:45","modified_gmt":"2025-06-06T13:01:45","slug":"embaixador-da-austria-visita-o-convento-santo-antonio","status":"publish","type":"post","link":"https:\/\/franciscanos.org.br\/conventosantoantonio\/embaixador-da-austria-visita-o-convento-santo-antonio\/","title":{"rendered":"Embaixador da \u00c1ustria visita o Convento Santo Ant\u00f4nio"},"content":{"rendered":"<p><img loading=\"lazy\" class=\"aligncenter wp-image-189847 size-full\" src=\"https:\/\/franciscanos.org.br\/conventosantoantonio\/wp-content\/uploads\/2025\/06\/materia-topo-embaixador.png\" alt=\"\" width=\"1280\" height=\"720\" srcset=\"https:\/\/franciscanos.org.br\/conventosantoantonio\/wp-content\/uploads\/2025\/06\/materia-topo-embaixador.png 1280w, https:\/\/franciscanos.org.br\/conventosantoantonio\/wp-content\/uploads\/2025\/06\/materia-topo-embaixador-450x253.png 450w, https:\/\/franciscanos.org.br\/conventosantoantonio\/wp-content\/uploads\/2025\/06\/materia-topo-embaixador-1024x576.png 1024w, https:\/\/franciscanos.org.br\/conventosantoantonio\/wp-content\/uploads\/2025\/06\/materia-topo-embaixador-768x432.png 768w, https:\/\/franciscanos.org.br\/conventosantoantonio\/wp-content\/uploads\/2025\/06\/materia-topo-embaixador-150x84.png 150w\" sizes=\"(max-width: 1280px) 100vw, 1280px\" \/><\/p>\n<p>O Convento Santo Ant\u00f4nio recebeu, na tarde desta quinta-feira, dia 05 de junho, a Visita do Embaixador da \u00c1ustria no Brasil, Stefan Scholz. Ele veio acompanhado pelo chefe do Departamento Hist\u00f3rico do Minist\u00e9rio das Rela\u00e7\u00f5es Exteriores da Rep\u00fablica da \u00c1ustria, David Schriffl, e por G\u00fcnter Fuhrmann, o historiador respons\u00e1vel pelo filme \u201cSchladming misterioso &#8211; a conex\u00e3o dos Habsburgos com Rio de Janeiro\u201d, de 2022, que teve no Convento um de seus locais de filmagem. Tamb\u00e9m fez parte da Comitiva, atuando como guia e tradutora, a Secret\u00e1ria da Embaixada e Chefe de Gabinete do Embaixador, Helga Santos.<\/p>\n\n\t\t<style type=\"text\/css\">\n\t\t\t#gallery-1 {\n\t\t\t\tmargin: auto;\n\t\t\t}\n\t\t\t#gallery-1 .gallery-item {\n\t\t\t\tfloat: left;\n\t\t\t\tmargin-top: 10px;\n\t\t\t\ttext-align: center;\n\t\t\t\twidth: 25%;\n\t\t\t}\n\t\t\t#gallery-1 img {\n\t\t\t\tborder: 2px solid #cfcfcf;\n\t\t\t}\n\t\t\t#gallery-1 .gallery-caption {\n\t\t\t\tmargin-left: 0;\n\t\t\t}\n\t\t\t\/* see gallery_shortcode() in wp-includes\/media.php *\/\n\t\t<\/style>\n\t\t<div id='gallery-1' class='gallery galleryid-189845 gallery-columns-4 gallery-size-thumbnail'><dl class='gallery-item'>\n\t\t\t<dt class='gallery-icon landscape'>\n\t\t\t\t<a href='https:\/\/franciscanos.org.br\/conventosantoantonio\/wp-content\/uploads\/2025\/06\/WhatsApp-Image-2025-06-06-at-09.31.35.jpeg'><img width=\"300\" height=\"300\" src=\"https:\/\/franciscanos.org.br\/conventosantoantonio\/wp-content\/uploads\/2025\/06\/WhatsApp-Image-2025-06-06-at-09.31.35-300x300.jpeg\" class=\"attachment-thumbnail size-thumbnail\" alt=\"\" loading=\"lazy\" srcset=\"https:\/\/franciscanos.org.br\/conventosantoantonio\/wp-content\/uploads\/2025\/06\/WhatsApp-Image-2025-06-06-at-09.31.35-300x300.jpeg 300w, https:\/\/franciscanos.org.br\/conventosantoantonio\/wp-content\/uploads\/2025\/06\/WhatsApp-Image-2025-06-06-at-09.31.35-400x400.jpeg 400w\" sizes=\"(max-width: 300px) 100vw, 300px\" \/><\/a>\n\t\t\t<\/dt><\/dl><dl class='gallery-item'>\n\t\t\t<dt class='gallery-icon portrait'>\n\t\t\t\t<a href='https:\/\/franciscanos.org.br\/conventosantoantonio\/wp-content\/uploads\/2025\/06\/WhatsApp-Image-2025-06-06-at-09.31.34-2.jpeg'><img width=\"300\" height=\"300\" src=\"https:\/\/franciscanos.org.br\/conventosantoantonio\/wp-content\/uploads\/2025\/06\/WhatsApp-Image-2025-06-06-at-09.31.34-2-300x300.jpeg\" class=\"attachment-thumbnail size-thumbnail\" alt=\"\" loading=\"lazy\" srcset=\"https:\/\/franciscanos.org.br\/conventosantoantonio\/wp-content\/uploads\/2025\/06\/WhatsApp-Image-2025-06-06-at-09.31.34-2-300x300.jpeg 300w, https:\/\/franciscanos.org.br\/conventosantoantonio\/wp-content\/uploads\/2025\/06\/WhatsApp-Image-2025-06-06-at-09.31.34-2-400x400.jpeg 400w\" sizes=\"(max-width: 300px) 100vw, 300px\" \/><\/a>\n\t\t\t<\/dt><\/dl><dl class='gallery-item'>\n\t\t\t<dt class='gallery-icon portrait'>\n\t\t\t\t<a href='https:\/\/franciscanos.org.br\/conventosantoantonio\/wp-content\/uploads\/2025\/06\/WhatsApp-Image-2025-06-06-at-09.31.34-1.jpeg'><img width=\"300\" height=\"300\" src=\"https:\/\/franciscanos.org.br\/conventosantoantonio\/wp-content\/uploads\/2025\/06\/WhatsApp-Image-2025-06-06-at-09.31.34-1-300x300.jpeg\" class=\"attachment-thumbnail size-thumbnail\" alt=\"\" loading=\"lazy\" srcset=\"https:\/\/franciscanos.org.br\/conventosantoantonio\/wp-content\/uploads\/2025\/06\/WhatsApp-Image-2025-06-06-at-09.31.34-1-300x300.jpeg 300w, https:\/\/franciscanos.org.br\/conventosantoantonio\/wp-content\/uploads\/2025\/06\/WhatsApp-Image-2025-06-06-at-09.31.34-1-400x400.jpeg 400w\" sizes=\"(max-width: 300px) 100vw, 300px\" \/><\/a>\n\t\t\t<\/dt><\/dl><dl class='gallery-item'>\n\t\t\t<dt class='gallery-icon landscape'>\n\t\t\t\t<a href='https:\/\/franciscanos.org.br\/conventosantoantonio\/wp-content\/uploads\/2025\/06\/WhatsApp-Image-2025-06-06-at-09.31.34.jpeg'><img width=\"300\" height=\"300\" src=\"https:\/\/franciscanos.org.br\/conventosantoantonio\/wp-content\/uploads\/2025\/06\/WhatsApp-Image-2025-06-06-at-09.31.34-300x300.jpeg\" class=\"attachment-thumbnail size-thumbnail\" alt=\"\" loading=\"lazy\" srcset=\"https:\/\/franciscanos.org.br\/conventosantoantonio\/wp-content\/uploads\/2025\/06\/WhatsApp-Image-2025-06-06-at-09.31.34-300x300.jpeg 300w, https:\/\/franciscanos.org.br\/conventosantoantonio\/wp-content\/uploads\/2025\/06\/WhatsApp-Image-2025-06-06-at-09.31.34-400x400.jpeg 400w\" sizes=\"(max-width: 300px) 100vw, 300px\" \/><\/a>\n\t\t\t<\/dt><\/dl><br style=\"clear: both\" \/>\n\t\t<\/div>\n\n<p>Acolhida pelo Vig\u00e1rio da Casa, Frei R\u00f3ger Brunorio, por Frei Gustavo Medella e por Frei Geraldo Hagedorn, a comitiva aproveitou a ocasi\u00e3o para visitar o t\u00famulo da Princesa Maria Am\u00e9lia, filha de Dom Primeiro I, com Dona Am\u00e9lia, que fica no Mausol\u00e9u do Convento. \u00a0Maria Am\u00e9lia, prometida em casamento ao Arqueduque Maximiliano da \u00c1ustria, n\u00e3o chegou a consumar o matrim\u00f4nio, pois teve uma morte prematura. Os restos mortais da princesa Am\u00e9lia est\u00e3o sepultados no Convento desde o ano de 1982. Os visitantes puderam ainda conhecer o claustro do Convento e as Capelas internas, al\u00e9m da Igreja Conventual. Como sinal de estima e gratid\u00e3o, o Embaixador presenteou a Fraternidade com duas garrafas de vinho austr\u00edaco de \u00f3tima proced\u00eancia e recebeu o Livro na \u201cMem\u00f3ria da Arte Franciscana na Cidade do Rio de Janeiro\u201d, de 2010, obra que traz diversas informa\u00e7\u00f5es, fotos e ilustra\u00e7\u00f5es de aspectos relevantes da Hist\u00f3ria da Convento.<\/p>\n<p><img loading=\"lazy\" class=\"aligncenter wp-image-189852 size-full\" src=\"https:\/\/franciscanos.org.br\/conventosantoantonio\/wp-content\/uploads\/2025\/06\/materia-1-embaixador.png\" alt=\"\" width=\"1280\" height=\"720\" srcset=\"https:\/\/franciscanos.org.br\/conventosantoantonio\/wp-content\/uploads\/2025\/06\/materia-1-embaixador.png 1280w, https:\/\/franciscanos.org.br\/conventosantoantonio\/wp-content\/uploads\/2025\/06\/materia-1-embaixador-450x253.png 450w, https:\/\/franciscanos.org.br\/conventosantoantonio\/wp-content\/uploads\/2025\/06\/materia-1-embaixador-1024x576.png 1024w, https:\/\/franciscanos.org.br\/conventosantoantonio\/wp-content\/uploads\/2025\/06\/materia-1-embaixador-768x432.png 768w, https:\/\/franciscanos.org.br\/conventosantoantonio\/wp-content\/uploads\/2025\/06\/materia-1-embaixador-150x84.png 150w\" sizes=\"(max-width: 1280px) 100vw, 1280px\" \/><\/p>\n<p>Antes de estar no Brasil, Stefan Sholz foi Embaixador da \u00c1ustria no Ir\u00e3 e, a partir de setembro, retorna a seu pa\u00eds de origem para assumir um novo trabalho junto ao Minist\u00e9rio das Rela\u00e7\u00f5es Exteriores austr\u00edaco. A visita transcorreu em clima de muita leveza e amizade, refor\u00e7ando a import\u00e2ncia do Convento Santo Ant\u00f4nio como ponto de Converg\u00eancia das boas rela\u00e7\u00f5es de amizade e reconhecimento que nasceram da dedica\u00e7\u00e3o e pioneirismo dos frades que viveram nestes 417 anos de Hist\u00f3ria.<\/p>\n<hr \/>\n<p><em>Equipe de Comunica\u00e7\u00e3o Convento Santo Ant\u00f4nio \u2013 Rio de Janeiro<\/em><\/p>\n","protected":false},"excerpt":{"rendered":"<p>Visita Internacional<\/p>\n","protected":false},"author":12,"featured_media":189846,"comment_status":"open","ping_status":"open","sticky":false,"template":"","format":"standard","meta":[],"categories":[105],"tags":[357],"yoast_head":"<!-- This site is optimized with the Yoast SEO plugin v19.4 - https:\/\/yoast.com\/wordpress\/plugins\/seo\/ -->\n<title>Embaixador da \u00c1ustria visita o Convento Santo Ant\u00f4nio - Convento Santo Ant\u00f4nio- Franciscanos<\/title>\n<meta name=\"robots\" content=\"index, follow, max-snippet:-1, max-image-preview:large, max-video-preview:-1\" \/>\n<link rel=\"canonical\" href=\"https:\/\/franciscanos.org.br\/conventosantoantonio\/embaixador-da-austria-visita-o-convento-santo-antonio\/\" \/>\n<meta property=\"og:locale\" content=\"pt_BR\" \/>\n<meta property=\"og:type\" content=\"article\" \/>\n<meta property=\"og:title\" content=\"Embaixador da \u00c1ustria visita o Convento Santo Ant\u00f4nio - Convento Santo Ant\u00f4nio- Franciscanos\" \/>\n<meta property=\"og:description\" content=\"Visita Internacional\" \/>\n<meta property=\"og:url\" content=\"https:\/\/franciscanos.org.br\/conventosantoantonio\/embaixador-da-austria-visita-o-convento-santo-antonio\/\" \/>\n<meta property=\"og:site_name\" content=\"Convento Santo Ant\u00f4nio- Franciscanos\" \/>\n<meta property=\"article:published_time\" content=\"2025-06-06T13:01:45+00:00\" \/>\n<meta property=\"og:image\" content=\"https:\/\/franciscanos.org.br\/conventosantoantonio\/wp-content\/uploads\/2025\/06\/chamada-embaixador.png\" \/>\n\t<meta property=\"og:image:width\" content=\"800\" \/>\n\t<meta property=\"og:image:height\" content=\"550\" \/>\n\t<meta property=\"og:image:type\" content=\"image\/png\" \/>\n<meta name=\"author\" content=\"Adriana Rabelo\" \/>\n<meta name=\"twitter:card\" content=\"summary_large_image\" \/>\n<meta name=\"twitter:label1\" content=\"Escrito por\" \/>\n\t<meta name=\"twitter:data1\" content=\"Adriana Rabelo\" \/>\n\t<meta name=\"twitter:label2\" content=\"Est. tempo de leitura\" \/>\n\t<meta name=\"twitter:data2\" content=\"3 minutos\" \/>\n<script type=\"application\/ld+json\" class=\"yoast-schema-graph\">{\"@context\":\"https:\/\/schema.org\",\"@graph\":[{\"@type\":\"WebSite\",\"@id\":\"https:\/\/franciscanos.org.br\/conventosantoantonio\/#website\",\"url\":\"https:\/\/franciscanos.org.br\/conventosantoantonio\/\",\"name\":\"Convento Santo Ant\u00f4nio- Franciscanos\",\"description\":\"Prov\u00edncia Franciscana da Imaculada Concei\u00e7\u00e3o do Brasil - Ordem dos Frades Menores\",\"potentialAction\":[{\"@type\":\"SearchAction\",\"target\":{\"@type\":\"EntryPoint\",\"urlTemplate\":\"https:\/\/franciscanos.org.br\/conventosantoantonio\/?s={search_term_string}\"},\"query-input\":\"required name=search_term_string\"}],\"inLanguage\":\"pt-BR\"},{\"@type\":\"WebPage\",\"@id\":\"https:\/\/franciscanos.org.br\/conventosantoantonio\/embaixador-da-austria-visita-o-convento-santo-antonio\/\",\"url\":\"https:\/\/franciscanos.org.br\/conventosantoantonio\/embaixador-da-austria-visita-o-convento-santo-antonio\/\",\"name\":\"Embaixador da \u00c1ustria visita o Convento Santo Ant\u00f4nio - Convento Santo Ant\u00f4nio- Franciscanos\",\"isPartOf\":{\"@id\":\"https:\/\/franciscanos.org.br\/conventosantoantonio\/#website\"},\"datePublished\":\"2025-06-06T13:01:45+00:00\",\"dateModified\":\"2025-06-06T13:01:45+00:00\",\"author\":{\"@id\":\"https:\/\/franciscanos.org.br\/conventosantoantonio\/#\/schema\/person\/9a980420618be29f098b094e6e8289e1\"},\"breadcrumb\":{\"@id\":\"https:\/\/franciscanos.org.br\/conventosantoantonio\/embaixador-da-austria-visita-o-convento-santo-antonio\/#breadcrumb\"},\"inLanguage\":\"pt-BR\",\"potentialAction\":[{\"@type\":\"ReadAction\",\"target\":[\"https:\/\/franciscanos.org.br\/conventosantoantonio\/embaixador-da-austria-visita-o-convento-santo-antonio\/\"]}]},{\"@type\":\"BreadcrumbList\",\"@id\":\"https:\/\/franciscanos.org.br\/conventosantoantonio\/embaixador-da-austria-visita-o-convento-santo-antonio\/#breadcrumb\",\"itemListElement\":[{\"@type\":\"ListItem\",\"position\":1,\"name\":\"Home\",\"item\":\"https:\/\/franciscanos.org.br\/conventosantoantonio\/\"},{\"@type\":\"ListItem\",\"position\":2,\"name\":\"Embaixador da \u00c1ustria visita o Convento Santo Ant\u00f4nio\"}]},{\"@type\":\"Person\",\"@id\":\"https:\/\/franciscanos.org.br\/conventosantoantonio\/#\/schema\/person\/9a980420618be29f098b094e6e8289e1\",\"name\":\"Adriana Rabelo\",\"image\":{\"@type\":\"ImageObject\",\"inLanguage\":\"pt-BR\",\"@id\":\"https:\/\/franciscanos.org.br\/conventosantoantonio\/#\/schema\/person\/image\/\",\"url\":\"https:\/\/secure.gravatar.com\/avatar\/0a937b7500cd7df77540cfb8bede877d?s=96&d=mm&r=g\",\"contentUrl\":\"https:\/\/secure.gravatar.com\/avatar\/0a937b7500cd7df77540cfb8bede877d?s=96&d=mm&r=g\",\"caption\":\"Adriana Rabelo\"},\"url\":\"https:\/\/franciscanos.org.br\/conventosantoantonio\/author\/adrianarabelo\/\"}]}<\/script>\n<!-- \/ Yoast SEO plugin. -->","yoast_head_json":{"title":"Embaixador da \u00c1ustria visita o Convento Santo Ant\u00f4nio - Convento Santo Ant\u00f4nio- Franciscanos","robots":{"index":"index","follow":"follow","max-snippet":"max-snippet:-1","max-image-preview":"max-image-preview:large","max-video-preview":"max-video-preview:-1"},"canonical":"https:\/\/franciscanos.org.br\/conventosantoantonio\/embaixador-da-austria-visita-o-convento-santo-antonio\/","og_locale":"pt_BR","og_type":"article","og_title":"Embaixador da \u00c1ustria visita o Convento Santo Ant\u00f4nio - Convento Santo Ant\u00f4nio- Franciscanos","og_description":"Visita Internacional","og_url":"https:\/\/franciscanos.org.br\/conventosantoantonio\/embaixador-da-austria-visita-o-convento-santo-antonio\/","og_site_name":"Convento Santo Ant\u00f4nio- Franciscanos","article_published_time":"2025-06-06T13:01:45+00:00","og_image":[{"width":800,"height":550,"url":"https:\/\/franciscanos.org.br\/conventosantoantonio\/wp-content\/uploads\/2025\/06\/chamada-embaixador.png","type":"image\/png"}],"author":"Adriana Rabelo","twitter_card":"summary_large_image","twitter_misc":{"Escrito por":"Adriana Rabelo","Est. tempo de leitura":"3 minutos"},"schema":{"@context":"https:\/\/schema.org","@graph":[{"@type":"WebSite","@id":"https:\/\/franciscanos.org.br\/conventosantoantonio\/#website","url":"https:\/\/franciscanos.org.br\/conventosantoantonio\/","name":"Convento Santo Ant\u00f4nio- Franciscanos","description":"Prov\u00edncia Franciscana da Imaculada Concei\u00e7\u00e3o do Brasil - Ordem dos Frades Menores","potentialAction":[{"@type":"SearchAction","target":{"@type":"EntryPoint","urlTemplate":"https:\/\/franciscanos.org.br\/conventosantoantonio\/?s={search_term_string}"},"query-input":"required name=search_term_string"}],"inLanguage":"pt-BR"},{"@type":"WebPage","@id":"https:\/\/franciscanos.org.br\/conventosantoantonio\/embaixador-da-austria-visita-o-convento-santo-antonio\/","url":"https:\/\/franciscanos.org.br\/conventosantoantonio\/embaixador-da-austria-visita-o-convento-santo-antonio\/","name":"Embaixador da \u00c1ustria visita o Convento Santo Ant\u00f4nio - Convento Santo Ant\u00f4nio- Franciscanos","isPartOf":{"@id":"https:\/\/franciscanos.org.br\/conventosantoantonio\/#website"},"datePublished":"2025-06-06T13:01:45+00:00","dateModified":"2025-06-06T13:01:45+00:00","author":{"@id":"https:\/\/franciscanos.org.br\/conventosantoantonio\/#\/schema\/person\/9a980420618be29f098b094e6e8289e1"},"breadcrumb":{"@id":"https:\/\/franciscanos.org.br\/conventosantoantonio\/embaixador-da-austria-visita-o-convento-santo-antonio\/#breadcrumb"},"inLanguage":"pt-BR","potentialAction":[{"@type":"ReadAction","target":["https:\/\/franciscanos.org.br\/conventosantoantonio\/embaixador-da-austria-visita-o-convento-santo-antonio\/"]}]},{"@type":"BreadcrumbList","@id":"https:\/\/franciscanos.org.br\/conventosantoantonio\/embaixador-da-austria-visita-o-convento-santo-antonio\/#breadcrumb","itemListElement":[{"@type":"ListItem","position":1,"name":"Home","item":"https:\/\/franciscanos.org.br\/conventosantoantonio\/"},{"@type":"ListItem","position":2,"name":"Embaixador da \u00c1ustria visita o Convento Santo Ant\u00f4nio"}]},{"@type":"Person","@id":"https:\/\/franciscanos.org.br\/conventosantoantonio\/#\/schema\/person\/9a980420618be29f098b094e6e8289e1","name":"Adriana Rabelo","image":{"@type":"ImageObject","inLanguage":"pt-BR","@id":"https:\/\/franciscanos.org.br\/conventosantoantonio\/#\/schema\/person\/image\/","url":"https:\/\/secure.gravatar.com\/avatar\/0a937b7500cd7df77540cfb8bede877d?s=96&d=mm&r=g","contentUrl":"https:\/\/secure.gravatar.com\/avatar\/0a937b7500cd7df77540cfb8bede877d?s=96&d=mm&r=g","caption":"Adriana Rabelo"},"url":"https:\/\/franciscanos.org.br\/conventosantoantonio\/author\/adrianarabelo\/"}]}},"_links":{"self":[{"href":"https:\/\/franciscanos.org.br\/conventosantoantonio\/wp-json\/wp\/v2\/posts\/189845"}],"collection":[{"href":"https:\/\/franciscanos.org.br\/conventosantoantonio\/wp-json\/wp\/v2\/posts"}],"about":[{"href":"https:\/\/franciscanos.org.br\/conventosantoantonio\/wp-json\/wp\/v2\/types\/post"}],"author":[{"embeddable":true,"href":"https:\/\/franciscanos.org.br\/conventosantoantonio\/wp-json\/wp\/v2\/users\/12"}],"replies":[{"embeddable":true,"href":"https:\/\/franciscanos.org.br\/conventosantoantonio\/wp-json\/wp\/v2\/comments?post=189845"}],"version-history":[{"count":1,"href":"https:\/\/franciscanos.org.br\/conventosantoantonio\/wp-json\/wp\/v2\/posts\/189845\/revisions"}],"predecessor-version":[{"id":189853,"href":"https:\/\/franciscanos.org.br\/conventosantoantonio\/wp-json\/wp\/v2\/posts\/189845\/revisions\/189853"}],"wp:featuredmedia":[{"embeddable":true,"href":"https:\/\/franciscanos.org.br\/conventosantoantonio\/wp-json\/wp\/v2\/media\/189846"}],"wp:attachment":[{"href":"https:\/\/franciscanos.org.br\/conventosantoantonio\/wp-json\/wp\/v2\/media?parent=189845"}],"wp:term":[{"taxonomy":"category","embeddable":true,"href":"https:\/\/franciscanos.org.br\/conventosantoantonio\/wp-json\/wp\/v2\/categories?post=189845"},{"taxonomy":"post_tag","embeddable":true,"href":"https:\/\/franciscanos.org.br\/conventosantoantonio\/wp-json\/wp\/v2\/tags?post=189845"}],"curies":[{"name":"wp","href":"https:\/\/api.w.org\/{rel}","templated":true}]}}