{"id":189815,"date":"2025-06-06T08:45:47","date_gmt":"2025-06-06T11:45:47","guid":{"rendered":"https:\/\/franciscanos.org.br\/conventosantoantonio\/?p=189815"},"modified":"2025-06-06T08:45:47","modified_gmt":"2025-06-06T11:45:47","slug":"irmao-vento-e-irma-agua-inspiram-devotos-de-santo-antonio-no-rio-de-janeiro","status":"publish","type":"post","link":"https:\/\/franciscanos.org.br\/conventosantoantonio\/irmao-vento-e-irma-agua-inspiram-devotos-de-santo-antonio-no-rio-de-janeiro\/","title":{"rendered":"Irm\u00e3o Vento e Irm\u00e3 \u00c1gua inspiram devotos de Santo Ant\u00f4nio no Rio de Janeiro"},"content":{"rendered":"<p><img loading=\"lazy\" class=\"aligncenter wp-image-189816 size-full\" src=\"https:\/\/franciscanos.org.br\/conventosantoantonio\/wp-content\/uploads\/2025\/06\/materia.png\" alt=\"\" width=\"1280\" height=\"720\" srcset=\"https:\/\/franciscanos.org.br\/conventosantoantonio\/wp-content\/uploads\/2025\/06\/materia.png 1280w, https:\/\/franciscanos.org.br\/conventosantoantonio\/wp-content\/uploads\/2025\/06\/materia-450x253.png 450w, https:\/\/franciscanos.org.br\/conventosantoantonio\/wp-content\/uploads\/2025\/06\/materia-1024x576.png 1024w, https:\/\/franciscanos.org.br\/conventosantoantonio\/wp-content\/uploads\/2025\/06\/materia-768x432.png 768w, https:\/\/franciscanos.org.br\/conventosantoantonio\/wp-content\/uploads\/2025\/06\/materia-150x84.png 150w\" sizes=\"(max-width: 1280px) 100vw, 1280px\" \/><\/p>\n<p><img loading=\"lazy\" class=\"size-medium wp-image-189817 alignright\" src=\"https:\/\/franciscanos.org.br\/conventosantoantonio\/wp-content\/uploads\/2025\/06\/WhatsApp-Image-2025-06-05-at-23.57.27-253x450.jpeg\" alt=\"\" width=\"253\" height=\"450\" srcset=\"https:\/\/franciscanos.org.br\/conventosantoantonio\/wp-content\/uploads\/2025\/06\/WhatsApp-Image-2025-06-05-at-23.57.27-253x450.jpeg 253w, https:\/\/franciscanos.org.br\/conventosantoantonio\/wp-content\/uploads\/2025\/06\/WhatsApp-Image-2025-06-05-at-23.57.27-576x1024.jpeg 576w, https:\/\/franciscanos.org.br\/conventosantoantonio\/wp-content\/uploads\/2025\/06\/WhatsApp-Image-2025-06-05-at-23.57.27-150x267.jpeg 150w, https:\/\/franciscanos.org.br\/conventosantoantonio\/wp-content\/uploads\/2025\/06\/WhatsApp-Image-2025-06-05-at-23.57.27.jpeg 720w\" sizes=\"(max-width: 253px) 100vw, 253px\" \/>A <strong>343\u00aa Trezena de Santo Ant\u00f4nio<\/strong> segue atraindo grande n\u00famero de fi\u00e9is e devotos, trazendo como temas di\u00e1rios os versos do C\u00e2ntico das Criaturas, escrito por S\u00e3o Francisco h\u00e1 800 anos. Na quarta-feira, 04 de junho, quinto dia, foi ocasi\u00e3o de recordar o \u201cIrm\u00e3o Vento, o ar, sereno, nublado e todo o tempo\u201d. No in\u00edcio da reflex\u00e3o no convento centen\u00e1rio que leva o mesmo nome do santo, o pregador, Frei Od\u00e9cio Lima de Souza, recordou a pr\u00f3pria inf\u00e2ncia quando, ansioso para jogar bola com os amigos, de repente era surpreendido por um temporal. Essa situa\u00e7\u00e3o o levava a \u201cbrigar com Deus\u201d por ter mandado o \u201cmau tempo\u201d. Diante da insatisfa\u00e7\u00e3o, seu av\u00f4 dizia que todo tempo era bom e que as tempestades com vento levavam os galhos secos das \u00e1rvores, ajudando-as a se tornarem mais vi\u00e7osas e bonitas. Tamb\u00e9m recordou o trecho b\u00edblico do livro do G\u00eanesis, quando, ap\u00f3s concluir a obra da cria\u00e7\u00e3o, \u201cDeus viu que tudo era muito bom\u201d.<\/p>\n<p data-start=\"1035\" data-end=\"1282\">Frei Od\u00e9cio exortou a assembleia a tornar o amor manifesto por Deus na cria\u00e7\u00e3o em a\u00e7\u00f5es pr\u00e1ticas de caridade. Para ilustrar o apelo, citou o milagre de Santo Ant\u00f4nio, que multiplicou os p\u00e3es da despensa do Convento para distribu\u00ed-los aos pobres.<\/p>\n<p data-start=\"1284\" data-end=\"1519\">Na quinta, 05 de junho, sexto dia, o tema foi a \u201cIrm\u00e3 \u00c1gua\u201d, descrita por S\u00e3o Francisco como \u201chumilde, boa, preciosa e casta\u201d. Na reflex\u00e3o, Frei Od\u00e9cio fez uma catequese a partir das caracter\u00edsticas da \u00e1gua descritas por S\u00e3o Francisco.<\/p>\n<p data-start=\"1521\" data-end=\"2567\">Al\u00e9m das celebra\u00e7\u00f5es no Convento, a Trezena segue sendo celebrada tamb\u00e9m com as visitas de \u201cSanto Ant\u00f4nio Peregrino\u201d. Na tarde de quarta-feira, a visita da imagem foi \u00e0 Unidade III do Instituto Nacional de C\u00e2ncer (INCA), que atua no cuidado do c\u00e2ncer de mama. Foi ocasi\u00e3o de gratid\u00e3o e prece junto a um grupo de trabalhadores da Unidade e tamb\u00e9m de alguns acompanhantes de pacientes. Frei Gustavo Medella recordou a preciosidade de cada pequeno gesto realizado pela equipe que trabalha naquela unidade de sa\u00fade: \u201cAt\u00e9 a colherada de gelatina que refresca a boca ferida de quem passa por um exigente tratamento \u00e9 um gesto que agrada a Deus\u201d, destacou. Houve a declama\u00e7\u00e3o do \u201cC\u00e2ntico das Criaturas\u201d por duas funcion\u00e1rias da unidade. Logo ap\u00f3s a breve celebra\u00e7\u00e3o, Frei Gustavo e Frei R\u00f3ger Brunorio percorreram os setores de quimioterapia, radioterapia e as enfermarias dos andares 5 e 6. Levaram a rel\u00edquia e distribu\u00edram os p\u00e3ezinhos a quem desejasse, deixando sempre uma palavra de esperan\u00e7a e solidariedade em nome do Convento e de toda a Igreja.<\/p>\n<p data-start=\"1521\" data-end=\"2567\"><img loading=\"lazy\" class=\"aligncenter wp-image-189818 size-full\" src=\"https:\/\/franciscanos.org.br\/conventosantoantonio\/wp-content\/uploads\/2025\/06\/INCA-MATERIA.png\" alt=\"\" width=\"1280\" height=\"720\" srcset=\"https:\/\/franciscanos.org.br\/conventosantoantonio\/wp-content\/uploads\/2025\/06\/INCA-MATERIA.png 1280w, https:\/\/franciscanos.org.br\/conventosantoantonio\/wp-content\/uploads\/2025\/06\/INCA-MATERIA-450x253.png 450w, https:\/\/franciscanos.org.br\/conventosantoantonio\/wp-content\/uploads\/2025\/06\/INCA-MATERIA-1024x576.png 1024w, https:\/\/franciscanos.org.br\/conventosantoantonio\/wp-content\/uploads\/2025\/06\/INCA-MATERIA-768x432.png 768w, https:\/\/franciscanos.org.br\/conventosantoantonio\/wp-content\/uploads\/2025\/06\/INCA-MATERIA-150x84.png 150w\" sizes=\"(max-width: 1280px) 100vw, 1280px\" \/><\/p>\n<p data-start=\"1521\" data-end=\"2567\">Na quinta-feira foi dia de visitar as \u201cCasas de Leis\u201d. \u00c0s 10h, a imagem chegou \u00e0 C\u00e2mara dos Vereadores, no Pal\u00e1cio Pedro Ernesto, onde, conduzida por Frei Jos\u00e9 Francisco e Frei Cl\u00e1udio Broca, foi recebida pelo presidente da Casa, Vereador Carlo Caiado, o Secret\u00e1rio, Vereador Rafael Alo\u00edsio Freitas, e o Vereador Diego Faro, al\u00e9m de servidores e do Coral da C\u00e2mara. No momento de reflex\u00e3o, Frei Jos\u00e9 Francisco enfatizou a import\u00e2ncia da Lei desde os tempos de Mois\u00e9s, ressaltando seu valor para a organiza\u00e7\u00e3o justa da sociedade. Refor\u00e7ou que a visita de Santo Ant\u00f4nio \u00e0 Casa de Leis do Munic\u00edpio deseja recordar o compromisso de partilha, solidariedade e cuidado integral que deve sempre pautar a atividade legislativa. Tamb\u00e9m agradeceu \u00e0 Casa pela defer\u00eancia em promulgar a\u00a0<strong>Lei 8.533, de agosto de 2024, que instituiu a Trezena e a Festa do Convento Santo Ant\u00f4nio como Patrim\u00f4nio Cultural Imaterial do Munic\u00edpio do Rio de Janeiro<\/strong>.<\/p>\n\n\t\t<style type=\"text\/css\">\n\t\t\t#gallery-1 {\n\t\t\t\tmargin: auto;\n\t\t\t}\n\t\t\t#gallery-1 .gallery-item {\n\t\t\t\tfloat: left;\n\t\t\t\tmargin-top: 10px;\n\t\t\t\ttext-align: center;\n\t\t\t\twidth: 25%;\n\t\t\t}\n\t\t\t#gallery-1 img {\n\t\t\t\tborder: 2px solid #cfcfcf;\n\t\t\t}\n\t\t\t#gallery-1 .gallery-caption {\n\t\t\t\tmargin-left: 0;\n\t\t\t}\n\t\t\t\/* see gallery_shortcode() in wp-includes\/media.php *\/\n\t\t<\/style>\n\t\t<div id='gallery-1' class='gallery galleryid-189815 gallery-columns-4 gallery-size-thumbnail'><dl class='gallery-item'>\n\t\t\t<dt class='gallery-icon landscape'>\n\t\t\t\t<a href='https:\/\/franciscanos.org.br\/conventosantoantonio\/wp-content\/uploads\/2025\/06\/54569655984_092eaac17c_o-scaled.jpg'><img width=\"300\" height=\"300\" src=\"https:\/\/franciscanos.org.br\/conventosantoantonio\/wp-content\/uploads\/2025\/06\/54569655984_092eaac17c_o-300x300.jpg\" class=\"attachment-thumbnail size-thumbnail\" alt=\"\" loading=\"lazy\" aria-describedby=\"gallery-1-189819\" srcset=\"https:\/\/franciscanos.org.br\/conventosantoantonio\/wp-content\/uploads\/2025\/06\/54569655984_092eaac17c_o-300x300.jpg 300w, https:\/\/franciscanos.org.br\/conventosantoantonio\/wp-content\/uploads\/2025\/06\/54569655984_092eaac17c_o-400x400.jpg 400w\" sizes=\"(max-width: 300px) 100vw, 300px\" \/><\/a>\n\t\t\t<\/dt>\n\t\t\t\t<dd class='wp-caption-text gallery-caption' id='gallery-1-189819'>\n\t\t\t\tFotos:Victor Ferreira Santos\/CMRJ\n\t\t\t\t<\/dd><\/dl><dl class='gallery-item'>\n\t\t\t<dt class='gallery-icon landscape'>\n\t\t\t\t<a href='https:\/\/franciscanos.org.br\/conventosantoantonio\/wp-content\/uploads\/2025\/06\/54569802590_bc963f2115_o-scaled.jpg'><img width=\"300\" height=\"300\" src=\"https:\/\/franciscanos.org.br\/conventosantoantonio\/wp-content\/uploads\/2025\/06\/54569802590_bc963f2115_o-300x300.jpg\" class=\"attachment-thumbnail size-thumbnail\" alt=\"\" loading=\"lazy\" srcset=\"https:\/\/franciscanos.org.br\/conventosantoantonio\/wp-content\/uploads\/2025\/06\/54569802590_bc963f2115_o-300x300.jpg 300w, https:\/\/franciscanos.org.br\/conventosantoantonio\/wp-content\/uploads\/2025\/06\/54569802590_bc963f2115_o-400x400.jpg 400w\" sizes=\"(max-width: 300px) 100vw, 300px\" \/><\/a>\n\t\t\t<\/dt><\/dl><dl class='gallery-item'>\n\t\t\t<dt class='gallery-icon landscape'>\n\t\t\t\t<a href='https:\/\/franciscanos.org.br\/conventosantoantonio\/wp-content\/uploads\/2025\/06\/54569700138_97caf267af_o-scaled.jpg'><img width=\"300\" height=\"300\" src=\"https:\/\/franciscanos.org.br\/conventosantoantonio\/wp-content\/uploads\/2025\/06\/54569700138_97caf267af_o-300x300.jpg\" class=\"attachment-thumbnail size-thumbnail\" alt=\"\" loading=\"lazy\" srcset=\"https:\/\/franciscanos.org.br\/conventosantoantonio\/wp-content\/uploads\/2025\/06\/54569700138_97caf267af_o-300x300.jpg 300w, https:\/\/franciscanos.org.br\/conventosantoantonio\/wp-content\/uploads\/2025\/06\/54569700138_97caf267af_o-400x400.jpg 400w\" sizes=\"(max-width: 300px) 100vw, 300px\" \/><\/a>\n\t\t\t<\/dt><\/dl><dl class='gallery-item'>\n\t\t\t<dt class='gallery-icon landscape'>\n\t\t\t\t<a href='https:\/\/franciscanos.org.br\/conventosantoantonio\/wp-content\/uploads\/2025\/06\/54568604822_690fca40f8_o-scaled.jpg'><img width=\"300\" height=\"300\" src=\"https:\/\/franciscanos.org.br\/conventosantoantonio\/wp-content\/uploads\/2025\/06\/54568604822_690fca40f8_o-300x300.jpg\" class=\"attachment-thumbnail size-thumbnail\" alt=\"\" loading=\"lazy\" srcset=\"https:\/\/franciscanos.org.br\/conventosantoantonio\/wp-content\/uploads\/2025\/06\/54568604822_690fca40f8_o-300x300.jpg 300w, https:\/\/franciscanos.org.br\/conventosantoantonio\/wp-content\/uploads\/2025\/06\/54568604822_690fca40f8_o-400x400.jpg 400w\" sizes=\"(max-width: 300px) 100vw, 300px\" \/><\/a>\n\t\t\t<\/dt><\/dl><br style=\"clear: both\" \/>\n\t\t<\/div>\n\n<p data-start=\"1521\" data-end=\"2567\">A celebra\u00e7\u00e3o seguiu tamb\u00e9m com uma homenagem realizada pelos pr\u00f3prios parlamentares. O presidente da Casa manifestou gratid\u00e3o pela visita, definindo-a como uma ocasi\u00e3o especial de b\u00ean\u00e7\u00e3o para a cidade e todos os cariocas. Acompanhado pelo Coral, o Vereador Diego Faro cantou a Ladainha de Santo Ant\u00f4nio e, representando toda a equipe da C\u00e2mara, o Vereador Rafael declamou o C\u00e2ntico das Criaturas, tema da Trezena deste ano.<\/p>\n<div id=\"attachment_189823\" style=\"width: 1290px\" class=\"wp-caption alignnone\"><img aria-describedby=\"caption-attachment-189823\" loading=\"lazy\" class=\"wp-image-189823 size-full\" src=\"https:\/\/franciscanos.org.br\/conventosantoantonio\/wp-content\/uploads\/2025\/06\/CAMARA-MATERIA.png\" alt=\"\" width=\"1280\" height=\"720\" srcset=\"https:\/\/franciscanos.org.br\/conventosantoantonio\/wp-content\/uploads\/2025\/06\/CAMARA-MATERIA.png 1280w, https:\/\/franciscanos.org.br\/conventosantoantonio\/wp-content\/uploads\/2025\/06\/CAMARA-MATERIA-450x253.png 450w, https:\/\/franciscanos.org.br\/conventosantoantonio\/wp-content\/uploads\/2025\/06\/CAMARA-MATERIA-1024x576.png 1024w, https:\/\/franciscanos.org.br\/conventosantoantonio\/wp-content\/uploads\/2025\/06\/CAMARA-MATERIA-768x432.png 768w, https:\/\/franciscanos.org.br\/conventosantoantonio\/wp-content\/uploads\/2025\/06\/CAMARA-MATERIA-150x84.png 150w\" sizes=\"(max-width: 1280px) 100vw, 1280px\" \/><p id=\"caption-attachment-189823\" class=\"wp-caption-text\">Foto: Victor Ferreira Santos\/CMRJ<\/p><\/div>\n<p data-start=\"3927\" data-end=\"4462\">\u00c0s 12h, o andor com a imagem peregrina foi conduzido para o pr\u00e9dio da Assembleia Legislativa do Estado do Rio de Janeiro (Alerj), onde foi recebida pelo Capel\u00e3o, Padre Manoel Pacheco de Freitas Neto. \u00c0s 12h15, foi celebrada a Missa no audit\u00f3rio da Assembleia, com a presid\u00eancia de Frei Cl\u00e1udio Broca. Logo ap\u00f3s a celebra\u00e7\u00e3o, Santo Ant\u00f4nio \u201ccirculou\u201d pelo pr\u00e9dio, indo at\u00e9 a Presid\u00eancia da Casa e \u00e0 sede da TV e da R\u00e1dio Alerj. Ao final da visita, Frei Cl\u00e1udio e Frei Jos\u00e9 Francisco foram recebidos no gabinete do Deputado Fred Pacheco.<\/p>\n<hr \/>\n<p data-start=\"3927\" data-end=\"4462\"><em>Equipe de Comunica\u00e7\u00e3o Convento Santo Ant\u00f4nio \u2013 Rio de Janeiro<\/em><\/p>\n\n\t\t<style type=\"text\/css\">\n\t\t\t#gallery-2 {\n\t\t\t\tmargin: auto;\n\t\t\t}\n\t\t\t#gallery-2 .gallery-item {\n\t\t\t\tfloat: left;\n\t\t\t\tmargin-top: 10px;\n\t\t\t\ttext-align: center;\n\t\t\t\twidth: 33%;\n\t\t\t}\n\t\t\t#gallery-2 img {\n\t\t\t\tborder: 2px solid #cfcfcf;\n\t\t\t}\n\t\t\t#gallery-2 .gallery-caption {\n\t\t\t\tmargin-left: 0;\n\t\t\t}\n\t\t\t\/* see gallery_shortcode() in wp-includes\/media.php *\/\n\t\t<\/style>\n\t\t<div id='gallery-2' class='gallery galleryid-189815 gallery-columns-3 gallery-size-thumbnail'><dl class='gallery-item'>\n\t\t\t<dt class='gallery-icon portrait'>\n\t\t\t\t<a href='https:\/\/franciscanos.org.br\/conventosantoantonio\/wp-content\/uploads\/2025\/06\/WhatsApp-Image-2025-06-05-at-23.54.00.jpeg'><img width=\"300\" height=\"300\" src=\"https:\/\/franciscanos.org.br\/conventosantoantonio\/wp-content\/uploads\/2025\/06\/WhatsApp-Image-2025-06-05-at-23.54.00-300x300.jpeg\" class=\"attachment-thumbnail size-thumbnail\" alt=\"\" loading=\"lazy\" srcset=\"https:\/\/franciscanos.org.br\/conventosantoantonio\/wp-content\/uploads\/2025\/06\/WhatsApp-Image-2025-06-05-at-23.54.00-300x300.jpeg 300w, https:\/\/franciscanos.org.br\/conventosantoantonio\/wp-content\/uploads\/2025\/06\/WhatsApp-Image-2025-06-05-at-23.54.00-400x400.jpeg 400w\" sizes=\"(max-width: 300px) 100vw, 300px\" \/><\/a>\n\t\t\t<\/dt><\/dl><dl class='gallery-item'>\n\t\t\t<dt class='gallery-icon landscape'>\n\t\t\t\t<a href='https:\/\/franciscanos.org.br\/conventosantoantonio\/wp-content\/uploads\/2025\/06\/WhatsApp-Image-2025-06-05-at-23.54.01.jpeg'><img width=\"300\" height=\"300\" src=\"https:\/\/franciscanos.org.br\/conventosantoantonio\/wp-content\/uploads\/2025\/06\/WhatsApp-Image-2025-06-05-at-23.54.01-300x300.jpeg\" class=\"attachment-thumbnail size-thumbnail\" alt=\"\" loading=\"lazy\" srcset=\"https:\/\/franciscanos.org.br\/conventosantoantonio\/wp-content\/uploads\/2025\/06\/WhatsApp-Image-2025-06-05-at-23.54.01-300x300.jpeg 300w, https:\/\/franciscanos.org.br\/conventosantoantonio\/wp-content\/uploads\/2025\/06\/WhatsApp-Image-2025-06-05-at-23.54.01-400x400.jpeg 400w\" sizes=\"(max-width: 300px) 100vw, 300px\" \/><\/a>\n\t\t\t<\/dt><\/dl><dl class='gallery-item'>\n\t\t\t<dt class='gallery-icon landscape'>\n\t\t\t\t<a href='https:\/\/franciscanos.org.br\/conventosantoantonio\/wp-content\/uploads\/2025\/06\/WhatsApp-Image-2025-06-05-at-23.54.01-1.jpeg'><img width=\"300\" height=\"300\" src=\"https:\/\/franciscanos.org.br\/conventosantoantonio\/wp-content\/uploads\/2025\/06\/WhatsApp-Image-2025-06-05-at-23.54.01-1-300x300.jpeg\" class=\"attachment-thumbnail size-thumbnail\" alt=\"\" loading=\"lazy\" srcset=\"https:\/\/franciscanos.org.br\/conventosantoantonio\/wp-content\/uploads\/2025\/06\/WhatsApp-Image-2025-06-05-at-23.54.01-1-300x300.jpeg 300w, https:\/\/franciscanos.org.br\/conventosantoantonio\/wp-content\/uploads\/2025\/06\/WhatsApp-Image-2025-06-05-at-23.54.01-1-400x400.jpeg 400w\" sizes=\"(max-width: 300px) 100vw, 300px\" \/><\/a>\n\t\t\t<\/dt><\/dl><br style=\"clear: both\" \/><dl class='gallery-item'>\n\t\t\t<dt class='gallery-icon landscape'>\n\t\t\t\t<a href='https:\/\/franciscanos.org.br\/conventosantoantonio\/wp-content\/uploads\/2025\/06\/54569700138_97caf267af_o-2-scaled.jpg'><img width=\"300\" height=\"300\" src=\"https:\/\/franciscanos.org.br\/conventosantoantonio\/wp-content\/uploads\/2025\/06\/54569700138_97caf267af_o-2-300x300.jpg\" class=\"attachment-thumbnail size-thumbnail\" alt=\"\" loading=\"lazy\" srcset=\"https:\/\/franciscanos.org.br\/conventosantoantonio\/wp-content\/uploads\/2025\/06\/54569700138_97caf267af_o-2-300x300.jpg 300w, https:\/\/franciscanos.org.br\/conventosantoantonio\/wp-content\/uploads\/2025\/06\/54569700138_97caf267af_o-2-400x400.jpg 400w\" sizes=\"(max-width: 300px) 100vw, 300px\" \/><\/a>\n\t\t\t<\/dt><\/dl><dl class='gallery-item'>\n\t\t\t<dt class='gallery-icon landscape'>\n\t\t\t\t<a href='https:\/\/franciscanos.org.br\/conventosantoantonio\/wp-content\/uploads\/2025\/06\/54568605432_f0db75bfab_o-scaled.jpg'><img width=\"300\" height=\"300\" src=\"https:\/\/franciscanos.org.br\/conventosantoantonio\/wp-content\/uploads\/2025\/06\/54568605432_f0db75bfab_o-300x300.jpg\" class=\"attachment-thumbnail size-thumbnail\" alt=\"\" loading=\"lazy\" srcset=\"https:\/\/franciscanos.org.br\/conventosantoantonio\/wp-content\/uploads\/2025\/06\/54568605432_f0db75bfab_o-300x300.jpg 300w, https:\/\/franciscanos.org.br\/conventosantoantonio\/wp-content\/uploads\/2025\/06\/54568605432_f0db75bfab_o-400x400.jpg 400w\" sizes=\"(max-width: 300px) 100vw, 300px\" \/><\/a>\n\t\t\t<\/dt><\/dl><dl class='gallery-item'>\n\t\t\t<dt class='gallery-icon landscape'>\n\t\t\t\t<a href='https:\/\/franciscanos.org.br\/conventosantoantonio\/wp-content\/uploads\/2025\/06\/54569471051_32343e816b_o-scaled.jpg'><img width=\"300\" height=\"300\" src=\"https:\/\/franciscanos.org.br\/conventosantoantonio\/wp-content\/uploads\/2025\/06\/54569471051_32343e816b_o-300x300.jpg\" class=\"attachment-thumbnail size-thumbnail\" alt=\"\" loading=\"lazy\" srcset=\"https:\/\/franciscanos.org.br\/conventosantoantonio\/wp-content\/uploads\/2025\/06\/54569471051_32343e816b_o-300x300.jpg 300w, https:\/\/franciscanos.org.br\/conventosantoantonio\/wp-content\/uploads\/2025\/06\/54569471051_32343e816b_o-400x400.jpg 400w\" sizes=\"(max-width: 300px) 100vw, 300px\" \/><\/a>\n\t\t\t<\/dt><\/dl><br style=\"clear: both\" \/><dl class='gallery-item'>\n\t\t\t<dt class='gallery-icon landscape'>\n\t\t\t\t<a href='https:\/\/franciscanos.org.br\/conventosantoantonio\/wp-content\/uploads\/2025\/06\/54569700978_51dca8a586_o-scaled.jpg'><img width=\"300\" height=\"300\" src=\"https:\/\/franciscanos.org.br\/conventosantoantonio\/wp-content\/uploads\/2025\/06\/54569700978_51dca8a586_o-300x300.jpg\" class=\"attachment-thumbnail size-thumbnail\" alt=\"\" loading=\"lazy\" srcset=\"https:\/\/franciscanos.org.br\/conventosantoantonio\/wp-content\/uploads\/2025\/06\/54569700978_51dca8a586_o-300x300.jpg 300w, https:\/\/franciscanos.org.br\/conventosantoantonio\/wp-content\/uploads\/2025\/06\/54569700978_51dca8a586_o-400x400.jpg 400w\" sizes=\"(max-width: 300px) 100vw, 300px\" \/><\/a>\n\t\t\t<\/dt><\/dl><dl class='gallery-item'>\n\t\t\t<dt class='gallery-icon landscape'>\n\t\t\t\t<a href='https:\/\/franciscanos.org.br\/conventosantoantonio\/wp-content\/uploads\/2025\/06\/54569802435_5b84757f81_o-scaled.jpg'><img width=\"300\" height=\"300\" src=\"https:\/\/franciscanos.org.br\/conventosantoantonio\/wp-content\/uploads\/2025\/06\/54569802435_5b84757f81_o-300x300.jpg\" class=\"attachment-thumbnail size-thumbnail\" alt=\"\" loading=\"lazy\" srcset=\"https:\/\/franciscanos.org.br\/conventosantoantonio\/wp-content\/uploads\/2025\/06\/54569802435_5b84757f81_o-300x300.jpg 300w, https:\/\/franciscanos.org.br\/conventosantoantonio\/wp-content\/uploads\/2025\/06\/54569802435_5b84757f81_o-400x400.jpg 400w\" sizes=\"(max-width: 300px) 100vw, 300px\" \/><\/a>\n\t\t\t<\/dt><\/dl><dl class='gallery-item'>\n\t\t\t<dt class='gallery-icon portrait'>\n\t\t\t\t<a href='https:\/\/franciscanos.org.br\/conventosantoantonio\/wp-content\/uploads\/2025\/06\/54569804290_84ab115a01_o-scaled.jpg'><img width=\"300\" height=\"300\" src=\"https:\/\/franciscanos.org.br\/conventosantoantonio\/wp-content\/uploads\/2025\/06\/54569804290_84ab115a01_o-300x300.jpg\" class=\"attachment-thumbnail size-thumbnail\" alt=\"\" loading=\"lazy\" srcset=\"https:\/\/franciscanos.org.br\/conventosantoantonio\/wp-content\/uploads\/2025\/06\/54569804290_84ab115a01_o-300x300.jpg 300w, https:\/\/franciscanos.org.br\/conventosantoantonio\/wp-content\/uploads\/2025\/06\/54569804290_84ab115a01_o-400x400.jpg 400w\" sizes=\"(max-width: 300px) 100vw, 300px\" \/><\/a>\n\t\t\t<\/dt><\/dl><br style=\"clear: both\" \/>\n\t\t<\/div>\n\n","protected":false},"excerpt":{"rendered":"<p>Festa de Santo Ant\u00f4nio 2025<\/p>\n","protected":false},"author":12,"featured_media":189839,"comment_status":"open","ping_status":"open","sticky":false,"template":"","format":"standard","meta":[],"categories":[105],"tags":[357,390],"yoast_head":"<!-- This site is optimized with the Yoast SEO plugin v19.4 - https:\/\/yoast.com\/wordpress\/plugins\/seo\/ -->\n<title>Irm\u00e3o Vento e Irm\u00e3 \u00c1gua inspiram devotos de Santo Ant\u00f4nio no Rio de Janeiro - Convento Santo Ant\u00f4nio- Franciscanos<\/title>\n<meta name=\"robots\" content=\"index, follow, max-snippet:-1, max-image-preview:large, max-video-preview:-1\" \/>\n<link rel=\"canonical\" href=\"https:\/\/franciscanos.org.br\/conventosantoantonio\/irmao-vento-e-irma-agua-inspiram-devotos-de-santo-antonio-no-rio-de-janeiro\/\" \/>\n<meta property=\"og:locale\" content=\"pt_BR\" \/>\n<meta property=\"og:type\" content=\"article\" \/>\n<meta property=\"og:title\" content=\"Irm\u00e3o Vento e Irm\u00e3 \u00c1gua inspiram devotos de Santo Ant\u00f4nio no Rio de Janeiro - Convento Santo Ant\u00f4nio- Franciscanos\" \/>\n<meta property=\"og:description\" content=\"Festa de Santo Ant\u00f4nio 2025\" \/>\n<meta property=\"og:url\" content=\"https:\/\/franciscanos.org.br\/conventosantoantonio\/irmao-vento-e-irma-agua-inspiram-devotos-de-santo-antonio-no-rio-de-janeiro\/\" \/>\n<meta property=\"og:site_name\" content=\"Convento Santo Ant\u00f4nio- Franciscanos\" \/>\n<meta property=\"article:published_time\" content=\"2025-06-06T11:45:47+00:00\" \/>\n<meta property=\"og:image\" content=\"https:\/\/franciscanos.org.br\/conventosantoantonio\/wp-content\/uploads\/2025\/06\/chamada-2.png\" \/>\n\t<meta property=\"og:image:width\" content=\"800\" \/>\n\t<meta property=\"og:image:height\" content=\"550\" \/>\n\t<meta property=\"og:image:type\" content=\"image\/png\" \/>\n<meta name=\"author\" content=\"Adriana Rabelo\" \/>\n<meta name=\"twitter:card\" content=\"summary_large_image\" \/>\n<meta name=\"twitter:label1\" content=\"Escrito por\" \/>\n\t<meta name=\"twitter:data1\" content=\"Adriana Rabelo\" \/>\n\t<meta name=\"twitter:label2\" content=\"Est. tempo de leitura\" \/>\n\t<meta name=\"twitter:data2\" content=\"5 minutos\" \/>\n<script type=\"application\/ld+json\" class=\"yoast-schema-graph\">{\"@context\":\"https:\/\/schema.org\",\"@graph\":[{\"@type\":\"WebSite\",\"@id\":\"https:\/\/franciscanos.org.br\/conventosantoantonio\/#website\",\"url\":\"https:\/\/franciscanos.org.br\/conventosantoantonio\/\",\"name\":\"Convento Santo Ant\u00f4nio- Franciscanos\",\"description\":\"Prov\u00edncia Franciscana da Imaculada Concei\u00e7\u00e3o do Brasil - Ordem dos Frades Menores\",\"potentialAction\":[{\"@type\":\"SearchAction\",\"target\":{\"@type\":\"EntryPoint\",\"urlTemplate\":\"https:\/\/franciscanos.org.br\/conventosantoantonio\/?s={search_term_string}\"},\"query-input\":\"required name=search_term_string\"}],\"inLanguage\":\"pt-BR\"},{\"@type\":\"WebPage\",\"@id\":\"https:\/\/franciscanos.org.br\/conventosantoantonio\/irmao-vento-e-irma-agua-inspiram-devotos-de-santo-antonio-no-rio-de-janeiro\/\",\"url\":\"https:\/\/franciscanos.org.br\/conventosantoantonio\/irmao-vento-e-irma-agua-inspiram-devotos-de-santo-antonio-no-rio-de-janeiro\/\",\"name\":\"Irm\u00e3o Vento e Irm\u00e3 \u00c1gua inspiram devotos de Santo Ant\u00f4nio no Rio de Janeiro - Convento Santo Ant\u00f4nio- Franciscanos\",\"isPartOf\":{\"@id\":\"https:\/\/franciscanos.org.br\/conventosantoantonio\/#website\"},\"datePublished\":\"2025-06-06T11:45:47+00:00\",\"dateModified\":\"2025-06-06T11:45:47+00:00\",\"author\":{\"@id\":\"https:\/\/franciscanos.org.br\/conventosantoantonio\/#\/schema\/person\/9a980420618be29f098b094e6e8289e1\"},\"breadcrumb\":{\"@id\":\"https:\/\/franciscanos.org.br\/conventosantoantonio\/irmao-vento-e-irma-agua-inspiram-devotos-de-santo-antonio-no-rio-de-janeiro\/#breadcrumb\"},\"inLanguage\":\"pt-BR\",\"potentialAction\":[{\"@type\":\"ReadAction\",\"target\":[\"https:\/\/franciscanos.org.br\/conventosantoantonio\/irmao-vento-e-irma-agua-inspiram-devotos-de-santo-antonio-no-rio-de-janeiro\/\"]}]},{\"@type\":\"BreadcrumbList\",\"@id\":\"https:\/\/franciscanos.org.br\/conventosantoantonio\/irmao-vento-e-irma-agua-inspiram-devotos-de-santo-antonio-no-rio-de-janeiro\/#breadcrumb\",\"itemListElement\":[{\"@type\":\"ListItem\",\"position\":1,\"name\":\"Home\",\"item\":\"https:\/\/franciscanos.org.br\/conventosantoantonio\/\"},{\"@type\":\"ListItem\",\"position\":2,\"name\":\"Irm\u00e3o Vento e Irm\u00e3 \u00c1gua inspiram devotos de Santo Ant\u00f4nio no Rio de Janeiro\"}]},{\"@type\":\"Person\",\"@id\":\"https:\/\/franciscanos.org.br\/conventosantoantonio\/#\/schema\/person\/9a980420618be29f098b094e6e8289e1\",\"name\":\"Adriana Rabelo\",\"image\":{\"@type\":\"ImageObject\",\"inLanguage\":\"pt-BR\",\"@id\":\"https:\/\/franciscanos.org.br\/conventosantoantonio\/#\/schema\/person\/image\/\",\"url\":\"https:\/\/secure.gravatar.com\/avatar\/0a937b7500cd7df77540cfb8bede877d?s=96&d=mm&r=g\",\"contentUrl\":\"https:\/\/secure.gravatar.com\/avatar\/0a937b7500cd7df77540cfb8bede877d?s=96&d=mm&r=g\",\"caption\":\"Adriana Rabelo\"},\"url\":\"https:\/\/franciscanos.org.br\/conventosantoantonio\/author\/adrianarabelo\/\"}]}<\/script>\n<!-- \/ Yoast SEO plugin. -->","yoast_head_json":{"title":"Irm\u00e3o Vento e Irm\u00e3 \u00c1gua inspiram devotos de Santo Ant\u00f4nio no Rio de Janeiro - Convento Santo Ant\u00f4nio- Franciscanos","robots":{"index":"index","follow":"follow","max-snippet":"max-snippet:-1","max-image-preview":"max-image-preview:large","max-video-preview":"max-video-preview:-1"},"canonical":"https:\/\/franciscanos.org.br\/conventosantoantonio\/irmao-vento-e-irma-agua-inspiram-devotos-de-santo-antonio-no-rio-de-janeiro\/","og_locale":"pt_BR","og_type":"article","og_title":"Irm\u00e3o Vento e Irm\u00e3 \u00c1gua inspiram devotos de Santo Ant\u00f4nio no Rio de Janeiro - Convento Santo Ant\u00f4nio- Franciscanos","og_description":"Festa de Santo Ant\u00f4nio 2025","og_url":"https:\/\/franciscanos.org.br\/conventosantoantonio\/irmao-vento-e-irma-agua-inspiram-devotos-de-santo-antonio-no-rio-de-janeiro\/","og_site_name":"Convento Santo Ant\u00f4nio- Franciscanos","article_published_time":"2025-06-06T11:45:47+00:00","og_image":[{"width":800,"height":550,"url":"https:\/\/franciscanos.org.br\/conventosantoantonio\/wp-content\/uploads\/2025\/06\/chamada-2.png","type":"image\/png"}],"author":"Adriana Rabelo","twitter_card":"summary_large_image","twitter_misc":{"Escrito por":"Adriana Rabelo","Est. tempo de leitura":"5 minutos"},"schema":{"@context":"https:\/\/schema.org","@graph":[{"@type":"WebSite","@id":"https:\/\/franciscanos.org.br\/conventosantoantonio\/#website","url":"https:\/\/franciscanos.org.br\/conventosantoantonio\/","name":"Convento Santo Ant\u00f4nio- Franciscanos","description":"Prov\u00edncia Franciscana da Imaculada Concei\u00e7\u00e3o do Brasil - Ordem dos Frades Menores","potentialAction":[{"@type":"SearchAction","target":{"@type":"EntryPoint","urlTemplate":"https:\/\/franciscanos.org.br\/conventosantoantonio\/?s={search_term_string}"},"query-input":"required name=search_term_string"}],"inLanguage":"pt-BR"},{"@type":"WebPage","@id":"https:\/\/franciscanos.org.br\/conventosantoantonio\/irmao-vento-e-irma-agua-inspiram-devotos-de-santo-antonio-no-rio-de-janeiro\/","url":"https:\/\/franciscanos.org.br\/conventosantoantonio\/irmao-vento-e-irma-agua-inspiram-devotos-de-santo-antonio-no-rio-de-janeiro\/","name":"Irm\u00e3o Vento e Irm\u00e3 \u00c1gua inspiram devotos de Santo Ant\u00f4nio no Rio de Janeiro - Convento Santo Ant\u00f4nio- Franciscanos","isPartOf":{"@id":"https:\/\/franciscanos.org.br\/conventosantoantonio\/#website"},"datePublished":"2025-06-06T11:45:47+00:00","dateModified":"2025-06-06T11:45:47+00:00","author":{"@id":"https:\/\/franciscanos.org.br\/conventosantoantonio\/#\/schema\/person\/9a980420618be29f098b094e6e8289e1"},"breadcrumb":{"@id":"https:\/\/franciscanos.org.br\/conventosantoantonio\/irmao-vento-e-irma-agua-inspiram-devotos-de-santo-antonio-no-rio-de-janeiro\/#breadcrumb"},"inLanguage":"pt-BR","potentialAction":[{"@type":"ReadAction","target":["https:\/\/franciscanos.org.br\/conventosantoantonio\/irmao-vento-e-irma-agua-inspiram-devotos-de-santo-antonio-no-rio-de-janeiro\/"]}]},{"@type":"BreadcrumbList","@id":"https:\/\/franciscanos.org.br\/conventosantoantonio\/irmao-vento-e-irma-agua-inspiram-devotos-de-santo-antonio-no-rio-de-janeiro\/#breadcrumb","itemListElement":[{"@type":"ListItem","position":1,"name":"Home","item":"https:\/\/franciscanos.org.br\/conventosantoantonio\/"},{"@type":"ListItem","position":2,"name":"Irm\u00e3o Vento e Irm\u00e3 \u00c1gua inspiram devotos de Santo Ant\u00f4nio no Rio de Janeiro"}]},{"@type":"Person","@id":"https:\/\/franciscanos.org.br\/conventosantoantonio\/#\/schema\/person\/9a980420618be29f098b094e6e8289e1","name":"Adriana Rabelo","image":{"@type":"ImageObject","inLanguage":"pt-BR","@id":"https:\/\/franciscanos.org.br\/conventosantoantonio\/#\/schema\/person\/image\/","url":"https:\/\/secure.gravatar.com\/avatar\/0a937b7500cd7df77540cfb8bede877d?s=96&d=mm&r=g","contentUrl":"https:\/\/secure.gravatar.com\/avatar\/0a937b7500cd7df77540cfb8bede877d?s=96&d=mm&r=g","caption":"Adriana Rabelo"},"url":"https:\/\/franciscanos.org.br\/conventosantoantonio\/author\/adrianarabelo\/"}]}},"_links":{"self":[{"href":"https:\/\/franciscanos.org.br\/conventosantoantonio\/wp-json\/wp\/v2\/posts\/189815"}],"collection":[{"href":"https:\/\/franciscanos.org.br\/conventosantoantonio\/wp-json\/wp\/v2\/posts"}],"about":[{"href":"https:\/\/franciscanos.org.br\/conventosantoantonio\/wp-json\/wp\/v2\/types\/post"}],"author":[{"embeddable":true,"href":"https:\/\/franciscanos.org.br\/conventosantoantonio\/wp-json\/wp\/v2\/users\/12"}],"replies":[{"embeddable":true,"href":"https:\/\/franciscanos.org.br\/conventosantoantonio\/wp-json\/wp\/v2\/comments?post=189815"}],"version-history":[{"count":2,"href":"https:\/\/franciscanos.org.br\/conventosantoantonio\/wp-json\/wp\/v2\/posts\/189815\/revisions"}],"predecessor-version":[{"id":189841,"href":"https:\/\/franciscanos.org.br\/conventosantoantonio\/wp-json\/wp\/v2\/posts\/189815\/revisions\/189841"}],"wp:featuredmedia":[{"embeddable":true,"href":"https:\/\/franciscanos.org.br\/conventosantoantonio\/wp-json\/wp\/v2\/media\/189839"}],"wp:attachment":[{"href":"https:\/\/franciscanos.org.br\/conventosantoantonio\/wp-json\/wp\/v2\/media?parent=189815"}],"wp:term":[{"taxonomy":"category","embeddable":true,"href":"https:\/\/franciscanos.org.br\/conventosantoantonio\/wp-json\/wp\/v2\/categories?post=189815"},{"taxonomy":"post_tag","embeddable":true,"href":"https:\/\/franciscanos.org.br\/conventosantoantonio\/wp-json\/wp\/v2\/tags?post=189815"}],"curies":[{"name":"wp","href":"https:\/\/api.w.org\/{rel}","templated":true}]}}