{"id":189736,"date":"2025-06-04T10:51:58","date_gmt":"2025-06-04T13:51:58","guid":{"rendered":"https:\/\/franciscanos.org.br\/conventosantoantonio\/?p=189736"},"modified":"2025-06-05T14:23:56","modified_gmt":"2025-06-05T17:23:56","slug":"sol-lua-e-mar-unidos-na-343a-trezena","status":"publish","type":"post","link":"https:\/\/franciscanos.org.br\/conventosantoantonio\/sol-lua-e-mar-unidos-na-343a-trezena\/","title":{"rendered":"Sol, lua e mar unidos na 343\u00aa Trezena"},"content":{"rendered":"<p><img loading=\"lazy\" class=\"aligncenter wp-image-189739 size-full\" src=\"https:\/\/franciscanos.org.br\/conventosantoantonio\/wp-content\/uploads\/2025\/06\/MARTERIA-3-FINAL.png\" alt=\"\" width=\"1280\" height=\"720\" srcset=\"https:\/\/franciscanos.org.br\/conventosantoantonio\/wp-content\/uploads\/2025\/06\/MARTERIA-3-FINAL.png 1280w, https:\/\/franciscanos.org.br\/conventosantoantonio\/wp-content\/uploads\/2025\/06\/MARTERIA-3-FINAL-450x253.png 450w, https:\/\/franciscanos.org.br\/conventosantoantonio\/wp-content\/uploads\/2025\/06\/MARTERIA-3-FINAL-1024x576.png 1024w, https:\/\/franciscanos.org.br\/conventosantoantonio\/wp-content\/uploads\/2025\/06\/MARTERIA-3-FINAL-768x432.png 768w, https:\/\/franciscanos.org.br\/conventosantoantonio\/wp-content\/uploads\/2025\/06\/MARTERIA-3-FINAL-150x84.png 150w\" sizes=\"(max-width: 1280px) 100vw, 1280px\" \/><\/p>\n<p>Seguindo a linha de louvores proposta por S\u00e3o Francisco de Assis, a 343\u00aa Trezena de Santo Ant\u00f4nio celebrou seu 3\u00ba e 4\u00ba dias nesta segunda e ter\u00e7a-feira, 2 e 3 de junho. As celebra\u00e7\u00f5es foram nos hor\u00e1rios das 12h e 18h, registrando sempre p\u00fablico mais numeroso no primeiro hor\u00e1rio. O pregador, Frei Od\u00e9cio Lima de Souza, seguiu animando a assembleia com voz firme e discurso inflamado.<\/p>\n<p><img loading=\"lazy\" class=\"aligncenter wp-image-189740 size-full\" src=\"https:\/\/franciscanos.org.br\/conventosantoantonio\/wp-content\/uploads\/2025\/06\/NOVENA-DIA3.png\" alt=\"\" width=\"1280\" height=\"720\" srcset=\"https:\/\/franciscanos.org.br\/conventosantoantonio\/wp-content\/uploads\/2025\/06\/NOVENA-DIA3.png 1280w, https:\/\/franciscanos.org.br\/conventosantoantonio\/wp-content\/uploads\/2025\/06\/NOVENA-DIA3-450x253.png 450w, https:\/\/franciscanos.org.br\/conventosantoantonio\/wp-content\/uploads\/2025\/06\/NOVENA-DIA3-1024x576.png 1024w, https:\/\/franciscanos.org.br\/conventosantoantonio\/wp-content\/uploads\/2025\/06\/NOVENA-DIA3-768x432.png 768w, https:\/\/franciscanos.org.br\/conventosantoantonio\/wp-content\/uploads\/2025\/06\/NOVENA-DIA3-150x84.png 150w\" sizes=\"(max-width: 1280px) 100vw, 1280px\" \/><\/p>\n<p>Na missa do 3\u00ba dia, \u00e0s 12h, abordou na homilia a tem\u00e1tica proposta: \u201cLouvado sejas, meu Senhor, pelo Irm\u00e3o Sol\u201d,\u00a0 explicando porque S\u00e3o Francisco chamou o astro-rei de irm\u00e3o e tamb\u00e9m o apresentou como \u201cimagem de Deus\u201d: \u201cTodos temos um pai comum que Deus. Ele criou os astros e tamb\u00e9m a humanidade. O Sol nos d\u00e1 for\u00e7a e energia. Sustenta nossa vida. Deus \u00e9 a verdadeiro Sol de todo o universo\u201d, explicou. Em seguida, falou sobre a compara\u00e7\u00e3o que Santo Ant\u00f4nio fez entre o Sol e Jesus Cristo: \u201cO verdadeiro Sol veio habitar no mundo, entrou no ventre de Maria, tornando-a luminosa\u201d, enfatizou. Tamb\u00e9m destacou a import\u00e2ncia de, na vida crist\u00e3, procurarmos ser verdadeiro Sol uns para os outros em atitude de servi\u00e7o e caridade.<\/p>\n<p><img loading=\"lazy\" class=\"aligncenter wp-image-189741 size-full\" src=\"https:\/\/franciscanos.org.br\/conventosantoantonio\/wp-content\/uploads\/2025\/06\/TREZENA-DIA-4-MATERIA.png\" alt=\"\" width=\"1280\" height=\"720\" srcset=\"https:\/\/franciscanos.org.br\/conventosantoantonio\/wp-content\/uploads\/2025\/06\/TREZENA-DIA-4-MATERIA.png 1280w, https:\/\/franciscanos.org.br\/conventosantoantonio\/wp-content\/uploads\/2025\/06\/TREZENA-DIA-4-MATERIA-450x253.png 450w, https:\/\/franciscanos.org.br\/conventosantoantonio\/wp-content\/uploads\/2025\/06\/TREZENA-DIA-4-MATERIA-1024x576.png 1024w, https:\/\/franciscanos.org.br\/conventosantoantonio\/wp-content\/uploads\/2025\/06\/TREZENA-DIA-4-MATERIA-768x432.png 768w, https:\/\/franciscanos.org.br\/conventosantoantonio\/wp-content\/uploads\/2025\/06\/TREZENA-DIA-4-MATERIA-150x84.png 150w\" sizes=\"(max-width: 1280px) 100vw, 1280px\" \/><\/p>\n<p>No 4\u00ba dia, ao propor a reflex\u00e3o sobre a \u201cirm\u00e3 Lua\u201d, recordou a associa\u00e7\u00e3o que existe na arte, na m\u00fasica e na literatura entre a lua e aqueles que amam, como os namorados, os apaixonados. \u201cA lua \u00e9 de S\u00e3o Francisco, \u00e9 de Santo Ant\u00f4nio, \u00e9 daqueles que sabem amar\u201d, recordou. Logo ap\u00f3s a conclus\u00e3o da homilia, Frei Od\u00e9cio mencionou o jubileu da celebra\u00e7\u00e3o do Conc\u00edlio de Niceia, que neste ano completa 1700 anos, convidando a assembleia a rezar o Credo Niceno-Constantinopolitano, cuja origem remonta ao Conc\u00edlio jubilar.<\/p>\n<p><strong>Santo Ant\u00f4nio Peregrino vai ao Prefeito, a dois hospitais e \u00e0 Marinha<\/strong><\/p>\n<p>Seguindo o percurso de visita\u00e7\u00e3o, na primeira parte da manh\u00e3, \u00e0s 8h, a Imagem peregrina esteve no Gabinete do Prefeito do Rio de Janeiro, Eduardo Paes, no Centro Administrativo S\u00e3o Sebasti\u00e3o, na Cidade Nova. Acompanharam a visita: Frei Gustavo Wayand Medella; o guardi\u00e3o, Frei Walter Ferreira Junior, e Frei Jos\u00e9 Francisco de C\u00e1ssia dos Santos. Manifestando contentamento, o prefeito falou da alegria em receber cada ano a visita da imagem de Santo Ant\u00f4nio, afirmando ser uma oportunidade de renovar as b\u00ean\u00e7\u00e3os para ele e para a Cidade do Rio de Janeiro. Tamb\u00e9m destacou o Convento como lugar de refer\u00eancia hist\u00f3rica e agradeceu aos frades pelo trabalho realizado na preserva\u00e7\u00e3o deste importante patrim\u00f4nio.<\/p>\n\n\t\t<style type=\"text\/css\">\n\t\t\t#gallery-1 {\n\t\t\t\tmargin: auto;\n\t\t\t}\n\t\t\t#gallery-1 .gallery-item {\n\t\t\t\tfloat: left;\n\t\t\t\tmargin-top: 10px;\n\t\t\t\ttext-align: center;\n\t\t\t\twidth: 33%;\n\t\t\t}\n\t\t\t#gallery-1 img {\n\t\t\t\tborder: 2px solid #cfcfcf;\n\t\t\t}\n\t\t\t#gallery-1 .gallery-caption {\n\t\t\t\tmargin-left: 0;\n\t\t\t}\n\t\t\t\/* see gallery_shortcode() in wp-includes\/media.php *\/\n\t\t<\/style>\n\t\t<div id='gallery-1' class='gallery galleryid-189736 gallery-columns-3 gallery-size-thumbnail'><dl class='gallery-item'>\n\t\t\t<dt class='gallery-icon portrait'>\n\t\t\t\t<a href='https:\/\/franciscanos.org.br\/conventosantoantonio\/wp-content\/uploads\/2025\/06\/WhatsApp-Image-2025-06-03-at-23.53.02-1.jpeg'><img width=\"300\" height=\"300\" src=\"https:\/\/franciscanos.org.br\/conventosantoantonio\/wp-content\/uploads\/2025\/06\/WhatsApp-Image-2025-06-03-at-23.53.02-1-300x300.jpeg\" class=\"attachment-thumbnail size-thumbnail\" alt=\"\" loading=\"lazy\" srcset=\"https:\/\/franciscanos.org.br\/conventosantoantonio\/wp-content\/uploads\/2025\/06\/WhatsApp-Image-2025-06-03-at-23.53.02-1-300x300.jpeg 300w, https:\/\/franciscanos.org.br\/conventosantoantonio\/wp-content\/uploads\/2025\/06\/WhatsApp-Image-2025-06-03-at-23.53.02-1-400x400.jpeg 400w\" sizes=\"(max-width: 300px) 100vw, 300px\" \/><\/a>\n\t\t\t<\/dt><\/dl><dl class='gallery-item'>\n\t\t\t<dt class='gallery-icon portrait'>\n\t\t\t\t<a href='https:\/\/franciscanos.org.br\/conventosantoantonio\/wp-content\/uploads\/2025\/06\/WhatsApp-Image-2025-06-03-at-23.53.02.jpeg'><img width=\"300\" height=\"300\" src=\"https:\/\/franciscanos.org.br\/conventosantoantonio\/wp-content\/uploads\/2025\/06\/WhatsApp-Image-2025-06-03-at-23.53.02-300x300.jpeg\" class=\"attachment-thumbnail size-thumbnail\" alt=\"\" loading=\"lazy\" srcset=\"https:\/\/franciscanos.org.br\/conventosantoantonio\/wp-content\/uploads\/2025\/06\/WhatsApp-Image-2025-06-03-at-23.53.02-300x300.jpeg 300w, https:\/\/franciscanos.org.br\/conventosantoantonio\/wp-content\/uploads\/2025\/06\/WhatsApp-Image-2025-06-03-at-23.53.02-400x400.jpeg 400w\" sizes=\"(max-width: 300px) 100vw, 300px\" \/><\/a>\n\t\t\t<\/dt><\/dl><dl class='gallery-item'>\n\t\t\t<dt class='gallery-icon portrait'>\n\t\t\t\t<a href='https:\/\/franciscanos.org.br\/conventosantoantonio\/wp-content\/uploads\/2025\/06\/WhatsApp-Image-2025-06-03-at-23.53.03.jpeg'><img width=\"300\" height=\"300\" src=\"https:\/\/franciscanos.org.br\/conventosantoantonio\/wp-content\/uploads\/2025\/06\/WhatsApp-Image-2025-06-03-at-23.53.03-300x300.jpeg\" class=\"attachment-thumbnail size-thumbnail\" alt=\"\" loading=\"lazy\" srcset=\"https:\/\/franciscanos.org.br\/conventosantoantonio\/wp-content\/uploads\/2025\/06\/WhatsApp-Image-2025-06-03-at-23.53.03-300x300.jpeg 300w, https:\/\/franciscanos.org.br\/conventosantoantonio\/wp-content\/uploads\/2025\/06\/WhatsApp-Image-2025-06-03-at-23.53.03-400x400.jpeg 400w\" sizes=\"(max-width: 300px) 100vw, 300px\" \/><\/a>\n\t\t\t<\/dt><\/dl><br style=\"clear: both\" \/>\n\t\t<\/div>\n\n<p>Recordando o tema da Trezena 2025, o Vig\u00e1rio provincial, Frei Gustavo Medella, exaltou as belezas naturais do Rio e recordou o compromisso de todos, poder p\u00fablico, Igreja e sociedade na promo\u00e7\u00e3o do cuidado e da supera\u00e7\u00e3o de tudo aquilo que destr\u00f3i a natureza e a dignidade humana. Ao final, o prefeito e seus assessores receberam a ben\u00e7\u00e3o com a rel\u00edquia e tamb\u00e9m ganharam o tradicional p\u00e3ozinho de Santo Ant\u00f4nio como lembran\u00e7a da visita.<\/p>\n<p><img loading=\"lazy\" class=\"aligncenter wp-image-189745 size-full\" src=\"https:\/\/franciscanos.org.br\/conventosantoantonio\/wp-content\/uploads\/2025\/06\/SOUZA-AGUIAR-MATERIA.png\" alt=\"\" width=\"1280\" height=\"720\" srcset=\"https:\/\/franciscanos.org.br\/conventosantoantonio\/wp-content\/uploads\/2025\/06\/SOUZA-AGUIAR-MATERIA.png 1280w, https:\/\/franciscanos.org.br\/conventosantoantonio\/wp-content\/uploads\/2025\/06\/SOUZA-AGUIAR-MATERIA-450x253.png 450w, https:\/\/franciscanos.org.br\/conventosantoantonio\/wp-content\/uploads\/2025\/06\/SOUZA-AGUIAR-MATERIA-1024x576.png 1024w, https:\/\/franciscanos.org.br\/conventosantoantonio\/wp-content\/uploads\/2025\/06\/SOUZA-AGUIAR-MATERIA-768x432.png 768w, https:\/\/franciscanos.org.br\/conventosantoantonio\/wp-content\/uploads\/2025\/06\/SOUZA-AGUIAR-MATERIA-150x84.png 150w\" sizes=\"(max-width: 1280px) 100vw, 1280px\" \/><\/p>\n<p>Na parte da tarde, foi a vez do Hospital Municipal Souza Aguiar receber a visita do Santo, desta vez com a presen\u00e7a de Frei Gustavo e Frei Cl\u00e1udio Broca. O Souza Aguiar \u00e9 um Hospital P\u00fablico de Urg\u00eancia e Emerg\u00eancia, sendo considerado um dos maiores do g\u00eanero na Am\u00e9rica Latina. Como nos anos anteriores, a imagem foi recebida pela diretora, Paula Travassos e pela equipe da Capelania Hospitalar para um momento de ben\u00e7\u00e3o e ora\u00e7\u00e3o no sagu\u00e3o da Unidade. Em breve reflex\u00e3o, Frei Gustavo destacou que todo o empenho dos profissionais daquele hospital para curar, aliviar a dor e cultivar a esperan\u00e7a \u00e9 verdadeiro hino de louvor a Deus.<\/p>\n<p>Agradecendo pela visita, a diretora ressaltou o quanto a presen\u00e7a de Santo franciscano trazia for\u00e7a alento e esperan\u00e7a para que todos os envolvidos na miss\u00e3o do Souza Aguiar pudessem superar os desafios do dia a dia.<\/p>\n<p><img loading=\"lazy\" class=\"aligncenter wp-image-189746 size-full\" src=\"https:\/\/franciscanos.org.br\/conventosantoantonio\/wp-content\/uploads\/2025\/06\/HOSPITAL-1-MATERIA.png\" alt=\"\" width=\"1280\" height=\"720\" srcset=\"https:\/\/franciscanos.org.br\/conventosantoantonio\/wp-content\/uploads\/2025\/06\/HOSPITAL-1-MATERIA.png 1280w, https:\/\/franciscanos.org.br\/conventosantoantonio\/wp-content\/uploads\/2025\/06\/HOSPITAL-1-MATERIA-450x253.png 450w, https:\/\/franciscanos.org.br\/conventosantoantonio\/wp-content\/uploads\/2025\/06\/HOSPITAL-1-MATERIA-1024x576.png 1024w, https:\/\/franciscanos.org.br\/conventosantoantonio\/wp-content\/uploads\/2025\/06\/HOSPITAL-1-MATERIA-768x432.png 768w, https:\/\/franciscanos.org.br\/conventosantoantonio\/wp-content\/uploads\/2025\/06\/HOSPITAL-1-MATERIA-150x84.png 150w\" sizes=\"(max-width: 1280px) 100vw, 1280px\" \/><\/p>\n<p>Na ter\u00e7a-feira, dia 4, pela manh\u00e3, a imagem visitou o Hospital S\u00e3o Francisco na Provid\u00eancia de Deus, na Tijuca. Num lugar arborizado e amplo, na pra\u00e7a onde o Papa Francisco esteve durante sua visita ao Rio para a Jornada Mundial da Juventude em 2013, os presentes participaram de um momento de ora\u00e7\u00e3o carinhosamente preparado pelos frades anfitri\u00f5es (Nicolau e Messias), pelas irm\u00e3s religiosas que atuam no local, e pela equipe pastoral. Todos puderam renovar a esperan\u00e7a e a gratid\u00e3o a Deus.<\/p>\n<p>Na parte da tarde, \u00e0s 13h40, a imagem deixou o Convento em carro aberto, escoltada pelos Fuzileiros Navais, em dire\u00e7\u00e3o \u00e0 Sede da Capitania dos Portos do Rio de Janeiro. Ali, pela segunda vez consecutiva, realizou-se, ap\u00f3s o momento de ora\u00e7\u00e3o, a Prociss\u00e3o Mar\u00edtima com Santo Ant\u00f4nio na Ba\u00eda da Guanabara. A beleza do conjunto c\u00e9u, mar, verde e cidade, emoldurando monumentos como o Cristo Redentor e o P\u00e3o de A\u00e7\u00facar foi est\u00edmulo para um percurso marcado pela contempla\u00e7\u00e3o e pelo louvor. O C\u00e2ntico das Criaturas, tema da Trezena deste ano, foi rezado com olhos e com o cora\u00e7\u00e3o de quem se disp\u00f4s a navegar com Santo Ant\u00f4nio. O Santo foi conduzido numa lancha, acompanhado pelos fi\u00e9is devotos que navegaram numa escuna. Foi um momento de comunh\u00e3o fraterna entre a Capitania dos Portos e o Convento Santo Ant\u00f4nio.<\/p>\n<p><img loading=\"lazy\" class=\"aligncenter wp-image-189747 size-full\" src=\"https:\/\/franciscanos.org.br\/conventosantoantonio\/wp-content\/uploads\/2025\/06\/MATERIA-2-POSTAGEM-1.png\" alt=\"\" width=\"1280\" height=\"720\" srcset=\"https:\/\/franciscanos.org.br\/conventosantoantonio\/wp-content\/uploads\/2025\/06\/MATERIA-2-POSTAGEM-1.png 1280w, https:\/\/franciscanos.org.br\/conventosantoantonio\/wp-content\/uploads\/2025\/06\/MATERIA-2-POSTAGEM-1-450x253.png 450w, https:\/\/franciscanos.org.br\/conventosantoantonio\/wp-content\/uploads\/2025\/06\/MATERIA-2-POSTAGEM-1-1024x576.png 1024w, https:\/\/franciscanos.org.br\/conventosantoantonio\/wp-content\/uploads\/2025\/06\/MATERIA-2-POSTAGEM-1-768x432.png 768w, https:\/\/franciscanos.org.br\/conventosantoantonio\/wp-content\/uploads\/2025\/06\/MATERIA-2-POSTAGEM-1-150x84.png 150w\" sizes=\"(max-width: 1280px) 100vw, 1280px\" \/><\/p>\n<hr \/>\n<p><em>Equipe de Comunica\u00e7\u00e3o Convento Santo Ant\u00f4nio \u2013 Rio de Janeiro<\/em><\/p>\n\n\t\t<style type=\"text\/css\">\n\t\t\t#gallery-2 {\n\t\t\t\tmargin: auto;\n\t\t\t}\n\t\t\t#gallery-2 .gallery-item {\n\t\t\t\tfloat: left;\n\t\t\t\tmargin-top: 10px;\n\t\t\t\ttext-align: center;\n\t\t\t\twidth: 25%;\n\t\t\t}\n\t\t\t#gallery-2 img {\n\t\t\t\tborder: 2px solid #cfcfcf;\n\t\t\t}\n\t\t\t#gallery-2 .gallery-caption {\n\t\t\t\tmargin-left: 0;\n\t\t\t}\n\t\t\t\/* see gallery_shortcode() in wp-includes\/media.php *\/\n\t\t<\/style>\n\t\t<div id='gallery-2' class='gallery galleryid-189736 gallery-columns-4 gallery-size-thumbnail'><dl class='gallery-item'>\n\t\t\t<dt class='gallery-icon portrait'>\n\t\t\t\t<a href='https:\/\/franciscanos.org.br\/conventosantoantonio\/wp-content\/uploads\/2025\/06\/WhatsApp-Image-2025-06-03-at-23.58.31-2.jpeg'><img width=\"300\" height=\"300\" src=\"https:\/\/franciscanos.org.br\/conventosantoantonio\/wp-content\/uploads\/2025\/06\/WhatsApp-Image-2025-06-03-at-23.58.31-2-300x300.jpeg\" class=\"attachment-thumbnail size-thumbnail\" alt=\"\" loading=\"lazy\" srcset=\"https:\/\/franciscanos.org.br\/conventosantoantonio\/wp-content\/uploads\/2025\/06\/WhatsApp-Image-2025-06-03-at-23.58.31-2-300x300.jpeg 300w, https:\/\/franciscanos.org.br\/conventosantoantonio\/wp-content\/uploads\/2025\/06\/WhatsApp-Image-2025-06-03-at-23.58.31-2-400x400.jpeg 400w\" sizes=\"(max-width: 300px) 100vw, 300px\" \/><\/a>\n\t\t\t<\/dt><\/dl><dl class='gallery-item'>\n\t\t\t<dt class='gallery-icon landscape'>\n\t\t\t\t<a href='https:\/\/franciscanos.org.br\/conventosantoantonio\/wp-content\/uploads\/2025\/06\/WhatsApp-Image-2025-06-03-at-23.58.32-1.jpeg'><img width=\"300\" height=\"300\" src=\"https:\/\/franciscanos.org.br\/conventosantoantonio\/wp-content\/uploads\/2025\/06\/WhatsApp-Image-2025-06-03-at-23.58.32-1-300x300.jpeg\" class=\"attachment-thumbnail size-thumbnail\" alt=\"\" loading=\"lazy\" srcset=\"https:\/\/franciscanos.org.br\/conventosantoantonio\/wp-content\/uploads\/2025\/06\/WhatsApp-Image-2025-06-03-at-23.58.32-1-300x300.jpeg 300w, https:\/\/franciscanos.org.br\/conventosantoantonio\/wp-content\/uploads\/2025\/06\/WhatsApp-Image-2025-06-03-at-23.58.32-1-400x400.jpeg 400w\" sizes=\"(max-width: 300px) 100vw, 300px\" \/><\/a>\n\t\t\t<\/dt><\/dl><dl class='gallery-item'>\n\t\t\t<dt class='gallery-icon landscape'>\n\t\t\t\t<a href='https:\/\/franciscanos.org.br\/conventosantoantonio\/wp-content\/uploads\/2025\/06\/WhatsApp-Image-2025-06-03-at-23.58.32-2.jpeg'><img width=\"300\" height=\"300\" src=\"https:\/\/franciscanos.org.br\/conventosantoantonio\/wp-content\/uploads\/2025\/06\/WhatsApp-Image-2025-06-03-at-23.58.32-2-300x300.jpeg\" class=\"attachment-thumbnail size-thumbnail\" alt=\"\" loading=\"lazy\" srcset=\"https:\/\/franciscanos.org.br\/conventosantoantonio\/wp-content\/uploads\/2025\/06\/WhatsApp-Image-2025-06-03-at-23.58.32-2-300x300.jpeg 300w, https:\/\/franciscanos.org.br\/conventosantoantonio\/wp-content\/uploads\/2025\/06\/WhatsApp-Image-2025-06-03-at-23.58.32-2-400x400.jpeg 400w\" sizes=\"(max-width: 300px) 100vw, 300px\" \/><\/a>\n\t\t\t<\/dt><\/dl><dl class='gallery-item'>\n\t\t\t<dt class='gallery-icon portrait'>\n\t\t\t\t<a href='https:\/\/franciscanos.org.br\/conventosantoantonio\/wp-content\/uploads\/2025\/06\/WhatsApp-Image-2025-06-03-at-23.58.32-3.jpeg'><img width=\"300\" height=\"300\" src=\"https:\/\/franciscanos.org.br\/conventosantoantonio\/wp-content\/uploads\/2025\/06\/WhatsApp-Image-2025-06-03-at-23.58.32-3-300x300.jpeg\" class=\"attachment-thumbnail size-thumbnail\" alt=\"\" loading=\"lazy\" srcset=\"https:\/\/franciscanos.org.br\/conventosantoantonio\/wp-content\/uploads\/2025\/06\/WhatsApp-Image-2025-06-03-at-23.58.32-3-300x300.jpeg 300w, https:\/\/franciscanos.org.br\/conventosantoantonio\/wp-content\/uploads\/2025\/06\/WhatsApp-Image-2025-06-03-at-23.58.32-3-400x400.jpeg 400w\" sizes=\"(max-width: 300px) 100vw, 300px\" \/><\/a>\n\t\t\t<\/dt><\/dl><br style=\"clear: both\" \/><dl class='gallery-item'>\n\t\t\t<dt class='gallery-icon portrait'>\n\t\t\t\t<a href='https:\/\/franciscanos.org.br\/conventosantoantonio\/wp-content\/uploads\/2025\/06\/WhatsApp-Image-2025-06-03-at-23.58.32-4.jpeg'><img width=\"300\" height=\"300\" src=\"https:\/\/franciscanos.org.br\/conventosantoantonio\/wp-content\/uploads\/2025\/06\/WhatsApp-Image-2025-06-03-at-23.58.32-4-300x300.jpeg\" class=\"attachment-thumbnail size-thumbnail\" alt=\"\" loading=\"lazy\" srcset=\"https:\/\/franciscanos.org.br\/conventosantoantonio\/wp-content\/uploads\/2025\/06\/WhatsApp-Image-2025-06-03-at-23.58.32-4-300x300.jpeg 300w, https:\/\/franciscanos.org.br\/conventosantoantonio\/wp-content\/uploads\/2025\/06\/WhatsApp-Image-2025-06-03-at-23.58.32-4-400x400.jpeg 400w\" sizes=\"(max-width: 300px) 100vw, 300px\" \/><\/a>\n\t\t\t<\/dt><\/dl><dl class='gallery-item'>\n\t\t\t<dt class='gallery-icon landscape'>\n\t\t\t\t<a href='https:\/\/franciscanos.org.br\/conventosantoantonio\/wp-content\/uploads\/2025\/06\/WhatsApp-Image-2025-06-03-at-23.58.32-5.jpeg'><img width=\"300\" height=\"300\" src=\"https:\/\/franciscanos.org.br\/conventosantoantonio\/wp-content\/uploads\/2025\/06\/WhatsApp-Image-2025-06-03-at-23.58.32-5-300x300.jpeg\" class=\"attachment-thumbnail size-thumbnail\" alt=\"\" loading=\"lazy\" srcset=\"https:\/\/franciscanos.org.br\/conventosantoantonio\/wp-content\/uploads\/2025\/06\/WhatsApp-Image-2025-06-03-at-23.58.32-5-300x300.jpeg 300w, https:\/\/franciscanos.org.br\/conventosantoantonio\/wp-content\/uploads\/2025\/06\/WhatsApp-Image-2025-06-03-at-23.58.32-5-400x400.jpeg 400w\" sizes=\"(max-width: 300px) 100vw, 300px\" \/><\/a>\n\t\t\t<\/dt><\/dl><dl class='gallery-item'>\n\t\t\t<dt class='gallery-icon portrait'>\n\t\t\t\t<a href='https:\/\/franciscanos.org.br\/conventosantoantonio\/wp-content\/uploads\/2025\/06\/WhatsApp-Image-2025-06-03-at-23.58.32.jpeg'><img width=\"300\" height=\"300\" src=\"https:\/\/franciscanos.org.br\/conventosantoantonio\/wp-content\/uploads\/2025\/06\/WhatsApp-Image-2025-06-03-at-23.58.32-300x300.jpeg\" class=\"attachment-thumbnail size-thumbnail\" alt=\"\" loading=\"lazy\" srcset=\"https:\/\/franciscanos.org.br\/conventosantoantonio\/wp-content\/uploads\/2025\/06\/WhatsApp-Image-2025-06-03-at-23.58.32-300x300.jpeg 300w, https:\/\/franciscanos.org.br\/conventosantoantonio\/wp-content\/uploads\/2025\/06\/WhatsApp-Image-2025-06-03-at-23.58.32-400x400.jpeg 400w\" sizes=\"(max-width: 300px) 100vw, 300px\" \/><\/a>\n\t\t\t<\/dt><\/dl><dl class='gallery-item'>\n\t\t\t<dt class='gallery-icon landscape'>\n\t\t\t\t<a href='https:\/\/franciscanos.org.br\/conventosantoantonio\/wp-content\/uploads\/2025\/06\/WhatsApp-Image-2025-06-03-at-23.58.33-1.jpeg'><img width=\"300\" height=\"300\" src=\"https:\/\/franciscanos.org.br\/conventosantoantonio\/wp-content\/uploads\/2025\/06\/WhatsApp-Image-2025-06-03-at-23.58.33-1-300x300.jpeg\" class=\"attachment-thumbnail size-thumbnail\" alt=\"\" loading=\"lazy\" srcset=\"https:\/\/franciscanos.org.br\/conventosantoantonio\/wp-content\/uploads\/2025\/06\/WhatsApp-Image-2025-06-03-at-23.58.33-1-300x300.jpeg 300w, https:\/\/franciscanos.org.br\/conventosantoantonio\/wp-content\/uploads\/2025\/06\/WhatsApp-Image-2025-06-03-at-23.58.33-1-400x400.jpeg 400w\" sizes=\"(max-width: 300px) 100vw, 300px\" \/><\/a>\n\t\t\t<\/dt><\/dl><br style=\"clear: both\" \/><dl class='gallery-item'>\n\t\t\t<dt class='gallery-icon portrait'>\n\t\t\t\t<a href='https:\/\/franciscanos.org.br\/conventosantoantonio\/wp-content\/uploads\/2025\/06\/WhatsApp-Image-2025-06-03-at-23.58.33-2.jpeg'><img width=\"300\" height=\"300\" src=\"https:\/\/franciscanos.org.br\/conventosantoantonio\/wp-content\/uploads\/2025\/06\/WhatsApp-Image-2025-06-03-at-23.58.33-2-300x300.jpeg\" class=\"attachment-thumbnail size-thumbnail\" alt=\"\" loading=\"lazy\" srcset=\"https:\/\/franciscanos.org.br\/conventosantoantonio\/wp-content\/uploads\/2025\/06\/WhatsApp-Image-2025-06-03-at-23.58.33-2-300x300.jpeg 300w, https:\/\/franciscanos.org.br\/conventosantoantonio\/wp-content\/uploads\/2025\/06\/WhatsApp-Image-2025-06-03-at-23.58.33-2-400x400.jpeg 400w\" sizes=\"(max-width: 300px) 100vw, 300px\" \/><\/a>\n\t\t\t<\/dt><\/dl><dl class='gallery-item'>\n\t\t\t<dt class='gallery-icon portrait'>\n\t\t\t\t<a href='https:\/\/franciscanos.org.br\/conventosantoantonio\/wp-content\/uploads\/2025\/06\/WhatsApp-Image-2025-06-03-at-23.58.33.jpeg'><img width=\"300\" height=\"300\" src=\"https:\/\/franciscanos.org.br\/conventosantoantonio\/wp-content\/uploads\/2025\/06\/WhatsApp-Image-2025-06-03-at-23.58.33-300x300.jpeg\" class=\"attachment-thumbnail size-thumbnail\" alt=\"\" loading=\"lazy\" srcset=\"https:\/\/franciscanos.org.br\/conventosantoantonio\/wp-content\/uploads\/2025\/06\/WhatsApp-Image-2025-06-03-at-23.58.33-300x300.jpeg 300w, https:\/\/franciscanos.org.br\/conventosantoantonio\/wp-content\/uploads\/2025\/06\/WhatsApp-Image-2025-06-03-at-23.58.33-400x400.jpeg 400w\" sizes=\"(max-width: 300px) 100vw, 300px\" \/><\/a>\n\t\t\t<\/dt><\/dl><dl class='gallery-item'>\n\t\t\t<dt class='gallery-icon landscape'>\n\t\t\t\t<a href='https:\/\/franciscanos.org.br\/conventosantoantonio\/wp-content\/uploads\/2025\/06\/WhatsApp-Image-2025-06-03-at-23.58.58-scaled.jpeg'><img width=\"300\" height=\"300\" src=\"https:\/\/franciscanos.org.br\/conventosantoantonio\/wp-content\/uploads\/2025\/06\/WhatsApp-Image-2025-06-03-at-23.58.58-300x300.jpeg\" class=\"attachment-thumbnail size-thumbnail\" alt=\"\" loading=\"lazy\" srcset=\"https:\/\/franciscanos.org.br\/conventosantoantonio\/wp-content\/uploads\/2025\/06\/WhatsApp-Image-2025-06-03-at-23.58.58-300x300.jpeg 300w, https:\/\/franciscanos.org.br\/conventosantoantonio\/wp-content\/uploads\/2025\/06\/WhatsApp-Image-2025-06-03-at-23.58.58-400x400.jpeg 400w\" sizes=\"(max-width: 300px) 100vw, 300px\" \/><\/a>\n\t\t\t<\/dt><\/dl><dl class='gallery-item'>\n\t\t\t<dt class='gallery-icon landscape'>\n\t\t\t\t<a href='https:\/\/franciscanos.org.br\/conventosantoantonio\/wp-content\/uploads\/2025\/06\/WhatsApp-Image-2025-06-04-at-00.00.19-1.jpeg'><img width=\"300\" height=\"300\" src=\"https:\/\/franciscanos.org.br\/conventosantoantonio\/wp-content\/uploads\/2025\/06\/WhatsApp-Image-2025-06-04-at-00.00.19-1-300x300.jpeg\" class=\"attachment-thumbnail size-thumbnail\" alt=\"\" loading=\"lazy\" srcset=\"https:\/\/franciscanos.org.br\/conventosantoantonio\/wp-content\/uploads\/2025\/06\/WhatsApp-Image-2025-06-04-at-00.00.19-1-300x300.jpeg 300w, https:\/\/franciscanos.org.br\/conventosantoantonio\/wp-content\/uploads\/2025\/06\/WhatsApp-Image-2025-06-04-at-00.00.19-1-400x400.jpeg 400w\" sizes=\"(max-width: 300px) 100vw, 300px\" \/><\/a>\n\t\t\t<\/dt><\/dl><br style=\"clear: both\" \/><dl class='gallery-item'>\n\t\t\t<dt class='gallery-icon landscape'>\n\t\t\t\t<a href='https:\/\/franciscanos.org.br\/conventosantoantonio\/wp-content\/uploads\/2025\/06\/WhatsApp-Image-2025-06-04-at-00.00.19-2.jpeg'><img width=\"300\" height=\"300\" src=\"https:\/\/franciscanos.org.br\/conventosantoantonio\/wp-content\/uploads\/2025\/06\/WhatsApp-Image-2025-06-04-at-00.00.19-2-300x300.jpeg\" class=\"attachment-thumbnail size-thumbnail\" alt=\"\" loading=\"lazy\" srcset=\"https:\/\/franciscanos.org.br\/conventosantoantonio\/wp-content\/uploads\/2025\/06\/WhatsApp-Image-2025-06-04-at-00.00.19-2-300x300.jpeg 300w, https:\/\/franciscanos.org.br\/conventosantoantonio\/wp-content\/uploads\/2025\/06\/WhatsApp-Image-2025-06-04-at-00.00.19-2-400x400.jpeg 400w\" sizes=\"(max-width: 300px) 100vw, 300px\" \/><\/a>\n\t\t\t<\/dt><\/dl><dl class='gallery-item'>\n\t\t\t<dt class='gallery-icon landscape'>\n\t\t\t\t<a href='https:\/\/franciscanos.org.br\/conventosantoantonio\/wp-content\/uploads\/2025\/06\/WhatsApp-Image-2025-06-04-at-00.00.20-2.jpeg'><img width=\"300\" height=\"300\" src=\"https:\/\/franciscanos.org.br\/conventosantoantonio\/wp-content\/uploads\/2025\/06\/WhatsApp-Image-2025-06-04-at-00.00.20-2-300x300.jpeg\" class=\"attachment-thumbnail size-thumbnail\" alt=\"\" loading=\"lazy\" srcset=\"https:\/\/franciscanos.org.br\/conventosantoantonio\/wp-content\/uploads\/2025\/06\/WhatsApp-Image-2025-06-04-at-00.00.20-2-300x300.jpeg 300w, https:\/\/franciscanos.org.br\/conventosantoantonio\/wp-content\/uploads\/2025\/06\/WhatsApp-Image-2025-06-04-at-00.00.20-2-400x400.jpeg 400w\" sizes=\"(max-width: 300px) 100vw, 300px\" \/><\/a>\n\t\t\t<\/dt><\/dl><dl class='gallery-item'>\n\t\t\t<dt class='gallery-icon landscape'>\n\t\t\t\t<a href='https:\/\/franciscanos.org.br\/conventosantoantonio\/wp-content\/uploads\/2025\/06\/WhatsApp-Image-2025-06-04-at-00.00.20-3.jpeg'><img width=\"300\" height=\"300\" src=\"https:\/\/franciscanos.org.br\/conventosantoantonio\/wp-content\/uploads\/2025\/06\/WhatsApp-Image-2025-06-04-at-00.00.20-3-300x300.jpeg\" class=\"attachment-thumbnail size-thumbnail\" alt=\"\" loading=\"lazy\" srcset=\"https:\/\/franciscanos.org.br\/conventosantoantonio\/wp-content\/uploads\/2025\/06\/WhatsApp-Image-2025-06-04-at-00.00.20-3-300x300.jpeg 300w, https:\/\/franciscanos.org.br\/conventosantoantonio\/wp-content\/uploads\/2025\/06\/WhatsApp-Image-2025-06-04-at-00.00.20-3-400x400.jpeg 400w\" sizes=\"(max-width: 300px) 100vw, 300px\" \/><\/a>\n\t\t\t<\/dt><\/dl><dl class='gallery-item'>\n\t\t\t<dt class='gallery-icon landscape'>\n\t\t\t\t<a href='https:\/\/franciscanos.org.br\/conventosantoantonio\/wp-content\/uploads\/2025\/06\/WhatsApp-Image-2025-06-04-at-00.00.20.jpeg'><img width=\"300\" height=\"300\" src=\"https:\/\/franciscanos.org.br\/conventosantoantonio\/wp-content\/uploads\/2025\/06\/WhatsApp-Image-2025-06-04-at-00.00.20-300x300.jpeg\" class=\"attachment-thumbnail size-thumbnail\" alt=\"\" loading=\"lazy\" srcset=\"https:\/\/franciscanos.org.br\/conventosantoantonio\/wp-content\/uploads\/2025\/06\/WhatsApp-Image-2025-06-04-at-00.00.20-300x300.jpeg 300w, https:\/\/franciscanos.org.br\/conventosantoantonio\/wp-content\/uploads\/2025\/06\/WhatsApp-Image-2025-06-04-at-00.00.20-400x400.jpeg 400w\" sizes=\"(max-width: 300px) 100vw, 300px\" \/><\/a>\n\t\t\t<\/dt><\/dl><br style=\"clear: both\" \/><dl class='gallery-item'>\n\t\t\t<dt class='gallery-icon landscape'>\n\t\t\t\t<a href='https:\/\/franciscanos.org.br\/conventosantoantonio\/wp-content\/uploads\/2025\/06\/WhatsApp-Image-2025-06-04-at-00.00.21-2.jpeg'><img width=\"300\" height=\"300\" src=\"https:\/\/franciscanos.org.br\/conventosantoantonio\/wp-content\/uploads\/2025\/06\/WhatsApp-Image-2025-06-04-at-00.00.21-2-300x300.jpeg\" class=\"attachment-thumbnail size-thumbnail\" alt=\"\" loading=\"lazy\" srcset=\"https:\/\/franciscanos.org.br\/conventosantoantonio\/wp-content\/uploads\/2025\/06\/WhatsApp-Image-2025-06-04-at-00.00.21-2-300x300.jpeg 300w, https:\/\/franciscanos.org.br\/conventosantoantonio\/wp-content\/uploads\/2025\/06\/WhatsApp-Image-2025-06-04-at-00.00.21-2-400x400.jpeg 400w\" sizes=\"(max-width: 300px) 100vw, 300px\" \/><\/a>\n\t\t\t<\/dt><\/dl><dl class='gallery-item'>\n\t\t\t<dt class='gallery-icon portrait'>\n\t\t\t\t<a href='https:\/\/franciscanos.org.br\/conventosantoantonio\/wp-content\/uploads\/2025\/06\/WhatsApp-Image-2025-06-04-at-00.00.21-3.jpeg'><img width=\"300\" height=\"300\" src=\"https:\/\/franciscanos.org.br\/conventosantoantonio\/wp-content\/uploads\/2025\/06\/WhatsApp-Image-2025-06-04-at-00.00.21-3-300x300.jpeg\" class=\"attachment-thumbnail size-thumbnail\" alt=\"\" loading=\"lazy\" srcset=\"https:\/\/franciscanos.org.br\/conventosantoantonio\/wp-content\/uploads\/2025\/06\/WhatsApp-Image-2025-06-04-at-00.00.21-3-300x300.jpeg 300w, https:\/\/franciscanos.org.br\/conventosantoantonio\/wp-content\/uploads\/2025\/06\/WhatsApp-Image-2025-06-04-at-00.00.21-3-400x400.jpeg 400w\" sizes=\"(max-width: 300px) 100vw, 300px\" \/><\/a>\n\t\t\t<\/dt><\/dl><dl class='gallery-item'>\n\t\t\t<dt class='gallery-icon landscape'>\n\t\t\t\t<a href='https:\/\/franciscanos.org.br\/conventosantoantonio\/wp-content\/uploads\/2025\/06\/WhatsApp-Image-2025-06-04-at-00.00.21-4.jpeg'><img width=\"300\" height=\"300\" src=\"https:\/\/franciscanos.org.br\/conventosantoantonio\/wp-content\/uploads\/2025\/06\/WhatsApp-Image-2025-06-04-at-00.00.21-4-300x300.jpeg\" class=\"attachment-thumbnail size-thumbnail\" alt=\"\" loading=\"lazy\" srcset=\"https:\/\/franciscanos.org.br\/conventosantoantonio\/wp-content\/uploads\/2025\/06\/WhatsApp-Image-2025-06-04-at-00.00.21-4-300x300.jpeg 300w, https:\/\/franciscanos.org.br\/conventosantoantonio\/wp-content\/uploads\/2025\/06\/WhatsApp-Image-2025-06-04-at-00.00.21-4-400x400.jpeg 400w\" sizes=\"(max-width: 300px) 100vw, 300px\" \/><\/a>\n\t\t\t<\/dt><\/dl><dl class='gallery-item'>\n\t\t\t<dt class='gallery-icon landscape'>\n\t\t\t\t<a href='https:\/\/franciscanos.org.br\/conventosantoantonio\/wp-content\/uploads\/2025\/06\/WhatsApp-Image-2025-06-04-at-00.00.21.jpeg'><img width=\"300\" height=\"300\" src=\"https:\/\/franciscanos.org.br\/conventosantoantonio\/wp-content\/uploads\/2025\/06\/WhatsApp-Image-2025-06-04-at-00.00.21-300x300.jpeg\" class=\"attachment-thumbnail size-thumbnail\" alt=\"\" loading=\"lazy\" srcset=\"https:\/\/franciscanos.org.br\/conventosantoantonio\/wp-content\/uploads\/2025\/06\/WhatsApp-Image-2025-06-04-at-00.00.21-300x300.jpeg 300w, https:\/\/franciscanos.org.br\/conventosantoantonio\/wp-content\/uploads\/2025\/06\/WhatsApp-Image-2025-06-04-at-00.00.21-400x400.jpeg 400w\" sizes=\"(max-width: 300px) 100vw, 300px\" \/><\/a>\n\t\t\t<\/dt><\/dl><br style=\"clear: both\" \/><dl class='gallery-item'>\n\t\t\t<dt class='gallery-icon portrait'>\n\t\t\t\t<a href='https:\/\/franciscanos.org.br\/conventosantoantonio\/wp-content\/uploads\/2025\/06\/WhatsApp-Image-2025-06-04-at-00.00.50.jpeg'><img width=\"300\" height=\"300\" src=\"https:\/\/franciscanos.org.br\/conventosantoantonio\/wp-content\/uploads\/2025\/06\/WhatsApp-Image-2025-06-04-at-00.00.50-300x300.jpeg\" class=\"attachment-thumbnail size-thumbnail\" alt=\"\" loading=\"lazy\" srcset=\"https:\/\/franciscanos.org.br\/conventosantoantonio\/wp-content\/uploads\/2025\/06\/WhatsApp-Image-2025-06-04-at-00.00.50-300x300.jpeg 300w, https:\/\/franciscanos.org.br\/conventosantoantonio\/wp-content\/uploads\/2025\/06\/WhatsApp-Image-2025-06-04-at-00.00.50-400x400.jpeg 400w\" sizes=\"(max-width: 300px) 100vw, 300px\" \/><\/a>\n\t\t\t<\/dt><\/dl><dl class='gallery-item'>\n\t\t\t<dt class='gallery-icon landscape'>\n\t\t\t\t<a href='https:\/\/franciscanos.org.br\/conventosantoantonio\/wp-content\/uploads\/2025\/06\/WhatsApp-Image-2025-06-04-at-00.01.16-scaled.jpeg'><img width=\"300\" height=\"300\" src=\"https:\/\/franciscanos.org.br\/conventosantoantonio\/wp-content\/uploads\/2025\/06\/WhatsApp-Image-2025-06-04-at-00.01.16-300x300.jpeg\" class=\"attachment-thumbnail size-thumbnail\" alt=\"\" loading=\"lazy\" srcset=\"https:\/\/franciscanos.org.br\/conventosantoantonio\/wp-content\/uploads\/2025\/06\/WhatsApp-Image-2025-06-04-at-00.01.16-300x300.jpeg 300w, https:\/\/franciscanos.org.br\/conventosantoantonio\/wp-content\/uploads\/2025\/06\/WhatsApp-Image-2025-06-04-at-00.01.16-400x400.jpeg 400w\" sizes=\"(max-width: 300px) 100vw, 300px\" \/><\/a>\n\t\t\t<\/dt><\/dl><dl class='gallery-item'>\n\t\t\t<dt class='gallery-icon landscape'>\n\t\t\t\t<a href='https:\/\/franciscanos.org.br\/conventosantoantonio\/wp-content\/uploads\/2025\/06\/WhatsApp-Image-2025-06-04-at-00.01.48-scaled.jpeg'><img width=\"300\" height=\"300\" src=\"https:\/\/franciscanos.org.br\/conventosantoantonio\/wp-content\/uploads\/2025\/06\/WhatsApp-Image-2025-06-04-at-00.01.48-300x300.jpeg\" class=\"attachment-thumbnail size-thumbnail\" alt=\"\" loading=\"lazy\" srcset=\"https:\/\/franciscanos.org.br\/conventosantoantonio\/wp-content\/uploads\/2025\/06\/WhatsApp-Image-2025-06-04-at-00.01.48-300x300.jpeg 300w, https:\/\/franciscanos.org.br\/conventosantoantonio\/wp-content\/uploads\/2025\/06\/WhatsApp-Image-2025-06-04-at-00.01.48-400x400.jpeg 400w\" sizes=\"(max-width: 300px) 100vw, 300px\" \/><\/a>\n\t\t\t<\/dt><\/dl><dl class='gallery-item'>\n\t\t\t<dt class='gallery-icon landscape'>\n\t\t\t\t<a href='https:\/\/franciscanos.org.br\/conventosantoantonio\/wp-content\/uploads\/2025\/06\/WhatsApp-Image-2025-06-03-at-23.55.16.jpeg'><img width=\"300\" height=\"300\" src=\"https:\/\/franciscanos.org.br\/conventosantoantonio\/wp-content\/uploads\/2025\/06\/WhatsApp-Image-2025-06-03-at-23.55.16-300x300.jpeg\" class=\"attachment-thumbnail size-thumbnail\" alt=\"\" loading=\"lazy\" srcset=\"https:\/\/franciscanos.org.br\/conventosantoantonio\/wp-content\/uploads\/2025\/06\/WhatsApp-Image-2025-06-03-at-23.55.16-300x300.jpeg 300w, https:\/\/franciscanos.org.br\/conventosantoantonio\/wp-content\/uploads\/2025\/06\/WhatsApp-Image-2025-06-03-at-23.55.16-400x400.jpeg 400w\" sizes=\"(max-width: 300px) 100vw, 300px\" \/><\/a>\n\t\t\t<\/dt><\/dl><br style=\"clear: both\" \/><dl class='gallery-item'>\n\t\t\t<dt class='gallery-icon portrait'>\n\t\t\t\t<a href='https:\/\/franciscanos.org.br\/conventosantoantonio\/wp-content\/uploads\/2025\/06\/WhatsApp-Image-2025-06-03-at-23.55.17-1.jpeg'><img width=\"300\" height=\"300\" src=\"https:\/\/franciscanos.org.br\/conventosantoantonio\/wp-content\/uploads\/2025\/06\/WhatsApp-Image-2025-06-03-at-23.55.17-1-300x300.jpeg\" class=\"attachment-thumbnail size-thumbnail\" alt=\"\" loading=\"lazy\" srcset=\"https:\/\/franciscanos.org.br\/conventosantoantonio\/wp-content\/uploads\/2025\/06\/WhatsApp-Image-2025-06-03-at-23.55.17-1-300x300.jpeg 300w, https:\/\/franciscanos.org.br\/conventosantoantonio\/wp-content\/uploads\/2025\/06\/WhatsApp-Image-2025-06-03-at-23.55.17-1-400x400.jpeg 400w\" sizes=\"(max-width: 300px) 100vw, 300px\" \/><\/a>\n\t\t\t<\/dt><\/dl><dl class='gallery-item'>\n\t\t\t<dt class='gallery-icon landscape'>\n\t\t\t\t<a href='https:\/\/franciscanos.org.br\/conventosantoantonio\/wp-content\/uploads\/2025\/06\/WhatsApp-Image-2025-06-03-at-23.55.17-2.jpeg'><img width=\"300\" height=\"300\" src=\"https:\/\/franciscanos.org.br\/conventosantoantonio\/wp-content\/uploads\/2025\/06\/WhatsApp-Image-2025-06-03-at-23.55.17-2-300x300.jpeg\" class=\"attachment-thumbnail size-thumbnail\" alt=\"\" loading=\"lazy\" srcset=\"https:\/\/franciscanos.org.br\/conventosantoantonio\/wp-content\/uploads\/2025\/06\/WhatsApp-Image-2025-06-03-at-23.55.17-2-300x300.jpeg 300w, https:\/\/franciscanos.org.br\/conventosantoantonio\/wp-content\/uploads\/2025\/06\/WhatsApp-Image-2025-06-03-at-23.55.17-2-400x400.jpeg 400w\" sizes=\"(max-width: 300px) 100vw, 300px\" \/><\/a>\n\t\t\t<\/dt><\/dl><dl class='gallery-item'>\n\t\t\t<dt class='gallery-icon landscape'>\n\t\t\t\t<a href='https:\/\/franciscanos.org.br\/conventosantoantonio\/wp-content\/uploads\/2025\/06\/WhatsApp-Image-2025-06-03-at-23.55.17.jpeg'><img width=\"300\" height=\"300\" src=\"https:\/\/franciscanos.org.br\/conventosantoantonio\/wp-content\/uploads\/2025\/06\/WhatsApp-Image-2025-06-03-at-23.55.17-300x300.jpeg\" class=\"attachment-thumbnail size-thumbnail\" alt=\"\" loading=\"lazy\" srcset=\"https:\/\/franciscanos.org.br\/conventosantoantonio\/wp-content\/uploads\/2025\/06\/WhatsApp-Image-2025-06-03-at-23.55.17-300x300.jpeg 300w, https:\/\/franciscanos.org.br\/conventosantoantonio\/wp-content\/uploads\/2025\/06\/WhatsApp-Image-2025-06-03-at-23.55.17-400x400.jpeg 400w\" sizes=\"(max-width: 300px) 100vw, 300px\" \/><\/a>\n\t\t\t<\/dt><\/dl><dl class='gallery-item'>\n\t\t\t<dt class='gallery-icon portrait'>\n\t\t\t\t<a href='https:\/\/franciscanos.org.br\/conventosantoantonio\/wp-content\/uploads\/2025\/06\/WhatsApp-Image-2025-06-03-at-23.56.33.jpeg'><img width=\"300\" height=\"300\" src=\"https:\/\/franciscanos.org.br\/conventosantoantonio\/wp-content\/uploads\/2025\/06\/WhatsApp-Image-2025-06-03-at-23.56.33-300x300.jpeg\" class=\"attachment-thumbnail size-thumbnail\" alt=\"\" loading=\"lazy\" srcset=\"https:\/\/franciscanos.org.br\/conventosantoantonio\/wp-content\/uploads\/2025\/06\/WhatsApp-Image-2025-06-03-at-23.56.33-300x300.jpeg 300w, https:\/\/franciscanos.org.br\/conventosantoantonio\/wp-content\/uploads\/2025\/06\/WhatsApp-Image-2025-06-03-at-23.56.33-400x400.jpeg 400w\" sizes=\"(max-width: 300px) 100vw, 300px\" \/><\/a>\n\t\t\t<\/dt><\/dl><br style=\"clear: both\" \/><dl class='gallery-item'>\n\t\t\t<dt class='gallery-icon landscape'>\n\t\t\t\t<a href='https:\/\/franciscanos.org.br\/conventosantoantonio\/wp-content\/uploads\/2025\/06\/WhatsApp-Image-2025-06-03-at-23.56.34-1.jpeg'><img width=\"300\" height=\"300\" src=\"https:\/\/franciscanos.org.br\/conventosantoantonio\/wp-content\/uploads\/2025\/06\/WhatsApp-Image-2025-06-03-at-23.56.34-1-300x300.jpeg\" class=\"attachment-thumbnail size-thumbnail\" alt=\"\" loading=\"lazy\" srcset=\"https:\/\/franciscanos.org.br\/conventosantoantonio\/wp-content\/uploads\/2025\/06\/WhatsApp-Image-2025-06-03-at-23.56.34-1-300x300.jpeg 300w, https:\/\/franciscanos.org.br\/conventosantoantonio\/wp-content\/uploads\/2025\/06\/WhatsApp-Image-2025-06-03-at-23.56.34-1-400x400.jpeg 400w\" sizes=\"(max-width: 300px) 100vw, 300px\" \/><\/a>\n\t\t\t<\/dt><\/dl><dl class='gallery-item'>\n\t\t\t<dt class='gallery-icon landscape'>\n\t\t\t\t<a href='https:\/\/franciscanos.org.br\/conventosantoantonio\/wp-content\/uploads\/2025\/06\/WhatsApp-Image-2025-06-03-at-23.56.34-2.jpeg'><img width=\"300\" height=\"300\" src=\"https:\/\/franciscanos.org.br\/conventosantoantonio\/wp-content\/uploads\/2025\/06\/WhatsApp-Image-2025-06-03-at-23.56.34-2-300x300.jpeg\" class=\"attachment-thumbnail size-thumbnail\" alt=\"\" loading=\"lazy\" srcset=\"https:\/\/franciscanos.org.br\/conventosantoantonio\/wp-content\/uploads\/2025\/06\/WhatsApp-Image-2025-06-03-at-23.56.34-2-300x300.jpeg 300w, https:\/\/franciscanos.org.br\/conventosantoantonio\/wp-content\/uploads\/2025\/06\/WhatsApp-Image-2025-06-03-at-23.56.34-2-400x400.jpeg 400w\" sizes=\"(max-width: 300px) 100vw, 300px\" \/><\/a>\n\t\t\t<\/dt><\/dl><dl class='gallery-item'>\n\t\t\t<dt class='gallery-icon portrait'>\n\t\t\t\t<a href='https:\/\/franciscanos.org.br\/conventosantoantonio\/wp-content\/uploads\/2025\/06\/WhatsApp-Image-2025-06-03-at-23.56.34-4.jpeg'><img width=\"300\" height=\"300\" src=\"https:\/\/franciscanos.org.br\/conventosantoantonio\/wp-content\/uploads\/2025\/06\/WhatsApp-Image-2025-06-03-at-23.56.34-4-300x300.jpeg\" class=\"attachment-thumbnail size-thumbnail\" alt=\"\" loading=\"lazy\" srcset=\"https:\/\/franciscanos.org.br\/conventosantoantonio\/wp-content\/uploads\/2025\/06\/WhatsApp-Image-2025-06-03-at-23.56.34-4-300x300.jpeg 300w, https:\/\/franciscanos.org.br\/conventosantoantonio\/wp-content\/uploads\/2025\/06\/WhatsApp-Image-2025-06-03-at-23.56.34-4-400x400.jpeg 400w\" sizes=\"(max-width: 300px) 100vw, 300px\" \/><\/a>\n\t\t\t<\/dt><\/dl><dl class='gallery-item'>\n\t\t\t<dt class='gallery-icon portrait'>\n\t\t\t\t<a href='https:\/\/franciscanos.org.br\/conventosantoantonio\/wp-content\/uploads\/2025\/06\/WhatsApp-Image-2025-06-03-at-23.56.34.jpeg'><img width=\"300\" height=\"300\" src=\"https:\/\/franciscanos.org.br\/conventosantoantonio\/wp-content\/uploads\/2025\/06\/WhatsApp-Image-2025-06-03-at-23.56.34-300x300.jpeg\" class=\"attachment-thumbnail size-thumbnail\" alt=\"\" loading=\"lazy\" srcset=\"https:\/\/franciscanos.org.br\/conventosantoantonio\/wp-content\/uploads\/2025\/06\/WhatsApp-Image-2025-06-03-at-23.56.34-300x300.jpeg 300w, https:\/\/franciscanos.org.br\/conventosantoantonio\/wp-content\/uploads\/2025\/06\/WhatsApp-Image-2025-06-03-at-23.56.34-400x400.jpeg 400w\" sizes=\"(max-width: 300px) 100vw, 300px\" \/><\/a>\n\t\t\t<\/dt><\/dl><br style=\"clear: both\" \/><dl class='gallery-item'>\n\t\t\t<dt class='gallery-icon portrait'>\n\t\t\t\t<a href='https:\/\/franciscanos.org.br\/conventosantoantonio\/wp-content\/uploads\/2025\/06\/WhatsApp-Image-2025-06-03-at-23.56.35.jpeg'><img width=\"300\" height=\"300\" src=\"https:\/\/franciscanos.org.br\/conventosantoantonio\/wp-content\/uploads\/2025\/06\/WhatsApp-Image-2025-06-03-at-23.56.35-300x300.jpeg\" class=\"attachment-thumbnail size-thumbnail\" alt=\"\" loading=\"lazy\" srcset=\"https:\/\/franciscanos.org.br\/conventosantoantonio\/wp-content\/uploads\/2025\/06\/WhatsApp-Image-2025-06-03-at-23.56.35-300x300.jpeg 300w, https:\/\/franciscanos.org.br\/conventosantoantonio\/wp-content\/uploads\/2025\/06\/WhatsApp-Image-2025-06-03-at-23.56.35-400x400.jpeg 400w\" sizes=\"(max-width: 300px) 100vw, 300px\" \/><\/a>\n\t\t\t<\/dt><\/dl><dl class='gallery-item'>\n\t\t\t<dt class='gallery-icon portrait'>\n\t\t\t\t<a href='https:\/\/franciscanos.org.br\/conventosantoantonio\/wp-content\/uploads\/2025\/06\/WhatsApp-Image-2025-06-03-at-23.54.16-1.jpeg'><img width=\"300\" height=\"300\" src=\"https:\/\/franciscanos.org.br\/conventosantoantonio\/wp-content\/uploads\/2025\/06\/WhatsApp-Image-2025-06-03-at-23.54.16-1-300x300.jpeg\" class=\"attachment-thumbnail size-thumbnail\" alt=\"\" loading=\"lazy\" srcset=\"https:\/\/franciscanos.org.br\/conventosantoantonio\/wp-content\/uploads\/2025\/06\/WhatsApp-Image-2025-06-03-at-23.54.16-1-300x300.jpeg 300w, https:\/\/franciscanos.org.br\/conventosantoantonio\/wp-content\/uploads\/2025\/06\/WhatsApp-Image-2025-06-03-at-23.54.16-1-400x400.jpeg 400w\" sizes=\"(max-width: 300px) 100vw, 300px\" \/><\/a>\n\t\t\t<\/dt><\/dl><dl class='gallery-item'>\n\t\t\t<dt class='gallery-icon portrait'>\n\t\t\t\t<a href='https:\/\/franciscanos.org.br\/conventosantoantonio\/wp-content\/uploads\/2025\/06\/WhatsApp-Image-2025-06-03-at-23.54.16.jpeg'><img width=\"300\" height=\"300\" src=\"https:\/\/franciscanos.org.br\/conventosantoantonio\/wp-content\/uploads\/2025\/06\/WhatsApp-Image-2025-06-03-at-23.54.16-300x300.jpeg\" class=\"attachment-thumbnail size-thumbnail\" alt=\"\" loading=\"lazy\" srcset=\"https:\/\/franciscanos.org.br\/conventosantoantonio\/wp-content\/uploads\/2025\/06\/WhatsApp-Image-2025-06-03-at-23.54.16-300x300.jpeg 300w, https:\/\/franciscanos.org.br\/conventosantoantonio\/wp-content\/uploads\/2025\/06\/WhatsApp-Image-2025-06-03-at-23.54.16-400x400.jpeg 400w\" sizes=\"(max-width: 300px) 100vw, 300px\" \/><\/a>\n\t\t\t<\/dt><\/dl><dl class='gallery-item'>\n\t\t\t<dt class='gallery-icon portrait'>\n\t\t\t\t<a href='https:\/\/franciscanos.org.br\/conventosantoantonio\/wp-content\/uploads\/2025\/06\/WhatsApp-Image-2025-06-03-at-23.54.17-1.jpeg'><img width=\"300\" height=\"300\" src=\"https:\/\/franciscanos.org.br\/conventosantoantonio\/wp-content\/uploads\/2025\/06\/WhatsApp-Image-2025-06-03-at-23.54.17-1-300x300.jpeg\" class=\"attachment-thumbnail size-thumbnail\" alt=\"\" loading=\"lazy\" srcset=\"https:\/\/franciscanos.org.br\/conventosantoantonio\/wp-content\/uploads\/2025\/06\/WhatsApp-Image-2025-06-03-at-23.54.17-1-300x300.jpeg 300w, https:\/\/franciscanos.org.br\/conventosantoantonio\/wp-content\/uploads\/2025\/06\/WhatsApp-Image-2025-06-03-at-23.54.17-1-400x400.jpeg 400w\" sizes=\"(max-width: 300px) 100vw, 300px\" \/><\/a>\n\t\t\t<\/dt><\/dl><br style=\"clear: both\" \/><dl class='gallery-item'>\n\t\t\t<dt class='gallery-icon landscape'>\n\t\t\t\t<a href='https:\/\/franciscanos.org.br\/conventosantoantonio\/wp-content\/uploads\/2025\/06\/WhatsApp-Image-2025-06-03-at-23.54.17-2.jpeg'><img width=\"300\" height=\"300\" src=\"https:\/\/franciscanos.org.br\/conventosantoantonio\/wp-content\/uploads\/2025\/06\/WhatsApp-Image-2025-06-03-at-23.54.17-2-300x300.jpeg\" class=\"attachment-thumbnail size-thumbnail\" alt=\"\" loading=\"lazy\" srcset=\"https:\/\/franciscanos.org.br\/conventosantoantonio\/wp-content\/uploads\/2025\/06\/WhatsApp-Image-2025-06-03-at-23.54.17-2-300x300.jpeg 300w, https:\/\/franciscanos.org.br\/conventosantoantonio\/wp-content\/uploads\/2025\/06\/WhatsApp-Image-2025-06-03-at-23.54.17-2-400x400.jpeg 400w\" sizes=\"(max-width: 300px) 100vw, 300px\" \/><\/a>\n\t\t\t<\/dt><\/dl><dl class='gallery-item'>\n\t\t\t<dt class='gallery-icon landscape'>\n\t\t\t\t<a href='https:\/\/franciscanos.org.br\/conventosantoantonio\/wp-content\/uploads\/2025\/06\/WhatsApp-Image-2025-06-03-at-23.54.17.jpeg'><img width=\"300\" height=\"300\" src=\"https:\/\/franciscanos.org.br\/conventosantoantonio\/wp-content\/uploads\/2025\/06\/WhatsApp-Image-2025-06-03-at-23.54.17-300x300.jpeg\" class=\"attachment-thumbnail size-thumbnail\" alt=\"\" loading=\"lazy\" srcset=\"https:\/\/franciscanos.org.br\/conventosantoantonio\/wp-content\/uploads\/2025\/06\/WhatsApp-Image-2025-06-03-at-23.54.17-300x300.jpeg 300w, https:\/\/franciscanos.org.br\/conventosantoantonio\/wp-content\/uploads\/2025\/06\/WhatsApp-Image-2025-06-03-at-23.54.17-400x400.jpeg 400w\" sizes=\"(max-width: 300px) 100vw, 300px\" \/><\/a>\n\t\t\t<\/dt><\/dl><dl class='gallery-item'>\n\t\t\t<dt class='gallery-icon portrait'>\n\t\t\t\t<a href='https:\/\/franciscanos.org.br\/conventosantoantonio\/wp-content\/uploads\/2025\/06\/WhatsApp-Image-2025-06-03-at-23.54.19.jpeg'><img width=\"300\" height=\"300\" src=\"https:\/\/franciscanos.org.br\/conventosantoantonio\/wp-content\/uploads\/2025\/06\/WhatsApp-Image-2025-06-03-at-23.54.19-300x300.jpeg\" class=\"attachment-thumbnail size-thumbnail\" alt=\"\" loading=\"lazy\" srcset=\"https:\/\/franciscanos.org.br\/conventosantoantonio\/wp-content\/uploads\/2025\/06\/WhatsApp-Image-2025-06-03-at-23.54.19-300x300.jpeg 300w, https:\/\/franciscanos.org.br\/conventosantoantonio\/wp-content\/uploads\/2025\/06\/WhatsApp-Image-2025-06-03-at-23.54.19-400x400.jpeg 400w\" sizes=\"(max-width: 300px) 100vw, 300px\" \/><\/a>\n\t\t\t<\/dt><\/dl><dl class='gallery-item'>\n\t\t\t<dt class='gallery-icon portrait'>\n\t\t\t\t<a href='https:\/\/franciscanos.org.br\/conventosantoantonio\/wp-content\/uploads\/2025\/06\/WhatsApp-Image-2025-06-03-at-23.50.34-1.jpeg'><img width=\"300\" height=\"300\" src=\"https:\/\/franciscanos.org.br\/conventosantoantonio\/wp-content\/uploads\/2025\/06\/WhatsApp-Image-2025-06-03-at-23.50.34-1-300x300.jpeg\" class=\"attachment-thumbnail size-thumbnail\" alt=\"\" loading=\"lazy\" srcset=\"https:\/\/franciscanos.org.br\/conventosantoantonio\/wp-content\/uploads\/2025\/06\/WhatsApp-Image-2025-06-03-at-23.50.34-1-300x300.jpeg 300w, https:\/\/franciscanos.org.br\/conventosantoantonio\/wp-content\/uploads\/2025\/06\/WhatsApp-Image-2025-06-03-at-23.50.34-1-400x400.jpeg 400w\" sizes=\"(max-width: 300px) 100vw, 300px\" \/><\/a>\n\t\t\t<\/dt><\/dl><br style=\"clear: both\" \/><dl class='gallery-item'>\n\t\t\t<dt class='gallery-icon landscape'>\n\t\t\t\t<a href='https:\/\/franciscanos.org.br\/conventosantoantonio\/wp-content\/uploads\/2025\/06\/WhatsApp-Image-2025-06-03-at-23.50.34.jpeg'><img width=\"300\" height=\"300\" src=\"https:\/\/franciscanos.org.br\/conventosantoantonio\/wp-content\/uploads\/2025\/06\/WhatsApp-Image-2025-06-03-at-23.50.34-300x300.jpeg\" class=\"attachment-thumbnail size-thumbnail\" alt=\"\" loading=\"lazy\" srcset=\"https:\/\/franciscanos.org.br\/conventosantoantonio\/wp-content\/uploads\/2025\/06\/WhatsApp-Image-2025-06-03-at-23.50.34-300x300.jpeg 300w, https:\/\/franciscanos.org.br\/conventosantoantonio\/wp-content\/uploads\/2025\/06\/WhatsApp-Image-2025-06-03-at-23.50.34-400x400.jpeg 400w\" sizes=\"(max-width: 300px) 100vw, 300px\" \/><\/a>\n\t\t\t<\/dt><\/dl><dl class='gallery-item'>\n\t\t\t<dt class='gallery-icon portrait'>\n\t\t\t\t<a href='https:\/\/franciscanos.org.br\/conventosantoantonio\/wp-content\/uploads\/2025\/06\/WhatsApp-Image-2025-06-03-at-23.50.35-1.jpeg'><img width=\"300\" height=\"300\" src=\"https:\/\/franciscanos.org.br\/conventosantoantonio\/wp-content\/uploads\/2025\/06\/WhatsApp-Image-2025-06-03-at-23.50.35-1-300x300.jpeg\" class=\"attachment-thumbnail size-thumbnail\" alt=\"\" loading=\"lazy\" srcset=\"https:\/\/franciscanos.org.br\/conventosantoantonio\/wp-content\/uploads\/2025\/06\/WhatsApp-Image-2025-06-03-at-23.50.35-1-300x300.jpeg 300w, https:\/\/franciscanos.org.br\/conventosantoantonio\/wp-content\/uploads\/2025\/06\/WhatsApp-Image-2025-06-03-at-23.50.35-1-400x400.jpeg 400w\" sizes=\"(max-width: 300px) 100vw, 300px\" \/><\/a>\n\t\t\t<\/dt><\/dl><dl class='gallery-item'>\n\t\t\t<dt class='gallery-icon portrait'>\n\t\t\t\t<a href='https:\/\/franciscanos.org.br\/conventosantoantonio\/wp-content\/uploads\/2025\/06\/WhatsApp-Image-2025-06-03-at-23.50.35-2.jpeg'><img width=\"300\" height=\"300\" src=\"https:\/\/franciscanos.org.br\/conventosantoantonio\/wp-content\/uploads\/2025\/06\/WhatsApp-Image-2025-06-03-at-23.50.35-2-300x300.jpeg\" class=\"attachment-thumbnail size-thumbnail\" alt=\"\" loading=\"lazy\" srcset=\"https:\/\/franciscanos.org.br\/conventosantoantonio\/wp-content\/uploads\/2025\/06\/WhatsApp-Image-2025-06-03-at-23.50.35-2-300x300.jpeg 300w, https:\/\/franciscanos.org.br\/conventosantoantonio\/wp-content\/uploads\/2025\/06\/WhatsApp-Image-2025-06-03-at-23.50.35-2-400x400.jpeg 400w\" sizes=\"(max-width: 300px) 100vw, 300px\" \/><\/a>\n\t\t\t<\/dt><\/dl><dl class='gallery-item'>\n\t\t\t<dt class='gallery-icon portrait'>\n\t\t\t\t<a href='https:\/\/franciscanos.org.br\/conventosantoantonio\/wp-content\/uploads\/2025\/06\/WhatsApp-Image-2025-06-03-at-23.50.35.jpeg'><img width=\"300\" height=\"300\" src=\"https:\/\/franciscanos.org.br\/conventosantoantonio\/wp-content\/uploads\/2025\/06\/WhatsApp-Image-2025-06-03-at-23.50.35-300x300.jpeg\" class=\"attachment-thumbnail size-thumbnail\" alt=\"\" loading=\"lazy\" srcset=\"https:\/\/franciscanos.org.br\/conventosantoantonio\/wp-content\/uploads\/2025\/06\/WhatsApp-Image-2025-06-03-at-23.50.35-300x300.jpeg 300w, https:\/\/franciscanos.org.br\/conventosantoantonio\/wp-content\/uploads\/2025\/06\/WhatsApp-Image-2025-06-03-at-23.50.35-400x400.jpeg 400w\" sizes=\"(max-width: 300px) 100vw, 300px\" \/><\/a>\n\t\t\t<\/dt><\/dl><br style=\"clear: both\" \/><dl class='gallery-item'>\n\t\t\t<dt class='gallery-icon portrait'>\n\t\t\t\t<a href='https:\/\/franciscanos.org.br\/conventosantoantonio\/wp-content\/uploads\/2025\/06\/WhatsApp-Image-2025-06-03-at-23.50.36-1.jpeg'><img width=\"300\" height=\"300\" src=\"https:\/\/franciscanos.org.br\/conventosantoantonio\/wp-content\/uploads\/2025\/06\/WhatsApp-Image-2025-06-03-at-23.50.36-1-300x300.jpeg\" class=\"attachment-thumbnail size-thumbnail\" alt=\"\" loading=\"lazy\" srcset=\"https:\/\/franciscanos.org.br\/conventosantoantonio\/wp-content\/uploads\/2025\/06\/WhatsApp-Image-2025-06-03-at-23.50.36-1-300x300.jpeg 300w, https:\/\/franciscanos.org.br\/conventosantoantonio\/wp-content\/uploads\/2025\/06\/WhatsApp-Image-2025-06-03-at-23.50.36-1-400x400.jpeg 400w\" sizes=\"(max-width: 300px) 100vw, 300px\" \/><\/a>\n\t\t\t<\/dt><\/dl><dl class='gallery-item'>\n\t\t\t<dt class='gallery-icon portrait'>\n\t\t\t\t<a href='https:\/\/franciscanos.org.br\/conventosantoantonio\/wp-content\/uploads\/2025\/06\/WhatsApp-Image-2025-06-03-at-23.50.36-2.jpeg'><img width=\"300\" height=\"300\" src=\"https:\/\/franciscanos.org.br\/conventosantoantonio\/wp-content\/uploads\/2025\/06\/WhatsApp-Image-2025-06-03-at-23.50.36-2-300x300.jpeg\" class=\"attachment-thumbnail size-thumbnail\" alt=\"\" loading=\"lazy\" srcset=\"https:\/\/franciscanos.org.br\/conventosantoantonio\/wp-content\/uploads\/2025\/06\/WhatsApp-Image-2025-06-03-at-23.50.36-2-300x300.jpeg 300w, https:\/\/franciscanos.org.br\/conventosantoantonio\/wp-content\/uploads\/2025\/06\/WhatsApp-Image-2025-06-03-at-23.50.36-2-400x400.jpeg 400w\" sizes=\"(max-width: 300px) 100vw, 300px\" \/><\/a>\n\t\t\t<\/dt><\/dl><dl class='gallery-item'>\n\t\t\t<dt class='gallery-icon portrait'>\n\t\t\t\t<a href='https:\/\/franciscanos.org.br\/conventosantoantonio\/wp-content\/uploads\/2025\/06\/WhatsApp-Image-2025-06-03-at-23.50.36.jpeg'><img width=\"300\" height=\"300\" src=\"https:\/\/franciscanos.org.br\/conventosantoantonio\/wp-content\/uploads\/2025\/06\/WhatsApp-Image-2025-06-03-at-23.50.36-300x300.jpeg\" class=\"attachment-thumbnail size-thumbnail\" alt=\"\" loading=\"lazy\" srcset=\"https:\/\/franciscanos.org.br\/conventosantoantonio\/wp-content\/uploads\/2025\/06\/WhatsApp-Image-2025-06-03-at-23.50.36-300x300.jpeg 300w, https:\/\/franciscanos.org.br\/conventosantoantonio\/wp-content\/uploads\/2025\/06\/WhatsApp-Image-2025-06-03-at-23.50.36-400x400.jpeg 400w\" sizes=\"(max-width: 300px) 100vw, 300px\" \/><\/a>\n\t\t\t<\/dt><\/dl><dl class='gallery-item'>\n\t\t\t<dt class='gallery-icon portrait'>\n\t\t\t\t<a href='https:\/\/franciscanos.org.br\/conventosantoantonio\/wp-content\/uploads\/2025\/06\/WhatsApp-Image-2025-06-03-at-23.50.37.jpeg'><img width=\"300\" height=\"300\" src=\"https:\/\/franciscanos.org.br\/conventosantoantonio\/wp-content\/uploads\/2025\/06\/WhatsApp-Image-2025-06-03-at-23.50.37-300x300.jpeg\" class=\"attachment-thumbnail size-thumbnail\" alt=\"\" loading=\"lazy\" srcset=\"https:\/\/franciscanos.org.br\/conventosantoantonio\/wp-content\/uploads\/2025\/06\/WhatsApp-Image-2025-06-03-at-23.50.37-300x300.jpeg 300w, https:\/\/franciscanos.org.br\/conventosantoantonio\/wp-content\/uploads\/2025\/06\/WhatsApp-Image-2025-06-03-at-23.50.37-400x400.jpeg 400w\" sizes=\"(max-width: 300px) 100vw, 300px\" \/><\/a>\n\t\t\t<\/dt><\/dl><br style=\"clear: both\" \/><dl class='gallery-item'>\n\t\t\t<dt class='gallery-icon portrait'>\n\t\t\t\t<a href='https:\/\/franciscanos.org.br\/conventosantoantonio\/wp-content\/uploads\/2025\/06\/WhatsApp-Image-2025-06-03-at-23.51.44.jpeg'><img width=\"300\" height=\"300\" src=\"https:\/\/franciscanos.org.br\/conventosantoantonio\/wp-content\/uploads\/2025\/06\/WhatsApp-Image-2025-06-03-at-23.51.44-300x300.jpeg\" class=\"attachment-thumbnail size-thumbnail\" alt=\"\" loading=\"lazy\" srcset=\"https:\/\/franciscanos.org.br\/conventosantoantonio\/wp-content\/uploads\/2025\/06\/WhatsApp-Image-2025-06-03-at-23.51.44-300x300.jpeg 300w, https:\/\/franciscanos.org.br\/conventosantoantonio\/wp-content\/uploads\/2025\/06\/WhatsApp-Image-2025-06-03-at-23.51.44-400x400.jpeg 400w\" sizes=\"(max-width: 300px) 100vw, 300px\" \/><\/a>\n\t\t\t<\/dt><\/dl><dl class='gallery-item'>\n\t\t\t<dt class='gallery-icon landscape'>\n\t\t\t\t<a href='https:\/\/franciscanos.org.br\/conventosantoantonio\/wp-content\/uploads\/2025\/06\/WhatsApp-Image-2025-06-03-at-23.51.45-1.jpeg'><img width=\"300\" height=\"300\" src=\"https:\/\/franciscanos.org.br\/conventosantoantonio\/wp-content\/uploads\/2025\/06\/WhatsApp-Image-2025-06-03-at-23.51.45-1-300x300.jpeg\" class=\"attachment-thumbnail size-thumbnail\" alt=\"\" loading=\"lazy\" srcset=\"https:\/\/franciscanos.org.br\/conventosantoantonio\/wp-content\/uploads\/2025\/06\/WhatsApp-Image-2025-06-03-at-23.51.45-1-300x300.jpeg 300w, https:\/\/franciscanos.org.br\/conventosantoantonio\/wp-content\/uploads\/2025\/06\/WhatsApp-Image-2025-06-03-at-23.51.45-1-400x400.jpeg 400w\" sizes=\"(max-width: 300px) 100vw, 300px\" \/><\/a>\n\t\t\t<\/dt><\/dl><dl class='gallery-item'>\n\t\t\t<dt class='gallery-icon landscape'>\n\t\t\t\t<a href='https:\/\/franciscanos.org.br\/conventosantoantonio\/wp-content\/uploads\/2025\/06\/WhatsApp-Image-2025-06-03-at-23.51.46.jpeg'><img width=\"300\" height=\"300\" src=\"https:\/\/franciscanos.org.br\/conventosantoantonio\/wp-content\/uploads\/2025\/06\/WhatsApp-Image-2025-06-03-at-23.51.46-300x300.jpeg\" class=\"attachment-thumbnail size-thumbnail\" alt=\"\" loading=\"lazy\" srcset=\"https:\/\/franciscanos.org.br\/conventosantoantonio\/wp-content\/uploads\/2025\/06\/WhatsApp-Image-2025-06-03-at-23.51.46-300x300.jpeg 300w, https:\/\/franciscanos.org.br\/conventosantoantonio\/wp-content\/uploads\/2025\/06\/WhatsApp-Image-2025-06-03-at-23.51.46-400x400.jpeg 400w\" sizes=\"(max-width: 300px) 100vw, 300px\" \/><\/a>\n\t\t\t<\/dt><\/dl><dl class='gallery-item'>\n\t\t\t<dt class='gallery-icon portrait'>\n\t\t\t\t<a href='https:\/\/franciscanos.org.br\/conventosantoantonio\/wp-content\/uploads\/2025\/06\/WhatsApp-Image-2025-06-03-at-23.51.47.jpeg'><img width=\"300\" height=\"300\" src=\"https:\/\/franciscanos.org.br\/conventosantoantonio\/wp-content\/uploads\/2025\/06\/WhatsApp-Image-2025-06-03-at-23.51.47-300x300.jpeg\" class=\"attachment-thumbnail size-thumbnail\" alt=\"\" loading=\"lazy\" srcset=\"https:\/\/franciscanos.org.br\/conventosantoantonio\/wp-content\/uploads\/2025\/06\/WhatsApp-Image-2025-06-03-at-23.51.47-300x300.jpeg 300w, https:\/\/franciscanos.org.br\/conventosantoantonio\/wp-content\/uploads\/2025\/06\/WhatsApp-Image-2025-06-03-at-23.51.47-400x400.jpeg 400w\" sizes=\"(max-width: 300px) 100vw, 300px\" \/><\/a>\n\t\t\t<\/dt><\/dl><br style=\"clear: both\" \/>\n\t\t<\/div>\n\n","protected":false},"excerpt":{"rendered":"<p>Festa de Santo Ant\u00f4nio 2025<\/p>\n","protected":false},"author":12,"featured_media":0,"comment_status":"open","ping_status":"open","sticky":false,"template":"","format":"standard","meta":[],"categories":[105],"tags":[357,390],"yoast_head":"<!-- This site is optimized with the Yoast SEO plugin v19.4 - https:\/\/yoast.com\/wordpress\/plugins\/seo\/ -->\n<title>Sol, lua e mar unidos na 343\u00aa Trezena - Convento Santo Ant\u00f4nio- Franciscanos<\/title>\n<meta name=\"robots\" content=\"index, follow, max-snippet:-1, max-image-preview:large, max-video-preview:-1\" \/>\n<link rel=\"canonical\" href=\"https:\/\/franciscanos.org.br\/conventosantoantonio\/sol-lua-e-mar-unidos-na-343a-trezena\/\" \/>\n<meta property=\"og:locale\" content=\"pt_BR\" \/>\n<meta property=\"og:type\" content=\"article\" \/>\n<meta property=\"og:title\" content=\"Sol, lua e mar unidos na 343\u00aa Trezena - Convento Santo Ant\u00f4nio- Franciscanos\" \/>\n<meta property=\"og:description\" content=\"Festa de Santo Ant\u00f4nio 2025\" \/>\n<meta property=\"og:url\" content=\"https:\/\/franciscanos.org.br\/conventosantoantonio\/sol-lua-e-mar-unidos-na-343a-trezena\/\" \/>\n<meta property=\"og:site_name\" content=\"Convento Santo Ant\u00f4nio- Franciscanos\" \/>\n<meta property=\"article:published_time\" content=\"2025-06-04T13:51:58+00:00\" \/>\n<meta property=\"article:modified_time\" content=\"2025-06-05T17:23:56+00:00\" \/>\n<meta property=\"og:image\" content=\"https:\/\/franciscanos.org.br\/conventosantoantonio\/wp-content\/uploads\/2025\/06\/WhatsApp-Image-2025-06-03-at-23.53.02-1-300x300.jpeg\" \/>\n<meta name=\"author\" content=\"Adriana Rabelo\" \/>\n<meta name=\"twitter:card\" content=\"summary_large_image\" \/>\n<meta name=\"twitter:label1\" content=\"Escrito por\" \/>\n\t<meta name=\"twitter:data1\" content=\"Adriana Rabelo\" \/>\n\t<meta name=\"twitter:label2\" content=\"Est. tempo de leitura\" \/>\n\t<meta name=\"twitter:data2\" content=\"6 minutos\" \/>\n<script type=\"application\/ld+json\" class=\"yoast-schema-graph\">{\"@context\":\"https:\/\/schema.org\",\"@graph\":[{\"@type\":\"WebSite\",\"@id\":\"https:\/\/franciscanos.org.br\/conventosantoantonio\/#website\",\"url\":\"https:\/\/franciscanos.org.br\/conventosantoantonio\/\",\"name\":\"Convento Santo Ant\u00f4nio- Franciscanos\",\"description\":\"Prov\u00edncia Franciscana da Imaculada Concei\u00e7\u00e3o do Brasil - Ordem dos Frades Menores\",\"potentialAction\":[{\"@type\":\"SearchAction\",\"target\":{\"@type\":\"EntryPoint\",\"urlTemplate\":\"https:\/\/franciscanos.org.br\/conventosantoantonio\/?s={search_term_string}\"},\"query-input\":\"required name=search_term_string\"}],\"inLanguage\":\"pt-BR\"},{\"@type\":\"WebPage\",\"@id\":\"https:\/\/franciscanos.org.br\/conventosantoantonio\/sol-lua-e-mar-unidos-na-343a-trezena\/\",\"url\":\"https:\/\/franciscanos.org.br\/conventosantoantonio\/sol-lua-e-mar-unidos-na-343a-trezena\/\",\"name\":\"Sol, lua e mar unidos na 343\u00aa Trezena - Convento Santo Ant\u00f4nio- Franciscanos\",\"isPartOf\":{\"@id\":\"https:\/\/franciscanos.org.br\/conventosantoantonio\/#website\"},\"datePublished\":\"2025-06-04T13:51:58+00:00\",\"dateModified\":\"2025-06-05T17:23:56+00:00\",\"author\":{\"@id\":\"https:\/\/franciscanos.org.br\/conventosantoantonio\/#\/schema\/person\/9a980420618be29f098b094e6e8289e1\"},\"breadcrumb\":{\"@id\":\"https:\/\/franciscanos.org.br\/conventosantoantonio\/sol-lua-e-mar-unidos-na-343a-trezena\/#breadcrumb\"},\"inLanguage\":\"pt-BR\",\"potentialAction\":[{\"@type\":\"ReadAction\",\"target\":[\"https:\/\/franciscanos.org.br\/conventosantoantonio\/sol-lua-e-mar-unidos-na-343a-trezena\/\"]}]},{\"@type\":\"BreadcrumbList\",\"@id\":\"https:\/\/franciscanos.org.br\/conventosantoantonio\/sol-lua-e-mar-unidos-na-343a-trezena\/#breadcrumb\",\"itemListElement\":[{\"@type\":\"ListItem\",\"position\":1,\"name\":\"Home\",\"item\":\"https:\/\/franciscanos.org.br\/conventosantoantonio\/\"},{\"@type\":\"ListItem\",\"position\":2,\"name\":\"Sol, lua e mar unidos na 343\u00aa Trezena\"}]},{\"@type\":\"Person\",\"@id\":\"https:\/\/franciscanos.org.br\/conventosantoantonio\/#\/schema\/person\/9a980420618be29f098b094e6e8289e1\",\"name\":\"Adriana Rabelo\",\"image\":{\"@type\":\"ImageObject\",\"inLanguage\":\"pt-BR\",\"@id\":\"https:\/\/franciscanos.org.br\/conventosantoantonio\/#\/schema\/person\/image\/\",\"url\":\"https:\/\/secure.gravatar.com\/avatar\/0a937b7500cd7df77540cfb8bede877d?s=96&d=mm&r=g\",\"contentUrl\":\"https:\/\/secure.gravatar.com\/avatar\/0a937b7500cd7df77540cfb8bede877d?s=96&d=mm&r=g\",\"caption\":\"Adriana Rabelo\"},\"url\":\"https:\/\/franciscanos.org.br\/conventosantoantonio\/author\/adrianarabelo\/\"}]}<\/script>\n<!-- \/ Yoast SEO plugin. -->","yoast_head_json":{"title":"Sol, lua e mar unidos na 343\u00aa Trezena - Convento Santo Ant\u00f4nio- Franciscanos","robots":{"index":"index","follow":"follow","max-snippet":"max-snippet:-1","max-image-preview":"max-image-preview:large","max-video-preview":"max-video-preview:-1"},"canonical":"https:\/\/franciscanos.org.br\/conventosantoantonio\/sol-lua-e-mar-unidos-na-343a-trezena\/","og_locale":"pt_BR","og_type":"article","og_title":"Sol, lua e mar unidos na 343\u00aa Trezena - Convento Santo Ant\u00f4nio- Franciscanos","og_description":"Festa de Santo Ant\u00f4nio 2025","og_url":"https:\/\/franciscanos.org.br\/conventosantoantonio\/sol-lua-e-mar-unidos-na-343a-trezena\/","og_site_name":"Convento Santo Ant\u00f4nio- Franciscanos","article_published_time":"2025-06-04T13:51:58+00:00","article_modified_time":"2025-06-05T17:23:56+00:00","og_image":[{"url":"https:\/\/franciscanos.org.br\/conventosantoantonio\/wp-content\/uploads\/2025\/06\/WhatsApp-Image-2025-06-03-at-23.53.02-1-300x300.jpeg"}],"author":"Adriana Rabelo","twitter_card":"summary_large_image","twitter_misc":{"Escrito por":"Adriana Rabelo","Est. tempo de leitura":"6 minutos"},"schema":{"@context":"https:\/\/schema.org","@graph":[{"@type":"WebSite","@id":"https:\/\/franciscanos.org.br\/conventosantoantonio\/#website","url":"https:\/\/franciscanos.org.br\/conventosantoantonio\/","name":"Convento Santo Ant\u00f4nio- Franciscanos","description":"Prov\u00edncia Franciscana da Imaculada Concei\u00e7\u00e3o do Brasil - Ordem dos Frades Menores","potentialAction":[{"@type":"SearchAction","target":{"@type":"EntryPoint","urlTemplate":"https:\/\/franciscanos.org.br\/conventosantoantonio\/?s={search_term_string}"},"query-input":"required name=search_term_string"}],"inLanguage":"pt-BR"},{"@type":"WebPage","@id":"https:\/\/franciscanos.org.br\/conventosantoantonio\/sol-lua-e-mar-unidos-na-343a-trezena\/","url":"https:\/\/franciscanos.org.br\/conventosantoantonio\/sol-lua-e-mar-unidos-na-343a-trezena\/","name":"Sol, lua e mar unidos na 343\u00aa Trezena - Convento Santo Ant\u00f4nio- Franciscanos","isPartOf":{"@id":"https:\/\/franciscanos.org.br\/conventosantoantonio\/#website"},"datePublished":"2025-06-04T13:51:58+00:00","dateModified":"2025-06-05T17:23:56+00:00","author":{"@id":"https:\/\/franciscanos.org.br\/conventosantoantonio\/#\/schema\/person\/9a980420618be29f098b094e6e8289e1"},"breadcrumb":{"@id":"https:\/\/franciscanos.org.br\/conventosantoantonio\/sol-lua-e-mar-unidos-na-343a-trezena\/#breadcrumb"},"inLanguage":"pt-BR","potentialAction":[{"@type":"ReadAction","target":["https:\/\/franciscanos.org.br\/conventosantoantonio\/sol-lua-e-mar-unidos-na-343a-trezena\/"]}]},{"@type":"BreadcrumbList","@id":"https:\/\/franciscanos.org.br\/conventosantoantonio\/sol-lua-e-mar-unidos-na-343a-trezena\/#breadcrumb","itemListElement":[{"@type":"ListItem","position":1,"name":"Home","item":"https:\/\/franciscanos.org.br\/conventosantoantonio\/"},{"@type":"ListItem","position":2,"name":"Sol, lua e mar unidos na 343\u00aa Trezena"}]},{"@type":"Person","@id":"https:\/\/franciscanos.org.br\/conventosantoantonio\/#\/schema\/person\/9a980420618be29f098b094e6e8289e1","name":"Adriana Rabelo","image":{"@type":"ImageObject","inLanguage":"pt-BR","@id":"https:\/\/franciscanos.org.br\/conventosantoantonio\/#\/schema\/person\/image\/","url":"https:\/\/secure.gravatar.com\/avatar\/0a937b7500cd7df77540cfb8bede877d?s=96&d=mm&r=g","contentUrl":"https:\/\/secure.gravatar.com\/avatar\/0a937b7500cd7df77540cfb8bede877d?s=96&d=mm&r=g","caption":"Adriana Rabelo"},"url":"https:\/\/franciscanos.org.br\/conventosantoantonio\/author\/adrianarabelo\/"}]}},"_links":{"self":[{"href":"https:\/\/franciscanos.org.br\/conventosantoantonio\/wp-json\/wp\/v2\/posts\/189736"}],"collection":[{"href":"https:\/\/franciscanos.org.br\/conventosantoantonio\/wp-json\/wp\/v2\/posts"}],"about":[{"href":"https:\/\/franciscanos.org.br\/conventosantoantonio\/wp-json\/wp\/v2\/types\/post"}],"author":[{"embeddable":true,"href":"https:\/\/franciscanos.org.br\/conventosantoantonio\/wp-json\/wp\/v2\/users\/12"}],"replies":[{"embeddable":true,"href":"https:\/\/franciscanos.org.br\/conventosantoantonio\/wp-json\/wp\/v2\/comments?post=189736"}],"version-history":[{"count":5,"href":"https:\/\/franciscanos.org.br\/conventosantoantonio\/wp-json\/wp\/v2\/posts\/189736\/revisions"}],"predecessor-version":[{"id":189814,"href":"https:\/\/franciscanos.org.br\/conventosantoantonio\/wp-json\/wp\/v2\/posts\/189736\/revisions\/189814"}],"wp:attachment":[{"href":"https:\/\/franciscanos.org.br\/conventosantoantonio\/wp-json\/wp\/v2\/media?parent=189736"}],"wp:term":[{"taxonomy":"category","embeddable":true,"href":"https:\/\/franciscanos.org.br\/conventosantoantonio\/wp-json\/wp\/v2\/categories?post=189736"},{"taxonomy":"post_tag","embeddable":true,"href":"https:\/\/franciscanos.org.br\/conventosantoantonio\/wp-json\/wp\/v2\/tags?post=189736"}],"curies":[{"name":"wp","href":"https:\/\/api.w.org\/{rel}","templated":true}]}}