{"id":189657,"date":"2025-05-29T09:02:27","date_gmt":"2025-05-29T12:02:27","guid":{"rendered":"https:\/\/franciscanos.org.br\/conventosantoantonio\/?p=189657"},"modified":"2025-05-30T08:58:03","modified_gmt":"2025-05-30T11:58:03","slug":"tudo-pronto-para-a-343a-trezena-e-festa-de-santo-antonio-do-largo-da-carioca","status":"publish","type":"post","link":"https:\/\/franciscanos.org.br\/conventosantoantonio\/tudo-pronto-para-a-343a-trezena-e-festa-de-santo-antonio-do-largo-da-carioca\/","title":{"rendered":"Tudo pronto para a 343\u00aa Trezena e Festa de Santo Ant\u00f4nio do Largo da Carioca"},"content":{"rendered":"<p><img loading=\"lazy\" class=\"aligncenter wp-image-189658 size-full\" src=\"https:\/\/franciscanos.org.br\/conventosantoantonio\/wp-content\/uploads\/2025\/05\/MATERIA-1.png\" alt=\"\" width=\"1280\" height=\"720\" srcset=\"https:\/\/franciscanos.org.br\/conventosantoantonio\/wp-content\/uploads\/2025\/05\/MATERIA-1.png 1280w, https:\/\/franciscanos.org.br\/conventosantoantonio\/wp-content\/uploads\/2025\/05\/MATERIA-1-450x253.png 450w, https:\/\/franciscanos.org.br\/conventosantoantonio\/wp-content\/uploads\/2025\/05\/MATERIA-1-1024x576.png 1024w, https:\/\/franciscanos.org.br\/conventosantoantonio\/wp-content\/uploads\/2025\/05\/MATERIA-1-768x432.png 768w, https:\/\/franciscanos.org.br\/conventosantoantonio\/wp-content\/uploads\/2025\/05\/MATERIA-1-150x84.png 150w\" sizes=\"(max-width: 1280px) 100vw, 1280px\" \/><\/p>\n<p>Vivendo um tempo de muitas novidades e projetos, o Convento Santo Ant\u00f4nio do Largo da Carioca est\u00e1 nos \u00faltimos preparativos para celebrar a 343\u00aa Trezena e Festa de Santo Ant\u00f4nio, em honra ao Santo mais popular do Brasil, que come\u00e7a no pr\u00f3ximo s\u00e1bado, dia 31 de maio, \u00e0s 10h. Declarada como Patrim\u00f4nio Cultural Imaterial da Cidade do Rio de Janeiro pela Lei Municipal 8.533, promulgada pela C\u00e2mara dos Vereadores em 8 de agosto de 2024, a Trezena deste ano apresenta a tem\u00e1tica da Ecologia Integral, fazendo alus\u00e3o aos 800 anos do C\u00e2ntico das Criaturas, escrito por S\u00e3o Francisco de Assis, com quem Santo Ant\u00f4nio conviveu e de quem foi disc\u00edpulo como frade franciscano. A volta do funcionamento do elevador ap\u00f3s a obra de moderniza\u00e7\u00e3o, facilitando acesso ao Convento, tamb\u00e9m \u00e9 a boa not\u00edcia deste ano.<\/p>\n<p>Com o lema \u201cSanto Ant\u00f4nio e as criaturas louvam juntos o Criador\u201d e com a condu\u00e7\u00e3o do pregador, Frei Od\u00e9cio Lima de Souza, a Trezena trar\u00e1 para a reflex\u00e3o, a cada dia, um trecho do C\u00e2ntico das Criaturas. Encerrando o m\u00eas de maio, a abertura, no dia 31, ser\u00e1 tamb\u00e9m marcada pela Coroa\u00e7\u00e3o de Nossa Senhora. Seguindo o programa das missas conventuais, a Trezena ser\u00e1 celebrada nos hor\u00e1rios das 10h, aos s\u00e1bados e domingos, e \u00e0s 12h e 18h, de segunda a sexta, com todas celebra\u00e7\u00f5es transmitidas pelas Redes Sociais do Convento, YouTube e Facebook (@conventosantoantoniorj). Em todas as missas da Trezena haver\u00e1 a ora\u00e7\u00e3o do Respons\u00f3rio, b\u00ean\u00e7\u00e3o e aspers\u00e3o da \u00e1gua e tamb\u00e9m a b\u00ean\u00e7\u00e3o dos l\u00edrios.<\/p>\n<p><strong>Almo\u00e7os com Massa recordam liga\u00e7\u00e3o do Santo com a It\u00e1lia<\/strong><\/p>\n<p>Para incrementar a parte gastron\u00f4mica da Festa, ser\u00e3o realizadas tr\u00eas edi\u00e7\u00f5es do \u201cAlmo\u00e7o com Santo Ant\u00f4nio\u201d, tendo como prato do card\u00e1pio diferentes tipos de massa, em alus\u00e3o ao forte v\u00ednculo que o Santo possu\u00eda com a It\u00e1lia: no dia 31 de maio, ser\u00e1 Spaghetti com alm\u00f4ndegas; no dia 01 de junho, Penne aos quatro queijos e, no dia 08 de junho, Penne ao Molho Siciliano. O ingresso para cada dia custar\u00e1 R$30,00. O almo\u00e7o ser\u00e1 servido no Hist\u00f3rico Refeit\u00f3rio do Convento. Quem n\u00e3o puder vir, mas desejar contribuir com a modalidade do \u201cAlmo\u00e7o Solid\u00e1rio\u201d, poder\u00e1 adquirir os convites na Portaria ou atrav\u00e9s do PIX 62.340.203\/0003-46. O Almo\u00e7o Solid\u00e1rio ser\u00e1 servido no Refeit\u00f3rio do Convento a um grupo de irm\u00e3os e irm\u00e3s em situa\u00e7\u00e3o de rua no dia 12 de julho. Esta ser\u00e1 a a\u00e7\u00e3o de solidariedade da Festa deste ano, recebendo o Selo \u201cSanto Ant\u00f4nio Solid\u00e1rio\u201d, criado pela Prov\u00edncia Franciscana no ano passado como sinal de partilha e amor aos pobres, valores vividos e pregador pelo Santo.<\/p>\n<p><strong>\u00a0<\/strong><strong>Visita da Imagem Peregrina come\u00e7ar\u00e1 com a b\u00ean\u00e7\u00e3o do Cardeal<\/strong><\/p>\n<p>Mantendo a tradi\u00e7\u00e3o iniciada em 2023, a Trezena de Santo Ant\u00f4nio deste ano tamb\u00e9m ser\u00e1 marcada pela peregrina\u00e7\u00e3o da Imagem de Santo Ant\u00f4nio por diferentes lugares simb\u00f3licos e importantes da Cidade do Rio de Janeiro. O tema da Trezena e Festa de Santo Ant\u00f4nio 2025 \u00e9 \u201cSanto Ant\u00f4nio e as criaturas louvam juntos o Criador\u201d, fazendo alus\u00e3o aos 800 anos do C\u00e2ntico das Criaturas, escrito por S\u00e3o Francisco, de quem Santo Ant\u00f4nio tamb\u00e9m foi seguidor. A b\u00ean\u00e7\u00e3o de envio da Imagem peregrina ser\u00e1 dada pelo Cardeal Arcebispo do Rio de Janeiro, Dom Orani Jo\u00e3o Tempesta, no Santu\u00e1rio de Nossa Senhora da Penha, ao final da missa da 9h do pr\u00f3ximo s\u00e1bado, 31 de maio. J\u00e1 neste mesmo dia, logo ap\u00f3s a celebra\u00e7\u00e3o, a imagem peregrina segue para a CADEG, Mercado Municipal do Rio de Janeiro. At\u00e9 o dia 12 de junho, v\u00e9spera da Festa de Santo Ant\u00f4nio, a imagem passar\u00e1 por 25 lugares diferentes, entre \u00f3rg\u00e3os p\u00fablicos federais, estaduais e municipais, hospitais, casas de acolhida, pessoas em situa\u00e7\u00e3o de rua, igrejas, for\u00e7as de seguran\u00e7a etc.<\/p>\n<p>Duas novidades marcam a peregrina\u00e7\u00e3o deste ano:\u00a0 a Quadra do Bloco Cacique de Ramos, no s\u00e1bado, dia 07 de junho, e o Retiro dos Artistas, na ter\u00e7a-feira, dia 10 de junho. De acordo com o Guardi\u00e3o do Convento Santo Ant\u00f4nio, Frei Walter Ferreira Junior, a peregrina\u00e7\u00e3o da Imagem de Santo Ant\u00f4nio tem como objetivos manifestar a proximidade do Santo em rela\u00e7\u00e3o ao povo fiel devoto, ser presen\u00e7a da Igreja como Peregrina da Esperan\u00e7a e tamb\u00e9m promover o di\u00e1logo do Convento com diferentes setores da sociedade: \u201cCom seus 417 anos de hist\u00f3ria a se completar em 2025, o Convento deve ser sempre casa de portas abertas para dialogar e interagir com a Cidade do Rio de Janeiro. Este \u00e9 o compromisso que herdamos dos confrades que nos precederam nesta hist\u00f3ria cheia de riquezas e da qual desejamos ser os continuadores. A hist\u00f3ria da Cidade e do Convento possuem um v\u00ednculo que \u00e9 insepar\u00e1vel\u201d, recorda o guardi\u00e3o.<\/p>\n<p><strong>TREZENA DE SANTO ANT\u00d4NIO \u2013 2025<\/strong><\/p>\n<p><strong>Louvado sejas! <\/strong><\/p>\n<p><strong>Santo Ant\u00f4nio e as Criaturas louvam juntos o Criador<\/strong><\/p>\n<p><strong>31\/05 \u2013 S\u00e1bado<\/strong><\/p>\n<p><strong>Alt\u00edssimo, Onipotente e Bom Senhor<\/strong><\/p>\n<p>10h &#8211; Missa<\/p>\n<p>11h30 \u2013 Almo\u00e7o com Santo Ant\u00f4nio (Espaguete com alm\u00f4ndegas \u2013 R$30,00)<\/p>\n<p><strong>\u00a0<\/strong><strong>01\/06 \u2013 Domingo<\/strong><\/p>\n<p><strong>A Ti louvor, honra gl\u00f3ria e toda b\u00ean\u00e7\u00e3o<\/strong><\/p>\n<p>10h &#8211; Missa<\/p>\n<p>11h30 &#8211; Almo\u00e7o com Santo Ant\u00f4nio (Penne ao molho de quatro queijos \u2013 R$30,00)<\/p>\n<p><strong>02\/06 \u2013 Segunda-feira<\/strong><\/p>\n<p><strong>Louvado sejas pelo Irm\u00e3o Sol, que aquece e ilumina<\/strong><\/p>\n<p>12h e 18h &#8211; Missa<\/p>\n<p><strong>\u00a0<\/strong><strong>03\/06 \u2013 Ter\u00e7a-feira<\/strong><\/p>\n<p><strong>Louvado sejas pelo Irm\u00e3o Vento, o ar, a nuvem e todo tempo<\/strong><\/p>\n<p>12h e 18h &#8211; Missa<\/p>\n<p><strong>\u00a0<\/strong><strong>04\/06 \u2013 Quarta-feira<\/strong><\/p>\n<p><strong>Louvado sejas pela Irm\u00e3 \u00c1gua, humilde, \u00fatil, preciosa e casta<\/strong><\/p>\n<p>12h e 18h &#8211; Missa<\/p>\n<p><strong>05\/06 \u2013 Quinta-feira<\/strong><\/p>\n<p><strong>Louvado sejas pela Irm\u00e3 e M\u00e3e Terra, que nos sustenta e governa<\/strong><\/p>\n<p>12h e 18h &#8211; Missa<\/p>\n<p><strong>06\/06 \u2013 Sexta-feira<\/strong><\/p>\n<p><strong>Louvado sejas pela Irm\u00e3o Fogo, jovial, robusto e forte<\/strong><\/p>\n<p>12h e 18h \u2013 Missa<\/p>\n<p><strong>07\/06 \u2013 S\u00e1bado<\/strong><\/p>\n<p><strong>Louvado sejas pelos frutos, flores e verduras<\/strong><\/p>\n<p>10h &#8211; Missa<\/p>\n<p><strong>08\/06 \u2013 Domingo<\/strong><\/p>\n<p><strong>Louvado sejas por aqueles que perdoam e promovem a paz<\/strong><\/p>\n<p>10h \u2013 Missa<\/p>\n<p>11h30 \u2013 Almo\u00e7o com Santo Ant\u00f4nio (Penne ao molho siciliano \u2013 R$30,00)<\/p>\n<p><strong>09\/06 \u2013 Segunda-feira<\/strong><\/p>\n<p><strong>Louvado sejas por aqueles que sofrem tribula\u00e7\u00f5es por Teu Amor<\/strong><\/p>\n<p>12h e 18h &#8211; Missa<\/p>\n<p><strong>\u00a0<\/strong><strong>10\/06 \u2013 Ter\u00e7a-feira<\/strong><\/p>\n<p><strong>Louvado sejas pela Irm\u00e3 Morte, da qual ningu\u00e9m pode escapar<\/strong><\/p>\n<p>12h e 18h &#8211; Missa<\/p>\n<p><strong>\u00a0<\/strong><strong>11\/06 \u2013 Quarta-feira<\/strong><\/p>\n<p><strong>Louvai e bendizei ao Senhor<\/strong><\/p>\n<p>12h e 18h &#8211; Missa<\/p>\n<p><strong>\u00a0<\/strong><strong>12\/06 \u2013 Quinta-feira<\/strong><\/p>\n<p><strong>Servi-O com grande humildade<\/strong><\/p>\n<p>12h e 18h \u2013 Missa (B\u00ean\u00e7\u00e3o dos Casais)<\/p>\n<p>Ap\u00f3s a missa das 12h \u2013 Bolo dos Namorados<\/p>\n<p><strong>13\/06 \u2013 DIA DE SANTO ANT\u00d4NIO<\/strong><\/p>\n<p>Missas &#8211; 6h, 7h30, 9h, 10h30, 12h, 13h30, 15h, 16h30, 18h<\/p>\n<p><strong>Roteiro das Visitas da Imagem Peregrina de Santo Ant\u00f4nio<\/strong><\/p>\n<p><strong>31\/05 \u2013 S\u00e1bado<\/strong><\/p>\n<p>9h \u2013 Abertura e B\u00ean\u00e7\u00e3o de envio com o Cardeal Dom Orani \u2013 Igreja da Penha<\/p>\n<p>11h30 &#8211; CADEG<\/p>\n<p><strong>\u00a0<\/strong><strong>01\/06 \u2013 Domingo<\/strong><\/p>\n<p>7h \u2013 Caf\u00e9 dos pobres \u2013 Catedral Metropolitana<\/p>\n<p>10h30 \u2013 Casa Franciscana \u2013 Povo em Situa\u00e7\u00e3o de Rua<\/p>\n<p>19h \u2013 Par\u00f3quia S\u00e3o Jo\u00e3o Batista &#8211; S\u00e3o Jo\u00e3o de Meriti<\/p>\n<p><strong>\u00a0<\/strong><strong>02\/06 \u2013 Segunda<\/strong><\/p>\n<p>8h &#8211; Pal\u00e1cio da Cidade \u2013 Prefeito Eduardo Paes<\/p>\n<p>14h &#8211; Hospital Souza Aguiar<\/p>\n<p><strong>\u00a0<\/strong><strong>03\/06 \u2013 Ter\u00e7a<\/strong><\/p>\n<p>9h \u2013 Hospital S\u00e3o Francisco na Provid\u00eancia de Deus<\/p>\n<p>14h &#8211; Marinha \u2013 Capitania dos Portos<\/p>\n<p><strong>\u00a0<\/strong><strong>04\/06 \u2013 Quarta<\/strong><\/p>\n<p>9h \u2013 Pal\u00e1cio Guanabara \u2013 <strong>a confirmar<\/strong><\/p>\n<p>14h &#8211; INCA<\/p>\n<p><strong>\u00a0<\/strong><strong>05\/06 \u2013 Quinta<\/strong><\/p>\n<p>9h30 \u2013 C\u00e2mara Municipal<\/p>\n<p>12h15 \u2013 Missa ALERJ<\/p>\n<p><strong>\u00a0<\/strong><strong>06\/06 \u2013 Sexta<\/strong><\/p>\n<p>7h30 \u2013 Show do Ant\u00f4nio Carlos \u2013 R\u00e1dio Tupi<\/p>\n<p>11h \u2013 Cristo Redentor<\/p>\n<p><strong>\u00a0<\/strong><strong>07\/06 \u2013 S\u00e1bado<\/strong><\/p>\n<p>9h \u2013 TV Globo<\/p>\n<p>11h30 \u2013 Cacique de Ramos<\/p>\n<p>19h \u2013 Comunidade Santo Ant\u00f4nio &#8211; Nil\u00f3polis<\/p>\n<p><strong>\u00a0<\/strong><strong>08\/06 \u2013 Domingo<\/strong><\/p>\n<p>5h \u2013 Programa Domingo Show \u2013 R\u00e1dio Tupi<\/p>\n<p>8h \u2013 Mosteiro Nossa Senhora a Ajuda \u2013 Vila Isabel<\/p>\n<p>11h \u2013 Mosteiro Santa Maria dos Anjos &#8211; G\u00e1ve<\/p>\n<p>18h \u2013 Par\u00f3quia Porcic\u00fancula de Sant\u2019Ana<\/p>\n<p><strong>\u00a0<\/strong><strong>09\/06 \u2013 Segunda <\/strong><\/p>\n<p>Unidade Prisional Talavera Bruce \u2013 <strong>a confirmar<\/strong><\/p>\n<p><strong>\u00a0<\/strong><strong>10\/06 \u2013 Ter\u00e7a<\/strong><\/p>\n<p>9h \u2013 Retiro dos Artistas<\/p>\n<p>13h \u2013 Rua da Carioca e SAARA (Bolo no Largo da Carioca)<\/p>\n<p><strong>\u00a0<\/strong><strong>11\/06 \u2013 Quarta<\/strong><\/p>\n<p>9h \u2013 Bombeiros<\/p>\n<p>10h30 \u2013 Pol\u00edcia Militar<\/p>\n<p><strong>\u00a0<\/strong><strong>12\/06 \u2013 Quinta<\/strong><\/p>\n<p>Funda\u00e7\u00e3o S\u00e3o Martinho \u2013 <strong>a confirmar<\/strong><\/p>\n","protected":false},"excerpt":{"rendered":"<p>Festa de Santo Ant\u00f4nio 2025<\/p>\n","protected":false},"author":12,"featured_media":189659,"comment_status":"open","ping_status":"open","sticky":false,"template":"","format":"standard","meta":[],"categories":[105],"tags":[357,390],"yoast_head":"<!-- This site is optimized with the Yoast SEO plugin v19.4 - https:\/\/yoast.com\/wordpress\/plugins\/seo\/ -->\n<title>Tudo pronto para a 343\u00aa Trezena e Festa de Santo Ant\u00f4nio do Largo da Carioca - Convento Santo Ant\u00f4nio- Franciscanos<\/title>\n<meta name=\"robots\" content=\"index, follow, max-snippet:-1, max-image-preview:large, max-video-preview:-1\" \/>\n<link rel=\"canonical\" href=\"https:\/\/franciscanos.org.br\/conventosantoantonio\/tudo-pronto-para-a-343a-trezena-e-festa-de-santo-antonio-do-largo-da-carioca\/\" \/>\n<meta property=\"og:locale\" content=\"pt_BR\" \/>\n<meta property=\"og:type\" content=\"article\" \/>\n<meta property=\"og:title\" content=\"Tudo pronto para a 343\u00aa Trezena e Festa de Santo Ant\u00f4nio do Largo da Carioca - Convento Santo Ant\u00f4nio- Franciscanos\" \/>\n<meta property=\"og:description\" content=\"Festa de Santo Ant\u00f4nio 2025\" \/>\n<meta property=\"og:url\" content=\"https:\/\/franciscanos.org.br\/conventosantoantonio\/tudo-pronto-para-a-343a-trezena-e-festa-de-santo-antonio-do-largo-da-carioca\/\" \/>\n<meta property=\"og:site_name\" content=\"Convento Santo Ant\u00f4nio- Franciscanos\" \/>\n<meta property=\"article:published_time\" content=\"2025-05-29T12:02:27+00:00\" \/>\n<meta property=\"article:modified_time\" content=\"2025-05-30T11:58:03+00:00\" \/>\n<meta property=\"og:image\" content=\"https:\/\/franciscanos.org.br\/conventosantoantonio\/wp-content\/uploads\/2025\/05\/chamada-1.png\" \/>\n\t<meta property=\"og:image:width\" content=\"800\" \/>\n\t<meta property=\"og:image:height\" content=\"550\" \/>\n\t<meta property=\"og:image:type\" content=\"image\/png\" \/>\n<meta name=\"author\" content=\"Adriana Rabelo\" \/>\n<meta name=\"twitter:card\" content=\"summary_large_image\" \/>\n<meta name=\"twitter:label1\" content=\"Escrito por\" \/>\n\t<meta name=\"twitter:data1\" content=\"Adriana Rabelo\" \/>\n\t<meta name=\"twitter:label2\" content=\"Est. tempo de leitura\" \/>\n\t<meta name=\"twitter:data2\" content=\"7 minutos\" \/>\n<script type=\"application\/ld+json\" class=\"yoast-schema-graph\">{\"@context\":\"https:\/\/schema.org\",\"@graph\":[{\"@type\":\"WebSite\",\"@id\":\"https:\/\/franciscanos.org.br\/conventosantoantonio\/#website\",\"url\":\"https:\/\/franciscanos.org.br\/conventosantoantonio\/\",\"name\":\"Convento Santo Ant\u00f4nio- Franciscanos\",\"description\":\"Prov\u00edncia Franciscana da Imaculada Concei\u00e7\u00e3o do Brasil - Ordem dos Frades Menores\",\"potentialAction\":[{\"@type\":\"SearchAction\",\"target\":{\"@type\":\"EntryPoint\",\"urlTemplate\":\"https:\/\/franciscanos.org.br\/conventosantoantonio\/?s={search_term_string}\"},\"query-input\":\"required name=search_term_string\"}],\"inLanguage\":\"pt-BR\"},{\"@type\":\"WebPage\",\"@id\":\"https:\/\/franciscanos.org.br\/conventosantoantonio\/tudo-pronto-para-a-343a-trezena-e-festa-de-santo-antonio-do-largo-da-carioca\/\",\"url\":\"https:\/\/franciscanos.org.br\/conventosantoantonio\/tudo-pronto-para-a-343a-trezena-e-festa-de-santo-antonio-do-largo-da-carioca\/\",\"name\":\"Tudo pronto para a 343\u00aa Trezena e Festa de Santo Ant\u00f4nio do Largo da Carioca - Convento Santo Ant\u00f4nio- Franciscanos\",\"isPartOf\":{\"@id\":\"https:\/\/franciscanos.org.br\/conventosantoantonio\/#website\"},\"datePublished\":\"2025-05-29T12:02:27+00:00\",\"dateModified\":\"2025-05-30T11:58:03+00:00\",\"author\":{\"@id\":\"https:\/\/franciscanos.org.br\/conventosantoantonio\/#\/schema\/person\/9a980420618be29f098b094e6e8289e1\"},\"breadcrumb\":{\"@id\":\"https:\/\/franciscanos.org.br\/conventosantoantonio\/tudo-pronto-para-a-343a-trezena-e-festa-de-santo-antonio-do-largo-da-carioca\/#breadcrumb\"},\"inLanguage\":\"pt-BR\",\"potentialAction\":[{\"@type\":\"ReadAction\",\"target\":[\"https:\/\/franciscanos.org.br\/conventosantoantonio\/tudo-pronto-para-a-343a-trezena-e-festa-de-santo-antonio-do-largo-da-carioca\/\"]}]},{\"@type\":\"BreadcrumbList\",\"@id\":\"https:\/\/franciscanos.org.br\/conventosantoantonio\/tudo-pronto-para-a-343a-trezena-e-festa-de-santo-antonio-do-largo-da-carioca\/#breadcrumb\",\"itemListElement\":[{\"@type\":\"ListItem\",\"position\":1,\"name\":\"Home\",\"item\":\"https:\/\/franciscanos.org.br\/conventosantoantonio\/\"},{\"@type\":\"ListItem\",\"position\":2,\"name\":\"Tudo pronto para a 343\u00aa Trezena e Festa de Santo Ant\u00f4nio do Largo da Carioca\"}]},{\"@type\":\"Person\",\"@id\":\"https:\/\/franciscanos.org.br\/conventosantoantonio\/#\/schema\/person\/9a980420618be29f098b094e6e8289e1\",\"name\":\"Adriana Rabelo\",\"image\":{\"@type\":\"ImageObject\",\"inLanguage\":\"pt-BR\",\"@id\":\"https:\/\/franciscanos.org.br\/conventosantoantonio\/#\/schema\/person\/image\/\",\"url\":\"https:\/\/secure.gravatar.com\/avatar\/0a937b7500cd7df77540cfb8bede877d?s=96&d=mm&r=g\",\"contentUrl\":\"https:\/\/secure.gravatar.com\/avatar\/0a937b7500cd7df77540cfb8bede877d?s=96&d=mm&r=g\",\"caption\":\"Adriana Rabelo\"},\"url\":\"https:\/\/franciscanos.org.br\/conventosantoantonio\/author\/adrianarabelo\/\"}]}<\/script>\n<!-- \/ Yoast SEO plugin. -->","yoast_head_json":{"title":"Tudo pronto para a 343\u00aa Trezena e Festa de Santo Ant\u00f4nio do Largo da Carioca - Convento Santo Ant\u00f4nio- Franciscanos","robots":{"index":"index","follow":"follow","max-snippet":"max-snippet:-1","max-image-preview":"max-image-preview:large","max-video-preview":"max-video-preview:-1"},"canonical":"https:\/\/franciscanos.org.br\/conventosantoantonio\/tudo-pronto-para-a-343a-trezena-e-festa-de-santo-antonio-do-largo-da-carioca\/","og_locale":"pt_BR","og_type":"article","og_title":"Tudo pronto para a 343\u00aa Trezena e Festa de Santo Ant\u00f4nio do Largo da Carioca - Convento Santo Ant\u00f4nio- Franciscanos","og_description":"Festa de Santo Ant\u00f4nio 2025","og_url":"https:\/\/franciscanos.org.br\/conventosantoantonio\/tudo-pronto-para-a-343a-trezena-e-festa-de-santo-antonio-do-largo-da-carioca\/","og_site_name":"Convento Santo Ant\u00f4nio- Franciscanos","article_published_time":"2025-05-29T12:02:27+00:00","article_modified_time":"2025-05-30T11:58:03+00:00","og_image":[{"width":800,"height":550,"url":"https:\/\/franciscanos.org.br\/conventosantoantonio\/wp-content\/uploads\/2025\/05\/chamada-1.png","type":"image\/png"}],"author":"Adriana Rabelo","twitter_card":"summary_large_image","twitter_misc":{"Escrito por":"Adriana Rabelo","Est. tempo de leitura":"7 minutos"},"schema":{"@context":"https:\/\/schema.org","@graph":[{"@type":"WebSite","@id":"https:\/\/franciscanos.org.br\/conventosantoantonio\/#website","url":"https:\/\/franciscanos.org.br\/conventosantoantonio\/","name":"Convento Santo Ant\u00f4nio- Franciscanos","description":"Prov\u00edncia Franciscana da Imaculada Concei\u00e7\u00e3o do Brasil - Ordem dos Frades Menores","potentialAction":[{"@type":"SearchAction","target":{"@type":"EntryPoint","urlTemplate":"https:\/\/franciscanos.org.br\/conventosantoantonio\/?s={search_term_string}"},"query-input":"required name=search_term_string"}],"inLanguage":"pt-BR"},{"@type":"WebPage","@id":"https:\/\/franciscanos.org.br\/conventosantoantonio\/tudo-pronto-para-a-343a-trezena-e-festa-de-santo-antonio-do-largo-da-carioca\/","url":"https:\/\/franciscanos.org.br\/conventosantoantonio\/tudo-pronto-para-a-343a-trezena-e-festa-de-santo-antonio-do-largo-da-carioca\/","name":"Tudo pronto para a 343\u00aa Trezena e Festa de Santo Ant\u00f4nio do Largo da Carioca - Convento Santo Ant\u00f4nio- Franciscanos","isPartOf":{"@id":"https:\/\/franciscanos.org.br\/conventosantoantonio\/#website"},"datePublished":"2025-05-29T12:02:27+00:00","dateModified":"2025-05-30T11:58:03+00:00","author":{"@id":"https:\/\/franciscanos.org.br\/conventosantoantonio\/#\/schema\/person\/9a980420618be29f098b094e6e8289e1"},"breadcrumb":{"@id":"https:\/\/franciscanos.org.br\/conventosantoantonio\/tudo-pronto-para-a-343a-trezena-e-festa-de-santo-antonio-do-largo-da-carioca\/#breadcrumb"},"inLanguage":"pt-BR","potentialAction":[{"@type":"ReadAction","target":["https:\/\/franciscanos.org.br\/conventosantoantonio\/tudo-pronto-para-a-343a-trezena-e-festa-de-santo-antonio-do-largo-da-carioca\/"]}]},{"@type":"BreadcrumbList","@id":"https:\/\/franciscanos.org.br\/conventosantoantonio\/tudo-pronto-para-a-343a-trezena-e-festa-de-santo-antonio-do-largo-da-carioca\/#breadcrumb","itemListElement":[{"@type":"ListItem","position":1,"name":"Home","item":"https:\/\/franciscanos.org.br\/conventosantoantonio\/"},{"@type":"ListItem","position":2,"name":"Tudo pronto para a 343\u00aa Trezena e Festa de Santo Ant\u00f4nio do Largo da Carioca"}]},{"@type":"Person","@id":"https:\/\/franciscanos.org.br\/conventosantoantonio\/#\/schema\/person\/9a980420618be29f098b094e6e8289e1","name":"Adriana Rabelo","image":{"@type":"ImageObject","inLanguage":"pt-BR","@id":"https:\/\/franciscanos.org.br\/conventosantoantonio\/#\/schema\/person\/image\/","url":"https:\/\/secure.gravatar.com\/avatar\/0a937b7500cd7df77540cfb8bede877d?s=96&d=mm&r=g","contentUrl":"https:\/\/secure.gravatar.com\/avatar\/0a937b7500cd7df77540cfb8bede877d?s=96&d=mm&r=g","caption":"Adriana Rabelo"},"url":"https:\/\/franciscanos.org.br\/conventosantoantonio\/author\/adrianarabelo\/"}]}},"_links":{"self":[{"href":"https:\/\/franciscanos.org.br\/conventosantoantonio\/wp-json\/wp\/v2\/posts\/189657"}],"collection":[{"href":"https:\/\/franciscanos.org.br\/conventosantoantonio\/wp-json\/wp\/v2\/posts"}],"about":[{"href":"https:\/\/franciscanos.org.br\/conventosantoantonio\/wp-json\/wp\/v2\/types\/post"}],"author":[{"embeddable":true,"href":"https:\/\/franciscanos.org.br\/conventosantoantonio\/wp-json\/wp\/v2\/users\/12"}],"replies":[{"embeddable":true,"href":"https:\/\/franciscanos.org.br\/conventosantoantonio\/wp-json\/wp\/v2\/comments?post=189657"}],"version-history":[{"count":2,"href":"https:\/\/franciscanos.org.br\/conventosantoantonio\/wp-json\/wp\/v2\/posts\/189657\/revisions"}],"predecessor-version":[{"id":189663,"href":"https:\/\/franciscanos.org.br\/conventosantoantonio\/wp-json\/wp\/v2\/posts\/189657\/revisions\/189663"}],"wp:featuredmedia":[{"embeddable":true,"href":"https:\/\/franciscanos.org.br\/conventosantoantonio\/wp-json\/wp\/v2\/media\/189659"}],"wp:attachment":[{"href":"https:\/\/franciscanos.org.br\/conventosantoantonio\/wp-json\/wp\/v2\/media?parent=189657"}],"wp:term":[{"taxonomy":"category","embeddable":true,"href":"https:\/\/franciscanos.org.br\/conventosantoantonio\/wp-json\/wp\/v2\/categories?post=189657"},{"taxonomy":"post_tag","embeddable":true,"href":"https:\/\/franciscanos.org.br\/conventosantoantonio\/wp-json\/wp\/v2\/tags?post=189657"}],"curies":[{"name":"wp","href":"https:\/\/api.w.org\/{rel}","templated":true}]}}