{"id":189613,"date":"2025-04-28T15:30:01","date_gmt":"2025-04-28T18:30:01","guid":{"rendered":"https:\/\/franciscanos.org.br\/conventosantoantonio\/?p=189613"},"modified":"2025-04-29T16:37:41","modified_gmt":"2025-04-29T19:37:41","slug":"canarinhos-de-petropolis-e-fafa-de-belem-vozes-para-homenagear-papa-francisco","status":"publish","type":"post","link":"https:\/\/franciscanos.org.br\/conventosantoantonio\/canarinhos-de-petropolis-e-fafa-de-belem-vozes-para-homenagear-papa-francisco\/","title":{"rendered":"Canarinhos de Petr\u00f3polis e Faf\u00e1 de Bel\u00e9m: vozes para homenagear Papa Francisco"},"content":{"rendered":"<p><img loading=\"lazy\" class=\"aligncenter wp-image-189615 size-full\" src=\"https:\/\/franciscanos.org.br\/conventosantoantonio\/wp-content\/uploads\/2025\/04\/MATERIA-1.png\" alt=\"\" width=\"1280\" height=\"720\" srcset=\"https:\/\/franciscanos.org.br\/conventosantoantonio\/wp-content\/uploads\/2025\/04\/MATERIA-1.png 1280w, https:\/\/franciscanos.org.br\/conventosantoantonio\/wp-content\/uploads\/2025\/04\/MATERIA-1-450x253.png 450w, https:\/\/franciscanos.org.br\/conventosantoantonio\/wp-content\/uploads\/2025\/04\/MATERIA-1-1024x576.png 1024w, https:\/\/franciscanos.org.br\/conventosantoantonio\/wp-content\/uploads\/2025\/04\/MATERIA-1-768x432.png 768w, https:\/\/franciscanos.org.br\/conventosantoantonio\/wp-content\/uploads\/2025\/04\/MATERIA-1-150x84.png 150w\" sizes=\"(max-width: 1280px) 100vw, 1280px\" \/><\/p>\n<p>No \u00faltimo s\u00e1bado, 26 de abril, o Coral dos Canarinhos de Petr\u00f3polis desceu a Serra para cumprir uma miss\u00e3o muito especial: prestar uma emocionante homenagem ao Papa Francisco, no mesmo dia de seu sepultamento. O momento foi promovido pelo programa <strong><em>Fant\u00e1stico<\/em>, da Rede Globo<\/strong>, e gravado no Convento Santo Ant\u00f4nio, no centro do Rio de Janeiro, logo ap\u00f3s a missa das 10h.<\/p>\n<p>A ocasi\u00e3o foi marcada n\u00e3o apenas pela import\u00e2ncia simb\u00f3lica do tributo, mas tamb\u00e9m pelo profundo significado para os Canarinhos. A acolhida calorosa dos frades franciscanos \u2014 da mesma Prov\u00edncia \u00e0 qual o coral pertence \u2014 tornou o ambiente ainda mais familiar e espiritual. Cantar naquele espa\u00e7o centen\u00e1rio foi como cantar em casa.<\/p>\n<p>Ao lado da consagrada cantora Faf\u00e1 de Bel\u00e9m, os Canarinhos interpretaram com grande sensibilidade a <em>Ora\u00e7\u00e3o de S\u00e3o Francisco de Assis<\/em>, santo que norteou a vida e o minist\u00e9rio do Papa Francisco, com seu exemplo de humildade, servi\u00e7o aos pobres, amor \u00e0 paz e \u00e0 cria\u00e7\u00e3o.<\/p>\n<p><strong>O legado franciscano em vozes que encantam<\/strong><\/p>\n<p>\u201cA presen\u00e7a do Coral dos Canarinhos de Petr\u00f3polis neste tributo ao Papa Francisco, ao lado de Faf\u00e1 de Bel\u00e9m, assume m\u00faltiplos significados: refor\u00e7a o legado hist\u00f3rico e a credibilidade de uma institui\u00e7\u00e3o franciscana, simboliza o v\u00ednculo entre o Papa e S\u00e3o Francisco de Assis, legitima a continuidade de corais convidados a grandes celebra\u00e7\u00f5es lit\u00fargicas religiosas, destaca o poder das vozes infantis como mensagem de esperan\u00e7a e refor\u00e7a a identidade cultural e patrimonial do Brasil. Al\u00e9m disso, ao unir m\u00fasica sacra de tradi\u00e7\u00e3o com a voz popular de Faf\u00e1, amplia o alcance da mensagem de humildade e amor ao pr\u00f3ximo, transmitida pela <em>Ora\u00e7\u00e3o de S\u00e3o Francisco<\/em> do Santo de Assis e pelo pont\u00edfice argentino, o Papa Francisco\u201d, salientou Frei Marcos Antonio de Andrade, presidente do Instituto dos Meninos Cantores de Petr\u00f3polis.<\/p>\n<p><img loading=\"lazy\" class=\"aligncenter wp-image-189616 size-full\" src=\"https:\/\/franciscanos.org.br\/conventosantoantonio\/wp-content\/uploads\/2025\/04\/materia-2.png\" alt=\"\" width=\"1280\" height=\"720\" srcset=\"https:\/\/franciscanos.org.br\/conventosantoantonio\/wp-content\/uploads\/2025\/04\/materia-2.png 1280w, https:\/\/franciscanos.org.br\/conventosantoantonio\/wp-content\/uploads\/2025\/04\/materia-2-450x253.png 450w, https:\/\/franciscanos.org.br\/conventosantoantonio\/wp-content\/uploads\/2025\/04\/materia-2-1024x576.png 1024w, https:\/\/franciscanos.org.br\/conventosantoantonio\/wp-content\/uploads\/2025\/04\/materia-2-768x432.png 768w, https:\/\/franciscanos.org.br\/conventosantoantonio\/wp-content\/uploads\/2025\/04\/materia-2-150x84.png 150w\" sizes=\"(max-width: 1280px) 100vw, 1280px\" \/><\/p>\n<p>Mais do que uma apresenta\u00e7\u00e3o musical, foi um ato de f\u00e9, respeito e gratid\u00e3o. A homenagem refletiu n\u00e3o apenas os valores do Papa, mas tamb\u00e9m os princ\u00edpios que regem a trajet\u00f3ria do coral: formar integralmente crian\u00e7as e adolescentes por meio da m\u00fasica e da forma\u00e7\u00e3o humana, de forma gratuita, oferecendo a eles oportunidades de crescimento pessoal, social, cultural e art\u00edstico.<\/p>\n<p>\u201cA escolha da <em>Ora\u00e7\u00e3o de S\u00e3o Francisco<\/em> ressoa diretamente com os valores de humildade, simplicidade e amor ao pr\u00f3ximo que marcaram a vida de Francisco de Assis, canonizado em 1228 e patrono dos ecologistas e dos pobres, que fez de sua vida uma can\u00e7\u00e3o. Esta tamb\u00e9m \u00e9 a miss\u00e3o do Instituto dos Meninos Cantores de Petr\u00f3polis, institui\u00e7\u00e3o que, al\u00e9m do Coral dos Canarinhos, mant\u00e9m outros dois coros: o Coral das Meninas dos Canarinhos de Petr\u00f3polis e o Coro de C\u00e2mara.\u201d<\/p>\n<p><strong>Tradi\u00e7\u00e3o, espiritualidade e miss\u00e3o evangelizadora<\/strong><\/p>\n<p>De acordo com o frade, ao evocar S\u00e3o Francisco, a apresenta\u00e7\u00e3o refor\u00e7ou as prioridades do pont\u00edfice argentino \u2014 a pobreza volunt\u00e1ria, a defesa dos marginalizados e o cuidado com a cria\u00e7\u00e3o \u2014 em conson\u00e2ncia com a espiritualidade de S\u00e3o Francisco de Assis no servi\u00e7o humilde e solid\u00e1rio.<\/p>\n<p><img loading=\"lazy\" class=\"aligncenter wp-image-189617 size-full\" src=\"https:\/\/franciscanos.org.br\/conventosantoantonio\/wp-content\/uploads\/2025\/04\/materia-3.png\" alt=\"\" width=\"1280\" height=\"720\" srcset=\"https:\/\/franciscanos.org.br\/conventosantoantonio\/wp-content\/uploads\/2025\/04\/materia-3.png 1280w, https:\/\/franciscanos.org.br\/conventosantoantonio\/wp-content\/uploads\/2025\/04\/materia-3-450x253.png 450w, https:\/\/franciscanos.org.br\/conventosantoantonio\/wp-content\/uploads\/2025\/04\/materia-3-1024x576.png 1024w, https:\/\/franciscanos.org.br\/conventosantoantonio\/wp-content\/uploads\/2025\/04\/materia-3-768x432.png 768w, https:\/\/franciscanos.org.br\/conventosantoantonio\/wp-content\/uploads\/2025\/04\/materia-3-150x84.png 150w\" sizes=\"(max-width: 1280px) 100vw, 1280px\" \/><\/p>\n<p>Frei Marcos ainda explicou que o Coral dos Canarinhos j\u00e1 entoou c\u00e2nticos para o Papa Jo\u00e3o Paulo II em tr\u00eas ocasi\u00f5es (d\u00e9cadas de 1980, 1997 e 2000), estabelecendo uma tradi\u00e7\u00e3o de di\u00e1logo musical entre o Coral dos Canarinhos e o Vaticano.<\/p>\n<p>\u201cPara n\u00f3s, o convite feito pelo <em>Fant\u00e1stico<\/em> consolidou a reputa\u00e7\u00e3o internacional do coro e refor\u00e7a sua miss\u00e3o evangelizadora por meio da m\u00fasica sacra. Com a miss\u00e3o principal de entoar a Missa dominical das 10h na Igreja do Sagrado Cora\u00e7\u00e3o de Jesus, o coro ocupa um espa\u00e7o central e privilegiado na vida religiosa da comunidade de Petr\u00f3polis, tornando suas vozes parte viva das Celebra\u00e7\u00f5es Eucar\u00edsticas. Por fim, ao reunir repert\u00f3rio de m\u00fasica sacra e folcl\u00f3rica, o Coral dos Canarinhos traduz o sentimento de pertencimento cultural do pa\u00eds, fortalecendo o la\u00e7o entre passado e futuro\u201d, finalizou.<\/p>\n<p>Com sua excel\u00eancia vocal e reconhecida express\u00e3o espiritual, os Canarinhos de Petr\u00f3polis emocionaram os presentes e os telespectadores de todo o Brasil, reafirmando sua posi\u00e7\u00e3o como o coro de meninos mais antigo do pa\u00eds e um verdadeiro patrim\u00f4nio da cultura coral brasileira.<\/p>\n<hr \/>\n<p><em>Texto: Rose Melo (Coral dos Canarinhos) e Adriana Rabelo Rodrigues\/ Fotos: Hugo Rocha de Oliveira<\/em><\/p>\n","protected":false},"excerpt":{"rendered":"<p>Vozes que inspiram<\/p>\n","protected":false},"author":12,"featured_media":189614,"comment_status":"open","ping_status":"open","sticky":false,"template":"","format":"standard","meta":[],"categories":[105],"tags":[357,389],"yoast_head":"<!-- This site is optimized with the Yoast SEO plugin v19.4 - https:\/\/yoast.com\/wordpress\/plugins\/seo\/ -->\n<title>Canarinhos de Petr\u00f3polis e Faf\u00e1 de Bel\u00e9m: vozes para homenagear Papa Francisco - Convento Santo Ant\u00f4nio- Franciscanos<\/title>\n<meta name=\"robots\" content=\"index, follow, max-snippet:-1, max-image-preview:large, max-video-preview:-1\" \/>\n<link rel=\"canonical\" href=\"https:\/\/franciscanos.org.br\/conventosantoantonio\/canarinhos-de-petropolis-e-fafa-de-belem-vozes-para-homenagear-papa-francisco\/\" \/>\n<meta property=\"og:locale\" content=\"pt_BR\" \/>\n<meta property=\"og:type\" content=\"article\" \/>\n<meta property=\"og:title\" content=\"Canarinhos de Petr\u00f3polis e Faf\u00e1 de Bel\u00e9m: vozes para homenagear Papa Francisco - Convento Santo Ant\u00f4nio- Franciscanos\" \/>\n<meta property=\"og:description\" content=\"Vozes que inspiram\" \/>\n<meta property=\"og:url\" content=\"https:\/\/franciscanos.org.br\/conventosantoantonio\/canarinhos-de-petropolis-e-fafa-de-belem-vozes-para-homenagear-papa-francisco\/\" \/>\n<meta property=\"og:site_name\" content=\"Convento Santo Ant\u00f4nio- Franciscanos\" \/>\n<meta property=\"article:published_time\" content=\"2025-04-28T18:30:01+00:00\" \/>\n<meta property=\"article:modified_time\" content=\"2025-04-29T19:37:41+00:00\" \/>\n<meta property=\"og:image\" content=\"https:\/\/franciscanos.org.br\/conventosantoantonio\/wp-content\/uploads\/2025\/04\/CHAMADA-1.png\" \/>\n\t<meta property=\"og:image:width\" content=\"800\" \/>\n\t<meta property=\"og:image:height\" content=\"550\" \/>\n\t<meta property=\"og:image:type\" content=\"image\/png\" \/>\n<meta name=\"author\" content=\"Adriana Rabelo\" \/>\n<meta name=\"twitter:card\" content=\"summary_large_image\" \/>\n<meta name=\"twitter:label1\" content=\"Escrito por\" \/>\n\t<meta name=\"twitter:data1\" content=\"Adriana Rabelo\" \/>\n\t<meta name=\"twitter:label2\" content=\"Est. tempo de leitura\" \/>\n\t<meta name=\"twitter:data2\" content=\"5 minutos\" \/>\n<script type=\"application\/ld+json\" class=\"yoast-schema-graph\">{\"@context\":\"https:\/\/schema.org\",\"@graph\":[{\"@type\":\"WebSite\",\"@id\":\"https:\/\/franciscanos.org.br\/conventosantoantonio\/#website\",\"url\":\"https:\/\/franciscanos.org.br\/conventosantoantonio\/\",\"name\":\"Convento Santo Ant\u00f4nio- Franciscanos\",\"description\":\"Prov\u00edncia Franciscana da Imaculada Concei\u00e7\u00e3o do Brasil - Ordem dos Frades Menores\",\"potentialAction\":[{\"@type\":\"SearchAction\",\"target\":{\"@type\":\"EntryPoint\",\"urlTemplate\":\"https:\/\/franciscanos.org.br\/conventosantoantonio\/?s={search_term_string}\"},\"query-input\":\"required name=search_term_string\"}],\"inLanguage\":\"pt-BR\"},{\"@type\":\"WebPage\",\"@id\":\"https:\/\/franciscanos.org.br\/conventosantoantonio\/canarinhos-de-petropolis-e-fafa-de-belem-vozes-para-homenagear-papa-francisco\/\",\"url\":\"https:\/\/franciscanos.org.br\/conventosantoantonio\/canarinhos-de-petropolis-e-fafa-de-belem-vozes-para-homenagear-papa-francisco\/\",\"name\":\"Canarinhos de Petr\u00f3polis e Faf\u00e1 de Bel\u00e9m: vozes para homenagear Papa Francisco - Convento Santo Ant\u00f4nio- Franciscanos\",\"isPartOf\":{\"@id\":\"https:\/\/franciscanos.org.br\/conventosantoantonio\/#website\"},\"datePublished\":\"2025-04-28T18:30:01+00:00\",\"dateModified\":\"2025-04-29T19:37:41+00:00\",\"author\":{\"@id\":\"https:\/\/franciscanos.org.br\/conventosantoantonio\/#\/schema\/person\/9a980420618be29f098b094e6e8289e1\"},\"breadcrumb\":{\"@id\":\"https:\/\/franciscanos.org.br\/conventosantoantonio\/canarinhos-de-petropolis-e-fafa-de-belem-vozes-para-homenagear-papa-francisco\/#breadcrumb\"},\"inLanguage\":\"pt-BR\",\"potentialAction\":[{\"@type\":\"ReadAction\",\"target\":[\"https:\/\/franciscanos.org.br\/conventosantoantonio\/canarinhos-de-petropolis-e-fafa-de-belem-vozes-para-homenagear-papa-francisco\/\"]}]},{\"@type\":\"BreadcrumbList\",\"@id\":\"https:\/\/franciscanos.org.br\/conventosantoantonio\/canarinhos-de-petropolis-e-fafa-de-belem-vozes-para-homenagear-papa-francisco\/#breadcrumb\",\"itemListElement\":[{\"@type\":\"ListItem\",\"position\":1,\"name\":\"Home\",\"item\":\"https:\/\/franciscanos.org.br\/conventosantoantonio\/\"},{\"@type\":\"ListItem\",\"position\":2,\"name\":\"Canarinhos de Petr\u00f3polis e Faf\u00e1 de Bel\u00e9m: vozes para homenagear Papa Francisco\"}]},{\"@type\":\"Person\",\"@id\":\"https:\/\/franciscanos.org.br\/conventosantoantonio\/#\/schema\/person\/9a980420618be29f098b094e6e8289e1\",\"name\":\"Adriana Rabelo\",\"image\":{\"@type\":\"ImageObject\",\"inLanguage\":\"pt-BR\",\"@id\":\"https:\/\/franciscanos.org.br\/conventosantoantonio\/#\/schema\/person\/image\/\",\"url\":\"https:\/\/secure.gravatar.com\/avatar\/0a937b7500cd7df77540cfb8bede877d?s=96&d=mm&r=g\",\"contentUrl\":\"https:\/\/secure.gravatar.com\/avatar\/0a937b7500cd7df77540cfb8bede877d?s=96&d=mm&r=g\",\"caption\":\"Adriana Rabelo\"},\"url\":\"https:\/\/franciscanos.org.br\/conventosantoantonio\/author\/adrianarabelo\/\"}]}<\/script>\n<!-- \/ Yoast SEO plugin. -->","yoast_head_json":{"title":"Canarinhos de Petr\u00f3polis e Faf\u00e1 de Bel\u00e9m: vozes para homenagear Papa Francisco - Convento Santo Ant\u00f4nio- Franciscanos","robots":{"index":"index","follow":"follow","max-snippet":"max-snippet:-1","max-image-preview":"max-image-preview:large","max-video-preview":"max-video-preview:-1"},"canonical":"https:\/\/franciscanos.org.br\/conventosantoantonio\/canarinhos-de-petropolis-e-fafa-de-belem-vozes-para-homenagear-papa-francisco\/","og_locale":"pt_BR","og_type":"article","og_title":"Canarinhos de Petr\u00f3polis e Faf\u00e1 de Bel\u00e9m: vozes para homenagear Papa Francisco - Convento Santo Ant\u00f4nio- Franciscanos","og_description":"Vozes que inspiram","og_url":"https:\/\/franciscanos.org.br\/conventosantoantonio\/canarinhos-de-petropolis-e-fafa-de-belem-vozes-para-homenagear-papa-francisco\/","og_site_name":"Convento Santo Ant\u00f4nio- Franciscanos","article_published_time":"2025-04-28T18:30:01+00:00","article_modified_time":"2025-04-29T19:37:41+00:00","og_image":[{"width":800,"height":550,"url":"https:\/\/franciscanos.org.br\/conventosantoantonio\/wp-content\/uploads\/2025\/04\/CHAMADA-1.png","type":"image\/png"}],"author":"Adriana Rabelo","twitter_card":"summary_large_image","twitter_misc":{"Escrito por":"Adriana Rabelo","Est. tempo de leitura":"5 minutos"},"schema":{"@context":"https:\/\/schema.org","@graph":[{"@type":"WebSite","@id":"https:\/\/franciscanos.org.br\/conventosantoantonio\/#website","url":"https:\/\/franciscanos.org.br\/conventosantoantonio\/","name":"Convento Santo Ant\u00f4nio- Franciscanos","description":"Prov\u00edncia Franciscana da Imaculada Concei\u00e7\u00e3o do Brasil - Ordem dos Frades Menores","potentialAction":[{"@type":"SearchAction","target":{"@type":"EntryPoint","urlTemplate":"https:\/\/franciscanos.org.br\/conventosantoantonio\/?s={search_term_string}"},"query-input":"required name=search_term_string"}],"inLanguage":"pt-BR"},{"@type":"WebPage","@id":"https:\/\/franciscanos.org.br\/conventosantoantonio\/canarinhos-de-petropolis-e-fafa-de-belem-vozes-para-homenagear-papa-francisco\/","url":"https:\/\/franciscanos.org.br\/conventosantoantonio\/canarinhos-de-petropolis-e-fafa-de-belem-vozes-para-homenagear-papa-francisco\/","name":"Canarinhos de Petr\u00f3polis e Faf\u00e1 de Bel\u00e9m: vozes para homenagear Papa Francisco - Convento Santo Ant\u00f4nio- Franciscanos","isPartOf":{"@id":"https:\/\/franciscanos.org.br\/conventosantoantonio\/#website"},"datePublished":"2025-04-28T18:30:01+00:00","dateModified":"2025-04-29T19:37:41+00:00","author":{"@id":"https:\/\/franciscanos.org.br\/conventosantoantonio\/#\/schema\/person\/9a980420618be29f098b094e6e8289e1"},"breadcrumb":{"@id":"https:\/\/franciscanos.org.br\/conventosantoantonio\/canarinhos-de-petropolis-e-fafa-de-belem-vozes-para-homenagear-papa-francisco\/#breadcrumb"},"inLanguage":"pt-BR","potentialAction":[{"@type":"ReadAction","target":["https:\/\/franciscanos.org.br\/conventosantoantonio\/canarinhos-de-petropolis-e-fafa-de-belem-vozes-para-homenagear-papa-francisco\/"]}]},{"@type":"BreadcrumbList","@id":"https:\/\/franciscanos.org.br\/conventosantoantonio\/canarinhos-de-petropolis-e-fafa-de-belem-vozes-para-homenagear-papa-francisco\/#breadcrumb","itemListElement":[{"@type":"ListItem","position":1,"name":"Home","item":"https:\/\/franciscanos.org.br\/conventosantoantonio\/"},{"@type":"ListItem","position":2,"name":"Canarinhos de Petr\u00f3polis e Faf\u00e1 de Bel\u00e9m: vozes para homenagear Papa Francisco"}]},{"@type":"Person","@id":"https:\/\/franciscanos.org.br\/conventosantoantonio\/#\/schema\/person\/9a980420618be29f098b094e6e8289e1","name":"Adriana Rabelo","image":{"@type":"ImageObject","inLanguage":"pt-BR","@id":"https:\/\/franciscanos.org.br\/conventosantoantonio\/#\/schema\/person\/image\/","url":"https:\/\/secure.gravatar.com\/avatar\/0a937b7500cd7df77540cfb8bede877d?s=96&d=mm&r=g","contentUrl":"https:\/\/secure.gravatar.com\/avatar\/0a937b7500cd7df77540cfb8bede877d?s=96&d=mm&r=g","caption":"Adriana Rabelo"},"url":"https:\/\/franciscanos.org.br\/conventosantoantonio\/author\/adrianarabelo\/"}]}},"_links":{"self":[{"href":"https:\/\/franciscanos.org.br\/conventosantoantonio\/wp-json\/wp\/v2\/posts\/189613"}],"collection":[{"href":"https:\/\/franciscanos.org.br\/conventosantoantonio\/wp-json\/wp\/v2\/posts"}],"about":[{"href":"https:\/\/franciscanos.org.br\/conventosantoantonio\/wp-json\/wp\/v2\/types\/post"}],"author":[{"embeddable":true,"href":"https:\/\/franciscanos.org.br\/conventosantoantonio\/wp-json\/wp\/v2\/users\/12"}],"replies":[{"embeddable":true,"href":"https:\/\/franciscanos.org.br\/conventosantoantonio\/wp-json\/wp\/v2\/comments?post=189613"}],"version-history":[{"count":1,"href":"https:\/\/franciscanos.org.br\/conventosantoantonio\/wp-json\/wp\/v2\/posts\/189613\/revisions"}],"predecessor-version":[{"id":189618,"href":"https:\/\/franciscanos.org.br\/conventosantoantonio\/wp-json\/wp\/v2\/posts\/189613\/revisions\/189618"}],"wp:featuredmedia":[{"embeddable":true,"href":"https:\/\/franciscanos.org.br\/conventosantoantonio\/wp-json\/wp\/v2\/media\/189614"}],"wp:attachment":[{"href":"https:\/\/franciscanos.org.br\/conventosantoantonio\/wp-json\/wp\/v2\/media?parent=189613"}],"wp:term":[{"taxonomy":"category","embeddable":true,"href":"https:\/\/franciscanos.org.br\/conventosantoantonio\/wp-json\/wp\/v2\/categories?post=189613"},{"taxonomy":"post_tag","embeddable":true,"href":"https:\/\/franciscanos.org.br\/conventosantoantonio\/wp-json\/wp\/v2\/tags?post=189613"}],"curies":[{"name":"wp","href":"https:\/\/api.w.org\/{rel}","templated":true}]}}