{"id":189582,"date":"2025-01-13T11:02:26","date_gmt":"2025-01-13T14:02:26","guid":{"rendered":"https:\/\/franciscanos.org.br\/conventosantoantonio\/?p=189582"},"modified":"2025-01-13T11:02:26","modified_gmt":"2025-01-13T14:02:26","slug":"convento-santo-antonio-recebe-imagem-peregrina-de-sao-sebastiao","status":"publish","type":"post","link":"https:\/\/franciscanos.org.br\/conventosantoantonio\/convento-santo-antonio-recebe-imagem-peregrina-de-sao-sebastiao\/","title":{"rendered":"Convento Santo Ant\u00f4nio recebe imagem peregrina de S\u00e3o Sebasti\u00e3o"},"content":{"rendered":"<p><img loading=\"lazy\" class=\"aligncenter wp-image-189584 size-full\" src=\"https:\/\/franciscanos.org.br\/conventosantoantonio\/wp-content\/uploads\/2025\/01\/MATERIA.jpg\" alt=\"\" width=\"1280\" height=\"720\" srcset=\"https:\/\/franciscanos.org.br\/conventosantoantonio\/wp-content\/uploads\/2025\/01\/MATERIA.jpg 1280w, https:\/\/franciscanos.org.br\/conventosantoantonio\/wp-content\/uploads\/2025\/01\/MATERIA-450x253.jpg 450w, https:\/\/franciscanos.org.br\/conventosantoantonio\/wp-content\/uploads\/2025\/01\/MATERIA-1024x576.jpg 1024w, https:\/\/franciscanos.org.br\/conventosantoantonio\/wp-content\/uploads\/2025\/01\/MATERIA-768x432.jpg 768w, https:\/\/franciscanos.org.br\/conventosantoantonio\/wp-content\/uploads\/2025\/01\/MATERIA-150x84.jpg 150w\" sizes=\"(max-width: 1280px) 100vw, 1280px\" \/><\/p>\n<p>O Convento Santo Ant\u00f4nio recebeu, na manh\u00e3 desta segunda-feira, 13 de janeiro, a Imagem Peregrina de S\u00e3o Sebasti\u00e3o, por ocasi\u00e3o da Trezena em prepara\u00e7\u00e3o \u00e0 Festa do Padroeiro da cidade do Rio de Janeiro. O tema deste ano \u00e9 \u201cS\u00e3o Sebasti\u00e3o, Peregrino da Esperan\u00e7a\u201d. O cortejo, conduzido pelo Cardeal Arcebispo do Rio de Janeiro, Dom Orani Jo\u00e3o Tempesta, chegou \u00e0s 9h, e foi recebido junto ao port\u00e3o da escadaria pelos frades e pelos fi\u00e9is. Estiveram presentes Frei Cl\u00e1udio Broca, Frei Jos\u00e9 Pereira, Frei R\u00f3ger Brunorio e Frei Gustavo Wayand Medella.<\/p>\n<p><img loading=\"lazy\" class=\"size-medium wp-image-189585 alignright\" src=\"https:\/\/franciscanos.org.br\/conventosantoantonio\/wp-content\/uploads\/2025\/01\/WhatsApp-Image-2025-01-13-at-10.17.07-2-338x450.jpeg\" alt=\"\" width=\"338\" height=\"450\" srcset=\"https:\/\/franciscanos.org.br\/conventosantoantonio\/wp-content\/uploads\/2025\/01\/WhatsApp-Image-2025-01-13-at-10.17.07-2-338x450.jpeg 338w, https:\/\/franciscanos.org.br\/conventosantoantonio\/wp-content\/uploads\/2025\/01\/WhatsApp-Image-2025-01-13-at-10.17.07-2-768x1024.jpeg 768w, https:\/\/franciscanos.org.br\/conventosantoantonio\/wp-content\/uploads\/2025\/01\/WhatsApp-Image-2025-01-13-at-10.17.07-2-150x200.jpeg 150w, https:\/\/franciscanos.org.br\/conventosantoantonio\/wp-content\/uploads\/2025\/01\/WhatsApp-Image-2025-01-13-at-10.17.07-2.jpeg 960w\" sizes=\"(max-width: 338px) 100vw, 338px\" \/>Na reflex\u00e3o sobre a Palavra de Deus, o Cardeal recordou a import\u00e2ncia da miss\u00e3o dos frades junto ao Convento para a Igreja do Rio de Janeiro, especialmente como centro de peregrina\u00e7\u00e3o para as confiss\u00f5es. \u201cO Sacramento da Confiss\u00e3o faz parte do Jubileu que estamos celebrando neste ano. \u00c9 o encontro com a Miseric\u00f3rdia de Deus neste tempo de esperan\u00e7a que vivemos\u201d, frisou. Dom Orani aproveitou tamb\u00e9m para exortar os participantes da celebra\u00e7\u00e3o sobre o compromisso de anunciar o Reino e fazer disc\u00edpulos que Jesus conferiu a seus seguidores.<\/p>\n<p>Na ora\u00e7\u00e3o a S\u00e3o Sebasti\u00e3o, os participantes pediram ao Santo que proteja o povo carioca e todos os que vivem no Rio de Janeiro contra toda esp\u00e9cie de epidemia: corporal, moral e espiritual. S\u00e3o Sebasti\u00e3o \u00e9 conhecido como protetor contra a epidemia, a fome e as guerras. Para o Vig\u00e1rio provincial e membro da Fraternidade do Convento Santo Ant\u00f4nio, Frei Gustavo, a visita \u00e9 um impulso de esperan\u00e7a e vigor tanto para os frades quanto para os frequentadores do Convento. \u201cSem d\u00favida, S\u00e3o Sebasti\u00e3o e Santo Ant\u00f4nio foram semeadores da Esperan\u00e7a. A peregrina\u00e7\u00e3o do padroeiro da Cidade a tantos lugares neste tempo trezena manifesta a proximidade da Igreja com seu povo, nas mais variadas situa\u00e7\u00f5es existenciais. Levar a imagem do santo a estes lugares, assim como procuramos fazer com a imagem de Santo Ant\u00f4nio no m\u00eas de junho, \u00e9 um sinal muito eloquente de esperan\u00e7a e consolo para o cora\u00e7\u00e3o do povo\u201d, destacou.<\/p>\n\n\t\t<style type=\"text\/css\">\n\t\t\t#gallery-1 {\n\t\t\t\tmargin: auto;\n\t\t\t}\n\t\t\t#gallery-1 .gallery-item {\n\t\t\t\tfloat: left;\n\t\t\t\tmargin-top: 10px;\n\t\t\t\ttext-align: center;\n\t\t\t\twidth: 33%;\n\t\t\t}\n\t\t\t#gallery-1 img {\n\t\t\t\tborder: 2px solid #cfcfcf;\n\t\t\t}\n\t\t\t#gallery-1 .gallery-caption {\n\t\t\t\tmargin-left: 0;\n\t\t\t}\n\t\t\t\/* see gallery_shortcode() in wp-includes\/media.php *\/\n\t\t<\/style>\n\t\t<div id='gallery-1' class='gallery galleryid-189582 gallery-columns-3 gallery-size-thumbnail'><dl class='gallery-item'>\n\t\t\t<dt class='gallery-icon landscape'>\n\t\t\t\t<a href='https:\/\/franciscanos.org.br\/conventosantoantonio\/wp-content\/uploads\/2025\/01\/WhatsApp-Image-2025-01-13-at-10.17.09.jpeg'><img width=\"300\" height=\"300\" src=\"https:\/\/franciscanos.org.br\/conventosantoantonio\/wp-content\/uploads\/2025\/01\/WhatsApp-Image-2025-01-13-at-10.17.09-300x300.jpeg\" class=\"attachment-thumbnail size-thumbnail\" alt=\"\" loading=\"lazy\" srcset=\"https:\/\/franciscanos.org.br\/conventosantoantonio\/wp-content\/uploads\/2025\/01\/WhatsApp-Image-2025-01-13-at-10.17.09-300x300.jpeg 300w, https:\/\/franciscanos.org.br\/conventosantoantonio\/wp-content\/uploads\/2025\/01\/WhatsApp-Image-2025-01-13-at-10.17.09-400x400.jpeg 400w\" sizes=\"(max-width: 300px) 100vw, 300px\" \/><\/a>\n\t\t\t<\/dt><\/dl><dl class='gallery-item'>\n\t\t\t<dt class='gallery-icon landscape'>\n\t\t\t\t<a href='https:\/\/franciscanos.org.br\/conventosantoantonio\/wp-content\/uploads\/2025\/01\/WhatsApp-Image-2025-01-13-at-10.17.08-3.jpeg'><img width=\"300\" height=\"300\" src=\"https:\/\/franciscanos.org.br\/conventosantoantonio\/wp-content\/uploads\/2025\/01\/WhatsApp-Image-2025-01-13-at-10.17.08-3-300x300.jpeg\" class=\"attachment-thumbnail size-thumbnail\" alt=\"\" loading=\"lazy\" srcset=\"https:\/\/franciscanos.org.br\/conventosantoantonio\/wp-content\/uploads\/2025\/01\/WhatsApp-Image-2025-01-13-at-10.17.08-3-300x300.jpeg 300w, https:\/\/franciscanos.org.br\/conventosantoantonio\/wp-content\/uploads\/2025\/01\/WhatsApp-Image-2025-01-13-at-10.17.08-3-400x400.jpeg 400w\" sizes=\"(max-width: 300px) 100vw, 300px\" \/><\/a>\n\t\t\t<\/dt><\/dl><dl class='gallery-item'>\n\t\t\t<dt class='gallery-icon portrait'>\n\t\t\t\t<a href='https:\/\/franciscanos.org.br\/conventosantoantonio\/wp-content\/uploads\/2025\/01\/WhatsApp-Image-2025-01-13-at-10.17.08-2.jpeg'><img width=\"300\" height=\"300\" src=\"https:\/\/franciscanos.org.br\/conventosantoantonio\/wp-content\/uploads\/2025\/01\/WhatsApp-Image-2025-01-13-at-10.17.08-2-300x300.jpeg\" class=\"attachment-thumbnail size-thumbnail\" alt=\"\" loading=\"lazy\" srcset=\"https:\/\/franciscanos.org.br\/conventosantoantonio\/wp-content\/uploads\/2025\/01\/WhatsApp-Image-2025-01-13-at-10.17.08-2-300x300.jpeg 300w, https:\/\/franciscanos.org.br\/conventosantoantonio\/wp-content\/uploads\/2025\/01\/WhatsApp-Image-2025-01-13-at-10.17.08-2-400x400.jpeg 400w\" sizes=\"(max-width: 300px) 100vw, 300px\" \/><\/a>\n\t\t\t<\/dt><\/dl><br style=\"clear: both\" \/>\n\t\t<\/div>\n\n<p>Logo ap\u00f3s a celebra\u00e7\u00e3o, a Imagem de S\u00e3o Sebasti\u00e3o seguiu para a Livraria Paulinas, na Rua M\u00e9xico, tamb\u00e9m no Centro do Rio de Janeiro. At\u00e9 o dia 19 de janeiro, a imagem percorrer\u00e1 dezenas de lugares diferentes da capital, preparando a grande festa de S\u00e3o Sebasti\u00e3o, celebrada no dia 20 de janeiro.<\/p>\n<hr \/>\n<p><em>Equipe de Comunica\u00e7\u00e3o \u2013 Convento Santo Ant\u00f4nio do Largo da Carioca<\/em><\/p>\n","protected":false},"excerpt":{"rendered":"<p>Visita peregrina<\/p>\n","protected":false},"author":12,"featured_media":189583,"comment_status":"open","ping_status":"open","sticky":false,"template":"","format":"standard","meta":[],"categories":[105],"tags":[357],"yoast_head":"<!-- This site is optimized with the Yoast SEO plugin v19.4 - https:\/\/yoast.com\/wordpress\/plugins\/seo\/ -->\n<title>Convento Santo Ant\u00f4nio recebe imagem peregrina de S\u00e3o Sebasti\u00e3o - Convento Santo Ant\u00f4nio- Franciscanos<\/title>\n<meta name=\"robots\" content=\"index, follow, max-snippet:-1, max-image-preview:large, max-video-preview:-1\" \/>\n<link rel=\"canonical\" href=\"https:\/\/franciscanos.org.br\/conventosantoantonio\/convento-santo-antonio-recebe-imagem-peregrina-de-sao-sebastiao\/\" \/>\n<meta property=\"og:locale\" content=\"pt_BR\" \/>\n<meta property=\"og:type\" content=\"article\" \/>\n<meta property=\"og:title\" content=\"Convento Santo Ant\u00f4nio recebe imagem peregrina de S\u00e3o Sebasti\u00e3o - Convento Santo Ant\u00f4nio- Franciscanos\" \/>\n<meta property=\"og:description\" content=\"Visita peregrina\" \/>\n<meta property=\"og:url\" content=\"https:\/\/franciscanos.org.br\/conventosantoantonio\/convento-santo-antonio-recebe-imagem-peregrina-de-sao-sebastiao\/\" \/>\n<meta property=\"og:site_name\" content=\"Convento Santo Ant\u00f4nio- Franciscanos\" \/>\n<meta property=\"article:published_time\" content=\"2025-01-13T14:02:26+00:00\" \/>\n<meta property=\"og:image\" content=\"https:\/\/franciscanos.org.br\/conventosantoantonio\/wp-content\/uploads\/2025\/01\/CHAMADA.jpg\" \/>\n\t<meta property=\"og:image:width\" content=\"800\" \/>\n\t<meta property=\"og:image:height\" content=\"550\" \/>\n\t<meta property=\"og:image:type\" content=\"image\/jpeg\" \/>\n<meta name=\"author\" content=\"Adriana Rabelo\" \/>\n<meta name=\"twitter:card\" content=\"summary_large_image\" \/>\n<meta name=\"twitter:label1\" content=\"Escrito por\" \/>\n\t<meta name=\"twitter:data1\" content=\"Adriana Rabelo\" \/>\n\t<meta name=\"twitter:label2\" content=\"Est. tempo de leitura\" \/>\n\t<meta name=\"twitter:data2\" content=\"3 minutos\" \/>\n<script type=\"application\/ld+json\" class=\"yoast-schema-graph\">{\"@context\":\"https:\/\/schema.org\",\"@graph\":[{\"@type\":\"WebSite\",\"@id\":\"https:\/\/franciscanos.org.br\/conventosantoantonio\/#website\",\"url\":\"https:\/\/franciscanos.org.br\/conventosantoantonio\/\",\"name\":\"Convento Santo Ant\u00f4nio- Franciscanos\",\"description\":\"Prov\u00edncia Franciscana da Imaculada Concei\u00e7\u00e3o do Brasil - Ordem dos Frades Menores\",\"potentialAction\":[{\"@type\":\"SearchAction\",\"target\":{\"@type\":\"EntryPoint\",\"urlTemplate\":\"https:\/\/franciscanos.org.br\/conventosantoantonio\/?s={search_term_string}\"},\"query-input\":\"required name=search_term_string\"}],\"inLanguage\":\"pt-BR\"},{\"@type\":\"WebPage\",\"@id\":\"https:\/\/franciscanos.org.br\/conventosantoantonio\/convento-santo-antonio-recebe-imagem-peregrina-de-sao-sebastiao\/\",\"url\":\"https:\/\/franciscanos.org.br\/conventosantoantonio\/convento-santo-antonio-recebe-imagem-peregrina-de-sao-sebastiao\/\",\"name\":\"Convento Santo Ant\u00f4nio recebe imagem peregrina de S\u00e3o Sebasti\u00e3o - Convento Santo Ant\u00f4nio- Franciscanos\",\"isPartOf\":{\"@id\":\"https:\/\/franciscanos.org.br\/conventosantoantonio\/#website\"},\"datePublished\":\"2025-01-13T14:02:26+00:00\",\"dateModified\":\"2025-01-13T14:02:26+00:00\",\"author\":{\"@id\":\"https:\/\/franciscanos.org.br\/conventosantoantonio\/#\/schema\/person\/9a980420618be29f098b094e6e8289e1\"},\"breadcrumb\":{\"@id\":\"https:\/\/franciscanos.org.br\/conventosantoantonio\/convento-santo-antonio-recebe-imagem-peregrina-de-sao-sebastiao\/#breadcrumb\"},\"inLanguage\":\"pt-BR\",\"potentialAction\":[{\"@type\":\"ReadAction\",\"target\":[\"https:\/\/franciscanos.org.br\/conventosantoantonio\/convento-santo-antonio-recebe-imagem-peregrina-de-sao-sebastiao\/\"]}]},{\"@type\":\"BreadcrumbList\",\"@id\":\"https:\/\/franciscanos.org.br\/conventosantoantonio\/convento-santo-antonio-recebe-imagem-peregrina-de-sao-sebastiao\/#breadcrumb\",\"itemListElement\":[{\"@type\":\"ListItem\",\"position\":1,\"name\":\"Home\",\"item\":\"https:\/\/franciscanos.org.br\/conventosantoantonio\/\"},{\"@type\":\"ListItem\",\"position\":2,\"name\":\"Convento Santo Ant\u00f4nio recebe imagem peregrina de S\u00e3o Sebasti\u00e3o\"}]},{\"@type\":\"Person\",\"@id\":\"https:\/\/franciscanos.org.br\/conventosantoantonio\/#\/schema\/person\/9a980420618be29f098b094e6e8289e1\",\"name\":\"Adriana Rabelo\",\"image\":{\"@type\":\"ImageObject\",\"inLanguage\":\"pt-BR\",\"@id\":\"https:\/\/franciscanos.org.br\/conventosantoantonio\/#\/schema\/person\/image\/\",\"url\":\"https:\/\/secure.gravatar.com\/avatar\/0a937b7500cd7df77540cfb8bede877d?s=96&d=mm&r=g\",\"contentUrl\":\"https:\/\/secure.gravatar.com\/avatar\/0a937b7500cd7df77540cfb8bede877d?s=96&d=mm&r=g\",\"caption\":\"Adriana Rabelo\"},\"url\":\"https:\/\/franciscanos.org.br\/conventosantoantonio\/author\/adrianarabelo\/\"}]}<\/script>\n<!-- \/ Yoast SEO plugin. -->","yoast_head_json":{"title":"Convento Santo Ant\u00f4nio recebe imagem peregrina de S\u00e3o Sebasti\u00e3o - Convento Santo Ant\u00f4nio- Franciscanos","robots":{"index":"index","follow":"follow","max-snippet":"max-snippet:-1","max-image-preview":"max-image-preview:large","max-video-preview":"max-video-preview:-1"},"canonical":"https:\/\/franciscanos.org.br\/conventosantoantonio\/convento-santo-antonio-recebe-imagem-peregrina-de-sao-sebastiao\/","og_locale":"pt_BR","og_type":"article","og_title":"Convento Santo Ant\u00f4nio recebe imagem peregrina de S\u00e3o Sebasti\u00e3o - Convento Santo Ant\u00f4nio- Franciscanos","og_description":"Visita peregrina","og_url":"https:\/\/franciscanos.org.br\/conventosantoantonio\/convento-santo-antonio-recebe-imagem-peregrina-de-sao-sebastiao\/","og_site_name":"Convento Santo Ant\u00f4nio- Franciscanos","article_published_time":"2025-01-13T14:02:26+00:00","og_image":[{"width":800,"height":550,"url":"https:\/\/franciscanos.org.br\/conventosantoantonio\/wp-content\/uploads\/2025\/01\/CHAMADA.jpg","type":"image\/jpeg"}],"author":"Adriana Rabelo","twitter_card":"summary_large_image","twitter_misc":{"Escrito por":"Adriana Rabelo","Est. tempo de leitura":"3 minutos"},"schema":{"@context":"https:\/\/schema.org","@graph":[{"@type":"WebSite","@id":"https:\/\/franciscanos.org.br\/conventosantoantonio\/#website","url":"https:\/\/franciscanos.org.br\/conventosantoantonio\/","name":"Convento Santo Ant\u00f4nio- Franciscanos","description":"Prov\u00edncia Franciscana da Imaculada Concei\u00e7\u00e3o do Brasil - Ordem dos Frades Menores","potentialAction":[{"@type":"SearchAction","target":{"@type":"EntryPoint","urlTemplate":"https:\/\/franciscanos.org.br\/conventosantoantonio\/?s={search_term_string}"},"query-input":"required name=search_term_string"}],"inLanguage":"pt-BR"},{"@type":"WebPage","@id":"https:\/\/franciscanos.org.br\/conventosantoantonio\/convento-santo-antonio-recebe-imagem-peregrina-de-sao-sebastiao\/","url":"https:\/\/franciscanos.org.br\/conventosantoantonio\/convento-santo-antonio-recebe-imagem-peregrina-de-sao-sebastiao\/","name":"Convento Santo Ant\u00f4nio recebe imagem peregrina de S\u00e3o Sebasti\u00e3o - Convento Santo Ant\u00f4nio- Franciscanos","isPartOf":{"@id":"https:\/\/franciscanos.org.br\/conventosantoantonio\/#website"},"datePublished":"2025-01-13T14:02:26+00:00","dateModified":"2025-01-13T14:02:26+00:00","author":{"@id":"https:\/\/franciscanos.org.br\/conventosantoantonio\/#\/schema\/person\/9a980420618be29f098b094e6e8289e1"},"breadcrumb":{"@id":"https:\/\/franciscanos.org.br\/conventosantoantonio\/convento-santo-antonio-recebe-imagem-peregrina-de-sao-sebastiao\/#breadcrumb"},"inLanguage":"pt-BR","potentialAction":[{"@type":"ReadAction","target":["https:\/\/franciscanos.org.br\/conventosantoantonio\/convento-santo-antonio-recebe-imagem-peregrina-de-sao-sebastiao\/"]}]},{"@type":"BreadcrumbList","@id":"https:\/\/franciscanos.org.br\/conventosantoantonio\/convento-santo-antonio-recebe-imagem-peregrina-de-sao-sebastiao\/#breadcrumb","itemListElement":[{"@type":"ListItem","position":1,"name":"Home","item":"https:\/\/franciscanos.org.br\/conventosantoantonio\/"},{"@type":"ListItem","position":2,"name":"Convento Santo Ant\u00f4nio recebe imagem peregrina de S\u00e3o Sebasti\u00e3o"}]},{"@type":"Person","@id":"https:\/\/franciscanos.org.br\/conventosantoantonio\/#\/schema\/person\/9a980420618be29f098b094e6e8289e1","name":"Adriana Rabelo","image":{"@type":"ImageObject","inLanguage":"pt-BR","@id":"https:\/\/franciscanos.org.br\/conventosantoantonio\/#\/schema\/person\/image\/","url":"https:\/\/secure.gravatar.com\/avatar\/0a937b7500cd7df77540cfb8bede877d?s=96&d=mm&r=g","contentUrl":"https:\/\/secure.gravatar.com\/avatar\/0a937b7500cd7df77540cfb8bede877d?s=96&d=mm&r=g","caption":"Adriana Rabelo"},"url":"https:\/\/franciscanos.org.br\/conventosantoantonio\/author\/adrianarabelo\/"}]}},"_links":{"self":[{"href":"https:\/\/franciscanos.org.br\/conventosantoantonio\/wp-json\/wp\/v2\/posts\/189582"}],"collection":[{"href":"https:\/\/franciscanos.org.br\/conventosantoantonio\/wp-json\/wp\/v2\/posts"}],"about":[{"href":"https:\/\/franciscanos.org.br\/conventosantoantonio\/wp-json\/wp\/v2\/types\/post"}],"author":[{"embeddable":true,"href":"https:\/\/franciscanos.org.br\/conventosantoantonio\/wp-json\/wp\/v2\/users\/12"}],"replies":[{"embeddable":true,"href":"https:\/\/franciscanos.org.br\/conventosantoantonio\/wp-json\/wp\/v2\/comments?post=189582"}],"version-history":[{"count":2,"href":"https:\/\/franciscanos.org.br\/conventosantoantonio\/wp-json\/wp\/v2\/posts\/189582\/revisions"}],"predecessor-version":[{"id":189590,"href":"https:\/\/franciscanos.org.br\/conventosantoantonio\/wp-json\/wp\/v2\/posts\/189582\/revisions\/189590"}],"wp:featuredmedia":[{"embeddable":true,"href":"https:\/\/franciscanos.org.br\/conventosantoantonio\/wp-json\/wp\/v2\/media\/189583"}],"wp:attachment":[{"href":"https:\/\/franciscanos.org.br\/conventosantoantonio\/wp-json\/wp\/v2\/media?parent=189582"}],"wp:term":[{"taxonomy":"category","embeddable":true,"href":"https:\/\/franciscanos.org.br\/conventosantoantonio\/wp-json\/wp\/v2\/categories?post=189582"},{"taxonomy":"post_tag","embeddable":true,"href":"https:\/\/franciscanos.org.br\/conventosantoantonio\/wp-json\/wp\/v2\/tags?post=189582"}],"curies":[{"name":"wp","href":"https:\/\/api.w.org\/{rel}","templated":true}]}}