{"id":189573,"date":"2024-11-18T11:56:04","date_gmt":"2024-11-18T14:56:04","guid":{"rendered":"https:\/\/franciscanos.org.br\/conventosantoantonio\/?p=189573"},"modified":"2024-11-18T11:56:04","modified_gmt":"2024-11-18T14:56:04","slug":"8a-exposicao-franciscana-de-presepios-do-convento-santo-antonio","status":"publish","type":"post","link":"https:\/\/franciscanos.org.br\/conventosantoantonio\/8a-exposicao-franciscana-de-presepios-do-convento-santo-antonio\/","title":{"rendered":"8\u00aa Exposi\u00e7\u00e3o Franciscana de Pres\u00e9pios do Convento Santo Ant\u00f4nio"},"content":{"rendered":"<p><img loading=\"lazy\" class=\"aligncenter wp-image-189574 size-full\" src=\"https:\/\/franciscanos.org.br\/conventosantoantonio\/wp-content\/uploads\/2024\/11\/EXPOSICAO-PRESEPIO.jpg\" alt=\"\" width=\"1280\" height=\"720\" srcset=\"https:\/\/franciscanos.org.br\/conventosantoantonio\/wp-content\/uploads\/2024\/11\/EXPOSICAO-PRESEPIO.jpg 1280w, https:\/\/franciscanos.org.br\/conventosantoantonio\/wp-content\/uploads\/2024\/11\/EXPOSICAO-PRESEPIO-450x253.jpg 450w, https:\/\/franciscanos.org.br\/conventosantoantonio\/wp-content\/uploads\/2024\/11\/EXPOSICAO-PRESEPIO-1024x576.jpg 1024w, https:\/\/franciscanos.org.br\/conventosantoantonio\/wp-content\/uploads\/2024\/11\/EXPOSICAO-PRESEPIO-768x432.jpg 768w, https:\/\/franciscanos.org.br\/conventosantoantonio\/wp-content\/uploads\/2024\/11\/EXPOSICAO-PRESEPIO-150x84.jpg 150w\" sizes=\"(max-width: 1280px) 100vw, 1280px\" \/><\/p>\n<p>De 6 a 29 de dezembro, o Convento Santo Ant\u00f4nio, do Largo da Carioca (RJ), estar\u00e1 com a <strong>8\u00aa Exposi\u00e7\u00e3o Franciscana de Pres\u00e9pios<\/strong>. O objetivo \u00e9 tamb\u00e9m celebrar o jubileu franciscano dos 800 anos do C\u00e2ntico das Criaturas composto por S\u00e3o Francisco de Assis, datado entre 1224 e 1225, dialogando com a Campanha da Fraternidade da Igreja no Brasil, cujo tema \u00e9: &#8220;Fraternidade e Ecologia Integral&#8221;.<\/p>\n<p>O C\u00e2ntico das Criaturas \u00e9 uma obra liter\u00e1ria, po\u00e9tica, atemporal e muito relevante para os dias atuais. A composi\u00e7\u00e3o \u00e9 um convite de louvor a Deus por todas as suas criaturas, nos levando a conscientiza\u00e7\u00e3o e a reflex\u00e3o para reconhecer que somos parte da natureza e coautores da Cria\u00e7\u00e3o, uma ecologia integral. S\u00e3o Francisco reconheceu em toda Cria\u00e7\u00e3o a fraternidade universal e consequentemente a nossa rela\u00e7\u00e3o n\u00e3o deve ser a de autoridade e\/ou superioridade, mas de irm\u00e3os e irm\u00e3s de toda criatura.<\/p>\n<p>Cada pres\u00e9pio, confeccionado manual ou industrialmente, em sua cenografia abordar\u00e1 a tem\u00e1tica do C\u00e2ntico das Criaturas direcionando o visitante a contempla\u00e7\u00e3o da beleza e o cuidado da Casa Comum.<\/p>\n<p>A exposi\u00e7\u00e3o conta com a zelosa curadoria de Frei R\u00f3ger Brunorio, que ao longo do ano se dedica em buscar pres\u00e9pios para serem expostos nesta ocasi\u00e3o. Por isso, cada edi\u00e7\u00e3o conta com pres\u00e9pios in\u00e9ditos, inclusive neste ano o frade foi em busca de artistas que utilizam variados materiais, incluindo reciclados. Al\u00e9m de obras do Brasil e diversos pa\u00edses, arte, cultura, espiritualidade e hist\u00f3ria est\u00e3o presentes na exposi\u00e7\u00e3o.<\/p>\n<p>Com alegria e esperan\u00e7a os frades franciscanos do Convento Santo Ant\u00f4nio convidam a todos para esta exposi\u00e7\u00e3o no m\u00eas de dezembro.<\/p>\n<p><strong>8\u00aa Exposi\u00e7\u00e3o Franciscana de Pres\u00e9pios &#8211; 800 anos do C\u00e2ntico das Criaturas<\/strong><\/p>\n<p>Convento Santo Ant\u00f4nio &#8211; Largo da Carioca &#8211; Centro &#8211; Rio de Janeiro<\/p>\n<p><strong>06 a 29 de dezembro 2024<\/strong><\/p>\n<p>Segunda a sexta: 9h \u00e0s 18h<\/p>\n<p>S\u00e1bado e domingo: 9h \u00e0s 12h<\/p>\n<p><strong>Acesso gratuito<\/strong><\/p>\n<p>Para mais informa\u00e7\u00f5es<\/p>\n<p>(21) 98420 7845 whatsapp<\/p>\n<p>@conventosantoantoniorj<\/p>\n<p><strong>IMPORTANTE:<\/strong> Devido a obras dos novos elevadores o acesso \u00e9 somente por escadarias<\/p>\n<hr \/>\n<p><em>Equipe de Comunica\u00e7\u00e3o do Convento Santo Ant\u00f4nio, do Largo da Carioca<\/em><\/p>\n","protected":false},"excerpt":{"rendered":"<p>Exposi\u00e7\u00e3o de Pres\u00e9pios<\/p>\n","protected":false},"author":12,"featured_media":189575,"comment_status":"open","ping_status":"open","sticky":false,"template":"","format":"standard","meta":[],"categories":[105],"tags":[357],"yoast_head":"<!-- This site is optimized with the Yoast SEO plugin v19.4 - https:\/\/yoast.com\/wordpress\/plugins\/seo\/ -->\n<title>8\u00aa Exposi\u00e7\u00e3o Franciscana de Pres\u00e9pios do Convento Santo Ant\u00f4nio - Convento Santo Ant\u00f4nio- Franciscanos<\/title>\n<meta name=\"robots\" content=\"index, follow, max-snippet:-1, max-image-preview:large, max-video-preview:-1\" \/>\n<link rel=\"canonical\" href=\"https:\/\/franciscanos.org.br\/conventosantoantonio\/8a-exposicao-franciscana-de-presepios-do-convento-santo-antonio\/\" \/>\n<meta property=\"og:locale\" content=\"pt_BR\" \/>\n<meta property=\"og:type\" content=\"article\" \/>\n<meta property=\"og:title\" content=\"8\u00aa Exposi\u00e7\u00e3o Franciscana de Pres\u00e9pios do Convento Santo Ant\u00f4nio - Convento Santo Ant\u00f4nio- Franciscanos\" \/>\n<meta property=\"og:description\" content=\"Exposi\u00e7\u00e3o de Pres\u00e9pios\" \/>\n<meta property=\"og:url\" content=\"https:\/\/franciscanos.org.br\/conventosantoantonio\/8a-exposicao-franciscana-de-presepios-do-convento-santo-antonio\/\" \/>\n<meta property=\"og:site_name\" content=\"Convento Santo Ant\u00f4nio- Franciscanos\" \/>\n<meta property=\"article:published_time\" content=\"2024-11-18T14:56:04+00:00\" \/>\n<meta property=\"og:image\" content=\"https:\/\/franciscanos.org.br\/conventosantoantonio\/wp-content\/uploads\/2024\/11\/CHAMADA-PRESEPIO.jpg\" \/>\n\t<meta property=\"og:image:width\" content=\"800\" \/>\n\t<meta property=\"og:image:height\" content=\"550\" \/>\n\t<meta property=\"og:image:type\" content=\"image\/jpeg\" \/>\n<meta name=\"author\" content=\"Adriana Rabelo\" \/>\n<meta name=\"twitter:card\" content=\"summary_large_image\" \/>\n<meta name=\"twitter:label1\" content=\"Escrito por\" \/>\n\t<meta name=\"twitter:data1\" content=\"Adriana Rabelo\" \/>\n\t<meta name=\"twitter:label2\" content=\"Est. tempo de leitura\" \/>\n\t<meta name=\"twitter:data2\" content=\"3 minutos\" \/>\n<script type=\"application\/ld+json\" class=\"yoast-schema-graph\">{\"@context\":\"https:\/\/schema.org\",\"@graph\":[{\"@type\":\"WebSite\",\"@id\":\"https:\/\/franciscanos.org.br\/conventosantoantonio\/#website\",\"url\":\"https:\/\/franciscanos.org.br\/conventosantoantonio\/\",\"name\":\"Convento Santo Ant\u00f4nio- Franciscanos\",\"description\":\"Prov\u00edncia Franciscana da Imaculada Concei\u00e7\u00e3o do Brasil - Ordem dos Frades Menores\",\"potentialAction\":[{\"@type\":\"SearchAction\",\"target\":{\"@type\":\"EntryPoint\",\"urlTemplate\":\"https:\/\/franciscanos.org.br\/conventosantoantonio\/?s={search_term_string}\"},\"query-input\":\"required name=search_term_string\"}],\"inLanguage\":\"pt-BR\"},{\"@type\":\"WebPage\",\"@id\":\"https:\/\/franciscanos.org.br\/conventosantoantonio\/8a-exposicao-franciscana-de-presepios-do-convento-santo-antonio\/\",\"url\":\"https:\/\/franciscanos.org.br\/conventosantoantonio\/8a-exposicao-franciscana-de-presepios-do-convento-santo-antonio\/\",\"name\":\"8\u00aa Exposi\u00e7\u00e3o Franciscana de Pres\u00e9pios do Convento Santo Ant\u00f4nio - Convento Santo Ant\u00f4nio- Franciscanos\",\"isPartOf\":{\"@id\":\"https:\/\/franciscanos.org.br\/conventosantoantonio\/#website\"},\"datePublished\":\"2024-11-18T14:56:04+00:00\",\"dateModified\":\"2024-11-18T14:56:04+00:00\",\"author\":{\"@id\":\"https:\/\/franciscanos.org.br\/conventosantoantonio\/#\/schema\/person\/9a980420618be29f098b094e6e8289e1\"},\"breadcrumb\":{\"@id\":\"https:\/\/franciscanos.org.br\/conventosantoantonio\/8a-exposicao-franciscana-de-presepios-do-convento-santo-antonio\/#breadcrumb\"},\"inLanguage\":\"pt-BR\",\"potentialAction\":[{\"@type\":\"ReadAction\",\"target\":[\"https:\/\/franciscanos.org.br\/conventosantoantonio\/8a-exposicao-franciscana-de-presepios-do-convento-santo-antonio\/\"]}]},{\"@type\":\"BreadcrumbList\",\"@id\":\"https:\/\/franciscanos.org.br\/conventosantoantonio\/8a-exposicao-franciscana-de-presepios-do-convento-santo-antonio\/#breadcrumb\",\"itemListElement\":[{\"@type\":\"ListItem\",\"position\":1,\"name\":\"Home\",\"item\":\"https:\/\/franciscanos.org.br\/conventosantoantonio\/\"},{\"@type\":\"ListItem\",\"position\":2,\"name\":\"8\u00aa Exposi\u00e7\u00e3o Franciscana de Pres\u00e9pios do Convento Santo Ant\u00f4nio\"}]},{\"@type\":\"Person\",\"@id\":\"https:\/\/franciscanos.org.br\/conventosantoantonio\/#\/schema\/person\/9a980420618be29f098b094e6e8289e1\",\"name\":\"Adriana Rabelo\",\"image\":{\"@type\":\"ImageObject\",\"inLanguage\":\"pt-BR\",\"@id\":\"https:\/\/franciscanos.org.br\/conventosantoantonio\/#\/schema\/person\/image\/\",\"url\":\"https:\/\/secure.gravatar.com\/avatar\/0a937b7500cd7df77540cfb8bede877d?s=96&d=mm&r=g\",\"contentUrl\":\"https:\/\/secure.gravatar.com\/avatar\/0a937b7500cd7df77540cfb8bede877d?s=96&d=mm&r=g\",\"caption\":\"Adriana Rabelo\"},\"url\":\"https:\/\/franciscanos.org.br\/conventosantoantonio\/author\/adrianarabelo\/\"}]}<\/script>\n<!-- \/ Yoast SEO plugin. -->","yoast_head_json":{"title":"8\u00aa Exposi\u00e7\u00e3o Franciscana de Pres\u00e9pios do Convento Santo Ant\u00f4nio - Convento Santo Ant\u00f4nio- Franciscanos","robots":{"index":"index","follow":"follow","max-snippet":"max-snippet:-1","max-image-preview":"max-image-preview:large","max-video-preview":"max-video-preview:-1"},"canonical":"https:\/\/franciscanos.org.br\/conventosantoantonio\/8a-exposicao-franciscana-de-presepios-do-convento-santo-antonio\/","og_locale":"pt_BR","og_type":"article","og_title":"8\u00aa Exposi\u00e7\u00e3o Franciscana de Pres\u00e9pios do Convento Santo Ant\u00f4nio - Convento Santo Ant\u00f4nio- Franciscanos","og_description":"Exposi\u00e7\u00e3o de Pres\u00e9pios","og_url":"https:\/\/franciscanos.org.br\/conventosantoantonio\/8a-exposicao-franciscana-de-presepios-do-convento-santo-antonio\/","og_site_name":"Convento Santo Ant\u00f4nio- Franciscanos","article_published_time":"2024-11-18T14:56:04+00:00","og_image":[{"width":800,"height":550,"url":"https:\/\/franciscanos.org.br\/conventosantoantonio\/wp-content\/uploads\/2024\/11\/CHAMADA-PRESEPIO.jpg","type":"image\/jpeg"}],"author":"Adriana Rabelo","twitter_card":"summary_large_image","twitter_misc":{"Escrito por":"Adriana Rabelo","Est. tempo de leitura":"3 minutos"},"schema":{"@context":"https:\/\/schema.org","@graph":[{"@type":"WebSite","@id":"https:\/\/franciscanos.org.br\/conventosantoantonio\/#website","url":"https:\/\/franciscanos.org.br\/conventosantoantonio\/","name":"Convento Santo Ant\u00f4nio- Franciscanos","description":"Prov\u00edncia Franciscana da Imaculada Concei\u00e7\u00e3o do Brasil - Ordem dos Frades Menores","potentialAction":[{"@type":"SearchAction","target":{"@type":"EntryPoint","urlTemplate":"https:\/\/franciscanos.org.br\/conventosantoantonio\/?s={search_term_string}"},"query-input":"required name=search_term_string"}],"inLanguage":"pt-BR"},{"@type":"WebPage","@id":"https:\/\/franciscanos.org.br\/conventosantoantonio\/8a-exposicao-franciscana-de-presepios-do-convento-santo-antonio\/","url":"https:\/\/franciscanos.org.br\/conventosantoantonio\/8a-exposicao-franciscana-de-presepios-do-convento-santo-antonio\/","name":"8\u00aa Exposi\u00e7\u00e3o Franciscana de Pres\u00e9pios do Convento Santo Ant\u00f4nio - Convento Santo Ant\u00f4nio- Franciscanos","isPartOf":{"@id":"https:\/\/franciscanos.org.br\/conventosantoantonio\/#website"},"datePublished":"2024-11-18T14:56:04+00:00","dateModified":"2024-11-18T14:56:04+00:00","author":{"@id":"https:\/\/franciscanos.org.br\/conventosantoantonio\/#\/schema\/person\/9a980420618be29f098b094e6e8289e1"},"breadcrumb":{"@id":"https:\/\/franciscanos.org.br\/conventosantoantonio\/8a-exposicao-franciscana-de-presepios-do-convento-santo-antonio\/#breadcrumb"},"inLanguage":"pt-BR","potentialAction":[{"@type":"ReadAction","target":["https:\/\/franciscanos.org.br\/conventosantoantonio\/8a-exposicao-franciscana-de-presepios-do-convento-santo-antonio\/"]}]},{"@type":"BreadcrumbList","@id":"https:\/\/franciscanos.org.br\/conventosantoantonio\/8a-exposicao-franciscana-de-presepios-do-convento-santo-antonio\/#breadcrumb","itemListElement":[{"@type":"ListItem","position":1,"name":"Home","item":"https:\/\/franciscanos.org.br\/conventosantoantonio\/"},{"@type":"ListItem","position":2,"name":"8\u00aa Exposi\u00e7\u00e3o Franciscana de Pres\u00e9pios do Convento Santo Ant\u00f4nio"}]},{"@type":"Person","@id":"https:\/\/franciscanos.org.br\/conventosantoantonio\/#\/schema\/person\/9a980420618be29f098b094e6e8289e1","name":"Adriana Rabelo","image":{"@type":"ImageObject","inLanguage":"pt-BR","@id":"https:\/\/franciscanos.org.br\/conventosantoantonio\/#\/schema\/person\/image\/","url":"https:\/\/secure.gravatar.com\/avatar\/0a937b7500cd7df77540cfb8bede877d?s=96&d=mm&r=g","contentUrl":"https:\/\/secure.gravatar.com\/avatar\/0a937b7500cd7df77540cfb8bede877d?s=96&d=mm&r=g","caption":"Adriana Rabelo"},"url":"https:\/\/franciscanos.org.br\/conventosantoantonio\/author\/adrianarabelo\/"}]}},"_links":{"self":[{"href":"https:\/\/franciscanos.org.br\/conventosantoantonio\/wp-json\/wp\/v2\/posts\/189573"}],"collection":[{"href":"https:\/\/franciscanos.org.br\/conventosantoantonio\/wp-json\/wp\/v2\/posts"}],"about":[{"href":"https:\/\/franciscanos.org.br\/conventosantoantonio\/wp-json\/wp\/v2\/types\/post"}],"author":[{"embeddable":true,"href":"https:\/\/franciscanos.org.br\/conventosantoantonio\/wp-json\/wp\/v2\/users\/12"}],"replies":[{"embeddable":true,"href":"https:\/\/franciscanos.org.br\/conventosantoantonio\/wp-json\/wp\/v2\/comments?post=189573"}],"version-history":[{"count":1,"href":"https:\/\/franciscanos.org.br\/conventosantoantonio\/wp-json\/wp\/v2\/posts\/189573\/revisions"}],"predecessor-version":[{"id":189576,"href":"https:\/\/franciscanos.org.br\/conventosantoantonio\/wp-json\/wp\/v2\/posts\/189573\/revisions\/189576"}],"wp:featuredmedia":[{"embeddable":true,"href":"https:\/\/franciscanos.org.br\/conventosantoantonio\/wp-json\/wp\/v2\/media\/189575"}],"wp:attachment":[{"href":"https:\/\/franciscanos.org.br\/conventosantoantonio\/wp-json\/wp\/v2\/media?parent=189573"}],"wp:term":[{"taxonomy":"category","embeddable":true,"href":"https:\/\/franciscanos.org.br\/conventosantoantonio\/wp-json\/wp\/v2\/categories?post=189573"},{"taxonomy":"post_tag","embeddable":true,"href":"https:\/\/franciscanos.org.br\/conventosantoantonio\/wp-json\/wp\/v2\/tags?post=189573"}],"curies":[{"name":"wp","href":"https:\/\/api.w.org\/{rel}","templated":true}]}}