{"id":189470,"date":"2024-09-30T15:38:48","date_gmt":"2024-09-30T18:38:48","guid":{"rendered":"https:\/\/franciscanos.org.br\/conventosantoantonio\/?p=189470"},"modified":"2024-09-30T16:12:05","modified_gmt":"2024-09-30T19:12:05","slug":"familia-franciscana-realiza-ii-caminhada-ao-cristo-redentor","status":"publish","type":"post","link":"https:\/\/franciscanos.org.br\/conventosantoantonio\/familia-franciscana-realiza-ii-caminhada-ao-cristo-redentor\/","title":{"rendered":"Fam\u00edlia Franciscana realiza II Caminhada ao Cristo Redentor"},"content":{"rendered":"<p><img loading=\"lazy\" class=\"aligncenter wp-image-189471 size-full\" src=\"https:\/\/franciscanos.org.br\/conventosantoantonio\/wp-content\/uploads\/2024\/09\/MATERIA.jpg\" alt=\"\" width=\"1280\" height=\"720\" srcset=\"https:\/\/franciscanos.org.br\/conventosantoantonio\/wp-content\/uploads\/2024\/09\/MATERIA.jpg 1280w, https:\/\/franciscanos.org.br\/conventosantoantonio\/wp-content\/uploads\/2024\/09\/MATERIA-450x253.jpg 450w, https:\/\/franciscanos.org.br\/conventosantoantonio\/wp-content\/uploads\/2024\/09\/MATERIA-1024x576.jpg 1024w, https:\/\/franciscanos.org.br\/conventosantoantonio\/wp-content\/uploads\/2024\/09\/MATERIA-768x432.jpg 768w, https:\/\/franciscanos.org.br\/conventosantoantonio\/wp-content\/uploads\/2024\/09\/MATERIA-150x84.jpg 150w\" sizes=\"(max-width: 1280px) 100vw, 1280px\" \/><\/p>\n<p>Pelo segundo ano consecutivo, no \u00faltimo s\u00e1bado de setembro (28), a Fam\u00edlia Franciscana do Rio de Janeiro (RJ) se reuniu para a segunda edi\u00e7\u00e3o da Caminhada Franciscana do Cristo Redentor. \u00a0Cento e cinquenta franciscanos e franciscanas, entre frades, irm\u00e3s religiosas, irm\u00e3s e irm\u00e3os da Ordem Franciscana Secular e paroquianos de par\u00f3quias franciscanas, dentre os quais muitos jovens e crian\u00e7as, sa\u00edram, \u00e0s 6h30, do Centro de Conven\u00e7\u00f5es das Paineiras, e seguiram rumo ao Cristo Redentor.<\/p>\n<p>O grupo era composto por representantes das cidades de Duque de Caxias, Petr\u00f3polis e S\u00e3o Gon\u00e7alo. Da capital, participaram irm\u00e3os e irm\u00e3s da Tijuca, do Rio Comprido, da Rocinha e do Centro da cidade.<\/p>\n<p>Foram tr\u00eas quil\u00f4metros de caminhada em fraternidade, marcados pela contempla\u00e7\u00e3o da natureza e pela trilha sonora composta por can\u00e7\u00f5es franciscanas. Como gesto concreto de cuidado com a Casa Comum, os caminhantes foram recolhendo o lixo que, infelizmente, alguns visitantes deixam pelo caminho, especialmente garrafas de pl\u00e1stico e pacotes de alimentos.<\/p>\n\n\t\t<style type=\"text\/css\">\n\t\t\t#gallery-1 {\n\t\t\t\tmargin: auto;\n\t\t\t}\n\t\t\t#gallery-1 .gallery-item {\n\t\t\t\tfloat: left;\n\t\t\t\tmargin-top: 10px;\n\t\t\t\ttext-align: center;\n\t\t\t\twidth: 25%;\n\t\t\t}\n\t\t\t#gallery-1 img {\n\t\t\t\tborder: 2px solid #cfcfcf;\n\t\t\t}\n\t\t\t#gallery-1 .gallery-caption {\n\t\t\t\tmargin-left: 0;\n\t\t\t}\n\t\t\t\/* see gallery_shortcode() in wp-includes\/media.php *\/\n\t\t<\/style>\n\t\t<div id='gallery-1' class='gallery galleryid-189470 gallery-columns-4 gallery-size-thumbnail'><dl class='gallery-item'>\n\t\t\t<dt class='gallery-icon landscape'>\n\t\t\t\t<a href='https:\/\/franciscanos.org.br\/conventosantoantonio\/wp-content\/uploads\/2024\/09\/284A2389-scaled.jpg'><img width=\"300\" height=\"300\" src=\"https:\/\/franciscanos.org.br\/conventosantoantonio\/wp-content\/uploads\/2024\/09\/284A2389-300x300.jpg\" class=\"attachment-thumbnail size-thumbnail\" alt=\"\" loading=\"lazy\" srcset=\"https:\/\/franciscanos.org.br\/conventosantoantonio\/wp-content\/uploads\/2024\/09\/284A2389-300x300.jpg 300w, https:\/\/franciscanos.org.br\/conventosantoantonio\/wp-content\/uploads\/2024\/09\/284A2389-400x400.jpg 400w\" sizes=\"(max-width: 300px) 100vw, 300px\" \/><\/a>\n\t\t\t<\/dt><\/dl><dl class='gallery-item'>\n\t\t\t<dt class='gallery-icon landscape'>\n\t\t\t\t<a href='https:\/\/franciscanos.org.br\/conventosantoantonio\/wp-content\/uploads\/2024\/09\/284A2381-scaled.jpg'><img width=\"300\" height=\"300\" src=\"https:\/\/franciscanos.org.br\/conventosantoantonio\/wp-content\/uploads\/2024\/09\/284A2381-300x300.jpg\" class=\"attachment-thumbnail size-thumbnail\" alt=\"\" loading=\"lazy\" srcset=\"https:\/\/franciscanos.org.br\/conventosantoantonio\/wp-content\/uploads\/2024\/09\/284A2381-300x300.jpg 300w, https:\/\/franciscanos.org.br\/conventosantoantonio\/wp-content\/uploads\/2024\/09\/284A2381-400x400.jpg 400w\" sizes=\"(max-width: 300px) 100vw, 300px\" \/><\/a>\n\t\t\t<\/dt><\/dl><dl class='gallery-item'>\n\t\t\t<dt class='gallery-icon landscape'>\n\t\t\t\t<a href='https:\/\/franciscanos.org.br\/conventosantoantonio\/wp-content\/uploads\/2024\/09\/284A2500-scaled.jpg'><img width=\"300\" height=\"300\" src=\"https:\/\/franciscanos.org.br\/conventosantoantonio\/wp-content\/uploads\/2024\/09\/284A2500-300x300.jpg\" class=\"attachment-thumbnail size-thumbnail\" alt=\"\" loading=\"lazy\" srcset=\"https:\/\/franciscanos.org.br\/conventosantoantonio\/wp-content\/uploads\/2024\/09\/284A2500-300x300.jpg 300w, https:\/\/franciscanos.org.br\/conventosantoantonio\/wp-content\/uploads\/2024\/09\/284A2500-400x400.jpg 400w\" sizes=\"(max-width: 300px) 100vw, 300px\" \/><\/a>\n\t\t\t<\/dt><\/dl><dl class='gallery-item'>\n\t\t\t<dt class='gallery-icon landscape'>\n\t\t\t\t<a href='https:\/\/franciscanos.org.br\/conventosantoantonio\/wp-content\/uploads\/2024\/09\/284A2503-2-scaled.jpg'><img width=\"300\" height=\"300\" src=\"https:\/\/franciscanos.org.br\/conventosantoantonio\/wp-content\/uploads\/2024\/09\/284A2503-2-300x300.jpg\" class=\"attachment-thumbnail size-thumbnail\" alt=\"\" loading=\"lazy\" srcset=\"https:\/\/franciscanos.org.br\/conventosantoantonio\/wp-content\/uploads\/2024\/09\/284A2503-2-300x300.jpg 300w, https:\/\/franciscanos.org.br\/conventosantoantonio\/wp-content\/uploads\/2024\/09\/284A2503-2-400x400.jpg 400w\" sizes=\"(max-width: 300px) 100vw, 300px\" \/><\/a>\n\t\t\t<\/dt><\/dl><br style=\"clear: both\" \/>\n\t\t<\/div>\n\n<p>No caminho, os participantes se revezaram na condu\u00e7\u00e3o de uma Imagem de S\u00e3o Francisco que, ao final do trajeto, ap\u00f3s o momento celebrativo, foi entregue ao Santu\u00e1rio do Cristo Redentor para servir \u00e0 venera\u00e7\u00e3o dos fi\u00e9is e turistas que visitam a Capela de Adora\u00e7\u00e3o <em>Laudato si\u2019<\/em>, espa\u00e7o de ora\u00e7\u00e3o e tamb\u00e9m de conscientiza\u00e7\u00e3o sobre o Cuidado com a Natureza recentemente inaugurado junto ao Cristo Redentor. No momento da entroniza\u00e7\u00e3o da imagem, foi rezada a Ora\u00e7\u00e3o para o Tempo da Cria\u00e7\u00e3o deste ano de 2024, que pede a Deus, cuja Bondade se torna vis\u00edvel na beleza da Cria\u00e7\u00e3o, que conceda ao ser humano a capacidade de se relacionar de maneira mais respeitosa com seus semelhantes e com a natureza: \u201cConcedei-nos uma nova vis\u00e3o do nosso relacionamento com a Terra e uns com os outros, como criaturas feitas \u00e0 vossa imagem\u201d. S\u00e3o Francisco \u00e9 considerado pela Igreja como Padroeiro da Ecologia.<\/p>\n\n\t\t<style type=\"text\/css\">\n\t\t\t#gallery-2 {\n\t\t\t\tmargin: auto;\n\t\t\t}\n\t\t\t#gallery-2 .gallery-item {\n\t\t\t\tfloat: left;\n\t\t\t\tmargin-top: 10px;\n\t\t\t\ttext-align: center;\n\t\t\t\twidth: 25%;\n\t\t\t}\n\t\t\t#gallery-2 img {\n\t\t\t\tborder: 2px solid #cfcfcf;\n\t\t\t}\n\t\t\t#gallery-2 .gallery-caption {\n\t\t\t\tmargin-left: 0;\n\t\t\t}\n\t\t\t\/* see gallery_shortcode() in wp-includes\/media.php *\/\n\t\t<\/style>\n\t\t<div id='gallery-2' class='gallery galleryid-189470 gallery-columns-4 gallery-size-thumbnail'><dl class='gallery-item'>\n\t\t\t<dt class='gallery-icon landscape'>\n\t\t\t\t<a href='https:\/\/franciscanos.org.br\/conventosantoantonio\/wp-content\/uploads\/2024\/09\/284A2775-scaled.jpg'><img width=\"300\" height=\"300\" src=\"https:\/\/franciscanos.org.br\/conventosantoantonio\/wp-content\/uploads\/2024\/09\/284A2775-300x300.jpg\" class=\"attachment-thumbnail size-thumbnail\" alt=\"\" loading=\"lazy\" srcset=\"https:\/\/franciscanos.org.br\/conventosantoantonio\/wp-content\/uploads\/2024\/09\/284A2775-300x300.jpg 300w, https:\/\/franciscanos.org.br\/conventosantoantonio\/wp-content\/uploads\/2024\/09\/284A2775-400x400.jpg 400w\" sizes=\"(max-width: 300px) 100vw, 300px\" \/><\/a>\n\t\t\t<\/dt><\/dl><dl class='gallery-item'>\n\t\t\t<dt class='gallery-icon landscape'>\n\t\t\t\t<a href='https:\/\/franciscanos.org.br\/conventosantoantonio\/wp-content\/uploads\/2024\/09\/284A2783-scaled.jpg'><img width=\"300\" height=\"300\" src=\"https:\/\/franciscanos.org.br\/conventosantoantonio\/wp-content\/uploads\/2024\/09\/284A2783-300x300.jpg\" class=\"attachment-thumbnail size-thumbnail\" alt=\"\" loading=\"lazy\" srcset=\"https:\/\/franciscanos.org.br\/conventosantoantonio\/wp-content\/uploads\/2024\/09\/284A2783-300x300.jpg 300w, https:\/\/franciscanos.org.br\/conventosantoantonio\/wp-content\/uploads\/2024\/09\/284A2783-400x400.jpg 400w\" sizes=\"(max-width: 300px) 100vw, 300px\" \/><\/a>\n\t\t\t<\/dt><\/dl><dl class='gallery-item'>\n\t\t\t<dt class='gallery-icon landscape'>\n\t\t\t\t<a href='https:\/\/franciscanos.org.br\/conventosantoantonio\/wp-content\/uploads\/2024\/09\/284A2962-scaled.jpg'><img width=\"300\" height=\"300\" src=\"https:\/\/franciscanos.org.br\/conventosantoantonio\/wp-content\/uploads\/2024\/09\/284A2962-300x300.jpg\" class=\"attachment-thumbnail size-thumbnail\" alt=\"\" loading=\"lazy\" srcset=\"https:\/\/franciscanos.org.br\/conventosantoantonio\/wp-content\/uploads\/2024\/09\/284A2962-300x300.jpg 300w, https:\/\/franciscanos.org.br\/conventosantoantonio\/wp-content\/uploads\/2024\/09\/284A2962-400x400.jpg 400w\" sizes=\"(max-width: 300px) 100vw, 300px\" \/><\/a>\n\t\t\t<\/dt><\/dl><dl class='gallery-item'>\n\t\t\t<dt class='gallery-icon landscape'>\n\t\t\t\t<a href='https:\/\/franciscanos.org.br\/conventosantoantonio\/wp-content\/uploads\/2024\/09\/284A2630-scaled.jpg'><img width=\"300\" height=\"300\" src=\"https:\/\/franciscanos.org.br\/conventosantoantonio\/wp-content\/uploads\/2024\/09\/284A2630-300x300.jpg\" class=\"attachment-thumbnail size-thumbnail\" alt=\"\" loading=\"lazy\" srcset=\"https:\/\/franciscanos.org.br\/conventosantoantonio\/wp-content\/uploads\/2024\/09\/284A2630-300x300.jpg 300w, https:\/\/franciscanos.org.br\/conventosantoantonio\/wp-content\/uploads\/2024\/09\/284A2630-400x400.jpg 400w\" sizes=\"(max-width: 300px) 100vw, 300px\" \/><\/a>\n\t\t\t<\/dt><\/dl><br style=\"clear: both\" \/>\n\t\t<\/div>\n\n<p>Na acolhida dos peregrinos Franciscanos, estavam o Reitor do Santu\u00e1rio, Padre Omar Raposo, acompanhado pelo Padre Cristiano Holz, tamb\u00e9m da equipe de pastoral do Cristo Redentor. Ao desejar as boas-vindas aos participantes, Padre Omar destacou a profecia do gesto dos peregrinos que, como sinal da import\u00e2ncia do cuidado com o meio ambiente, recolheram todos os lixos e detritos que encontraram pelo caminho. Este material foi disposto numa caixa e apresentado no momento de \u201cCelebra\u00e7\u00e3o Ecol\u00f3gica aos p\u00e9s do Cristo Redentor\u201d. Conduzida por Frei Felipe Carretta, do Convento Santo Ant\u00f4nio, e com a participa\u00e7\u00e3o dos padres do Santu\u00e1rio, de outros frades e irm\u00e3s, foi um momento de louvor e gratid\u00e3o a Deus e tamb\u00e9m um alerta para a urg\u00eancia do cuidado de todos com o Meio Ambiente.<\/p>\n<p>Entre os participantes, o sentimento predominante foi o de alegria e satisfa\u00e7\u00e3o. Em clima de Fraternidade e imensa gratid\u00e3o, ao final da Caminhada, todos se reuniram para a tradicional foto aos p\u00e9s do Cristo Redentor. E foi nesta hora que a \u201cIrm\u00e3 Chuva\u201d, prevista para a manh\u00e3 de s\u00e1bado, deu o \u201car da gra\u00e7a\u201d, aben\u00e7oando a todos os participantes desta II Caminhada Franciscana do Cristo Redentor.<\/p>\n<hr \/>\n<p><em>Comunica\u00e7\u00e3o Convento de Santo Ant\u00f4nio do Largo da Carioca<\/em><\/p>\n<p><em>Fotos: Guilherme Silva\/ Equipe de Comunica\u00e7\u00e3o do Santu\u00e1rio Cristo Redentor<\/em><\/p>\n\n\t\t<style type=\"text\/css\">\n\t\t\t#gallery-3 {\n\t\t\t\tmargin: auto;\n\t\t\t}\n\t\t\t#gallery-3 .gallery-item {\n\t\t\t\tfloat: left;\n\t\t\t\tmargin-top: 10px;\n\t\t\t\ttext-align: center;\n\t\t\t\twidth: 25%;\n\t\t\t}\n\t\t\t#gallery-3 img {\n\t\t\t\tborder: 2px solid #cfcfcf;\n\t\t\t}\n\t\t\t#gallery-3 .gallery-caption {\n\t\t\t\tmargin-left: 0;\n\t\t\t}\n\t\t\t\/* see gallery_shortcode() in wp-includes\/media.php *\/\n\t\t<\/style>\n\t\t<div id='gallery-3' class='gallery galleryid-189470 gallery-columns-4 gallery-size-medium'><dl class='gallery-item'>\n\t\t\t<dt class='gallery-icon portrait'>\n\t\t\t\t<a href='https:\/\/franciscanos.org.br\/conventosantoantonio\/wp-content\/uploads\/2024\/09\/284A3026-scaled.jpg'><img width=\"300\" height=\"450\" src=\"https:\/\/franciscanos.org.br\/conventosantoantonio\/wp-content\/uploads\/2024\/09\/284A3026-300x450.jpg\" class=\"attachment-medium size-medium\" alt=\"\" loading=\"lazy\" srcset=\"https:\/\/franciscanos.org.br\/conventosantoantonio\/wp-content\/uploads\/2024\/09\/284A3026-300x450.jpg 300w, https:\/\/franciscanos.org.br\/conventosantoantonio\/wp-content\/uploads\/2024\/09\/284A3026-683x1024.jpg 683w, https:\/\/franciscanos.org.br\/conventosantoantonio\/wp-content\/uploads\/2024\/09\/284A3026-768x1152.jpg 768w, https:\/\/franciscanos.org.br\/conventosantoantonio\/wp-content\/uploads\/2024\/09\/284A3026-1024x1536.jpg 1024w, https:\/\/franciscanos.org.br\/conventosantoantonio\/wp-content\/uploads\/2024\/09\/284A3026-1365x2048.jpg 1365w, https:\/\/franciscanos.org.br\/conventosantoantonio\/wp-content\/uploads\/2024\/09\/284A3026-150x225.jpg 150w, https:\/\/franciscanos.org.br\/conventosantoantonio\/wp-content\/uploads\/2024\/09\/284A3026-scaled.jpg 1707w\" sizes=\"(max-width: 300px) 100vw, 300px\" \/><\/a>\n\t\t\t<\/dt><\/dl><dl class='gallery-item'>\n\t\t\t<dt class='gallery-icon portrait'>\n\t\t\t\t<a href='https:\/\/franciscanos.org.br\/conventosantoantonio\/wp-content\/uploads\/2024\/09\/284A2375-scaled.jpg'><img width=\"300\" height=\"450\" src=\"https:\/\/franciscanos.org.br\/conventosantoantonio\/wp-content\/uploads\/2024\/09\/284A2375-300x450.jpg\" class=\"attachment-medium size-medium\" alt=\"\" loading=\"lazy\" srcset=\"https:\/\/franciscanos.org.br\/conventosantoantonio\/wp-content\/uploads\/2024\/09\/284A2375-300x450.jpg 300w, https:\/\/franciscanos.org.br\/conventosantoantonio\/wp-content\/uploads\/2024\/09\/284A2375-683x1024.jpg 683w, https:\/\/franciscanos.org.br\/conventosantoantonio\/wp-content\/uploads\/2024\/09\/284A2375-768x1152.jpg 768w, https:\/\/franciscanos.org.br\/conventosantoantonio\/wp-content\/uploads\/2024\/09\/284A2375-1024x1536.jpg 1024w, https:\/\/franciscanos.org.br\/conventosantoantonio\/wp-content\/uploads\/2024\/09\/284A2375-1365x2048.jpg 1365w, https:\/\/franciscanos.org.br\/conventosantoantonio\/wp-content\/uploads\/2024\/09\/284A2375-150x225.jpg 150w, https:\/\/franciscanos.org.br\/conventosantoantonio\/wp-content\/uploads\/2024\/09\/284A2375-scaled.jpg 1707w\" sizes=\"(max-width: 300px) 100vw, 300px\" \/><\/a>\n\t\t\t<\/dt><\/dl><dl class='gallery-item'>\n\t\t\t<dt class='gallery-icon portrait'>\n\t\t\t\t<a href='https:\/\/franciscanos.org.br\/conventosantoantonio\/wp-content\/uploads\/2024\/09\/284A2441-scaled.jpg'><img width=\"300\" height=\"450\" src=\"https:\/\/franciscanos.org.br\/conventosantoantonio\/wp-content\/uploads\/2024\/09\/284A2441-300x450.jpg\" class=\"attachment-medium size-medium\" alt=\"\" loading=\"lazy\" srcset=\"https:\/\/franciscanos.org.br\/conventosantoantonio\/wp-content\/uploads\/2024\/09\/284A2441-300x450.jpg 300w, https:\/\/franciscanos.org.br\/conventosantoantonio\/wp-content\/uploads\/2024\/09\/284A2441-683x1024.jpg 683w, https:\/\/franciscanos.org.br\/conventosantoantonio\/wp-content\/uploads\/2024\/09\/284A2441-768x1152.jpg 768w, https:\/\/franciscanos.org.br\/conventosantoantonio\/wp-content\/uploads\/2024\/09\/284A2441-1024x1536.jpg 1024w, https:\/\/franciscanos.org.br\/conventosantoantonio\/wp-content\/uploads\/2024\/09\/284A2441-1365x2048.jpg 1365w, https:\/\/franciscanos.org.br\/conventosantoantonio\/wp-content\/uploads\/2024\/09\/284A2441-150x225.jpg 150w, https:\/\/franciscanos.org.br\/conventosantoantonio\/wp-content\/uploads\/2024\/09\/284A2441-scaled.jpg 1707w\" sizes=\"(max-width: 300px) 100vw, 300px\" \/><\/a>\n\t\t\t<\/dt><\/dl><dl class='gallery-item'>\n\t\t\t<dt class='gallery-icon portrait'>\n\t\t\t\t<a href='https:\/\/franciscanos.org.br\/conventosantoantonio\/wp-content\/uploads\/2024\/09\/284A2448-scaled.jpg'><img width=\"300\" height=\"450\" src=\"https:\/\/franciscanos.org.br\/conventosantoantonio\/wp-content\/uploads\/2024\/09\/284A2448-300x450.jpg\" class=\"attachment-medium size-medium\" alt=\"\" loading=\"lazy\" srcset=\"https:\/\/franciscanos.org.br\/conventosantoantonio\/wp-content\/uploads\/2024\/09\/284A2448-300x450.jpg 300w, https:\/\/franciscanos.org.br\/conventosantoantonio\/wp-content\/uploads\/2024\/09\/284A2448-683x1024.jpg 683w, https:\/\/franciscanos.org.br\/conventosantoantonio\/wp-content\/uploads\/2024\/09\/284A2448-768x1152.jpg 768w, https:\/\/franciscanos.org.br\/conventosantoantonio\/wp-content\/uploads\/2024\/09\/284A2448-1024x1536.jpg 1024w, https:\/\/franciscanos.org.br\/conventosantoantonio\/wp-content\/uploads\/2024\/09\/284A2448-1365x2048.jpg 1365w, https:\/\/franciscanos.org.br\/conventosantoantonio\/wp-content\/uploads\/2024\/09\/284A2448-150x225.jpg 150w, https:\/\/franciscanos.org.br\/conventosantoantonio\/wp-content\/uploads\/2024\/09\/284A2448-scaled.jpg 1707w\" sizes=\"(max-width: 300px) 100vw, 300px\" \/><\/a>\n\t\t\t<\/dt><\/dl><br style=\"clear: both\" \/><dl class='gallery-item'>\n\t\t\t<dt class='gallery-icon portrait'>\n\t\t\t\t<a href='https:\/\/franciscanos.org.br\/conventosantoantonio\/wp-content\/uploads\/2024\/09\/284A2494-scaled.jpg'><img width=\"300\" height=\"450\" src=\"https:\/\/franciscanos.org.br\/conventosantoantonio\/wp-content\/uploads\/2024\/09\/284A2494-300x450.jpg\" class=\"attachment-medium size-medium\" alt=\"\" loading=\"lazy\" srcset=\"https:\/\/franciscanos.org.br\/conventosantoantonio\/wp-content\/uploads\/2024\/09\/284A2494-300x450.jpg 300w, https:\/\/franciscanos.org.br\/conventosantoantonio\/wp-content\/uploads\/2024\/09\/284A2494-683x1024.jpg 683w, https:\/\/franciscanos.org.br\/conventosantoantonio\/wp-content\/uploads\/2024\/09\/284A2494-768x1152.jpg 768w, https:\/\/franciscanos.org.br\/conventosantoantonio\/wp-content\/uploads\/2024\/09\/284A2494-1024x1536.jpg 1024w, https:\/\/franciscanos.org.br\/conventosantoantonio\/wp-content\/uploads\/2024\/09\/284A2494-1365x2048.jpg 1365w, https:\/\/franciscanos.org.br\/conventosantoantonio\/wp-content\/uploads\/2024\/09\/284A2494-150x225.jpg 150w, https:\/\/franciscanos.org.br\/conventosantoantonio\/wp-content\/uploads\/2024\/09\/284A2494-scaled.jpg 1706w\" sizes=\"(max-width: 300px) 100vw, 300px\" \/><\/a>\n\t\t\t<\/dt><\/dl><dl class='gallery-item'>\n\t\t\t<dt class='gallery-icon portrait'>\n\t\t\t\t<a href='https:\/\/franciscanos.org.br\/conventosantoantonio\/wp-content\/uploads\/2024\/09\/284A2512-scaled.jpg'><img width=\"300\" height=\"450\" src=\"https:\/\/franciscanos.org.br\/conventosantoantonio\/wp-content\/uploads\/2024\/09\/284A2512-300x450.jpg\" class=\"attachment-medium size-medium\" alt=\"\" loading=\"lazy\" srcset=\"https:\/\/franciscanos.org.br\/conventosantoantonio\/wp-content\/uploads\/2024\/09\/284A2512-300x450.jpg 300w, https:\/\/franciscanos.org.br\/conventosantoantonio\/wp-content\/uploads\/2024\/09\/284A2512-683x1024.jpg 683w, https:\/\/franciscanos.org.br\/conventosantoantonio\/wp-content\/uploads\/2024\/09\/284A2512-768x1152.jpg 768w, https:\/\/franciscanos.org.br\/conventosantoantonio\/wp-content\/uploads\/2024\/09\/284A2512-1024x1536.jpg 1024w, https:\/\/franciscanos.org.br\/conventosantoantonio\/wp-content\/uploads\/2024\/09\/284A2512-1365x2048.jpg 1365w, https:\/\/franciscanos.org.br\/conventosantoantonio\/wp-content\/uploads\/2024\/09\/284A2512-150x225.jpg 150w, https:\/\/franciscanos.org.br\/conventosantoantonio\/wp-content\/uploads\/2024\/09\/284A2512-scaled.jpg 1706w\" sizes=\"(max-width: 300px) 100vw, 300px\" \/><\/a>\n\t\t\t<\/dt><\/dl><dl class='gallery-item'>\n\t\t\t<dt class='gallery-icon portrait'>\n\t\t\t\t<a href='https:\/\/franciscanos.org.br\/conventosantoantonio\/wp-content\/uploads\/2024\/09\/284A2526-scaled.jpg'><img width=\"300\" height=\"450\" src=\"https:\/\/franciscanos.org.br\/conventosantoantonio\/wp-content\/uploads\/2024\/09\/284A2526-300x450.jpg\" class=\"attachment-medium size-medium\" alt=\"\" loading=\"lazy\" srcset=\"https:\/\/franciscanos.org.br\/conventosantoantonio\/wp-content\/uploads\/2024\/09\/284A2526-300x450.jpg 300w, https:\/\/franciscanos.org.br\/conventosantoantonio\/wp-content\/uploads\/2024\/09\/284A2526-683x1024.jpg 683w, https:\/\/franciscanos.org.br\/conventosantoantonio\/wp-content\/uploads\/2024\/09\/284A2526-768x1152.jpg 768w, https:\/\/franciscanos.org.br\/conventosantoantonio\/wp-content\/uploads\/2024\/09\/284A2526-1024x1536.jpg 1024w, https:\/\/franciscanos.org.br\/conventosantoantonio\/wp-content\/uploads\/2024\/09\/284A2526-1365x2048.jpg 1365w, https:\/\/franciscanos.org.br\/conventosantoantonio\/wp-content\/uploads\/2024\/09\/284A2526-150x225.jpg 150w, https:\/\/franciscanos.org.br\/conventosantoantonio\/wp-content\/uploads\/2024\/09\/284A2526-scaled.jpg 1707w\" sizes=\"(max-width: 300px) 100vw, 300px\" \/><\/a>\n\t\t\t<\/dt><\/dl><dl class='gallery-item'>\n\t\t\t<dt class='gallery-icon portrait'>\n\t\t\t\t<a href='https:\/\/franciscanos.org.br\/conventosantoantonio\/wp-content\/uploads\/2024\/09\/284A2505-2-scaled.jpg'><img width=\"300\" height=\"450\" src=\"https:\/\/franciscanos.org.br\/conventosantoantonio\/wp-content\/uploads\/2024\/09\/284A2505-2-300x450.jpg\" class=\"attachment-medium size-medium\" alt=\"\" loading=\"lazy\" srcset=\"https:\/\/franciscanos.org.br\/conventosantoantonio\/wp-content\/uploads\/2024\/09\/284A2505-2-300x450.jpg 300w, https:\/\/franciscanos.org.br\/conventosantoantonio\/wp-content\/uploads\/2024\/09\/284A2505-2-683x1024.jpg 683w, https:\/\/franciscanos.org.br\/conventosantoantonio\/wp-content\/uploads\/2024\/09\/284A2505-2-768x1152.jpg 768w, https:\/\/franciscanos.org.br\/conventosantoantonio\/wp-content\/uploads\/2024\/09\/284A2505-2-1024x1536.jpg 1024w, https:\/\/franciscanos.org.br\/conventosantoantonio\/wp-content\/uploads\/2024\/09\/284A2505-2-1365x2048.jpg 1365w, https:\/\/franciscanos.org.br\/conventosantoantonio\/wp-content\/uploads\/2024\/09\/284A2505-2-150x225.jpg 150w, https:\/\/franciscanos.org.br\/conventosantoantonio\/wp-content\/uploads\/2024\/09\/284A2505-2-scaled.jpg 1707w\" sizes=\"(max-width: 300px) 100vw, 300px\" \/><\/a>\n\t\t\t<\/dt><\/dl><br style=\"clear: both\" \/><dl class='gallery-item'>\n\t\t\t<dt class='gallery-icon portrait'>\n\t\t\t\t<a href='https:\/\/franciscanos.org.br\/conventosantoantonio\/wp-content\/uploads\/2024\/09\/284A2526-1-scaled.jpg'><img width=\"300\" height=\"450\" src=\"https:\/\/franciscanos.org.br\/conventosantoantonio\/wp-content\/uploads\/2024\/09\/284A2526-1-300x450.jpg\" class=\"attachment-medium size-medium\" alt=\"\" loading=\"lazy\" srcset=\"https:\/\/franciscanos.org.br\/conventosantoantonio\/wp-content\/uploads\/2024\/09\/284A2526-1-300x450.jpg 300w, https:\/\/franciscanos.org.br\/conventosantoantonio\/wp-content\/uploads\/2024\/09\/284A2526-1-683x1024.jpg 683w, https:\/\/franciscanos.org.br\/conventosantoantonio\/wp-content\/uploads\/2024\/09\/284A2526-1-768x1152.jpg 768w, https:\/\/franciscanos.org.br\/conventosantoantonio\/wp-content\/uploads\/2024\/09\/284A2526-1-1024x1536.jpg 1024w, https:\/\/franciscanos.org.br\/conventosantoantonio\/wp-content\/uploads\/2024\/09\/284A2526-1-1365x2048.jpg 1365w, https:\/\/franciscanos.org.br\/conventosantoantonio\/wp-content\/uploads\/2024\/09\/284A2526-1-150x225.jpg 150w, https:\/\/franciscanos.org.br\/conventosantoantonio\/wp-content\/uploads\/2024\/09\/284A2526-1-scaled.jpg 1707w\" sizes=\"(max-width: 300px) 100vw, 300px\" \/><\/a>\n\t\t\t<\/dt><\/dl><dl class='gallery-item'>\n\t\t\t<dt class='gallery-icon portrait'>\n\t\t\t\t<a href='https:\/\/franciscanos.org.br\/conventosantoantonio\/wp-content\/uploads\/2024\/09\/284A2678-scaled.jpg'><img width=\"300\" height=\"450\" src=\"https:\/\/franciscanos.org.br\/conventosantoantonio\/wp-content\/uploads\/2024\/09\/284A2678-300x450.jpg\" class=\"attachment-medium size-medium\" alt=\"\" loading=\"lazy\" srcset=\"https:\/\/franciscanos.org.br\/conventosantoantonio\/wp-content\/uploads\/2024\/09\/284A2678-300x450.jpg 300w, https:\/\/franciscanos.org.br\/conventosantoantonio\/wp-content\/uploads\/2024\/09\/284A2678-683x1024.jpg 683w, https:\/\/franciscanos.org.br\/conventosantoantonio\/wp-content\/uploads\/2024\/09\/284A2678-768x1152.jpg 768w, https:\/\/franciscanos.org.br\/conventosantoantonio\/wp-content\/uploads\/2024\/09\/284A2678-1024x1536.jpg 1024w, https:\/\/franciscanos.org.br\/conventosantoantonio\/wp-content\/uploads\/2024\/09\/284A2678-1365x2048.jpg 1365w, https:\/\/franciscanos.org.br\/conventosantoantonio\/wp-content\/uploads\/2024\/09\/284A2678-150x225.jpg 150w, https:\/\/franciscanos.org.br\/conventosantoantonio\/wp-content\/uploads\/2024\/09\/284A2678-scaled.jpg 1707w\" sizes=\"(max-width: 300px) 100vw, 300px\" \/><\/a>\n\t\t\t<\/dt><\/dl><dl class='gallery-item'>\n\t\t\t<dt class='gallery-icon portrait'>\n\t\t\t\t<a href='https:\/\/franciscanos.org.br\/conventosantoantonio\/wp-content\/uploads\/2024\/09\/284A2723-scaled.jpg'><img width=\"300\" height=\"450\" src=\"https:\/\/franciscanos.org.br\/conventosantoantonio\/wp-content\/uploads\/2024\/09\/284A2723-300x450.jpg\" class=\"attachment-medium size-medium\" alt=\"\" loading=\"lazy\" srcset=\"https:\/\/franciscanos.org.br\/conventosantoantonio\/wp-content\/uploads\/2024\/09\/284A2723-300x450.jpg 300w, https:\/\/franciscanos.org.br\/conventosantoantonio\/wp-content\/uploads\/2024\/09\/284A2723-683x1024.jpg 683w, https:\/\/franciscanos.org.br\/conventosantoantonio\/wp-content\/uploads\/2024\/09\/284A2723-768x1152.jpg 768w, https:\/\/franciscanos.org.br\/conventosantoantonio\/wp-content\/uploads\/2024\/09\/284A2723-1024x1536.jpg 1024w, https:\/\/franciscanos.org.br\/conventosantoantonio\/wp-content\/uploads\/2024\/09\/284A2723-1365x2048.jpg 1365w, https:\/\/franciscanos.org.br\/conventosantoantonio\/wp-content\/uploads\/2024\/09\/284A2723-150x225.jpg 150w, https:\/\/franciscanos.org.br\/conventosantoantonio\/wp-content\/uploads\/2024\/09\/284A2723-scaled.jpg 1707w\" sizes=\"(max-width: 300px) 100vw, 300px\" \/><\/a>\n\t\t\t<\/dt><\/dl><dl class='gallery-item'>\n\t\t\t<dt class='gallery-icon portrait'>\n\t\t\t\t<a href='https:\/\/franciscanos.org.br\/conventosantoantonio\/wp-content\/uploads\/2024\/09\/284A2588-scaled.jpg'><img width=\"300\" height=\"450\" src=\"https:\/\/franciscanos.org.br\/conventosantoantonio\/wp-content\/uploads\/2024\/09\/284A2588-300x450.jpg\" class=\"attachment-medium size-medium\" alt=\"\" loading=\"lazy\" srcset=\"https:\/\/franciscanos.org.br\/conventosantoantonio\/wp-content\/uploads\/2024\/09\/284A2588-300x450.jpg 300w, https:\/\/franciscanos.org.br\/conventosantoantonio\/wp-content\/uploads\/2024\/09\/284A2588-683x1024.jpg 683w, https:\/\/franciscanos.org.br\/conventosantoantonio\/wp-content\/uploads\/2024\/09\/284A2588-768x1152.jpg 768w, https:\/\/franciscanos.org.br\/conventosantoantonio\/wp-content\/uploads\/2024\/09\/284A2588-1024x1536.jpg 1024w, https:\/\/franciscanos.org.br\/conventosantoantonio\/wp-content\/uploads\/2024\/09\/284A2588-1365x2048.jpg 1365w, https:\/\/franciscanos.org.br\/conventosantoantonio\/wp-content\/uploads\/2024\/09\/284A2588-150x225.jpg 150w, https:\/\/franciscanos.org.br\/conventosantoantonio\/wp-content\/uploads\/2024\/09\/284A2588-scaled.jpg 1707w\" sizes=\"(max-width: 300px) 100vw, 300px\" \/><\/a>\n\t\t\t<\/dt><\/dl><br style=\"clear: both\" \/><dl class='gallery-item'>\n\t\t\t<dt class='gallery-icon portrait'>\n\t\t\t\t<a href='https:\/\/franciscanos.org.br\/conventosantoantonio\/wp-content\/uploads\/2024\/09\/284A2765-scaled.jpg'><img width=\"300\" height=\"450\" src=\"https:\/\/franciscanos.org.br\/conventosantoantonio\/wp-content\/uploads\/2024\/09\/284A2765-300x450.jpg\" class=\"attachment-medium size-medium\" alt=\"\" loading=\"lazy\" srcset=\"https:\/\/franciscanos.org.br\/conventosantoantonio\/wp-content\/uploads\/2024\/09\/284A2765-300x450.jpg 300w, https:\/\/franciscanos.org.br\/conventosantoantonio\/wp-content\/uploads\/2024\/09\/284A2765-683x1024.jpg 683w, https:\/\/franciscanos.org.br\/conventosantoantonio\/wp-content\/uploads\/2024\/09\/284A2765-768x1152.jpg 768w, https:\/\/franciscanos.org.br\/conventosantoantonio\/wp-content\/uploads\/2024\/09\/284A2765-1024x1536.jpg 1024w, https:\/\/franciscanos.org.br\/conventosantoantonio\/wp-content\/uploads\/2024\/09\/284A2765-1365x2048.jpg 1365w, https:\/\/franciscanos.org.br\/conventosantoantonio\/wp-content\/uploads\/2024\/09\/284A2765-150x225.jpg 150w, https:\/\/franciscanos.org.br\/conventosantoantonio\/wp-content\/uploads\/2024\/09\/284A2765-scaled.jpg 1707w\" sizes=\"(max-width: 300px) 100vw, 300px\" \/><\/a>\n\t\t\t<\/dt><\/dl><dl class='gallery-item'>\n\t\t\t<dt class='gallery-icon portrait'>\n\t\t\t\t<a href='https:\/\/franciscanos.org.br\/conventosantoantonio\/wp-content\/uploads\/2024\/09\/284A2631-scaled.jpg'><img width=\"300\" height=\"450\" src=\"https:\/\/franciscanos.org.br\/conventosantoantonio\/wp-content\/uploads\/2024\/09\/284A2631-300x450.jpg\" class=\"attachment-medium size-medium\" alt=\"\" loading=\"lazy\" srcset=\"https:\/\/franciscanos.org.br\/conventosantoantonio\/wp-content\/uploads\/2024\/09\/284A2631-300x450.jpg 300w, https:\/\/franciscanos.org.br\/conventosantoantonio\/wp-content\/uploads\/2024\/09\/284A2631-683x1024.jpg 683w, https:\/\/franciscanos.org.br\/conventosantoantonio\/wp-content\/uploads\/2024\/09\/284A2631-768x1152.jpg 768w, https:\/\/franciscanos.org.br\/conventosantoantonio\/wp-content\/uploads\/2024\/09\/284A2631-1024x1536.jpg 1024w, https:\/\/franciscanos.org.br\/conventosantoantonio\/wp-content\/uploads\/2024\/09\/284A2631-1365x2048.jpg 1365w, https:\/\/franciscanos.org.br\/conventosantoantonio\/wp-content\/uploads\/2024\/09\/284A2631-150x225.jpg 150w, https:\/\/franciscanos.org.br\/conventosantoantonio\/wp-content\/uploads\/2024\/09\/284A2631-scaled.jpg 1707w\" sizes=\"(max-width: 300px) 100vw, 300px\" \/><\/a>\n\t\t\t<\/dt><\/dl><dl class='gallery-item'>\n\t\t\t<dt class='gallery-icon portrait'>\n\t\t\t\t<a href='https:\/\/franciscanos.org.br\/conventosantoantonio\/wp-content\/uploads\/2024\/09\/284A2888-scaled.jpg'><img width=\"300\" height=\"450\" src=\"https:\/\/franciscanos.org.br\/conventosantoantonio\/wp-content\/uploads\/2024\/09\/284A2888-300x450.jpg\" class=\"attachment-medium size-medium\" alt=\"\" loading=\"lazy\" srcset=\"https:\/\/franciscanos.org.br\/conventosantoantonio\/wp-content\/uploads\/2024\/09\/284A2888-300x450.jpg 300w, https:\/\/franciscanos.org.br\/conventosantoantonio\/wp-content\/uploads\/2024\/09\/284A2888-683x1024.jpg 683w, https:\/\/franciscanos.org.br\/conventosantoantonio\/wp-content\/uploads\/2024\/09\/284A2888-768x1152.jpg 768w, https:\/\/franciscanos.org.br\/conventosantoantonio\/wp-content\/uploads\/2024\/09\/284A2888-1024x1536.jpg 1024w, https:\/\/franciscanos.org.br\/conventosantoantonio\/wp-content\/uploads\/2024\/09\/284A2888-1365x2048.jpg 1365w, https:\/\/franciscanos.org.br\/conventosantoantonio\/wp-content\/uploads\/2024\/09\/284A2888-150x225.jpg 150w, https:\/\/franciscanos.org.br\/conventosantoantonio\/wp-content\/uploads\/2024\/09\/284A2888-scaled.jpg 1707w\" sizes=\"(max-width: 300px) 100vw, 300px\" \/><\/a>\n\t\t\t<\/dt><\/dl><dl class='gallery-item'>\n\t\t\t<dt class='gallery-icon portrait'>\n\t\t\t\t<a href='https:\/\/franciscanos.org.br\/conventosantoantonio\/wp-content\/uploads\/2024\/09\/284A2901-scaled.jpg'><img width=\"300\" height=\"450\" src=\"https:\/\/franciscanos.org.br\/conventosantoantonio\/wp-content\/uploads\/2024\/09\/284A2901-300x450.jpg\" class=\"attachment-medium size-medium\" alt=\"\" loading=\"lazy\" srcset=\"https:\/\/franciscanos.org.br\/conventosantoantonio\/wp-content\/uploads\/2024\/09\/284A2901-300x450.jpg 300w, https:\/\/franciscanos.org.br\/conventosantoantonio\/wp-content\/uploads\/2024\/09\/284A2901-683x1024.jpg 683w, https:\/\/franciscanos.org.br\/conventosantoantonio\/wp-content\/uploads\/2024\/09\/284A2901-768x1152.jpg 768w, https:\/\/franciscanos.org.br\/conventosantoantonio\/wp-content\/uploads\/2024\/09\/284A2901-1024x1536.jpg 1024w, https:\/\/franciscanos.org.br\/conventosantoantonio\/wp-content\/uploads\/2024\/09\/284A2901-1365x2048.jpg 1365w, https:\/\/franciscanos.org.br\/conventosantoantonio\/wp-content\/uploads\/2024\/09\/284A2901-150x225.jpg 150w, https:\/\/franciscanos.org.br\/conventosantoantonio\/wp-content\/uploads\/2024\/09\/284A2901-scaled.jpg 1707w\" sizes=\"(max-width: 300px) 100vw, 300px\" \/><\/a>\n\t\t\t<\/dt><\/dl><br style=\"clear: both\" \/><dl class='gallery-item'>\n\t\t\t<dt class='gallery-icon portrait'>\n\t\t\t\t<a href='https:\/\/franciscanos.org.br\/conventosantoantonio\/wp-content\/uploads\/2024\/09\/284A2800-scaled.jpg'><img width=\"300\" height=\"450\" src=\"https:\/\/franciscanos.org.br\/conventosantoantonio\/wp-content\/uploads\/2024\/09\/284A2800-300x450.jpg\" class=\"attachment-medium size-medium\" alt=\"\" loading=\"lazy\" srcset=\"https:\/\/franciscanos.org.br\/conventosantoantonio\/wp-content\/uploads\/2024\/09\/284A2800-300x450.jpg 300w, https:\/\/franciscanos.org.br\/conventosantoantonio\/wp-content\/uploads\/2024\/09\/284A2800-683x1024.jpg 683w, https:\/\/franciscanos.org.br\/conventosantoantonio\/wp-content\/uploads\/2024\/09\/284A2800-768x1152.jpg 768w, https:\/\/franciscanos.org.br\/conventosantoantonio\/wp-content\/uploads\/2024\/09\/284A2800-1024x1536.jpg 1024w, https:\/\/franciscanos.org.br\/conventosantoantonio\/wp-content\/uploads\/2024\/09\/284A2800-1365x2048.jpg 1365w, https:\/\/franciscanos.org.br\/conventosantoantonio\/wp-content\/uploads\/2024\/09\/284A2800-150x225.jpg 150w, https:\/\/franciscanos.org.br\/conventosantoantonio\/wp-content\/uploads\/2024\/09\/284A2800-scaled.jpg 1707w\" sizes=\"(max-width: 300px) 100vw, 300px\" \/><\/a>\n\t\t\t<\/dt><\/dl><dl class='gallery-item'>\n\t\t\t<dt class='gallery-icon portrait'>\n\t\t\t\t<a href='https:\/\/franciscanos.org.br\/conventosantoantonio\/wp-content\/uploads\/2024\/09\/284A2908-scaled.jpg'><img width=\"300\" height=\"450\" src=\"https:\/\/franciscanos.org.br\/conventosantoantonio\/wp-content\/uploads\/2024\/09\/284A2908-300x450.jpg\" class=\"attachment-medium size-medium\" alt=\"\" loading=\"lazy\" srcset=\"https:\/\/franciscanos.org.br\/conventosantoantonio\/wp-content\/uploads\/2024\/09\/284A2908-300x450.jpg 300w, https:\/\/franciscanos.org.br\/conventosantoantonio\/wp-content\/uploads\/2024\/09\/284A2908-683x1024.jpg 683w, https:\/\/franciscanos.org.br\/conventosantoantonio\/wp-content\/uploads\/2024\/09\/284A2908-768x1152.jpg 768w, https:\/\/franciscanos.org.br\/conventosantoantonio\/wp-content\/uploads\/2024\/09\/284A2908-1024x1536.jpg 1024w, https:\/\/franciscanos.org.br\/conventosantoantonio\/wp-content\/uploads\/2024\/09\/284A2908-1365x2048.jpg 1365w, https:\/\/franciscanos.org.br\/conventosantoantonio\/wp-content\/uploads\/2024\/09\/284A2908-150x225.jpg 150w, https:\/\/franciscanos.org.br\/conventosantoantonio\/wp-content\/uploads\/2024\/09\/284A2908-scaled.jpg 1707w\" sizes=\"(max-width: 300px) 100vw, 300px\" \/><\/a>\n\t\t\t<\/dt><\/dl><dl class='gallery-item'>\n\t\t\t<dt class='gallery-icon portrait'>\n\t\t\t\t<a href='https:\/\/franciscanos.org.br\/conventosantoantonio\/wp-content\/uploads\/2024\/09\/284A2627-scaled.jpg'><img width=\"300\" height=\"450\" src=\"https:\/\/franciscanos.org.br\/conventosantoantonio\/wp-content\/uploads\/2024\/09\/284A2627-300x450.jpg\" class=\"attachment-medium size-medium\" alt=\"\" loading=\"lazy\" srcset=\"https:\/\/franciscanos.org.br\/conventosantoantonio\/wp-content\/uploads\/2024\/09\/284A2627-300x450.jpg 300w, https:\/\/franciscanos.org.br\/conventosantoantonio\/wp-content\/uploads\/2024\/09\/284A2627-683x1024.jpg 683w, https:\/\/franciscanos.org.br\/conventosantoantonio\/wp-content\/uploads\/2024\/09\/284A2627-768x1152.jpg 768w, https:\/\/franciscanos.org.br\/conventosantoantonio\/wp-content\/uploads\/2024\/09\/284A2627-1024x1536.jpg 1024w, https:\/\/franciscanos.org.br\/conventosantoantonio\/wp-content\/uploads\/2024\/09\/284A2627-1365x2048.jpg 1365w, https:\/\/franciscanos.org.br\/conventosantoantonio\/wp-content\/uploads\/2024\/09\/284A2627-150x225.jpg 150w, https:\/\/franciscanos.org.br\/conventosantoantonio\/wp-content\/uploads\/2024\/09\/284A2627-scaled.jpg 1707w\" sizes=\"(max-width: 300px) 100vw, 300px\" \/><\/a>\n\t\t\t<\/dt><\/dl><dl class='gallery-item'>\n\t\t\t<dt class='gallery-icon portrait'>\n\t\t\t\t<a href='https:\/\/franciscanos.org.br\/conventosantoantonio\/wp-content\/uploads\/2024\/09\/284A2420-scaled.jpg'><img width=\"300\" height=\"450\" src=\"https:\/\/franciscanos.org.br\/conventosantoantonio\/wp-content\/uploads\/2024\/09\/284A2420-300x450.jpg\" class=\"attachment-medium size-medium\" alt=\"\" loading=\"lazy\" srcset=\"https:\/\/franciscanos.org.br\/conventosantoantonio\/wp-content\/uploads\/2024\/09\/284A2420-300x450.jpg 300w, https:\/\/franciscanos.org.br\/conventosantoantonio\/wp-content\/uploads\/2024\/09\/284A2420-683x1024.jpg 683w, https:\/\/franciscanos.org.br\/conventosantoantonio\/wp-content\/uploads\/2024\/09\/284A2420-768x1152.jpg 768w, https:\/\/franciscanos.org.br\/conventosantoantonio\/wp-content\/uploads\/2024\/09\/284A2420-1024x1536.jpg 1024w, https:\/\/franciscanos.org.br\/conventosantoantonio\/wp-content\/uploads\/2024\/09\/284A2420-1365x2048.jpg 1365w, https:\/\/franciscanos.org.br\/conventosantoantonio\/wp-content\/uploads\/2024\/09\/284A2420-150x225.jpg 150w, https:\/\/franciscanos.org.br\/conventosantoantonio\/wp-content\/uploads\/2024\/09\/284A2420-scaled.jpg 1707w\" sizes=\"(max-width: 300px) 100vw, 300px\" \/><\/a>\n\t\t\t<\/dt><\/dl><br style=\"clear: both\" \/>\n\t\t<\/div>\n\n<p>&nbsp;<\/p>\n","protected":false},"excerpt":{"rendered":"<p>150 pessoas participaram da  atividade<\/p>\n","protected":false},"author":12,"featured_media":189480,"comment_status":"open","ping_status":"open","sticky":false,"template":"","format":"standard","meta":[],"categories":[105],"tags":[264,357],"yoast_head":"<!-- This site is optimized with the Yoast SEO plugin v19.4 - https:\/\/yoast.com\/wordpress\/plugins\/seo\/ -->\n<title>Fam\u00edlia Franciscana realiza II Caminhada ao Cristo Redentor - Convento Santo Ant\u00f4nio- Franciscanos<\/title>\n<meta name=\"robots\" content=\"index, follow, max-snippet:-1, max-image-preview:large, max-video-preview:-1\" \/>\n<link rel=\"canonical\" href=\"https:\/\/franciscanos.org.br\/conventosantoantonio\/familia-franciscana-realiza-ii-caminhada-ao-cristo-redentor\/\" \/>\n<meta property=\"og:locale\" content=\"pt_BR\" \/>\n<meta property=\"og:type\" content=\"article\" \/>\n<meta property=\"og:title\" content=\"Fam\u00edlia Franciscana realiza II Caminhada ao Cristo Redentor - Convento Santo Ant\u00f4nio- Franciscanos\" \/>\n<meta property=\"og:description\" content=\"150 pessoas participaram da atividade\" \/>\n<meta property=\"og:url\" content=\"https:\/\/franciscanos.org.br\/conventosantoantonio\/familia-franciscana-realiza-ii-caminhada-ao-cristo-redentor\/\" \/>\n<meta property=\"og:site_name\" content=\"Convento Santo Ant\u00f4nio- Franciscanos\" \/>\n<meta property=\"article:published_time\" content=\"2024-09-30T18:38:48+00:00\" \/>\n<meta property=\"article:modified_time\" content=\"2024-09-30T19:12:05+00:00\" \/>\n<meta property=\"og:image\" content=\"https:\/\/franciscanos.org.br\/conventosantoantonio\/wp-content\/uploads\/2024\/09\/CHAMADA-1.jpg\" \/>\n\t<meta property=\"og:image:width\" content=\"1280\" \/>\n\t<meta property=\"og:image:height\" content=\"720\" \/>\n\t<meta property=\"og:image:type\" content=\"image\/jpeg\" \/>\n<meta name=\"author\" content=\"Adriana Rabelo\" \/>\n<meta name=\"twitter:card\" content=\"summary_large_image\" \/>\n<meta name=\"twitter:label1\" content=\"Escrito por\" \/>\n\t<meta name=\"twitter:data1\" content=\"Adriana Rabelo\" \/>\n\t<meta name=\"twitter:label2\" content=\"Est. tempo de leitura\" \/>\n\t<meta name=\"twitter:data2\" content=\"4 minutos\" \/>\n<script type=\"application\/ld+json\" class=\"yoast-schema-graph\">{\"@context\":\"https:\/\/schema.org\",\"@graph\":[{\"@type\":\"WebSite\",\"@id\":\"https:\/\/franciscanos.org.br\/conventosantoantonio\/#website\",\"url\":\"https:\/\/franciscanos.org.br\/conventosantoantonio\/\",\"name\":\"Convento Santo Ant\u00f4nio- Franciscanos\",\"description\":\"Prov\u00edncia Franciscana da Imaculada Concei\u00e7\u00e3o do Brasil - Ordem dos Frades Menores\",\"potentialAction\":[{\"@type\":\"SearchAction\",\"target\":{\"@type\":\"EntryPoint\",\"urlTemplate\":\"https:\/\/franciscanos.org.br\/conventosantoantonio\/?s={search_term_string}\"},\"query-input\":\"required name=search_term_string\"}],\"inLanguage\":\"pt-BR\"},{\"@type\":\"WebPage\",\"@id\":\"https:\/\/franciscanos.org.br\/conventosantoantonio\/familia-franciscana-realiza-ii-caminhada-ao-cristo-redentor\/\",\"url\":\"https:\/\/franciscanos.org.br\/conventosantoantonio\/familia-franciscana-realiza-ii-caminhada-ao-cristo-redentor\/\",\"name\":\"Fam\u00edlia Franciscana realiza II Caminhada ao Cristo Redentor - Convento Santo Ant\u00f4nio- Franciscanos\",\"isPartOf\":{\"@id\":\"https:\/\/franciscanos.org.br\/conventosantoantonio\/#website\"},\"datePublished\":\"2024-09-30T18:38:48+00:00\",\"dateModified\":\"2024-09-30T19:12:05+00:00\",\"author\":{\"@id\":\"https:\/\/franciscanos.org.br\/conventosantoantonio\/#\/schema\/person\/9a980420618be29f098b094e6e8289e1\"},\"breadcrumb\":{\"@id\":\"https:\/\/franciscanos.org.br\/conventosantoantonio\/familia-franciscana-realiza-ii-caminhada-ao-cristo-redentor\/#breadcrumb\"},\"inLanguage\":\"pt-BR\",\"potentialAction\":[{\"@type\":\"ReadAction\",\"target\":[\"https:\/\/franciscanos.org.br\/conventosantoantonio\/familia-franciscana-realiza-ii-caminhada-ao-cristo-redentor\/\"]}]},{\"@type\":\"BreadcrumbList\",\"@id\":\"https:\/\/franciscanos.org.br\/conventosantoantonio\/familia-franciscana-realiza-ii-caminhada-ao-cristo-redentor\/#breadcrumb\",\"itemListElement\":[{\"@type\":\"ListItem\",\"position\":1,\"name\":\"Home\",\"item\":\"https:\/\/franciscanos.org.br\/conventosantoantonio\/\"},{\"@type\":\"ListItem\",\"position\":2,\"name\":\"Fam\u00edlia Franciscana realiza II Caminhada ao Cristo Redentor\"}]},{\"@type\":\"Person\",\"@id\":\"https:\/\/franciscanos.org.br\/conventosantoantonio\/#\/schema\/person\/9a980420618be29f098b094e6e8289e1\",\"name\":\"Adriana Rabelo\",\"image\":{\"@type\":\"ImageObject\",\"inLanguage\":\"pt-BR\",\"@id\":\"https:\/\/franciscanos.org.br\/conventosantoantonio\/#\/schema\/person\/image\/\",\"url\":\"https:\/\/secure.gravatar.com\/avatar\/0a937b7500cd7df77540cfb8bede877d?s=96&d=mm&r=g\",\"contentUrl\":\"https:\/\/secure.gravatar.com\/avatar\/0a937b7500cd7df77540cfb8bede877d?s=96&d=mm&r=g\",\"caption\":\"Adriana Rabelo\"},\"url\":\"https:\/\/franciscanos.org.br\/conventosantoantonio\/author\/adrianarabelo\/\"}]}<\/script>\n<!-- \/ Yoast SEO plugin. -->","yoast_head_json":{"title":"Fam\u00edlia Franciscana realiza II Caminhada ao Cristo Redentor - Convento Santo Ant\u00f4nio- Franciscanos","robots":{"index":"index","follow":"follow","max-snippet":"max-snippet:-1","max-image-preview":"max-image-preview:large","max-video-preview":"max-video-preview:-1"},"canonical":"https:\/\/franciscanos.org.br\/conventosantoantonio\/familia-franciscana-realiza-ii-caminhada-ao-cristo-redentor\/","og_locale":"pt_BR","og_type":"article","og_title":"Fam\u00edlia Franciscana realiza II Caminhada ao Cristo Redentor - Convento Santo Ant\u00f4nio- Franciscanos","og_description":"150 pessoas participaram da atividade","og_url":"https:\/\/franciscanos.org.br\/conventosantoantonio\/familia-franciscana-realiza-ii-caminhada-ao-cristo-redentor\/","og_site_name":"Convento Santo Ant\u00f4nio- Franciscanos","article_published_time":"2024-09-30T18:38:48+00:00","article_modified_time":"2024-09-30T19:12:05+00:00","og_image":[{"width":1280,"height":720,"url":"https:\/\/franciscanos.org.br\/conventosantoantonio\/wp-content\/uploads\/2024\/09\/CHAMADA-1.jpg","type":"image\/jpeg"}],"author":"Adriana Rabelo","twitter_card":"summary_large_image","twitter_misc":{"Escrito por":"Adriana Rabelo","Est. tempo de leitura":"4 minutos"},"schema":{"@context":"https:\/\/schema.org","@graph":[{"@type":"WebSite","@id":"https:\/\/franciscanos.org.br\/conventosantoantonio\/#website","url":"https:\/\/franciscanos.org.br\/conventosantoantonio\/","name":"Convento Santo Ant\u00f4nio- Franciscanos","description":"Prov\u00edncia Franciscana da Imaculada Concei\u00e7\u00e3o do Brasil - Ordem dos Frades Menores","potentialAction":[{"@type":"SearchAction","target":{"@type":"EntryPoint","urlTemplate":"https:\/\/franciscanos.org.br\/conventosantoantonio\/?s={search_term_string}"},"query-input":"required name=search_term_string"}],"inLanguage":"pt-BR"},{"@type":"WebPage","@id":"https:\/\/franciscanos.org.br\/conventosantoantonio\/familia-franciscana-realiza-ii-caminhada-ao-cristo-redentor\/","url":"https:\/\/franciscanos.org.br\/conventosantoantonio\/familia-franciscana-realiza-ii-caminhada-ao-cristo-redentor\/","name":"Fam\u00edlia Franciscana realiza II Caminhada ao Cristo Redentor - Convento Santo Ant\u00f4nio- Franciscanos","isPartOf":{"@id":"https:\/\/franciscanos.org.br\/conventosantoantonio\/#website"},"datePublished":"2024-09-30T18:38:48+00:00","dateModified":"2024-09-30T19:12:05+00:00","author":{"@id":"https:\/\/franciscanos.org.br\/conventosantoantonio\/#\/schema\/person\/9a980420618be29f098b094e6e8289e1"},"breadcrumb":{"@id":"https:\/\/franciscanos.org.br\/conventosantoantonio\/familia-franciscana-realiza-ii-caminhada-ao-cristo-redentor\/#breadcrumb"},"inLanguage":"pt-BR","potentialAction":[{"@type":"ReadAction","target":["https:\/\/franciscanos.org.br\/conventosantoantonio\/familia-franciscana-realiza-ii-caminhada-ao-cristo-redentor\/"]}]},{"@type":"BreadcrumbList","@id":"https:\/\/franciscanos.org.br\/conventosantoantonio\/familia-franciscana-realiza-ii-caminhada-ao-cristo-redentor\/#breadcrumb","itemListElement":[{"@type":"ListItem","position":1,"name":"Home","item":"https:\/\/franciscanos.org.br\/conventosantoantonio\/"},{"@type":"ListItem","position":2,"name":"Fam\u00edlia Franciscana realiza II Caminhada ao Cristo Redentor"}]},{"@type":"Person","@id":"https:\/\/franciscanos.org.br\/conventosantoantonio\/#\/schema\/person\/9a980420618be29f098b094e6e8289e1","name":"Adriana Rabelo","image":{"@type":"ImageObject","inLanguage":"pt-BR","@id":"https:\/\/franciscanos.org.br\/conventosantoantonio\/#\/schema\/person\/image\/","url":"https:\/\/secure.gravatar.com\/avatar\/0a937b7500cd7df77540cfb8bede877d?s=96&d=mm&r=g","contentUrl":"https:\/\/secure.gravatar.com\/avatar\/0a937b7500cd7df77540cfb8bede877d?s=96&d=mm&r=g","caption":"Adriana Rabelo"},"url":"https:\/\/franciscanos.org.br\/conventosantoantonio\/author\/adrianarabelo\/"}]}},"_links":{"self":[{"href":"https:\/\/franciscanos.org.br\/conventosantoantonio\/wp-json\/wp\/v2\/posts\/189470"}],"collection":[{"href":"https:\/\/franciscanos.org.br\/conventosantoantonio\/wp-json\/wp\/v2\/posts"}],"about":[{"href":"https:\/\/franciscanos.org.br\/conventosantoantonio\/wp-json\/wp\/v2\/types\/post"}],"author":[{"embeddable":true,"href":"https:\/\/franciscanos.org.br\/conventosantoantonio\/wp-json\/wp\/v2\/users\/12"}],"replies":[{"embeddable":true,"href":"https:\/\/franciscanos.org.br\/conventosantoantonio\/wp-json\/wp\/v2\/comments?post=189470"}],"version-history":[{"count":5,"href":"https:\/\/franciscanos.org.br\/conventosantoantonio\/wp-json\/wp\/v2\/posts\/189470\/revisions"}],"predecessor-version":[{"id":189509,"href":"https:\/\/franciscanos.org.br\/conventosantoantonio\/wp-json\/wp\/v2\/posts\/189470\/revisions\/189509"}],"wp:featuredmedia":[{"embeddable":true,"href":"https:\/\/franciscanos.org.br\/conventosantoantonio\/wp-json\/wp\/v2\/media\/189480"}],"wp:attachment":[{"href":"https:\/\/franciscanos.org.br\/conventosantoantonio\/wp-json\/wp\/v2\/media?parent=189470"}],"wp:term":[{"taxonomy":"category","embeddable":true,"href":"https:\/\/franciscanos.org.br\/conventosantoantonio\/wp-json\/wp\/v2\/categories?post=189470"},{"taxonomy":"post_tag","embeddable":true,"href":"https:\/\/franciscanos.org.br\/conventosantoantonio\/wp-json\/wp\/v2\/tags?post=189470"}],"curies":[{"name":"wp","href":"https:\/\/api.w.org\/{rel}","templated":true}]}}