{"id":189442,"date":"2024-09-19T13:39:52","date_gmt":"2024-09-19T16:39:52","guid":{"rendered":"https:\/\/franciscanos.org.br\/conventosantoantonio\/?p=189442"},"modified":"2024-09-19T13:39:52","modified_gmt":"2024-09-19T16:39:52","slug":"franciscanos-e-militares-celebram-santo-antonio-do-relento","status":"publish","type":"post","link":"https:\/\/franciscanos.org.br\/conventosantoantonio\/franciscanos-e-militares-celebram-santo-antonio-do-relento\/","title":{"rendered":"Franciscanos e Militares celebram Santo Ant\u00f4nio do Relento"},"content":{"rendered":"<p><img loading=\"lazy\" class=\"aligncenter wp-image-189443 size-full\" src=\"https:\/\/franciscanos.org.br\/conventosantoantonio\/wp-content\/uploads\/2024\/09\/WhatsApp-Image-2024-09-19-at-10.41.07-2.jpeg\" alt=\"\" width=\"1600\" height=\"1200\" srcset=\"https:\/\/franciscanos.org.br\/conventosantoantonio\/wp-content\/uploads\/2024\/09\/WhatsApp-Image-2024-09-19-at-10.41.07-2.jpeg 1600w, https:\/\/franciscanos.org.br\/conventosantoantonio\/wp-content\/uploads\/2024\/09\/WhatsApp-Image-2024-09-19-at-10.41.07-2-450x338.jpeg 450w, https:\/\/franciscanos.org.br\/conventosantoantonio\/wp-content\/uploads\/2024\/09\/WhatsApp-Image-2024-09-19-at-10.41.07-2-1024x768.jpeg 1024w, https:\/\/franciscanos.org.br\/conventosantoantonio\/wp-content\/uploads\/2024\/09\/WhatsApp-Image-2024-09-19-at-10.41.07-2-768x576.jpeg 768w, https:\/\/franciscanos.org.br\/conventosantoantonio\/wp-content\/uploads\/2024\/09\/WhatsApp-Image-2024-09-19-at-10.41.07-2-1536x1152.jpeg 1536w, https:\/\/franciscanos.org.br\/conventosantoantonio\/wp-content\/uploads\/2024\/09\/WhatsApp-Image-2024-09-19-at-10.41.07-2-150x113.jpeg 150w\" sizes=\"(max-width: 1600px) 100vw, 1600px\" \/><\/p>\n<p>O Ex\u00e9rcito Brasileiro e o Convento Santo Ant\u00f4nio, no Largo da Carioca, mais uma vez se uniram nesta quarta-feira, dia 18 de setembro, para celebrar a mem\u00f3ria de uma devo\u00e7\u00e3o cuja hist\u00f3ria come\u00e7ou no ano de 1710: Santo Ant\u00f4nio do Relento. A festa teve in\u00edcio \u00e0s 11h30, no p\u00e1tio em frente \u00e0 Igreja, no Rio de Janeiro (RJ), onde a Banda do 1\u00ba Batalh\u00e3o de Guarda (1\u00ba BG), trajando o uniforme hist\u00f3rico,\u00a0 apresentou o repert\u00f3rio preparado para homenagear o Santo, que tem a patente de General do Ex\u00e9rcito Brasileiro e que, at\u00e9 a Proclama\u00e7\u00e3o da Rep\u00fablica, recebia o soldo referente a Tenente Coronel, que era repassado ao Convento.<\/p>\n\n\t\t<style type=\"text\/css\">\n\t\t\t#gallery-1 {\n\t\t\t\tmargin: auto;\n\t\t\t}\n\t\t\t#gallery-1 .gallery-item {\n\t\t\t\tfloat: left;\n\t\t\t\tmargin-top: 10px;\n\t\t\t\ttext-align: center;\n\t\t\t\twidth: 25%;\n\t\t\t}\n\t\t\t#gallery-1 img {\n\t\t\t\tborder: 2px solid #cfcfcf;\n\t\t\t}\n\t\t\t#gallery-1 .gallery-caption {\n\t\t\t\tmargin-left: 0;\n\t\t\t}\n\t\t\t\/* see gallery_shortcode() in wp-includes\/media.php *\/\n\t\t<\/style>\n\t\t<div id='gallery-1' class='gallery galleryid-189442 gallery-columns-4 gallery-size-thumbnail'><dl class='gallery-item'>\n\t\t\t<dt class='gallery-icon portrait'>\n\t\t\t\t<a href='https:\/\/franciscanos.org.br\/conventosantoantonio\/wp-content\/uploads\/2024\/09\/WhatsApp-Image-2024-09-19-at-10.41.07-4.jpeg'><img width=\"300\" height=\"300\" src=\"https:\/\/franciscanos.org.br\/conventosantoantonio\/wp-content\/uploads\/2024\/09\/WhatsApp-Image-2024-09-19-at-10.41.07-4-300x300.jpeg\" class=\"attachment-thumbnail size-thumbnail\" alt=\"\" loading=\"lazy\" srcset=\"https:\/\/franciscanos.org.br\/conventosantoantonio\/wp-content\/uploads\/2024\/09\/WhatsApp-Image-2024-09-19-at-10.41.07-4-300x300.jpeg 300w, https:\/\/franciscanos.org.br\/conventosantoantonio\/wp-content\/uploads\/2024\/09\/WhatsApp-Image-2024-09-19-at-10.41.07-4-400x400.jpeg 400w\" sizes=\"(max-width: 300px) 100vw, 300px\" \/><\/a>\n\t\t\t<\/dt><\/dl><dl class='gallery-item'>\n\t\t\t<dt class='gallery-icon portrait'>\n\t\t\t\t<a href='https:\/\/franciscanos.org.br\/conventosantoantonio\/wp-content\/uploads\/2024\/09\/WhatsApp-Image-2024-09-19-at-10.41.07-1.jpeg'><img width=\"300\" height=\"300\" src=\"https:\/\/franciscanos.org.br\/conventosantoantonio\/wp-content\/uploads\/2024\/09\/WhatsApp-Image-2024-09-19-at-10.41.07-1-300x300.jpeg\" class=\"attachment-thumbnail size-thumbnail\" alt=\"\" loading=\"lazy\" srcset=\"https:\/\/franciscanos.org.br\/conventosantoantonio\/wp-content\/uploads\/2024\/09\/WhatsApp-Image-2024-09-19-at-10.41.07-1-300x300.jpeg 300w, https:\/\/franciscanos.org.br\/conventosantoantonio\/wp-content\/uploads\/2024\/09\/WhatsApp-Image-2024-09-19-at-10.41.07-1-400x400.jpeg 400w\" sizes=\"(max-width: 300px) 100vw, 300px\" \/><\/a>\n\t\t\t<\/dt><\/dl><dl class='gallery-item'>\n\t\t\t<dt class='gallery-icon portrait'>\n\t\t\t\t<a href='https:\/\/franciscanos.org.br\/conventosantoantonio\/wp-content\/uploads\/2024\/09\/WhatsApp-Image-2024-09-19-at-10.41.07.jpeg'><img width=\"300\" height=\"300\" src=\"https:\/\/franciscanos.org.br\/conventosantoantonio\/wp-content\/uploads\/2024\/09\/WhatsApp-Image-2024-09-19-at-10.41.07-300x300.jpeg\" class=\"attachment-thumbnail size-thumbnail\" alt=\"\" loading=\"lazy\" srcset=\"https:\/\/franciscanos.org.br\/conventosantoantonio\/wp-content\/uploads\/2024\/09\/WhatsApp-Image-2024-09-19-at-10.41.07-300x300.jpeg 300w, https:\/\/franciscanos.org.br\/conventosantoantonio\/wp-content\/uploads\/2024\/09\/WhatsApp-Image-2024-09-19-at-10.41.07-400x400.jpeg 400w\" sizes=\"(max-width: 300px) 100vw, 300px\" \/><\/a>\n\t\t\t<\/dt><\/dl><dl class='gallery-item'>\n\t\t\t<dt class='gallery-icon portrait'>\n\t\t\t\t<a href='https:\/\/franciscanos.org.br\/conventosantoantonio\/wp-content\/uploads\/2024\/09\/WhatsApp-Image-2024-09-19-at-10.41.04-1.jpeg'><img width=\"300\" height=\"300\" src=\"https:\/\/franciscanos.org.br\/conventosantoantonio\/wp-content\/uploads\/2024\/09\/WhatsApp-Image-2024-09-19-at-10.41.04-1-300x300.jpeg\" class=\"attachment-thumbnail size-thumbnail\" alt=\"\" loading=\"lazy\" srcset=\"https:\/\/franciscanos.org.br\/conventosantoantonio\/wp-content\/uploads\/2024\/09\/WhatsApp-Image-2024-09-19-at-10.41.04-1-300x300.jpeg 300w, https:\/\/franciscanos.org.br\/conventosantoantonio\/wp-content\/uploads\/2024\/09\/WhatsApp-Image-2024-09-19-at-10.41.04-1-400x400.jpeg 400w\" sizes=\"(max-width: 300px) 100vw, 300px\" \/><\/a>\n\t\t\t<\/dt><\/dl><br style=\"clear: both\" \/>\n\t\t<\/div>\n\n<p>\u00c0s 12h, teve in\u00edcio a celebra\u00e7\u00e3o da missa, presidida por Frei Od\u00e9cio Lima de Souza, frade residente no Convento e Capel\u00e3o da Marinha. Concelebraram Padre Jo\u00e3o Batista Junior, Capel\u00e3o-Chefe do Ex\u00e9rcito no Rio de Janeiro; Padre Reis, tamb\u00e9m do Ex\u00e9rcito, e Frei Cl\u00e1udio C\u00e9sar Broca de Siqueira, da Fraternidade do Convento.<\/p>\n<p><img loading=\"lazy\" class=\"size-medium wp-image-189448 alignright\" src=\"https:\/\/franciscanos.org.br\/conventosantoantonio\/wp-content\/uploads\/2024\/09\/WhatsApp-Image-2024-09-19-at-10.41.06-3-450x253.jpeg\" alt=\"\" width=\"450\" height=\"253\" srcset=\"https:\/\/franciscanos.org.br\/conventosantoantonio\/wp-content\/uploads\/2024\/09\/WhatsApp-Image-2024-09-19-at-10.41.06-3-450x253.jpeg 450w, https:\/\/franciscanos.org.br\/conventosantoantonio\/wp-content\/uploads\/2024\/09\/WhatsApp-Image-2024-09-19-at-10.41.06-3-1024x576.jpeg 1024w, https:\/\/franciscanos.org.br\/conventosantoantonio\/wp-content\/uploads\/2024\/09\/WhatsApp-Image-2024-09-19-at-10.41.06-3-768x432.jpeg 768w, https:\/\/franciscanos.org.br\/conventosantoantonio\/wp-content\/uploads\/2024\/09\/WhatsApp-Image-2024-09-19-at-10.41.06-3-1536x864.jpeg 1536w, https:\/\/franciscanos.org.br\/conventosantoantonio\/wp-content\/uploads\/2024\/09\/WhatsApp-Image-2024-09-19-at-10.41.06-3-150x84.jpeg 150w, https:\/\/franciscanos.org.br\/conventosantoantonio\/wp-content\/uploads\/2024\/09\/WhatsApp-Image-2024-09-19-at-10.41.06-3.jpeg 1600w\" sizes=\"(max-width: 450px) 100vw, 450px\" \/><\/p>\n<p>Os cantos da missa ficaram por conta do sexteto tamb\u00e9m formado por militares do 1\u00ba BG. Ao t\u00e9rmino da missa, todos os presentes se colocaram diante da imagem de Santo Ant\u00f4nio do Relento, sobre o fronte da igreja e que traz consigo uma l\u00e2mpada permanentemente acesa. Ali, fizeram uma ora\u00e7\u00e3o em homenagem ao Santo e em seguida, com a rel\u00edquia, novamente a Cidade do Rio de Janeiro foi aben\u00e7oada. Para Frei Od\u00e9cio, ao recordar a devo\u00e7\u00e3o a Santo Ant\u00f4nio do Relento, o povo carioca tem a chance de renovar no cora\u00e7\u00e3o a certeza da prote\u00e7\u00e3o de Deus diante de todos os desafios da vida.<\/p>\n<p><strong>Conhe\u00e7a a Hist\u00f3ria<\/strong><\/p>\n<p>A liga\u00e7\u00e3o entre Santo Ant\u00f4nio e a vida militar teve in\u00edcio em Portugal, no Reinado de Dom Afonso VI, quando o Santo assentou pra\u00e7a no Regimento de Lagos, do Ex\u00e9rcito Portugu\u00eas, no S\u00e9culo XV. Desta forma, passou a ser invocado pelos capit\u00e3es para auxiliar as tropas nas batalhas contra os inimigos. A tradi\u00e7\u00e3o se expandiu e, segundo os historiadores, logo o Santo teve pra\u00e7a de Soldado em quase todos os batalh\u00f5es portugueses. Com a chegada da devo\u00e7\u00e3o ao Brasil, tamb\u00e9m este costume chegou \u00e0s terras brasileiras, galgando o Santo sucessivas promo\u00e7\u00f5es a patentes mais elevadas. H\u00e1 registro destes fatos em Minas Gerais, Goi\u00e1s, Pernambuco, Bahia e no Rio de Janeiro.<img loading=\"lazy\" class=\" wp-image-189450 alignleft\" src=\"https:\/\/franciscanos.org.br\/conventosantoantonio\/wp-content\/uploads\/2024\/09\/WhatsApp-Image-2024-09-19-at-10.41.06-5-338x450.jpeg\" alt=\"\" width=\"276\" height=\"367\" srcset=\"https:\/\/franciscanos.org.br\/conventosantoantonio\/wp-content\/uploads\/2024\/09\/WhatsApp-Image-2024-09-19-at-10.41.06-5-338x450.jpeg 338w, https:\/\/franciscanos.org.br\/conventosantoantonio\/wp-content\/uploads\/2024\/09\/WhatsApp-Image-2024-09-19-at-10.41.06-5-768x1024.jpeg 768w, https:\/\/franciscanos.org.br\/conventosantoantonio\/wp-content\/uploads\/2024\/09\/WhatsApp-Image-2024-09-19-at-10.41.06-5-1152x1536.jpeg 1152w, https:\/\/franciscanos.org.br\/conventosantoantonio\/wp-content\/uploads\/2024\/09\/WhatsApp-Image-2024-09-19-at-10.41.06-5-150x200.jpeg 150w, https:\/\/franciscanos.org.br\/conventosantoantonio\/wp-content\/uploads\/2024\/09\/WhatsApp-Image-2024-09-19-at-10.41.06-5.jpeg 1200w\" sizes=\"(max-width: 276px) 100vw, 276px\" \/><\/p>\n<p>Sabe-se que Santo Ant\u00f4nio assentou pra\u00e7a tamb\u00e9m em terras cariocas, por\u00e9m n\u00e3o se sabe ao certo o ano em que o referido epis\u00f3dio ocorreu. O certo \u00e9 que, a 18 de setembro de 1710, o governador Francisco de Castro Morais o promoveu a Capit\u00e3o de Infantaria. A promo\u00e7\u00e3o saiu na v\u00e9spera de uma importante batalha, em que foi atribu\u00edda ao Santo a defesa do territ\u00f3rio cujas tropas francesas tentaram invadir.<\/p>\n<p>A imagem que hoje \u00e9 conhecida como a de Santo Ant\u00f4nio do Relento fora originalmente concebida para o altar-mor da igreja. Esta imagem teve sua aura m\u00edstica refor\u00e7ada em princ\u00edpios do s\u00e9culo XVIII, por ocasi\u00e3o do ataque franc\u00eas \u00e0 cidade empreendido por Jean Fran\u00e7ois Duclerc. Na ocasi\u00e3o, a ela recebeu do governador Francisco de Castro Morais a patente de Capit\u00e3o de Infantaria e foi devidamente colocada, a pedido do governador, sobre a muralha do convento para, dessa posi\u00e7\u00e3o, presidir a luta contra os invasores. Expulsos os franceses, a imagem passou a ocupar o frontisp\u00edcio da igreja e, diante dela, manteve-se sempre acesa uma lamparina durante a noite. Em 1779, com a reforma da entrada da portaria, construiu-se o nicho onde est\u00e1 a imagem at\u00e9 os dias de hoje. Por ficar do lado de fora da igreja, a imagem ficou conhecida como Santo Ant\u00f4nio do Relento ou Santo Ant\u00f4nio da Garoa.<\/p>\n<hr \/>\n<p>Equipe de Comunica\u00e7\u00e3o Convento Santo Ant\u00f4nio do Largo da Carioca<\/p>\n<p>Confira a reportagem:<\/p>\n<p><iframe loading=\"lazy\" title=\"Franciscanos e militares celebram Santo Ant\u00f4nio do Relento\" width=\"500\" height=\"281\" src=\"https:\/\/www.youtube.com\/embed\/Pkvdn4-Umuc?feature=oembed\" frameborder=\"0\" allow=\"accelerometer; autoplay; clipboard-write; encrypted-media; gyroscope; picture-in-picture; web-share\" referrerpolicy=\"strict-origin-when-cross-origin\" allowfullscreen><\/iframe><\/p>\n\n\t\t<style type=\"text\/css\">\n\t\t\t#gallery-2 {\n\t\t\t\tmargin: auto;\n\t\t\t}\n\t\t\t#gallery-2 .gallery-item {\n\t\t\t\tfloat: left;\n\t\t\t\tmargin-top: 10px;\n\t\t\t\ttext-align: center;\n\t\t\t\twidth: 33%;\n\t\t\t}\n\t\t\t#gallery-2 img {\n\t\t\t\tborder: 2px solid #cfcfcf;\n\t\t\t}\n\t\t\t#gallery-2 .gallery-caption {\n\t\t\t\tmargin-left: 0;\n\t\t\t}\n\t\t\t\/* see gallery_shortcode() in wp-includes\/media.php *\/\n\t\t<\/style>\n\t\t<div id='gallery-2' class='gallery galleryid-189442 gallery-columns-3 gallery-size-thumbnail'><dl class='gallery-item'>\n\t\t\t<dt class='gallery-icon landscape'>\n\t\t\t\t<a href='https:\/\/franciscanos.org.br\/conventosantoantonio\/wp-content\/uploads\/2024\/09\/WhatsApp-Image-2024-09-19-at-10.41.08.jpeg'><img width=\"300\" height=\"300\" src=\"https:\/\/franciscanos.org.br\/conventosantoantonio\/wp-content\/uploads\/2024\/09\/WhatsApp-Image-2024-09-19-at-10.41.08-300x300.jpeg\" class=\"attachment-thumbnail size-thumbnail\" alt=\"\" loading=\"lazy\" srcset=\"https:\/\/franciscanos.org.br\/conventosantoantonio\/wp-content\/uploads\/2024\/09\/WhatsApp-Image-2024-09-19-at-10.41.08-300x300.jpeg 300w, https:\/\/franciscanos.org.br\/conventosantoantonio\/wp-content\/uploads\/2024\/09\/WhatsApp-Image-2024-09-19-at-10.41.08-400x400.jpeg 400w\" sizes=\"(max-width: 300px) 100vw, 300px\" \/><\/a>\n\t\t\t<\/dt><\/dl><dl class='gallery-item'>\n\t\t\t<dt class='gallery-icon landscape'>\n\t\t\t\t<a href='https:\/\/franciscanos.org.br\/conventosantoantonio\/wp-content\/uploads\/2024\/09\/WhatsApp-Image-2024-09-19-at-10.41.07-3.jpeg'><img width=\"300\" height=\"300\" src=\"https:\/\/franciscanos.org.br\/conventosantoantonio\/wp-content\/uploads\/2024\/09\/WhatsApp-Image-2024-09-19-at-10.41.07-3-300x300.jpeg\" class=\"attachment-thumbnail size-thumbnail\" alt=\"\" loading=\"lazy\" srcset=\"https:\/\/franciscanos.org.br\/conventosantoantonio\/wp-content\/uploads\/2024\/09\/WhatsApp-Image-2024-09-19-at-10.41.07-3-300x300.jpeg 300w, https:\/\/franciscanos.org.br\/conventosantoantonio\/wp-content\/uploads\/2024\/09\/WhatsApp-Image-2024-09-19-at-10.41.07-3-400x400.jpeg 400w\" sizes=\"(max-width: 300px) 100vw, 300px\" \/><\/a>\n\t\t\t<\/dt><\/dl><dl class='gallery-item'>\n\t\t\t<dt class='gallery-icon landscape'>\n\t\t\t\t<a href='https:\/\/franciscanos.org.br\/conventosantoantonio\/wp-content\/uploads\/2024\/09\/WhatsApp-Image-2024-09-19-at-10.41.06-4.jpeg'><img width=\"300\" height=\"300\" src=\"https:\/\/franciscanos.org.br\/conventosantoantonio\/wp-content\/uploads\/2024\/09\/WhatsApp-Image-2024-09-19-at-10.41.06-4-300x300.jpeg\" class=\"attachment-thumbnail size-thumbnail\" alt=\"\" loading=\"lazy\" srcset=\"https:\/\/franciscanos.org.br\/conventosantoantonio\/wp-content\/uploads\/2024\/09\/WhatsApp-Image-2024-09-19-at-10.41.06-4-300x300.jpeg 300w, https:\/\/franciscanos.org.br\/conventosantoantonio\/wp-content\/uploads\/2024\/09\/WhatsApp-Image-2024-09-19-at-10.41.06-4-400x400.jpeg 400w\" sizes=\"(max-width: 300px) 100vw, 300px\" \/><\/a>\n\t\t\t<\/dt><\/dl><br style=\"clear: both\" \/><dl class='gallery-item'>\n\t\t\t<dt class='gallery-icon landscape'>\n\t\t\t\t<a href='https:\/\/franciscanos.org.br\/conventosantoantonio\/wp-content\/uploads\/2024\/09\/WhatsApp-Image-2024-09-19-at-10.41.06-1.jpeg'><img width=\"300\" height=\"300\" src=\"https:\/\/franciscanos.org.br\/conventosantoantonio\/wp-content\/uploads\/2024\/09\/WhatsApp-Image-2024-09-19-at-10.41.06-1-300x300.jpeg\" class=\"attachment-thumbnail size-thumbnail\" alt=\"\" loading=\"lazy\" srcset=\"https:\/\/franciscanos.org.br\/conventosantoantonio\/wp-content\/uploads\/2024\/09\/WhatsApp-Image-2024-09-19-at-10.41.06-1-300x300.jpeg 300w, https:\/\/franciscanos.org.br\/conventosantoantonio\/wp-content\/uploads\/2024\/09\/WhatsApp-Image-2024-09-19-at-10.41.06-1-400x400.jpeg 400w\" sizes=\"(max-width: 300px) 100vw, 300px\" \/><\/a>\n\t\t\t<\/dt><\/dl><dl class='gallery-item'>\n\t\t\t<dt class='gallery-icon landscape'>\n\t\t\t\t<a href='https:\/\/franciscanos.org.br\/conventosantoantonio\/wp-content\/uploads\/2024\/09\/WhatsApp-Image-2024-09-19-at-10.41.06.jpeg'><img width=\"300\" height=\"300\" src=\"https:\/\/franciscanos.org.br\/conventosantoantonio\/wp-content\/uploads\/2024\/09\/WhatsApp-Image-2024-09-19-at-10.41.06-300x300.jpeg\" class=\"attachment-thumbnail size-thumbnail\" alt=\"\" loading=\"lazy\" srcset=\"https:\/\/franciscanos.org.br\/conventosantoantonio\/wp-content\/uploads\/2024\/09\/WhatsApp-Image-2024-09-19-at-10.41.06-300x300.jpeg 300w, https:\/\/franciscanos.org.br\/conventosantoantonio\/wp-content\/uploads\/2024\/09\/WhatsApp-Image-2024-09-19-at-10.41.06-400x400.jpeg 400w\" sizes=\"(max-width: 300px) 100vw, 300px\" \/><\/a>\n\t\t\t<\/dt><\/dl><dl class='gallery-item'>\n\t\t\t<dt class='gallery-icon landscape'>\n\t\t\t\t<a href='https:\/\/franciscanos.org.br\/conventosantoantonio\/wp-content\/uploads\/2024\/09\/WhatsApp-Image-2024-09-19-at-10.41.05-3.jpeg'><img width=\"300\" height=\"300\" src=\"https:\/\/franciscanos.org.br\/conventosantoantonio\/wp-content\/uploads\/2024\/09\/WhatsApp-Image-2024-09-19-at-10.41.05-3-300x300.jpeg\" class=\"attachment-thumbnail size-thumbnail\" alt=\"\" loading=\"lazy\" srcset=\"https:\/\/franciscanos.org.br\/conventosantoantonio\/wp-content\/uploads\/2024\/09\/WhatsApp-Image-2024-09-19-at-10.41.05-3-300x300.jpeg 300w, https:\/\/franciscanos.org.br\/conventosantoantonio\/wp-content\/uploads\/2024\/09\/WhatsApp-Image-2024-09-19-at-10.41.05-3-400x400.jpeg 400w\" sizes=\"(max-width: 300px) 100vw, 300px\" \/><\/a>\n\t\t\t<\/dt><\/dl><br style=\"clear: both\" \/><dl class='gallery-item'>\n\t\t\t<dt class='gallery-icon landscape'>\n\t\t\t\t<a href='https:\/\/franciscanos.org.br\/conventosantoantonio\/wp-content\/uploads\/2024\/09\/WhatsApp-Image-2024-09-19-at-10.41.05-2.jpeg'><img width=\"300\" height=\"300\" src=\"https:\/\/franciscanos.org.br\/conventosantoantonio\/wp-content\/uploads\/2024\/09\/WhatsApp-Image-2024-09-19-at-10.41.05-2-300x300.jpeg\" class=\"attachment-thumbnail size-thumbnail\" alt=\"\" loading=\"lazy\" srcset=\"https:\/\/franciscanos.org.br\/conventosantoantonio\/wp-content\/uploads\/2024\/09\/WhatsApp-Image-2024-09-19-at-10.41.05-2-300x300.jpeg 300w, https:\/\/franciscanos.org.br\/conventosantoantonio\/wp-content\/uploads\/2024\/09\/WhatsApp-Image-2024-09-19-at-10.41.05-2-400x400.jpeg 400w\" sizes=\"(max-width: 300px) 100vw, 300px\" \/><\/a>\n\t\t\t<\/dt><\/dl><dl class='gallery-item'>\n\t\t\t<dt class='gallery-icon landscape'>\n\t\t\t\t<a href='https:\/\/franciscanos.org.br\/conventosantoantonio\/wp-content\/uploads\/2024\/09\/WhatsApp-Image-2024-09-19-at-10.41.05-1.jpeg'><img width=\"300\" height=\"300\" src=\"https:\/\/franciscanos.org.br\/conventosantoantonio\/wp-content\/uploads\/2024\/09\/WhatsApp-Image-2024-09-19-at-10.41.05-1-300x300.jpeg\" class=\"attachment-thumbnail size-thumbnail\" alt=\"\" loading=\"lazy\" srcset=\"https:\/\/franciscanos.org.br\/conventosantoantonio\/wp-content\/uploads\/2024\/09\/WhatsApp-Image-2024-09-19-at-10.41.05-1-300x300.jpeg 300w, https:\/\/franciscanos.org.br\/conventosantoantonio\/wp-content\/uploads\/2024\/09\/WhatsApp-Image-2024-09-19-at-10.41.05-1-400x400.jpeg 400w\" sizes=\"(max-width: 300px) 100vw, 300px\" \/><\/a>\n\t\t\t<\/dt><\/dl><dl class='gallery-item'>\n\t\t\t<dt class='gallery-icon landscape'>\n\t\t\t\t<a href='https:\/\/franciscanos.org.br\/conventosantoantonio\/wp-content\/uploads\/2024\/09\/WhatsApp-Image-2024-09-19-at-10.41.05.jpeg'><img width=\"300\" height=\"300\" src=\"https:\/\/franciscanos.org.br\/conventosantoantonio\/wp-content\/uploads\/2024\/09\/WhatsApp-Image-2024-09-19-at-10.41.05-300x300.jpeg\" class=\"attachment-thumbnail size-thumbnail\" alt=\"\" loading=\"lazy\" srcset=\"https:\/\/franciscanos.org.br\/conventosantoantonio\/wp-content\/uploads\/2024\/09\/WhatsApp-Image-2024-09-19-at-10.41.05-300x300.jpeg 300w, https:\/\/franciscanos.org.br\/conventosantoantonio\/wp-content\/uploads\/2024\/09\/WhatsApp-Image-2024-09-19-at-10.41.05-400x400.jpeg 400w\" sizes=\"(max-width: 300px) 100vw, 300px\" \/><\/a>\n\t\t\t<\/dt><\/dl><br style=\"clear: both\" \/>\n\t\t<\/div>\n\n","protected":false},"excerpt":{"rendered":"<p>Celebra\u00e7\u00e3o reuniu frades, militares e comunidade<\/p>\n","protected":false},"author":12,"featured_media":189464,"comment_status":"open","ping_status":"open","sticky":false,"template":"","format":"standard","meta":[],"categories":[105],"tags":[357],"yoast_head":"<!-- This site is optimized with the Yoast SEO plugin v19.4 - https:\/\/yoast.com\/wordpress\/plugins\/seo\/ -->\n<title>Franciscanos e Militares celebram Santo Ant\u00f4nio do Relento - Convento Santo Ant\u00f4nio- Franciscanos<\/title>\n<meta name=\"robots\" content=\"index, follow, max-snippet:-1, max-image-preview:large, max-video-preview:-1\" \/>\n<link rel=\"canonical\" href=\"https:\/\/franciscanos.org.br\/conventosantoantonio\/franciscanos-e-militares-celebram-santo-antonio-do-relento\/\" \/>\n<meta property=\"og:locale\" content=\"pt_BR\" \/>\n<meta property=\"og:type\" content=\"article\" \/>\n<meta property=\"og:title\" content=\"Franciscanos e Militares celebram Santo Ant\u00f4nio do Relento - Convento Santo Ant\u00f4nio- Franciscanos\" \/>\n<meta property=\"og:description\" content=\"Celebra\u00e7\u00e3o reuniu frades, militares e comunidade\" \/>\n<meta property=\"og:url\" content=\"https:\/\/franciscanos.org.br\/conventosantoantonio\/franciscanos-e-militares-celebram-santo-antonio-do-relento\/\" \/>\n<meta property=\"og:site_name\" content=\"Convento Santo Ant\u00f4nio- Franciscanos\" \/>\n<meta property=\"article:published_time\" content=\"2024-09-19T16:39:52+00:00\" \/>\n<meta property=\"og:image\" content=\"https:\/\/franciscanos.org.br\/conventosantoantonio\/wp-content\/uploads\/2024\/09\/CHAMADA.jpg\" \/>\n\t<meta property=\"og:image:width\" content=\"800\" \/>\n\t<meta property=\"og:image:height\" content=\"550\" \/>\n\t<meta property=\"og:image:type\" content=\"image\/jpeg\" \/>\n<meta name=\"author\" content=\"Adriana Rabelo\" \/>\n<meta name=\"twitter:card\" content=\"summary_large_image\" \/>\n<meta name=\"twitter:label1\" content=\"Escrito por\" \/>\n\t<meta name=\"twitter:data1\" content=\"Adriana Rabelo\" \/>\n\t<meta name=\"twitter:label2\" content=\"Est. tempo de leitura\" \/>\n\t<meta name=\"twitter:data2\" content=\"5 minutos\" \/>\n<script type=\"application\/ld+json\" class=\"yoast-schema-graph\">{\"@context\":\"https:\/\/schema.org\",\"@graph\":[{\"@type\":\"WebSite\",\"@id\":\"https:\/\/franciscanos.org.br\/conventosantoantonio\/#website\",\"url\":\"https:\/\/franciscanos.org.br\/conventosantoantonio\/\",\"name\":\"Convento Santo Ant\u00f4nio- Franciscanos\",\"description\":\"Prov\u00edncia Franciscana da Imaculada Concei\u00e7\u00e3o do Brasil - Ordem dos Frades Menores\",\"potentialAction\":[{\"@type\":\"SearchAction\",\"target\":{\"@type\":\"EntryPoint\",\"urlTemplate\":\"https:\/\/franciscanos.org.br\/conventosantoantonio\/?s={search_term_string}\"},\"query-input\":\"required name=search_term_string\"}],\"inLanguage\":\"pt-BR\"},{\"@type\":\"WebPage\",\"@id\":\"https:\/\/franciscanos.org.br\/conventosantoantonio\/franciscanos-e-militares-celebram-santo-antonio-do-relento\/\",\"url\":\"https:\/\/franciscanos.org.br\/conventosantoantonio\/franciscanos-e-militares-celebram-santo-antonio-do-relento\/\",\"name\":\"Franciscanos e Militares celebram Santo Ant\u00f4nio do Relento - Convento Santo Ant\u00f4nio- Franciscanos\",\"isPartOf\":{\"@id\":\"https:\/\/franciscanos.org.br\/conventosantoantonio\/#website\"},\"datePublished\":\"2024-09-19T16:39:52+00:00\",\"dateModified\":\"2024-09-19T16:39:52+00:00\",\"author\":{\"@id\":\"https:\/\/franciscanos.org.br\/conventosantoantonio\/#\/schema\/person\/9a980420618be29f098b094e6e8289e1\"},\"breadcrumb\":{\"@id\":\"https:\/\/franciscanos.org.br\/conventosantoantonio\/franciscanos-e-militares-celebram-santo-antonio-do-relento\/#breadcrumb\"},\"inLanguage\":\"pt-BR\",\"potentialAction\":[{\"@type\":\"ReadAction\",\"target\":[\"https:\/\/franciscanos.org.br\/conventosantoantonio\/franciscanos-e-militares-celebram-santo-antonio-do-relento\/\"]}]},{\"@type\":\"BreadcrumbList\",\"@id\":\"https:\/\/franciscanos.org.br\/conventosantoantonio\/franciscanos-e-militares-celebram-santo-antonio-do-relento\/#breadcrumb\",\"itemListElement\":[{\"@type\":\"ListItem\",\"position\":1,\"name\":\"Home\",\"item\":\"https:\/\/franciscanos.org.br\/conventosantoantonio\/\"},{\"@type\":\"ListItem\",\"position\":2,\"name\":\"Franciscanos e Militares celebram Santo Ant\u00f4nio do Relento\"}]},{\"@type\":\"Person\",\"@id\":\"https:\/\/franciscanos.org.br\/conventosantoantonio\/#\/schema\/person\/9a980420618be29f098b094e6e8289e1\",\"name\":\"Adriana Rabelo\",\"image\":{\"@type\":\"ImageObject\",\"inLanguage\":\"pt-BR\",\"@id\":\"https:\/\/franciscanos.org.br\/conventosantoantonio\/#\/schema\/person\/image\/\",\"url\":\"https:\/\/secure.gravatar.com\/avatar\/0a937b7500cd7df77540cfb8bede877d?s=96&d=mm&r=g\",\"contentUrl\":\"https:\/\/secure.gravatar.com\/avatar\/0a937b7500cd7df77540cfb8bede877d?s=96&d=mm&r=g\",\"caption\":\"Adriana Rabelo\"},\"url\":\"https:\/\/franciscanos.org.br\/conventosantoantonio\/author\/adrianarabelo\/\"}]}<\/script>\n<!-- \/ Yoast SEO plugin. -->","yoast_head_json":{"title":"Franciscanos e Militares celebram Santo Ant\u00f4nio do Relento - Convento Santo Ant\u00f4nio- Franciscanos","robots":{"index":"index","follow":"follow","max-snippet":"max-snippet:-1","max-image-preview":"max-image-preview:large","max-video-preview":"max-video-preview:-1"},"canonical":"https:\/\/franciscanos.org.br\/conventosantoantonio\/franciscanos-e-militares-celebram-santo-antonio-do-relento\/","og_locale":"pt_BR","og_type":"article","og_title":"Franciscanos e Militares celebram Santo Ant\u00f4nio do Relento - Convento Santo Ant\u00f4nio- Franciscanos","og_description":"Celebra\u00e7\u00e3o reuniu frades, militares e comunidade","og_url":"https:\/\/franciscanos.org.br\/conventosantoantonio\/franciscanos-e-militares-celebram-santo-antonio-do-relento\/","og_site_name":"Convento Santo Ant\u00f4nio- Franciscanos","article_published_time":"2024-09-19T16:39:52+00:00","og_image":[{"width":800,"height":550,"url":"https:\/\/franciscanos.org.br\/conventosantoantonio\/wp-content\/uploads\/2024\/09\/CHAMADA.jpg","type":"image\/jpeg"}],"author":"Adriana Rabelo","twitter_card":"summary_large_image","twitter_misc":{"Escrito por":"Adriana Rabelo","Est. tempo de leitura":"5 minutos"},"schema":{"@context":"https:\/\/schema.org","@graph":[{"@type":"WebSite","@id":"https:\/\/franciscanos.org.br\/conventosantoantonio\/#website","url":"https:\/\/franciscanos.org.br\/conventosantoantonio\/","name":"Convento Santo Ant\u00f4nio- Franciscanos","description":"Prov\u00edncia Franciscana da Imaculada Concei\u00e7\u00e3o do Brasil - Ordem dos Frades Menores","potentialAction":[{"@type":"SearchAction","target":{"@type":"EntryPoint","urlTemplate":"https:\/\/franciscanos.org.br\/conventosantoantonio\/?s={search_term_string}"},"query-input":"required name=search_term_string"}],"inLanguage":"pt-BR"},{"@type":"WebPage","@id":"https:\/\/franciscanos.org.br\/conventosantoantonio\/franciscanos-e-militares-celebram-santo-antonio-do-relento\/","url":"https:\/\/franciscanos.org.br\/conventosantoantonio\/franciscanos-e-militares-celebram-santo-antonio-do-relento\/","name":"Franciscanos e Militares celebram Santo Ant\u00f4nio do Relento - Convento Santo Ant\u00f4nio- Franciscanos","isPartOf":{"@id":"https:\/\/franciscanos.org.br\/conventosantoantonio\/#website"},"datePublished":"2024-09-19T16:39:52+00:00","dateModified":"2024-09-19T16:39:52+00:00","author":{"@id":"https:\/\/franciscanos.org.br\/conventosantoantonio\/#\/schema\/person\/9a980420618be29f098b094e6e8289e1"},"breadcrumb":{"@id":"https:\/\/franciscanos.org.br\/conventosantoantonio\/franciscanos-e-militares-celebram-santo-antonio-do-relento\/#breadcrumb"},"inLanguage":"pt-BR","potentialAction":[{"@type":"ReadAction","target":["https:\/\/franciscanos.org.br\/conventosantoantonio\/franciscanos-e-militares-celebram-santo-antonio-do-relento\/"]}]},{"@type":"BreadcrumbList","@id":"https:\/\/franciscanos.org.br\/conventosantoantonio\/franciscanos-e-militares-celebram-santo-antonio-do-relento\/#breadcrumb","itemListElement":[{"@type":"ListItem","position":1,"name":"Home","item":"https:\/\/franciscanos.org.br\/conventosantoantonio\/"},{"@type":"ListItem","position":2,"name":"Franciscanos e Militares celebram Santo Ant\u00f4nio do Relento"}]},{"@type":"Person","@id":"https:\/\/franciscanos.org.br\/conventosantoantonio\/#\/schema\/person\/9a980420618be29f098b094e6e8289e1","name":"Adriana Rabelo","image":{"@type":"ImageObject","inLanguage":"pt-BR","@id":"https:\/\/franciscanos.org.br\/conventosantoantonio\/#\/schema\/person\/image\/","url":"https:\/\/secure.gravatar.com\/avatar\/0a937b7500cd7df77540cfb8bede877d?s=96&d=mm&r=g","contentUrl":"https:\/\/secure.gravatar.com\/avatar\/0a937b7500cd7df77540cfb8bede877d?s=96&d=mm&r=g","caption":"Adriana Rabelo"},"url":"https:\/\/franciscanos.org.br\/conventosantoantonio\/author\/adrianarabelo\/"}]}},"_links":{"self":[{"href":"https:\/\/franciscanos.org.br\/conventosantoantonio\/wp-json\/wp\/v2\/posts\/189442"}],"collection":[{"href":"https:\/\/franciscanos.org.br\/conventosantoantonio\/wp-json\/wp\/v2\/posts"}],"about":[{"href":"https:\/\/franciscanos.org.br\/conventosantoantonio\/wp-json\/wp\/v2\/types\/post"}],"author":[{"embeddable":true,"href":"https:\/\/franciscanos.org.br\/conventosantoantonio\/wp-json\/wp\/v2\/users\/12"}],"replies":[{"embeddable":true,"href":"https:\/\/franciscanos.org.br\/conventosantoantonio\/wp-json\/wp\/v2\/comments?post=189442"}],"version-history":[{"count":6,"href":"https:\/\/franciscanos.org.br\/conventosantoantonio\/wp-json\/wp\/v2\/posts\/189442\/revisions"}],"predecessor-version":[{"id":189465,"href":"https:\/\/franciscanos.org.br\/conventosantoantonio\/wp-json\/wp\/v2\/posts\/189442\/revisions\/189465"}],"wp:featuredmedia":[{"embeddable":true,"href":"https:\/\/franciscanos.org.br\/conventosantoantonio\/wp-json\/wp\/v2\/media\/189464"}],"wp:attachment":[{"href":"https:\/\/franciscanos.org.br\/conventosantoantonio\/wp-json\/wp\/v2\/media?parent=189442"}],"wp:term":[{"taxonomy":"category","embeddable":true,"href":"https:\/\/franciscanos.org.br\/conventosantoantonio\/wp-json\/wp\/v2\/categories?post=189442"},{"taxonomy":"post_tag","embeddable":true,"href":"https:\/\/franciscanos.org.br\/conventosantoantonio\/wp-json\/wp\/v2\/tags?post=189442"}],"curies":[{"name":"wp","href":"https:\/\/api.w.org\/{rel}","templated":true}]}}