{"id":189399,"date":"2024-07-19T12:06:12","date_gmt":"2024-07-19T15:06:12","guid":{"rendered":"https:\/\/franciscanos.org.br\/conventosantoantonio\/?p=189399"},"modified":"2024-07-19T12:43:00","modified_gmt":"2024-07-19T15:43:00","slug":"nossa-senhora-de-nazare-e-santo-antonio-encontro-de-bencaos-para-o-rio-de-janeiro","status":"publish","type":"post","link":"https:\/\/franciscanos.org.br\/conventosantoantonio\/nossa-senhora-de-nazare-e-santo-antonio-encontro-de-bencaos-para-o-rio-de-janeiro\/","title":{"rendered":"Nossa Senhora de Nazar\u00e9 e Santo Ant\u00f4nio: encontro de b\u00ean\u00e7\u00e3os para o Rio de Janeiro"},"content":{"rendered":"<p><img loading=\"lazy\" class=\"aligncenter wp-image-189400 size-full\" src=\"https:\/\/franciscanos.org.br\/conventosantoantonio\/wp-content\/uploads\/2024\/07\/IMG-20240719-WA0033.jpg\" alt=\"\" width=\"1280\" height=\"720\" srcset=\"https:\/\/franciscanos.org.br\/conventosantoantonio\/wp-content\/uploads\/2024\/07\/IMG-20240719-WA0033.jpg 1280w, https:\/\/franciscanos.org.br\/conventosantoantonio\/wp-content\/uploads\/2024\/07\/IMG-20240719-WA0033-450x253.jpg 450w, https:\/\/franciscanos.org.br\/conventosantoantonio\/wp-content\/uploads\/2024\/07\/IMG-20240719-WA0033-1024x576.jpg 1024w, https:\/\/franciscanos.org.br\/conventosantoantonio\/wp-content\/uploads\/2024\/07\/IMG-20240719-WA0033-768x432.jpg 768w, https:\/\/franciscanos.org.br\/conventosantoantonio\/wp-content\/uploads\/2024\/07\/IMG-20240719-WA0033-150x84.jpg 150w\" sizes=\"(max-width: 1280px) 100vw, 1280px\" \/><\/p>\n<p>Um dos primeiros lugares visitados pela Imagem peregrina de Nossa Senhora de Nazar\u00e9 no C\u00edrio 2024 da Arquidiocese do Rio de Janeiro, o Convento Santo Ant\u00f4nio do Largo da Carioca abriu suas portas para receber, junto \u00e0 imagem, os peregrinos e devotos da \u201cM\u00e3e da Amaz\u00f4nia\u201d. A chegada foi nesta quinta-feira (18\/06), \u00e0s 11h. Antes das 10h30 o carro com a Berlinda carregando a Santa apontou junto ao port\u00e3o do Convento. Veio conduzida pelos guardi\u00e3es de Nossa Senhora de Nazar\u00e9 e com a presen\u00e7a do Cardeal Arcebispo do Rio de Janeiro, Dom Orani Jo\u00e3o Tempesta, do Reitor do Santu\u00e1rio de Nossa Senhora de Nazar\u00e9, em Bel\u00e9m do Par\u00e1, Padre Francisco Maria Assis, do P\u00e1roco da Catedral do Rio de Janeiro, C\u00f4nego Claudio dos Santos. Foi recebida, em nome dos frades, pelo Guardi\u00e3o do Convento Santo Ant\u00f4nio, Frei Walter Ferreira Junior, logo reunindo em torno da imagem consider\u00e1vel n\u00famero de fi\u00e9is devotos.<\/p>\n\n\t\t<style type=\"text\/css\">\n\t\t\t#gallery-1 {\n\t\t\t\tmargin: auto;\n\t\t\t}\n\t\t\t#gallery-1 .gallery-item {\n\t\t\t\tfloat: left;\n\t\t\t\tmargin-top: 10px;\n\t\t\t\ttext-align: center;\n\t\t\t\twidth: 25%;\n\t\t\t}\n\t\t\t#gallery-1 img {\n\t\t\t\tborder: 2px solid #cfcfcf;\n\t\t\t}\n\t\t\t#gallery-1 .gallery-caption {\n\t\t\t\tmargin-left: 0;\n\t\t\t}\n\t\t\t\/* see gallery_shortcode() in wp-includes\/media.php *\/\n\t\t<\/style>\n\t\t<div id='gallery-1' class='gallery galleryid-189399 gallery-columns-4 gallery-size-thumbnail'><dl class='gallery-item'>\n\t\t\t<dt class='gallery-icon landscape'>\n\t\t\t\t<a href='https:\/\/franciscanos.org.br\/conventosantoantonio\/wp-content\/uploads\/2024\/07\/IMG-20240719-WA0015.jpg'><img width=\"300\" height=\"300\" src=\"https:\/\/franciscanos.org.br\/conventosantoantonio\/wp-content\/uploads\/2024\/07\/IMG-20240719-WA0015-300x300.jpg\" class=\"attachment-thumbnail size-thumbnail\" alt=\"\" loading=\"lazy\" srcset=\"https:\/\/franciscanos.org.br\/conventosantoantonio\/wp-content\/uploads\/2024\/07\/IMG-20240719-WA0015-300x300.jpg 300w, https:\/\/franciscanos.org.br\/conventosantoantonio\/wp-content\/uploads\/2024\/07\/IMG-20240719-WA0015-400x400.jpg 400w\" sizes=\"(max-width: 300px) 100vw, 300px\" \/><\/a>\n\t\t\t<\/dt><\/dl><dl class='gallery-item'>\n\t\t\t<dt class='gallery-icon portrait'>\n\t\t\t\t<a href='https:\/\/franciscanos.org.br\/conventosantoantonio\/wp-content\/uploads\/2024\/07\/IMG-20240719-WA0018.jpg'><img width=\"300\" height=\"300\" src=\"https:\/\/franciscanos.org.br\/conventosantoantonio\/wp-content\/uploads\/2024\/07\/IMG-20240719-WA0018-300x300.jpg\" class=\"attachment-thumbnail size-thumbnail\" alt=\"\" loading=\"lazy\" srcset=\"https:\/\/franciscanos.org.br\/conventosantoantonio\/wp-content\/uploads\/2024\/07\/IMG-20240719-WA0018-300x300.jpg 300w, https:\/\/franciscanos.org.br\/conventosantoantonio\/wp-content\/uploads\/2024\/07\/IMG-20240719-WA0018-400x400.jpg 400w\" sizes=\"(max-width: 300px) 100vw, 300px\" \/><\/a>\n\t\t\t<\/dt><\/dl><dl class='gallery-item'>\n\t\t\t<dt class='gallery-icon portrait'>\n\t\t\t\t<a href='https:\/\/franciscanos.org.br\/conventosantoantonio\/wp-content\/uploads\/2024\/07\/IMG-20240719-WA0037.jpg'><img width=\"300\" height=\"300\" src=\"https:\/\/franciscanos.org.br\/conventosantoantonio\/wp-content\/uploads\/2024\/07\/IMG-20240719-WA0037-300x300.jpg\" class=\"attachment-thumbnail size-thumbnail\" alt=\"\" loading=\"lazy\" srcset=\"https:\/\/franciscanos.org.br\/conventosantoantonio\/wp-content\/uploads\/2024\/07\/IMG-20240719-WA0037-300x300.jpg 300w, https:\/\/franciscanos.org.br\/conventosantoantonio\/wp-content\/uploads\/2024\/07\/IMG-20240719-WA0037-400x400.jpg 400w\" sizes=\"(max-width: 300px) 100vw, 300px\" \/><\/a>\n\t\t\t<\/dt><\/dl><dl class='gallery-item'>\n\t\t\t<dt class='gallery-icon landscape'>\n\t\t\t\t<a href='https:\/\/franciscanos.org.br\/conventosantoantonio\/wp-content\/uploads\/2024\/07\/IMG-20240719-WA0040.jpg'><img width=\"300\" height=\"300\" src=\"https:\/\/franciscanos.org.br\/conventosantoantonio\/wp-content\/uploads\/2024\/07\/IMG-20240719-WA0040-300x300.jpg\" class=\"attachment-thumbnail size-thumbnail\" alt=\"\" loading=\"lazy\" srcset=\"https:\/\/franciscanos.org.br\/conventosantoantonio\/wp-content\/uploads\/2024\/07\/IMG-20240719-WA0040-300x300.jpg 300w, https:\/\/franciscanos.org.br\/conventosantoantonio\/wp-content\/uploads\/2024\/07\/IMG-20240719-WA0040-400x400.jpg 400w\" sizes=\"(max-width: 300px) 100vw, 300px\" \/><\/a>\n\t\t\t<\/dt><\/dl><br style=\"clear: both\" \/>\n\t\t<\/div>\n\n<p>Foi conduzida pela escadaria de mais de cem degraus at\u00e9 a porta da Igreja, num percurso onde a f\u00e9 e a alegria superaram o cansa\u00e7o. Recebida pelos fi\u00e9is que acenavam com len\u00e7os amarelos e brancos, a imagem foi entronizada no lugar especialmente preparado para ela pr\u00f3ximo ao altar de Santo Ant\u00f4nio. A celebra\u00e7\u00e3o, marcada pela simplicidade e pela concentra\u00e7\u00e3o dos participantes, foi conduzida pelo Reitor do Santu\u00e1rio de Nossa Senhora de Nazar\u00e9, Padre Assis que, em sua breve reflex\u00e3o, destacou o significado profundo da experi\u00eancia de f\u00e9 vivida pelo povo no C\u00edrio de Nazar\u00e9: \u201cPor mais que haja reportagens e bons document\u00e1rios produzidos sobre o C\u00edrio, a grande for\u00e7a desta manifesta\u00e7\u00e3o de f\u00e9 se d\u00e1 quando ela \u00e9 vivenciada pessoalmente\u201d, destacou. O padre tamb\u00e9m recordou os muitos gestos de fraternidade e solidariedade que ocorrem durante a celebra\u00e7\u00e3o do C\u00edrio, realizada sempre no 2\u00ba Domingo de outubro, em Bel\u00e9m do Par\u00e1, reunindo mais de 2 milh\u00f5es de pessoas: \u201cMais de uma vez vi uma garrafinha pequena de \u00e1gua ser dividida por dez ou quinze pessoas, cada uma tomando um pouco para se refrescar do forte calor e poder cumprir aquela exigente jornada de f\u00e9\u201d, testemunhou o reitor.<\/p>\n<p>Fazendo alus\u00e3o \u00e0 grande corda que \u00e9 uma das marcas principais do C\u00edrio em Bel\u00e9m, o Guardi\u00e3o do Convento, Frei Walter, ressaltou que a presen\u00e7a da Imagem de Nossa Senhora de Nazar\u00e9 entre o povo vem tornar ainda mais forte a corda que une cada pessoa e a comunidade de f\u00e9 a Deus. \u201cN\u00f3s s\u00f3 temos a agradecer por este carinho t\u00e3o especial de Nossa Senhora ter vindo visitar o Convento Santo Ant\u00f4nio\u201d, declarou com gratid\u00e3o Frei Walter. Tamb\u00e9m esteve presente o Vig\u00e1rio Episcopal do Vicariato Urbano, Padre Wagner Toledo, que destacou a miseric\u00f3rdia de Maria como uma de suas principais li\u00e7\u00f5es para a Igreja hoje.<\/p>\n\n\t\t<style type=\"text\/css\">\n\t\t\t#gallery-2 {\n\t\t\t\tmargin: auto;\n\t\t\t}\n\t\t\t#gallery-2 .gallery-item {\n\t\t\t\tfloat: left;\n\t\t\t\tmargin-top: 10px;\n\t\t\t\ttext-align: center;\n\t\t\t\twidth: 16%;\n\t\t\t}\n\t\t\t#gallery-2 img {\n\t\t\t\tborder: 2px solid #cfcfcf;\n\t\t\t}\n\t\t\t#gallery-2 .gallery-caption {\n\t\t\t\tmargin-left: 0;\n\t\t\t}\n\t\t\t\/* see gallery_shortcode() in wp-includes\/media.php *\/\n\t\t<\/style>\n\t\t<div id='gallery-2' class='gallery galleryid-189399 gallery-columns-6 gallery-size-thumbnail'><dl class='gallery-item'>\n\t\t\t<dt class='gallery-icon landscape'>\n\t\t\t\t<a href='https:\/\/franciscanos.org.br\/conventosantoantonio\/wp-content\/uploads\/2024\/07\/IMG-20240719-WA0019.jpg'><img width=\"300\" height=\"300\" src=\"https:\/\/franciscanos.org.br\/conventosantoantonio\/wp-content\/uploads\/2024\/07\/IMG-20240719-WA0019-300x300.jpg\" class=\"attachment-thumbnail size-thumbnail\" alt=\"\" loading=\"lazy\" srcset=\"https:\/\/franciscanos.org.br\/conventosantoantonio\/wp-content\/uploads\/2024\/07\/IMG-20240719-WA0019-300x300.jpg 300w, https:\/\/franciscanos.org.br\/conventosantoantonio\/wp-content\/uploads\/2024\/07\/IMG-20240719-WA0019-400x400.jpg 400w\" sizes=\"(max-width: 300px) 100vw, 300px\" \/><\/a>\n\t\t\t<\/dt><\/dl><dl class='gallery-item'>\n\t\t\t<dt class='gallery-icon landscape'>\n\t\t\t\t<a href='https:\/\/franciscanos.org.br\/conventosantoantonio\/wp-content\/uploads\/2024\/07\/IMG-20240719-WA0021.jpg'><img width=\"300\" height=\"300\" src=\"https:\/\/franciscanos.org.br\/conventosantoantonio\/wp-content\/uploads\/2024\/07\/IMG-20240719-WA0021-300x300.jpg\" class=\"attachment-thumbnail size-thumbnail\" alt=\"\" loading=\"lazy\" srcset=\"https:\/\/franciscanos.org.br\/conventosantoantonio\/wp-content\/uploads\/2024\/07\/IMG-20240719-WA0021-300x300.jpg 300w, https:\/\/franciscanos.org.br\/conventosantoantonio\/wp-content\/uploads\/2024\/07\/IMG-20240719-WA0021-400x400.jpg 400w\" sizes=\"(max-width: 300px) 100vw, 300px\" \/><\/a>\n\t\t\t<\/dt><\/dl><dl class='gallery-item'>\n\t\t\t<dt class='gallery-icon landscape'>\n\t\t\t\t<a href='https:\/\/franciscanos.org.br\/conventosantoantonio\/wp-content\/uploads\/2024\/07\/IMG-20240719-WA0022.jpg'><img width=\"300\" height=\"300\" src=\"https:\/\/franciscanos.org.br\/conventosantoantonio\/wp-content\/uploads\/2024\/07\/IMG-20240719-WA0022-300x300.jpg\" class=\"attachment-thumbnail size-thumbnail\" alt=\"\" loading=\"lazy\" srcset=\"https:\/\/franciscanos.org.br\/conventosantoantonio\/wp-content\/uploads\/2024\/07\/IMG-20240719-WA0022-300x300.jpg 300w, https:\/\/franciscanos.org.br\/conventosantoantonio\/wp-content\/uploads\/2024\/07\/IMG-20240719-WA0022-400x400.jpg 400w\" sizes=\"(max-width: 300px) 100vw, 300px\" \/><\/a>\n\t\t\t<\/dt><\/dl><dl class='gallery-item'>\n\t\t\t<dt class='gallery-icon landscape'>\n\t\t\t\t<a href='https:\/\/franciscanos.org.br\/conventosantoantonio\/wp-content\/uploads\/2024\/07\/IMG-20240719-WA0023.jpg'><img width=\"300\" height=\"300\" src=\"https:\/\/franciscanos.org.br\/conventosantoantonio\/wp-content\/uploads\/2024\/07\/IMG-20240719-WA0023-300x300.jpg\" class=\"attachment-thumbnail size-thumbnail\" alt=\"\" loading=\"lazy\" srcset=\"https:\/\/franciscanos.org.br\/conventosantoantonio\/wp-content\/uploads\/2024\/07\/IMG-20240719-WA0023-300x300.jpg 300w, https:\/\/franciscanos.org.br\/conventosantoantonio\/wp-content\/uploads\/2024\/07\/IMG-20240719-WA0023-400x400.jpg 400w\" sizes=\"(max-width: 300px) 100vw, 300px\" \/><\/a>\n\t\t\t<\/dt><\/dl><dl class='gallery-item'>\n\t\t\t<dt class='gallery-icon landscape'>\n\t\t\t\t<a href='https:\/\/franciscanos.org.br\/conventosantoantonio\/wp-content\/uploads\/2024\/07\/IMG-20240719-WA0028.jpg'><img width=\"300\" height=\"300\" src=\"https:\/\/franciscanos.org.br\/conventosantoantonio\/wp-content\/uploads\/2024\/07\/IMG-20240719-WA0028-300x300.jpg\" class=\"attachment-thumbnail size-thumbnail\" alt=\"\" loading=\"lazy\" srcset=\"https:\/\/franciscanos.org.br\/conventosantoantonio\/wp-content\/uploads\/2024\/07\/IMG-20240719-WA0028-300x300.jpg 300w, https:\/\/franciscanos.org.br\/conventosantoantonio\/wp-content\/uploads\/2024\/07\/IMG-20240719-WA0028-400x400.jpg 400w\" sizes=\"(max-width: 300px) 100vw, 300px\" \/><\/a>\n\t\t\t<\/dt><\/dl><dl class='gallery-item'>\n\t\t\t<dt class='gallery-icon landscape'>\n\t\t\t\t<a href='https:\/\/franciscanos.org.br\/conventosantoantonio\/wp-content\/uploads\/2024\/07\/IMG-20240719-WA0041.jpg'><img width=\"300\" height=\"300\" src=\"https:\/\/franciscanos.org.br\/conventosantoantonio\/wp-content\/uploads\/2024\/07\/IMG-20240719-WA0041-300x300.jpg\" class=\"attachment-thumbnail size-thumbnail\" alt=\"\" loading=\"lazy\" srcset=\"https:\/\/franciscanos.org.br\/conventosantoantonio\/wp-content\/uploads\/2024\/07\/IMG-20240719-WA0041-300x300.jpg 300w, https:\/\/franciscanos.org.br\/conventosantoantonio\/wp-content\/uploads\/2024\/07\/IMG-20240719-WA0041-400x400.jpg 400w\" sizes=\"(max-width: 300px) 100vw, 300px\" \/><\/a>\n\t\t\t<\/dt><\/dl><br style=\"clear: both\" \/>\n\t\t<\/div>\n\n<p>Logo ap\u00f3s o momento de prece, a Imagem permaneceu na igreja do Convento para a venera\u00e7\u00e3o dos fi\u00e9is. Houve ainda a ora\u00e7\u00e3o do Ter\u00e7o, dirigida por Frei Guido Scotini. Ao meio-dia, Frei Neylor Tonin presidiu a Eucaristia ainda com a presen\u00e7a da imagem. \u00c0s 13h, a Imagem Nossa Senhora de Nazar\u00e9 precisou seguir a peregrina\u00e7\u00e3o, sendo conduzida para a Capela Nossa Senhora de Nazar\u00e9, na Cacuia, Ilha do Governador, onde era aguardada \u00e0s 14h. O lema do C\u00edrio 2024 da Arquidiocese do Rio \u00e9 \u201cPerseverar na ora\u00e7\u00e3o com Maria, M\u00e3e de Jesus\u201d e a programa\u00e7\u00e3o segue at\u00e9 o pr\u00f3ximo domingo, dia 21 de julho.<\/p>\n<hr \/>\n<p>Equipe de comunica\u00e7\u00e3o Convento Santo Ant\u00f4nio- Largo da Carioca<\/p>\n<div style=\"width: 848px;\" class=\"wp-video\"><!--[if lt IE 9]><script>document.createElement('video');<\/script><![endif]-->\n<video class=\"wp-video-shortcode\" id=\"video-189399-1\" width=\"848\" height=\"480\" poster=\"https:\/\/franciscanos.org.br\/conventosantoantonio\/wp-content\/uploads\/2024\/07\/IMG-20240719-WA0040.jpg\" preload=\"metadata\" controls=\"controls\"><source type=\"video\/mp4\" src=\"https:\/\/franciscanos.org.br\/conventosantoantonio\/wp-content\/uploads\/2024\/07\/convento-santo-antonio.mp4?_=1\" \/><a href=\"https:\/\/franciscanos.org.br\/conventosantoantonio\/wp-content\/uploads\/2024\/07\/convento-santo-antonio.mp4\">https:\/\/franciscanos.org.br\/conventosantoantonio\/wp-content\/uploads\/2024\/07\/convento-santo-antonio.mp4<\/a><\/video><\/div>\n","protected":false},"excerpt":{"rendered":"<p>Um dos primeiros lugares visitados pela Imagem peregrina de Nossa Senhora de Nazar\u00e9 no C\u00edrio 2024 da Arquidiocese do Rio de Janeiro, o Convento Santo Ant\u00f4nio do Largo da Carioca abriu suas portas para receber, junto \u00e0 imagem, os peregrinos e devotos da \u201cM\u00e3e da Amaz\u00f4nia\u201d. A chegada foi nesta quinta-feira (18\/06), \u00e0s 11h. Antes [&hellip;]<\/p>\n","protected":false},"author":11,"featured_media":0,"comment_status":"open","ping_status":"open","sticky":false,"template":"","format":"standard","meta":[],"categories":[105],"tags":[357,383],"yoast_head":"<!-- This site is optimized with the Yoast SEO plugin v19.4 - https:\/\/yoast.com\/wordpress\/plugins\/seo\/ -->\n<title>Nossa Senhora de Nazar\u00e9 e Santo Ant\u00f4nio: encontro de b\u00ean\u00e7\u00e3os para o Rio de Janeiro - Convento Santo Ant\u00f4nio- Franciscanos<\/title>\n<meta name=\"robots\" content=\"index, follow, max-snippet:-1, max-image-preview:large, max-video-preview:-1\" \/>\n<link rel=\"canonical\" href=\"https:\/\/franciscanos.org.br\/conventosantoantonio\/nossa-senhora-de-nazare-e-santo-antonio-encontro-de-bencaos-para-o-rio-de-janeiro\/\" \/>\n<meta property=\"og:locale\" content=\"pt_BR\" \/>\n<meta property=\"og:type\" content=\"article\" \/>\n<meta property=\"og:title\" content=\"Nossa Senhora de Nazar\u00e9 e Santo Ant\u00f4nio: encontro de b\u00ean\u00e7\u00e3os para o Rio de Janeiro - Convento Santo Ant\u00f4nio- Franciscanos\" \/>\n<meta property=\"og:description\" content=\"Um dos primeiros lugares visitados pela Imagem peregrina de Nossa Senhora de Nazar\u00e9 no C\u00edrio 2024 da Arquidiocese do Rio de Janeiro, o Convento Santo Ant\u00f4nio do Largo da Carioca abriu suas portas para receber, junto \u00e0 imagem, os peregrinos e devotos da \u201cM\u00e3e da Amaz\u00f4nia\u201d. A chegada foi nesta quinta-feira (18\/06), \u00e0s 11h. Antes [&hellip;]\" \/>\n<meta property=\"og:url\" content=\"https:\/\/franciscanos.org.br\/conventosantoantonio\/nossa-senhora-de-nazare-e-santo-antonio-encontro-de-bencaos-para-o-rio-de-janeiro\/\" \/>\n<meta property=\"og:site_name\" content=\"Convento Santo Ant\u00f4nio- Franciscanos\" \/>\n<meta property=\"article:published_time\" content=\"2024-07-19T15:06:12+00:00\" \/>\n<meta property=\"article:modified_time\" content=\"2024-07-19T15:43:00+00:00\" \/>\n<meta property=\"og:image\" content=\"https:\/\/franciscanos.org.br\/conventosantoantonio\/wp-content\/uploads\/2024\/07\/IMG-20240719-WA0015-300x300.jpg\" \/>\n<meta name=\"author\" content=\"Jo\u00e3o Vitor\" \/>\n<meta name=\"twitter:card\" content=\"summary_large_image\" \/>\n<meta name=\"twitter:label1\" content=\"Escrito por\" \/>\n\t<meta name=\"twitter:data1\" content=\"Jo\u00e3o Vitor\" \/>\n\t<meta name=\"twitter:label2\" content=\"Est. tempo de leitura\" \/>\n\t<meta name=\"twitter:data2\" content=\"4 minutos\" \/>\n<script type=\"application\/ld+json\" class=\"yoast-schema-graph\">{\"@context\":\"https:\/\/schema.org\",\"@graph\":[{\"@type\":\"WebSite\",\"@id\":\"https:\/\/franciscanos.org.br\/conventosantoantonio\/#website\",\"url\":\"https:\/\/franciscanos.org.br\/conventosantoantonio\/\",\"name\":\"Convento Santo Ant\u00f4nio- Franciscanos\",\"description\":\"Prov\u00edncia Franciscana da Imaculada Concei\u00e7\u00e3o do Brasil - Ordem dos Frades Menores\",\"potentialAction\":[{\"@type\":\"SearchAction\",\"target\":{\"@type\":\"EntryPoint\",\"urlTemplate\":\"https:\/\/franciscanos.org.br\/conventosantoantonio\/?s={search_term_string}\"},\"query-input\":\"required name=search_term_string\"}],\"inLanguage\":\"pt-BR\"},{\"@type\":\"WebPage\",\"@id\":\"https:\/\/franciscanos.org.br\/conventosantoantonio\/nossa-senhora-de-nazare-e-santo-antonio-encontro-de-bencaos-para-o-rio-de-janeiro\/\",\"url\":\"https:\/\/franciscanos.org.br\/conventosantoantonio\/nossa-senhora-de-nazare-e-santo-antonio-encontro-de-bencaos-para-o-rio-de-janeiro\/\",\"name\":\"Nossa Senhora de Nazar\u00e9 e Santo Ant\u00f4nio: encontro de b\u00ean\u00e7\u00e3os para o Rio de Janeiro - Convento Santo Ant\u00f4nio- Franciscanos\",\"isPartOf\":{\"@id\":\"https:\/\/franciscanos.org.br\/conventosantoantonio\/#website\"},\"datePublished\":\"2024-07-19T15:06:12+00:00\",\"dateModified\":\"2024-07-19T15:43:00+00:00\",\"author\":{\"@id\":\"https:\/\/franciscanos.org.br\/conventosantoantonio\/#\/schema\/person\/4856196eadc38925e0011d1c6241b8bf\"},\"breadcrumb\":{\"@id\":\"https:\/\/franciscanos.org.br\/conventosantoantonio\/nossa-senhora-de-nazare-e-santo-antonio-encontro-de-bencaos-para-o-rio-de-janeiro\/#breadcrumb\"},\"inLanguage\":\"pt-BR\",\"potentialAction\":[{\"@type\":\"ReadAction\",\"target\":[\"https:\/\/franciscanos.org.br\/conventosantoantonio\/nossa-senhora-de-nazare-e-santo-antonio-encontro-de-bencaos-para-o-rio-de-janeiro\/\"]}]},{\"@type\":\"BreadcrumbList\",\"@id\":\"https:\/\/franciscanos.org.br\/conventosantoantonio\/nossa-senhora-de-nazare-e-santo-antonio-encontro-de-bencaos-para-o-rio-de-janeiro\/#breadcrumb\",\"itemListElement\":[{\"@type\":\"ListItem\",\"position\":1,\"name\":\"Home\",\"item\":\"https:\/\/franciscanos.org.br\/conventosantoantonio\/\"},{\"@type\":\"ListItem\",\"position\":2,\"name\":\"Nossa Senhora de Nazar\u00e9 e Santo Ant\u00f4nio: encontro de b\u00ean\u00e7\u00e3os para o Rio de Janeiro\"}]},{\"@type\":\"Person\",\"@id\":\"https:\/\/franciscanos.org.br\/conventosantoantonio\/#\/schema\/person\/4856196eadc38925e0011d1c6241b8bf\",\"name\":\"Jo\u00e3o Vitor\",\"image\":{\"@type\":\"ImageObject\",\"inLanguage\":\"pt-BR\",\"@id\":\"https:\/\/franciscanos.org.br\/conventosantoantonio\/#\/schema\/person\/image\/\",\"url\":\"https:\/\/secure.gravatar.com\/avatar\/10ba5c9713e0c323617b4309a19e3a46?s=96&d=mm&r=g\",\"contentUrl\":\"https:\/\/secure.gravatar.com\/avatar\/10ba5c9713e0c323617b4309a19e3a46?s=96&d=mm&r=g\",\"caption\":\"Jo\u00e3o Vitor\"},\"url\":\"https:\/\/franciscanos.org.br\/conventosantoantonio\/author\/joaovitor\/\"}]}<\/script>\n<!-- \/ Yoast SEO plugin. -->","yoast_head_json":{"title":"Nossa Senhora de Nazar\u00e9 e Santo Ant\u00f4nio: encontro de b\u00ean\u00e7\u00e3os para o Rio de Janeiro - Convento Santo Ant\u00f4nio- Franciscanos","robots":{"index":"index","follow":"follow","max-snippet":"max-snippet:-1","max-image-preview":"max-image-preview:large","max-video-preview":"max-video-preview:-1"},"canonical":"https:\/\/franciscanos.org.br\/conventosantoantonio\/nossa-senhora-de-nazare-e-santo-antonio-encontro-de-bencaos-para-o-rio-de-janeiro\/","og_locale":"pt_BR","og_type":"article","og_title":"Nossa Senhora de Nazar\u00e9 e Santo Ant\u00f4nio: encontro de b\u00ean\u00e7\u00e3os para o Rio de Janeiro - Convento Santo Ant\u00f4nio- Franciscanos","og_description":"Um dos primeiros lugares visitados pela Imagem peregrina de Nossa Senhora de Nazar\u00e9 no C\u00edrio 2024 da Arquidiocese do Rio de Janeiro, o Convento Santo Ant\u00f4nio do Largo da Carioca abriu suas portas para receber, junto \u00e0 imagem, os peregrinos e devotos da \u201cM\u00e3e da Amaz\u00f4nia\u201d. A chegada foi nesta quinta-feira (18\/06), \u00e0s 11h. Antes [&hellip;]","og_url":"https:\/\/franciscanos.org.br\/conventosantoantonio\/nossa-senhora-de-nazare-e-santo-antonio-encontro-de-bencaos-para-o-rio-de-janeiro\/","og_site_name":"Convento Santo Ant\u00f4nio- Franciscanos","article_published_time":"2024-07-19T15:06:12+00:00","article_modified_time":"2024-07-19T15:43:00+00:00","og_image":[{"url":"https:\/\/franciscanos.org.br\/conventosantoantonio\/wp-content\/uploads\/2024\/07\/IMG-20240719-WA0015-300x300.jpg"}],"author":"Jo\u00e3o Vitor","twitter_card":"summary_large_image","twitter_misc":{"Escrito por":"Jo\u00e3o Vitor","Est. tempo de leitura":"4 minutos"},"schema":{"@context":"https:\/\/schema.org","@graph":[{"@type":"WebSite","@id":"https:\/\/franciscanos.org.br\/conventosantoantonio\/#website","url":"https:\/\/franciscanos.org.br\/conventosantoantonio\/","name":"Convento Santo Ant\u00f4nio- Franciscanos","description":"Prov\u00edncia Franciscana da Imaculada Concei\u00e7\u00e3o do Brasil - Ordem dos Frades Menores","potentialAction":[{"@type":"SearchAction","target":{"@type":"EntryPoint","urlTemplate":"https:\/\/franciscanos.org.br\/conventosantoantonio\/?s={search_term_string}"},"query-input":"required name=search_term_string"}],"inLanguage":"pt-BR"},{"@type":"WebPage","@id":"https:\/\/franciscanos.org.br\/conventosantoantonio\/nossa-senhora-de-nazare-e-santo-antonio-encontro-de-bencaos-para-o-rio-de-janeiro\/","url":"https:\/\/franciscanos.org.br\/conventosantoantonio\/nossa-senhora-de-nazare-e-santo-antonio-encontro-de-bencaos-para-o-rio-de-janeiro\/","name":"Nossa Senhora de Nazar\u00e9 e Santo Ant\u00f4nio: encontro de b\u00ean\u00e7\u00e3os para o Rio de Janeiro - Convento Santo Ant\u00f4nio- Franciscanos","isPartOf":{"@id":"https:\/\/franciscanos.org.br\/conventosantoantonio\/#website"},"datePublished":"2024-07-19T15:06:12+00:00","dateModified":"2024-07-19T15:43:00+00:00","author":{"@id":"https:\/\/franciscanos.org.br\/conventosantoantonio\/#\/schema\/person\/4856196eadc38925e0011d1c6241b8bf"},"breadcrumb":{"@id":"https:\/\/franciscanos.org.br\/conventosantoantonio\/nossa-senhora-de-nazare-e-santo-antonio-encontro-de-bencaos-para-o-rio-de-janeiro\/#breadcrumb"},"inLanguage":"pt-BR","potentialAction":[{"@type":"ReadAction","target":["https:\/\/franciscanos.org.br\/conventosantoantonio\/nossa-senhora-de-nazare-e-santo-antonio-encontro-de-bencaos-para-o-rio-de-janeiro\/"]}]},{"@type":"BreadcrumbList","@id":"https:\/\/franciscanos.org.br\/conventosantoantonio\/nossa-senhora-de-nazare-e-santo-antonio-encontro-de-bencaos-para-o-rio-de-janeiro\/#breadcrumb","itemListElement":[{"@type":"ListItem","position":1,"name":"Home","item":"https:\/\/franciscanos.org.br\/conventosantoantonio\/"},{"@type":"ListItem","position":2,"name":"Nossa Senhora de Nazar\u00e9 e Santo Ant\u00f4nio: encontro de b\u00ean\u00e7\u00e3os para o Rio de Janeiro"}]},{"@type":"Person","@id":"https:\/\/franciscanos.org.br\/conventosantoantonio\/#\/schema\/person\/4856196eadc38925e0011d1c6241b8bf","name":"Jo\u00e3o Vitor","image":{"@type":"ImageObject","inLanguage":"pt-BR","@id":"https:\/\/franciscanos.org.br\/conventosantoantonio\/#\/schema\/person\/image\/","url":"https:\/\/secure.gravatar.com\/avatar\/10ba5c9713e0c323617b4309a19e3a46?s=96&d=mm&r=g","contentUrl":"https:\/\/secure.gravatar.com\/avatar\/10ba5c9713e0c323617b4309a19e3a46?s=96&d=mm&r=g","caption":"Jo\u00e3o Vitor"},"url":"https:\/\/franciscanos.org.br\/conventosantoantonio\/author\/joaovitor\/"}]}},"_links":{"self":[{"href":"https:\/\/franciscanos.org.br\/conventosantoantonio\/wp-json\/wp\/v2\/posts\/189399"}],"collection":[{"href":"https:\/\/franciscanos.org.br\/conventosantoantonio\/wp-json\/wp\/v2\/posts"}],"about":[{"href":"https:\/\/franciscanos.org.br\/conventosantoantonio\/wp-json\/wp\/v2\/types\/post"}],"author":[{"embeddable":true,"href":"https:\/\/franciscanos.org.br\/conventosantoantonio\/wp-json\/wp\/v2\/users\/11"}],"replies":[{"embeddable":true,"href":"https:\/\/franciscanos.org.br\/conventosantoantonio\/wp-json\/wp\/v2\/comments?post=189399"}],"version-history":[{"count":3,"href":"https:\/\/franciscanos.org.br\/conventosantoantonio\/wp-json\/wp\/v2\/posts\/189399\/revisions"}],"predecessor-version":[{"id":189414,"href":"https:\/\/franciscanos.org.br\/conventosantoantonio\/wp-json\/wp\/v2\/posts\/189399\/revisions\/189414"}],"wp:attachment":[{"href":"https:\/\/franciscanos.org.br\/conventosantoantonio\/wp-json\/wp\/v2\/media?parent=189399"}],"wp:term":[{"taxonomy":"category","embeddable":true,"href":"https:\/\/franciscanos.org.br\/conventosantoantonio\/wp-json\/wp\/v2\/categories?post=189399"},{"taxonomy":"post_tag","embeddable":true,"href":"https:\/\/franciscanos.org.br\/conventosantoantonio\/wp-json\/wp\/v2\/tags?post=189399"}],"curies":[{"name":"wp","href":"https:\/\/api.w.org\/{rel}","templated":true}]}}