{"id":189302,"date":"2024-06-14T11:28:26","date_gmt":"2024-06-14T14:28:26","guid":{"rendered":"https:\/\/franciscanos.org.br\/conventosantoantonio\/?p=189302"},"modified":"2024-06-14T11:51:32","modified_gmt":"2024-06-14T14:51:32","slug":"santo-antonio-do-largo-da-carioca-recebe-40-mil-fieis-para-celebrar-a-amizade-e-a-fraternidade","status":"publish","type":"post","link":"https:\/\/franciscanos.org.br\/conventosantoantonio\/santo-antonio-do-largo-da-carioca-recebe-40-mil-fieis-para-celebrar-a-amizade-e-a-fraternidade\/","title":{"rendered":"Santo Ant\u00f4nio do Largo da Carioca recebe 40 mil fi\u00e9is para celebrar a amizade e a fraternidade"},"content":{"rendered":"<p><img loading=\"lazy\" class=\"size-medium wp-image-189303 alignleft\" src=\"https:\/\/franciscanos.org.br\/conventosantoantonio\/wp-content\/uploads\/2024\/06\/WhatsApp-Image-2024-06-13-at-09.19.30-338x450.jpeg\" alt=\"\" width=\"338\" height=\"450\" \/>Uma multid\u00e3o estimada em 40 mil fi\u00e9is encarou as 100 escadas que d\u00e3o acesso ao Convento Santo Ant\u00f4nio do Largo da Carioca nesta quinta-feira, dia 13 de junho, para celebrar um dos santos mais venerados no Brasil. Desde a primeira missa, \u00e0s 6h, o fluxo foi aumentando durante todo o dia, garantindo igreja lotada em cada uma das nove missas celebradas. Trinta frades, da Fraternidade do Convento e de outras fraternidades vizinhas se revezaram no atendimento para b\u00ean\u00e7\u00e3os individuais, aspers\u00e3o de \u00e1gua benta, distribui\u00e7\u00e3o dos p\u00e3ezinhos e tamb\u00e9m para dar aten\u00e7\u00e3o aos fi\u00e9is que desejavam partilhar uma gra\u00e7a ou um pedido. Mais de 100 volunt\u00e1rios, al\u00e9m dos funcion\u00e1rios do Convento, trabalharam incansavelmente para garantir a organiza\u00e7\u00e3o, a infraestrutura e tamb\u00e9m o atendimento nas muitas barracas de comida e artigos religiosos.<\/p>\n<p>A missa das 15h, presidida pelo Arcebispo do Rio de Janeiro, o Cardeal Dom Orani Jo\u00e3o Tempesta, contou com a participa\u00e7\u00e3o de um coral formado por m\u00fasicos profissionais do Theatro Municipal que encantou os participantes. Fazendo alus\u00e3o ao tema da Trezena, \u201cSanto Ant\u00f4nio, nosso amigo, nosso irm\u00e3o\u201d, o Cardeal incentivou cada fiel a buscar fazer a sua parte para que o Rio de Janeiro supere seus graves e dif\u00edceis problemas para se tornar cada vez mais uma cidade de amigos e irm\u00e3os, segundo o exemplo de Santo Ant\u00f4nio. O Arcebispo agradeceu tamb\u00e9m a presen\u00e7a dos frades franciscanos na condu\u00e7\u00e3o da miss\u00e3o evangelizadora do Convento que, segundo ele, \u00e9 presen\u00e7a significativa da Igreja no Rio de Janeiro, atrav\u00e9s do trabalho fiel e perseverante dos frades no atendimento ao Povo de Deus. Parabenizou ainda pela iniciativa da peregrina\u00e7\u00e3o da Imagem de Santo Ant\u00f4nio, gesto de carinho e aten\u00e7\u00e3o para com os diferentes espa\u00e7os e realidades que fazem parte da vida da cidade.<\/p>\n\n\t\t<style type=\"text\/css\">\n\t\t\t#gallery-1 {\n\t\t\t\tmargin: auto;\n\t\t\t}\n\t\t\t#gallery-1 .gallery-item {\n\t\t\t\tfloat: left;\n\t\t\t\tmargin-top: 10px;\n\t\t\t\ttext-align: center;\n\t\t\t\twidth: 33%;\n\t\t\t}\n\t\t\t#gallery-1 img {\n\t\t\t\tborder: 2px solid #cfcfcf;\n\t\t\t}\n\t\t\t#gallery-1 .gallery-caption {\n\t\t\t\tmargin-left: 0;\n\t\t\t}\n\t\t\t\/* see gallery_shortcode() in wp-includes\/media.php *\/\n\t\t<\/style>\n\t\t<div id='gallery-1' class='gallery galleryid-189302 gallery-columns-3 gallery-size-thumbnail'><dl class='gallery-item'>\n\t\t\t<dt class='gallery-icon landscape'>\n\t\t\t\t<a href='https:\/\/franciscanos.org.br\/conventosantoantonio\/wp-content\/uploads\/2024\/06\/WhatsApp-Image-2024-06-14-at-09.24.02-2.jpeg'><img width=\"300\" height=\"300\" src=\"https:\/\/franciscanos.org.br\/conventosantoantonio\/wp-content\/uploads\/2024\/06\/WhatsApp-Image-2024-06-14-at-09.24.02-2-300x300.jpeg\" class=\"attachment-thumbnail size-thumbnail\" alt=\"\" loading=\"lazy\" srcset=\"https:\/\/franciscanos.org.br\/conventosantoantonio\/wp-content\/uploads\/2024\/06\/WhatsApp-Image-2024-06-14-at-09.24.02-2-300x300.jpeg 300w, https:\/\/franciscanos.org.br\/conventosantoantonio\/wp-content\/uploads\/2024\/06\/WhatsApp-Image-2024-06-14-at-09.24.02-2-400x400.jpeg 400w\" sizes=\"(max-width: 300px) 100vw, 300px\" \/><\/a>\n\t\t\t<\/dt><\/dl><dl class='gallery-item'>\n\t\t\t<dt class='gallery-icon landscape'>\n\t\t\t\t<a href='https:\/\/franciscanos.org.br\/conventosantoantonio\/wp-content\/uploads\/2024\/06\/WhatsApp-Image-2024-06-14-at-09.24.02-4.jpeg'><img width=\"300\" height=\"300\" src=\"https:\/\/franciscanos.org.br\/conventosantoantonio\/wp-content\/uploads\/2024\/06\/WhatsApp-Image-2024-06-14-at-09.24.02-4-300x300.jpeg\" class=\"attachment-thumbnail size-thumbnail\" alt=\"\" loading=\"lazy\" srcset=\"https:\/\/franciscanos.org.br\/conventosantoantonio\/wp-content\/uploads\/2024\/06\/WhatsApp-Image-2024-06-14-at-09.24.02-4-300x300.jpeg 300w, https:\/\/franciscanos.org.br\/conventosantoantonio\/wp-content\/uploads\/2024\/06\/WhatsApp-Image-2024-06-14-at-09.24.02-4-400x400.jpeg 400w\" sizes=\"(max-width: 300px) 100vw, 300px\" \/><\/a>\n\t\t\t<\/dt><\/dl><dl class='gallery-item'>\n\t\t\t<dt class='gallery-icon portrait'>\n\t\t\t\t<a href='https:\/\/franciscanos.org.br\/conventosantoantonio\/wp-content\/uploads\/2024\/06\/WhatsApp-Image-2024-06-14-at-09.24.01-3.jpeg'><img width=\"300\" height=\"300\" src=\"https:\/\/franciscanos.org.br\/conventosantoantonio\/wp-content\/uploads\/2024\/06\/WhatsApp-Image-2024-06-14-at-09.24.01-3-300x300.jpeg\" class=\"attachment-thumbnail size-thumbnail\" alt=\"\" loading=\"lazy\" srcset=\"https:\/\/franciscanos.org.br\/conventosantoantonio\/wp-content\/uploads\/2024\/06\/WhatsApp-Image-2024-06-14-at-09.24.01-3-300x300.jpeg 300w, https:\/\/franciscanos.org.br\/conventosantoantonio\/wp-content\/uploads\/2024\/06\/WhatsApp-Image-2024-06-14-at-09.24.01-3-400x400.jpeg 400w\" sizes=\"(max-width: 300px) 100vw, 300px\" \/><\/a>\n\t\t\t<\/dt><\/dl><br style=\"clear: both\" \/>\n\t\t<\/div>\n\n<p>Al\u00e9m da grande e hist\u00f3ria imagem do altar-mor, outras imagens do Santo foram distribu\u00eddas em lugares estrat\u00e9gicos para facilitar a venera\u00e7\u00e3o dos fi\u00e9is. Destaque para a imagem colocada junto ao mastro bem na frente da igreja, onde, segundo a tradi\u00e7\u00e3o, as pessoas amarram fitinhas e depositam seus pedidos por escrito aos p\u00e9s do Santo. O andor com a Imagem peregrina, que passou todos os dias da trezena percorrendo diversos lugares do Rio, tamb\u00e9m recebeu uma infinidade de bilhetes que foram depositados junto \u00e0s flores.<img loading=\"lazy\" class=\" wp-image-189309 alignleft\" src=\"https:\/\/franciscanos.org.br\/conventosantoantonio\/wp-content\/uploads\/2024\/06\/WhatsApp-Image-2024-06-14-at-09.47.13-203x450.jpeg\" alt=\"\" width=\"147\" height=\"326\" srcset=\"https:\/\/franciscanos.org.br\/conventosantoantonio\/wp-content\/uploads\/2024\/06\/WhatsApp-Image-2024-06-14-at-09.47.13-203x450.jpeg 203w, https:\/\/franciscanos.org.br\/conventosantoantonio\/wp-content\/uploads\/2024\/06\/WhatsApp-Image-2024-06-14-at-09.47.13-461x1024.jpeg 461w, https:\/\/franciscanos.org.br\/conventosantoantonio\/wp-content\/uploads\/2024\/06\/WhatsApp-Image-2024-06-14-at-09.47.13-691x1536.jpeg 691w, https:\/\/franciscanos.org.br\/conventosantoantonio\/wp-content\/uploads\/2024\/06\/WhatsApp-Image-2024-06-14-at-09.47.13-150x333.jpeg 150w, https:\/\/franciscanos.org.br\/conventosantoantonio\/wp-content\/uploads\/2024\/06\/WhatsApp-Image-2024-06-14-at-09.47.13.jpeg 720w\" sizes=\"(max-width: 147px) 100vw, 147px\" \/><\/p>\n<p>Como ocorre todos anos, a Festa contou com a cobertura dos principais ve\u00edculos de imprensa, ocupando espa\u00e7o no notici\u00e1rio carioca durante todo o dia. A movimenta\u00e7\u00e3o nas redes sociais tamb\u00e9m se destacou, com muitas fotos e mensagens postadas pelos visitantes. Neste per\u00edodo de Trezena e Festa, o n\u00famero de seguidores da p\u00e1gina do Convento no Instragram (@conventosantoantoniorj) aumentou em cerca de trinta por cento.<\/p>\n<p>Como extens\u00e3o da Festa e marcando uma rela\u00e7\u00e3o de amizade e proximidade entre os santu\u00e1rios do Convento Santo Ant\u00f4nio e do Cristo Redentor, \u00e0s 11h, foi celebrada uma missa no Corcovado com a imagem do Santo, a b\u00ean\u00e7\u00e3o e a distribui\u00e7\u00e3o dos p\u00e3ezinhos. Na homilia, o presidente da celebra\u00e7\u00e3o, Frei Gustavo Medella, destacou a rela\u00e7\u00e3o de intimidade entre Santo Ant\u00f4nio e Jesus Cristo: \u201cA visita de hoje \u00e9 um gesto que revela o quanto a intimidade que Ant\u00f4nio cultivou com Cristo foi sinal de b\u00ean\u00e7\u00e3o para a vida dele e continua sendo para nosso vida hoje. O Cristo de bra\u00e7os abertos, conforme o vemos aqui neste Santu\u00e1rio, abra\u00e7ou a Ant\u00f4nio e segue nos abra\u00e7ando\u201d, recordou Frei Gustavo.<\/p>\n<p>&nbsp;<\/p>\n<p><strong>Trezena termina com Bolo dos Namorados e duas \u00faltimas visitas da Imagem peregrina<\/strong><\/p>\n<p>Ainda no dia 12 de junho, \u00faltimo dia da Trezena, ap\u00f3s a missas das 12h, houve o canto dos \u201cParab\u00e9ns\u201d pelos 342 anos da Trezena de Santo Ant\u00f4nio e a partilha do bolo comemorativo, tamb\u00e9m em alus\u00e3o ao Dia dos Namorados. A iniciativa, realizada pelo segundo ano consecutivo, contou com a parceria da Sociedade dos Amigos da Rua da Carioca (SARCA), atrav\u00e9s do presidente, Roberto Curi. Os dois \u00faltimos destinos da imagem peregrina, tamb\u00e9m no dia 12, foram a sede da Companhia de Desenvolvimento Rodovi\u00e1rio e Terminais do Rio de Janeiro (CODERTE), vizinha ao Convento, e a Funda\u00e7\u00e3o S\u00e3o Martinho, junto aos Arcos da Lapa. Na CODERTE, a recep\u00e7\u00e3o ficou por conta do Presidente da Companhia, Alexandre Varela, que tamb\u00e9m \u00e9 di\u00e1cono permanente, acompanhado por um grande n\u00famero de colaboradores. Na Funda\u00e7\u00e3o S\u00e3o Martinho, Santo Ant\u00f4nio recebeu o carinho e a acolhida das crian\u00e7as e adolescentes atendidos pela institui\u00e7\u00e3o, juntamente com alguns pais e funcion\u00e1rios, coordenados pelo presidente da entidade, Frei Eduardo Ferreira, frade carmelita.<\/p>\n<p>Depois de muito trabalho, empenho e dedica\u00e7\u00e3o, chega-se ao fim de mais uma edi\u00e7\u00e3o da Trezena e Festa de Santo Ant\u00f4nio no Largo da Carioca. Agora segue o intenso calend\u00e1rio de atividades desta presen\u00e7a franciscana quadricenten\u00e1ria no Cora\u00e7\u00e3o do Rio de Janeiro. \u00c9 hora tamb\u00e9m de come\u00e7ar a pensar os detalhes e encaminhamentos para a edi\u00e7\u00e3o de n\u00famero 343. Santo Ant\u00f4nio do Largo da Carioca, rogai por n\u00f3s!<\/p>\n\n\t\t<style type=\"text\/css\">\n\t\t\t#gallery-2 {\n\t\t\t\tmargin: auto;\n\t\t\t}\n\t\t\t#gallery-2 .gallery-item {\n\t\t\t\tfloat: left;\n\t\t\t\tmargin-top: 10px;\n\t\t\t\ttext-align: center;\n\t\t\t\twidth: 25%;\n\t\t\t}\n\t\t\t#gallery-2 img {\n\t\t\t\tborder: 2px solid #cfcfcf;\n\t\t\t}\n\t\t\t#gallery-2 .gallery-caption {\n\t\t\t\tmargin-left: 0;\n\t\t\t}\n\t\t\t\/* see gallery_shortcode() in wp-includes\/media.php *\/\n\t\t<\/style>\n\t\t<div id='gallery-2' class='gallery galleryid-189302 gallery-columns-4 gallery-size-thumbnail'><dl class='gallery-item'>\n\t\t\t<dt class='gallery-icon portrait'>\n\t\t\t\t<a href='https:\/\/franciscanos.org.br\/conventosantoantonio\/wp-content\/uploads\/2024\/06\/WhatsApp-Image-2024-06-14-at-09.45.13-1.jpeg'><img width=\"300\" height=\"300\" src=\"https:\/\/franciscanos.org.br\/conventosantoantonio\/wp-content\/uploads\/2024\/06\/WhatsApp-Image-2024-06-14-at-09.45.13-1-300x300.jpeg\" class=\"attachment-thumbnail size-thumbnail\" alt=\"\" loading=\"lazy\" srcset=\"https:\/\/franciscanos.org.br\/conventosantoantonio\/wp-content\/uploads\/2024\/06\/WhatsApp-Image-2024-06-14-at-09.45.13-1-300x300.jpeg 300w, https:\/\/franciscanos.org.br\/conventosantoantonio\/wp-content\/uploads\/2024\/06\/WhatsApp-Image-2024-06-14-at-09.45.13-1-400x400.jpeg 400w\" sizes=\"(max-width: 300px) 100vw, 300px\" \/><\/a>\n\t\t\t<\/dt><\/dl><dl class='gallery-item'>\n\t\t\t<dt class='gallery-icon portrait'>\n\t\t\t\t<a href='https:\/\/franciscanos.org.br\/conventosantoantonio\/wp-content\/uploads\/2024\/06\/WhatsApp-Image-2024-06-14-at-10.14.38-1.jpeg'><img width=\"300\" height=\"300\" src=\"https:\/\/franciscanos.org.br\/conventosantoantonio\/wp-content\/uploads\/2024\/06\/WhatsApp-Image-2024-06-14-at-10.14.38-1-300x300.jpeg\" class=\"attachment-thumbnail size-thumbnail\" alt=\"\" loading=\"lazy\" srcset=\"https:\/\/franciscanos.org.br\/conventosantoantonio\/wp-content\/uploads\/2024\/06\/WhatsApp-Image-2024-06-14-at-10.14.38-1-300x300.jpeg 300w, https:\/\/franciscanos.org.br\/conventosantoantonio\/wp-content\/uploads\/2024\/06\/WhatsApp-Image-2024-06-14-at-10.14.38-1-400x400.jpeg 400w\" sizes=\"(max-width: 300px) 100vw, 300px\" \/><\/a>\n\t\t\t<\/dt><\/dl><dl class='gallery-item'>\n\t\t\t<dt class='gallery-icon landscape'>\n\t\t\t\t<a href='https:\/\/franciscanos.org.br\/conventosantoantonio\/wp-content\/uploads\/2024\/06\/WhatsApp-Image-2024-06-14-at-10.14.38-2.jpeg'><img width=\"300\" height=\"300\" src=\"https:\/\/franciscanos.org.br\/conventosantoantonio\/wp-content\/uploads\/2024\/06\/WhatsApp-Image-2024-06-14-at-10.14.38-2-300x300.jpeg\" class=\"attachment-thumbnail size-thumbnail\" alt=\"\" loading=\"lazy\" srcset=\"https:\/\/franciscanos.org.br\/conventosantoantonio\/wp-content\/uploads\/2024\/06\/WhatsApp-Image-2024-06-14-at-10.14.38-2-300x300.jpeg 300w, https:\/\/franciscanos.org.br\/conventosantoantonio\/wp-content\/uploads\/2024\/06\/WhatsApp-Image-2024-06-14-at-10.14.38-2-400x400.jpeg 400w\" sizes=\"(max-width: 300px) 100vw, 300px\" \/><\/a>\n\t\t\t<\/dt><\/dl><dl class='gallery-item'>\n\t\t\t<dt class='gallery-icon landscape'>\n\t\t\t\t<a href='https:\/\/franciscanos.org.br\/conventosantoantonio\/wp-content\/uploads\/2024\/06\/WhatsApp-Image-2024-06-14-at-09.45.10.jpeg'><img width=\"300\" height=\"300\" src=\"https:\/\/franciscanos.org.br\/conventosantoantonio\/wp-content\/uploads\/2024\/06\/WhatsApp-Image-2024-06-14-at-09.45.10-300x300.jpeg\" class=\"attachment-thumbnail size-thumbnail\" alt=\"\" loading=\"lazy\" srcset=\"https:\/\/franciscanos.org.br\/conventosantoantonio\/wp-content\/uploads\/2024\/06\/WhatsApp-Image-2024-06-14-at-09.45.10-300x300.jpeg 300w, https:\/\/franciscanos.org.br\/conventosantoantonio\/wp-content\/uploads\/2024\/06\/WhatsApp-Image-2024-06-14-at-09.45.10-400x400.jpeg 400w\" sizes=\"(max-width: 300px) 100vw, 300px\" \/><\/a>\n\t\t\t<\/dt><\/dl><br style=\"clear: both\" \/>\n\t\t<\/div>\n\n<hr \/>\n<p><em>Equipe de Comunica\u00e7\u00e3o Convento do Largo da Carioca<\/em><\/p>\n\n\t\t<style type=\"text\/css\">\n\t\t\t#gallery-3 {\n\t\t\t\tmargin: auto;\n\t\t\t}\n\t\t\t#gallery-3 .gallery-item {\n\t\t\t\tfloat: left;\n\t\t\t\tmargin-top: 10px;\n\t\t\t\ttext-align: center;\n\t\t\t\twidth: 25%;\n\t\t\t}\n\t\t\t#gallery-3 img {\n\t\t\t\tborder: 2px solid #cfcfcf;\n\t\t\t}\n\t\t\t#gallery-3 .gallery-caption {\n\t\t\t\tmargin-left: 0;\n\t\t\t}\n\t\t\t\/* see gallery_shortcode() in wp-includes\/media.php *\/\n\t\t<\/style>\n\t\t<div id='gallery-3' class='gallery galleryid-189302 gallery-columns-4 gallery-size-thumbnail'><dl class='gallery-item'>\n\t\t\t<dt class='gallery-icon portrait'>\n\t\t\t\t<a href='https:\/\/franciscanos.org.br\/conventosantoantonio\/wp-content\/uploads\/2024\/06\/WhatsApp-Image-2024-06-13-at-09.19.36-scaled.jpeg'><img width=\"300\" height=\"300\" src=\"https:\/\/franciscanos.org.br\/conventosantoantonio\/wp-content\/uploads\/2024\/06\/WhatsApp-Image-2024-06-13-at-09.19.36-300x300.jpeg\" class=\"attachment-thumbnail size-thumbnail\" alt=\"\" loading=\"lazy\" srcset=\"https:\/\/franciscanos.org.br\/conventosantoantonio\/wp-content\/uploads\/2024\/06\/WhatsApp-Image-2024-06-13-at-09.19.36-300x300.jpeg 300w, https:\/\/franciscanos.org.br\/conventosantoantonio\/wp-content\/uploads\/2024\/06\/WhatsApp-Image-2024-06-13-at-09.19.36-400x400.jpeg 400w\" sizes=\"(max-width: 300px) 100vw, 300px\" \/><\/a>\n\t\t\t<\/dt><\/dl><dl class='gallery-item'>\n\t\t\t<dt class='gallery-icon portrait'>\n\t\t\t\t<a href='https:\/\/franciscanos.org.br\/conventosantoantonio\/wp-content\/uploads\/2024\/06\/WhatsApp-Image-2024-06-13-at-09.19.28-1.jpeg'><img width=\"300\" height=\"300\" src=\"https:\/\/franciscanos.org.br\/conventosantoantonio\/wp-content\/uploads\/2024\/06\/WhatsApp-Image-2024-06-13-at-09.19.28-1-300x300.jpeg\" class=\"attachment-thumbnail size-thumbnail\" alt=\"\" loading=\"lazy\" srcset=\"https:\/\/franciscanos.org.br\/conventosantoantonio\/wp-content\/uploads\/2024\/06\/WhatsApp-Image-2024-06-13-at-09.19.28-1-300x300.jpeg 300w, https:\/\/franciscanos.org.br\/conventosantoantonio\/wp-content\/uploads\/2024\/06\/WhatsApp-Image-2024-06-13-at-09.19.28-1-400x400.jpeg 400w\" sizes=\"(max-width: 300px) 100vw, 300px\" \/><\/a>\n\t\t\t<\/dt><\/dl><dl class='gallery-item'>\n\t\t\t<dt class='gallery-icon portrait'>\n\t\t\t\t<a href='https:\/\/franciscanos.org.br\/conventosantoantonio\/wp-content\/uploads\/2024\/06\/WhatsApp-Image-2024-06-13-at-09.19.28-scaled.jpeg'><img width=\"300\" height=\"300\" src=\"https:\/\/franciscanos.org.br\/conventosantoantonio\/wp-content\/uploads\/2024\/06\/WhatsApp-Image-2024-06-13-at-09.19.28-300x300.jpeg\" class=\"attachment-thumbnail size-thumbnail\" alt=\"\" loading=\"lazy\" srcset=\"https:\/\/franciscanos.org.br\/conventosantoantonio\/wp-content\/uploads\/2024\/06\/WhatsApp-Image-2024-06-13-at-09.19.28-300x300.jpeg 300w, https:\/\/franciscanos.org.br\/conventosantoantonio\/wp-content\/uploads\/2024\/06\/WhatsApp-Image-2024-06-13-at-09.19.28-400x400.jpeg 400w\" sizes=\"(max-width: 300px) 100vw, 300px\" \/><\/a>\n\t\t\t<\/dt><\/dl><dl class='gallery-item'>\n\t\t\t<dt class='gallery-icon portrait'>\n\t\t\t\t<a href='https:\/\/franciscanos.org.br\/conventosantoantonio\/wp-content\/uploads\/2024\/06\/WhatsApp-Image-2024-06-13-at-09.19.29-1-scaled.jpeg'><img width=\"300\" height=\"300\" src=\"https:\/\/franciscanos.org.br\/conventosantoantonio\/wp-content\/uploads\/2024\/06\/WhatsApp-Image-2024-06-13-at-09.19.29-1-300x300.jpeg\" class=\"attachment-thumbnail size-thumbnail\" alt=\"\" loading=\"lazy\" srcset=\"https:\/\/franciscanos.org.br\/conventosantoantonio\/wp-content\/uploads\/2024\/06\/WhatsApp-Image-2024-06-13-at-09.19.29-1-300x300.jpeg 300w, https:\/\/franciscanos.org.br\/conventosantoantonio\/wp-content\/uploads\/2024\/06\/WhatsApp-Image-2024-06-13-at-09.19.29-1-400x400.jpeg 400w\" sizes=\"(max-width: 300px) 100vw, 300px\" \/><\/a>\n\t\t\t<\/dt><\/dl><br style=\"clear: both\" \/><dl class='gallery-item'>\n\t\t\t<dt class='gallery-icon portrait'>\n\t\t\t\t<a href='https:\/\/franciscanos.org.br\/conventosantoantonio\/wp-content\/uploads\/2024\/06\/WhatsApp-Image-2024-06-13-at-09.19.30-1-scaled.jpeg'><img width=\"300\" height=\"300\" src=\"https:\/\/franciscanos.org.br\/conventosantoantonio\/wp-content\/uploads\/2024\/06\/WhatsApp-Image-2024-06-13-at-09.19.30-1-300x300.jpeg\" class=\"attachment-thumbnail size-thumbnail\" alt=\"\" loading=\"lazy\" srcset=\"https:\/\/franciscanos.org.br\/conventosantoantonio\/wp-content\/uploads\/2024\/06\/WhatsApp-Image-2024-06-13-at-09.19.30-1-300x300.jpeg 300w, https:\/\/franciscanos.org.br\/conventosantoantonio\/wp-content\/uploads\/2024\/06\/WhatsApp-Image-2024-06-13-at-09.19.30-1-400x400.jpeg 400w\" sizes=\"(max-width: 300px) 100vw, 300px\" \/><\/a>\n\t\t\t<\/dt><\/dl><dl class='gallery-item'>\n\t\t\t<dt class='gallery-icon portrait'>\n\t\t\t\t<a href='https:\/\/franciscanos.org.br\/conventosantoantonio\/wp-content\/uploads\/2024\/06\/WhatsApp-Image-2024-06-13-at-09.19.30-2-scaled.jpeg'><img width=\"300\" height=\"300\" src=\"https:\/\/franciscanos.org.br\/conventosantoantonio\/wp-content\/uploads\/2024\/06\/WhatsApp-Image-2024-06-13-at-09.19.30-2-300x300.jpeg\" class=\"attachment-thumbnail size-thumbnail\" alt=\"\" loading=\"lazy\" srcset=\"https:\/\/franciscanos.org.br\/conventosantoantonio\/wp-content\/uploads\/2024\/06\/WhatsApp-Image-2024-06-13-at-09.19.30-2-300x300.jpeg 300w, https:\/\/franciscanos.org.br\/conventosantoantonio\/wp-content\/uploads\/2024\/06\/WhatsApp-Image-2024-06-13-at-09.19.30-2-400x400.jpeg 400w\" sizes=\"(max-width: 300px) 100vw, 300px\" \/><\/a>\n\t\t\t<\/dt><\/dl><dl class='gallery-item'>\n\t\t\t<dt class='gallery-icon portrait'>\n\t\t\t\t<a href='https:\/\/franciscanos.org.br\/conventosantoantonio\/wp-content\/uploads\/2024\/06\/WhatsApp-Image-2024-06-13-at-09.19.31-1-scaled.jpeg'><img width=\"300\" height=\"300\" src=\"https:\/\/franciscanos.org.br\/conventosantoantonio\/wp-content\/uploads\/2024\/06\/WhatsApp-Image-2024-06-13-at-09.19.31-1-300x300.jpeg\" class=\"attachment-thumbnail size-thumbnail\" alt=\"\" loading=\"lazy\" srcset=\"https:\/\/franciscanos.org.br\/conventosantoantonio\/wp-content\/uploads\/2024\/06\/WhatsApp-Image-2024-06-13-at-09.19.31-1-300x300.jpeg 300w, https:\/\/franciscanos.org.br\/conventosantoantonio\/wp-content\/uploads\/2024\/06\/WhatsApp-Image-2024-06-13-at-09.19.31-1-400x400.jpeg 400w\" sizes=\"(max-width: 300px) 100vw, 300px\" \/><\/a>\n\t\t\t<\/dt><\/dl><dl class='gallery-item'>\n\t\t\t<dt class='gallery-icon portrait'>\n\t\t\t\t<a href='https:\/\/franciscanos.org.br\/conventosantoantonio\/wp-content\/uploads\/2024\/06\/WhatsApp-Image-2024-06-13-at-09.19.31-2-scaled.jpeg'><img width=\"300\" height=\"300\" src=\"https:\/\/franciscanos.org.br\/conventosantoantonio\/wp-content\/uploads\/2024\/06\/WhatsApp-Image-2024-06-13-at-09.19.31-2-300x300.jpeg\" class=\"attachment-thumbnail size-thumbnail\" alt=\"\" loading=\"lazy\" srcset=\"https:\/\/franciscanos.org.br\/conventosantoantonio\/wp-content\/uploads\/2024\/06\/WhatsApp-Image-2024-06-13-at-09.19.31-2-300x300.jpeg 300w, https:\/\/franciscanos.org.br\/conventosantoantonio\/wp-content\/uploads\/2024\/06\/WhatsApp-Image-2024-06-13-at-09.19.31-2-400x400.jpeg 400w\" sizes=\"(max-width: 300px) 100vw, 300px\" \/><\/a>\n\t\t\t<\/dt><\/dl><br style=\"clear: both\" \/><dl class='gallery-item'>\n\t\t\t<dt class='gallery-icon portrait'>\n\t\t\t\t<a href='https:\/\/franciscanos.org.br\/conventosantoantonio\/wp-content\/uploads\/2024\/06\/WhatsApp-Image-2024-06-13-at-09.19.31-scaled.jpeg'><img width=\"300\" height=\"300\" src=\"https:\/\/franciscanos.org.br\/conventosantoantonio\/wp-content\/uploads\/2024\/06\/WhatsApp-Image-2024-06-13-at-09.19.31-300x300.jpeg\" class=\"attachment-thumbnail size-thumbnail\" alt=\"\" loading=\"lazy\" srcset=\"https:\/\/franciscanos.org.br\/conventosantoantonio\/wp-content\/uploads\/2024\/06\/WhatsApp-Image-2024-06-13-at-09.19.31-300x300.jpeg 300w, https:\/\/franciscanos.org.br\/conventosantoantonio\/wp-content\/uploads\/2024\/06\/WhatsApp-Image-2024-06-13-at-09.19.31-400x400.jpeg 400w\" sizes=\"(max-width: 300px) 100vw, 300px\" \/><\/a>\n\t\t\t<\/dt><\/dl><dl class='gallery-item'>\n\t\t\t<dt class='gallery-icon portrait'>\n\t\t\t\t<a href='https:\/\/franciscanos.org.br\/conventosantoantonio\/wp-content\/uploads\/2024\/06\/WhatsApp-Image-2024-06-13-at-09.19.34-scaled.jpeg'><img width=\"300\" height=\"300\" src=\"https:\/\/franciscanos.org.br\/conventosantoantonio\/wp-content\/uploads\/2024\/06\/WhatsApp-Image-2024-06-13-at-09.19.34-300x300.jpeg\" class=\"attachment-thumbnail size-thumbnail\" alt=\"\" loading=\"lazy\" srcset=\"https:\/\/franciscanos.org.br\/conventosantoantonio\/wp-content\/uploads\/2024\/06\/WhatsApp-Image-2024-06-13-at-09.19.34-300x300.jpeg 300w, https:\/\/franciscanos.org.br\/conventosantoantonio\/wp-content\/uploads\/2024\/06\/WhatsApp-Image-2024-06-13-at-09.19.34-400x400.jpeg 400w\" sizes=\"(max-width: 300px) 100vw, 300px\" \/><\/a>\n\t\t\t<\/dt><\/dl><dl class='gallery-item'>\n\t\t\t<dt class='gallery-icon portrait'>\n\t\t\t\t<a href='https:\/\/franciscanos.org.br\/conventosantoantonio\/wp-content\/uploads\/2024\/06\/WhatsApp-Image-2024-06-13-at-09.19.35-scaled.jpeg'><img width=\"300\" height=\"300\" src=\"https:\/\/franciscanos.org.br\/conventosantoantonio\/wp-content\/uploads\/2024\/06\/WhatsApp-Image-2024-06-13-at-09.19.35-300x300.jpeg\" class=\"attachment-thumbnail size-thumbnail\" alt=\"\" loading=\"lazy\" srcset=\"https:\/\/franciscanos.org.br\/conventosantoantonio\/wp-content\/uploads\/2024\/06\/WhatsApp-Image-2024-06-13-at-09.19.35-300x300.jpeg 300w, https:\/\/franciscanos.org.br\/conventosantoantonio\/wp-content\/uploads\/2024\/06\/WhatsApp-Image-2024-06-13-at-09.19.35-400x400.jpeg 400w\" sizes=\"(max-width: 300px) 100vw, 300px\" \/><\/a>\n\t\t\t<\/dt><\/dl><dl class='gallery-item'>\n\t\t\t<dt class='gallery-icon portrait'>\n\t\t\t\t<a href='https:\/\/franciscanos.org.br\/conventosantoantonio\/wp-content\/uploads\/2024\/06\/WhatsApp-Image-2024-06-13-at-09.19.36-1-scaled.jpeg'><img width=\"300\" height=\"300\" src=\"https:\/\/franciscanos.org.br\/conventosantoantonio\/wp-content\/uploads\/2024\/06\/WhatsApp-Image-2024-06-13-at-09.19.36-1-300x300.jpeg\" class=\"attachment-thumbnail size-thumbnail\" alt=\"\" loading=\"lazy\" srcset=\"https:\/\/franciscanos.org.br\/conventosantoantonio\/wp-content\/uploads\/2024\/06\/WhatsApp-Image-2024-06-13-at-09.19.36-1-300x300.jpeg 300w, https:\/\/franciscanos.org.br\/conventosantoantonio\/wp-content\/uploads\/2024\/06\/WhatsApp-Image-2024-06-13-at-09.19.36-1-400x400.jpeg 400w\" sizes=\"(max-width: 300px) 100vw, 300px\" \/><\/a>\n\t\t\t<\/dt><\/dl><br style=\"clear: both\" \/><dl class='gallery-item'>\n\t\t\t<dt class='gallery-icon portrait'>\n\t\t\t\t<a href='https:\/\/franciscanos.org.br\/conventosantoantonio\/wp-content\/uploads\/2024\/06\/WhatsApp-Image-2024-06-13-at-09.19.50-1-scaled.jpeg'><img width=\"300\" height=\"300\" src=\"https:\/\/franciscanos.org.br\/conventosantoantonio\/wp-content\/uploads\/2024\/06\/WhatsApp-Image-2024-06-13-at-09.19.50-1-300x300.jpeg\" class=\"attachment-thumbnail size-thumbnail\" alt=\"\" loading=\"lazy\" srcset=\"https:\/\/franciscanos.org.br\/conventosantoantonio\/wp-content\/uploads\/2024\/06\/WhatsApp-Image-2024-06-13-at-09.19.50-1-300x300.jpeg 300w, https:\/\/franciscanos.org.br\/conventosantoantonio\/wp-content\/uploads\/2024\/06\/WhatsApp-Image-2024-06-13-at-09.19.50-1-400x400.jpeg 400w\" sizes=\"(max-width: 300px) 100vw, 300px\" \/><\/a>\n\t\t\t<\/dt><\/dl><dl class='gallery-item'>\n\t\t\t<dt class='gallery-icon portrait'>\n\t\t\t\t<a href='https:\/\/franciscanos.org.br\/conventosantoantonio\/wp-content\/uploads\/2024\/06\/WhatsApp-Image-2024-06-13-at-09.19.50-scaled.jpeg'><img width=\"300\" height=\"300\" src=\"https:\/\/franciscanos.org.br\/conventosantoantonio\/wp-content\/uploads\/2024\/06\/WhatsApp-Image-2024-06-13-at-09.19.50-300x300.jpeg\" class=\"attachment-thumbnail size-thumbnail\" alt=\"\" loading=\"lazy\" srcset=\"https:\/\/franciscanos.org.br\/conventosantoantonio\/wp-content\/uploads\/2024\/06\/WhatsApp-Image-2024-06-13-at-09.19.50-300x300.jpeg 300w, https:\/\/franciscanos.org.br\/conventosantoantonio\/wp-content\/uploads\/2024\/06\/WhatsApp-Image-2024-06-13-at-09.19.50-400x400.jpeg 400w\" sizes=\"(max-width: 300px) 100vw, 300px\" \/><\/a>\n\t\t\t<\/dt><\/dl><dl class='gallery-item'>\n\t\t\t<dt class='gallery-icon landscape'>\n\t\t\t\t<a href='https:\/\/franciscanos.org.br\/conventosantoantonio\/wp-content\/uploads\/2024\/06\/WhatsApp-Image-2024-06-14-at-09.23.53-1.jpeg'><img width=\"300\" height=\"300\" src=\"https:\/\/franciscanos.org.br\/conventosantoantonio\/wp-content\/uploads\/2024\/06\/WhatsApp-Image-2024-06-14-at-09.23.53-1-300x300.jpeg\" class=\"attachment-thumbnail size-thumbnail\" alt=\"\" loading=\"lazy\" srcset=\"https:\/\/franciscanos.org.br\/conventosantoantonio\/wp-content\/uploads\/2024\/06\/WhatsApp-Image-2024-06-14-at-09.23.53-1-300x300.jpeg 300w, https:\/\/franciscanos.org.br\/conventosantoantonio\/wp-content\/uploads\/2024\/06\/WhatsApp-Image-2024-06-14-at-09.23.53-1-400x400.jpeg 400w\" sizes=\"(max-width: 300px) 100vw, 300px\" \/><\/a>\n\t\t\t<\/dt><\/dl><dl class='gallery-item'>\n\t\t\t<dt class='gallery-icon landscape'>\n\t\t\t\t<a href='https:\/\/franciscanos.org.br\/conventosantoantonio\/wp-content\/uploads\/2024\/06\/WhatsApp-Image-2024-06-14-at-09.23.53.jpeg'><img width=\"300\" height=\"300\" src=\"https:\/\/franciscanos.org.br\/conventosantoantonio\/wp-content\/uploads\/2024\/06\/WhatsApp-Image-2024-06-14-at-09.23.53-300x300.jpeg\" class=\"attachment-thumbnail size-thumbnail\" alt=\"\" loading=\"lazy\" srcset=\"https:\/\/franciscanos.org.br\/conventosantoantonio\/wp-content\/uploads\/2024\/06\/WhatsApp-Image-2024-06-14-at-09.23.53-300x300.jpeg 300w, https:\/\/franciscanos.org.br\/conventosantoantonio\/wp-content\/uploads\/2024\/06\/WhatsApp-Image-2024-06-14-at-09.23.53-400x400.jpeg 400w\" sizes=\"(max-width: 300px) 100vw, 300px\" \/><\/a>\n\t\t\t<\/dt><\/dl><br style=\"clear: both\" \/><dl class='gallery-item'>\n\t\t\t<dt class='gallery-icon landscape'>\n\t\t\t\t<a href='https:\/\/franciscanos.org.br\/conventosantoantonio\/wp-content\/uploads\/2024\/06\/WhatsApp-Image-2024-06-14-at-09.23.54.jpeg'><img width=\"300\" height=\"300\" src=\"https:\/\/franciscanos.org.br\/conventosantoantonio\/wp-content\/uploads\/2024\/06\/WhatsApp-Image-2024-06-14-at-09.23.54-300x300.jpeg\" class=\"attachment-thumbnail size-thumbnail\" alt=\"\" loading=\"lazy\" srcset=\"https:\/\/franciscanos.org.br\/conventosantoantonio\/wp-content\/uploads\/2024\/06\/WhatsApp-Image-2024-06-14-at-09.23.54-300x300.jpeg 300w, https:\/\/franciscanos.org.br\/conventosantoantonio\/wp-content\/uploads\/2024\/06\/WhatsApp-Image-2024-06-14-at-09.23.54-400x400.jpeg 400w\" sizes=\"(max-width: 300px) 100vw, 300px\" \/><\/a>\n\t\t\t<\/dt><\/dl><dl class='gallery-item'>\n\t\t\t<dt class='gallery-icon portrait'>\n\t\t\t\t<a href='https:\/\/franciscanos.org.br\/conventosantoantonio\/wp-content\/uploads\/2024\/06\/WhatsApp-Image-2024-06-14-at-09.24.01-1.jpeg'><img width=\"300\" height=\"300\" src=\"https:\/\/franciscanos.org.br\/conventosantoantonio\/wp-content\/uploads\/2024\/06\/WhatsApp-Image-2024-06-14-at-09.24.01-1-300x300.jpeg\" class=\"attachment-thumbnail size-thumbnail\" alt=\"\" loading=\"lazy\" srcset=\"https:\/\/franciscanos.org.br\/conventosantoantonio\/wp-content\/uploads\/2024\/06\/WhatsApp-Image-2024-06-14-at-09.24.01-1-300x300.jpeg 300w, https:\/\/franciscanos.org.br\/conventosantoantonio\/wp-content\/uploads\/2024\/06\/WhatsApp-Image-2024-06-14-at-09.24.01-1-400x400.jpeg 400w\" sizes=\"(max-width: 300px) 100vw, 300px\" \/><\/a>\n\t\t\t<\/dt><\/dl><dl class='gallery-item'>\n\t\t\t<dt class='gallery-icon portrait'>\n\t\t\t\t<a href='https:\/\/franciscanos.org.br\/conventosantoantonio\/wp-content\/uploads\/2024\/06\/WhatsApp-Image-2024-06-14-at-09.24.01-3-1.jpeg'><img width=\"300\" height=\"300\" src=\"https:\/\/franciscanos.org.br\/conventosantoantonio\/wp-content\/uploads\/2024\/06\/WhatsApp-Image-2024-06-14-at-09.24.01-3-1-300x300.jpeg\" class=\"attachment-thumbnail size-thumbnail\" alt=\"\" loading=\"lazy\" srcset=\"https:\/\/franciscanos.org.br\/conventosantoantonio\/wp-content\/uploads\/2024\/06\/WhatsApp-Image-2024-06-14-at-09.24.01-3-1-300x300.jpeg 300w, https:\/\/franciscanos.org.br\/conventosantoantonio\/wp-content\/uploads\/2024\/06\/WhatsApp-Image-2024-06-14-at-09.24.01-3-1-400x400.jpeg 400w\" sizes=\"(max-width: 300px) 100vw, 300px\" \/><\/a>\n\t\t\t<\/dt><\/dl><dl class='gallery-item'>\n\t\t\t<dt class='gallery-icon portrait'>\n\t\t\t\t<a href='https:\/\/franciscanos.org.br\/conventosantoantonio\/wp-content\/uploads\/2024\/06\/WhatsApp-Image-2024-06-14-at-09.24.01.jpeg'><img width=\"300\" height=\"300\" src=\"https:\/\/franciscanos.org.br\/conventosantoantonio\/wp-content\/uploads\/2024\/06\/WhatsApp-Image-2024-06-14-at-09.24.01-300x300.jpeg\" class=\"attachment-thumbnail size-thumbnail\" alt=\"\" loading=\"lazy\" srcset=\"https:\/\/franciscanos.org.br\/conventosantoantonio\/wp-content\/uploads\/2024\/06\/WhatsApp-Image-2024-06-14-at-09.24.01-300x300.jpeg 300w, https:\/\/franciscanos.org.br\/conventosantoantonio\/wp-content\/uploads\/2024\/06\/WhatsApp-Image-2024-06-14-at-09.24.01-400x400.jpeg 400w\" sizes=\"(max-width: 300px) 100vw, 300px\" \/><\/a>\n\t\t\t<\/dt><\/dl><br style=\"clear: both\" \/><dl class='gallery-item'>\n\t\t\t<dt class='gallery-icon landscape'>\n\t\t\t\t<a href='https:\/\/franciscanos.org.br\/conventosantoantonio\/wp-content\/uploads\/2024\/06\/WhatsApp-Image-2024-06-14-at-09.24.02-2-1.jpeg'><img width=\"300\" height=\"300\" src=\"https:\/\/franciscanos.org.br\/conventosantoantonio\/wp-content\/uploads\/2024\/06\/WhatsApp-Image-2024-06-14-at-09.24.02-2-1-300x300.jpeg\" class=\"attachment-thumbnail size-thumbnail\" alt=\"\" loading=\"lazy\" srcset=\"https:\/\/franciscanos.org.br\/conventosantoantonio\/wp-content\/uploads\/2024\/06\/WhatsApp-Image-2024-06-14-at-09.24.02-2-1-300x300.jpeg 300w, https:\/\/franciscanos.org.br\/conventosantoantonio\/wp-content\/uploads\/2024\/06\/WhatsApp-Image-2024-06-14-at-09.24.02-2-1-400x400.jpeg 400w\" sizes=\"(max-width: 300px) 100vw, 300px\" \/><\/a>\n\t\t\t<\/dt><\/dl><dl class='gallery-item'>\n\t\t\t<dt class='gallery-icon portrait'>\n\t\t\t\t<a href='https:\/\/franciscanos.org.br\/conventosantoantonio\/wp-content\/uploads\/2024\/06\/WhatsApp-Image-2024-06-14-at-09.24.02-3-1.jpeg'><img width=\"300\" height=\"300\" src=\"https:\/\/franciscanos.org.br\/conventosantoantonio\/wp-content\/uploads\/2024\/06\/WhatsApp-Image-2024-06-14-at-09.24.02-3-1-300x300.jpeg\" class=\"attachment-thumbnail size-thumbnail\" alt=\"\" loading=\"lazy\" srcset=\"https:\/\/franciscanos.org.br\/conventosantoantonio\/wp-content\/uploads\/2024\/06\/WhatsApp-Image-2024-06-14-at-09.24.02-3-1-300x300.jpeg 300w, https:\/\/franciscanos.org.br\/conventosantoantonio\/wp-content\/uploads\/2024\/06\/WhatsApp-Image-2024-06-14-at-09.24.02-3-1-400x400.jpeg 400w\" sizes=\"(max-width: 300px) 100vw, 300px\" \/><\/a>\n\t\t\t<\/dt><\/dl><dl class='gallery-item'>\n\t\t\t<dt class='gallery-icon portrait'>\n\t\t\t\t<a href='https:\/\/franciscanos.org.br\/conventosantoantonio\/wp-content\/uploads\/2024\/06\/WhatsApp-Image-2024-06-14-at-09.24.03-1.jpeg'><img width=\"300\" height=\"300\" src=\"https:\/\/franciscanos.org.br\/conventosantoantonio\/wp-content\/uploads\/2024\/06\/WhatsApp-Image-2024-06-14-at-09.24.03-1-300x300.jpeg\" class=\"attachment-thumbnail size-thumbnail\" alt=\"\" loading=\"lazy\" srcset=\"https:\/\/franciscanos.org.br\/conventosantoantonio\/wp-content\/uploads\/2024\/06\/WhatsApp-Image-2024-06-14-at-09.24.03-1-300x300.jpeg 300w, https:\/\/franciscanos.org.br\/conventosantoantonio\/wp-content\/uploads\/2024\/06\/WhatsApp-Image-2024-06-14-at-09.24.03-1-400x400.jpeg 400w\" sizes=\"(max-width: 300px) 100vw, 300px\" \/><\/a>\n\t\t\t<\/dt><\/dl><dl class='gallery-item'>\n\t\t\t<dt class='gallery-icon portrait'>\n\t\t\t\t<a href='https:\/\/franciscanos.org.br\/conventosantoantonio\/wp-content\/uploads\/2024\/06\/WhatsApp-Image-2024-06-14-at-09.24.03.jpeg'><img width=\"300\" height=\"300\" src=\"https:\/\/franciscanos.org.br\/conventosantoantonio\/wp-content\/uploads\/2024\/06\/WhatsApp-Image-2024-06-14-at-09.24.03-300x300.jpeg\" class=\"attachment-thumbnail size-thumbnail\" alt=\"\" loading=\"lazy\" srcset=\"https:\/\/franciscanos.org.br\/conventosantoantonio\/wp-content\/uploads\/2024\/06\/WhatsApp-Image-2024-06-14-at-09.24.03-300x300.jpeg 300w, https:\/\/franciscanos.org.br\/conventosantoantonio\/wp-content\/uploads\/2024\/06\/WhatsApp-Image-2024-06-14-at-09.24.03-400x400.jpeg 400w\" sizes=\"(max-width: 300px) 100vw, 300px\" \/><\/a>\n\t\t\t<\/dt><\/dl><br style=\"clear: both\" \/><dl class='gallery-item'>\n\t\t\t<dt class='gallery-icon portrait'>\n\t\t\t\t<a href='https:\/\/franciscanos.org.br\/conventosantoantonio\/wp-content\/uploads\/2024\/06\/WhatsApp-Image-2024-06-14-at-09.41.33-1.jpeg'><img width=\"300\" height=\"300\" src=\"https:\/\/franciscanos.org.br\/conventosantoantonio\/wp-content\/uploads\/2024\/06\/WhatsApp-Image-2024-06-14-at-09.41.33-1-300x300.jpeg\" class=\"attachment-thumbnail size-thumbnail\" alt=\"\" loading=\"lazy\" srcset=\"https:\/\/franciscanos.org.br\/conventosantoantonio\/wp-content\/uploads\/2024\/06\/WhatsApp-Image-2024-06-14-at-09.41.33-1-300x300.jpeg 300w, https:\/\/franciscanos.org.br\/conventosantoantonio\/wp-content\/uploads\/2024\/06\/WhatsApp-Image-2024-06-14-at-09.41.33-1-400x400.jpeg 400w\" sizes=\"(max-width: 300px) 100vw, 300px\" \/><\/a>\n\t\t\t<\/dt><\/dl><dl class='gallery-item'>\n\t\t\t<dt class='gallery-icon portrait'>\n\t\t\t\t<a href='https:\/\/franciscanos.org.br\/conventosantoantonio\/wp-content\/uploads\/2024\/06\/WhatsApp-Image-2024-06-14-at-09.45.10-1-1.jpeg'><img width=\"300\" height=\"300\" src=\"https:\/\/franciscanos.org.br\/conventosantoantonio\/wp-content\/uploads\/2024\/06\/WhatsApp-Image-2024-06-14-at-09.45.10-1-1-300x300.jpeg\" class=\"attachment-thumbnail size-thumbnail\" alt=\"\" loading=\"lazy\" srcset=\"https:\/\/franciscanos.org.br\/conventosantoantonio\/wp-content\/uploads\/2024\/06\/WhatsApp-Image-2024-06-14-at-09.45.10-1-1-300x300.jpeg 300w, https:\/\/franciscanos.org.br\/conventosantoantonio\/wp-content\/uploads\/2024\/06\/WhatsApp-Image-2024-06-14-at-09.45.10-1-1-400x400.jpeg 400w\" sizes=\"(max-width: 300px) 100vw, 300px\" \/><\/a>\n\t\t\t<\/dt><\/dl><dl class='gallery-item'>\n\t\t\t<dt class='gallery-icon landscape'>\n\t\t\t\t<a href='https:\/\/franciscanos.org.br\/conventosantoantonio\/wp-content\/uploads\/2024\/06\/WhatsApp-Image-2024-06-14-at-09.45.10-2.jpeg'><img width=\"300\" height=\"300\" src=\"https:\/\/franciscanos.org.br\/conventosantoantonio\/wp-content\/uploads\/2024\/06\/WhatsApp-Image-2024-06-14-at-09.45.10-2-300x300.jpeg\" class=\"attachment-thumbnail size-thumbnail\" alt=\"\" loading=\"lazy\" srcset=\"https:\/\/franciscanos.org.br\/conventosantoantonio\/wp-content\/uploads\/2024\/06\/WhatsApp-Image-2024-06-14-at-09.45.10-2-300x300.jpeg 300w, https:\/\/franciscanos.org.br\/conventosantoantonio\/wp-content\/uploads\/2024\/06\/WhatsApp-Image-2024-06-14-at-09.45.10-2-400x400.jpeg 400w\" sizes=\"(max-width: 300px) 100vw, 300px\" \/><\/a>\n\t\t\t<\/dt><\/dl><dl class='gallery-item'>\n\t\t\t<dt class='gallery-icon landscape'>\n\t\t\t\t<a href='https:\/\/franciscanos.org.br\/conventosantoantonio\/wp-content\/uploads\/2024\/06\/WhatsApp-Image-2024-06-14-at-09.45.11-1-1.jpeg'><img width=\"300\" height=\"300\" src=\"https:\/\/franciscanos.org.br\/conventosantoantonio\/wp-content\/uploads\/2024\/06\/WhatsApp-Image-2024-06-14-at-09.45.11-1-1-300x300.jpeg\" class=\"attachment-thumbnail size-thumbnail\" alt=\"\" loading=\"lazy\" srcset=\"https:\/\/franciscanos.org.br\/conventosantoantonio\/wp-content\/uploads\/2024\/06\/WhatsApp-Image-2024-06-14-at-09.45.11-1-1-300x300.jpeg 300w, https:\/\/franciscanos.org.br\/conventosantoantonio\/wp-content\/uploads\/2024\/06\/WhatsApp-Image-2024-06-14-at-09.45.11-1-1-400x400.jpeg 400w\" sizes=\"(max-width: 300px) 100vw, 300px\" \/><\/a>\n\t\t\t<\/dt><\/dl><br style=\"clear: both\" \/><dl class='gallery-item'>\n\t\t\t<dt class='gallery-icon portrait'>\n\t\t\t\t<a href='https:\/\/franciscanos.org.br\/conventosantoantonio\/wp-content\/uploads\/2024\/06\/WhatsApp-Image-2024-06-14-at-09.45.11-2.jpeg'><img width=\"300\" height=\"300\" src=\"https:\/\/franciscanos.org.br\/conventosantoantonio\/wp-content\/uploads\/2024\/06\/WhatsApp-Image-2024-06-14-at-09.45.11-2-300x300.jpeg\" class=\"attachment-thumbnail size-thumbnail\" alt=\"\" loading=\"lazy\" srcset=\"https:\/\/franciscanos.org.br\/conventosantoantonio\/wp-content\/uploads\/2024\/06\/WhatsApp-Image-2024-06-14-at-09.45.11-2-300x300.jpeg 300w, https:\/\/franciscanos.org.br\/conventosantoantonio\/wp-content\/uploads\/2024\/06\/WhatsApp-Image-2024-06-14-at-09.45.11-2-400x400.jpeg 400w\" sizes=\"(max-width: 300px) 100vw, 300px\" \/><\/a>\n\t\t\t<\/dt><\/dl><dl class='gallery-item'>\n\t\t\t<dt class='gallery-icon portrait'>\n\t\t\t\t<a href='https:\/\/franciscanos.org.br\/conventosantoantonio\/wp-content\/uploads\/2024\/06\/WhatsApp-Image-2024-06-14-at-09.45.12-1-1.jpeg'><img width=\"300\" height=\"300\" src=\"https:\/\/franciscanos.org.br\/conventosantoantonio\/wp-content\/uploads\/2024\/06\/WhatsApp-Image-2024-06-14-at-09.45.12-1-1-300x300.jpeg\" class=\"attachment-thumbnail size-thumbnail\" alt=\"\" loading=\"lazy\" srcset=\"https:\/\/franciscanos.org.br\/conventosantoantonio\/wp-content\/uploads\/2024\/06\/WhatsApp-Image-2024-06-14-at-09.45.12-1-1-300x300.jpeg 300w, https:\/\/franciscanos.org.br\/conventosantoantonio\/wp-content\/uploads\/2024\/06\/WhatsApp-Image-2024-06-14-at-09.45.12-1-1-400x400.jpeg 400w\" sizes=\"(max-width: 300px) 100vw, 300px\" \/><\/a>\n\t\t\t<\/dt><\/dl><dl class='gallery-item'>\n\t\t\t<dt class='gallery-icon portrait'>\n\t\t\t\t<a href='https:\/\/franciscanos.org.br\/conventosantoantonio\/wp-content\/uploads\/2024\/06\/WhatsApp-Image-2024-06-14-at-09.45.12-2.jpeg'><img width=\"300\" height=\"300\" src=\"https:\/\/franciscanos.org.br\/conventosantoantonio\/wp-content\/uploads\/2024\/06\/WhatsApp-Image-2024-06-14-at-09.45.12-2-300x300.jpeg\" class=\"attachment-thumbnail size-thumbnail\" alt=\"\" loading=\"lazy\" srcset=\"https:\/\/franciscanos.org.br\/conventosantoantonio\/wp-content\/uploads\/2024\/06\/WhatsApp-Image-2024-06-14-at-09.45.12-2-300x300.jpeg 300w, https:\/\/franciscanos.org.br\/conventosantoantonio\/wp-content\/uploads\/2024\/06\/WhatsApp-Image-2024-06-14-at-09.45.12-2-400x400.jpeg 400w\" sizes=\"(max-width: 300px) 100vw, 300px\" \/><\/a>\n\t\t\t<\/dt><\/dl><dl class='gallery-item'>\n\t\t\t<dt class='gallery-icon portrait'>\n\t\t\t\t<a href='https:\/\/franciscanos.org.br\/conventosantoantonio\/wp-content\/uploads\/2024\/06\/WhatsApp-Image-2024-06-14-at-09.45.13-1-1.jpeg'><img width=\"300\" height=\"300\" src=\"https:\/\/franciscanos.org.br\/conventosantoantonio\/wp-content\/uploads\/2024\/06\/WhatsApp-Image-2024-06-14-at-09.45.13-1-1-300x300.jpeg\" class=\"attachment-thumbnail size-thumbnail\" alt=\"\" loading=\"lazy\" srcset=\"https:\/\/franciscanos.org.br\/conventosantoantonio\/wp-content\/uploads\/2024\/06\/WhatsApp-Image-2024-06-14-at-09.45.13-1-1-300x300.jpeg 300w, https:\/\/franciscanos.org.br\/conventosantoantonio\/wp-content\/uploads\/2024\/06\/WhatsApp-Image-2024-06-14-at-09.45.13-1-1-400x400.jpeg 400w\" sizes=\"(max-width: 300px) 100vw, 300px\" \/><\/a>\n\t\t\t<\/dt><\/dl><br style=\"clear: both\" \/><dl class='gallery-item'>\n\t\t\t<dt class='gallery-icon landscape'>\n\t\t\t\t<a href='https:\/\/franciscanos.org.br\/conventosantoantonio\/wp-content\/uploads\/2024\/06\/WhatsApp-Image-2024-06-14-at-09.45.13-2.jpeg'><img width=\"300\" height=\"300\" src=\"https:\/\/franciscanos.org.br\/conventosantoantonio\/wp-content\/uploads\/2024\/06\/WhatsApp-Image-2024-06-14-at-09.45.13-2-300x300.jpeg\" class=\"attachment-thumbnail size-thumbnail\" alt=\"\" loading=\"lazy\" srcset=\"https:\/\/franciscanos.org.br\/conventosantoantonio\/wp-content\/uploads\/2024\/06\/WhatsApp-Image-2024-06-14-at-09.45.13-2-300x300.jpeg 300w, https:\/\/franciscanos.org.br\/conventosantoantonio\/wp-content\/uploads\/2024\/06\/WhatsApp-Image-2024-06-14-at-09.45.13-2-400x400.jpeg 400w\" sizes=\"(max-width: 300px) 100vw, 300px\" \/><\/a>\n\t\t\t<\/dt><\/dl><dl class='gallery-item'>\n\t\t\t<dt class='gallery-icon portrait'>\n\t\t\t\t<a href='https:\/\/franciscanos.org.br\/conventosantoantonio\/wp-content\/uploads\/2024\/06\/WhatsApp-Image-2024-06-14-at-09.45.16-2-1.jpeg'><img width=\"300\" height=\"300\" src=\"https:\/\/franciscanos.org.br\/conventosantoantonio\/wp-content\/uploads\/2024\/06\/WhatsApp-Image-2024-06-14-at-09.45.16-2-1-300x300.jpeg\" class=\"attachment-thumbnail size-thumbnail\" alt=\"\" loading=\"lazy\" srcset=\"https:\/\/franciscanos.org.br\/conventosantoantonio\/wp-content\/uploads\/2024\/06\/WhatsApp-Image-2024-06-14-at-09.45.16-2-1-300x300.jpeg 300w, https:\/\/franciscanos.org.br\/conventosantoantonio\/wp-content\/uploads\/2024\/06\/WhatsApp-Image-2024-06-14-at-09.45.16-2-1-400x400.jpeg 400w\" sizes=\"(max-width: 300px) 100vw, 300px\" \/><\/a>\n\t\t\t<\/dt><\/dl><dl class='gallery-item'>\n\t\t\t<dt class='gallery-icon portrait'>\n\t\t\t\t<a href='https:\/\/franciscanos.org.br\/conventosantoantonio\/wp-content\/uploads\/2024\/06\/WhatsApp-Image-2024-06-14-at-09.45.16-3.jpeg'><img width=\"300\" height=\"300\" src=\"https:\/\/franciscanos.org.br\/conventosantoantonio\/wp-content\/uploads\/2024\/06\/WhatsApp-Image-2024-06-14-at-09.45.16-3-300x300.jpeg\" class=\"attachment-thumbnail size-thumbnail\" alt=\"\" loading=\"lazy\" srcset=\"https:\/\/franciscanos.org.br\/conventosantoantonio\/wp-content\/uploads\/2024\/06\/WhatsApp-Image-2024-06-14-at-09.45.16-3-300x300.jpeg 300w, https:\/\/franciscanos.org.br\/conventosantoantonio\/wp-content\/uploads\/2024\/06\/WhatsApp-Image-2024-06-14-at-09.45.16-3-400x400.jpeg 400w\" sizes=\"(max-width: 300px) 100vw, 300px\" \/><\/a>\n\t\t\t<\/dt><\/dl><dl class='gallery-item'>\n\t\t\t<dt class='gallery-icon landscape'>\n\t\t\t\t<a href='https:\/\/franciscanos.org.br\/conventosantoantonio\/wp-content\/uploads\/2024\/06\/WhatsApp-Image-2024-06-14-at-09.45.17-1-1.jpeg'><img width=\"300\" height=\"300\" src=\"https:\/\/franciscanos.org.br\/conventosantoantonio\/wp-content\/uploads\/2024\/06\/WhatsApp-Image-2024-06-14-at-09.45.17-1-1-300x300.jpeg\" class=\"attachment-thumbnail size-thumbnail\" alt=\"\" loading=\"lazy\" srcset=\"https:\/\/franciscanos.org.br\/conventosantoantonio\/wp-content\/uploads\/2024\/06\/WhatsApp-Image-2024-06-14-at-09.45.17-1-1-300x300.jpeg 300w, https:\/\/franciscanos.org.br\/conventosantoantonio\/wp-content\/uploads\/2024\/06\/WhatsApp-Image-2024-06-14-at-09.45.17-1-1-400x400.jpeg 400w\" sizes=\"(max-width: 300px) 100vw, 300px\" \/><\/a>\n\t\t\t<\/dt><\/dl><br style=\"clear: both\" \/><dl class='gallery-item'>\n\t\t\t<dt class='gallery-icon landscape'>\n\t\t\t\t<a href='https:\/\/franciscanos.org.br\/conventosantoantonio\/wp-content\/uploads\/2024\/06\/WhatsApp-Image-2024-06-14-at-09.45.17-3.jpeg'><img width=\"300\" height=\"300\" src=\"https:\/\/franciscanos.org.br\/conventosantoantonio\/wp-content\/uploads\/2024\/06\/WhatsApp-Image-2024-06-14-at-09.45.17-3-300x300.jpeg\" class=\"attachment-thumbnail size-thumbnail\" alt=\"\" loading=\"lazy\" srcset=\"https:\/\/franciscanos.org.br\/conventosantoantonio\/wp-content\/uploads\/2024\/06\/WhatsApp-Image-2024-06-14-at-09.45.17-3-300x300.jpeg 300w, https:\/\/franciscanos.org.br\/conventosantoantonio\/wp-content\/uploads\/2024\/06\/WhatsApp-Image-2024-06-14-at-09.45.17-3-400x400.jpeg 400w\" sizes=\"(max-width: 300px) 100vw, 300px\" \/><\/a>\n\t\t\t<\/dt><\/dl><dl class='gallery-item'>\n\t\t\t<dt class='gallery-icon portrait'>\n\t\t\t\t<a href='https:\/\/franciscanos.org.br\/conventosantoantonio\/wp-content\/uploads\/2024\/06\/WhatsApp-Image-2024-06-14-at-09.47.37-2.jpeg'><img width=\"300\" height=\"300\" src=\"https:\/\/franciscanos.org.br\/conventosantoantonio\/wp-content\/uploads\/2024\/06\/WhatsApp-Image-2024-06-14-at-09.47.37-2-300x300.jpeg\" class=\"attachment-thumbnail size-thumbnail\" alt=\"\" loading=\"lazy\" srcset=\"https:\/\/franciscanos.org.br\/conventosantoantonio\/wp-content\/uploads\/2024\/06\/WhatsApp-Image-2024-06-14-at-09.47.37-2-300x300.jpeg 300w, https:\/\/franciscanos.org.br\/conventosantoantonio\/wp-content\/uploads\/2024\/06\/WhatsApp-Image-2024-06-14-at-09.47.37-2-400x400.jpeg 400w\" sizes=\"(max-width: 300px) 100vw, 300px\" \/><\/a>\n\t\t\t<\/dt><\/dl><dl class='gallery-item'>\n\t\t\t<dt class='gallery-icon portrait'>\n\t\t\t\t<a href='https:\/\/franciscanos.org.br\/conventosantoantonio\/wp-content\/uploads\/2024\/06\/WhatsApp-Image-2024-06-14-at-09.48.45-2.jpeg'><img width=\"300\" height=\"300\" src=\"https:\/\/franciscanos.org.br\/conventosantoantonio\/wp-content\/uploads\/2024\/06\/WhatsApp-Image-2024-06-14-at-09.48.45-2-300x300.jpeg\" class=\"attachment-thumbnail size-thumbnail\" alt=\"\" loading=\"lazy\" srcset=\"https:\/\/franciscanos.org.br\/conventosantoantonio\/wp-content\/uploads\/2024\/06\/WhatsApp-Image-2024-06-14-at-09.48.45-2-300x300.jpeg 300w, https:\/\/franciscanos.org.br\/conventosantoantonio\/wp-content\/uploads\/2024\/06\/WhatsApp-Image-2024-06-14-at-09.48.45-2-400x400.jpeg 400w\" sizes=\"(max-width: 300px) 100vw, 300px\" \/><\/a>\n\t\t\t<\/dt><\/dl><dl class='gallery-item'>\n\t\t\t<dt class='gallery-icon portrait'>\n\t\t\t\t<a href='https:\/\/franciscanos.org.br\/conventosantoantonio\/wp-content\/uploads\/2024\/06\/WhatsApp-Image-2024-06-14-at-10.14.38-1-1.jpeg'><img width=\"300\" height=\"300\" src=\"https:\/\/franciscanos.org.br\/conventosantoantonio\/wp-content\/uploads\/2024\/06\/WhatsApp-Image-2024-06-14-at-10.14.38-1-1-300x300.jpeg\" class=\"attachment-thumbnail size-thumbnail\" alt=\"\" loading=\"lazy\" srcset=\"https:\/\/franciscanos.org.br\/conventosantoantonio\/wp-content\/uploads\/2024\/06\/WhatsApp-Image-2024-06-14-at-10.14.38-1-1-300x300.jpeg 300w, https:\/\/franciscanos.org.br\/conventosantoantonio\/wp-content\/uploads\/2024\/06\/WhatsApp-Image-2024-06-14-at-10.14.38-1-1-400x400.jpeg 400w\" sizes=\"(max-width: 300px) 100vw, 300px\" \/><\/a>\n\t\t\t<\/dt><\/dl><br style=\"clear: both\" \/><dl class='gallery-item'>\n\t\t\t<dt class='gallery-icon landscape'>\n\t\t\t\t<a href='https:\/\/franciscanos.org.br\/conventosantoantonio\/wp-content\/uploads\/2024\/06\/WhatsApp-Image-2024-06-14-at-10.14.38-2-1.jpeg'><img width=\"300\" height=\"300\" src=\"https:\/\/franciscanos.org.br\/conventosantoantonio\/wp-content\/uploads\/2024\/06\/WhatsApp-Image-2024-06-14-at-10.14.38-2-1-300x300.jpeg\" class=\"attachment-thumbnail size-thumbnail\" alt=\"\" loading=\"lazy\" srcset=\"https:\/\/franciscanos.org.br\/conventosantoantonio\/wp-content\/uploads\/2024\/06\/WhatsApp-Image-2024-06-14-at-10.14.38-2-1-300x300.jpeg 300w, https:\/\/franciscanos.org.br\/conventosantoantonio\/wp-content\/uploads\/2024\/06\/WhatsApp-Image-2024-06-14-at-10.14.38-2-1-400x400.jpeg 400w\" sizes=\"(max-width: 300px) 100vw, 300px\" \/><\/a>\n\t\t\t<\/dt><\/dl><dl class='gallery-item'>\n\t\t\t<dt class='gallery-icon portrait'>\n\t\t\t\t<a href='https:\/\/franciscanos.org.br\/conventosantoantonio\/wp-content\/uploads\/2024\/06\/WhatsApp-Image-2024-06-14-at-10.14.38-3.jpeg'><img width=\"300\" height=\"300\" src=\"https:\/\/franciscanos.org.br\/conventosantoantonio\/wp-content\/uploads\/2024\/06\/WhatsApp-Image-2024-06-14-at-10.14.38-3-300x300.jpeg\" class=\"attachment-thumbnail size-thumbnail\" alt=\"\" loading=\"lazy\" srcset=\"https:\/\/franciscanos.org.br\/conventosantoantonio\/wp-content\/uploads\/2024\/06\/WhatsApp-Image-2024-06-14-at-10.14.38-3-300x300.jpeg 300w, https:\/\/franciscanos.org.br\/conventosantoantonio\/wp-content\/uploads\/2024\/06\/WhatsApp-Image-2024-06-14-at-10.14.38-3-400x400.jpeg 400w\" sizes=\"(max-width: 300px) 100vw, 300px\" \/><\/a>\n\t\t\t<\/dt><\/dl><dl class='gallery-item'>\n\t\t\t<dt class='gallery-icon portrait'>\n\t\t\t\t<a href='https:\/\/franciscanos.org.br\/conventosantoantonio\/wp-content\/uploads\/2024\/06\/WhatsApp-Image-2024-06-14-at-10.14.38-4.jpeg'><img width=\"300\" height=\"300\" src=\"https:\/\/franciscanos.org.br\/conventosantoantonio\/wp-content\/uploads\/2024\/06\/WhatsApp-Image-2024-06-14-at-10.14.38-4-300x300.jpeg\" class=\"attachment-thumbnail size-thumbnail\" alt=\"\" loading=\"lazy\" srcset=\"https:\/\/franciscanos.org.br\/conventosantoantonio\/wp-content\/uploads\/2024\/06\/WhatsApp-Image-2024-06-14-at-10.14.38-4-300x300.jpeg 300w, https:\/\/franciscanos.org.br\/conventosantoantonio\/wp-content\/uploads\/2024\/06\/WhatsApp-Image-2024-06-14-at-10.14.38-4-400x400.jpeg 400w\" sizes=\"(max-width: 300px) 100vw, 300px\" \/><\/a>\n\t\t\t<\/dt><\/dl><dl class='gallery-item'>\n\t\t\t<dt class='gallery-icon portrait'>\n\t\t\t\t<a href='https:\/\/franciscanos.org.br\/conventosantoantonio\/wp-content\/uploads\/2024\/06\/WhatsApp-Image-2024-06-14-at-10.14.38-5.jpeg'><img width=\"300\" height=\"300\" src=\"https:\/\/franciscanos.org.br\/conventosantoantonio\/wp-content\/uploads\/2024\/06\/WhatsApp-Image-2024-06-14-at-10.14.38-5-300x300.jpeg\" class=\"attachment-thumbnail size-thumbnail\" alt=\"\" loading=\"lazy\" srcset=\"https:\/\/franciscanos.org.br\/conventosantoantonio\/wp-content\/uploads\/2024\/06\/WhatsApp-Image-2024-06-14-at-10.14.38-5-300x300.jpeg 300w, https:\/\/franciscanos.org.br\/conventosantoantonio\/wp-content\/uploads\/2024\/06\/WhatsApp-Image-2024-06-14-at-10.14.38-5-400x400.jpeg 400w\" sizes=\"(max-width: 300px) 100vw, 300px\" \/><\/a>\n\t\t\t<\/dt><\/dl><br style=\"clear: both\" \/><dl class='gallery-item'>\n\t\t\t<dt class='gallery-icon portrait'>\n\t\t\t\t<a href='https:\/\/franciscanos.org.br\/conventosantoantonio\/wp-content\/uploads\/2024\/06\/WhatsApp-Image-2024-06-14-at-10.14.38-7.jpeg'><img width=\"300\" height=\"300\" src=\"https:\/\/franciscanos.org.br\/conventosantoantonio\/wp-content\/uploads\/2024\/06\/WhatsApp-Image-2024-06-14-at-10.14.38-7-300x300.jpeg\" class=\"attachment-thumbnail size-thumbnail\" alt=\"\" loading=\"lazy\" srcset=\"https:\/\/franciscanos.org.br\/conventosantoantonio\/wp-content\/uploads\/2024\/06\/WhatsApp-Image-2024-06-14-at-10.14.38-7-300x300.jpeg 300w, https:\/\/franciscanos.org.br\/conventosantoantonio\/wp-content\/uploads\/2024\/06\/WhatsApp-Image-2024-06-14-at-10.14.38-7-400x400.jpeg 400w\" sizes=\"(max-width: 300px) 100vw, 300px\" \/><\/a>\n\t\t\t<\/dt><\/dl><dl class='gallery-item'>\n\t\t\t<dt class='gallery-icon portrait'>\n\t\t\t\t<a href='https:\/\/franciscanos.org.br\/conventosantoantonio\/wp-content\/uploads\/2024\/06\/WhatsApp-Image-2024-06-14-at-10.14.38-8.jpeg'><img width=\"300\" height=\"300\" src=\"https:\/\/franciscanos.org.br\/conventosantoantonio\/wp-content\/uploads\/2024\/06\/WhatsApp-Image-2024-06-14-at-10.14.38-8-300x300.jpeg\" class=\"attachment-thumbnail size-thumbnail\" alt=\"\" loading=\"lazy\" srcset=\"https:\/\/franciscanos.org.br\/conventosantoantonio\/wp-content\/uploads\/2024\/06\/WhatsApp-Image-2024-06-14-at-10.14.38-8-300x300.jpeg 300w, https:\/\/franciscanos.org.br\/conventosantoantonio\/wp-content\/uploads\/2024\/06\/WhatsApp-Image-2024-06-14-at-10.14.38-8-400x400.jpeg 400w\" sizes=\"(max-width: 300px) 100vw, 300px\" \/><\/a>\n\t\t\t<\/dt><\/dl><dl class='gallery-item'>\n\t\t\t<dt class='gallery-icon portrait'>\n\t\t\t\t<a href='https:\/\/franciscanos.org.br\/conventosantoantonio\/wp-content\/uploads\/2024\/06\/WhatsApp-Image-2024-06-14-at-10.14.38.jpeg'><img width=\"300\" height=\"300\" src=\"https:\/\/franciscanos.org.br\/conventosantoantonio\/wp-content\/uploads\/2024\/06\/WhatsApp-Image-2024-06-14-at-10.14.38-300x300.jpeg\" class=\"attachment-thumbnail size-thumbnail\" alt=\"\" loading=\"lazy\" srcset=\"https:\/\/franciscanos.org.br\/conventosantoantonio\/wp-content\/uploads\/2024\/06\/WhatsApp-Image-2024-06-14-at-10.14.38-300x300.jpeg 300w, https:\/\/franciscanos.org.br\/conventosantoantonio\/wp-content\/uploads\/2024\/06\/WhatsApp-Image-2024-06-14-at-10.14.38-400x400.jpeg 400w\" sizes=\"(max-width: 300px) 100vw, 300px\" \/><\/a>\n\t\t\t<\/dt><\/dl>\n\t\t\t<br style='clear: both' \/>\n\t\t<\/div>\n\n<p>&nbsp;<\/p>\n","protected":false},"excerpt":{"rendered":"<p>Festa de Santo Ant\u00f4nio 2024 &#8211; Convento do Largo da Carioca<\/p>\n","protected":false},"author":12,"featured_media":189337,"comment_status":"open","ping_status":"open","sticky":false,"template":"","format":"standard","meta":[],"categories":[105],"tags":[382],"yoast_head":"<!-- This site is optimized with the Yoast SEO plugin v19.4 - https:\/\/yoast.com\/wordpress\/plugins\/seo\/ -->\n<title>Santo Ant\u00f4nio do Largo da Carioca recebe 40 mil fi\u00e9is para celebrar a amizade e a fraternidade - Convento Santo Ant\u00f4nio- Franciscanos<\/title>\n<meta name=\"robots\" content=\"index, follow, max-snippet:-1, max-image-preview:large, max-video-preview:-1\" \/>\n<link rel=\"canonical\" href=\"https:\/\/franciscanos.org.br\/conventosantoantonio\/santo-antonio-do-largo-da-carioca-recebe-40-mil-fieis-para-celebrar-a-amizade-e-a-fraternidade\/\" \/>\n<meta property=\"og:locale\" content=\"pt_BR\" \/>\n<meta property=\"og:type\" content=\"article\" \/>\n<meta property=\"og:title\" content=\"Santo Ant\u00f4nio do Largo da Carioca recebe 40 mil fi\u00e9is para celebrar a amizade e a fraternidade - Convento Santo Ant\u00f4nio- Franciscanos\" \/>\n<meta property=\"og:description\" content=\"Festa de Santo Ant\u00f4nio 2024 - Convento do Largo da Carioca\" \/>\n<meta property=\"og:url\" content=\"https:\/\/franciscanos.org.br\/conventosantoantonio\/santo-antonio-do-largo-da-carioca-recebe-40-mil-fieis-para-celebrar-a-amizade-e-a-fraternidade\/\" \/>\n<meta property=\"og:site_name\" content=\"Convento Santo Ant\u00f4nio- Franciscanos\" \/>\n<meta property=\"article:published_time\" content=\"2024-06-14T14:28:26+00:00\" \/>\n<meta property=\"article:modified_time\" content=\"2024-06-14T14:51:32+00:00\" \/>\n<meta property=\"og:image\" content=\"https:\/\/franciscanos.org.br\/conventosantoantonio\/wp-content\/uploads\/2024\/06\/WhatsApp-Image-2024-06-13-at-09.19.36-scaled.jpeg\" \/>\n\t<meta property=\"og:image:width\" content=\"1920\" \/>\n\t<meta property=\"og:image:height\" content=\"2560\" \/>\n\t<meta property=\"og:image:type\" content=\"image\/jpeg\" \/>\n<meta name=\"author\" content=\"Adriana Rabelo\" \/>\n<meta name=\"twitter:card\" content=\"summary_large_image\" \/>\n<meta name=\"twitter:label1\" content=\"Escrito por\" \/>\n\t<meta name=\"twitter:data1\" content=\"Adriana Rabelo\" \/>\n\t<meta name=\"twitter:label2\" content=\"Est. tempo de leitura\" \/>\n\t<meta name=\"twitter:data2\" content=\"5 minutos\" \/>\n<script type=\"application\/ld+json\" class=\"yoast-schema-graph\">{\"@context\":\"https:\/\/schema.org\",\"@graph\":[{\"@type\":\"WebSite\",\"@id\":\"https:\/\/franciscanos.org.br\/conventosantoantonio\/#website\",\"url\":\"https:\/\/franciscanos.org.br\/conventosantoantonio\/\",\"name\":\"Convento Santo Ant\u00f4nio- Franciscanos\",\"description\":\"Prov\u00edncia Franciscana da Imaculada Concei\u00e7\u00e3o do Brasil - Ordem dos Frades Menores\",\"potentialAction\":[{\"@type\":\"SearchAction\",\"target\":{\"@type\":\"EntryPoint\",\"urlTemplate\":\"https:\/\/franciscanos.org.br\/conventosantoantonio\/?s={search_term_string}\"},\"query-input\":\"required name=search_term_string\"}],\"inLanguage\":\"pt-BR\"},{\"@type\":\"WebPage\",\"@id\":\"https:\/\/franciscanos.org.br\/conventosantoantonio\/santo-antonio-do-largo-da-carioca-recebe-40-mil-fieis-para-celebrar-a-amizade-e-a-fraternidade\/\",\"url\":\"https:\/\/franciscanos.org.br\/conventosantoantonio\/santo-antonio-do-largo-da-carioca-recebe-40-mil-fieis-para-celebrar-a-amizade-e-a-fraternidade\/\",\"name\":\"Santo Ant\u00f4nio do Largo da Carioca recebe 40 mil fi\u00e9is para celebrar a amizade e a fraternidade - Convento Santo Ant\u00f4nio- Franciscanos\",\"isPartOf\":{\"@id\":\"https:\/\/franciscanos.org.br\/conventosantoantonio\/#website\"},\"datePublished\":\"2024-06-14T14:28:26+00:00\",\"dateModified\":\"2024-06-14T14:51:32+00:00\",\"author\":{\"@id\":\"https:\/\/franciscanos.org.br\/conventosantoantonio\/#\/schema\/person\/9a980420618be29f098b094e6e8289e1\"},\"breadcrumb\":{\"@id\":\"https:\/\/franciscanos.org.br\/conventosantoantonio\/santo-antonio-do-largo-da-carioca-recebe-40-mil-fieis-para-celebrar-a-amizade-e-a-fraternidade\/#breadcrumb\"},\"inLanguage\":\"pt-BR\",\"potentialAction\":[{\"@type\":\"ReadAction\",\"target\":[\"https:\/\/franciscanos.org.br\/conventosantoantonio\/santo-antonio-do-largo-da-carioca-recebe-40-mil-fieis-para-celebrar-a-amizade-e-a-fraternidade\/\"]}]},{\"@type\":\"BreadcrumbList\",\"@id\":\"https:\/\/franciscanos.org.br\/conventosantoantonio\/santo-antonio-do-largo-da-carioca-recebe-40-mil-fieis-para-celebrar-a-amizade-e-a-fraternidade\/#breadcrumb\",\"itemListElement\":[{\"@type\":\"ListItem\",\"position\":1,\"name\":\"Home\",\"item\":\"https:\/\/franciscanos.org.br\/conventosantoantonio\/\"},{\"@type\":\"ListItem\",\"position\":2,\"name\":\"Santo Ant\u00f4nio do Largo da Carioca recebe 40 mil fi\u00e9is para celebrar a amizade e a fraternidade\"}]},{\"@type\":\"Person\",\"@id\":\"https:\/\/franciscanos.org.br\/conventosantoantonio\/#\/schema\/person\/9a980420618be29f098b094e6e8289e1\",\"name\":\"Adriana Rabelo\",\"image\":{\"@type\":\"ImageObject\",\"inLanguage\":\"pt-BR\",\"@id\":\"https:\/\/franciscanos.org.br\/conventosantoantonio\/#\/schema\/person\/image\/\",\"url\":\"https:\/\/secure.gravatar.com\/avatar\/0a937b7500cd7df77540cfb8bede877d?s=96&d=mm&r=g\",\"contentUrl\":\"https:\/\/secure.gravatar.com\/avatar\/0a937b7500cd7df77540cfb8bede877d?s=96&d=mm&r=g\",\"caption\":\"Adriana Rabelo\"},\"url\":\"https:\/\/franciscanos.org.br\/conventosantoantonio\/author\/adrianarabelo\/\"}]}<\/script>\n<!-- \/ Yoast SEO plugin. -->","yoast_head_json":{"title":"Santo Ant\u00f4nio do Largo da Carioca recebe 40 mil fi\u00e9is para celebrar a amizade e a fraternidade - Convento Santo Ant\u00f4nio- Franciscanos","robots":{"index":"index","follow":"follow","max-snippet":"max-snippet:-1","max-image-preview":"max-image-preview:large","max-video-preview":"max-video-preview:-1"},"canonical":"https:\/\/franciscanos.org.br\/conventosantoantonio\/santo-antonio-do-largo-da-carioca-recebe-40-mil-fieis-para-celebrar-a-amizade-e-a-fraternidade\/","og_locale":"pt_BR","og_type":"article","og_title":"Santo Ant\u00f4nio do Largo da Carioca recebe 40 mil fi\u00e9is para celebrar a amizade e a fraternidade - Convento Santo Ant\u00f4nio- Franciscanos","og_description":"Festa de Santo Ant\u00f4nio 2024 - Convento do Largo da Carioca","og_url":"https:\/\/franciscanos.org.br\/conventosantoantonio\/santo-antonio-do-largo-da-carioca-recebe-40-mil-fieis-para-celebrar-a-amizade-e-a-fraternidade\/","og_site_name":"Convento Santo Ant\u00f4nio- Franciscanos","article_published_time":"2024-06-14T14:28:26+00:00","article_modified_time":"2024-06-14T14:51:32+00:00","og_image":[{"width":1920,"height":2560,"url":"https:\/\/franciscanos.org.br\/conventosantoantonio\/wp-content\/uploads\/2024\/06\/WhatsApp-Image-2024-06-13-at-09.19.36-scaled.jpeg","type":"image\/jpeg"}],"author":"Adriana Rabelo","twitter_card":"summary_large_image","twitter_misc":{"Escrito por":"Adriana Rabelo","Est. tempo de leitura":"5 minutos"},"schema":{"@context":"https:\/\/schema.org","@graph":[{"@type":"WebSite","@id":"https:\/\/franciscanos.org.br\/conventosantoantonio\/#website","url":"https:\/\/franciscanos.org.br\/conventosantoantonio\/","name":"Convento Santo Ant\u00f4nio- Franciscanos","description":"Prov\u00edncia Franciscana da Imaculada Concei\u00e7\u00e3o do Brasil - Ordem dos Frades Menores","potentialAction":[{"@type":"SearchAction","target":{"@type":"EntryPoint","urlTemplate":"https:\/\/franciscanos.org.br\/conventosantoantonio\/?s={search_term_string}"},"query-input":"required name=search_term_string"}],"inLanguage":"pt-BR"},{"@type":"WebPage","@id":"https:\/\/franciscanos.org.br\/conventosantoantonio\/santo-antonio-do-largo-da-carioca-recebe-40-mil-fieis-para-celebrar-a-amizade-e-a-fraternidade\/","url":"https:\/\/franciscanos.org.br\/conventosantoantonio\/santo-antonio-do-largo-da-carioca-recebe-40-mil-fieis-para-celebrar-a-amizade-e-a-fraternidade\/","name":"Santo Ant\u00f4nio do Largo da Carioca recebe 40 mil fi\u00e9is para celebrar a amizade e a fraternidade - Convento Santo Ant\u00f4nio- Franciscanos","isPartOf":{"@id":"https:\/\/franciscanos.org.br\/conventosantoantonio\/#website"},"datePublished":"2024-06-14T14:28:26+00:00","dateModified":"2024-06-14T14:51:32+00:00","author":{"@id":"https:\/\/franciscanos.org.br\/conventosantoantonio\/#\/schema\/person\/9a980420618be29f098b094e6e8289e1"},"breadcrumb":{"@id":"https:\/\/franciscanos.org.br\/conventosantoantonio\/santo-antonio-do-largo-da-carioca-recebe-40-mil-fieis-para-celebrar-a-amizade-e-a-fraternidade\/#breadcrumb"},"inLanguage":"pt-BR","potentialAction":[{"@type":"ReadAction","target":["https:\/\/franciscanos.org.br\/conventosantoantonio\/santo-antonio-do-largo-da-carioca-recebe-40-mil-fieis-para-celebrar-a-amizade-e-a-fraternidade\/"]}]},{"@type":"BreadcrumbList","@id":"https:\/\/franciscanos.org.br\/conventosantoantonio\/santo-antonio-do-largo-da-carioca-recebe-40-mil-fieis-para-celebrar-a-amizade-e-a-fraternidade\/#breadcrumb","itemListElement":[{"@type":"ListItem","position":1,"name":"Home","item":"https:\/\/franciscanos.org.br\/conventosantoantonio\/"},{"@type":"ListItem","position":2,"name":"Santo Ant\u00f4nio do Largo da Carioca recebe 40 mil fi\u00e9is para celebrar a amizade e a fraternidade"}]},{"@type":"Person","@id":"https:\/\/franciscanos.org.br\/conventosantoantonio\/#\/schema\/person\/9a980420618be29f098b094e6e8289e1","name":"Adriana Rabelo","image":{"@type":"ImageObject","inLanguage":"pt-BR","@id":"https:\/\/franciscanos.org.br\/conventosantoantonio\/#\/schema\/person\/image\/","url":"https:\/\/secure.gravatar.com\/avatar\/0a937b7500cd7df77540cfb8bede877d?s=96&d=mm&r=g","contentUrl":"https:\/\/secure.gravatar.com\/avatar\/0a937b7500cd7df77540cfb8bede877d?s=96&d=mm&r=g","caption":"Adriana Rabelo"},"url":"https:\/\/franciscanos.org.br\/conventosantoantonio\/author\/adrianarabelo\/"}]}},"_links":{"self":[{"href":"https:\/\/franciscanos.org.br\/conventosantoantonio\/wp-json\/wp\/v2\/posts\/189302"}],"collection":[{"href":"https:\/\/franciscanos.org.br\/conventosantoantonio\/wp-json\/wp\/v2\/posts"}],"about":[{"href":"https:\/\/franciscanos.org.br\/conventosantoantonio\/wp-json\/wp\/v2\/types\/post"}],"author":[{"embeddable":true,"href":"https:\/\/franciscanos.org.br\/conventosantoantonio\/wp-json\/wp\/v2\/users\/12"}],"replies":[{"embeddable":true,"href":"https:\/\/franciscanos.org.br\/conventosantoantonio\/wp-json\/wp\/v2\/comments?post=189302"}],"version-history":[{"count":7,"href":"https:\/\/franciscanos.org.br\/conventosantoantonio\/wp-json\/wp\/v2\/posts\/189302\/revisions"}],"predecessor-version":[{"id":189394,"href":"https:\/\/franciscanos.org.br\/conventosantoantonio\/wp-json\/wp\/v2\/posts\/189302\/revisions\/189394"}],"wp:featuredmedia":[{"embeddable":true,"href":"https:\/\/franciscanos.org.br\/conventosantoantonio\/wp-json\/wp\/v2\/media\/189337"}],"wp:attachment":[{"href":"https:\/\/franciscanos.org.br\/conventosantoantonio\/wp-json\/wp\/v2\/media?parent=189302"}],"wp:term":[{"taxonomy":"category","embeddable":true,"href":"https:\/\/franciscanos.org.br\/conventosantoantonio\/wp-json\/wp\/v2\/categories?post=189302"},{"taxonomy":"post_tag","embeddable":true,"href":"https:\/\/franciscanos.org.br\/conventosantoantonio\/wp-json\/wp\/v2\/tags?post=189302"}],"curies":[{"name":"wp","href":"https:\/\/api.w.org\/{rel}","templated":true}]}}