{"id":189181,"date":"2024-06-06T10:24:31","date_gmt":"2024-06-06T13:24:31","guid":{"rendered":"https:\/\/franciscanos.org.br\/conventosantoantonio\/?p=189181"},"modified":"2024-06-07T16:24:50","modified_gmt":"2024-06-07T19:24:50","slug":"fecomercio-hospital-souza-aguiar-e-central-do-brasil-recebem-visita-e-bencao-com-a-imagem-peregrina-de-santo-antonio","status":"publish","type":"post","link":"https:\/\/franciscanos.org.br\/conventosantoantonio\/fecomercio-hospital-souza-aguiar-e-central-do-brasil-recebem-visita-e-bencao-com-a-imagem-peregrina-de-santo-antonio\/","title":{"rendered":"Fecom\u00e9rcio, Hospital Souza Aguiar e Central do Brasil recebem visita e b\u00ean\u00e7\u00e3o com a Imagem peregrina de\u00a0Santo\u00a0Ant\u00f4nio"},"content":{"rendered":"<p><img loading=\"lazy\" class=\"aligncenter wp-image-189218 size-full\" src=\"https:\/\/franciscanos.org.br\/conventosantoantonio\/wp-content\/uploads\/2024\/06\/1.jpeg\" alt=\"\" width=\"1600\" height=\"1200\" srcset=\"https:\/\/franciscanos.org.br\/conventosantoantonio\/wp-content\/uploads\/2024\/06\/1.jpeg 1600w, https:\/\/franciscanos.org.br\/conventosantoantonio\/wp-content\/uploads\/2024\/06\/1-450x338.jpeg 450w, https:\/\/franciscanos.org.br\/conventosantoantonio\/wp-content\/uploads\/2024\/06\/1-1024x768.jpeg 1024w, https:\/\/franciscanos.org.br\/conventosantoantonio\/wp-content\/uploads\/2024\/06\/1-768x576.jpeg 768w, https:\/\/franciscanos.org.br\/conventosantoantonio\/wp-content\/uploads\/2024\/06\/1-1536x1152.jpeg 1536w, https:\/\/franciscanos.org.br\/conventosantoantonio\/wp-content\/uploads\/2024\/06\/1-150x113.jpeg 150w\" sizes=\"(max-width: 1600px) 100vw, 1600px\" \/><\/p>\n<p>Com o tema \u201cSanto Ant\u00f4nio, o irm\u00e3o da Palavra\u201d, a Trezena de 2024 chegou ao seu sexto dia, celebrado nesta quarta-feira, 05 de junho, Dia Mundial do Meio Ambiente. A Imagem peregrina visitou, na parte da manh\u00e3, a sede da Federa\u00e7\u00e3o do Com\u00e9rcio do Estado do Rio de Janeiro (Fecom\u00e9rcio), no Bairro do Flamengo. A celebra\u00e7\u00e3o se realizou no audit\u00f3rio da entidade, com proje\u00e7\u00e3o da logomarca da Trezena em tel\u00f5es de LED.<\/p>\n<p>Os colaboradores manifestaram carinho e emo\u00e7\u00e3o na acolhida e, na reflex\u00e3o em torno da Palavra de Deus, em nome do Convento, Frei Gustavo Medella chamou a aten\u00e7\u00e3o para as a\u00e7\u00f5es de sustentabilidade, forma\u00e7\u00e3o, incentivo \u00e0 arte e \u00e0 cultura, solidariedade e profissionaliza\u00e7\u00e3o promovidas pelas entidades que comp\u00f5em a Fecom\u00e9rcio, destacando que todas estas iniciativas s\u00e3o conformes aos valores do Evangelho vivido e pregado por Santo Ant\u00f4nio. Em nome dos anfitri\u00f5es, o Diretor Regional do Senac, S\u00e9rgio Ribeiro, agradeceu aos frades pela presen\u00e7a, pela segunda vez consecutiva, da imagem peregrina de Santo Ant\u00f4nio na institui\u00e7\u00e3o o que demonstra, segundo ele, um gesto de incentivo para que a Fecom\u00e9rcio siga sua miss\u00e3o na promo\u00e7\u00e3o do bem e da paz.<\/p>\n<p>Com o tema \u201cSanto Ant\u00f4nio, o irm\u00e3o da Palavra\u201d, a Trezena de 2024 chegou ao seu sexto dia, celebrado nesta quarta-feira, 05 de junho, Dia Mundial do Meio Ambiente. A Imagem peregrina visitou, na parte da manh\u00e3, a sede da Federa\u00e7\u00e3o do Com\u00e9rcio do Estado do Rio de Janeiro (Fecom\u00e9rcio), no Bairro do Flamengo. A celebra\u00e7\u00e3o se realizou no audit\u00f3rio da entidade, com proje\u00e7\u00e3o da logomarca da Trezena em tel\u00f5es de LED.<\/p>\n<p>Os colaboradores manifestaram carinho e emo\u00e7\u00e3o na acolhida e, na reflex\u00e3o em torno da Palavra de Deus, em nome do Convento, Frei Gustavo Medella chamou a aten\u00e7\u00e3o para as a\u00e7\u00f5es de sustentabilidade, forma\u00e7\u00e3o, incentivo \u00e0 arte e \u00e0 cultura, solidariedade e profissionaliza\u00e7\u00e3o promovidas pelas entidades que comp\u00f5em a Fecom\u00e9rcio, destacando que todas estas iniciativas s\u00e3o conformes aos valores do Evangelho vivido e pregado por Santo Ant\u00f4nio. Em nome dos anfitri\u00f5es, o Diretor Regional do Senac, S\u00e9rgio Ribeiro, agradeceu aos frades pela presen\u00e7a, pela segunda vez consecutiva, da imagem peregrina de Santo Ant\u00f4nio na institui\u00e7\u00e3o o que demonstra, segundo ele, um gesto de incentivo para que a Fecom\u00e9rcio siga sua miss\u00e3o na promo\u00e7\u00e3o do bem e da paz.<\/p>\n\n\t\t<style type=\"text\/css\">\n\t\t\t#gallery-1 {\n\t\t\t\tmargin: auto;\n\t\t\t}\n\t\t\t#gallery-1 .gallery-item {\n\t\t\t\tfloat: left;\n\t\t\t\tmargin-top: 10px;\n\t\t\t\ttext-align: center;\n\t\t\t\twidth: 33%;\n\t\t\t}\n\t\t\t#gallery-1 img {\n\t\t\t\tborder: 2px solid #cfcfcf;\n\t\t\t}\n\t\t\t#gallery-1 .gallery-caption {\n\t\t\t\tmargin-left: 0;\n\t\t\t}\n\t\t\t\/* see gallery_shortcode() in wp-includes\/media.php *\/\n\t\t<\/style>\n\t\t<div id='gallery-1' class='gallery galleryid-189181 gallery-columns-3 gallery-size-thumbnail'><dl class='gallery-item'>\n\t\t\t<dt class='gallery-icon portrait'>\n\t\t\t\t<a href='https:\/\/franciscanos.org.br\/conventosantoantonio\/wp-content\/uploads\/2024\/06\/2.jpeg'><img width=\"300\" height=\"300\" src=\"https:\/\/franciscanos.org.br\/conventosantoantonio\/wp-content\/uploads\/2024\/06\/2-300x300.jpeg\" class=\"attachment-thumbnail size-thumbnail\" alt=\"\" loading=\"lazy\" srcset=\"https:\/\/franciscanos.org.br\/conventosantoantonio\/wp-content\/uploads\/2024\/06\/2-300x300.jpeg 300w, https:\/\/franciscanos.org.br\/conventosantoantonio\/wp-content\/uploads\/2024\/06\/2-400x400.jpeg 400w\" sizes=\"(max-width: 300px) 100vw, 300px\" \/><\/a>\n\t\t\t<\/dt><\/dl><dl class='gallery-item'>\n\t\t\t<dt class='gallery-icon portrait'>\n\t\t\t\t<a href='https:\/\/franciscanos.org.br\/conventosantoantonio\/wp-content\/uploads\/2024\/06\/3.jpeg'><img width=\"300\" height=\"300\" src=\"https:\/\/franciscanos.org.br\/conventosantoantonio\/wp-content\/uploads\/2024\/06\/3-300x300.jpeg\" class=\"attachment-thumbnail size-thumbnail\" alt=\"\" loading=\"lazy\" srcset=\"https:\/\/franciscanos.org.br\/conventosantoantonio\/wp-content\/uploads\/2024\/06\/3-300x300.jpeg 300w, https:\/\/franciscanos.org.br\/conventosantoantonio\/wp-content\/uploads\/2024\/06\/3-400x400.jpeg 400w\" sizes=\"(max-width: 300px) 100vw, 300px\" \/><\/a>\n\t\t\t<\/dt><\/dl><dl class='gallery-item'>\n\t\t\t<dt class='gallery-icon portrait'>\n\t\t\t\t<a href='https:\/\/franciscanos.org.br\/conventosantoantonio\/wp-content\/uploads\/2024\/06\/4.jpeg'><img width=\"300\" height=\"300\" src=\"https:\/\/franciscanos.org.br\/conventosantoantonio\/wp-content\/uploads\/2024\/06\/4-300x300.jpeg\" class=\"attachment-thumbnail size-thumbnail\" alt=\"\" loading=\"lazy\" srcset=\"https:\/\/franciscanos.org.br\/conventosantoantonio\/wp-content\/uploads\/2024\/06\/4-300x300.jpeg 300w, https:\/\/franciscanos.org.br\/conventosantoantonio\/wp-content\/uploads\/2024\/06\/4-400x400.jpeg 400w\" sizes=\"(max-width: 300px) 100vw, 300px\" \/><\/a>\n\t\t\t<\/dt><\/dl><br style=\"clear: both\" \/>\n\t\t<\/div>\n\n<p><b>Em percurso at\u00e9 a Central do Brasil, Imagem peregrina seguiu de VLT<\/b><\/p>\n<p>Ao fim da tarde de ter\u00e7a-feira, dia 04 de junho, a Imagem peregrina visitou a Central do Brasil, um dos s\u00edmbolos da Cidade do Rio de Janeiro, onde foi celebrada uma missa votiva na inten\u00e7\u00e3o do Santo na Capela Nossa Senhora Aparecida, que se localiza dentro da esta\u00e7\u00e3o. Por conta do tr\u00e2nsito do hor\u00e1rio e para facilitar o deslocamento, os frades que conduziram a imagem optaram por seguir no Ve\u00edculo Leve sobre Trilhos (VLT), embarcando na parada Carioca para seguir at\u00e9 a Central. A experi\u00eancia causou curiosidade e alegria entre diversos passageiros.<\/p>\n<p><img loading=\"lazy\" class=\"alignnone size-medium wp-image-189222\" src=\"https:\/\/franciscanos.org.br\/conventosantoantonio\/wp-content\/uploads\/2024\/06\/7-338x450.jpeg\" alt=\"\" width=\"338\" height=\"450\" srcset=\"https:\/\/franciscanos.org.br\/conventosantoantonio\/wp-content\/uploads\/2024\/06\/7-338x450.jpeg 338w, https:\/\/franciscanos.org.br\/conventosantoantonio\/wp-content\/uploads\/2024\/06\/7-768x1024.jpeg 768w, https:\/\/franciscanos.org.br\/conventosantoantonio\/wp-content\/uploads\/2024\/06\/7-1152x1536.jpeg 1152w, https:\/\/franciscanos.org.br\/conventosantoantonio\/wp-content\/uploads\/2024\/06\/7-150x200.jpeg 150w, https:\/\/franciscanos.org.br\/conventosantoantonio\/wp-content\/uploads\/2024\/06\/7.jpeg 1200w\" sizes=\"(max-width: 338px) 100vw, 338px\" \/> <img loading=\"lazy\" class=\"alignnone size-medium wp-image-189223\" src=\"https:\/\/franciscanos.org.br\/conventosantoantonio\/wp-content\/uploads\/2024\/06\/8-253x450.jpeg\" alt=\"\" width=\"253\" height=\"450\" srcset=\"https:\/\/franciscanos.org.br\/conventosantoantonio\/wp-content\/uploads\/2024\/06\/8-253x450.jpeg 253w, https:\/\/franciscanos.org.br\/conventosantoantonio\/wp-content\/uploads\/2024\/06\/8-576x1024.jpeg 576w, https:\/\/franciscanos.org.br\/conventosantoantonio\/wp-content\/uploads\/2024\/06\/8-768x1365.jpeg 768w, https:\/\/franciscanos.org.br\/conventosantoantonio\/wp-content\/uploads\/2024\/06\/8-864x1536.jpeg 864w, https:\/\/franciscanos.org.br\/conventosantoantonio\/wp-content\/uploads\/2024\/06\/8-150x267.jpeg 150w, https:\/\/franciscanos.org.br\/conventosantoantonio\/wp-content\/uploads\/2024\/06\/8.jpeg 900w\" sizes=\"(max-width: 253px) 100vw, 253px\" \/> <img loading=\"lazy\" class=\"alignnone size-medium wp-image-189224\" src=\"https:\/\/franciscanos.org.br\/conventosantoantonio\/wp-content\/uploads\/2024\/06\/9-338x450.jpeg\" alt=\"\" width=\"338\" height=\"450\" srcset=\"https:\/\/franciscanos.org.br\/conventosantoantonio\/wp-content\/uploads\/2024\/06\/9-338x450.jpeg 338w, https:\/\/franciscanos.org.br\/conventosantoantonio\/wp-content\/uploads\/2024\/06\/9-768x1024.jpeg 768w, https:\/\/franciscanos.org.br\/conventosantoantonio\/wp-content\/uploads\/2024\/06\/9-1152x1536.jpeg 1152w, https:\/\/franciscanos.org.br\/conventosantoantonio\/wp-content\/uploads\/2024\/06\/9-150x200.jpeg 150w, https:\/\/franciscanos.org.br\/conventosantoantonio\/wp-content\/uploads\/2024\/06\/9.jpeg 1200w\" sizes=\"(max-width: 338px) 100vw, 338px\" \/><\/p>\n<p>Na Central, os frades e a Imagem foram acolhidos pelo Padre Renato da Silva Machado, P\u00e1roco da Par\u00f3quia Santa Catarina de Alexandria, junto ao Morro da Provid\u00eancia, e respons\u00e1vel pela Capela. Entre o ir e vir de milhares de trabalhadores e trabalhadoras que voltavam para casa, foi celebrada a Santa Missa. Momento importante e carregado de simbolismo, manifestando a proximidade entre Santo Ant\u00f4nio e o povo mais simples, que busca em Deus a for\u00e7a para ganhar com o pr\u00f3prio trabalho o p\u00e3o de cada dia. Nesta quinta-feira, dia 06 de junho, a Imagem peregrina ir\u00e1 visitar as \u201ccasas das leis\u201d. \u00c0s 9h30, a visita ser\u00e1 \u00e0 C\u00e2mara Municipal, localizada na Cinel\u00e2ndia. Logo ap\u00f3s, segue para a Assembleia Legislativa do Estado do Rio de Janeiro (ALERJ), onde ser\u00e1 celebrada a missa das 12h15. O tema da trezena neste s\u00e9timo dia ser\u00e1 \u201cSanto Ant\u00f4nio, o amigo do Reino\u201d. O pregador deste ano \u00e9 Frei Gilberto da Silva, da Fraternidade do Convento do Sagrado Cora\u00e7\u00e3o de Jesus, em Petr\u00f3polis.<\/p>\n<hr \/>\n<p><em>Equipe de Comunica\u00e7\u00e3o Convento Santo Ant\u00f4nio Largo do Carioca<\/em><\/p>\n","protected":false},"excerpt":{"rendered":"<p>Com o tema \u201cSanto Ant\u00f4nio, o irm\u00e3o da Palavra\u201d, a Trezena de 2024 chegou ao seu sexto dia, celebrado nesta quarta-feira, 05 de junho, Dia Mundial do Meio Ambiente. A Imagem peregrina visitou, na parte da manh\u00e3, a sede da Federa\u00e7\u00e3o do Com\u00e9rcio do Estado do Rio de Janeiro (Fecom\u00e9rcio), no Bairro do Flamengo. A [&hellip;]<\/p>\n","protected":false},"author":11,"featured_media":189182,"comment_status":"open","ping_status":"open","sticky":false,"template":"","format":"standard","meta":[],"categories":[105],"tags":[357,376,382],"yoast_head":"<!-- This site is optimized with the Yoast SEO plugin v19.4 - https:\/\/yoast.com\/wordpress\/plugins\/seo\/ -->\n<title>Fecom\u00e9rcio, Hospital Souza Aguiar e Central do Brasil recebem visita e b\u00ean\u00e7\u00e3o com a Imagem peregrina de\u00a0Santo\u00a0Ant\u00f4nio - Convento Santo Ant\u00f4nio- Franciscanos<\/title>\n<meta name=\"robots\" content=\"index, follow, max-snippet:-1, max-image-preview:large, max-video-preview:-1\" \/>\n<link rel=\"canonical\" href=\"https:\/\/franciscanos.org.br\/conventosantoantonio\/fecomercio-hospital-souza-aguiar-e-central-do-brasil-recebem-visita-e-bencao-com-a-imagem-peregrina-de-santo-antonio\/\" \/>\n<meta property=\"og:locale\" content=\"pt_BR\" \/>\n<meta property=\"og:type\" content=\"article\" \/>\n<meta property=\"og:title\" content=\"Fecom\u00e9rcio, Hospital Souza Aguiar e Central do Brasil recebem visita e b\u00ean\u00e7\u00e3o com a Imagem peregrina de\u00a0Santo\u00a0Ant\u00f4nio - Convento Santo Ant\u00f4nio- Franciscanos\" \/>\n<meta property=\"og:description\" content=\"Com o tema \u201cSanto Ant\u00f4nio, o irm\u00e3o da Palavra\u201d, a Trezena de 2024 chegou ao seu sexto dia, celebrado nesta quarta-feira, 05 de junho, Dia Mundial do Meio Ambiente. A Imagem peregrina visitou, na parte da manh\u00e3, a sede da Federa\u00e7\u00e3o do Com\u00e9rcio do Estado do Rio de Janeiro (Fecom\u00e9rcio), no Bairro do Flamengo. A [&hellip;]\" \/>\n<meta property=\"og:url\" content=\"https:\/\/franciscanos.org.br\/conventosantoantonio\/fecomercio-hospital-souza-aguiar-e-central-do-brasil-recebem-visita-e-bencao-com-a-imagem-peregrina-de-santo-antonio\/\" \/>\n<meta property=\"og:site_name\" content=\"Convento Santo Ant\u00f4nio- Franciscanos\" \/>\n<meta property=\"article:published_time\" content=\"2024-06-06T13:24:31+00:00\" \/>\n<meta property=\"article:modified_time\" content=\"2024-06-07T19:24:50+00:00\" \/>\n<meta property=\"og:image\" content=\"https:\/\/franciscanos.org.br\/conventosantoantonio\/wp-content\/uploads\/2024\/06\/WhatsApp-Image-2024-06-05-at-22.53.28-1-1.jpeg\" \/>\n\t<meta property=\"og:image:width\" content=\"1600\" \/>\n\t<meta property=\"og:image:height\" content=\"1200\" \/>\n\t<meta property=\"og:image:type\" content=\"image\/jpeg\" \/>\n<meta name=\"author\" content=\"Jo\u00e3o Vitor\" \/>\n<meta name=\"twitter:card\" content=\"summary_large_image\" \/>\n<meta name=\"twitter:label1\" content=\"Escrito por\" \/>\n\t<meta name=\"twitter:data1\" content=\"Jo\u00e3o Vitor\" \/>\n\t<meta name=\"twitter:label2\" content=\"Est. tempo de leitura\" \/>\n\t<meta name=\"twitter:data2\" content=\"5 minutos\" \/>\n<script type=\"application\/ld+json\" class=\"yoast-schema-graph\">{\"@context\":\"https:\/\/schema.org\",\"@graph\":[{\"@type\":\"WebSite\",\"@id\":\"https:\/\/franciscanos.org.br\/conventosantoantonio\/#website\",\"url\":\"https:\/\/franciscanos.org.br\/conventosantoantonio\/\",\"name\":\"Convento Santo Ant\u00f4nio- Franciscanos\",\"description\":\"Prov\u00edncia Franciscana da Imaculada Concei\u00e7\u00e3o do Brasil - Ordem dos Frades Menores\",\"potentialAction\":[{\"@type\":\"SearchAction\",\"target\":{\"@type\":\"EntryPoint\",\"urlTemplate\":\"https:\/\/franciscanos.org.br\/conventosantoantonio\/?s={search_term_string}\"},\"query-input\":\"required name=search_term_string\"}],\"inLanguage\":\"pt-BR\"},{\"@type\":\"WebPage\",\"@id\":\"https:\/\/franciscanos.org.br\/conventosantoantonio\/fecomercio-hospital-souza-aguiar-e-central-do-brasil-recebem-visita-e-bencao-com-a-imagem-peregrina-de-santo-antonio\/\",\"url\":\"https:\/\/franciscanos.org.br\/conventosantoantonio\/fecomercio-hospital-souza-aguiar-e-central-do-brasil-recebem-visita-e-bencao-com-a-imagem-peregrina-de-santo-antonio\/\",\"name\":\"Fecom\u00e9rcio, Hospital Souza Aguiar e Central do Brasil recebem visita e b\u00ean\u00e7\u00e3o com a Imagem peregrina de\u00a0Santo\u00a0Ant\u00f4nio - Convento Santo Ant\u00f4nio- Franciscanos\",\"isPartOf\":{\"@id\":\"https:\/\/franciscanos.org.br\/conventosantoantonio\/#website\"},\"datePublished\":\"2024-06-06T13:24:31+00:00\",\"dateModified\":\"2024-06-07T19:24:50+00:00\",\"author\":{\"@id\":\"https:\/\/franciscanos.org.br\/conventosantoantonio\/#\/schema\/person\/4856196eadc38925e0011d1c6241b8bf\"},\"breadcrumb\":{\"@id\":\"https:\/\/franciscanos.org.br\/conventosantoantonio\/fecomercio-hospital-souza-aguiar-e-central-do-brasil-recebem-visita-e-bencao-com-a-imagem-peregrina-de-santo-antonio\/#breadcrumb\"},\"inLanguage\":\"pt-BR\",\"potentialAction\":[{\"@type\":\"ReadAction\",\"target\":[\"https:\/\/franciscanos.org.br\/conventosantoantonio\/fecomercio-hospital-souza-aguiar-e-central-do-brasil-recebem-visita-e-bencao-com-a-imagem-peregrina-de-santo-antonio\/\"]}]},{\"@type\":\"BreadcrumbList\",\"@id\":\"https:\/\/franciscanos.org.br\/conventosantoantonio\/fecomercio-hospital-souza-aguiar-e-central-do-brasil-recebem-visita-e-bencao-com-a-imagem-peregrina-de-santo-antonio\/#breadcrumb\",\"itemListElement\":[{\"@type\":\"ListItem\",\"position\":1,\"name\":\"Home\",\"item\":\"https:\/\/franciscanos.org.br\/conventosantoantonio\/\"},{\"@type\":\"ListItem\",\"position\":2,\"name\":\"Fecom\u00e9rcio, Hospital Souza Aguiar e Central do Brasil recebem visita e b\u00ean\u00e7\u00e3o com a Imagem peregrina de\u00a0Santo\u00a0Ant\u00f4nio\"}]},{\"@type\":\"Person\",\"@id\":\"https:\/\/franciscanos.org.br\/conventosantoantonio\/#\/schema\/person\/4856196eadc38925e0011d1c6241b8bf\",\"name\":\"Jo\u00e3o Vitor\",\"image\":{\"@type\":\"ImageObject\",\"inLanguage\":\"pt-BR\",\"@id\":\"https:\/\/franciscanos.org.br\/conventosantoantonio\/#\/schema\/person\/image\/\",\"url\":\"https:\/\/secure.gravatar.com\/avatar\/10ba5c9713e0c323617b4309a19e3a46?s=96&d=mm&r=g\",\"contentUrl\":\"https:\/\/secure.gravatar.com\/avatar\/10ba5c9713e0c323617b4309a19e3a46?s=96&d=mm&r=g\",\"caption\":\"Jo\u00e3o Vitor\"},\"url\":\"https:\/\/franciscanos.org.br\/conventosantoantonio\/author\/joaovitor\/\"}]}<\/script>\n<!-- \/ Yoast SEO plugin. -->","yoast_head_json":{"title":"Fecom\u00e9rcio, Hospital Souza Aguiar e Central do Brasil recebem visita e b\u00ean\u00e7\u00e3o com a Imagem peregrina de\u00a0Santo\u00a0Ant\u00f4nio - Convento Santo Ant\u00f4nio- Franciscanos","robots":{"index":"index","follow":"follow","max-snippet":"max-snippet:-1","max-image-preview":"max-image-preview:large","max-video-preview":"max-video-preview:-1"},"canonical":"https:\/\/franciscanos.org.br\/conventosantoantonio\/fecomercio-hospital-souza-aguiar-e-central-do-brasil-recebem-visita-e-bencao-com-a-imagem-peregrina-de-santo-antonio\/","og_locale":"pt_BR","og_type":"article","og_title":"Fecom\u00e9rcio, Hospital Souza Aguiar e Central do Brasil recebem visita e b\u00ean\u00e7\u00e3o com a Imagem peregrina de\u00a0Santo\u00a0Ant\u00f4nio - Convento Santo Ant\u00f4nio- Franciscanos","og_description":"Com o tema \u201cSanto Ant\u00f4nio, o irm\u00e3o da Palavra\u201d, a Trezena de 2024 chegou ao seu sexto dia, celebrado nesta quarta-feira, 05 de junho, Dia Mundial do Meio Ambiente. A Imagem peregrina visitou, na parte da manh\u00e3, a sede da Federa\u00e7\u00e3o do Com\u00e9rcio do Estado do Rio de Janeiro (Fecom\u00e9rcio), no Bairro do Flamengo. A [&hellip;]","og_url":"https:\/\/franciscanos.org.br\/conventosantoantonio\/fecomercio-hospital-souza-aguiar-e-central-do-brasil-recebem-visita-e-bencao-com-a-imagem-peregrina-de-santo-antonio\/","og_site_name":"Convento Santo Ant\u00f4nio- Franciscanos","article_published_time":"2024-06-06T13:24:31+00:00","article_modified_time":"2024-06-07T19:24:50+00:00","og_image":[{"width":1600,"height":1200,"url":"https:\/\/franciscanos.org.br\/conventosantoantonio\/wp-content\/uploads\/2024\/06\/WhatsApp-Image-2024-06-05-at-22.53.28-1-1.jpeg","type":"image\/jpeg"}],"author":"Jo\u00e3o Vitor","twitter_card":"summary_large_image","twitter_misc":{"Escrito por":"Jo\u00e3o Vitor","Est. tempo de leitura":"5 minutos"},"schema":{"@context":"https:\/\/schema.org","@graph":[{"@type":"WebSite","@id":"https:\/\/franciscanos.org.br\/conventosantoantonio\/#website","url":"https:\/\/franciscanos.org.br\/conventosantoantonio\/","name":"Convento Santo Ant\u00f4nio- Franciscanos","description":"Prov\u00edncia Franciscana da Imaculada Concei\u00e7\u00e3o do Brasil - Ordem dos Frades Menores","potentialAction":[{"@type":"SearchAction","target":{"@type":"EntryPoint","urlTemplate":"https:\/\/franciscanos.org.br\/conventosantoantonio\/?s={search_term_string}"},"query-input":"required name=search_term_string"}],"inLanguage":"pt-BR"},{"@type":"WebPage","@id":"https:\/\/franciscanos.org.br\/conventosantoantonio\/fecomercio-hospital-souza-aguiar-e-central-do-brasil-recebem-visita-e-bencao-com-a-imagem-peregrina-de-santo-antonio\/","url":"https:\/\/franciscanos.org.br\/conventosantoantonio\/fecomercio-hospital-souza-aguiar-e-central-do-brasil-recebem-visita-e-bencao-com-a-imagem-peregrina-de-santo-antonio\/","name":"Fecom\u00e9rcio, Hospital Souza Aguiar e Central do Brasil recebem visita e b\u00ean\u00e7\u00e3o com a Imagem peregrina de\u00a0Santo\u00a0Ant\u00f4nio - Convento Santo Ant\u00f4nio- Franciscanos","isPartOf":{"@id":"https:\/\/franciscanos.org.br\/conventosantoantonio\/#website"},"datePublished":"2024-06-06T13:24:31+00:00","dateModified":"2024-06-07T19:24:50+00:00","author":{"@id":"https:\/\/franciscanos.org.br\/conventosantoantonio\/#\/schema\/person\/4856196eadc38925e0011d1c6241b8bf"},"breadcrumb":{"@id":"https:\/\/franciscanos.org.br\/conventosantoantonio\/fecomercio-hospital-souza-aguiar-e-central-do-brasil-recebem-visita-e-bencao-com-a-imagem-peregrina-de-santo-antonio\/#breadcrumb"},"inLanguage":"pt-BR","potentialAction":[{"@type":"ReadAction","target":["https:\/\/franciscanos.org.br\/conventosantoantonio\/fecomercio-hospital-souza-aguiar-e-central-do-brasil-recebem-visita-e-bencao-com-a-imagem-peregrina-de-santo-antonio\/"]}]},{"@type":"BreadcrumbList","@id":"https:\/\/franciscanos.org.br\/conventosantoantonio\/fecomercio-hospital-souza-aguiar-e-central-do-brasil-recebem-visita-e-bencao-com-a-imagem-peregrina-de-santo-antonio\/#breadcrumb","itemListElement":[{"@type":"ListItem","position":1,"name":"Home","item":"https:\/\/franciscanos.org.br\/conventosantoantonio\/"},{"@type":"ListItem","position":2,"name":"Fecom\u00e9rcio, Hospital Souza Aguiar e Central do Brasil recebem visita e b\u00ean\u00e7\u00e3o com a Imagem peregrina de\u00a0Santo\u00a0Ant\u00f4nio"}]},{"@type":"Person","@id":"https:\/\/franciscanos.org.br\/conventosantoantonio\/#\/schema\/person\/4856196eadc38925e0011d1c6241b8bf","name":"Jo\u00e3o Vitor","image":{"@type":"ImageObject","inLanguage":"pt-BR","@id":"https:\/\/franciscanos.org.br\/conventosantoantonio\/#\/schema\/person\/image\/","url":"https:\/\/secure.gravatar.com\/avatar\/10ba5c9713e0c323617b4309a19e3a46?s=96&d=mm&r=g","contentUrl":"https:\/\/secure.gravatar.com\/avatar\/10ba5c9713e0c323617b4309a19e3a46?s=96&d=mm&r=g","caption":"Jo\u00e3o Vitor"},"url":"https:\/\/franciscanos.org.br\/conventosantoantonio\/author\/joaovitor\/"}]}},"_links":{"self":[{"href":"https:\/\/franciscanos.org.br\/conventosantoantonio\/wp-json\/wp\/v2\/posts\/189181"}],"collection":[{"href":"https:\/\/franciscanos.org.br\/conventosantoantonio\/wp-json\/wp\/v2\/posts"}],"about":[{"href":"https:\/\/franciscanos.org.br\/conventosantoantonio\/wp-json\/wp\/v2\/types\/post"}],"author":[{"embeddable":true,"href":"https:\/\/franciscanos.org.br\/conventosantoantonio\/wp-json\/wp\/v2\/users\/11"}],"replies":[{"embeddable":true,"href":"https:\/\/franciscanos.org.br\/conventosantoantonio\/wp-json\/wp\/v2\/comments?post=189181"}],"version-history":[{"count":3,"href":"https:\/\/franciscanos.org.br\/conventosantoantonio\/wp-json\/wp\/v2\/posts\/189181\/revisions"}],"predecessor-version":[{"id":189225,"href":"https:\/\/franciscanos.org.br\/conventosantoantonio\/wp-json\/wp\/v2\/posts\/189181\/revisions\/189225"}],"wp:featuredmedia":[{"embeddable":true,"href":"https:\/\/franciscanos.org.br\/conventosantoantonio\/wp-json\/wp\/v2\/media\/189182"}],"wp:attachment":[{"href":"https:\/\/franciscanos.org.br\/conventosantoantonio\/wp-json\/wp\/v2\/media?parent=189181"}],"wp:term":[{"taxonomy":"category","embeddable":true,"href":"https:\/\/franciscanos.org.br\/conventosantoantonio\/wp-json\/wp\/v2\/categories?post=189181"},{"taxonomy":"post_tag","embeddable":true,"href":"https:\/\/franciscanos.org.br\/conventosantoantonio\/wp-json\/wp\/v2\/tags?post=189181"}],"curies":[{"name":"wp","href":"https:\/\/api.w.org\/{rel}","templated":true}]}}