{"id":189102,"date":"2024-05-31T16:48:55","date_gmt":"2024-05-31T19:48:55","guid":{"rendered":"https:\/\/franciscanos.org.br\/conventosantoantonio\/?p=189102"},"modified":"2024-05-31T16:48:55","modified_gmt":"2024-05-31T19:48:55","slug":"sao-pedro-colabora-e-342a-trezena-de-santo-antonio-tem-abertura-sem-chuva-com-procissao-maritima-missa-e-coroacao-de-nossa-senhora","status":"publish","type":"post","link":"https:\/\/franciscanos.org.br\/conventosantoantonio\/sao-pedro-colabora-e-342a-trezena-de-santo-antonio-tem-abertura-sem-chuva-com-procissao-maritima-missa-e-coroacao-de-nossa-senhora\/","title":{"rendered":"S\u00e3o Pedro colabora e 342\u00aa Trezena de Santo Ant\u00f4nio tem abertura sem chuva com Prociss\u00e3o Mar\u00edtima, missa e Coroa\u00e7\u00e3o de Nossa Senhora"},"content":{"rendered":"<p><img loading=\"lazy\" class=\"alignnone wp-image-189103 size-full\" src=\"https:\/\/franciscanos.org.br\/conventosantoantonio\/wp-content\/uploads\/2024\/05\/WhatsApp-Image-2024-05-31-at-15.55.40-1.jpeg\" alt=\"\" width=\"1280\" height=\"720\" srcset=\"https:\/\/franciscanos.org.br\/conventosantoantonio\/wp-content\/uploads\/2024\/05\/WhatsApp-Image-2024-05-31-at-15.55.40-1.jpeg 1280w, https:\/\/franciscanos.org.br\/conventosantoantonio\/wp-content\/uploads\/2024\/05\/WhatsApp-Image-2024-05-31-at-15.55.40-1-450x253.jpeg 450w, https:\/\/franciscanos.org.br\/conventosantoantonio\/wp-content\/uploads\/2024\/05\/WhatsApp-Image-2024-05-31-at-15.55.40-1-1024x576.jpeg 1024w, https:\/\/franciscanos.org.br\/conventosantoantonio\/wp-content\/uploads\/2024\/05\/WhatsApp-Image-2024-05-31-at-15.55.40-1-768x432.jpeg 768w, https:\/\/franciscanos.org.br\/conventosantoantonio\/wp-content\/uploads\/2024\/05\/WhatsApp-Image-2024-05-31-at-15.55.40-1-150x84.jpeg 150w\" sizes=\"(max-width: 1280px) 100vw, 1280px\" \/><\/p>\n<p>Com in\u00edcio de manh\u00e3 chuvosa, gradativamente se firmando num dia nublado e de temperatura agrad\u00e1vel, a 342\u00aa Trezena de Santo Ant\u00f4nio foi aberta nesta sexta-feira, 31 de maio, quando se celebra tamb\u00e9m a Festa da Visita\u00e7\u00e3o de Nossa Senhora. As festividades tiveram in\u00edcio com\u00a0 a I Prociss\u00e3o Mar\u00edtima em honra a Santo Ant\u00f4nio, iniciativa in\u00e9dita promovida pelo Convento Santo Ant\u00f4nio e pela Marinha do Brasil. Pontualmente \u00e0s 8h45, a Imagem peregrina deixou o Convento, escoltada pelos motociclistas do corpo de Fuzileiros Navais rumo ao Cais da Diretoria do Patrim\u00f4nio Hist\u00f3rico da Marinha.<img loading=\"lazy\" class=\"size-medium wp-image-189111 alignleft\" src=\"https:\/\/franciscanos.org.br\/conventosantoantonio\/wp-content\/uploads\/2024\/05\/WhatsApp-Image-2024-05-31-at-15.55.40-2-450x338.jpeg\" alt=\"\" width=\"450\" height=\"338\" srcset=\"https:\/\/franciscanos.org.br\/conventosantoantonio\/wp-content\/uploads\/2024\/05\/WhatsApp-Image-2024-05-31-at-15.55.40-2-450x338.jpeg 450w, https:\/\/franciscanos.org.br\/conventosantoantonio\/wp-content\/uploads\/2024\/05\/WhatsApp-Image-2024-05-31-at-15.55.40-2-1024x768.jpeg 1024w, https:\/\/franciscanos.org.br\/conventosantoantonio\/wp-content\/uploads\/2024\/05\/WhatsApp-Image-2024-05-31-at-15.55.40-2-768x576.jpeg 768w, https:\/\/franciscanos.org.br\/conventosantoantonio\/wp-content\/uploads\/2024\/05\/WhatsApp-Image-2024-05-31-at-15.55.40-2-1536x1152.jpeg 1536w, https:\/\/franciscanos.org.br\/conventosantoantonio\/wp-content\/uploads\/2024\/05\/WhatsApp-Image-2024-05-31-at-15.55.40-2-150x113.jpeg 150w, https:\/\/franciscanos.org.br\/conventosantoantonio\/wp-content\/uploads\/2024\/05\/WhatsApp-Image-2024-05-31-at-15.55.40-2.jpeg 1600w\" sizes=\"(max-width: 450px) 100vw, 450px\" \/><\/p>\n<p>Recebidos pelo Capit\u00e3o dos Portos, Luciano Calixto de Almeida Junior, ao som da banda de m\u00fasica, a imagem peregrina, a rel\u00edquia de Santo Ant\u00f4nio e os frades do Convento, juntamente com fi\u00e9is devotos, tomaram parte num momento celebrativo de agradecimento e b\u00ean\u00e7\u00e3o. O Capel\u00e3o-Chefe da Marinha, Frei Od\u00e9cio Lima de Souza, nas palavras introdut\u00f3rias, destacou a liga\u00e7\u00e3o entre Santo Ant\u00f4nio e o mar, recordando o epis\u00f3dio da prega\u00e7\u00e3o aos peixes e as viagens mar\u00edtimas do Santo, entre elas a que o fez aportar na It\u00e1lia, em vez de Portugal, por quest\u00f5es clim\u00e1ticas. Tamb\u00e9m lembrou que o Respons\u00f3rio de Santo Ant\u00f4nio, tradicional\u00edssima ora\u00e7\u00e3o dedicada ao Santo portugu\u00eas, traz em seu refr\u00e3o \u201cE, no auge do furac\u00e3o, cede o mar embravecido\u201d.<\/p>\n<p>Em nome dos frades, o Vig\u00e1rio Provincial, Frei Gustavo Medella, destacou o elo de amizade que vem se firmando entre o Convento e a Marinha do Brasil. \u201cComo no ano passado, a recep\u00e7\u00e3o generosa com que somos acolhidos aqui na Marinha \u00e9 para n\u00f3s pedag\u00f3gica, pois nos recorda o compromisso de mantermos o Convento como lugar da acolhida por excel\u00eancia a todos que sobem o morro em busca de uma experi\u00eancia de f\u00e9\u201d, lembrou Frei Gustavo. O guardi\u00e3o do Convento, Frei Walter Ferreira Junior, fez a aspers\u00e3o com a \u00e1gua benta sobre todos os presentes e tamb\u00e9m nas depend\u00eancias locais.<\/p>\n<p>Em seguida, deu-se in\u00edcio \u00e0 Prociss\u00e3o. A imagem foi conduzida por uma lancha de Capitania dos Portos, tendo a bordo o Guardi\u00e3o do Convento, o Capel\u00e3o Chefe e o Capit\u00e3o dos Portos. Os demais frades e convidados fizeram o percurso na Escuna, embarca\u00e7\u00e3o sob os cuidados da Diretoria do Patrim\u00f4nio Hist\u00f3rico. Veleiros da Escola Naval tamb\u00e9m acompanharam a prociss\u00e3o, cujo percurso pela Bahia de Guanabara teve dura\u00e7\u00e3o aproximada de uma hora.<img loading=\"lazy\" class=\"size-medium wp-image-189110 alignright\" src=\"https:\/\/franciscanos.org.br\/conventosantoantonio\/wp-content\/uploads\/2024\/05\/WhatsApp-Image-2024-05-31-at-15.55.43-450x338.jpeg\" alt=\"\" width=\"450\" height=\"338\" srcset=\"https:\/\/franciscanos.org.br\/conventosantoantonio\/wp-content\/uploads\/2024\/05\/WhatsApp-Image-2024-05-31-at-15.55.43-450x338.jpeg 450w, https:\/\/franciscanos.org.br\/conventosantoantonio\/wp-content\/uploads\/2024\/05\/WhatsApp-Image-2024-05-31-at-15.55.43-1024x768.jpeg 1024w, https:\/\/franciscanos.org.br\/conventosantoantonio\/wp-content\/uploads\/2024\/05\/WhatsApp-Image-2024-05-31-at-15.55.43-768x576.jpeg 768w, https:\/\/franciscanos.org.br\/conventosantoantonio\/wp-content\/uploads\/2024\/05\/WhatsApp-Image-2024-05-31-at-15.55.43-1536x1152.jpeg 1536w, https:\/\/franciscanos.org.br\/conventosantoantonio\/wp-content\/uploads\/2024\/05\/WhatsApp-Image-2024-05-31-at-15.55.43-150x113.jpeg 150w, https:\/\/franciscanos.org.br\/conventosantoantonio\/wp-content\/uploads\/2024\/05\/WhatsApp-Image-2024-05-31-at-15.55.43.jpeg 1600w\" sizes=\"(max-width: 450px) 100vw, 450px\" \/><\/p>\n<p>Conclu\u00edda a Prociss\u00e3o, a imagem retornou ao Convento, novamente com o apoio dos Fuzileiros Navais. Foi recebida \u201cem casa\u201d novamente pela Banda da Marinha. Eram 11h20. \u00c0s 12h, teve in\u00edcio a Celebra\u00e7\u00e3o Eucar\u00edstica, com a Presid\u00eancia de Frei Gilberto da Silva, Pregador da Trezena. O tema geral deste ano \u00e9 \u201cSanto Ant\u00f4nio, nosso Amigo, nosso irm\u00e3o\u201d e o tema do primeiro dia \u00e9 \u201cSanto Ant\u00f4nio, o amigo caminheiro\u201d. O andor da imagem peregrina foi conduzido ao altar pelo Guardi\u00e3o, Frei Walter, por Frei Felipe Carretta, e pelo jovem casal Leandro de Freitas Titoneli e Mariana Rodrigues Titoneli, com oito meses de matrim\u00f4nio. Em sua prega\u00e7\u00e3o, recordando a Festa da Visita\u00e7\u00e3o de Nossa Senhora e o tema do dia, destacou que \u201cAnt\u00f4nio tamb\u00e9m se inspira no exemplo da M\u00e3e de Deus para caminhar, para anunciar e para servir. Ao olharmos para Ant\u00f4nio e para Maria, quando voltarmos para casa, vamos procurar viver o amor, a caridade e o servi\u00e7o, porque o nosso cora\u00e7\u00e3o estar\u00e1 cheio, repleto de Deus\u201d, exortou.<\/p>\n\n\t\t<style type=\"text\/css\">\n\t\t\t#gallery-1 {\n\t\t\t\tmargin: auto;\n\t\t\t}\n\t\t\t#gallery-1 .gallery-item {\n\t\t\t\tfloat: left;\n\t\t\t\tmargin-top: 10px;\n\t\t\t\ttext-align: center;\n\t\t\t\twidth: 50%;\n\t\t\t}\n\t\t\t#gallery-1 img {\n\t\t\t\tborder: 2px solid #cfcfcf;\n\t\t\t}\n\t\t\t#gallery-1 .gallery-caption {\n\t\t\t\tmargin-left: 0;\n\t\t\t}\n\t\t\t\/* see gallery_shortcode() in wp-includes\/media.php *\/\n\t\t<\/style>\n\t\t<div id='gallery-1' class='gallery galleryid-189102 gallery-columns-2 gallery-size-medium'><dl class='gallery-item'>\n\t\t\t<dt class='gallery-icon portrait'>\n\t\t\t\t<a href='https:\/\/franciscanos.org.br\/conventosantoantonio\/wp-content\/uploads\/2024\/05\/WhatsApp-Image-2024-05-31-at-15.55.44.jpeg'><img width=\"338\" height=\"450\" src=\"https:\/\/franciscanos.org.br\/conventosantoantonio\/wp-content\/uploads\/2024\/05\/WhatsApp-Image-2024-05-31-at-15.55.44-338x450.jpeg\" class=\"attachment-medium size-medium\" alt=\"\" loading=\"lazy\" srcset=\"https:\/\/franciscanos.org.br\/conventosantoantonio\/wp-content\/uploads\/2024\/05\/WhatsApp-Image-2024-05-31-at-15.55.44-338x450.jpeg 338w, https:\/\/franciscanos.org.br\/conventosantoantonio\/wp-content\/uploads\/2024\/05\/WhatsApp-Image-2024-05-31-at-15.55.44-768x1024.jpeg 768w, https:\/\/franciscanos.org.br\/conventosantoantonio\/wp-content\/uploads\/2024\/05\/WhatsApp-Image-2024-05-31-at-15.55.44-1152x1536.jpeg 1152w, https:\/\/franciscanos.org.br\/conventosantoantonio\/wp-content\/uploads\/2024\/05\/WhatsApp-Image-2024-05-31-at-15.55.44-150x200.jpeg 150w, https:\/\/franciscanos.org.br\/conventosantoantonio\/wp-content\/uploads\/2024\/05\/WhatsApp-Image-2024-05-31-at-15.55.44.jpeg 1200w\" sizes=\"(max-width: 338px) 100vw, 338px\" \/><\/a>\n\t\t\t<\/dt><\/dl><dl class='gallery-item'>\n\t\t\t<dt class='gallery-icon portrait'>\n\t\t\t\t<a href='https:\/\/franciscanos.org.br\/conventosantoantonio\/wp-content\/uploads\/2024\/05\/WhatsApp-Image-2024-05-31-at-15.55.45-1.jpeg'><img width=\"338\" height=\"450\" src=\"https:\/\/franciscanos.org.br\/conventosantoantonio\/wp-content\/uploads\/2024\/05\/WhatsApp-Image-2024-05-31-at-15.55.45-1-338x450.jpeg\" class=\"attachment-medium size-medium\" alt=\"\" loading=\"lazy\" srcset=\"https:\/\/franciscanos.org.br\/conventosantoantonio\/wp-content\/uploads\/2024\/05\/WhatsApp-Image-2024-05-31-at-15.55.45-1-338x450.jpeg 338w, https:\/\/franciscanos.org.br\/conventosantoantonio\/wp-content\/uploads\/2024\/05\/WhatsApp-Image-2024-05-31-at-15.55.45-1-768x1024.jpeg 768w, https:\/\/franciscanos.org.br\/conventosantoantonio\/wp-content\/uploads\/2024\/05\/WhatsApp-Image-2024-05-31-at-15.55.45-1-1152x1536.jpeg 1152w, https:\/\/franciscanos.org.br\/conventosantoantonio\/wp-content\/uploads\/2024\/05\/WhatsApp-Image-2024-05-31-at-15.55.45-1-150x200.jpeg 150w, https:\/\/franciscanos.org.br\/conventosantoantonio\/wp-content\/uploads\/2024\/05\/WhatsApp-Image-2024-05-31-at-15.55.45-1.jpeg 1200w\" sizes=\"(max-width: 338px) 100vw, 338px\" \/><\/a>\n\t\t\t<\/dt><\/dl><br style=\"clear: both\" \/>\n\t\t<\/div>\n\n<p>Ao final da celebra\u00e7\u00e3o, houve a Coroa\u00e7\u00e3o de Nossa Senhora, marcando o encerramento do m\u00eas mariano. A menina Sara, vestida de anjo, foi quem colocou com delicadeza a coroa sobre a cabe\u00e7a da hist\u00f3rica imagem de Nossa Senhora da Concei\u00e7\u00e3o que fica no altar lateral esquerdo da igreja. Depois das b\u00ean\u00e7\u00e3os do p\u00e3o e dos l\u00edrios, a celebra\u00e7\u00e3o foi encerrada, ficando o convite para a participa\u00e7\u00e3o de todos no 2\u00ba dia da trezena, que ser\u00e1 \u00e0s 10h, com o tema \u201cSanto Ant\u00f4nio, o irm\u00e3o de todo irm\u00e3o\u201d. Neste fim de semana, a Imagem peregrina visitar\u00e1 a Sede do Bloco do Cord\u00e3o da Bola Preta, \u00e0s 14h30 e, \u00e0 tarde, segue para S\u00e3o Jo\u00e3o de Meriti, onde, \u00e0s 19h, haver\u00e1 celebra\u00e7\u00e3o Eucar\u00edstica na Comunidade Santo Ant\u00f4nio, \u00e0s 19h. No domingo, dia 02 de junho, a imagem peregrina de Santo Ant\u00f4nio passar\u00e1 pelo Mosteiro Nossa Senhora da Ajuda, das Irm\u00e3s Concepcionistas, em Vila Isabel, \u00e0s 8h, no Mosteiro Santa Maria dos Anjos, na G\u00e1vea, \u00e0s 11h e, \u00e0 tarde, na Matriz Nossa Senhora da Boa Viagem, \u00e0s 18h.<\/p>\n<hr \/>\n<p><em>Equipe de Comunica\u00e7\u00e3o Convento Santo Ant\u00f4nio<\/em><\/p>\n\n\t\t<style type=\"text\/css\">\n\t\t\t#gallery-2 {\n\t\t\t\tmargin: auto;\n\t\t\t}\n\t\t\t#gallery-2 .gallery-item {\n\t\t\t\tfloat: left;\n\t\t\t\tmargin-top: 10px;\n\t\t\t\ttext-align: center;\n\t\t\t\twidth: 25%;\n\t\t\t}\n\t\t\t#gallery-2 img {\n\t\t\t\tborder: 2px solid #cfcfcf;\n\t\t\t}\n\t\t\t#gallery-2 .gallery-caption {\n\t\t\t\tmargin-left: 0;\n\t\t\t}\n\t\t\t\/* see gallery_shortcode() in wp-includes\/media.php *\/\n\t\t<\/style>\n\t\t<div id='gallery-2' class='gallery galleryid-189102 gallery-columns-4 gallery-size-large'><dl class='gallery-item'>\n\t\t\t<dt class='gallery-icon portrait'>\n\t\t\t\t<a href='https:\/\/franciscanos.org.br\/conventosantoantonio\/wp-content\/uploads\/2024\/05\/WhatsApp-Image-2024-05-31-at-15.55.45.jpeg'><img width=\"768\" height=\"1024\" src=\"https:\/\/franciscanos.org.br\/conventosantoantonio\/wp-content\/uploads\/2024\/05\/WhatsApp-Image-2024-05-31-at-15.55.45-768x1024.jpeg\" class=\"attachment-large size-large\" alt=\"\" loading=\"lazy\" srcset=\"https:\/\/franciscanos.org.br\/conventosantoantonio\/wp-content\/uploads\/2024\/05\/WhatsApp-Image-2024-05-31-at-15.55.45-768x1024.jpeg 768w, https:\/\/franciscanos.org.br\/conventosantoantonio\/wp-content\/uploads\/2024\/05\/WhatsApp-Image-2024-05-31-at-15.55.45-338x450.jpeg 338w, https:\/\/franciscanos.org.br\/conventosantoantonio\/wp-content\/uploads\/2024\/05\/WhatsApp-Image-2024-05-31-at-15.55.45-1152x1536.jpeg 1152w, https:\/\/franciscanos.org.br\/conventosantoantonio\/wp-content\/uploads\/2024\/05\/WhatsApp-Image-2024-05-31-at-15.55.45-150x200.jpeg 150w, https:\/\/franciscanos.org.br\/conventosantoantonio\/wp-content\/uploads\/2024\/05\/WhatsApp-Image-2024-05-31-at-15.55.45.jpeg 1200w\" sizes=\"(max-width: 768px) 100vw, 768px\" \/><\/a>\n\t\t\t<\/dt><\/dl><dl class='gallery-item'>\n\t\t\t<dt class='gallery-icon portrait'>\n\t\t\t\t<a href='https:\/\/franciscanos.org.br\/conventosantoantonio\/wp-content\/uploads\/2024\/05\/WhatsApp-Image-2024-05-31-at-15.55.45-4.jpeg'><img width=\"768\" height=\"1024\" src=\"https:\/\/franciscanos.org.br\/conventosantoantonio\/wp-content\/uploads\/2024\/05\/WhatsApp-Image-2024-05-31-at-15.55.45-4-768x1024.jpeg\" class=\"attachment-large size-large\" alt=\"\" loading=\"lazy\" srcset=\"https:\/\/franciscanos.org.br\/conventosantoantonio\/wp-content\/uploads\/2024\/05\/WhatsApp-Image-2024-05-31-at-15.55.45-4-768x1024.jpeg 768w, https:\/\/franciscanos.org.br\/conventosantoantonio\/wp-content\/uploads\/2024\/05\/WhatsApp-Image-2024-05-31-at-15.55.45-4-338x450.jpeg 338w, https:\/\/franciscanos.org.br\/conventosantoantonio\/wp-content\/uploads\/2024\/05\/WhatsApp-Image-2024-05-31-at-15.55.45-4-1152x1536.jpeg 1152w, https:\/\/franciscanos.org.br\/conventosantoantonio\/wp-content\/uploads\/2024\/05\/WhatsApp-Image-2024-05-31-at-15.55.45-4-150x200.jpeg 150w, https:\/\/franciscanos.org.br\/conventosantoantonio\/wp-content\/uploads\/2024\/05\/WhatsApp-Image-2024-05-31-at-15.55.45-4.jpeg 1200w\" sizes=\"(max-width: 768px) 100vw, 768px\" \/><\/a>\n\t\t\t<\/dt><\/dl><dl class='gallery-item'>\n\t\t\t<dt class='gallery-icon portrait'>\n\t\t\t\t<a href='https:\/\/franciscanos.org.br\/conventosantoantonio\/wp-content\/uploads\/2024\/05\/WhatsApp-Image-2024-05-31-at-15.55.44.jpeg'><img width=\"768\" height=\"1024\" src=\"https:\/\/franciscanos.org.br\/conventosantoantonio\/wp-content\/uploads\/2024\/05\/WhatsApp-Image-2024-05-31-at-15.55.44-768x1024.jpeg\" class=\"attachment-large size-large\" alt=\"\" loading=\"lazy\" srcset=\"https:\/\/franciscanos.org.br\/conventosantoantonio\/wp-content\/uploads\/2024\/05\/WhatsApp-Image-2024-05-31-at-15.55.44-768x1024.jpeg 768w, https:\/\/franciscanos.org.br\/conventosantoantonio\/wp-content\/uploads\/2024\/05\/WhatsApp-Image-2024-05-31-at-15.55.44-338x450.jpeg 338w, https:\/\/franciscanos.org.br\/conventosantoantonio\/wp-content\/uploads\/2024\/05\/WhatsApp-Image-2024-05-31-at-15.55.44-1152x1536.jpeg 1152w, https:\/\/franciscanos.org.br\/conventosantoantonio\/wp-content\/uploads\/2024\/05\/WhatsApp-Image-2024-05-31-at-15.55.44-150x200.jpeg 150w, https:\/\/franciscanos.org.br\/conventosantoantonio\/wp-content\/uploads\/2024\/05\/WhatsApp-Image-2024-05-31-at-15.55.44.jpeg 1200w\" sizes=\"(max-width: 768px) 100vw, 768px\" \/><\/a>\n\t\t\t<\/dt><\/dl><dl class='gallery-item'>\n\t\t\t<dt class='gallery-icon portrait'>\n\t\t\t\t<a href='https:\/\/franciscanos.org.br\/conventosantoantonio\/wp-content\/uploads\/2024\/05\/WhatsApp-Image-2024-05-31-at-15.55.44-4.jpeg'><img width=\"768\" height=\"1024\" src=\"https:\/\/franciscanos.org.br\/conventosantoantonio\/wp-content\/uploads\/2024\/05\/WhatsApp-Image-2024-05-31-at-15.55.44-4-768x1024.jpeg\" class=\"attachment-large size-large\" alt=\"\" loading=\"lazy\" srcset=\"https:\/\/franciscanos.org.br\/conventosantoantonio\/wp-content\/uploads\/2024\/05\/WhatsApp-Image-2024-05-31-at-15.55.44-4-768x1024.jpeg 768w, https:\/\/franciscanos.org.br\/conventosantoantonio\/wp-content\/uploads\/2024\/05\/WhatsApp-Image-2024-05-31-at-15.55.44-4-338x450.jpeg 338w, https:\/\/franciscanos.org.br\/conventosantoantonio\/wp-content\/uploads\/2024\/05\/WhatsApp-Image-2024-05-31-at-15.55.44-4-1152x1536.jpeg 1152w, https:\/\/franciscanos.org.br\/conventosantoantonio\/wp-content\/uploads\/2024\/05\/WhatsApp-Image-2024-05-31-at-15.55.44-4-150x200.jpeg 150w, https:\/\/franciscanos.org.br\/conventosantoantonio\/wp-content\/uploads\/2024\/05\/WhatsApp-Image-2024-05-31-at-15.55.44-4.jpeg 1200w\" sizes=\"(max-width: 768px) 100vw, 768px\" \/><\/a>\n\t\t\t<\/dt><\/dl><br style=\"clear: both\" \/><dl class='gallery-item'>\n\t\t\t<dt class='gallery-icon portrait'>\n\t\t\t\t<a href='https:\/\/franciscanos.org.br\/conventosantoantonio\/wp-content\/uploads\/2024\/05\/WhatsApp-Image-2024-05-31-at-15.55.44-3.jpeg'><img width=\"768\" height=\"1024\" src=\"https:\/\/franciscanos.org.br\/conventosantoantonio\/wp-content\/uploads\/2024\/05\/WhatsApp-Image-2024-05-31-at-15.55.44-3-768x1024.jpeg\" class=\"attachment-large size-large\" alt=\"\" loading=\"lazy\" srcset=\"https:\/\/franciscanos.org.br\/conventosantoantonio\/wp-content\/uploads\/2024\/05\/WhatsApp-Image-2024-05-31-at-15.55.44-3-768x1024.jpeg 768w, https:\/\/franciscanos.org.br\/conventosantoantonio\/wp-content\/uploads\/2024\/05\/WhatsApp-Image-2024-05-31-at-15.55.44-3-338x450.jpeg 338w, https:\/\/franciscanos.org.br\/conventosantoantonio\/wp-content\/uploads\/2024\/05\/WhatsApp-Image-2024-05-31-at-15.55.44-3-1152x1536.jpeg 1152w, https:\/\/franciscanos.org.br\/conventosantoantonio\/wp-content\/uploads\/2024\/05\/WhatsApp-Image-2024-05-31-at-15.55.44-3-150x200.jpeg 150w, https:\/\/franciscanos.org.br\/conventosantoantonio\/wp-content\/uploads\/2024\/05\/WhatsApp-Image-2024-05-31-at-15.55.44-3.jpeg 1200w\" sizes=\"(max-width: 768px) 100vw, 768px\" \/><\/a>\n\t\t\t<\/dt><\/dl><dl class='gallery-item'>\n\t\t\t<dt class='gallery-icon portrait'>\n\t\t\t\t<a href='https:\/\/franciscanos.org.br\/conventosantoantonio\/wp-content\/uploads\/2024\/05\/WhatsApp-Image-2024-05-31-at-15.55.44-2.jpeg'><img width=\"576\" height=\"1024\" src=\"https:\/\/franciscanos.org.br\/conventosantoantonio\/wp-content\/uploads\/2024\/05\/WhatsApp-Image-2024-05-31-at-15.55.44-2-576x1024.jpeg\" class=\"attachment-large size-large\" alt=\"\" loading=\"lazy\" srcset=\"https:\/\/franciscanos.org.br\/conventosantoantonio\/wp-content\/uploads\/2024\/05\/WhatsApp-Image-2024-05-31-at-15.55.44-2-576x1024.jpeg 576w, https:\/\/franciscanos.org.br\/conventosantoantonio\/wp-content\/uploads\/2024\/05\/WhatsApp-Image-2024-05-31-at-15.55.44-2-253x450.jpeg 253w, https:\/\/franciscanos.org.br\/conventosantoantonio\/wp-content\/uploads\/2024\/05\/WhatsApp-Image-2024-05-31-at-15.55.44-2-768x1365.jpeg 768w, https:\/\/franciscanos.org.br\/conventosantoantonio\/wp-content\/uploads\/2024\/05\/WhatsApp-Image-2024-05-31-at-15.55.44-2-864x1536.jpeg 864w, https:\/\/franciscanos.org.br\/conventosantoantonio\/wp-content\/uploads\/2024\/05\/WhatsApp-Image-2024-05-31-at-15.55.44-2-150x267.jpeg 150w, https:\/\/franciscanos.org.br\/conventosantoantonio\/wp-content\/uploads\/2024\/05\/WhatsApp-Image-2024-05-31-at-15.55.44-2.jpeg 900w\" sizes=\"(max-width: 576px) 100vw, 576px\" \/><\/a>\n\t\t\t<\/dt><\/dl><dl class='gallery-item'>\n\t\t\t<dt class='gallery-icon portrait'>\n\t\t\t\t<a href='https:\/\/franciscanos.org.br\/conventosantoantonio\/wp-content\/uploads\/2024\/05\/WhatsApp-Image-2024-05-31-at-15.55.44-1.jpeg'><img width=\"576\" height=\"1024\" src=\"https:\/\/franciscanos.org.br\/conventosantoantonio\/wp-content\/uploads\/2024\/05\/WhatsApp-Image-2024-05-31-at-15.55.44-1-576x1024.jpeg\" class=\"attachment-large size-large\" alt=\"\" loading=\"lazy\" srcset=\"https:\/\/franciscanos.org.br\/conventosantoantonio\/wp-content\/uploads\/2024\/05\/WhatsApp-Image-2024-05-31-at-15.55.44-1-576x1024.jpeg 576w, https:\/\/franciscanos.org.br\/conventosantoantonio\/wp-content\/uploads\/2024\/05\/WhatsApp-Image-2024-05-31-at-15.55.44-1-253x450.jpeg 253w, https:\/\/franciscanos.org.br\/conventosantoantonio\/wp-content\/uploads\/2024\/05\/WhatsApp-Image-2024-05-31-at-15.55.44-1-768x1365.jpeg 768w, https:\/\/franciscanos.org.br\/conventosantoantonio\/wp-content\/uploads\/2024\/05\/WhatsApp-Image-2024-05-31-at-15.55.44-1-864x1536.jpeg 864w, https:\/\/franciscanos.org.br\/conventosantoantonio\/wp-content\/uploads\/2024\/05\/WhatsApp-Image-2024-05-31-at-15.55.44-1-150x267.jpeg 150w, https:\/\/franciscanos.org.br\/conventosantoantonio\/wp-content\/uploads\/2024\/05\/WhatsApp-Image-2024-05-31-at-15.55.44-1.jpeg 900w\" sizes=\"(max-width: 576px) 100vw, 576px\" \/><\/a>\n\t\t\t<\/dt><\/dl><dl class='gallery-item'>\n\t\t\t<dt class='gallery-icon landscape'>\n\t\t\t\t<a href='https:\/\/franciscanos.org.br\/conventosantoantonio\/wp-content\/uploads\/2024\/05\/IMG_7713-scaled.jpg'><img width=\"1024\" height=\"683\" src=\"https:\/\/franciscanos.org.br\/conventosantoantonio\/wp-content\/uploads\/2024\/05\/IMG_7713-1024x683.jpg\" class=\"attachment-large size-large\" alt=\"\" loading=\"lazy\" srcset=\"https:\/\/franciscanos.org.br\/conventosantoantonio\/wp-content\/uploads\/2024\/05\/IMG_7713-1024x683.jpg 1024w, https:\/\/franciscanos.org.br\/conventosantoantonio\/wp-content\/uploads\/2024\/05\/IMG_7713-450x300.jpg 450w, https:\/\/franciscanos.org.br\/conventosantoantonio\/wp-content\/uploads\/2024\/05\/IMG_7713-768x512.jpg 768w, https:\/\/franciscanos.org.br\/conventosantoantonio\/wp-content\/uploads\/2024\/05\/IMG_7713-1536x1024.jpg 1536w, https:\/\/franciscanos.org.br\/conventosantoantonio\/wp-content\/uploads\/2024\/05\/IMG_7713-2048x1365.jpg 2048w, https:\/\/franciscanos.org.br\/conventosantoantonio\/wp-content\/uploads\/2024\/05\/IMG_7713-150x100.jpg 150w\" sizes=\"(max-width: 1024px) 100vw, 1024px\" \/><\/a>\n\t\t\t<\/dt><\/dl><br style=\"clear: both\" \/>\n\t\t<\/div>\n\n","protected":false},"excerpt":{"rendered":"<p>1\u00ba Dia Trezena de Santo Ant\u00f4nio<\/p>\n","protected":false},"author":12,"featured_media":0,"comment_status":"open","ping_status":"open","sticky":false,"template":"","format":"standard","meta":[],"categories":[105],"tags":[],"yoast_head":"<!-- This site is optimized with the Yoast SEO plugin v19.4 - https:\/\/yoast.com\/wordpress\/plugins\/seo\/ -->\n<title>S\u00e3o Pedro colabora e 342\u00aa Trezena de Santo Ant\u00f4nio tem abertura sem chuva com Prociss\u00e3o Mar\u00edtima, missa e Coroa\u00e7\u00e3o de Nossa Senhora - Convento Santo Ant\u00f4nio- Franciscanos<\/title>\n<meta name=\"robots\" content=\"index, follow, max-snippet:-1, max-image-preview:large, max-video-preview:-1\" \/>\n<link rel=\"canonical\" href=\"https:\/\/franciscanos.org.br\/conventosantoantonio\/sao-pedro-colabora-e-342a-trezena-de-santo-antonio-tem-abertura-sem-chuva-com-procissao-maritima-missa-e-coroacao-de-nossa-senhora\/\" \/>\n<meta property=\"og:locale\" content=\"pt_BR\" \/>\n<meta property=\"og:type\" content=\"article\" \/>\n<meta property=\"og:title\" content=\"S\u00e3o Pedro colabora e 342\u00aa Trezena de Santo Ant\u00f4nio tem abertura sem chuva com Prociss\u00e3o Mar\u00edtima, missa e Coroa\u00e7\u00e3o de Nossa Senhora - Convento Santo Ant\u00f4nio- Franciscanos\" \/>\n<meta property=\"og:description\" content=\"1\u00ba Dia Trezena de Santo Ant\u00f4nio\" \/>\n<meta property=\"og:url\" content=\"https:\/\/franciscanos.org.br\/conventosantoantonio\/sao-pedro-colabora-e-342a-trezena-de-santo-antonio-tem-abertura-sem-chuva-com-procissao-maritima-missa-e-coroacao-de-nossa-senhora\/\" \/>\n<meta property=\"og:site_name\" content=\"Convento Santo Ant\u00f4nio- Franciscanos\" \/>\n<meta property=\"article:published_time\" content=\"2024-05-31T19:48:55+00:00\" \/>\n<meta property=\"og:image\" content=\"https:\/\/franciscanos.org.br\/conventosantoantonio\/wp-content\/uploads\/2024\/05\/WhatsApp-Image-2024-05-31-at-15.55.44-338x450.jpeg\" \/>\n<meta name=\"author\" content=\"Adriana Rabelo\" \/>\n<meta name=\"twitter:card\" content=\"summary_large_image\" \/>\n<meta name=\"twitter:label1\" content=\"Escrito por\" \/>\n\t<meta name=\"twitter:data1\" content=\"Adriana Rabelo\" \/>\n\t<meta name=\"twitter:label2\" content=\"Est. tempo de leitura\" \/>\n\t<meta name=\"twitter:data2\" content=\"5 minutos\" \/>\n<script type=\"application\/ld+json\" class=\"yoast-schema-graph\">{\"@context\":\"https:\/\/schema.org\",\"@graph\":[{\"@type\":\"WebSite\",\"@id\":\"https:\/\/franciscanos.org.br\/conventosantoantonio\/#website\",\"url\":\"https:\/\/franciscanos.org.br\/conventosantoantonio\/\",\"name\":\"Convento Santo Ant\u00f4nio- Franciscanos\",\"description\":\"Prov\u00edncia Franciscana da Imaculada Concei\u00e7\u00e3o do Brasil - Ordem dos Frades Menores\",\"potentialAction\":[{\"@type\":\"SearchAction\",\"target\":{\"@type\":\"EntryPoint\",\"urlTemplate\":\"https:\/\/franciscanos.org.br\/conventosantoantonio\/?s={search_term_string}\"},\"query-input\":\"required name=search_term_string\"}],\"inLanguage\":\"pt-BR\"},{\"@type\":\"WebPage\",\"@id\":\"https:\/\/franciscanos.org.br\/conventosantoantonio\/sao-pedro-colabora-e-342a-trezena-de-santo-antonio-tem-abertura-sem-chuva-com-procissao-maritima-missa-e-coroacao-de-nossa-senhora\/\",\"url\":\"https:\/\/franciscanos.org.br\/conventosantoantonio\/sao-pedro-colabora-e-342a-trezena-de-santo-antonio-tem-abertura-sem-chuva-com-procissao-maritima-missa-e-coroacao-de-nossa-senhora\/\",\"name\":\"S\u00e3o Pedro colabora e 342\u00aa Trezena de Santo Ant\u00f4nio tem abertura sem chuva com Prociss\u00e3o Mar\u00edtima, missa e Coroa\u00e7\u00e3o de Nossa Senhora - Convento Santo Ant\u00f4nio- Franciscanos\",\"isPartOf\":{\"@id\":\"https:\/\/franciscanos.org.br\/conventosantoantonio\/#website\"},\"datePublished\":\"2024-05-31T19:48:55+00:00\",\"dateModified\":\"2024-05-31T19:48:55+00:00\",\"author\":{\"@id\":\"https:\/\/franciscanos.org.br\/conventosantoantonio\/#\/schema\/person\/9a980420618be29f098b094e6e8289e1\"},\"breadcrumb\":{\"@id\":\"https:\/\/franciscanos.org.br\/conventosantoantonio\/sao-pedro-colabora-e-342a-trezena-de-santo-antonio-tem-abertura-sem-chuva-com-procissao-maritima-missa-e-coroacao-de-nossa-senhora\/#breadcrumb\"},\"inLanguage\":\"pt-BR\",\"potentialAction\":[{\"@type\":\"ReadAction\",\"target\":[\"https:\/\/franciscanos.org.br\/conventosantoantonio\/sao-pedro-colabora-e-342a-trezena-de-santo-antonio-tem-abertura-sem-chuva-com-procissao-maritima-missa-e-coroacao-de-nossa-senhora\/\"]}]},{\"@type\":\"BreadcrumbList\",\"@id\":\"https:\/\/franciscanos.org.br\/conventosantoantonio\/sao-pedro-colabora-e-342a-trezena-de-santo-antonio-tem-abertura-sem-chuva-com-procissao-maritima-missa-e-coroacao-de-nossa-senhora\/#breadcrumb\",\"itemListElement\":[{\"@type\":\"ListItem\",\"position\":1,\"name\":\"Home\",\"item\":\"https:\/\/franciscanos.org.br\/conventosantoantonio\/\"},{\"@type\":\"ListItem\",\"position\":2,\"name\":\"S\u00e3o Pedro colabora e 342\u00aa Trezena de Santo Ant\u00f4nio tem abertura sem chuva com Prociss\u00e3o Mar\u00edtima, missa e Coroa\u00e7\u00e3o de Nossa Senhora\"}]},{\"@type\":\"Person\",\"@id\":\"https:\/\/franciscanos.org.br\/conventosantoantonio\/#\/schema\/person\/9a980420618be29f098b094e6e8289e1\",\"name\":\"Adriana Rabelo\",\"image\":{\"@type\":\"ImageObject\",\"inLanguage\":\"pt-BR\",\"@id\":\"https:\/\/franciscanos.org.br\/conventosantoantonio\/#\/schema\/person\/image\/\",\"url\":\"https:\/\/secure.gravatar.com\/avatar\/0a937b7500cd7df77540cfb8bede877d?s=96&d=mm&r=g\",\"contentUrl\":\"https:\/\/secure.gravatar.com\/avatar\/0a937b7500cd7df77540cfb8bede877d?s=96&d=mm&r=g\",\"caption\":\"Adriana Rabelo\"},\"url\":\"https:\/\/franciscanos.org.br\/conventosantoantonio\/author\/adrianarabelo\/\"}]}<\/script>\n<!-- \/ Yoast SEO plugin. -->","yoast_head_json":{"title":"S\u00e3o Pedro colabora e 342\u00aa Trezena de Santo Ant\u00f4nio tem abertura sem chuva com Prociss\u00e3o Mar\u00edtima, missa e Coroa\u00e7\u00e3o de Nossa Senhora - Convento Santo Ant\u00f4nio- Franciscanos","robots":{"index":"index","follow":"follow","max-snippet":"max-snippet:-1","max-image-preview":"max-image-preview:large","max-video-preview":"max-video-preview:-1"},"canonical":"https:\/\/franciscanos.org.br\/conventosantoantonio\/sao-pedro-colabora-e-342a-trezena-de-santo-antonio-tem-abertura-sem-chuva-com-procissao-maritima-missa-e-coroacao-de-nossa-senhora\/","og_locale":"pt_BR","og_type":"article","og_title":"S\u00e3o Pedro colabora e 342\u00aa Trezena de Santo Ant\u00f4nio tem abertura sem chuva com Prociss\u00e3o Mar\u00edtima, missa e Coroa\u00e7\u00e3o de Nossa Senhora - Convento Santo Ant\u00f4nio- Franciscanos","og_description":"1\u00ba Dia Trezena de Santo Ant\u00f4nio","og_url":"https:\/\/franciscanos.org.br\/conventosantoantonio\/sao-pedro-colabora-e-342a-trezena-de-santo-antonio-tem-abertura-sem-chuva-com-procissao-maritima-missa-e-coroacao-de-nossa-senhora\/","og_site_name":"Convento Santo Ant\u00f4nio- Franciscanos","article_published_time":"2024-05-31T19:48:55+00:00","og_image":[{"url":"https:\/\/franciscanos.org.br\/conventosantoantonio\/wp-content\/uploads\/2024\/05\/WhatsApp-Image-2024-05-31-at-15.55.44-338x450.jpeg"}],"author":"Adriana Rabelo","twitter_card":"summary_large_image","twitter_misc":{"Escrito por":"Adriana Rabelo","Est. tempo de leitura":"5 minutos"},"schema":{"@context":"https:\/\/schema.org","@graph":[{"@type":"WebSite","@id":"https:\/\/franciscanos.org.br\/conventosantoantonio\/#website","url":"https:\/\/franciscanos.org.br\/conventosantoantonio\/","name":"Convento Santo Ant\u00f4nio- Franciscanos","description":"Prov\u00edncia Franciscana da Imaculada Concei\u00e7\u00e3o do Brasil - Ordem dos Frades Menores","potentialAction":[{"@type":"SearchAction","target":{"@type":"EntryPoint","urlTemplate":"https:\/\/franciscanos.org.br\/conventosantoantonio\/?s={search_term_string}"},"query-input":"required name=search_term_string"}],"inLanguage":"pt-BR"},{"@type":"WebPage","@id":"https:\/\/franciscanos.org.br\/conventosantoantonio\/sao-pedro-colabora-e-342a-trezena-de-santo-antonio-tem-abertura-sem-chuva-com-procissao-maritima-missa-e-coroacao-de-nossa-senhora\/","url":"https:\/\/franciscanos.org.br\/conventosantoantonio\/sao-pedro-colabora-e-342a-trezena-de-santo-antonio-tem-abertura-sem-chuva-com-procissao-maritima-missa-e-coroacao-de-nossa-senhora\/","name":"S\u00e3o Pedro colabora e 342\u00aa Trezena de Santo Ant\u00f4nio tem abertura sem chuva com Prociss\u00e3o Mar\u00edtima, missa e Coroa\u00e7\u00e3o de Nossa Senhora - Convento Santo Ant\u00f4nio- Franciscanos","isPartOf":{"@id":"https:\/\/franciscanos.org.br\/conventosantoantonio\/#website"},"datePublished":"2024-05-31T19:48:55+00:00","dateModified":"2024-05-31T19:48:55+00:00","author":{"@id":"https:\/\/franciscanos.org.br\/conventosantoantonio\/#\/schema\/person\/9a980420618be29f098b094e6e8289e1"},"breadcrumb":{"@id":"https:\/\/franciscanos.org.br\/conventosantoantonio\/sao-pedro-colabora-e-342a-trezena-de-santo-antonio-tem-abertura-sem-chuva-com-procissao-maritima-missa-e-coroacao-de-nossa-senhora\/#breadcrumb"},"inLanguage":"pt-BR","potentialAction":[{"@type":"ReadAction","target":["https:\/\/franciscanos.org.br\/conventosantoantonio\/sao-pedro-colabora-e-342a-trezena-de-santo-antonio-tem-abertura-sem-chuva-com-procissao-maritima-missa-e-coroacao-de-nossa-senhora\/"]}]},{"@type":"BreadcrumbList","@id":"https:\/\/franciscanos.org.br\/conventosantoantonio\/sao-pedro-colabora-e-342a-trezena-de-santo-antonio-tem-abertura-sem-chuva-com-procissao-maritima-missa-e-coroacao-de-nossa-senhora\/#breadcrumb","itemListElement":[{"@type":"ListItem","position":1,"name":"Home","item":"https:\/\/franciscanos.org.br\/conventosantoantonio\/"},{"@type":"ListItem","position":2,"name":"S\u00e3o Pedro colabora e 342\u00aa Trezena de Santo Ant\u00f4nio tem abertura sem chuva com Prociss\u00e3o Mar\u00edtima, missa e Coroa\u00e7\u00e3o de Nossa Senhora"}]},{"@type":"Person","@id":"https:\/\/franciscanos.org.br\/conventosantoantonio\/#\/schema\/person\/9a980420618be29f098b094e6e8289e1","name":"Adriana Rabelo","image":{"@type":"ImageObject","inLanguage":"pt-BR","@id":"https:\/\/franciscanos.org.br\/conventosantoantonio\/#\/schema\/person\/image\/","url":"https:\/\/secure.gravatar.com\/avatar\/0a937b7500cd7df77540cfb8bede877d?s=96&d=mm&r=g","contentUrl":"https:\/\/secure.gravatar.com\/avatar\/0a937b7500cd7df77540cfb8bede877d?s=96&d=mm&r=g","caption":"Adriana Rabelo"},"url":"https:\/\/franciscanos.org.br\/conventosantoantonio\/author\/adrianarabelo\/"}]}},"_links":{"self":[{"href":"https:\/\/franciscanos.org.br\/conventosantoantonio\/wp-json\/wp\/v2\/posts\/189102"}],"collection":[{"href":"https:\/\/franciscanos.org.br\/conventosantoantonio\/wp-json\/wp\/v2\/posts"}],"about":[{"href":"https:\/\/franciscanos.org.br\/conventosantoantonio\/wp-json\/wp\/v2\/types\/post"}],"author":[{"embeddable":true,"href":"https:\/\/franciscanos.org.br\/conventosantoantonio\/wp-json\/wp\/v2\/users\/12"}],"replies":[{"embeddable":true,"href":"https:\/\/franciscanos.org.br\/conventosantoantonio\/wp-json\/wp\/v2\/comments?post=189102"}],"version-history":[{"count":1,"href":"https:\/\/franciscanos.org.br\/conventosantoantonio\/wp-json\/wp\/v2\/posts\/189102\/revisions"}],"predecessor-version":[{"id":189137,"href":"https:\/\/franciscanos.org.br\/conventosantoantonio\/wp-json\/wp\/v2\/posts\/189102\/revisions\/189137"}],"wp:attachment":[{"href":"https:\/\/franciscanos.org.br\/conventosantoantonio\/wp-json\/wp\/v2\/media?parent=189102"}],"wp:term":[{"taxonomy":"category","embeddable":true,"href":"https:\/\/franciscanos.org.br\/conventosantoantonio\/wp-json\/wp\/v2\/categories?post=189102"},{"taxonomy":"post_tag","embeddable":true,"href":"https:\/\/franciscanos.org.br\/conventosantoantonio\/wp-json\/wp\/v2\/tags?post=189102"}],"curies":[{"name":"wp","href":"https:\/\/api.w.org\/{rel}","templated":true}]}}