{"id":189078,"date":"2024-05-29T09:55:03","date_gmt":"2024-05-29T12:55:03","guid":{"rendered":"https:\/\/franciscanos.org.br\/conventosantoantonio\/?p=189078"},"modified":"2024-05-29T10:09:17","modified_gmt":"2024-05-29T13:09:17","slug":"enviados-ao-servico-equipes-de-trabalho-recebem-bencao-para-atuacao-na-342a-trezena-e-festa","status":"publish","type":"post","link":"https:\/\/franciscanos.org.br\/conventosantoantonio\/enviados-ao-servico-equipes-de-trabalho-recebem-bencao-para-atuacao-na-342a-trezena-e-festa\/","title":{"rendered":"Enviados ao servi\u00e7o: equipes de trabalho recebem b\u00ean\u00e7\u00e3o para atua\u00e7\u00e3o na 342\u00aa Trezena e Festa"},"content":{"rendered":"<p><img loading=\"lazy\" class=\"aligncenter wp-image-189079 size-full\" src=\"https:\/\/franciscanos.org.br\/conventosantoantonio\/wp-content\/uploads\/2024\/05\/WhatsApp-Image-2024-05-28-at-21.42.47.jpeg\" alt=\"\" width=\"1600\" height=\"1200\" srcset=\"https:\/\/franciscanos.org.br\/conventosantoantonio\/wp-content\/uploads\/2024\/05\/WhatsApp-Image-2024-05-28-at-21.42.47.jpeg 1600w, https:\/\/franciscanos.org.br\/conventosantoantonio\/wp-content\/uploads\/2024\/05\/WhatsApp-Image-2024-05-28-at-21.42.47-450x338.jpeg 450w, https:\/\/franciscanos.org.br\/conventosantoantonio\/wp-content\/uploads\/2024\/05\/WhatsApp-Image-2024-05-28-at-21.42.47-1024x768.jpeg 1024w, https:\/\/franciscanos.org.br\/conventosantoantonio\/wp-content\/uploads\/2024\/05\/WhatsApp-Image-2024-05-28-at-21.42.47-768x576.jpeg 768w, https:\/\/franciscanos.org.br\/conventosantoantonio\/wp-content\/uploads\/2024\/05\/WhatsApp-Image-2024-05-28-at-21.42.47-1536x1152.jpeg 1536w, https:\/\/franciscanos.org.br\/conventosantoantonio\/wp-content\/uploads\/2024\/05\/WhatsApp-Image-2024-05-28-at-21.42.47-150x113.jpeg 150w\" sizes=\"(max-width: 1600px) 100vw, 1600px\" \/><\/p>\n<p>A missa das 15h desta ter\u00e7a-feira no Convento Santo Ant\u00f4nio marcou a b\u00ean\u00e7\u00e3o e o envio dos volunt\u00e1rios e representantes das equipes de trabalho que ir\u00e3o atua na 342\u00aa Trezena e Festa de Santo Ant\u00f4nio, neste ano de 2024. Tendo como tema \u201cSanto Ant\u00f4nio, nosso amigo, nosso irm\u00e3o\u201d, a expectativa \u00e9 que toda a programa\u00e7\u00e3o atraia dezenas de milhares de fi\u00e9is ao Convento entre os dias 31 de maio, in\u00edcio da Trezena, a 13 de Junho, Dia da Festa de Santo Ant\u00f4nio.<\/p>\n<p>Na homilia, o guardi\u00e3o do Convento, Frei Walter Ferreira Junior, que tamb\u00e9m presidiu a celebra\u00e7\u00e3o, enalteceu a disponibilidade e o desprendimento de todos os volunt\u00e1rios que se doam em favor das festividades. Utilizando-se da mensagem do Evangelho do Dia (Mc ), Frei Walter ressaltou que o c\u00eantuplo prometido por Jesus a quem se disp\u00f5e a segui-lo se traduz em experi\u00eancias como aquelas que ser\u00e3o vividas nos dias de festejo: \u201cN\u00f3s formaremos uma s\u00f3 fam\u00edlia, vivendo os la\u00e7os da comunh\u00e3o fraterna, e isto \u00e9 uma grande b\u00ean\u00e7\u00e3o de Deus\u201d, enfatizou.<img loading=\"lazy\" class=\"size-medium wp-image-189080 alignright\" src=\"https:\/\/franciscanos.org.br\/conventosantoantonio\/wp-content\/uploads\/2024\/05\/WhatsApp-Image-2024-05-28-at-21.42.45-1-450x338.jpeg\" alt=\"\" width=\"450\" height=\"338\" srcset=\"https:\/\/franciscanos.org.br\/conventosantoantonio\/wp-content\/uploads\/2024\/05\/WhatsApp-Image-2024-05-28-at-21.42.45-1-450x338.jpeg 450w, https:\/\/franciscanos.org.br\/conventosantoantonio\/wp-content\/uploads\/2024\/05\/WhatsApp-Image-2024-05-28-at-21.42.45-1-1024x768.jpeg 1024w, https:\/\/franciscanos.org.br\/conventosantoantonio\/wp-content\/uploads\/2024\/05\/WhatsApp-Image-2024-05-28-at-21.42.45-1-768x576.jpeg 768w, https:\/\/franciscanos.org.br\/conventosantoantonio\/wp-content\/uploads\/2024\/05\/WhatsApp-Image-2024-05-28-at-21.42.45-1-1536x1152.jpeg 1536w, https:\/\/franciscanos.org.br\/conventosantoantonio\/wp-content\/uploads\/2024\/05\/WhatsApp-Image-2024-05-28-at-21.42.45-1-150x113.jpeg 150w, https:\/\/franciscanos.org.br\/conventosantoantonio\/wp-content\/uploads\/2024\/05\/WhatsApp-Image-2024-05-28-at-21.42.45-1.jpeg 1600w\" sizes=\"(max-width: 450px) 100vw, 450px\" \/><\/p>\n<p>Frei Walter, no entanto, tamb\u00e9m advertiu que, como em todo grupo de pessoas, tamb\u00e9m na caminhada da Igreja as diferen\u00e7as de temperamento e de opini\u00e3o \u00e0s vezes causam alguns estremecimentos na conviv\u00eancia, mas todos eles s\u00e3o super\u00e1veis pela gra\u00e7a divina e pela disposi\u00e7\u00e3o para perdoar. \u201cNunca ouvi algu\u00e9m dizer que tivesse se arrependido de se trabalhar por um ideal comum como este pelo qual estamos nos dedicando. \u00c9, de fato, obra do Esp\u00edrito\u201d, recordou. Ao final da celebra\u00e7\u00e3o, Frei Walter convidou todos os volunt\u00e1rios presentes para virem junto ao altar, onde receberam a b\u00ean\u00e7\u00e3o de Deus com a Rel\u00edquia de Santo Ant\u00f4nio. \u201cQue todos recebam a prote\u00e7\u00e3o de Deus nestes dias de servi\u00e7o que aqui viveremos juntos\u201d, pediu o guardi\u00e3o a Deus.<\/p>\n<p>Ao todo s\u00e3o 20 equipes de trabalho compostas por volunt\u00e1rios e com o apoio dos funcion\u00e1rios do Convento, que se distribuem nos diferentes setores de alimentos, distribui\u00e7\u00e3o dos p\u00e3ezinhos, b\u00ean\u00e7\u00e3os, lembran\u00e7as e artigos religiosos, seguran\u00e7a, limpeza, infraestrutura, entre outros. A Trezena de Santo Ant\u00f4nio 2024 come\u00e7a na pr\u00f3xima sexta-feira, dia 31 de maio, \u00e0s 9h, com a 1\u00aa Prociss\u00e3o Mar\u00edtima em honra a Santo Ant\u00f4nio, saindo do Cais da Diretoria de Patrim\u00f4nio Hist\u00f3rico, pr\u00f3ximo \u00e0 Pra\u00e7a Mau\u00e1, com apoio da Marinha do Brasil.<\/p>\n<hr \/>\n<p><em>Equipe de comunica\u00e7\u00e3o<\/em><\/p>\n\n\t\t<style type=\"text\/css\">\n\t\t\t#gallery-1 {\n\t\t\t\tmargin: auto;\n\t\t\t}\n\t\t\t#gallery-1 .gallery-item {\n\t\t\t\tfloat: left;\n\t\t\t\tmargin-top: 10px;\n\t\t\t\ttext-align: center;\n\t\t\t\twidth: 33%;\n\t\t\t}\n\t\t\t#gallery-1 img {\n\t\t\t\tborder: 2px solid #cfcfcf;\n\t\t\t}\n\t\t\t#gallery-1 .gallery-caption {\n\t\t\t\tmargin-left: 0;\n\t\t\t}\n\t\t\t\/* see gallery_shortcode() in wp-includes\/media.php *\/\n\t\t<\/style>\n\t\t<div id='gallery-1' class='gallery galleryid-189078 gallery-columns-3 gallery-size-large'><dl class='gallery-item'>\n\t\t\t<dt class='gallery-icon landscape'>\n\t\t\t\t<a href='https:\/\/franciscanos.org.br\/conventosantoantonio\/wp-content\/uploads\/2024\/05\/WhatsApp-Image-2024-05-28-at-21.42.44-2.jpeg'><img width=\"1024\" height=\"768\" src=\"https:\/\/franciscanos.org.br\/conventosantoantonio\/wp-content\/uploads\/2024\/05\/WhatsApp-Image-2024-05-28-at-21.42.44-2-1024x768.jpeg\" class=\"attachment-large size-large\" alt=\"\" loading=\"lazy\" srcset=\"https:\/\/franciscanos.org.br\/conventosantoantonio\/wp-content\/uploads\/2024\/05\/WhatsApp-Image-2024-05-28-at-21.42.44-2-1024x768.jpeg 1024w, https:\/\/franciscanos.org.br\/conventosantoantonio\/wp-content\/uploads\/2024\/05\/WhatsApp-Image-2024-05-28-at-21.42.44-2-450x338.jpeg 450w, https:\/\/franciscanos.org.br\/conventosantoantonio\/wp-content\/uploads\/2024\/05\/WhatsApp-Image-2024-05-28-at-21.42.44-2-768x576.jpeg 768w, https:\/\/franciscanos.org.br\/conventosantoantonio\/wp-content\/uploads\/2024\/05\/WhatsApp-Image-2024-05-28-at-21.42.44-2-1536x1152.jpeg 1536w, https:\/\/franciscanos.org.br\/conventosantoantonio\/wp-content\/uploads\/2024\/05\/WhatsApp-Image-2024-05-28-at-21.42.44-2-150x113.jpeg 150w, https:\/\/franciscanos.org.br\/conventosantoantonio\/wp-content\/uploads\/2024\/05\/WhatsApp-Image-2024-05-28-at-21.42.44-2.jpeg 1600w\" sizes=\"(max-width: 1024px) 100vw, 1024px\" \/><\/a>\n\t\t\t<\/dt><\/dl><dl class='gallery-item'>\n\t\t\t<dt class='gallery-icon landscape'>\n\t\t\t\t<a href='https:\/\/franciscanos.org.br\/conventosantoantonio\/wp-content\/uploads\/2024\/05\/WhatsApp-Image-2024-05-28-at-21.42.45-1-1.jpeg'><img width=\"1024\" height=\"768\" src=\"https:\/\/franciscanos.org.br\/conventosantoantonio\/wp-content\/uploads\/2024\/05\/WhatsApp-Image-2024-05-28-at-21.42.45-1-1-1024x768.jpeg\" class=\"attachment-large size-large\" alt=\"\" loading=\"lazy\" srcset=\"https:\/\/franciscanos.org.br\/conventosantoantonio\/wp-content\/uploads\/2024\/05\/WhatsApp-Image-2024-05-28-at-21.42.45-1-1-1024x768.jpeg 1024w, https:\/\/franciscanos.org.br\/conventosantoantonio\/wp-content\/uploads\/2024\/05\/WhatsApp-Image-2024-05-28-at-21.42.45-1-1-450x338.jpeg 450w, https:\/\/franciscanos.org.br\/conventosantoantonio\/wp-content\/uploads\/2024\/05\/WhatsApp-Image-2024-05-28-at-21.42.45-1-1-768x576.jpeg 768w, https:\/\/franciscanos.org.br\/conventosantoantonio\/wp-content\/uploads\/2024\/05\/WhatsApp-Image-2024-05-28-at-21.42.45-1-1-1536x1152.jpeg 1536w, https:\/\/franciscanos.org.br\/conventosantoantonio\/wp-content\/uploads\/2024\/05\/WhatsApp-Image-2024-05-28-at-21.42.45-1-1-150x113.jpeg 150w, https:\/\/franciscanos.org.br\/conventosantoantonio\/wp-content\/uploads\/2024\/05\/WhatsApp-Image-2024-05-28-at-21.42.45-1-1.jpeg 1600w\" sizes=\"(max-width: 1024px) 100vw, 1024px\" \/><\/a>\n\t\t\t<\/dt><\/dl><dl class='gallery-item'>\n\t\t\t<dt class='gallery-icon landscape'>\n\t\t\t\t<a href='https:\/\/franciscanos.org.br\/conventosantoantonio\/wp-content\/uploads\/2024\/05\/WhatsApp-Image-2024-05-28-at-21.42.45.jpeg'><img width=\"1024\" height=\"768\" src=\"https:\/\/franciscanos.org.br\/conventosantoantonio\/wp-content\/uploads\/2024\/05\/WhatsApp-Image-2024-05-28-at-21.42.45-1024x768.jpeg\" class=\"attachment-large size-large\" alt=\"\" loading=\"lazy\" srcset=\"https:\/\/franciscanos.org.br\/conventosantoantonio\/wp-content\/uploads\/2024\/05\/WhatsApp-Image-2024-05-28-at-21.42.45-1024x768.jpeg 1024w, https:\/\/franciscanos.org.br\/conventosantoantonio\/wp-content\/uploads\/2024\/05\/WhatsApp-Image-2024-05-28-at-21.42.45-450x338.jpeg 450w, https:\/\/franciscanos.org.br\/conventosantoantonio\/wp-content\/uploads\/2024\/05\/WhatsApp-Image-2024-05-28-at-21.42.45-768x576.jpeg 768w, https:\/\/franciscanos.org.br\/conventosantoantonio\/wp-content\/uploads\/2024\/05\/WhatsApp-Image-2024-05-28-at-21.42.45-1536x1152.jpeg 1536w, https:\/\/franciscanos.org.br\/conventosantoantonio\/wp-content\/uploads\/2024\/05\/WhatsApp-Image-2024-05-28-at-21.42.45-150x113.jpeg 150w, https:\/\/franciscanos.org.br\/conventosantoantonio\/wp-content\/uploads\/2024\/05\/WhatsApp-Image-2024-05-28-at-21.42.45.jpeg 1600w\" sizes=\"(max-width: 1024px) 100vw, 1024px\" \/><\/a>\n\t\t\t<\/dt><\/dl><br style=\"clear: both\" \/><dl class='gallery-item'>\n\t\t\t<dt class='gallery-icon landscape'>\n\t\t\t\t<a href='https:\/\/franciscanos.org.br\/conventosantoantonio\/wp-content\/uploads\/2024\/05\/WhatsApp-Image-2024-05-28-at-21.42.47-1.jpeg'><img width=\"1024\" height=\"768\" src=\"https:\/\/franciscanos.org.br\/conventosantoantonio\/wp-content\/uploads\/2024\/05\/WhatsApp-Image-2024-05-28-at-21.42.47-1-1024x768.jpeg\" class=\"attachment-large size-large\" alt=\"\" loading=\"lazy\" srcset=\"https:\/\/franciscanos.org.br\/conventosantoantonio\/wp-content\/uploads\/2024\/05\/WhatsApp-Image-2024-05-28-at-21.42.47-1-1024x768.jpeg 1024w, https:\/\/franciscanos.org.br\/conventosantoantonio\/wp-content\/uploads\/2024\/05\/WhatsApp-Image-2024-05-28-at-21.42.47-1-450x338.jpeg 450w, https:\/\/franciscanos.org.br\/conventosantoantonio\/wp-content\/uploads\/2024\/05\/WhatsApp-Image-2024-05-28-at-21.42.47-1-768x576.jpeg 768w, https:\/\/franciscanos.org.br\/conventosantoantonio\/wp-content\/uploads\/2024\/05\/WhatsApp-Image-2024-05-28-at-21.42.47-1-1536x1152.jpeg 1536w, https:\/\/franciscanos.org.br\/conventosantoantonio\/wp-content\/uploads\/2024\/05\/WhatsApp-Image-2024-05-28-at-21.42.47-1-150x113.jpeg 150w, https:\/\/franciscanos.org.br\/conventosantoantonio\/wp-content\/uploads\/2024\/05\/WhatsApp-Image-2024-05-28-at-21.42.47-1.jpeg 1600w\" sizes=\"(max-width: 1024px) 100vw, 1024px\" \/><\/a>\n\t\t\t<\/dt><\/dl><dl class='gallery-item'>\n\t\t\t<dt class='gallery-icon portrait'>\n\t\t\t\t<a href='https:\/\/franciscanos.org.br\/conventosantoantonio\/wp-content\/uploads\/2024\/05\/WhatsApp-Image-2024-05-28-at-21.42.48.jpeg'><img width=\"768\" height=\"1024\" src=\"https:\/\/franciscanos.org.br\/conventosantoantonio\/wp-content\/uploads\/2024\/05\/WhatsApp-Image-2024-05-28-at-21.42.48-768x1024.jpeg\" class=\"attachment-large size-large\" alt=\"\" loading=\"lazy\" srcset=\"https:\/\/franciscanos.org.br\/conventosantoantonio\/wp-content\/uploads\/2024\/05\/WhatsApp-Image-2024-05-28-at-21.42.48-768x1024.jpeg 768w, https:\/\/franciscanos.org.br\/conventosantoantonio\/wp-content\/uploads\/2024\/05\/WhatsApp-Image-2024-05-28-at-21.42.48-338x450.jpeg 338w, https:\/\/franciscanos.org.br\/conventosantoantonio\/wp-content\/uploads\/2024\/05\/WhatsApp-Image-2024-05-28-at-21.42.48-1152x1536.jpeg 1152w, https:\/\/franciscanos.org.br\/conventosantoantonio\/wp-content\/uploads\/2024\/05\/WhatsApp-Image-2024-05-28-at-21.42.48-150x200.jpeg 150w, https:\/\/franciscanos.org.br\/conventosantoantonio\/wp-content\/uploads\/2024\/05\/WhatsApp-Image-2024-05-28-at-21.42.48.jpeg 1200w\" sizes=\"(max-width: 768px) 100vw, 768px\" \/><\/a>\n\t\t\t<\/dt><\/dl><dl class='gallery-item'>\n\t\t\t<dt class='gallery-icon portrait'>\n\t\t\t\t<a href='https:\/\/franciscanos.org.br\/conventosantoantonio\/wp-content\/uploads\/2024\/05\/WhatsApp-Image-2024-05-28-at-21.42.44-1-1.jpeg'><img width=\"768\" height=\"1024\" src=\"https:\/\/franciscanos.org.br\/conventosantoantonio\/wp-content\/uploads\/2024\/05\/WhatsApp-Image-2024-05-28-at-21.42.44-1-1-768x1024.jpeg\" class=\"attachment-large size-large\" alt=\"\" loading=\"lazy\" srcset=\"https:\/\/franciscanos.org.br\/conventosantoantonio\/wp-content\/uploads\/2024\/05\/WhatsApp-Image-2024-05-28-at-21.42.44-1-1-768x1024.jpeg 768w, https:\/\/franciscanos.org.br\/conventosantoantonio\/wp-content\/uploads\/2024\/05\/WhatsApp-Image-2024-05-28-at-21.42.44-1-1-338x450.jpeg 338w, https:\/\/franciscanos.org.br\/conventosantoantonio\/wp-content\/uploads\/2024\/05\/WhatsApp-Image-2024-05-28-at-21.42.44-1-1-1152x1536.jpeg 1152w, https:\/\/franciscanos.org.br\/conventosantoantonio\/wp-content\/uploads\/2024\/05\/WhatsApp-Image-2024-05-28-at-21.42.44-1-1-150x200.jpeg 150w, https:\/\/franciscanos.org.br\/conventosantoantonio\/wp-content\/uploads\/2024\/05\/WhatsApp-Image-2024-05-28-at-21.42.44-1-1.jpeg 1200w\" sizes=\"(max-width: 768px) 100vw, 768px\" \/><\/a>\n\t\t\t<\/dt><\/dl><br style=\"clear: both\" \/>\n\t\t<\/div>\n\n","protected":false},"excerpt":{"rendered":"<p>Festa de Santo Ant\u00f4nio 2024<\/p>\n","protected":false},"author":12,"featured_media":189089,"comment_status":"open","ping_status":"open","sticky":false,"template":"","format":"standard","meta":[],"categories":[105],"tags":[357,382],"yoast_head":"<!-- This site is optimized with the Yoast SEO plugin v19.4 - https:\/\/yoast.com\/wordpress\/plugins\/seo\/ -->\n<title>Enviados ao servi\u00e7o: equipes de trabalho recebem b\u00ean\u00e7\u00e3o para atua\u00e7\u00e3o na 342\u00aa Trezena e Festa - Convento Santo Ant\u00f4nio- Franciscanos<\/title>\n<meta name=\"robots\" content=\"index, follow, max-snippet:-1, max-image-preview:large, max-video-preview:-1\" \/>\n<link rel=\"canonical\" href=\"https:\/\/franciscanos.org.br\/conventosantoantonio\/enviados-ao-servico-equipes-de-trabalho-recebem-bencao-para-atuacao-na-342a-trezena-e-festa\/\" \/>\n<meta property=\"og:locale\" content=\"pt_BR\" \/>\n<meta property=\"og:type\" content=\"article\" \/>\n<meta property=\"og:title\" content=\"Enviados ao servi\u00e7o: equipes de trabalho recebem b\u00ean\u00e7\u00e3o para atua\u00e7\u00e3o na 342\u00aa Trezena e Festa - Convento Santo Ant\u00f4nio- Franciscanos\" \/>\n<meta property=\"og:description\" content=\"Festa de Santo Ant\u00f4nio 2024\" \/>\n<meta property=\"og:url\" content=\"https:\/\/franciscanos.org.br\/conventosantoantonio\/enviados-ao-servico-equipes-de-trabalho-recebem-bencao-para-atuacao-na-342a-trezena-e-festa\/\" \/>\n<meta property=\"og:site_name\" content=\"Convento Santo Ant\u00f4nio- Franciscanos\" \/>\n<meta property=\"article:published_time\" content=\"2024-05-29T12:55:03+00:00\" \/>\n<meta property=\"article:modified_time\" content=\"2024-05-29T13:09:17+00:00\" \/>\n<meta property=\"og:image\" content=\"https:\/\/franciscanos.org.br\/conventosantoantonio\/wp-content\/uploads\/2024\/05\/WhatsApp-Image-2024-05-28-at-21.42.47-2.jpeg\" \/>\n\t<meta property=\"og:image:width\" content=\"1600\" \/>\n\t<meta property=\"og:image:height\" content=\"1200\" \/>\n\t<meta property=\"og:image:type\" content=\"image\/jpeg\" \/>\n<meta name=\"author\" content=\"Adriana Rabelo\" \/>\n<meta name=\"twitter:card\" content=\"summary_large_image\" \/>\n<meta name=\"twitter:label1\" content=\"Escrito por\" \/>\n\t<meta name=\"twitter:data1\" content=\"Adriana Rabelo\" \/>\n\t<meta name=\"twitter:label2\" content=\"Est. tempo de leitura\" \/>\n\t<meta name=\"twitter:data2\" content=\"3 minutos\" \/>\n<script type=\"application\/ld+json\" class=\"yoast-schema-graph\">{\"@context\":\"https:\/\/schema.org\",\"@graph\":[{\"@type\":\"WebSite\",\"@id\":\"https:\/\/franciscanos.org.br\/conventosantoantonio\/#website\",\"url\":\"https:\/\/franciscanos.org.br\/conventosantoantonio\/\",\"name\":\"Convento Santo Ant\u00f4nio- Franciscanos\",\"description\":\"Prov\u00edncia Franciscana da Imaculada Concei\u00e7\u00e3o do Brasil - Ordem dos Frades Menores\",\"potentialAction\":[{\"@type\":\"SearchAction\",\"target\":{\"@type\":\"EntryPoint\",\"urlTemplate\":\"https:\/\/franciscanos.org.br\/conventosantoantonio\/?s={search_term_string}\"},\"query-input\":\"required name=search_term_string\"}],\"inLanguage\":\"pt-BR\"},{\"@type\":\"WebPage\",\"@id\":\"https:\/\/franciscanos.org.br\/conventosantoantonio\/enviados-ao-servico-equipes-de-trabalho-recebem-bencao-para-atuacao-na-342a-trezena-e-festa\/\",\"url\":\"https:\/\/franciscanos.org.br\/conventosantoantonio\/enviados-ao-servico-equipes-de-trabalho-recebem-bencao-para-atuacao-na-342a-trezena-e-festa\/\",\"name\":\"Enviados ao servi\u00e7o: equipes de trabalho recebem b\u00ean\u00e7\u00e3o para atua\u00e7\u00e3o na 342\u00aa Trezena e Festa - Convento Santo Ant\u00f4nio- Franciscanos\",\"isPartOf\":{\"@id\":\"https:\/\/franciscanos.org.br\/conventosantoantonio\/#website\"},\"datePublished\":\"2024-05-29T12:55:03+00:00\",\"dateModified\":\"2024-05-29T13:09:17+00:00\",\"author\":{\"@id\":\"https:\/\/franciscanos.org.br\/conventosantoantonio\/#\/schema\/person\/9a980420618be29f098b094e6e8289e1\"},\"breadcrumb\":{\"@id\":\"https:\/\/franciscanos.org.br\/conventosantoantonio\/enviados-ao-servico-equipes-de-trabalho-recebem-bencao-para-atuacao-na-342a-trezena-e-festa\/#breadcrumb\"},\"inLanguage\":\"pt-BR\",\"potentialAction\":[{\"@type\":\"ReadAction\",\"target\":[\"https:\/\/franciscanos.org.br\/conventosantoantonio\/enviados-ao-servico-equipes-de-trabalho-recebem-bencao-para-atuacao-na-342a-trezena-e-festa\/\"]}]},{\"@type\":\"BreadcrumbList\",\"@id\":\"https:\/\/franciscanos.org.br\/conventosantoantonio\/enviados-ao-servico-equipes-de-trabalho-recebem-bencao-para-atuacao-na-342a-trezena-e-festa\/#breadcrumb\",\"itemListElement\":[{\"@type\":\"ListItem\",\"position\":1,\"name\":\"Home\",\"item\":\"https:\/\/franciscanos.org.br\/conventosantoantonio\/\"},{\"@type\":\"ListItem\",\"position\":2,\"name\":\"Enviados ao servi\u00e7o: equipes de trabalho recebem b\u00ean\u00e7\u00e3o para atua\u00e7\u00e3o na 342\u00aa Trezena e Festa\"}]},{\"@type\":\"Person\",\"@id\":\"https:\/\/franciscanos.org.br\/conventosantoantonio\/#\/schema\/person\/9a980420618be29f098b094e6e8289e1\",\"name\":\"Adriana Rabelo\",\"image\":{\"@type\":\"ImageObject\",\"inLanguage\":\"pt-BR\",\"@id\":\"https:\/\/franciscanos.org.br\/conventosantoantonio\/#\/schema\/person\/image\/\",\"url\":\"https:\/\/secure.gravatar.com\/avatar\/0a937b7500cd7df77540cfb8bede877d?s=96&d=mm&r=g\",\"contentUrl\":\"https:\/\/secure.gravatar.com\/avatar\/0a937b7500cd7df77540cfb8bede877d?s=96&d=mm&r=g\",\"caption\":\"Adriana Rabelo\"},\"url\":\"https:\/\/franciscanos.org.br\/conventosantoantonio\/author\/adrianarabelo\/\"}]}<\/script>\n<!-- \/ Yoast SEO plugin. -->","yoast_head_json":{"title":"Enviados ao servi\u00e7o: equipes de trabalho recebem b\u00ean\u00e7\u00e3o para atua\u00e7\u00e3o na 342\u00aa Trezena e Festa - Convento Santo Ant\u00f4nio- Franciscanos","robots":{"index":"index","follow":"follow","max-snippet":"max-snippet:-1","max-image-preview":"max-image-preview:large","max-video-preview":"max-video-preview:-1"},"canonical":"https:\/\/franciscanos.org.br\/conventosantoantonio\/enviados-ao-servico-equipes-de-trabalho-recebem-bencao-para-atuacao-na-342a-trezena-e-festa\/","og_locale":"pt_BR","og_type":"article","og_title":"Enviados ao servi\u00e7o: equipes de trabalho recebem b\u00ean\u00e7\u00e3o para atua\u00e7\u00e3o na 342\u00aa Trezena e Festa - Convento Santo Ant\u00f4nio- Franciscanos","og_description":"Festa de Santo Ant\u00f4nio 2024","og_url":"https:\/\/franciscanos.org.br\/conventosantoantonio\/enviados-ao-servico-equipes-de-trabalho-recebem-bencao-para-atuacao-na-342a-trezena-e-festa\/","og_site_name":"Convento Santo Ant\u00f4nio- Franciscanos","article_published_time":"2024-05-29T12:55:03+00:00","article_modified_time":"2024-05-29T13:09:17+00:00","og_image":[{"width":1600,"height":1200,"url":"https:\/\/franciscanos.org.br\/conventosantoantonio\/wp-content\/uploads\/2024\/05\/WhatsApp-Image-2024-05-28-at-21.42.47-2.jpeg","type":"image\/jpeg"}],"author":"Adriana Rabelo","twitter_card":"summary_large_image","twitter_misc":{"Escrito por":"Adriana Rabelo","Est. tempo de leitura":"3 minutos"},"schema":{"@context":"https:\/\/schema.org","@graph":[{"@type":"WebSite","@id":"https:\/\/franciscanos.org.br\/conventosantoantonio\/#website","url":"https:\/\/franciscanos.org.br\/conventosantoantonio\/","name":"Convento Santo Ant\u00f4nio- Franciscanos","description":"Prov\u00edncia Franciscana da Imaculada Concei\u00e7\u00e3o do Brasil - Ordem dos Frades Menores","potentialAction":[{"@type":"SearchAction","target":{"@type":"EntryPoint","urlTemplate":"https:\/\/franciscanos.org.br\/conventosantoantonio\/?s={search_term_string}"},"query-input":"required name=search_term_string"}],"inLanguage":"pt-BR"},{"@type":"WebPage","@id":"https:\/\/franciscanos.org.br\/conventosantoantonio\/enviados-ao-servico-equipes-de-trabalho-recebem-bencao-para-atuacao-na-342a-trezena-e-festa\/","url":"https:\/\/franciscanos.org.br\/conventosantoantonio\/enviados-ao-servico-equipes-de-trabalho-recebem-bencao-para-atuacao-na-342a-trezena-e-festa\/","name":"Enviados ao servi\u00e7o: equipes de trabalho recebem b\u00ean\u00e7\u00e3o para atua\u00e7\u00e3o na 342\u00aa Trezena e Festa - Convento Santo Ant\u00f4nio- Franciscanos","isPartOf":{"@id":"https:\/\/franciscanos.org.br\/conventosantoantonio\/#website"},"datePublished":"2024-05-29T12:55:03+00:00","dateModified":"2024-05-29T13:09:17+00:00","author":{"@id":"https:\/\/franciscanos.org.br\/conventosantoantonio\/#\/schema\/person\/9a980420618be29f098b094e6e8289e1"},"breadcrumb":{"@id":"https:\/\/franciscanos.org.br\/conventosantoantonio\/enviados-ao-servico-equipes-de-trabalho-recebem-bencao-para-atuacao-na-342a-trezena-e-festa\/#breadcrumb"},"inLanguage":"pt-BR","potentialAction":[{"@type":"ReadAction","target":["https:\/\/franciscanos.org.br\/conventosantoantonio\/enviados-ao-servico-equipes-de-trabalho-recebem-bencao-para-atuacao-na-342a-trezena-e-festa\/"]}]},{"@type":"BreadcrumbList","@id":"https:\/\/franciscanos.org.br\/conventosantoantonio\/enviados-ao-servico-equipes-de-trabalho-recebem-bencao-para-atuacao-na-342a-trezena-e-festa\/#breadcrumb","itemListElement":[{"@type":"ListItem","position":1,"name":"Home","item":"https:\/\/franciscanos.org.br\/conventosantoantonio\/"},{"@type":"ListItem","position":2,"name":"Enviados ao servi\u00e7o: equipes de trabalho recebem b\u00ean\u00e7\u00e3o para atua\u00e7\u00e3o na 342\u00aa Trezena e Festa"}]},{"@type":"Person","@id":"https:\/\/franciscanos.org.br\/conventosantoantonio\/#\/schema\/person\/9a980420618be29f098b094e6e8289e1","name":"Adriana Rabelo","image":{"@type":"ImageObject","inLanguage":"pt-BR","@id":"https:\/\/franciscanos.org.br\/conventosantoantonio\/#\/schema\/person\/image\/","url":"https:\/\/secure.gravatar.com\/avatar\/0a937b7500cd7df77540cfb8bede877d?s=96&d=mm&r=g","contentUrl":"https:\/\/secure.gravatar.com\/avatar\/0a937b7500cd7df77540cfb8bede877d?s=96&d=mm&r=g","caption":"Adriana Rabelo"},"url":"https:\/\/franciscanos.org.br\/conventosantoantonio\/author\/adrianarabelo\/"}]}},"_links":{"self":[{"href":"https:\/\/franciscanos.org.br\/conventosantoantonio\/wp-json\/wp\/v2\/posts\/189078"}],"collection":[{"href":"https:\/\/franciscanos.org.br\/conventosantoantonio\/wp-json\/wp\/v2\/posts"}],"about":[{"href":"https:\/\/franciscanos.org.br\/conventosantoantonio\/wp-json\/wp\/v2\/types\/post"}],"author":[{"embeddable":true,"href":"https:\/\/franciscanos.org.br\/conventosantoantonio\/wp-json\/wp\/v2\/users\/12"}],"replies":[{"embeddable":true,"href":"https:\/\/franciscanos.org.br\/conventosantoantonio\/wp-json\/wp\/v2\/comments?post=189078"}],"version-history":[{"count":3,"href":"https:\/\/franciscanos.org.br\/conventosantoantonio\/wp-json\/wp\/v2\/posts\/189078\/revisions"}],"predecessor-version":[{"id":189094,"href":"https:\/\/franciscanos.org.br\/conventosantoantonio\/wp-json\/wp\/v2\/posts\/189078\/revisions\/189094"}],"wp:featuredmedia":[{"embeddable":true,"href":"https:\/\/franciscanos.org.br\/conventosantoantonio\/wp-json\/wp\/v2\/media\/189089"}],"wp:attachment":[{"href":"https:\/\/franciscanos.org.br\/conventosantoantonio\/wp-json\/wp\/v2\/media?parent=189078"}],"wp:term":[{"taxonomy":"category","embeddable":true,"href":"https:\/\/franciscanos.org.br\/conventosantoantonio\/wp-json\/wp\/v2\/categories?post=189078"},{"taxonomy":"post_tag","embeddable":true,"href":"https:\/\/franciscanos.org.br\/conventosantoantonio\/wp-json\/wp\/v2\/tags?post=189078"}],"curies":[{"name":"wp","href":"https:\/\/api.w.org\/{rel}","templated":true}]}}