{"id":189044,"date":"2024-02-28T10:26:14","date_gmt":"2024-02-28T13:26:14","guid":{"rendered":"https:\/\/franciscanos.org.br\/conventosantoantonio\/?p=189044"},"modified":"2024-05-28T15:31:33","modified_gmt":"2024-05-28T18:31:33","slug":"convento-santo-antonio","status":"publish","type":"post","link":"https:\/\/franciscanos.org.br\/conventosantoantonio\/convento-santo-antonio\/","title":{"rendered":"Missa de A\u00e7\u00e3o de Gra\u00e7as marca in\u00edcio das obras do Convento Santo Ant\u00f4nio"},"content":{"rendered":"<p><img loading=\"lazy\" class=\"aligncenter wp-image-246547 size-full\" src=\"https:\/\/franciscanos.org.br\/noticias\/wp-content\/uploads\/2024\/02\/acao-de-gracas-st-antonio-5.jpg\" alt=\"\" width=\"1440\" height=\"1080\" \/><\/p>\n<p><span style=\"font-weight: 400;\">Nesta ter\u00e7a-feira (27), uma Missa de A\u00e7\u00e3o de Gra\u00e7as no Convento Santo Ant\u00f4nio do Largo da Carioca, marcou o in\u00edcio das obras de troca dos elevadores do local.Os trabalhos de moderniza\u00e7\u00e3o incluem tamb\u00e9m a revitaliza\u00e7\u00e3o do t\u00fanel e outras adapta\u00e7\u00f5es que ir\u00e3o permitir mais acessibilidade ao conjunto arquitet\u00f4nico.<\/span><\/p>\n<p>A celebra\u00e7\u00e3o foi presidida pelo Ec\u00f4nomo da Prov\u00edncia Franciscana da Imaculada Concei\u00e7\u00e3o do Brasil, Frei Robson Luiz Scudela e concelebrada pelo Definidor Frei Marcos Antonio Andrade e Frei Guido Scottini. O Guardi\u00e3o do Convento, Frei Walter Ferreira J\u00fanior, foi o comentarista da celebra\u00e7\u00e3o. Tamb\u00e9m estava presente o di\u00e1cono permanente Alexandre Varela, presidente da Coderte (Companhia de Desenvolvimento Rodovi\u00e1rio e Terminais do Estado do Rio de Janeiro), representando o governador Cla\u00fadio Castro. A Santa Missa contou ainda com a presen\u00e7a do deputado estadual Fred Pacheco, do Subprefeito do Centro do Rio, Alberto Szafran; representante do prefeito Eduardo Paes; Marcelo Menudo, que representou o presidente da C\u00e2mara Municipal, Vereador Carlo Caiado; e o Capit\u00e3o de Corveta e Fuzileiro Naval, Esley Rodrigues, al\u00e9m das lideran\u00e7as das empresas respons\u00e1veis pelas obras do convento e outras\u00a0autoridades.<\/p>\n<p><span style=\"font-weight: 400;\">Frei Robson ressaltou em sua homilia a import\u00e2ncia de viver a Palavra de Deus, e n\u00e3o somente interpret\u00e1-la. \u201c Somos homens e mulheres construtores de rela\u00e7\u00f5es. \u00c9\u00a0 a partir de Deus que aprendemos como nos relacionar\u201d. Segundo ele, a finalidade principal da obra no Convento Santo Ant\u00f4nio \u00e9 facilitar rela\u00e7\u00f5es para estreitar os la\u00e7os entre as ruas e o espa\u00e7o que ser\u00e1 reformado.\u00a0<\/span><\/p>\n<p><img loading=\"lazy\" class=\"size-medium wp-image-246545 alignleft\" src=\"https:\/\/franciscanos.org.br\/noticias\/wp-content\/uploads\/2024\/02\/acao-de-gracas-st-antonio-3-450x338.jpg\" alt=\"\" width=\"450\" height=\"338\" \/><\/p>\n<p><span style=\"font-weight: 400;\">O Frei deu \u00eanfase ao compromisso dos frades com o acolhimento dos filhos e filhas de Deus, que estar\u00e3o mais presentes no convento ap\u00f3s a finaliza\u00e7\u00e3o das obras de acessibilidade. \u201cDevemos ter olhar atento e cuidador pr\u00f3prios do nosso carisma franciscano para que,\u00a0 fi\u00e9is a a\u00e7\u00e3o do Esp\u00edrito sejamos bons frades menores. \u00c9 momento de tomada de consci\u00eancia de que somos irm\u00e3os e irm\u00e3s uns dos outros, por isso, devemos favorecer o acesso. Que essa fraternidade seja sinal de irmandade, onde habitam homens construtores de rela\u00e7\u00f5es\u201d. Frei Robson, agradeceu \u00e0 comunidade pelo apoio e empenho de todos os envolvidos. \u201cEsse \u00e9 um dia que nos reunimos para dar gra\u00e7as a Deus pelos passos dados a favor das obras do convento\u201d, finalizou<\/span><\/p>\n<p><span style=\"font-weight: 400;\">Ao final da celebra\u00e7\u00e3o, Frei Walter convidou autoridades presentes para proferir algumas palavras. Alberto Szafran falou da relev\u00e2ncia do convento como s\u00edmbolo para a popula\u00e7\u00e3o carioca, ressaltando que a obra \u00e9\u00a0 importante para revitaliza\u00e7\u00e3o do centro carioca. O subprefeito destacou o compromisso do poder p\u00fablico municipal com os trabalhos no Convento Santo Ant\u00f4nio. A mesma afirma\u00e7\u00e3o foi feita pelo di\u00e1cono permanente, Alexandre Varella, que refor\u00e7ou\u00a0 a import\u00e2ncia hist\u00f3rica do local.<\/span><\/p>\n<p><span style=\"font-weight: 400;\">J\u00e1 o deputado Fred Pacheco, que tamb\u00e9m \u00e9 presidente da Comiss\u00e3o em Defesa da Pessoa com Defici\u00eancia da Alerj (Assembl\u00e9ia Legislativa do Rio de Janeiro),\u00a0 afirmou que as obras no convento s\u00e3o fundamentais para a acessibilidade. \u201cComo diz o Papa Francisco, precisamos abrir a Igreja para o encontro com Deus. Estamos na Quaresma, tempo de convers\u00e3o. O trabalho de moderniza\u00e7\u00e3o do convento \u00e9 uma convers\u00e3o f\u00edsica na casa que permite o encontro. A inclus\u00e3o \u00e9 para todos que precisam ir ao encontro de Deus\u201d, afirmou.<\/span><\/p>\n<p><span style=\"font-weight: 400;\">Frei Marcos Andrade, ressaltou o momento de A\u00e7\u00e3o de Gra\u00e7as.\u00a0 Segundo ele, a palavra liturgia vem do grego, e est\u00e1 relacionada a a\u00e7\u00e3o em favor do povo. \u201cTodos os envolvidos nessa obra vivem uma liturgia. Toda liturgia \u00e9 uma a\u00e7\u00e3o. Que possamos fazer da nossa vida uma liturgia, uma a\u00e7\u00e3o nesse espa\u00e7o que j\u00e1 completa 416 anos de hist\u00f3ria\u201d.\u00a0<\/span><\/p>\n<p><span style=\"font-weight: 400;\">De acordo com o frade, o custo da obra \u00e9 de 2 milh\u00f5es de reais, sendo a\u00a0 Prov\u00edncia Franciscana da Imaculada Concei\u00e7\u00e3o do Brasil a financiadora principal, com recursos advindos de sua miss\u00e3o evangelizadora, da colabora\u00e7\u00e3o das fraternidades que a comp\u00f5em e da doa\u00e7\u00e3o de benfeitores. Os trabalhos ser\u00e3o assumidos pelas empresas contratadas e profissionais volunt\u00e1rios que assumiram essa miss\u00e3o movidos pela devo\u00e7\u00e3o ao Santo e pelo reconhecimento do valor hist\u00f3rico e religioso do Convento.<\/span><\/p>\n<p><img loading=\"lazy\" class=\"size-medium wp-image-246543 alignright\" src=\"https:\/\/franciscanos.org.br\/noticias\/wp-content\/uploads\/2024\/02\/acao-de-gracas-st-antonio-1-450x338.jpg\" alt=\"\" width=\"450\" height=\"338\" \/><\/p>\n<p><span style=\"font-weight: 400;\">Em atividade no estado de Minas Gerais,\u00a0 o Vig\u00e1rio Provincial, Frei Gustavo Medella, salientou a miss\u00e3o evangelizadora. \u201cA acolhida sempre foi marca importante da hist\u00f3ria do Convento Santo Ant\u00f4nio. Esta\u00a0 obra de acessibilidade \u00e9 um passo importante na dire\u00e7\u00e3o de reafirmar o compromisso de nossa Fraternidade em manter a tradi\u00e7\u00e3o de que o Convento se apresente cada vez mais pr\u00f3ximo do povo\u201d.<\/span><\/p>\n<p><span style=\"font-weight: 400;\">A Missa de A\u00e7\u00e3o de Gra\u00e7as foi encerrada com a b\u00ean\u00e7\u00e3o dos p\u00e3es de Santo Ant\u00f4nio\u00a0 e das ferramentas e projetos que ser\u00e3o utilizados durante as obras no Convento. Em nome do Ministro Provincial da Imaculada Concei\u00e7\u00e3o\u00a0 do Brasil, Frei Paulo Roberto, o presidente da celebra\u00e7\u00e3o, Frei Robson, agradeceu a\u00a0 fraternidade pelo empenho nas a\u00e7\u00f5es de melhoria do Convento Santo Ant\u00f4nio. \u201cFraternidade \u00e9 um sinal de esperan\u00e7a, que revela a import\u00e2ncia da presen\u00e7a franciscana nesses espa\u00e7os sagrados\u201d, concluiu.<\/span><\/p>\n<p><span style=\"font-weight: 400;\">O prazo para conclus\u00e3o da obra \u00e9 de aproximadamente seis meses, sendo a previs\u00e3o de entrega at\u00e9 o final de agosto ou in\u00edcio de setembro deste ano. Durante os trabalhos de revitaliza\u00e7\u00e3o as atividades do Convento ser\u00e3o mantidas, tendo como \u00fanico desafio neste per\u00edodo a interrup\u00e7\u00e3o do acesso pelos elevadores.<\/span><\/p>\n<p><span style=\"font-weight: 400;\">As\u00a0 doa\u00e7\u00f5es para o Convento podem ser feitas via PIX, com a chave 62.340.203\/0003-46 (CNPJ), em nome da Prov\u00edncia Franciscana da Imaculada Concei\u00e7\u00e3o do Brasil.\u00a0<\/span><\/p>\n<hr \/>\n<p><em>Adriana Rabelo<\/em><\/p>\n","protected":false},"excerpt":{"rendered":"<p>Convento Santo Ant\u00f4nio<\/p>\n","protected":false},"author":11,"featured_media":189045,"comment_status":"open","ping_status":"open","sticky":false,"template":"","format":"standard","meta":[],"categories":[105],"tags":[357],"yoast_head":"<!-- This site is optimized with the Yoast SEO plugin v19.4 - https:\/\/yoast.com\/wordpress\/plugins\/seo\/ -->\n<title>Missa de A\u00e7\u00e3o de Gra\u00e7as marca in\u00edcio das obras do Convento Santo Ant\u00f4nio - Convento Santo Ant\u00f4nio- Franciscanos<\/title>\n<meta name=\"description\" content=\"Convento Santo Ant\u00f4nio Convento Santo Ant\u00f4nio- Franciscanos\" \/>\n<meta name=\"robots\" content=\"index, follow, max-snippet:-1, max-image-preview:large, max-video-preview:-1\" \/>\n<link rel=\"canonical\" href=\"https:\/\/franciscanos.org.br\/conventosantoantonio\/convento-santo-antonio\/\" \/>\n<meta property=\"og:locale\" content=\"pt_BR\" \/>\n<meta property=\"og:type\" content=\"article\" \/>\n<meta property=\"og:title\" content=\"Missa de A\u00e7\u00e3o de Gra\u00e7as marca in\u00edcio das obras do Convento Santo Ant\u00f4nio - Convento Santo Ant\u00f4nio- Franciscanos\" \/>\n<meta property=\"og:description\" content=\"Convento Santo Ant\u00f4nio Convento Santo Ant\u00f4nio- Franciscanos\" \/>\n<meta property=\"og:url\" content=\"https:\/\/franciscanos.org.br\/conventosantoantonio\/convento-santo-antonio\/\" \/>\n<meta property=\"og:site_name\" content=\"Convento Santo Ant\u00f4nio- Franciscanos\" \/>\n<meta property=\"article:published_time\" content=\"2024-02-28T13:26:14+00:00\" \/>\n<meta property=\"article:modified_time\" content=\"2024-05-28T18:31:33+00:00\" \/>\n<meta property=\"og:image\" content=\"https:\/\/franciscanos.org.br\/conventosantoantonio\/wp-content\/uploads\/2024\/02\/acao-de-gracas-st-antonio-5.jpg\" \/>\n\t<meta property=\"og:image:width\" content=\"1600\" \/>\n\t<meta property=\"og:image:height\" content=\"1200\" \/>\n\t<meta property=\"og:image:type\" content=\"image\/jpeg\" \/>\n<meta name=\"author\" content=\"Jo\u00e3o Vitor\" \/>\n<meta name=\"twitter:card\" content=\"summary_large_image\" \/>\n<meta name=\"twitter:label1\" content=\"Escrito por\" \/>\n\t<meta name=\"twitter:data1\" content=\"Jo\u00e3o Vitor\" \/>\n\t<meta name=\"twitter:label2\" content=\"Est. tempo de leitura\" \/>\n\t<meta name=\"twitter:data2\" content=\"6 minutos\" \/>\n<script type=\"application\/ld+json\" class=\"yoast-schema-graph\">{\"@context\":\"https:\/\/schema.org\",\"@graph\":[{\"@type\":\"WebSite\",\"@id\":\"https:\/\/franciscanos.org.br\/conventosantoantonio\/#website\",\"url\":\"https:\/\/franciscanos.org.br\/conventosantoantonio\/\",\"name\":\"Convento Santo Ant\u00f4nio- Franciscanos\",\"description\":\"Prov\u00edncia Franciscana da Imaculada Concei\u00e7\u00e3o do Brasil - Ordem dos Frades Menores\",\"potentialAction\":[{\"@type\":\"SearchAction\",\"target\":{\"@type\":\"EntryPoint\",\"urlTemplate\":\"https:\/\/franciscanos.org.br\/conventosantoantonio\/?s={search_term_string}\"},\"query-input\":\"required name=search_term_string\"}],\"inLanguage\":\"pt-BR\"},{\"@type\":\"WebPage\",\"@id\":\"https:\/\/franciscanos.org.br\/conventosantoantonio\/convento-santo-antonio\/\",\"url\":\"https:\/\/franciscanos.org.br\/conventosantoantonio\/convento-santo-antonio\/\",\"name\":\"Missa de A\u00e7\u00e3o de Gra\u00e7as marca in\u00edcio das obras do Convento Santo Ant\u00f4nio - Convento Santo Ant\u00f4nio- Franciscanos\",\"isPartOf\":{\"@id\":\"https:\/\/franciscanos.org.br\/conventosantoantonio\/#website\"},\"datePublished\":\"2024-02-28T13:26:14+00:00\",\"dateModified\":\"2024-05-28T18:31:33+00:00\",\"author\":{\"@id\":\"https:\/\/franciscanos.org.br\/conventosantoantonio\/#\/schema\/person\/4856196eadc38925e0011d1c6241b8bf\"},\"description\":\"Convento Santo Ant\u00f4nio Convento Santo Ant\u00f4nio- Franciscanos\",\"breadcrumb\":{\"@id\":\"https:\/\/franciscanos.org.br\/conventosantoantonio\/convento-santo-antonio\/#breadcrumb\"},\"inLanguage\":\"pt-BR\",\"potentialAction\":[{\"@type\":\"ReadAction\",\"target\":[\"https:\/\/franciscanos.org.br\/conventosantoantonio\/convento-santo-antonio\/\"]}]},{\"@type\":\"BreadcrumbList\",\"@id\":\"https:\/\/franciscanos.org.br\/conventosantoantonio\/convento-santo-antonio\/#breadcrumb\",\"itemListElement\":[{\"@type\":\"ListItem\",\"position\":1,\"name\":\"Home\",\"item\":\"https:\/\/franciscanos.org.br\/conventosantoantonio\/\"},{\"@type\":\"ListItem\",\"position\":2,\"name\":\"Missa de A\u00e7\u00e3o de Gra\u00e7as marca in\u00edcio das obras do Convento Santo Ant\u00f4nio\"}]},{\"@type\":\"Person\",\"@id\":\"https:\/\/franciscanos.org.br\/conventosantoantonio\/#\/schema\/person\/4856196eadc38925e0011d1c6241b8bf\",\"name\":\"Jo\u00e3o Vitor\",\"image\":{\"@type\":\"ImageObject\",\"inLanguage\":\"pt-BR\",\"@id\":\"https:\/\/franciscanos.org.br\/conventosantoantonio\/#\/schema\/person\/image\/\",\"url\":\"https:\/\/secure.gravatar.com\/avatar\/10ba5c9713e0c323617b4309a19e3a46?s=96&d=mm&r=g\",\"contentUrl\":\"https:\/\/secure.gravatar.com\/avatar\/10ba5c9713e0c323617b4309a19e3a46?s=96&d=mm&r=g\",\"caption\":\"Jo\u00e3o Vitor\"},\"url\":\"https:\/\/franciscanos.org.br\/conventosantoantonio\/author\/joaovitor\/\"}]}<\/script>\n<!-- \/ Yoast SEO plugin. -->","yoast_head_json":{"title":"Missa de A\u00e7\u00e3o de Gra\u00e7as marca in\u00edcio das obras do Convento Santo Ant\u00f4nio - Convento Santo Ant\u00f4nio- Franciscanos","description":"Convento Santo Ant\u00f4nio Convento Santo Ant\u00f4nio- Franciscanos","robots":{"index":"index","follow":"follow","max-snippet":"max-snippet:-1","max-image-preview":"max-image-preview:large","max-video-preview":"max-video-preview:-1"},"canonical":"https:\/\/franciscanos.org.br\/conventosantoantonio\/convento-santo-antonio\/","og_locale":"pt_BR","og_type":"article","og_title":"Missa de A\u00e7\u00e3o de Gra\u00e7as marca in\u00edcio das obras do Convento Santo Ant\u00f4nio - Convento Santo Ant\u00f4nio- Franciscanos","og_description":"Convento Santo Ant\u00f4nio Convento Santo Ant\u00f4nio- Franciscanos","og_url":"https:\/\/franciscanos.org.br\/conventosantoantonio\/convento-santo-antonio\/","og_site_name":"Convento Santo Ant\u00f4nio- Franciscanos","article_published_time":"2024-02-28T13:26:14+00:00","article_modified_time":"2024-05-28T18:31:33+00:00","og_image":[{"width":1600,"height":1200,"url":"https:\/\/franciscanos.org.br\/conventosantoantonio\/wp-content\/uploads\/2024\/02\/acao-de-gracas-st-antonio-5.jpg","type":"image\/jpeg"}],"author":"Jo\u00e3o Vitor","twitter_card":"summary_large_image","twitter_misc":{"Escrito por":"Jo\u00e3o Vitor","Est. tempo de leitura":"6 minutos"},"schema":{"@context":"https:\/\/schema.org","@graph":[{"@type":"WebSite","@id":"https:\/\/franciscanos.org.br\/conventosantoantonio\/#website","url":"https:\/\/franciscanos.org.br\/conventosantoantonio\/","name":"Convento Santo Ant\u00f4nio- Franciscanos","description":"Prov\u00edncia Franciscana da Imaculada Concei\u00e7\u00e3o do Brasil - Ordem dos Frades Menores","potentialAction":[{"@type":"SearchAction","target":{"@type":"EntryPoint","urlTemplate":"https:\/\/franciscanos.org.br\/conventosantoantonio\/?s={search_term_string}"},"query-input":"required name=search_term_string"}],"inLanguage":"pt-BR"},{"@type":"WebPage","@id":"https:\/\/franciscanos.org.br\/conventosantoantonio\/convento-santo-antonio\/","url":"https:\/\/franciscanos.org.br\/conventosantoantonio\/convento-santo-antonio\/","name":"Missa de A\u00e7\u00e3o de Gra\u00e7as marca in\u00edcio das obras do Convento Santo Ant\u00f4nio - Convento Santo Ant\u00f4nio- Franciscanos","isPartOf":{"@id":"https:\/\/franciscanos.org.br\/conventosantoantonio\/#website"},"datePublished":"2024-02-28T13:26:14+00:00","dateModified":"2024-05-28T18:31:33+00:00","author":{"@id":"https:\/\/franciscanos.org.br\/conventosantoantonio\/#\/schema\/person\/4856196eadc38925e0011d1c6241b8bf"},"description":"Convento Santo Ant\u00f4nio Convento Santo Ant\u00f4nio- Franciscanos","breadcrumb":{"@id":"https:\/\/franciscanos.org.br\/conventosantoantonio\/convento-santo-antonio\/#breadcrumb"},"inLanguage":"pt-BR","potentialAction":[{"@type":"ReadAction","target":["https:\/\/franciscanos.org.br\/conventosantoantonio\/convento-santo-antonio\/"]}]},{"@type":"BreadcrumbList","@id":"https:\/\/franciscanos.org.br\/conventosantoantonio\/convento-santo-antonio\/#breadcrumb","itemListElement":[{"@type":"ListItem","position":1,"name":"Home","item":"https:\/\/franciscanos.org.br\/conventosantoantonio\/"},{"@type":"ListItem","position":2,"name":"Missa de A\u00e7\u00e3o de Gra\u00e7as marca in\u00edcio das obras do Convento Santo Ant\u00f4nio"}]},{"@type":"Person","@id":"https:\/\/franciscanos.org.br\/conventosantoantonio\/#\/schema\/person\/4856196eadc38925e0011d1c6241b8bf","name":"Jo\u00e3o Vitor","image":{"@type":"ImageObject","inLanguage":"pt-BR","@id":"https:\/\/franciscanos.org.br\/conventosantoantonio\/#\/schema\/person\/image\/","url":"https:\/\/secure.gravatar.com\/avatar\/10ba5c9713e0c323617b4309a19e3a46?s=96&d=mm&r=g","contentUrl":"https:\/\/secure.gravatar.com\/avatar\/10ba5c9713e0c323617b4309a19e3a46?s=96&d=mm&r=g","caption":"Jo\u00e3o Vitor"},"url":"https:\/\/franciscanos.org.br\/conventosantoantonio\/author\/joaovitor\/"}]}},"_links":{"self":[{"href":"https:\/\/franciscanos.org.br\/conventosantoantonio\/wp-json\/wp\/v2\/posts\/189044"}],"collection":[{"href":"https:\/\/franciscanos.org.br\/conventosantoantonio\/wp-json\/wp\/v2\/posts"}],"about":[{"href":"https:\/\/franciscanos.org.br\/conventosantoantonio\/wp-json\/wp\/v2\/types\/post"}],"author":[{"embeddable":true,"href":"https:\/\/franciscanos.org.br\/conventosantoantonio\/wp-json\/wp\/v2\/users\/11"}],"replies":[{"embeddable":true,"href":"https:\/\/franciscanos.org.br\/conventosantoantonio\/wp-json\/wp\/v2\/comments?post=189044"}],"version-history":[{"count":4,"href":"https:\/\/franciscanos.org.br\/conventosantoantonio\/wp-json\/wp\/v2\/posts\/189044\/revisions"}],"predecessor-version":[{"id":189072,"href":"https:\/\/franciscanos.org.br\/conventosantoantonio\/wp-json\/wp\/v2\/posts\/189044\/revisions\/189072"}],"wp:featuredmedia":[{"embeddable":true,"href":"https:\/\/franciscanos.org.br\/conventosantoantonio\/wp-json\/wp\/v2\/media\/189045"}],"wp:attachment":[{"href":"https:\/\/franciscanos.org.br\/conventosantoantonio\/wp-json\/wp\/v2\/media?parent=189044"}],"wp:term":[{"taxonomy":"category","embeddable":true,"href":"https:\/\/franciscanos.org.br\/conventosantoantonio\/wp-json\/wp\/v2\/categories?post=189044"},{"taxonomy":"post_tag","embeddable":true,"href":"https:\/\/franciscanos.org.br\/conventosantoantonio\/wp-json\/wp\/v2\/tags?post=189044"}],"curies":[{"name":"wp","href":"https:\/\/api.w.org\/{rel}","templated":true}]}}