{"id":189012,"date":"2024-02-16T00:45:01","date_gmt":"2024-02-16T03:45:01","guid":{"rendered":"https:\/\/franciscanos.org.br\/conventosantoantonio\/?p=189012"},"modified":"2024-02-16T08:22:51","modified_gmt":"2024-02-16T11:22:51","slug":"santo-antonio-sempre-proximo-agora-mais-acessivel","status":"publish","type":"post","link":"https:\/\/franciscanos.org.br\/conventosantoantonio\/santo-antonio-sempre-proximo-agora-mais-acessivel\/","title":{"rendered":"Santo Ant\u00f4nio: sempre pr\u00f3ximo, agora mais acess\u00edvel"},"content":{"rendered":"<p><img loading=\"lazy\" src=\"https:\/\/franciscanos.org.br\/conventosantoantonio\/wp-content\/uploads\/2024\/02\/convento_1402.jpg\" alt=\"\" width=\"1280\" height=\"720\" \/><\/p>\n<h2 style=\"text-align: center;\"><em>Obras de acessibilidade come\u00e7am no dia 27 de fevereiro, com instala\u00e7\u00e3o de novos elevadores e acesso dos fi\u00e9is sem degraus at\u00e9 a porta da Igreja<\/em><\/h2>\n<p>O Convento Santo Ant\u00f4nio do Largo da Carioca, que recebe anualmente milhares de devotos, vai se tornar ainda mais acess\u00edvel para fi\u00e9is e visitantes que desejem conhecer um dos mais importantes complexos arquitet\u00f4nicos, culturais e religiosos da Hist\u00f3ria do Brasil. Inicia-se, no pr\u00f3ximo dia 27 de fevereiro, a obra de moderniza\u00e7\u00e3o do acesso ao Convento, incluindo a troca e a remodela\u00e7\u00e3o dos elevadores, a revitaliza\u00e7\u00e3o do t\u00fanel de acesso e outras adapta\u00e7\u00f5es que v\u00e3o conferir mais acessibilidade ao conjunto arquitet\u00f4nico. Dos elevadores atuais, instalados ao final da d\u00e9cada de 1980, somente um est\u00e1 em funcionamento e oferece acesso apenas ao plano do primeiro p\u00e1tio, exigindo do visitante a subida de dois lances de escadas (18 degraus) para chegar \u00e0 igreja e ao claustro. Com a mudan\u00e7a, al\u00e9m de passarem a funcionar os dois elevadores, um deles deixar\u00e1 os visitantes no mesmo plano de igreja e da entrada. O tempo do trajeto tamb\u00e9m ser\u00e1 menor, pois o novo maquin\u00e1rio, al\u00e9m de mais moderno, tem deslocamento mais veloz.<\/p>\n<p><img loading=\"lazy\" class=\"alignleft size-medium wp-image-189014\" src=\"https:\/\/franciscanos.org.br\/conventosantoantonio\/wp-content\/uploads\/2024\/02\/convento_1402_2-450x365.jpg\" alt=\"\" width=\"450\" height=\"365\" srcset=\"https:\/\/franciscanos.org.br\/conventosantoantonio\/wp-content\/uploads\/2024\/02\/convento_1402_2-450x365.jpg 450w, https:\/\/franciscanos.org.br\/conventosantoantonio\/wp-content\/uploads\/2024\/02\/convento_1402_2-150x122.jpg 150w, https:\/\/franciscanos.org.br\/conventosantoantonio\/wp-content\/uploads\/2024\/02\/convento_1402_2.jpg 539w\" sizes=\"(max-width: 450px) 100vw, 450px\" \/><\/p>\n<p>Para marcar o in\u00edcio das obras, ser\u00e1 celebrada uma missa especial, na ter\u00e7a-feira, dia 27 de fevereiro, \u00e0s 10h, com a b\u00ean\u00e7\u00e3o e o envio da equipe dos trabalhadores respons\u00e1veis pela interven\u00e7\u00e3o. Para o Guardi\u00e3o do Convento, Frei Walter Ferreira Junior, come\u00e7ar os trabalhos com a celebra\u00e7\u00e3o da missa tem um significado especial: \u201cQueremos recordar que Deus \u00e9 o grande inspirador de toda boa obra e que, aqui no Convento, damos in\u00edcio a esta desafiante empreitada com as b\u00ean\u00e7\u00e3os dos c\u00e9us e a intercess\u00e3o de Santo Ant\u00f4nio. Todos est\u00e3o convidados a rezar conosco\u201d, declarou.<\/p>\n<p><strong>Mesmo com a obra, Convento segue em atividade normal<\/strong><\/p>\n<p>O prazo de conclus\u00e3o para obra pode durar at\u00e9 seis meses, sendo a previs\u00e3o de entrega at\u00e9 o final de agosto ou in\u00edcio de setembro deste ano. O Guardi\u00e3o, Frei Walter, comemora o in\u00edcio dos trabalhos e garante que o Convento seguir\u00e1 com suas atividades normais, tendo como \u00fanico desafio neste per\u00edodo a interrup\u00e7\u00e3o do acesso pelos elevadores. \u201cNossa miss\u00e3o continuar\u00e1 normalmente, com os hor\u00e1rios de missa, atendimento de confiss\u00e3o, possibilidade de acesso a turistas e devotos, a distribui\u00e7\u00e3o dos p\u00e3es e a b\u00ean\u00e7\u00e3o de Santo Ant\u00f4nio \u00e0s ter\u00e7as-feiras, produ\u00e7\u00e3o e venda dos p\u00e3es fabricados em nossa padaria. Celebraremos normalmente a Quaresma, a Semana Santa, assim como a Trezena e a Festa de Santo Ant\u00f4nio\u201d, destaca.<\/p>\n<div id=\"attachment_189016\" style=\"width: 1290px\" class=\"wp-caption alignleft\"><img aria-describedby=\"caption-attachment-189016\" loading=\"lazy\" class=\"wp-image-189016 size-full\" src=\"https:\/\/franciscanos.org.br\/conventosantoantonio\/wp-content\/uploads\/2024\/02\/convento_1402_5.jpg\" alt=\"\" width=\"1280\" height=\"960\" srcset=\"https:\/\/franciscanos.org.br\/conventosantoantonio\/wp-content\/uploads\/2024\/02\/convento_1402_5.jpg 1280w, https:\/\/franciscanos.org.br\/conventosantoantonio\/wp-content\/uploads\/2024\/02\/convento_1402_5-450x338.jpg 450w, https:\/\/franciscanos.org.br\/conventosantoantonio\/wp-content\/uploads\/2024\/02\/convento_1402_5-1024x768.jpg 1024w, https:\/\/franciscanos.org.br\/conventosantoantonio\/wp-content\/uploads\/2024\/02\/convento_1402_5-768x576.jpg 768w, https:\/\/franciscanos.org.br\/conventosantoantonio\/wp-content\/uploads\/2024\/02\/convento_1402_5-150x113.jpg 150w\" sizes=\"(max-width: 1280px) 100vw, 1280px\" \/><p id=\"caption-attachment-189016\" class=\"wp-caption-text\"><em>A escadaria junto ao muro frontal do Convento, \u00e0 esquerda do acesso ao t\u00fanel<\/em><\/p><\/div>\n<p>&nbsp;<\/p>\n<p>Para facilitar o acesso, placas e cartazes de sinaliza\u00e7\u00e3o ser\u00e3o distribu\u00eddos pelo Largo da Carioca, com setas indicativas para os acessos, que ser\u00e3o basicamente dois: 1) A rampa junto \u00e0 sa\u00edda C da Esta\u00e7\u00e3o do Metr\u00f4 Carioca, que depois d\u00e1 acesso \u00e0s escadas; 2) A escadaria junto ao muro frontal do Convento, \u00e0 esquerda do acesso ao t\u00fanel. \u201c\u00c9 muito importante que as pessoas saibam que o Convento segue aberto e funcionando e que, terminada esta obra, ficar\u00e1 ainda mais f\u00e1cil para todos terem acesso a este \u2018O\u00e1sis\u2019 de Paz que temos aqui no Centro da cidade\u201d, explica Frei Walter, adiantando que, com a obra, tamb\u00e9m o t\u00fanel de acesso ser\u00e1 revitalizado, tornando-se um espa\u00e7o destinado \u00e0 cultura e \u00e0 informa\u00e7\u00e3o, com material ilustrativo sobre a Hist\u00f3ria do Convento nas paredes do corredor e tamb\u00e9m com a proposta de ser uma galeria para a exposi\u00e7\u00e3o de obras de artistas populares.<\/p>\n<div id=\"attachment_189027\" style=\"width: 268px\" class=\"wp-caption alignleft\"><img aria-describedby=\"caption-attachment-189027\" loading=\"lazy\" class=\"wp-image-189027\" src=\"https:\/\/franciscanos.org.br\/conventosantoantonio\/wp-content\/uploads\/2024\/02\/convento_01-337x450.jpg\" alt=\"\" width=\"258\" height=\"345\" srcset=\"https:\/\/franciscanos.org.br\/conventosantoantonio\/wp-content\/uploads\/2024\/02\/convento_01-337x450.jpg 337w, https:\/\/franciscanos.org.br\/conventosantoantonio\/wp-content\/uploads\/2024\/02\/convento_01-150x200.jpg 150w, https:\/\/franciscanos.org.br\/conventosantoantonio\/wp-content\/uploads\/2024\/02\/convento_01.jpg 500w\" sizes=\"(max-width: 258px) 100vw, 258px\" \/><p id=\"caption-attachment-189027\" class=\"wp-caption-text\"><em>Rampa junto \u00e0 sa\u00edda C<\/em><\/p><\/div>\n<p><strong>Obra ficar\u00e1 em R$2 milh\u00f5es e conta com o apoio de benfeitores, profissionais volunt\u00e1rios e devotos<\/strong><\/p>\n<p>Apesar de ter in\u00edcio nos pr\u00f3ximos dias, a idealiza\u00e7\u00e3o e todo processo desta interven\u00e7\u00e3o vem se desenvolvendo h\u00e1 cerca de 10 anos, por conta de todos os tr\u00e2mites, licen\u00e7as, estudos e pareceres de diferentes \u00f3rg\u00e3os municipais, estaduais e federais que zelam pela preserva\u00e7\u00e3o do Convento, bem p\u00fablico tombado pela riqueza de sua hist\u00f3ria que, em 2024, alcan\u00e7a a marca dos 416 anos. A financiadora principal \u00e9 a Prov\u00edncia Franciscana da Imaculada Concei\u00e7\u00e3o do Brasil, com recursos advindos de sua miss\u00e3o evangelizadora, da colabora\u00e7\u00e3o das fraternidades que a comp\u00f5em e da doa\u00e7\u00e3o de benfeitores. A empreitada ser\u00e1 assumida por empresas contratadas e tamb\u00e9m conta com a colabora\u00e7\u00e3o de\u00a0profissionais volunt\u00e1rios que t\u00eam\u00a0doado seus pr\u00e9stimos de maneira gratuita, movidos\u00a0pela devo\u00e7\u00e3o ao Santo e pelo reconhecimento do valor hist\u00f3rico e religioso do Convento.<\/p>\n<p>Al\u00e9m de todas estas for\u00e7as envolvidas, Frei Walter ressalta que a doa\u00e7\u00e3o e a partilha dos fi\u00e9is devotos e de todo o Povo de Deus seguem fundamentais para o bom \u00eaxito do projeto. Al\u00e9m de manifestar carinho e gratid\u00e3o pelos doadores conhecidos e an\u00f4nimos, o Guardi\u00e3o recorda que a participa\u00e7\u00e3o de todos \u00e9 imprescind\u00edvel para que a obra aconte\u00e7a. \u201cN\u00e3o importa quanto a pessoa possa doar. Desde o grande empres\u00e1rio ao devoto mais simples, toda oferta \u00e9 aben\u00e7oada e bem-vinda, pois assim poderemos atualizar a generosidade de Santo Ant\u00f4nio, que multiplicou o p\u00e3o para os pobres. Aqui, vamos multiplicar o acesso mais f\u00e1cil a todos que v\u00eam a este lugar sagrado em busca de b\u00ean\u00e7\u00e3o, orienta\u00e7\u00e3o e alento para suas vidas\u201d, explica.<\/p>\n<p><img loading=\"lazy\" class=\"alignleft wp-image-189017 size-full\" src=\"https:\/\/franciscanos.org.br\/conventosantoantonio\/wp-content\/uploads\/2024\/02\/convento_1402_6.jpg\" alt=\"\" width=\"1280\" height=\"960\" srcset=\"https:\/\/franciscanos.org.br\/conventosantoantonio\/wp-content\/uploads\/2024\/02\/convento_1402_6.jpg 1280w, https:\/\/franciscanos.org.br\/conventosantoantonio\/wp-content\/uploads\/2024\/02\/convento_1402_6-450x338.jpg 450w, https:\/\/franciscanos.org.br\/conventosantoantonio\/wp-content\/uploads\/2024\/02\/convento_1402_6-1024x768.jpg 1024w, https:\/\/franciscanos.org.br\/conventosantoantonio\/wp-content\/uploads\/2024\/02\/convento_1402_6-768x576.jpg 768w, https:\/\/franciscanos.org.br\/conventosantoantonio\/wp-content\/uploads\/2024\/02\/convento_1402_6-150x113.jpg 150w\" sizes=\"(max-width: 1280px) 100vw, 1280px\" \/><\/p>\n<p>Quem quiser ajudar o Convento, pode faz\u00ea-lo via PIX, com a chave 62.340.203\/0003-46 (CNPJ), em nome da Prov\u00edncia Franciscana da Imaculada Concei\u00e7\u00e3o do Brasil. \u201cTemos muitos sonhos para nosso Convento Santo Ant\u00f4nio e temos a alegria de sonh\u00e1-los juntos com muitos parceiros, amigos, devotos e benfeitores. Um monumento desta grandeza merece todo nosso carinho e aten\u00e7\u00e3o\u201d, conclui Frei Walter.<\/p>\n<hr \/>\n<p><em>Frei Gustavo Medella<\/em><\/p>\n<p><img loading=\"lazy\" class=\"alignleft wp-image-189035 size-full\" src=\"https:\/\/franciscanos.org.br\/conventosantoantonio\/wp-content\/uploads\/2024\/02\/convite.jpg\" alt=\"\" width=\"1080\" height=\"1350\" srcset=\"https:\/\/franciscanos.org.br\/conventosantoantonio\/wp-content\/uploads\/2024\/02\/convite.jpg 1080w, https:\/\/franciscanos.org.br\/conventosantoantonio\/wp-content\/uploads\/2024\/02\/convite-360x450.jpg 360w, https:\/\/franciscanos.org.br\/conventosantoantonio\/wp-content\/uploads\/2024\/02\/convite-819x1024.jpg 819w, https:\/\/franciscanos.org.br\/conventosantoantonio\/wp-content\/uploads\/2024\/02\/convite-768x960.jpg 768w, https:\/\/franciscanos.org.br\/conventosantoantonio\/wp-content\/uploads\/2024\/02\/convite-150x188.jpg 150w\" sizes=\"(max-width: 1080px) 100vw, 1080px\" \/><\/p>\n","protected":false},"excerpt":{"rendered":"<p>Convento Santo Ant\u00f4nio<\/p>\n","protected":false},"author":3,"featured_media":189013,"comment_status":"open","ping_status":"open","sticky":false,"template":"","format":"standard","meta":[],"categories":[105],"tags":[357],"yoast_head":"<!-- This site is optimized with the Yoast SEO plugin v19.4 - https:\/\/yoast.com\/wordpress\/plugins\/seo\/ -->\n<title>Santo Ant\u00f4nio: sempre pr\u00f3ximo, agora mais acess\u00edvel - Convento Santo Ant\u00f4nio- Franciscanos<\/title>\n<meta name=\"robots\" content=\"index, follow, max-snippet:-1, max-image-preview:large, max-video-preview:-1\" \/>\n<link rel=\"canonical\" href=\"https:\/\/franciscanos.org.br\/conventosantoantonio\/santo-antonio-sempre-proximo-agora-mais-acessivel\/\" \/>\n<meta property=\"og:locale\" content=\"pt_BR\" \/>\n<meta property=\"og:type\" content=\"article\" \/>\n<meta property=\"og:title\" content=\"Santo Ant\u00f4nio: sempre pr\u00f3ximo, agora mais acess\u00edvel - Convento Santo Ant\u00f4nio- Franciscanos\" \/>\n<meta property=\"og:description\" content=\"Convento Santo Ant\u00f4nio\" \/>\n<meta property=\"og:url\" content=\"https:\/\/franciscanos.org.br\/conventosantoantonio\/santo-antonio-sempre-proximo-agora-mais-acessivel\/\" \/>\n<meta property=\"og:site_name\" content=\"Convento Santo Ant\u00f4nio- Franciscanos\" \/>\n<meta property=\"article:published_time\" content=\"2024-02-16T03:45:01+00:00\" \/>\n<meta property=\"article:modified_time\" content=\"2024-02-16T11:22:51+00:00\" \/>\n<meta property=\"og:image\" content=\"https:\/\/franciscanos.org.br\/conventosantoantonio\/wp-content\/uploads\/2024\/02\/convento_1402.jpg\" \/>\n\t<meta property=\"og:image:width\" content=\"1280\" \/>\n\t<meta property=\"og:image:height\" content=\"720\" \/>\n\t<meta property=\"og:image:type\" content=\"image\/jpeg\" \/>\n<meta name=\"author\" content=\"moacir\" \/>\n<meta name=\"twitter:card\" content=\"summary_large_image\" \/>\n<meta name=\"twitter:label1\" content=\"Escrito por\" \/>\n\t<meta name=\"twitter:data1\" content=\"moacir\" \/>\n\t<meta name=\"twitter:label2\" content=\"Est. tempo de leitura\" \/>\n\t<meta name=\"twitter:data2\" content=\"7 minutos\" \/>\n<script type=\"application\/ld+json\" class=\"yoast-schema-graph\">{\"@context\":\"https:\/\/schema.org\",\"@graph\":[{\"@type\":\"WebSite\",\"@id\":\"https:\/\/franciscanos.org.br\/conventosantoantonio\/#website\",\"url\":\"https:\/\/franciscanos.org.br\/conventosantoantonio\/\",\"name\":\"Convento Santo Ant\u00f4nio- Franciscanos\",\"description\":\"Prov\u00edncia Franciscana da Imaculada Concei\u00e7\u00e3o do Brasil - Ordem dos Frades Menores\",\"potentialAction\":[{\"@type\":\"SearchAction\",\"target\":{\"@type\":\"EntryPoint\",\"urlTemplate\":\"https:\/\/franciscanos.org.br\/conventosantoantonio\/?s={search_term_string}\"},\"query-input\":\"required name=search_term_string\"}],\"inLanguage\":\"pt-BR\"},{\"@type\":\"WebPage\",\"@id\":\"https:\/\/franciscanos.org.br\/conventosantoantonio\/santo-antonio-sempre-proximo-agora-mais-acessivel\/\",\"url\":\"https:\/\/franciscanos.org.br\/conventosantoantonio\/santo-antonio-sempre-proximo-agora-mais-acessivel\/\",\"name\":\"Santo Ant\u00f4nio: sempre pr\u00f3ximo, agora mais acess\u00edvel - Convento Santo Ant\u00f4nio- Franciscanos\",\"isPartOf\":{\"@id\":\"https:\/\/franciscanos.org.br\/conventosantoantonio\/#website\"},\"datePublished\":\"2024-02-16T03:45:01+00:00\",\"dateModified\":\"2024-02-16T11:22:51+00:00\",\"author\":{\"@id\":\"https:\/\/franciscanos.org.br\/conventosantoantonio\/#\/schema\/person\/73421c01c49c32a7bb0a19d9b36df6ad\"},\"breadcrumb\":{\"@id\":\"https:\/\/franciscanos.org.br\/conventosantoantonio\/santo-antonio-sempre-proximo-agora-mais-acessivel\/#breadcrumb\"},\"inLanguage\":\"pt-BR\",\"potentialAction\":[{\"@type\":\"ReadAction\",\"target\":[\"https:\/\/franciscanos.org.br\/conventosantoantonio\/santo-antonio-sempre-proximo-agora-mais-acessivel\/\"]}]},{\"@type\":\"BreadcrumbList\",\"@id\":\"https:\/\/franciscanos.org.br\/conventosantoantonio\/santo-antonio-sempre-proximo-agora-mais-acessivel\/#breadcrumb\",\"itemListElement\":[{\"@type\":\"ListItem\",\"position\":1,\"name\":\"Home\",\"item\":\"https:\/\/franciscanos.org.br\/conventosantoantonio\/\"},{\"@type\":\"ListItem\",\"position\":2,\"name\":\"Santo Ant\u00f4nio: sempre pr\u00f3ximo, agora mais acess\u00edvel\"}]},{\"@type\":\"Person\",\"@id\":\"https:\/\/franciscanos.org.br\/conventosantoantonio\/#\/schema\/person\/73421c01c49c32a7bb0a19d9b36df6ad\",\"name\":\"moacir\",\"image\":{\"@type\":\"ImageObject\",\"inLanguage\":\"pt-BR\",\"@id\":\"https:\/\/franciscanos.org.br\/conventosantoantonio\/#\/schema\/person\/image\/\",\"url\":\"https:\/\/secure.gravatar.com\/avatar\/d08aa2ce4c8dd416d4479aa8536fcf64?s=96&d=mm&r=g\",\"contentUrl\":\"https:\/\/secure.gravatar.com\/avatar\/d08aa2ce4c8dd416d4479aa8536fcf64?s=96&d=mm&r=g\",\"caption\":\"moacir\"},\"url\":\"https:\/\/franciscanos.org.br\/conventosantoantonio\/author\/moacir\/\"}]}<\/script>\n<!-- \/ Yoast SEO plugin. -->","yoast_head_json":{"title":"Santo Ant\u00f4nio: sempre pr\u00f3ximo, agora mais acess\u00edvel - Convento Santo Ant\u00f4nio- Franciscanos","robots":{"index":"index","follow":"follow","max-snippet":"max-snippet:-1","max-image-preview":"max-image-preview:large","max-video-preview":"max-video-preview:-1"},"canonical":"https:\/\/franciscanos.org.br\/conventosantoantonio\/santo-antonio-sempre-proximo-agora-mais-acessivel\/","og_locale":"pt_BR","og_type":"article","og_title":"Santo Ant\u00f4nio: sempre pr\u00f3ximo, agora mais acess\u00edvel - Convento Santo Ant\u00f4nio- Franciscanos","og_description":"Convento Santo Ant\u00f4nio","og_url":"https:\/\/franciscanos.org.br\/conventosantoantonio\/santo-antonio-sempre-proximo-agora-mais-acessivel\/","og_site_name":"Convento Santo Ant\u00f4nio- Franciscanos","article_published_time":"2024-02-16T03:45:01+00:00","article_modified_time":"2024-02-16T11:22:51+00:00","og_image":[{"width":1280,"height":720,"url":"https:\/\/franciscanos.org.br\/conventosantoantonio\/wp-content\/uploads\/2024\/02\/convento_1402.jpg","type":"image\/jpeg"}],"author":"moacir","twitter_card":"summary_large_image","twitter_misc":{"Escrito por":"moacir","Est. tempo de leitura":"7 minutos"},"schema":{"@context":"https:\/\/schema.org","@graph":[{"@type":"WebSite","@id":"https:\/\/franciscanos.org.br\/conventosantoantonio\/#website","url":"https:\/\/franciscanos.org.br\/conventosantoantonio\/","name":"Convento Santo Ant\u00f4nio- Franciscanos","description":"Prov\u00edncia Franciscana da Imaculada Concei\u00e7\u00e3o do Brasil - Ordem dos Frades Menores","potentialAction":[{"@type":"SearchAction","target":{"@type":"EntryPoint","urlTemplate":"https:\/\/franciscanos.org.br\/conventosantoantonio\/?s={search_term_string}"},"query-input":"required name=search_term_string"}],"inLanguage":"pt-BR"},{"@type":"WebPage","@id":"https:\/\/franciscanos.org.br\/conventosantoantonio\/santo-antonio-sempre-proximo-agora-mais-acessivel\/","url":"https:\/\/franciscanos.org.br\/conventosantoantonio\/santo-antonio-sempre-proximo-agora-mais-acessivel\/","name":"Santo Ant\u00f4nio: sempre pr\u00f3ximo, agora mais acess\u00edvel - Convento Santo Ant\u00f4nio- Franciscanos","isPartOf":{"@id":"https:\/\/franciscanos.org.br\/conventosantoantonio\/#website"},"datePublished":"2024-02-16T03:45:01+00:00","dateModified":"2024-02-16T11:22:51+00:00","author":{"@id":"https:\/\/franciscanos.org.br\/conventosantoantonio\/#\/schema\/person\/73421c01c49c32a7bb0a19d9b36df6ad"},"breadcrumb":{"@id":"https:\/\/franciscanos.org.br\/conventosantoantonio\/santo-antonio-sempre-proximo-agora-mais-acessivel\/#breadcrumb"},"inLanguage":"pt-BR","potentialAction":[{"@type":"ReadAction","target":["https:\/\/franciscanos.org.br\/conventosantoantonio\/santo-antonio-sempre-proximo-agora-mais-acessivel\/"]}]},{"@type":"BreadcrumbList","@id":"https:\/\/franciscanos.org.br\/conventosantoantonio\/santo-antonio-sempre-proximo-agora-mais-acessivel\/#breadcrumb","itemListElement":[{"@type":"ListItem","position":1,"name":"Home","item":"https:\/\/franciscanos.org.br\/conventosantoantonio\/"},{"@type":"ListItem","position":2,"name":"Santo Ant\u00f4nio: sempre pr\u00f3ximo, agora mais acess\u00edvel"}]},{"@type":"Person","@id":"https:\/\/franciscanos.org.br\/conventosantoantonio\/#\/schema\/person\/73421c01c49c32a7bb0a19d9b36df6ad","name":"moacir","image":{"@type":"ImageObject","inLanguage":"pt-BR","@id":"https:\/\/franciscanos.org.br\/conventosantoantonio\/#\/schema\/person\/image\/","url":"https:\/\/secure.gravatar.com\/avatar\/d08aa2ce4c8dd416d4479aa8536fcf64?s=96&d=mm&r=g","contentUrl":"https:\/\/secure.gravatar.com\/avatar\/d08aa2ce4c8dd416d4479aa8536fcf64?s=96&d=mm&r=g","caption":"moacir"},"url":"https:\/\/franciscanos.org.br\/conventosantoantonio\/author\/moacir\/"}]}},"_links":{"self":[{"href":"https:\/\/franciscanos.org.br\/conventosantoantonio\/wp-json\/wp\/v2\/posts\/189012"}],"collection":[{"href":"https:\/\/franciscanos.org.br\/conventosantoantonio\/wp-json\/wp\/v2\/posts"}],"about":[{"href":"https:\/\/franciscanos.org.br\/conventosantoantonio\/wp-json\/wp\/v2\/types\/post"}],"author":[{"embeddable":true,"href":"https:\/\/franciscanos.org.br\/conventosantoantonio\/wp-json\/wp\/v2\/users\/3"}],"replies":[{"embeddable":true,"href":"https:\/\/franciscanos.org.br\/conventosantoantonio\/wp-json\/wp\/v2\/comments?post=189012"}],"version-history":[{"count":13,"href":"https:\/\/franciscanos.org.br\/conventosantoantonio\/wp-json\/wp\/v2\/posts\/189012\/revisions"}],"predecessor-version":[{"id":189036,"href":"https:\/\/franciscanos.org.br\/conventosantoantonio\/wp-json\/wp\/v2\/posts\/189012\/revisions\/189036"}],"wp:featuredmedia":[{"embeddable":true,"href":"https:\/\/franciscanos.org.br\/conventosantoantonio\/wp-json\/wp\/v2\/media\/189013"}],"wp:attachment":[{"href":"https:\/\/franciscanos.org.br\/conventosantoantonio\/wp-json\/wp\/v2\/media?parent=189012"}],"wp:term":[{"taxonomy":"category","embeddable":true,"href":"https:\/\/franciscanos.org.br\/conventosantoantonio\/wp-json\/wp\/v2\/categories?post=189012"},{"taxonomy":"post_tag","embeddable":true,"href":"https:\/\/franciscanos.org.br\/conventosantoantonio\/wp-json\/wp\/v2\/tags?post=189012"}],"curies":[{"name":"wp","href":"https:\/\/api.w.org\/{rel}","templated":true}]}}