{"id":189003,"date":"2024-02-05T11:03:36","date_gmt":"2024-02-05T14:03:36","guid":{"rendered":"https:\/\/franciscanos.org.br\/conventosantoantonio\/?p=189003"},"modified":"2024-02-05T11:03:36","modified_gmt":"2024-02-05T14:03:36","slug":"fraternidade-do-convento-envia-dois-jovens-para-o-aspirantado-da-provincia","status":"publish","type":"post","link":"https:\/\/franciscanos.org.br\/conventosantoantonio\/fraternidade-do-convento-envia-dois-jovens-para-o-aspirantado-da-provincia\/","title":{"rendered":"Fraternidade do Convento envia dois jovens para o Aspirantado da Prov\u00edncia"},"content":{"rendered":"<p><img loading=\"lazy\" class=\"alignnone wp-image-189004 size-full\" src=\"https:\/\/franciscanos.org.br\/conventosantoantonio\/wp-content\/uploads\/2024\/02\/vocacional_05.jpg\" alt=\"\" width=\"1280\" height=\"720\" srcset=\"https:\/\/franciscanos.org.br\/conventosantoantonio\/wp-content\/uploads\/2024\/02\/vocacional_05.jpg 1280w, https:\/\/franciscanos.org.br\/conventosantoantonio\/wp-content\/uploads\/2024\/02\/vocacional_05-450x253.jpg 450w, https:\/\/franciscanos.org.br\/conventosantoantonio\/wp-content\/uploads\/2024\/02\/vocacional_05-1024x576.jpg 1024w, https:\/\/franciscanos.org.br\/conventosantoantonio\/wp-content\/uploads\/2024\/02\/vocacional_05-768x432.jpg 768w, https:\/\/franciscanos.org.br\/conventosantoantonio\/wp-content\/uploads\/2024\/02\/vocacional_05-150x84.jpg 150w\" sizes=\"(max-width: 1280px) 100vw, 1280px\" \/><\/p>\n<p>A Fraternidade do Convento Santo Ant\u00f4nio-RJ tem a alegria de enviar para o Aspirantado Franciscano, processo inicial da forma\u00e7\u00e3o de um frade menor, dois jovens da cidade do Rio de Janeiro. Ap\u00f3s um tempo de prepara\u00e7\u00e3o eles seguem para a cidade de Ituporanga-SC.<\/p>\n<p>A Anima\u00e7\u00e3o Vocacional \u00e9 a primeira etapa no processo do discernimento vocacional para a Vida Religiosa franciscana. Assim, Gabriel Silva de 26 anos de Oswaldo Cruz, e Abra\u00e3o Lima de 21 anos de Guaratiba, percorreram o caminho do acompanhamento na viv\u00eancia com os frades, com estudos, reflex\u00f5es e vida de doa\u00e7\u00e3o e ora\u00e7\u00e3o. A a partir de agora ser\u00e3o acolhidos pelos frades formadores para darem continuidade ao discernimento da Voca\u00e7\u00e3o Franciscana.<br \/>\nPedimos as ora\u00e7\u00f5es pela perseveran\u00e7a desses jovens vocacionados e por mais voca\u00e7\u00f5es \u00e0 vida religiosa franciscana.<\/p>\n<p>Agradecemos a todos os benfeitores do Pro-Voca\u00e7\u00f5es e Miss\u00f5es Franciscanas pelas ora\u00e7\u00f5es e contribui\u00e7\u00f5es para a manuten\u00e7\u00e3o das nossas casas de Forma\u00e7\u00e3o.<\/p>\n<p>Deus os aben\u00e7oe e os guarde nessa vida que escolheram ao dar a Sim ao Chamado de Deus.<\/p>\n<hr \/>\n<p>\ud83d\udcf8<em> (da esq. para a dir: Abra\u00e3o, Gabriel e Frei Roger que \u00e9 o animador vocacional\u00a0do\u00a0Convento)<\/em><\/p>\n","protected":false},"excerpt":{"rendered":"<p>Vocacional<\/p>\n","protected":false},"author":3,"featured_media":189004,"comment_status":"open","ping_status":"open","sticky":false,"template":"","format":"standard","meta":[],"categories":[105],"tags":[381],"yoast_head":"<!-- This site is optimized with the Yoast SEO plugin v19.4 - https:\/\/yoast.com\/wordpress\/plugins\/seo\/ -->\n<title>Fraternidade do Convento envia dois jovens para o Aspirantado da Prov\u00edncia - Convento Santo Ant\u00f4nio- Franciscanos<\/title>\n<meta name=\"robots\" content=\"index, follow, max-snippet:-1, max-image-preview:large, max-video-preview:-1\" \/>\n<link rel=\"canonical\" href=\"https:\/\/franciscanos.org.br\/conventosantoantonio\/fraternidade-do-convento-envia-dois-jovens-para-o-aspirantado-da-provincia\/\" \/>\n<meta property=\"og:locale\" content=\"pt_BR\" \/>\n<meta property=\"og:type\" content=\"article\" \/>\n<meta property=\"og:title\" content=\"Fraternidade do Convento envia dois jovens para o Aspirantado da Prov\u00edncia - Convento Santo Ant\u00f4nio- Franciscanos\" \/>\n<meta property=\"og:description\" content=\"Vocacional\" \/>\n<meta property=\"og:url\" content=\"https:\/\/franciscanos.org.br\/conventosantoantonio\/fraternidade-do-convento-envia-dois-jovens-para-o-aspirantado-da-provincia\/\" \/>\n<meta property=\"og:site_name\" content=\"Convento Santo Ant\u00f4nio- Franciscanos\" \/>\n<meta property=\"article:published_time\" content=\"2024-02-05T14:03:36+00:00\" \/>\n<meta property=\"og:image\" content=\"https:\/\/franciscanos.org.br\/conventosantoantonio\/wp-content\/uploads\/2024\/02\/vocacional_05.jpg\" \/>\n\t<meta property=\"og:image:width\" content=\"1280\" \/>\n\t<meta property=\"og:image:height\" content=\"720\" \/>\n\t<meta property=\"og:image:type\" content=\"image\/jpeg\" \/>\n<meta name=\"author\" content=\"moacir\" \/>\n<meta name=\"twitter:card\" content=\"summary_large_image\" \/>\n<meta name=\"twitter:label1\" content=\"Escrito por\" \/>\n\t<meta name=\"twitter:data1\" content=\"moacir\" \/>\n\t<meta name=\"twitter:label2\" content=\"Est. tempo de leitura\" \/>\n\t<meta name=\"twitter:data2\" content=\"2 minutos\" \/>\n<script type=\"application\/ld+json\" class=\"yoast-schema-graph\">{\"@context\":\"https:\/\/schema.org\",\"@graph\":[{\"@type\":\"WebSite\",\"@id\":\"https:\/\/franciscanos.org.br\/conventosantoantonio\/#website\",\"url\":\"https:\/\/franciscanos.org.br\/conventosantoantonio\/\",\"name\":\"Convento Santo Ant\u00f4nio- Franciscanos\",\"description\":\"Prov\u00edncia Franciscana da Imaculada Concei\u00e7\u00e3o do Brasil - Ordem dos Frades Menores\",\"potentialAction\":[{\"@type\":\"SearchAction\",\"target\":{\"@type\":\"EntryPoint\",\"urlTemplate\":\"https:\/\/franciscanos.org.br\/conventosantoantonio\/?s={search_term_string}\"},\"query-input\":\"required name=search_term_string\"}],\"inLanguage\":\"pt-BR\"},{\"@type\":\"WebPage\",\"@id\":\"https:\/\/franciscanos.org.br\/conventosantoantonio\/fraternidade-do-convento-envia-dois-jovens-para-o-aspirantado-da-provincia\/\",\"url\":\"https:\/\/franciscanos.org.br\/conventosantoantonio\/fraternidade-do-convento-envia-dois-jovens-para-o-aspirantado-da-provincia\/\",\"name\":\"Fraternidade do Convento envia dois jovens para o Aspirantado da Prov\u00edncia - Convento Santo Ant\u00f4nio- Franciscanos\",\"isPartOf\":{\"@id\":\"https:\/\/franciscanos.org.br\/conventosantoantonio\/#website\"},\"datePublished\":\"2024-02-05T14:03:36+00:00\",\"dateModified\":\"2024-02-05T14:03:36+00:00\",\"author\":{\"@id\":\"https:\/\/franciscanos.org.br\/conventosantoantonio\/#\/schema\/person\/73421c01c49c32a7bb0a19d9b36df6ad\"},\"breadcrumb\":{\"@id\":\"https:\/\/franciscanos.org.br\/conventosantoantonio\/fraternidade-do-convento-envia-dois-jovens-para-o-aspirantado-da-provincia\/#breadcrumb\"},\"inLanguage\":\"pt-BR\",\"potentialAction\":[{\"@type\":\"ReadAction\",\"target\":[\"https:\/\/franciscanos.org.br\/conventosantoantonio\/fraternidade-do-convento-envia-dois-jovens-para-o-aspirantado-da-provincia\/\"]}]},{\"@type\":\"BreadcrumbList\",\"@id\":\"https:\/\/franciscanos.org.br\/conventosantoantonio\/fraternidade-do-convento-envia-dois-jovens-para-o-aspirantado-da-provincia\/#breadcrumb\",\"itemListElement\":[{\"@type\":\"ListItem\",\"position\":1,\"name\":\"Home\",\"item\":\"https:\/\/franciscanos.org.br\/conventosantoantonio\/\"},{\"@type\":\"ListItem\",\"position\":2,\"name\":\"Fraternidade do Convento envia dois jovens para o Aspirantado da Prov\u00edncia\"}]},{\"@type\":\"Person\",\"@id\":\"https:\/\/franciscanos.org.br\/conventosantoantonio\/#\/schema\/person\/73421c01c49c32a7bb0a19d9b36df6ad\",\"name\":\"moacir\",\"image\":{\"@type\":\"ImageObject\",\"inLanguage\":\"pt-BR\",\"@id\":\"https:\/\/franciscanos.org.br\/conventosantoantonio\/#\/schema\/person\/image\/\",\"url\":\"https:\/\/secure.gravatar.com\/avatar\/d08aa2ce4c8dd416d4479aa8536fcf64?s=96&d=mm&r=g\",\"contentUrl\":\"https:\/\/secure.gravatar.com\/avatar\/d08aa2ce4c8dd416d4479aa8536fcf64?s=96&d=mm&r=g\",\"caption\":\"moacir\"},\"url\":\"https:\/\/franciscanos.org.br\/conventosantoantonio\/author\/moacir\/\"}]}<\/script>\n<!-- \/ Yoast SEO plugin. -->","yoast_head_json":{"title":"Fraternidade do Convento envia dois jovens para o Aspirantado da Prov\u00edncia - Convento Santo Ant\u00f4nio- Franciscanos","robots":{"index":"index","follow":"follow","max-snippet":"max-snippet:-1","max-image-preview":"max-image-preview:large","max-video-preview":"max-video-preview:-1"},"canonical":"https:\/\/franciscanos.org.br\/conventosantoantonio\/fraternidade-do-convento-envia-dois-jovens-para-o-aspirantado-da-provincia\/","og_locale":"pt_BR","og_type":"article","og_title":"Fraternidade do Convento envia dois jovens para o Aspirantado da Prov\u00edncia - Convento Santo Ant\u00f4nio- Franciscanos","og_description":"Vocacional","og_url":"https:\/\/franciscanos.org.br\/conventosantoantonio\/fraternidade-do-convento-envia-dois-jovens-para-o-aspirantado-da-provincia\/","og_site_name":"Convento Santo Ant\u00f4nio- Franciscanos","article_published_time":"2024-02-05T14:03:36+00:00","og_image":[{"width":1280,"height":720,"url":"https:\/\/franciscanos.org.br\/conventosantoantonio\/wp-content\/uploads\/2024\/02\/vocacional_05.jpg","type":"image\/jpeg"}],"author":"moacir","twitter_card":"summary_large_image","twitter_misc":{"Escrito por":"moacir","Est. tempo de leitura":"2 minutos"},"schema":{"@context":"https:\/\/schema.org","@graph":[{"@type":"WebSite","@id":"https:\/\/franciscanos.org.br\/conventosantoantonio\/#website","url":"https:\/\/franciscanos.org.br\/conventosantoantonio\/","name":"Convento Santo Ant\u00f4nio- Franciscanos","description":"Prov\u00edncia Franciscana da Imaculada Concei\u00e7\u00e3o do Brasil - Ordem dos Frades Menores","potentialAction":[{"@type":"SearchAction","target":{"@type":"EntryPoint","urlTemplate":"https:\/\/franciscanos.org.br\/conventosantoantonio\/?s={search_term_string}"},"query-input":"required name=search_term_string"}],"inLanguage":"pt-BR"},{"@type":"WebPage","@id":"https:\/\/franciscanos.org.br\/conventosantoantonio\/fraternidade-do-convento-envia-dois-jovens-para-o-aspirantado-da-provincia\/","url":"https:\/\/franciscanos.org.br\/conventosantoantonio\/fraternidade-do-convento-envia-dois-jovens-para-o-aspirantado-da-provincia\/","name":"Fraternidade do Convento envia dois jovens para o Aspirantado da Prov\u00edncia - Convento Santo Ant\u00f4nio- Franciscanos","isPartOf":{"@id":"https:\/\/franciscanos.org.br\/conventosantoantonio\/#website"},"datePublished":"2024-02-05T14:03:36+00:00","dateModified":"2024-02-05T14:03:36+00:00","author":{"@id":"https:\/\/franciscanos.org.br\/conventosantoantonio\/#\/schema\/person\/73421c01c49c32a7bb0a19d9b36df6ad"},"breadcrumb":{"@id":"https:\/\/franciscanos.org.br\/conventosantoantonio\/fraternidade-do-convento-envia-dois-jovens-para-o-aspirantado-da-provincia\/#breadcrumb"},"inLanguage":"pt-BR","potentialAction":[{"@type":"ReadAction","target":["https:\/\/franciscanos.org.br\/conventosantoantonio\/fraternidade-do-convento-envia-dois-jovens-para-o-aspirantado-da-provincia\/"]}]},{"@type":"BreadcrumbList","@id":"https:\/\/franciscanos.org.br\/conventosantoantonio\/fraternidade-do-convento-envia-dois-jovens-para-o-aspirantado-da-provincia\/#breadcrumb","itemListElement":[{"@type":"ListItem","position":1,"name":"Home","item":"https:\/\/franciscanos.org.br\/conventosantoantonio\/"},{"@type":"ListItem","position":2,"name":"Fraternidade do Convento envia dois jovens para o Aspirantado da Prov\u00edncia"}]},{"@type":"Person","@id":"https:\/\/franciscanos.org.br\/conventosantoantonio\/#\/schema\/person\/73421c01c49c32a7bb0a19d9b36df6ad","name":"moacir","image":{"@type":"ImageObject","inLanguage":"pt-BR","@id":"https:\/\/franciscanos.org.br\/conventosantoantonio\/#\/schema\/person\/image\/","url":"https:\/\/secure.gravatar.com\/avatar\/d08aa2ce4c8dd416d4479aa8536fcf64?s=96&d=mm&r=g","contentUrl":"https:\/\/secure.gravatar.com\/avatar\/d08aa2ce4c8dd416d4479aa8536fcf64?s=96&d=mm&r=g","caption":"moacir"},"url":"https:\/\/franciscanos.org.br\/conventosantoantonio\/author\/moacir\/"}]}},"_links":{"self":[{"href":"https:\/\/franciscanos.org.br\/conventosantoantonio\/wp-json\/wp\/v2\/posts\/189003"}],"collection":[{"href":"https:\/\/franciscanos.org.br\/conventosantoantonio\/wp-json\/wp\/v2\/posts"}],"about":[{"href":"https:\/\/franciscanos.org.br\/conventosantoantonio\/wp-json\/wp\/v2\/types\/post"}],"author":[{"embeddable":true,"href":"https:\/\/franciscanos.org.br\/conventosantoantonio\/wp-json\/wp\/v2\/users\/3"}],"replies":[{"embeddable":true,"href":"https:\/\/franciscanos.org.br\/conventosantoantonio\/wp-json\/wp\/v2\/comments?post=189003"}],"version-history":[{"count":1,"href":"https:\/\/franciscanos.org.br\/conventosantoantonio\/wp-json\/wp\/v2\/posts\/189003\/revisions"}],"predecessor-version":[{"id":189005,"href":"https:\/\/franciscanos.org.br\/conventosantoantonio\/wp-json\/wp\/v2\/posts\/189003\/revisions\/189005"}],"wp:featuredmedia":[{"embeddable":true,"href":"https:\/\/franciscanos.org.br\/conventosantoantonio\/wp-json\/wp\/v2\/media\/189004"}],"wp:attachment":[{"href":"https:\/\/franciscanos.org.br\/conventosantoantonio\/wp-json\/wp\/v2\/media?parent=189003"}],"wp:term":[{"taxonomy":"category","embeddable":true,"href":"https:\/\/franciscanos.org.br\/conventosantoantonio\/wp-json\/wp\/v2\/categories?post=189003"},{"taxonomy":"post_tag","embeddable":true,"href":"https:\/\/franciscanos.org.br\/conventosantoantonio\/wp-json\/wp\/v2\/tags?post=189003"}],"curies":[{"name":"wp","href":"https:\/\/api.w.org\/{rel}","templated":true}]}}