{"id":188982,"date":"2023-09-29T14:43:49","date_gmt":"2023-09-29T17:43:49","guid":{"rendered":"https:\/\/franciscanos.org.br\/conventosantoantonio\/?p=188982"},"modified":"2023-09-29T14:49:47","modified_gmt":"2023-09-29T17:49:47","slug":"renovacaodosvotos","status":"publish","type":"post","link":"https:\/\/franciscanos.org.br\/conventosantoantonio\/renovacaodosvotos\/","title":{"rendered":"No Jubileu da Regra de Vida, Fraternidade do Convento Santo Ant\u00f4nio renova os votos"},"content":{"rendered":"<p><img loading=\"lazy\" class=\"alignnone size-full wp-image-188992\" src=\"https:\/\/franciscanos.org.br\/conventosantoantonio\/wp-content\/uploads\/2023\/09\/renovacao_05_1.jpg\" alt=\"\" width=\"1280\" height=\"720\" srcset=\"https:\/\/franciscanos.org.br\/conventosantoantonio\/wp-content\/uploads\/2023\/09\/renovacao_05_1.jpg 1280w, https:\/\/franciscanos.org.br\/conventosantoantonio\/wp-content\/uploads\/2023\/09\/renovacao_05_1-450x253.jpg 450w, https:\/\/franciscanos.org.br\/conventosantoantonio\/wp-content\/uploads\/2023\/09\/renovacao_05_1-1024x576.jpg 1024w, https:\/\/franciscanos.org.br\/conventosantoantonio\/wp-content\/uploads\/2023\/09\/renovacao_05_1-768x432.jpg 768w, https:\/\/franciscanos.org.br\/conventosantoantonio\/wp-content\/uploads\/2023\/09\/renovacao_05_1-150x84.jpg 150w\" sizes=\"(max-width: 1280px) 100vw, 1280px\" \/><\/p>\n<p>A Celebra\u00e7\u00e3o Eucar\u00edstica, nesta sexta-fera (29\/9), \u00e0s 10 horas, no Convento Santo Ant\u00f4nio do Largo da Carioca (RJ), foi carregada de s\u00edmbolos, a come\u00e7ar pela Festa dos Santos Arcanjos &#8211; Miguel, Gabriel e Rafael -, o anivers\u00e1rio de Frei Guido Scottini &#8211; completando 88 anos -, a Renova\u00e7\u00e3o dos Votos de toda a Fraternidade nos 800 anos da aprova\u00e7\u00e3o da Regra de Vida dos Frades Menores e o encerramento do Retiro anual da Fraternidade.<\/p>\n<p>O Jubileu de 800 anos da Regra dos Frades Menores \u00e9 apenas um da Ordem Franciscana que se celebra. Ainda neste ano, o Natal de Greccio faz 800 anos e no ano que vem ser\u00e1 a vez do Jubileu da Impress\u00e3o das Chagas de S\u00e3o Francisco. Em 2025, ser\u00e1 o Jubileu do C\u00e2ntico das Criaturas e, em 2026, 800 anos da P\u00e1scoa de S\u00e3o Francisco. O Vig\u00e1rio Provincial, Frei Gustavo Medella, explicou que a Fraternidade escolheu este dia para renovar a profiss\u00e3o desta mesma Regra. &#8220;Alguns a fizeram h\u00e1 quase 70 anos, outros h\u00e1 60, 50, eu fiz h\u00e1 18 anos, mas todos caminhando na mesma sintonia ao Evangelho de Nosso Senhor Jesus Cristo&#8221;, disse Frei Gustavo. A renova\u00e7\u00e3o dos votos \u00e9, acima de tudo, uma profiss\u00e3o de f\u00e9 daquilo que se acredita ser enquanto religioso franciscano.<\/p>\n<p><img loading=\"lazy\" class=\"alignnone size-full wp-image-188993\" src=\"https:\/\/franciscanos.org.br\/conventosantoantonio\/wp-content\/uploads\/2023\/09\/renovacao_08.jpg\" alt=\"\" width=\"890\" height=\"773\" srcset=\"https:\/\/franciscanos.org.br\/conventosantoantonio\/wp-content\/uploads\/2023\/09\/renovacao_08.jpg 890w, https:\/\/franciscanos.org.br\/conventosantoantonio\/wp-content\/uploads\/2023\/09\/renovacao_08-450x391.jpg 450w, https:\/\/franciscanos.org.br\/conventosantoantonio\/wp-content\/uploads\/2023\/09\/renovacao_08-768x667.jpg 768w, https:\/\/franciscanos.org.br\/conventosantoantonio\/wp-content\/uploads\/2023\/09\/renovacao_08-150x130.jpg 150w\" sizes=\"(max-width: 890px) 100vw, 890px\" \/><\/p>\n<p>&nbsp;<\/p>\n<p>Nesta Festa franciscana dos Santos Arcanjos, Frei Medella citou S\u00e3o Greg\u00f3rio Magno para explicar que a palavra anjo indica o of\u00edcio e n\u00e3o a natureza de um ser. &#8220;Por isso, todos os anjos s\u00e3o esp\u00edritos celestes, mas nem todos esp\u00edritos celestes s\u00e3o anjos. Eles s\u00f3 s\u00e3o assim chamados se recebem alguma miss\u00e3o, se fazem algum an\u00fancio e, desta forma, aqueles que levam as maiores not\u00edcias e levam as maiores miss\u00f5es s\u00e3o denominados Arcanjos&#8221;, explicou.<\/p>\n<p>Por exemplo, para anunciar a concep\u00e7\u00e3o de Maria, foi enviado o Arcanjo Gabriel, cujo nome significa for\u00e7a de Deus. Diz Greg\u00f3rio Magno que, para esta miss\u00e3o era justo que viesse o m\u00e1ximo anjo para anunciar a m\u00e1xima not\u00edcia. Deus se faria ser humano. E S\u00e3o Greg\u00f3rio Magno continua e nos ensinar de maneira bela por que a nomea\u00e7\u00e3o dos anjos funciona dessa maneira. Olha a explica\u00e7\u00e3o como ela \u00e9 bonita. Diz ele que, naquela cidade santa, a Jerusal\u00e9m Celeste, onde h\u00e1 plenitude da ci\u00eancia da vis\u00e3o pelo Deus onipotente, n\u00e3o precisam de nomes pr\u00f3prios para se distinguirem uns dos outros. Lembra S\u00e3o Paulo: &#8216;Cristo ser\u00e1 tudo em todos&#8217;. Mas quando eles v\u00eam at\u00e9 n\u00f3s, descem do c\u00e9u para a terra, para cumprir uma miss\u00e3o, eles trazem tamb\u00e9m um nome derivado dessa miss\u00e3o. Por exemplo, Miguel \u00e9 uma pergunta: Quem como Deus? Quem se iguala a Deus no poder, na onipot\u00eancia, onisci\u00eancia, e Rafael Deus cura. Por isso, toda vez que se trata de grandes feitos, disse que Miguel \u00e9 enviado porque pelo pr\u00f3prio nome e a\u00e7\u00e3o d\u00e1-se a entender que ningu\u00e9m pode por si mesmo fazer o que Deus quer destacar.\u00a0 Rafael significa Deus cura porque ao tocar os olhos de Tobias, no Antigo Testamento, como que num ato de cura, lavou as trevas de sua cegueira&#8221;, detalhou o Vig\u00e1rio Provincial.<\/p>\n<p><img loading=\"lazy\" class=\"alignnone wp-image-188985 size-full\" src=\"https:\/\/franciscanos.org.br\/conventosantoantonio\/wp-content\/uploads\/2023\/09\/renovacao_02.jpg\" alt=\"\" width=\"788\" height=\"1117\" srcset=\"https:\/\/franciscanos.org.br\/conventosantoantonio\/wp-content\/uploads\/2023\/09\/renovacao_02.jpg 788w, https:\/\/franciscanos.org.br\/conventosantoantonio\/wp-content\/uploads\/2023\/09\/renovacao_02-317x450.jpg 317w, https:\/\/franciscanos.org.br\/conventosantoantonio\/wp-content\/uploads\/2023\/09\/renovacao_02-722x1024.jpg 722w, https:\/\/franciscanos.org.br\/conventosantoantonio\/wp-content\/uploads\/2023\/09\/renovacao_02-768x1089.jpg 768w, https:\/\/franciscanos.org.br\/conventosantoantonio\/wp-content\/uploads\/2023\/09\/renovacao_02-150x213.jpg 150w\" sizes=\"(max-width: 788px) 100vw, 788px\" \/><\/p>\n<p>Segundo Frei Medella, hoje foi a conclus\u00e3o do Retiro e cantaram mais de uma vez o refr\u00e3o que S\u00e3o Francisco reza: &#8220;Senhor, que queres que eu fa\u00e7a. Senhor, que queres de mim?&#8221;. &#8220;Ao perguntar que queres que eu fa\u00e7a, S\u00e3o Francisco tamb\u00e9m est\u00e1 perguntando: Senhor, quem queres que eu seja? Ou ainda: Senhor, quem queres que eu me torne? \u00c9 claro, confiando-se na gra\u00e7a de Deus. E esse fazer empenhado, sintonizado com a vontade de Deus vai fazendo o cora\u00e7\u00e3o da pessoa. Por isso, \u00e9 muito importante n\u00f3s termos esse olhar tamb\u00e9m para nossa vida, esta autoan\u00e1lise. Quais s\u00e3o as obras que eu tenho realizado. Se s\u00e3o obras boas, se tenho procurado construir, partilhar, acolher, curar, certamente eu tamb\u00e9m estou me convertendo, me tornando uma pessoa boa. Se a maioria do tempo eu estou dedicado a xingar, a menosprezar, a agredir, a desprezar, a pensar s\u00f3 em mim, aos poucos eu tamb\u00e9m vou me despersonalizando, vou perdendo aquilo que tenho de mais sagrado, a centelha divina que me insurge e que me estimula a fazer o bem&#8221;, observou.<\/p>\n<p>S\u00e3o Francisco dizia: os anjos andam conosco e s\u00e3o companheiros que nos acompanham por toda a parte. &#8220;Por isso tamb\u00e9m, ele tinha um amor imenso pelo lugar, simples e pequeno, onde a Ordem dos Frades Menores surgiu: a Igreja de Santa Maria dos Anjos. O amor que ele tinha a Nossa Senhora e a devo\u00e7\u00e3o que ele possu\u00eda para com os anjos&#8221;, recordou.<\/p>\n<p>&#8220;Por isso tamb\u00e9m, foi durante uma Quaresma em honra a S\u00e3o Miguel que Francisco recebeu, dois anos antes de morrer, os estigmas do Cristo da Cruz. Ele se conformou a Cristo. Ele fez tanto a vontade de Deus, ele procurou fazer como o Cristo fazia de maneira t\u00e3o intensa que recebeu essa gra\u00e7a de ser estigmatizado. E a paix\u00e3o, a devo\u00e7\u00e3o e o amor que ele possu\u00eda para com S\u00e3o Miguel deriva do fato de, na tradi\u00e7\u00e3o, Miguel ser aquele que conduz as almas ao para\u00edso. E que visita o purgat\u00f3rio e leva os fi\u00e9is que l\u00e1 est\u00e3o para o c\u00e9u. \u00c9 nesse desejo profundo, de oferecer e ser salva\u00e7\u00e3o para todos, que Francisco no entranhado amor se dispunha a fazer essa longa Quaresma, come\u00e7ada no dia de Nossa Senhora da Gl\u00f3ria, da Assun\u00e7\u00e3o de Maria, e conclu\u00edda na v\u00e9spera de S\u00e3o Miguel no dia de hoje&#8221;, detalhou.<\/p>\n<p><img loading=\"lazy\" class=\"alignnone size-full wp-image-188986\" src=\"https:\/\/franciscanos.org.br\/conventosantoantonio\/wp-content\/uploads\/2023\/09\/renovacao_04.jpg\" alt=\"\" width=\"1280\" height=\"960\" srcset=\"https:\/\/franciscanos.org.br\/conventosantoantonio\/wp-content\/uploads\/2023\/09\/renovacao_04.jpg 1280w, https:\/\/franciscanos.org.br\/conventosantoantonio\/wp-content\/uploads\/2023\/09\/renovacao_04-450x338.jpg 450w, https:\/\/franciscanos.org.br\/conventosantoantonio\/wp-content\/uploads\/2023\/09\/renovacao_04-1024x768.jpg 1024w, https:\/\/franciscanos.org.br\/conventosantoantonio\/wp-content\/uploads\/2023\/09\/renovacao_04-768x576.jpg 768w, https:\/\/franciscanos.org.br\/conventosantoantonio\/wp-content\/uploads\/2023\/09\/renovacao_04-150x113.jpg 150w\" sizes=\"(max-width: 1280px) 100vw, 1280px\" \/><\/p>\n<p><img loading=\"lazy\" class=\"alignnone size-full wp-image-188987\" src=\"https:\/\/franciscanos.org.br\/conventosantoantonio\/wp-content\/uploads\/2023\/09\/renovacao_06.jpg\" alt=\"\" width=\"1280\" height=\"960\" srcset=\"https:\/\/franciscanos.org.br\/conventosantoantonio\/wp-content\/uploads\/2023\/09\/renovacao_06.jpg 1280w, https:\/\/franciscanos.org.br\/conventosantoantonio\/wp-content\/uploads\/2023\/09\/renovacao_06-450x338.jpg 450w, https:\/\/franciscanos.org.br\/conventosantoantonio\/wp-content\/uploads\/2023\/09\/renovacao_06-1024x768.jpg 1024w, https:\/\/franciscanos.org.br\/conventosantoantonio\/wp-content\/uploads\/2023\/09\/renovacao_06-768x576.jpg 768w, https:\/\/franciscanos.org.br\/conventosantoantonio\/wp-content\/uploads\/2023\/09\/renovacao_06-150x113.jpg 150w\" sizes=\"(max-width: 1280px) 100vw, 1280px\" \/><\/p>\n<p>E para concluir esses grandes homens e grandes mulheres que buscaram fazer a vontade de Deus e perfazendo a partir deste compromisso se tornaram grandes baluartes. Eles como que abrem o c\u00e9u para n\u00f3s, conforme o c\u00e9u aberto descrito por Jesus no Evangelho de hoje. Ou seja, os anjos sobem e descem e fazem essa liga\u00e7\u00e3o entre c\u00e9u e terra, entre humano e divino.<\/p>\n<p>&#8220;O filme que serviu como guia do nosso retiro come\u00e7a com S\u00e3o Francisco crian\u00e7a pendurado de cabe\u00e7a para baixo, dizendo a Clara o seguinte: Acabei de descobrir que \u00e9 o c\u00e9u que sustenta a terra. E assim que n\u00f3s, crist\u00e3os, devemos caminhar. P\u00e9s no ch\u00e3o, mas o cora\u00e7\u00e3o no c\u00e9u. E tentando e fazendo todo poss\u00edvel para cada vez mais aproximar estas duas realidades&#8221;, contou.<\/p>\n<p>No final, lembrou grandes homens e mulheres, diversos deles fizeram tanto bem, espalharam amor e receberam t\u00edtulos ang\u00e9licos. &#8220;Vou citar dois: Santa Dulce dos Pobres, que tinha como apelido o &#8216;Anjo Bom da Bahia&#8217; e S\u00e3o Francisco de Assis, que o chamamos de Ser\u00e1fico Pai. O Pai que se compara a um Serafim. Ou seja, uma ordem de anjos que se distingue por ter cora\u00e7\u00e3o ardente no amor. \u00c9 este amor que continua dispon\u00edvel para n\u00f3s. \u00c9 este amor que devemos e queremos seguir. \u00c9 esta Regra que queremos renovar o nosso prop\u00f3sito de seguir tamb\u00e9m a Regra entendida como o pr\u00f3prio Evangelho e o pr\u00f3prio Jesus Cristo, amor de Deus infinito para conosco, em n\u00f3s, entre n\u00f3s e atrav\u00e9s de n\u00f3s, que deve e pode continuar nos conduzindo. Am\u00e9m&#8221;, concluiu.<\/p>\n<p><img loading=\"lazy\" class=\"alignnone size-full wp-image-188989\" src=\"https:\/\/franciscanos.org.br\/conventosantoantonio\/wp-content\/uploads\/2023\/09\/renovacao_03.jpg\" alt=\"\" width=\"1280\" height=\"720\" srcset=\"https:\/\/franciscanos.org.br\/conventosantoantonio\/wp-content\/uploads\/2023\/09\/renovacao_03.jpg 1280w, https:\/\/franciscanos.org.br\/conventosantoantonio\/wp-content\/uploads\/2023\/09\/renovacao_03-450x253.jpg 450w, https:\/\/franciscanos.org.br\/conventosantoantonio\/wp-content\/uploads\/2023\/09\/renovacao_03-1024x576.jpg 1024w, https:\/\/franciscanos.org.br\/conventosantoantonio\/wp-content\/uploads\/2023\/09\/renovacao_03-768x432.jpg 768w, https:\/\/franciscanos.org.br\/conventosantoantonio\/wp-content\/uploads\/2023\/09\/renovacao_03-150x84.jpg 150w\" sizes=\"(max-width: 1280px) 100vw, 1280px\" \/><\/p>\n<p>Depois da homilia, os frades se perfilaram diante do guardi\u00e3o Frei Walter Ferreira J\u00fanior, que fez a seguinte motiva\u00e7\u00e3o: &#8220;No dia 29 de novembro de 1223, o Papa Hon\u00f3rio aprovou a Regra Definitiva dos Frades Menores. L\u00e1 no in\u00edcio, encontramos a declara\u00e7\u00e3o fundamental: A Regra e a vida dos Frades Menores \u00e9 esta: \u2018Observar o Santo Evangelho de Nosso Senhor Jesus Cristo, vivendo em obedi\u00eancia, sem propriedade e em castidade\u2019. Aqui se condensa o que Francisco e os primeiros irm\u00e3os prometeram ao Senhor, oitocentos anos depois. Embora professos h\u00e1 anos, n\u00f3s queremos renovar esta mesma profiss\u00e3o e o nosso compromisso em levar uma vida radicalmente evang\u00e9lica, ou seja, viver em esp\u00edrito de ora\u00e7\u00e3o e devo\u00e7\u00e3o. E em comunh\u00e3o fraterna, dar testemunho de penit\u00eancia e minoridade, anunciar o Evangelho em esp\u00edrito de caridade para com todas as pessoas. Brigar por boas obras, a reconcilia\u00e7\u00e3o, a paz e a justi\u00e7a. E mostrar e promover o respeito e cuidado pela Cria\u00e7\u00e3o&#8221;.<\/p>\n<p><img loading=\"lazy\" class=\"alignnone size-full wp-image-188988\" src=\"https:\/\/franciscanos.org.br\/conventosantoantonio\/wp-content\/uploads\/2023\/09\/renovacao_07.jpg\" alt=\"\" width=\"1280\" height=\"960\" srcset=\"https:\/\/franciscanos.org.br\/conventosantoantonio\/wp-content\/uploads\/2023\/09\/renovacao_07.jpg 1280w, https:\/\/franciscanos.org.br\/conventosantoantonio\/wp-content\/uploads\/2023\/09\/renovacao_07-450x338.jpg 450w, https:\/\/franciscanos.org.br\/conventosantoantonio\/wp-content\/uploads\/2023\/09\/renovacao_07-1024x768.jpg 1024w, https:\/\/franciscanos.org.br\/conventosantoantonio\/wp-content\/uploads\/2023\/09\/renovacao_07-768x576.jpg 768w, https:\/\/franciscanos.org.br\/conventosantoantonio\/wp-content\/uploads\/2023\/09\/renovacao_07-150x113.jpg 150w\" sizes=\"(max-width: 1280px) 100vw, 1280px\" \/><\/p>\n<p>Os frades, ent\u00e3o, rezaram e acenderam as velas e fizeram a sua renova\u00e7\u00e3o. No final, cantaram &#8220;Parab\u00e9ns&#8221; para Frei Guido, que agradeceu \u00e0 Fraternidade que o &#8220;acolhe e o suporta&#8221;.<\/p>\n","protected":false},"excerpt":{"rendered":"<p>Renova\u00e7\u00e3o dos Votos<\/p>\n","protected":false},"author":3,"featured_media":188992,"comment_status":"open","ping_status":"open","sticky":false,"template":"","format":"standard","meta":[],"categories":[105],"tags":[380],"yoast_head":"<!-- This site is optimized with the Yoast SEO plugin v19.4 - https:\/\/yoast.com\/wordpress\/plugins\/seo\/ -->\n<title>No Jubileu da Regra de Vida, Fraternidade do Convento Santo Ant\u00f4nio renova os votos - Convento Santo Ant\u00f4nio- Franciscanos<\/title>\n<meta name=\"robots\" content=\"index, follow, max-snippet:-1, max-image-preview:large, max-video-preview:-1\" \/>\n<link rel=\"canonical\" href=\"https:\/\/franciscanos.org.br\/conventosantoantonio\/renovacaodosvotos\/\" \/>\n<meta property=\"og:locale\" content=\"pt_BR\" \/>\n<meta property=\"og:type\" content=\"article\" \/>\n<meta property=\"og:title\" content=\"No Jubileu da Regra de Vida, Fraternidade do Convento Santo Ant\u00f4nio renova os votos - Convento Santo Ant\u00f4nio- Franciscanos\" \/>\n<meta property=\"og:description\" content=\"Renova\u00e7\u00e3o dos Votos\" \/>\n<meta property=\"og:url\" content=\"https:\/\/franciscanos.org.br\/conventosantoantonio\/renovacaodosvotos\/\" \/>\n<meta property=\"og:site_name\" content=\"Convento Santo Ant\u00f4nio- Franciscanos\" \/>\n<meta property=\"article:published_time\" content=\"2023-09-29T17:43:49+00:00\" \/>\n<meta property=\"article:modified_time\" content=\"2023-09-29T17:49:47+00:00\" \/>\n<meta property=\"og:image\" content=\"https:\/\/franciscanos.org.br\/conventosantoantonio\/wp-content\/uploads\/2023\/09\/renovacao_05_1.jpg\" \/>\n\t<meta property=\"og:image:width\" content=\"1280\" \/>\n\t<meta property=\"og:image:height\" content=\"720\" \/>\n\t<meta property=\"og:image:type\" content=\"image\/jpeg\" \/>\n<meta name=\"author\" content=\"moacir\" \/>\n<meta name=\"twitter:card\" content=\"summary_large_image\" \/>\n<meta name=\"twitter:label1\" content=\"Escrito por\" \/>\n\t<meta name=\"twitter:data1\" content=\"moacir\" \/>\n\t<meta name=\"twitter:label2\" content=\"Est. tempo de leitura\" \/>\n\t<meta name=\"twitter:data2\" content=\"9 minutos\" \/>\n<script type=\"application\/ld+json\" class=\"yoast-schema-graph\">{\"@context\":\"https:\/\/schema.org\",\"@graph\":[{\"@type\":\"WebSite\",\"@id\":\"https:\/\/franciscanos.org.br\/conventosantoantonio\/#website\",\"url\":\"https:\/\/franciscanos.org.br\/conventosantoantonio\/\",\"name\":\"Convento Santo Ant\u00f4nio- Franciscanos\",\"description\":\"Prov\u00edncia Franciscana da Imaculada Concei\u00e7\u00e3o do Brasil - Ordem dos Frades Menores\",\"potentialAction\":[{\"@type\":\"SearchAction\",\"target\":{\"@type\":\"EntryPoint\",\"urlTemplate\":\"https:\/\/franciscanos.org.br\/conventosantoantonio\/?s={search_term_string}\"},\"query-input\":\"required name=search_term_string\"}],\"inLanguage\":\"pt-BR\"},{\"@type\":\"WebPage\",\"@id\":\"https:\/\/franciscanos.org.br\/conventosantoantonio\/renovacaodosvotos\/\",\"url\":\"https:\/\/franciscanos.org.br\/conventosantoantonio\/renovacaodosvotos\/\",\"name\":\"No Jubileu da Regra de Vida, Fraternidade do Convento Santo Ant\u00f4nio renova os votos - Convento Santo Ant\u00f4nio- Franciscanos\",\"isPartOf\":{\"@id\":\"https:\/\/franciscanos.org.br\/conventosantoantonio\/#website\"},\"datePublished\":\"2023-09-29T17:43:49+00:00\",\"dateModified\":\"2023-09-29T17:49:47+00:00\",\"author\":{\"@id\":\"https:\/\/franciscanos.org.br\/conventosantoantonio\/#\/schema\/person\/73421c01c49c32a7bb0a19d9b36df6ad\"},\"breadcrumb\":{\"@id\":\"https:\/\/franciscanos.org.br\/conventosantoantonio\/renovacaodosvotos\/#breadcrumb\"},\"inLanguage\":\"pt-BR\",\"potentialAction\":[{\"@type\":\"ReadAction\",\"target\":[\"https:\/\/franciscanos.org.br\/conventosantoantonio\/renovacaodosvotos\/\"]}]},{\"@type\":\"BreadcrumbList\",\"@id\":\"https:\/\/franciscanos.org.br\/conventosantoantonio\/renovacaodosvotos\/#breadcrumb\",\"itemListElement\":[{\"@type\":\"ListItem\",\"position\":1,\"name\":\"Home\",\"item\":\"https:\/\/franciscanos.org.br\/conventosantoantonio\/\"},{\"@type\":\"ListItem\",\"position\":2,\"name\":\"No Jubileu da Regra de Vida, Fraternidade do Convento Santo Ant\u00f4nio renova os votos\"}]},{\"@type\":\"Person\",\"@id\":\"https:\/\/franciscanos.org.br\/conventosantoantonio\/#\/schema\/person\/73421c01c49c32a7bb0a19d9b36df6ad\",\"name\":\"moacir\",\"image\":{\"@type\":\"ImageObject\",\"inLanguage\":\"pt-BR\",\"@id\":\"https:\/\/franciscanos.org.br\/conventosantoantonio\/#\/schema\/person\/image\/\",\"url\":\"https:\/\/secure.gravatar.com\/avatar\/d08aa2ce4c8dd416d4479aa8536fcf64?s=96&d=mm&r=g\",\"contentUrl\":\"https:\/\/secure.gravatar.com\/avatar\/d08aa2ce4c8dd416d4479aa8536fcf64?s=96&d=mm&r=g\",\"caption\":\"moacir\"},\"url\":\"https:\/\/franciscanos.org.br\/conventosantoantonio\/author\/moacir\/\"}]}<\/script>\n<!-- \/ Yoast SEO plugin. -->","yoast_head_json":{"title":"No Jubileu da Regra de Vida, Fraternidade do Convento Santo Ant\u00f4nio renova os votos - Convento Santo Ant\u00f4nio- Franciscanos","robots":{"index":"index","follow":"follow","max-snippet":"max-snippet:-1","max-image-preview":"max-image-preview:large","max-video-preview":"max-video-preview:-1"},"canonical":"https:\/\/franciscanos.org.br\/conventosantoantonio\/renovacaodosvotos\/","og_locale":"pt_BR","og_type":"article","og_title":"No Jubileu da Regra de Vida, Fraternidade do Convento Santo Ant\u00f4nio renova os votos - Convento Santo Ant\u00f4nio- Franciscanos","og_description":"Renova\u00e7\u00e3o dos Votos","og_url":"https:\/\/franciscanos.org.br\/conventosantoantonio\/renovacaodosvotos\/","og_site_name":"Convento Santo Ant\u00f4nio- Franciscanos","article_published_time":"2023-09-29T17:43:49+00:00","article_modified_time":"2023-09-29T17:49:47+00:00","og_image":[{"width":1280,"height":720,"url":"https:\/\/franciscanos.org.br\/conventosantoantonio\/wp-content\/uploads\/2023\/09\/renovacao_05_1.jpg","type":"image\/jpeg"}],"author":"moacir","twitter_card":"summary_large_image","twitter_misc":{"Escrito por":"moacir","Est. tempo de leitura":"9 minutos"},"schema":{"@context":"https:\/\/schema.org","@graph":[{"@type":"WebSite","@id":"https:\/\/franciscanos.org.br\/conventosantoantonio\/#website","url":"https:\/\/franciscanos.org.br\/conventosantoantonio\/","name":"Convento Santo Ant\u00f4nio- Franciscanos","description":"Prov\u00edncia Franciscana da Imaculada Concei\u00e7\u00e3o do Brasil - Ordem dos Frades Menores","potentialAction":[{"@type":"SearchAction","target":{"@type":"EntryPoint","urlTemplate":"https:\/\/franciscanos.org.br\/conventosantoantonio\/?s={search_term_string}"},"query-input":"required name=search_term_string"}],"inLanguage":"pt-BR"},{"@type":"WebPage","@id":"https:\/\/franciscanos.org.br\/conventosantoantonio\/renovacaodosvotos\/","url":"https:\/\/franciscanos.org.br\/conventosantoantonio\/renovacaodosvotos\/","name":"No Jubileu da Regra de Vida, Fraternidade do Convento Santo Ant\u00f4nio renova os votos - Convento Santo Ant\u00f4nio- Franciscanos","isPartOf":{"@id":"https:\/\/franciscanos.org.br\/conventosantoantonio\/#website"},"datePublished":"2023-09-29T17:43:49+00:00","dateModified":"2023-09-29T17:49:47+00:00","author":{"@id":"https:\/\/franciscanos.org.br\/conventosantoantonio\/#\/schema\/person\/73421c01c49c32a7bb0a19d9b36df6ad"},"breadcrumb":{"@id":"https:\/\/franciscanos.org.br\/conventosantoantonio\/renovacaodosvotos\/#breadcrumb"},"inLanguage":"pt-BR","potentialAction":[{"@type":"ReadAction","target":["https:\/\/franciscanos.org.br\/conventosantoantonio\/renovacaodosvotos\/"]}]},{"@type":"BreadcrumbList","@id":"https:\/\/franciscanos.org.br\/conventosantoantonio\/renovacaodosvotos\/#breadcrumb","itemListElement":[{"@type":"ListItem","position":1,"name":"Home","item":"https:\/\/franciscanos.org.br\/conventosantoantonio\/"},{"@type":"ListItem","position":2,"name":"No Jubileu da Regra de Vida, Fraternidade do Convento Santo Ant\u00f4nio renova os votos"}]},{"@type":"Person","@id":"https:\/\/franciscanos.org.br\/conventosantoantonio\/#\/schema\/person\/73421c01c49c32a7bb0a19d9b36df6ad","name":"moacir","image":{"@type":"ImageObject","inLanguage":"pt-BR","@id":"https:\/\/franciscanos.org.br\/conventosantoantonio\/#\/schema\/person\/image\/","url":"https:\/\/secure.gravatar.com\/avatar\/d08aa2ce4c8dd416d4479aa8536fcf64?s=96&d=mm&r=g","contentUrl":"https:\/\/secure.gravatar.com\/avatar\/d08aa2ce4c8dd416d4479aa8536fcf64?s=96&d=mm&r=g","caption":"moacir"},"url":"https:\/\/franciscanos.org.br\/conventosantoantonio\/author\/moacir\/"}]}},"_links":{"self":[{"href":"https:\/\/franciscanos.org.br\/conventosantoantonio\/wp-json\/wp\/v2\/posts\/188982"}],"collection":[{"href":"https:\/\/franciscanos.org.br\/conventosantoantonio\/wp-json\/wp\/v2\/posts"}],"about":[{"href":"https:\/\/franciscanos.org.br\/conventosantoantonio\/wp-json\/wp\/v2\/types\/post"}],"author":[{"embeddable":true,"href":"https:\/\/franciscanos.org.br\/conventosantoantonio\/wp-json\/wp\/v2\/users\/3"}],"replies":[{"embeddable":true,"href":"https:\/\/franciscanos.org.br\/conventosantoantonio\/wp-json\/wp\/v2\/comments?post=188982"}],"version-history":[{"count":4,"href":"https:\/\/franciscanos.org.br\/conventosantoantonio\/wp-json\/wp\/v2\/posts\/188982\/revisions"}],"predecessor-version":[{"id":188995,"href":"https:\/\/franciscanos.org.br\/conventosantoantonio\/wp-json\/wp\/v2\/posts\/188982\/revisions\/188995"}],"wp:featuredmedia":[{"embeddable":true,"href":"https:\/\/franciscanos.org.br\/conventosantoantonio\/wp-json\/wp\/v2\/media\/188992"}],"wp:attachment":[{"href":"https:\/\/franciscanos.org.br\/conventosantoantonio\/wp-json\/wp\/v2\/media?parent=188982"}],"wp:term":[{"taxonomy":"category","embeddable":true,"href":"https:\/\/franciscanos.org.br\/conventosantoantonio\/wp-json\/wp\/v2\/categories?post=188982"},{"taxonomy":"post_tag","embeddable":true,"href":"https:\/\/franciscanos.org.br\/conventosantoantonio\/wp-json\/wp\/v2\/tags?post=188982"}],"curies":[{"name":"wp","href":"https:\/\/api.w.org\/{rel}","templated":true}]}}