{"id":188976,"date":"2023-09-06T09:30:42","date_gmt":"2023-09-06T12:30:42","guid":{"rendered":"https:\/\/franciscanos.org.br\/conventosantoantonio\/?p=188976"},"modified":"2023-09-06T09:30:42","modified_gmt":"2023-09-06T12:30:42","slug":"santo-antonio-do-relento-sera-celebrado-18-de-setembro-no-largo-da-carioca","status":"publish","type":"post","link":"https:\/\/franciscanos.org.br\/conventosantoantonio\/santo-antonio-do-relento-sera-celebrado-18-de-setembro-no-largo-da-carioca\/","title":{"rendered":"Santo Ant\u00f4nio do Relento ser\u00e1 celebrado 18 de setembro no Largo da Carioca"},"content":{"rendered":"<p><img loading=\"lazy\" class=\"alignnone wp-image-188978 size-full\" src=\"https:\/\/franciscanos.org.br\/conventosantoantonio\/wp-content\/uploads\/2023\/09\/relento_06.jpg\" alt=\"\" width=\"1280\" height=\"720\" srcset=\"https:\/\/franciscanos.org.br\/conventosantoantonio\/wp-content\/uploads\/2023\/09\/relento_06.jpg 1280w, https:\/\/franciscanos.org.br\/conventosantoantonio\/wp-content\/uploads\/2023\/09\/relento_06-450x253.jpg 450w, https:\/\/franciscanos.org.br\/conventosantoantonio\/wp-content\/uploads\/2023\/09\/relento_06-1024x576.jpg 1024w, https:\/\/franciscanos.org.br\/conventosantoantonio\/wp-content\/uploads\/2023\/09\/relento_06-768x432.jpg 768w, https:\/\/franciscanos.org.br\/conventosantoantonio\/wp-content\/uploads\/2023\/09\/relento_06-150x84.jpg 150w\" sizes=\"(max-width: 1280px) 100vw, 1280px\" \/><\/p>\n<p>Santo Ant\u00f4nio de P\u00e1dua e Lisboa, o querido santo franciscano que foi celebrado com grandes festividades no mundo inteiro no dia 13 de junho, volta a ser festejado como Santo Ant\u00f4nio do Relento no dia 18 de setembro, a partir das 11h30, no Convento Santo Ant\u00f4nio do Largo da Carioca (RJ). Nesta Celebra\u00e7\u00e3o ser\u00e1 feita mem\u00f3ria de um fato hist\u00f3rico que marcou a cidade do Rio de Janeiro: por intercess\u00e3o de Santo Ant\u00f4nio, os franceses foram expulsos do Rio de Janeiro em setembro de 1710. Essa vit\u00f3ria foi atribu\u00edda \u00e0 Imagem que at\u00e9 hoje est\u00e1 no nicho localizado na fachada do Convento.<\/p>\n<p>Segundo o Vig\u00e1rio Provincial, Frei Gustavo Wayand Medella, na ocasi\u00e3o, vamos pedir mais uma vez, por intercess\u00e3o de Santo Ant\u00f4nio, a b\u00ean\u00e7\u00e3o de Deus para toda nossa cidade. &#8220;Tamb\u00e9m teremos a alegria de receber a fam\u00edlia militar para celebrar este momento especial da hist\u00f3ria do Rio de Janeiro e do Brasil. Sua presen\u00e7a ser\u00e1 motivo de\u00a0imensa\u00a0alegria!&#8221;, convidou o frade.<\/p>\n<p>A liga\u00e7\u00e3o entre Santo Ant\u00f4nio e a vida militar teve in\u00edcio em Portugal, no Reinado de Dom Afonso VI, quando o Santo assentou pra\u00e7a no Regimento de Lagos, do Ex\u00e9rcito Portugu\u00eas, no S\u00e9culo XV. Desta forma, passou a ser invocado pelos capit\u00e3es para auxiliar as tropas nas batalhas contra os inimigos. A tradi\u00e7\u00e3o se expandiu e, segundo os historiadores, logo o Santo teve pra\u00e7a de Soldado em quase todos os batalh\u00f5es portugueses. Com a chegada da devo\u00e7\u00e3o ao Brasil, tamb\u00e9m este costume chegou \u00e0s terras brasileiras, galgando o Santo sucessivas promo\u00e7\u00f5es a patentes mais elevadas. H\u00e1 registro destes fatos em Minas Gerais, Goi\u00e1s, Pernambuco, Bahia e no Rio de Janeiro.<\/p>\n<p>Segundo o historiador Frei Bas\u00edlio R\u00f6wer, OFM, no livro &#8220;O Convento Santo Ant\u00f4nio do Rio de Janeiro&#8221;, narra que neste ano da batalha, saindo a esquadra francesa, &#8220;sob o comando de Jo\u00e3o Francisco Duclerc, do porto de La Rochelle, em 10 de maio, chegou \u00e0 vista da barra do Rio de Janeiro, que naquela \u00e9poca possu\u00eda 12 mil almas, em come\u00e7o de setembro. Sendo condignamente recebida pelos fogos da fortaleza de Santa Cruz, foi-se rumo ao Sul e os homens da expedi\u00e7\u00e3o desembarcaram em Guaratiba. Na noite de 18 de setembro acamparam no Engenho Velho. O governador da cidade, Francisco de Castro Morais, preparou-se como p\u00f4de com os limitados recursos de que dispunha. N\u00e3o querendo prescindir, na defesa da cidade, do aux\u00edlio de Deus, quis obt\u00ea-lo pela intercess\u00e3o de S\u00e3o Sebasti\u00e3o e de Santo Ant\u00f4nio. Ao primeiro recomendou as praias, a Santo Ant\u00f4nio constituiu general dos Ex\u00e9rcitos do campo&#8221;, explica o frade.<\/p>\n<p><img loading=\"lazy\" class=\"alignnone wp-image-188977 size-full\" src=\"https:\/\/franciscanos.org.br\/conventosantoantonio\/wp-content\/uploads\/2023\/09\/relento_06_2.jpg\" alt=\"\" width=\"932\" height=\"1243\" srcset=\"https:\/\/franciscanos.org.br\/conventosantoantonio\/wp-content\/uploads\/2023\/09\/relento_06_2.jpg 932w, https:\/\/franciscanos.org.br\/conventosantoantonio\/wp-content\/uploads\/2023\/09\/relento_06_2-337x450.jpg 337w, https:\/\/franciscanos.org.br\/conventosantoantonio\/wp-content\/uploads\/2023\/09\/relento_06_2-768x1024.jpg 768w, https:\/\/franciscanos.org.br\/conventosantoantonio\/wp-content\/uploads\/2023\/09\/relento_06_2-150x200.jpg 150w\" sizes=\"(max-width: 932px) 100vw, 932px\" \/><\/p>\n<p>&#8220;No mesmo dia 18 de setembro mandou pedir ao Convento Santo Ant\u00f4nio fossem, no dia seguinte, celebradas todas as missas pelo feliz \u00eaxito da batalha. Al\u00e9m disso, enviou \u00e0 imagem do santo a patente de capit\u00e3o de Infantaria. O Provincial, por sua vez, fez entregar a Castro Morais o bast\u00e3o de Santo Ant\u00f4nio oferecido por Sebasti\u00e3o Xavier da Veiga Cabral, dizendo-lhe que pelejasse com esse bast\u00e3o na m\u00e3o. O governador, por\u00e9m, depois de coloc\u00e1-lo sobre a sua cabe\u00e7a e beij\u00e1-lo, mandou restitu\u00ed-lo ao Provincial. Solicitou, ao mesmo tempo, que os frades colocassem a imagem do taumaturgo com o bast\u00e3o na m\u00e3o na muralha do convento, a fim de, como general, presidir a peleja&#8221;, escreve Frei Bas\u00edlio.<\/p>\n<p>&#8220;O que sucedeu no memor\u00e1vel dia 19 de setembro de 1710 est\u00e1 no dom\u00ednio de todos que conhecem os feitos gloriosos da hist\u00f3ria p\u00e1tria. Os franceses foram completamente desbaratados e Santo Ant\u00f4nio mais uma vez mostrou que era o defensor\u00a0e protetor das armas portuguesas. Era uma hora da tarde mais ou menos, Dia de S\u00e3o Janu\u00e1rio, quando os sinos de todas as igrejas anunciaram festivamente a vit\u00f3ria&#8221;, narrou o historiador.<\/p>\n<p>Para conservar a mem\u00f3ria de t\u00e3o gloriosa data e da prote\u00e7\u00e3o vis\u00edvel do grande taumaturgo, a Imagem foi colocada no frontisp\u00edcio da igreja. &#8220;Gra\u00e7as a essa circunst\u00e2ncia, isto \u00e9, por estar exposta ao tempo, o povo, sempre propenso a alcunhar as coisas, chamou-a &#8216;Santo Ant\u00f4nio do Relento&#8217;. Al\u00e9m de se dar \u00e0 primitiva imagem esse lugar de destaque, resolveu-se ainda, como piedoso voto de gratid\u00e3o, manter diante dela acesa uma lamparina durante a noite&#8221;, explicou o frade neste livro.<\/p>\n<p>Em 1608, a Igreja e o Convento Santo Ant\u00f4nio come\u00e7avam a ser constru\u00eddos pelos franciscanos em um local que se tornaria o cora\u00e7\u00e3o do centro hist\u00f3rico do Rio de Janeiro: o largo da Carioca. Esse bel\u00edssimo conjunto arquitet\u00f4nico, tombado pelo Iphan, h\u00e1 415 anos, \u00e9 palco de tradi\u00e7\u00f5es e epis\u00f3dios que refletem o desenvolvimento da pr\u00f3pria cidade.<\/p>\n","protected":false},"excerpt":{"rendered":"<p>Convento Santo Ant\u00f4nio<\/p>\n","protected":false},"author":3,"featured_media":188978,"comment_status":"open","ping_status":"open","sticky":false,"template":"","format":"standard","meta":[],"categories":[105],"tags":[379],"yoast_head":"<!-- This site is optimized with the Yoast SEO plugin v19.4 - https:\/\/yoast.com\/wordpress\/plugins\/seo\/ -->\n<title>Santo Ant\u00f4nio do Relento ser\u00e1 celebrado 18 de setembro no Largo da Carioca - Convento Santo Ant\u00f4nio- Franciscanos<\/title>\n<meta name=\"robots\" content=\"index, follow, max-snippet:-1, max-image-preview:large, max-video-preview:-1\" \/>\n<link rel=\"canonical\" href=\"https:\/\/franciscanos.org.br\/conventosantoantonio\/santo-antonio-do-relento-sera-celebrado-18-de-setembro-no-largo-da-carioca\/\" \/>\n<meta property=\"og:locale\" content=\"pt_BR\" \/>\n<meta property=\"og:type\" content=\"article\" \/>\n<meta property=\"og:title\" content=\"Santo Ant\u00f4nio do Relento ser\u00e1 celebrado 18 de setembro no Largo da Carioca - Convento Santo Ant\u00f4nio- Franciscanos\" \/>\n<meta property=\"og:description\" content=\"Convento Santo Ant\u00f4nio\" \/>\n<meta property=\"og:url\" content=\"https:\/\/franciscanos.org.br\/conventosantoantonio\/santo-antonio-do-relento-sera-celebrado-18-de-setembro-no-largo-da-carioca\/\" \/>\n<meta property=\"og:site_name\" content=\"Convento Santo Ant\u00f4nio- Franciscanos\" \/>\n<meta property=\"article:published_time\" content=\"2023-09-06T12:30:42+00:00\" \/>\n<meta property=\"og:image\" content=\"https:\/\/franciscanos.org.br\/conventosantoantonio\/wp-content\/uploads\/2023\/09\/relento_06.jpg\" \/>\n\t<meta property=\"og:image:width\" content=\"1280\" \/>\n\t<meta property=\"og:image:height\" content=\"720\" \/>\n\t<meta property=\"og:image:type\" content=\"image\/jpeg\" \/>\n<meta name=\"author\" content=\"moacir\" \/>\n<meta name=\"twitter:card\" content=\"summary_large_image\" \/>\n<meta name=\"twitter:label1\" content=\"Escrito por\" \/>\n\t<meta name=\"twitter:data1\" content=\"moacir\" \/>\n\t<meta name=\"twitter:label2\" content=\"Est. tempo de leitura\" \/>\n\t<meta name=\"twitter:data2\" content=\"5 minutos\" \/>\n<script type=\"application\/ld+json\" class=\"yoast-schema-graph\">{\"@context\":\"https:\/\/schema.org\",\"@graph\":[{\"@type\":\"WebSite\",\"@id\":\"https:\/\/franciscanos.org.br\/conventosantoantonio\/#website\",\"url\":\"https:\/\/franciscanos.org.br\/conventosantoantonio\/\",\"name\":\"Convento Santo Ant\u00f4nio- Franciscanos\",\"description\":\"Prov\u00edncia Franciscana da Imaculada Concei\u00e7\u00e3o do Brasil - Ordem dos Frades Menores\",\"potentialAction\":[{\"@type\":\"SearchAction\",\"target\":{\"@type\":\"EntryPoint\",\"urlTemplate\":\"https:\/\/franciscanos.org.br\/conventosantoantonio\/?s={search_term_string}\"},\"query-input\":\"required name=search_term_string\"}],\"inLanguage\":\"pt-BR\"},{\"@type\":\"WebPage\",\"@id\":\"https:\/\/franciscanos.org.br\/conventosantoantonio\/santo-antonio-do-relento-sera-celebrado-18-de-setembro-no-largo-da-carioca\/\",\"url\":\"https:\/\/franciscanos.org.br\/conventosantoantonio\/santo-antonio-do-relento-sera-celebrado-18-de-setembro-no-largo-da-carioca\/\",\"name\":\"Santo Ant\u00f4nio do Relento ser\u00e1 celebrado 18 de setembro no Largo da Carioca - Convento Santo Ant\u00f4nio- Franciscanos\",\"isPartOf\":{\"@id\":\"https:\/\/franciscanos.org.br\/conventosantoantonio\/#website\"},\"datePublished\":\"2023-09-06T12:30:42+00:00\",\"dateModified\":\"2023-09-06T12:30:42+00:00\",\"author\":{\"@id\":\"https:\/\/franciscanos.org.br\/conventosantoantonio\/#\/schema\/person\/73421c01c49c32a7bb0a19d9b36df6ad\"},\"breadcrumb\":{\"@id\":\"https:\/\/franciscanos.org.br\/conventosantoantonio\/santo-antonio-do-relento-sera-celebrado-18-de-setembro-no-largo-da-carioca\/#breadcrumb\"},\"inLanguage\":\"pt-BR\",\"potentialAction\":[{\"@type\":\"ReadAction\",\"target\":[\"https:\/\/franciscanos.org.br\/conventosantoantonio\/santo-antonio-do-relento-sera-celebrado-18-de-setembro-no-largo-da-carioca\/\"]}]},{\"@type\":\"BreadcrumbList\",\"@id\":\"https:\/\/franciscanos.org.br\/conventosantoantonio\/santo-antonio-do-relento-sera-celebrado-18-de-setembro-no-largo-da-carioca\/#breadcrumb\",\"itemListElement\":[{\"@type\":\"ListItem\",\"position\":1,\"name\":\"Home\",\"item\":\"https:\/\/franciscanos.org.br\/conventosantoantonio\/\"},{\"@type\":\"ListItem\",\"position\":2,\"name\":\"Santo Ant\u00f4nio do Relento ser\u00e1 celebrado 18 de setembro no Largo da Carioca\"}]},{\"@type\":\"Person\",\"@id\":\"https:\/\/franciscanos.org.br\/conventosantoantonio\/#\/schema\/person\/73421c01c49c32a7bb0a19d9b36df6ad\",\"name\":\"moacir\",\"image\":{\"@type\":\"ImageObject\",\"inLanguage\":\"pt-BR\",\"@id\":\"https:\/\/franciscanos.org.br\/conventosantoantonio\/#\/schema\/person\/image\/\",\"url\":\"https:\/\/secure.gravatar.com\/avatar\/d08aa2ce4c8dd416d4479aa8536fcf64?s=96&d=mm&r=g\",\"contentUrl\":\"https:\/\/secure.gravatar.com\/avatar\/d08aa2ce4c8dd416d4479aa8536fcf64?s=96&d=mm&r=g\",\"caption\":\"moacir\"},\"url\":\"https:\/\/franciscanos.org.br\/conventosantoantonio\/author\/moacir\/\"}]}<\/script>\n<!-- \/ Yoast SEO plugin. -->","yoast_head_json":{"title":"Santo Ant\u00f4nio do Relento ser\u00e1 celebrado 18 de setembro no Largo da Carioca - Convento Santo Ant\u00f4nio- Franciscanos","robots":{"index":"index","follow":"follow","max-snippet":"max-snippet:-1","max-image-preview":"max-image-preview:large","max-video-preview":"max-video-preview:-1"},"canonical":"https:\/\/franciscanos.org.br\/conventosantoantonio\/santo-antonio-do-relento-sera-celebrado-18-de-setembro-no-largo-da-carioca\/","og_locale":"pt_BR","og_type":"article","og_title":"Santo Ant\u00f4nio do Relento ser\u00e1 celebrado 18 de setembro no Largo da Carioca - Convento Santo Ant\u00f4nio- Franciscanos","og_description":"Convento Santo Ant\u00f4nio","og_url":"https:\/\/franciscanos.org.br\/conventosantoantonio\/santo-antonio-do-relento-sera-celebrado-18-de-setembro-no-largo-da-carioca\/","og_site_name":"Convento Santo Ant\u00f4nio- Franciscanos","article_published_time":"2023-09-06T12:30:42+00:00","og_image":[{"width":1280,"height":720,"url":"https:\/\/franciscanos.org.br\/conventosantoantonio\/wp-content\/uploads\/2023\/09\/relento_06.jpg","type":"image\/jpeg"}],"author":"moacir","twitter_card":"summary_large_image","twitter_misc":{"Escrito por":"moacir","Est. tempo de leitura":"5 minutos"},"schema":{"@context":"https:\/\/schema.org","@graph":[{"@type":"WebSite","@id":"https:\/\/franciscanos.org.br\/conventosantoantonio\/#website","url":"https:\/\/franciscanos.org.br\/conventosantoantonio\/","name":"Convento Santo Ant\u00f4nio- Franciscanos","description":"Prov\u00edncia Franciscana da Imaculada Concei\u00e7\u00e3o do Brasil - Ordem dos Frades Menores","potentialAction":[{"@type":"SearchAction","target":{"@type":"EntryPoint","urlTemplate":"https:\/\/franciscanos.org.br\/conventosantoantonio\/?s={search_term_string}"},"query-input":"required name=search_term_string"}],"inLanguage":"pt-BR"},{"@type":"WebPage","@id":"https:\/\/franciscanos.org.br\/conventosantoantonio\/santo-antonio-do-relento-sera-celebrado-18-de-setembro-no-largo-da-carioca\/","url":"https:\/\/franciscanos.org.br\/conventosantoantonio\/santo-antonio-do-relento-sera-celebrado-18-de-setembro-no-largo-da-carioca\/","name":"Santo Ant\u00f4nio do Relento ser\u00e1 celebrado 18 de setembro no Largo da Carioca - Convento Santo Ant\u00f4nio- Franciscanos","isPartOf":{"@id":"https:\/\/franciscanos.org.br\/conventosantoantonio\/#website"},"datePublished":"2023-09-06T12:30:42+00:00","dateModified":"2023-09-06T12:30:42+00:00","author":{"@id":"https:\/\/franciscanos.org.br\/conventosantoantonio\/#\/schema\/person\/73421c01c49c32a7bb0a19d9b36df6ad"},"breadcrumb":{"@id":"https:\/\/franciscanos.org.br\/conventosantoantonio\/santo-antonio-do-relento-sera-celebrado-18-de-setembro-no-largo-da-carioca\/#breadcrumb"},"inLanguage":"pt-BR","potentialAction":[{"@type":"ReadAction","target":["https:\/\/franciscanos.org.br\/conventosantoantonio\/santo-antonio-do-relento-sera-celebrado-18-de-setembro-no-largo-da-carioca\/"]}]},{"@type":"BreadcrumbList","@id":"https:\/\/franciscanos.org.br\/conventosantoantonio\/santo-antonio-do-relento-sera-celebrado-18-de-setembro-no-largo-da-carioca\/#breadcrumb","itemListElement":[{"@type":"ListItem","position":1,"name":"Home","item":"https:\/\/franciscanos.org.br\/conventosantoantonio\/"},{"@type":"ListItem","position":2,"name":"Santo Ant\u00f4nio do Relento ser\u00e1 celebrado 18 de setembro no Largo da Carioca"}]},{"@type":"Person","@id":"https:\/\/franciscanos.org.br\/conventosantoantonio\/#\/schema\/person\/73421c01c49c32a7bb0a19d9b36df6ad","name":"moacir","image":{"@type":"ImageObject","inLanguage":"pt-BR","@id":"https:\/\/franciscanos.org.br\/conventosantoantonio\/#\/schema\/person\/image\/","url":"https:\/\/secure.gravatar.com\/avatar\/d08aa2ce4c8dd416d4479aa8536fcf64?s=96&d=mm&r=g","contentUrl":"https:\/\/secure.gravatar.com\/avatar\/d08aa2ce4c8dd416d4479aa8536fcf64?s=96&d=mm&r=g","caption":"moacir"},"url":"https:\/\/franciscanos.org.br\/conventosantoantonio\/author\/moacir\/"}]}},"_links":{"self":[{"href":"https:\/\/franciscanos.org.br\/conventosantoantonio\/wp-json\/wp\/v2\/posts\/188976"}],"collection":[{"href":"https:\/\/franciscanos.org.br\/conventosantoantonio\/wp-json\/wp\/v2\/posts"}],"about":[{"href":"https:\/\/franciscanos.org.br\/conventosantoantonio\/wp-json\/wp\/v2\/types\/post"}],"author":[{"embeddable":true,"href":"https:\/\/franciscanos.org.br\/conventosantoantonio\/wp-json\/wp\/v2\/users\/3"}],"replies":[{"embeddable":true,"href":"https:\/\/franciscanos.org.br\/conventosantoantonio\/wp-json\/wp\/v2\/comments?post=188976"}],"version-history":[{"count":1,"href":"https:\/\/franciscanos.org.br\/conventosantoantonio\/wp-json\/wp\/v2\/posts\/188976\/revisions"}],"predecessor-version":[{"id":188979,"href":"https:\/\/franciscanos.org.br\/conventosantoantonio\/wp-json\/wp\/v2\/posts\/188976\/revisions\/188979"}],"wp:featuredmedia":[{"embeddable":true,"href":"https:\/\/franciscanos.org.br\/conventosantoantonio\/wp-json\/wp\/v2\/media\/188978"}],"wp:attachment":[{"href":"https:\/\/franciscanos.org.br\/conventosantoantonio\/wp-json\/wp\/v2\/media?parent=188976"}],"wp:term":[{"taxonomy":"category","embeddable":true,"href":"https:\/\/franciscanos.org.br\/conventosantoantonio\/wp-json\/wp\/v2\/categories?post=188976"},{"taxonomy":"post_tag","embeddable":true,"href":"https:\/\/franciscanos.org.br\/conventosantoantonio\/wp-json\/wp\/v2\/tags?post=188976"}],"curies":[{"name":"wp","href":"https:\/\/api.w.org\/{rel}","templated":true}]}}