{"id":188963,"date":"2023-08-31T09:41:16","date_gmt":"2023-08-31T12:41:16","guid":{"rendered":"https:\/\/franciscanos.org.br\/conventosantoantonio\/?p=188963"},"modified":"2023-08-31T09:41:16","modified_gmt":"2023-08-31T12:41:16","slug":"fraternidade-do-convento-santo-antonio-se-despede-de-francisco-de-assis-com-gratidao","status":"publish","type":"post","link":"https:\/\/franciscanos.org.br\/conventosantoantonio\/fraternidade-do-convento-santo-antonio-se-despede-de-francisco-de-assis-com-gratidao\/","title":{"rendered":"Fraternidade do Convento Santo Ant\u00f4nio se despede de Francisco de Assis com gratid\u00e3o"},"content":{"rendered":"<p><img loading=\"lazy\" class=\"alignnone size-full wp-image-188964\" src=\"https:\/\/franciscanos.org.br\/conventosantoantonio\/wp-content\/uploads\/2023\/08\/chico_01.jpg\" alt=\"\" width=\"980\" height=\"525\" srcset=\"https:\/\/franciscanos.org.br\/conventosantoantonio\/wp-content\/uploads\/2023\/08\/chico_01.jpg 980w, https:\/\/franciscanos.org.br\/conventosantoantonio\/wp-content\/uploads\/2023\/08\/chico_01-450x241.jpg 450w, https:\/\/franciscanos.org.br\/conventosantoantonio\/wp-content\/uploads\/2023\/08\/chico_01-768x411.jpg 768w, https:\/\/franciscanos.org.br\/conventosantoantonio\/wp-content\/uploads\/2023\/08\/chico_01-150x80.jpg 150w\" sizes=\"(max-width: 980px) 100vw, 980px\" \/><\/p>\n<p>A Celebra\u00e7\u00e3o Eucar\u00edstica desta quarta-feira, \u00e0s 12 horas, marcou a despedida do colaborador Francisco de Assis Felizardo, depois de 45 anos e 10 meses de servi\u00e7os prestados ao Convento Santo Ant\u00f4nio do Largo da Carioca (RJ). Seu Chico, como \u00e9 conhecido e querido por todos, recebeu sinceras homenagens dos frades pela bela miss\u00e3o que exerceu com total fidelidade. Na Celebra\u00e7\u00e3o, presidida pela Fraternidade &#8211; Frei Walter Ferreira Junior, o guardi\u00e3o; Frei Gustavo Wayand Medella, o Vig\u00e1rio Provincial; Frei Anselmo Fracasso, Frei Cl\u00e1udio C\u00e9sar Broca da Siqueira, Frei Guido Scottini, Frei Neylor Jos\u00e9 Tonin e Frei Jos\u00e9 Pereira &#8211; estavam presentes a mulher Deise e o filho D\u00e9cio, al\u00e9m de seus amigos e colaboradores do Convento.<\/p>\n<p>Em nome da Prov\u00edncia Franciscana da Imaculada Concei\u00e7\u00e3o, Frei Gustavo agradeceu primeiro a esposa e filho. &#8220;Que Deus os ilumine e os conduza. Muito obrigado por terem emprestado o pai e o esposo por tanto tempo&#8221;, disse.\u00a0 &#8220;Tenho certeza que, o Chico sendo para voc\u00eas o que foi para n\u00f3s aqui, tamb\u00e9m s\u00e3o felizardos. Parab\u00e9ns, em nome da nossa Prov\u00edncia e da Ordem Franciscana. O Chico at\u00e9 recebeu uma b\u00ean\u00e7\u00e3o assinada pelo Ministro Geral quando completou 45 anos de casa. E essa \u00e9 a nossa gratid\u00e3o que permanece. Mais do que o reconhecimento de um documento ou de um dia bonito, fica essa gratid\u00e3o, a qual n\u00f3s renovamos e lembramos de voc\u00ea e do quanto importante, bonita, foi sua presen\u00e7a entre n\u00f3s&#8221;, completou o Vig\u00e1rio Provincial.<\/p>\n<p><img loading=\"lazy\" class=\"alignnone size-full wp-image-188965\" src=\"https:\/\/franciscanos.org.br\/conventosantoantonio\/wp-content\/uploads\/2023\/08\/chico_02.jpg\" alt=\"\" width=\"1280\" height=\"720\" srcset=\"https:\/\/franciscanos.org.br\/conventosantoantonio\/wp-content\/uploads\/2023\/08\/chico_02.jpg 1280w, https:\/\/franciscanos.org.br\/conventosantoantonio\/wp-content\/uploads\/2023\/08\/chico_02-450x253.jpg 450w, https:\/\/franciscanos.org.br\/conventosantoantonio\/wp-content\/uploads\/2023\/08\/chico_02-1024x576.jpg 1024w, https:\/\/franciscanos.org.br\/conventosantoantonio\/wp-content\/uploads\/2023\/08\/chico_02-768x432.jpg 768w, https:\/\/franciscanos.org.br\/conventosantoantonio\/wp-content\/uploads\/2023\/08\/chico_02-150x84.jpg 150w\" sizes=\"(max-width: 1280px) 100vw, 1280px\" \/><\/p>\n<p>&#8220;Hoje, a sua presen\u00e7a, a hist\u00f3ria, a dedica\u00e7\u00e3o, o servi\u00e7o, ficam para n\u00f3s como mensagem eloquente da simplicidade, da entrega, da fidelidade do Francisco, porque felizardo somos n\u00f3s todos&#8221;, disse Frei Jos\u00e9 Pereira, que foi guardi\u00e3o do Convento por dez anos. &#8220;N\u00f3s n\u00e3o elogiamos a pessoa, n\u00f3s agradecemos a Deus o privil\u00e9gio desse presente que voc\u00ea sempre significou pelo seu sil\u00eancio, pela sensibilidade, pela f\u00e9. Por tudo aquilo que inspirou tamb\u00e9m a vida desta fraternidade. Por isso, Francisco, diante de Deus, queremos dizer obrigado&#8221;, enfatizou, destacando a dedica\u00e7\u00e3o, sempre &#8220;muito expressiva e eloquente na sua vida e na vida de nossos confrades neste Convento de Santo Ant\u00f4nio&#8221;.<\/p>\n<p>Frei Anselmo lembrou que j\u00e1 estava h\u00e1 16 anos no Convento quando Francisco chegou em 1977. &#8220;Nunca ele teve problemas com uma pessoa, e ningu\u00e9m teve esse problema com ele. Ele foi fiel funcion\u00e1rio, prestativo, dedicado, generoso, dispon\u00edvel, pronto para tudo fazer. N\u00f3s temos muito que agradecer sua presen\u00e7a, o seu trabalho, o seu bom exemplo. Voc\u00ea vai partir, mas a dist\u00e2ncia separa os corpos, mas n\u00e3o separa o esp\u00edrito, o carinho, a amizade e a gratid\u00e3o. Onde voc\u00ea estiver, estaremos espiritualmente sempre com voc\u00ea, Francisco. Voc\u00ea vai partir e vai deixar saudade. Saudade \u00e9 o amor que permanece para sempre. Portanto, nosso carinho, nossa amizade. Que Deus lhe recompense por tudo que nos fez, juntamente com sua esposa Deise e seus quatro filhos&#8221;, homenageou Frei Anselmo.<\/p>\n<p>Frei Neylor destacou o servi\u00e7o de Francisco, que marcou a hist\u00f3ria da fraternidade deste convento no centro da cidade do Rio de Janeiro: &#8220;E voc\u00ea marcou com amor, sorrisos e alma. E nessa alma de todos n\u00f3s, est\u00e3o escritas duas palavras: muito obrigado!&#8221;.<\/p>\n<p><img loading=\"lazy\" class=\"alignnone size-full wp-image-188966\" src=\"https:\/\/franciscanos.org.br\/conventosantoantonio\/wp-content\/uploads\/2023\/08\/chico_03.jpg\" alt=\"\" width=\"1280\" height=\"808\" srcset=\"https:\/\/franciscanos.org.br\/conventosantoantonio\/wp-content\/uploads\/2023\/08\/chico_03.jpg 1280w, https:\/\/franciscanos.org.br\/conventosantoantonio\/wp-content\/uploads\/2023\/08\/chico_03-450x284.jpg 450w, https:\/\/franciscanos.org.br\/conventosantoantonio\/wp-content\/uploads\/2023\/08\/chico_03-1024x646.jpg 1024w, https:\/\/franciscanos.org.br\/conventosantoantonio\/wp-content\/uploads\/2023\/08\/chico_03-768x485.jpg 768w, https:\/\/franciscanos.org.br\/conventosantoantonio\/wp-content\/uploads\/2023\/08\/chico_03-150x95.jpg 150w\" sizes=\"(max-width: 1280px) 100vw, 1280px\" \/><\/p>\n<p>&#8220;Quando voc\u00ea nasceu, recebeu um nome bonito: Francisco de Assis. E voc\u00ea tem um esp\u00edrito franciscano&#8221;, constatou Frei Guido. &#8220;S\u00e3o Francisco de Assis, entre as m\u00faltiplas virtudes, tinha tr\u00eas que me encantam: simplicidade, servi\u00e7o e desprendimento. E voc\u00ea encarna essas virtudes. Voc\u00ea sempre foi uma pessoa dispon\u00edvel, sempre pronto para atender, por isso voc\u00ea sempre me encantou como pessoa. Que Deus lhe conceda a gra\u00e7a de continuar nesta simplicidade e disponibilidade, porque voc\u00ea \u00e9 um homem de bem e um homem de bem s\u00f3 semeia coisas boas&#8221;, completou Frei Guido.<\/p>\n<p>Aos 62 anos, seu Chico \u00e9 o funcion\u00e1rio mais antigo do Convento, ou como ele mesmo diz, a sua segunda casa. Faltavam quatro dias para completar 18 anos quando o guardi\u00e3o Frei Hugo Baggio o convidou para trabalhar no convento. Ele aceitou prontamente. \u201cMeu irm\u00e3o trabalhava aqui e, durante as festas eu vinha ajudar a encher as garrafinhas de \u00e1gua benta. Foi, ent\u00e3o, que ele me perguntou se queria trabalhar aqui. Disse que sim e ele respondeu: \u2018Pode ficar\u2019. Desde ent\u00e3o, estou aqui\u201d, contou Seu Chico, que faz os servi\u00e7os gerais do Convento.<\/p>\n<p>Ele lembra de todos os seus superiores, enumerando um por um os guardi\u00e3es que conheceu nestes 41 anos: al\u00e9m de Frei Hugo, Frei Gabriel da Veiga, Frei Edgard Weiss (que ficou 12 anos), Frei Jos\u00e9 Pereira (nove anos), Frei Ivo Theiss, Frei Clar\u00eancio Neotti, Frei Ivo M\u00fcller e Frei Walter Ferreira Junior, o atual guardi\u00e3o. \u201cGostei de trabalhar com todos. Entrei aqui muito jovem, mas com o tempo comecei a gostar e a valorizar tudo o que fa\u00e7o. Aprendi, aqui, que o trabalho de faxineiro \u00e9 t\u00e3o importante como o de um doutor\u201d, revela Francisco. Essa conviv\u00eancia o fez terminar o Ensino M\u00e9dio e cursar Teologia e fazer dois anos de educa\u00e7\u00e3o religiosa num col\u00e9gio de freiras. \u201c\u00c9 muito bom trabalhar com os frades. Estou sempre aprendendo. At\u00e9 o curso de alem\u00e3o eu fiz com Frei Cl\u00e1udio Guski\u201d, contou.<\/p>\n<p><img loading=\"lazy\" class=\"alignnone size-full wp-image-188967\" src=\"https:\/\/franciscanos.org.br\/conventosantoantonio\/wp-content\/uploads\/2023\/08\/chico_04.jpg\" alt=\"\" width=\"1280\" height=\"876\" srcset=\"https:\/\/franciscanos.org.br\/conventosantoantonio\/wp-content\/uploads\/2023\/08\/chico_04.jpg 1280w, https:\/\/franciscanos.org.br\/conventosantoantonio\/wp-content\/uploads\/2023\/08\/chico_04-450x308.jpg 450w, https:\/\/franciscanos.org.br\/conventosantoantonio\/wp-content\/uploads\/2023\/08\/chico_04-1024x701.jpg 1024w, https:\/\/franciscanos.org.br\/conventosantoantonio\/wp-content\/uploads\/2023\/08\/chico_04-768x526.jpg 768w, https:\/\/franciscanos.org.br\/conventosantoantonio\/wp-content\/uploads\/2023\/08\/chico_04-150x103.jpg 150w\" sizes=\"(max-width: 1280px) 100vw, 1280px\" \/><\/p>\n<p>\u201cCom o tempo conheci mais a hist\u00f3ria e o significado desse patrim\u00f4nio no Rio de Janeiro. Antes n\u00e3o tinha no\u00e7\u00e3o do que era um patrim\u00f4nio. Com o tempo aprendi a amar esta casa. Considero aqui uma segunda casa e os frades como minha fam\u00edlia. Tenho amor \u00e0 casa, aos frades e ao trabalho\u201d, acrescenta.<\/p>\n<p>Casado h\u00e1 34 anos e pai de 4 filhos, Seu Chico mora em S\u00e3o Jo\u00e3o de Meriti e afirma com todas as letras: \u201cEu sou franciscano\u201d. \u201cQuando tinha 18 anos, coloquei um h\u00e1bito e participei de um coral dos frades para o &#8216;Fant\u00e1stico&#8217; da Rede Globo. Cantei em latim. As pessoas pensavam que eu era frade. Outros achavam que eu n\u00e3o iria casar e me tornaria frade\u201d, recorda. Para ele, embora trabalhe na \u201ccasa\u201d de Santo Ant\u00f4nio, seu predileto \u00e9 S\u00e3o Francisco. \u201cEle \u00e9 o fundador da Ordem Franciscana. Ant\u00f4nio \u00e9 o seu disc\u00edpulo. Tenho mais proximidade com S\u00e3o Francisco\u201d, revela. Dos frades, tem proximidade com Frei Anselmo Fracasso, que \u00e9 deficiente visual e vive no Convento muito antes de ele come\u00e7ar a trabalhar. \u201cSempre acompanhava Frei Anselmo, principalmente quando viajava muito. Agora, devido \u00e0 idade, ele n\u00e3o viaja mais\u201d, disse. Para ele, gera\u00e7\u00f5es de frades da Prov\u00edncia passaram pelo Convento e de todos guarda boas recorda\u00e7\u00f5es, como cita Frei Olavo Seifert, o frade centen\u00e1rio da Prov\u00edncia.<\/p>\n<p>Bastante emocionado, ele contou que nos \u00faltimos dias esteve com o cora\u00e7\u00e3o apertado. Ele agradeceu aos fi\u00e9is que v\u00eam ao Convento e aos companheiros de trabalho, que &#8220;n\u00e3o os chamo de colegas, mas de amigos&#8221;, disse. &#8220;Eu agrade\u00e7o a todos os frades que me receberam desde 1977. Frei Hugo me deu a chave desta casa para eu trabalhar e agora estou entregando a mesma chave para o superior desta casa, Frei Walter. Agrade\u00e7o muito ao Frei Walter: entrei com alegria e sairei com alegria pela mesma porta. Eu vou para casa, mas levarei todos voc\u00eas no meu cora\u00e7\u00e3o&#8221;, completou, frisando toda sua gratid\u00e3o aos frades.<\/p>\n<hr \/>\n<p><em>Moacir Beggo e Frei Gustavo Medella (fotos)<\/em><\/p>\n","protected":false},"excerpt":{"rendered":"<p>Despedida do sr. Chico<\/p>\n","protected":false},"author":3,"featured_media":188964,"comment_status":"open","ping_status":"open","sticky":false,"template":"","format":"standard","meta":[],"categories":[105],"tags":[357],"yoast_head":"<!-- This site is optimized with the Yoast SEO plugin v19.4 - https:\/\/yoast.com\/wordpress\/plugins\/seo\/ -->\n<title>Fraternidade do Convento Santo Ant\u00f4nio se despede de Francisco de Assis com gratid\u00e3o - Convento Santo Ant\u00f4nio- Franciscanos<\/title>\n<meta name=\"robots\" content=\"index, follow, max-snippet:-1, max-image-preview:large, max-video-preview:-1\" \/>\n<link rel=\"canonical\" href=\"https:\/\/franciscanos.org.br\/conventosantoantonio\/fraternidade-do-convento-santo-antonio-se-despede-de-francisco-de-assis-com-gratidao\/\" \/>\n<meta property=\"og:locale\" content=\"pt_BR\" \/>\n<meta property=\"og:type\" content=\"article\" \/>\n<meta property=\"og:title\" content=\"Fraternidade do Convento Santo Ant\u00f4nio se despede de Francisco de Assis com gratid\u00e3o - Convento Santo Ant\u00f4nio- Franciscanos\" \/>\n<meta property=\"og:description\" content=\"Despedida do sr. Chico\" \/>\n<meta property=\"og:url\" content=\"https:\/\/franciscanos.org.br\/conventosantoantonio\/fraternidade-do-convento-santo-antonio-se-despede-de-francisco-de-assis-com-gratidao\/\" \/>\n<meta property=\"og:site_name\" content=\"Convento Santo Ant\u00f4nio- Franciscanos\" \/>\n<meta property=\"article:published_time\" content=\"2023-08-31T12:41:16+00:00\" \/>\n<meta property=\"og:image\" content=\"https:\/\/franciscanos.org.br\/conventosantoantonio\/wp-content\/uploads\/2023\/08\/chico_01.jpg\" \/>\n\t<meta property=\"og:image:width\" content=\"980\" \/>\n\t<meta property=\"og:image:height\" content=\"525\" \/>\n\t<meta property=\"og:image:type\" content=\"image\/jpeg\" \/>\n<meta name=\"author\" content=\"moacir\" \/>\n<meta name=\"twitter:card\" content=\"summary_large_image\" \/>\n<meta name=\"twitter:label1\" content=\"Escrito por\" \/>\n\t<meta name=\"twitter:data1\" content=\"moacir\" \/>\n\t<meta name=\"twitter:label2\" content=\"Est. tempo de leitura\" \/>\n\t<meta name=\"twitter:data2\" content=\"8 minutos\" \/>\n<script type=\"application\/ld+json\" class=\"yoast-schema-graph\">{\"@context\":\"https:\/\/schema.org\",\"@graph\":[{\"@type\":\"WebSite\",\"@id\":\"https:\/\/franciscanos.org.br\/conventosantoantonio\/#website\",\"url\":\"https:\/\/franciscanos.org.br\/conventosantoantonio\/\",\"name\":\"Convento Santo Ant\u00f4nio- Franciscanos\",\"description\":\"Prov\u00edncia Franciscana da Imaculada Concei\u00e7\u00e3o do Brasil - Ordem dos Frades Menores\",\"potentialAction\":[{\"@type\":\"SearchAction\",\"target\":{\"@type\":\"EntryPoint\",\"urlTemplate\":\"https:\/\/franciscanos.org.br\/conventosantoantonio\/?s={search_term_string}\"},\"query-input\":\"required name=search_term_string\"}],\"inLanguage\":\"pt-BR\"},{\"@type\":\"WebPage\",\"@id\":\"https:\/\/franciscanos.org.br\/conventosantoantonio\/fraternidade-do-convento-santo-antonio-se-despede-de-francisco-de-assis-com-gratidao\/\",\"url\":\"https:\/\/franciscanos.org.br\/conventosantoantonio\/fraternidade-do-convento-santo-antonio-se-despede-de-francisco-de-assis-com-gratidao\/\",\"name\":\"Fraternidade do Convento Santo Ant\u00f4nio se despede de Francisco de Assis com gratid\u00e3o - Convento Santo Ant\u00f4nio- Franciscanos\",\"isPartOf\":{\"@id\":\"https:\/\/franciscanos.org.br\/conventosantoantonio\/#website\"},\"datePublished\":\"2023-08-31T12:41:16+00:00\",\"dateModified\":\"2023-08-31T12:41:16+00:00\",\"author\":{\"@id\":\"https:\/\/franciscanos.org.br\/conventosantoantonio\/#\/schema\/person\/73421c01c49c32a7bb0a19d9b36df6ad\"},\"breadcrumb\":{\"@id\":\"https:\/\/franciscanos.org.br\/conventosantoantonio\/fraternidade-do-convento-santo-antonio-se-despede-de-francisco-de-assis-com-gratidao\/#breadcrumb\"},\"inLanguage\":\"pt-BR\",\"potentialAction\":[{\"@type\":\"ReadAction\",\"target\":[\"https:\/\/franciscanos.org.br\/conventosantoantonio\/fraternidade-do-convento-santo-antonio-se-despede-de-francisco-de-assis-com-gratidao\/\"]}]},{\"@type\":\"BreadcrumbList\",\"@id\":\"https:\/\/franciscanos.org.br\/conventosantoantonio\/fraternidade-do-convento-santo-antonio-se-despede-de-francisco-de-assis-com-gratidao\/#breadcrumb\",\"itemListElement\":[{\"@type\":\"ListItem\",\"position\":1,\"name\":\"Home\",\"item\":\"https:\/\/franciscanos.org.br\/conventosantoantonio\/\"},{\"@type\":\"ListItem\",\"position\":2,\"name\":\"Fraternidade do Convento Santo Ant\u00f4nio se despede de Francisco de Assis com gratid\u00e3o\"}]},{\"@type\":\"Person\",\"@id\":\"https:\/\/franciscanos.org.br\/conventosantoantonio\/#\/schema\/person\/73421c01c49c32a7bb0a19d9b36df6ad\",\"name\":\"moacir\",\"image\":{\"@type\":\"ImageObject\",\"inLanguage\":\"pt-BR\",\"@id\":\"https:\/\/franciscanos.org.br\/conventosantoantonio\/#\/schema\/person\/image\/\",\"url\":\"https:\/\/secure.gravatar.com\/avatar\/d08aa2ce4c8dd416d4479aa8536fcf64?s=96&d=mm&r=g\",\"contentUrl\":\"https:\/\/secure.gravatar.com\/avatar\/d08aa2ce4c8dd416d4479aa8536fcf64?s=96&d=mm&r=g\",\"caption\":\"moacir\"},\"url\":\"https:\/\/franciscanos.org.br\/conventosantoantonio\/author\/moacir\/\"}]}<\/script>\n<!-- \/ Yoast SEO plugin. -->","yoast_head_json":{"title":"Fraternidade do Convento Santo Ant\u00f4nio se despede de Francisco de Assis com gratid\u00e3o - Convento Santo Ant\u00f4nio- Franciscanos","robots":{"index":"index","follow":"follow","max-snippet":"max-snippet:-1","max-image-preview":"max-image-preview:large","max-video-preview":"max-video-preview:-1"},"canonical":"https:\/\/franciscanos.org.br\/conventosantoantonio\/fraternidade-do-convento-santo-antonio-se-despede-de-francisco-de-assis-com-gratidao\/","og_locale":"pt_BR","og_type":"article","og_title":"Fraternidade do Convento Santo Ant\u00f4nio se despede de Francisco de Assis com gratid\u00e3o - Convento Santo Ant\u00f4nio- Franciscanos","og_description":"Despedida do sr. Chico","og_url":"https:\/\/franciscanos.org.br\/conventosantoantonio\/fraternidade-do-convento-santo-antonio-se-despede-de-francisco-de-assis-com-gratidao\/","og_site_name":"Convento Santo Ant\u00f4nio- Franciscanos","article_published_time":"2023-08-31T12:41:16+00:00","og_image":[{"width":980,"height":525,"url":"https:\/\/franciscanos.org.br\/conventosantoantonio\/wp-content\/uploads\/2023\/08\/chico_01.jpg","type":"image\/jpeg"}],"author":"moacir","twitter_card":"summary_large_image","twitter_misc":{"Escrito por":"moacir","Est. tempo de leitura":"8 minutos"},"schema":{"@context":"https:\/\/schema.org","@graph":[{"@type":"WebSite","@id":"https:\/\/franciscanos.org.br\/conventosantoantonio\/#website","url":"https:\/\/franciscanos.org.br\/conventosantoantonio\/","name":"Convento Santo Ant\u00f4nio- Franciscanos","description":"Prov\u00edncia Franciscana da Imaculada Concei\u00e7\u00e3o do Brasil - Ordem dos Frades Menores","potentialAction":[{"@type":"SearchAction","target":{"@type":"EntryPoint","urlTemplate":"https:\/\/franciscanos.org.br\/conventosantoantonio\/?s={search_term_string}"},"query-input":"required name=search_term_string"}],"inLanguage":"pt-BR"},{"@type":"WebPage","@id":"https:\/\/franciscanos.org.br\/conventosantoantonio\/fraternidade-do-convento-santo-antonio-se-despede-de-francisco-de-assis-com-gratidao\/","url":"https:\/\/franciscanos.org.br\/conventosantoantonio\/fraternidade-do-convento-santo-antonio-se-despede-de-francisco-de-assis-com-gratidao\/","name":"Fraternidade do Convento Santo Ant\u00f4nio se despede de Francisco de Assis com gratid\u00e3o - Convento Santo Ant\u00f4nio- Franciscanos","isPartOf":{"@id":"https:\/\/franciscanos.org.br\/conventosantoantonio\/#website"},"datePublished":"2023-08-31T12:41:16+00:00","dateModified":"2023-08-31T12:41:16+00:00","author":{"@id":"https:\/\/franciscanos.org.br\/conventosantoantonio\/#\/schema\/person\/73421c01c49c32a7bb0a19d9b36df6ad"},"breadcrumb":{"@id":"https:\/\/franciscanos.org.br\/conventosantoantonio\/fraternidade-do-convento-santo-antonio-se-despede-de-francisco-de-assis-com-gratidao\/#breadcrumb"},"inLanguage":"pt-BR","potentialAction":[{"@type":"ReadAction","target":["https:\/\/franciscanos.org.br\/conventosantoantonio\/fraternidade-do-convento-santo-antonio-se-despede-de-francisco-de-assis-com-gratidao\/"]}]},{"@type":"BreadcrumbList","@id":"https:\/\/franciscanos.org.br\/conventosantoantonio\/fraternidade-do-convento-santo-antonio-se-despede-de-francisco-de-assis-com-gratidao\/#breadcrumb","itemListElement":[{"@type":"ListItem","position":1,"name":"Home","item":"https:\/\/franciscanos.org.br\/conventosantoantonio\/"},{"@type":"ListItem","position":2,"name":"Fraternidade do Convento Santo Ant\u00f4nio se despede de Francisco de Assis com gratid\u00e3o"}]},{"@type":"Person","@id":"https:\/\/franciscanos.org.br\/conventosantoantonio\/#\/schema\/person\/73421c01c49c32a7bb0a19d9b36df6ad","name":"moacir","image":{"@type":"ImageObject","inLanguage":"pt-BR","@id":"https:\/\/franciscanos.org.br\/conventosantoantonio\/#\/schema\/person\/image\/","url":"https:\/\/secure.gravatar.com\/avatar\/d08aa2ce4c8dd416d4479aa8536fcf64?s=96&d=mm&r=g","contentUrl":"https:\/\/secure.gravatar.com\/avatar\/d08aa2ce4c8dd416d4479aa8536fcf64?s=96&d=mm&r=g","caption":"moacir"},"url":"https:\/\/franciscanos.org.br\/conventosantoantonio\/author\/moacir\/"}]}},"_links":{"self":[{"href":"https:\/\/franciscanos.org.br\/conventosantoantonio\/wp-json\/wp\/v2\/posts\/188963"}],"collection":[{"href":"https:\/\/franciscanos.org.br\/conventosantoantonio\/wp-json\/wp\/v2\/posts"}],"about":[{"href":"https:\/\/franciscanos.org.br\/conventosantoantonio\/wp-json\/wp\/v2\/types\/post"}],"author":[{"embeddable":true,"href":"https:\/\/franciscanos.org.br\/conventosantoantonio\/wp-json\/wp\/v2\/users\/3"}],"replies":[{"embeddable":true,"href":"https:\/\/franciscanos.org.br\/conventosantoantonio\/wp-json\/wp\/v2\/comments?post=188963"}],"version-history":[{"count":1,"href":"https:\/\/franciscanos.org.br\/conventosantoantonio\/wp-json\/wp\/v2\/posts\/188963\/revisions"}],"predecessor-version":[{"id":188968,"href":"https:\/\/franciscanos.org.br\/conventosantoantonio\/wp-json\/wp\/v2\/posts\/188963\/revisions\/188968"}],"wp:featuredmedia":[{"embeddable":true,"href":"https:\/\/franciscanos.org.br\/conventosantoantonio\/wp-json\/wp\/v2\/media\/188964"}],"wp:attachment":[{"href":"https:\/\/franciscanos.org.br\/conventosantoantonio\/wp-json\/wp\/v2\/media?parent=188963"}],"wp:term":[{"taxonomy":"category","embeddable":true,"href":"https:\/\/franciscanos.org.br\/conventosantoantonio\/wp-json\/wp\/v2\/categories?post=188963"},{"taxonomy":"post_tag","embeddable":true,"href":"https:\/\/franciscanos.org.br\/conventosantoantonio\/wp-json\/wp\/v2\/tags?post=188963"}],"curies":[{"name":"wp","href":"https:\/\/api.w.org\/{rel}","templated":true}]}}