{"id":188955,"date":"2023-08-11T14:17:39","date_gmt":"2023-08-11T17:17:39","guid":{"rendered":"https:\/\/franciscanos.org.br\/conventosantoantonio\/?p=188955"},"modified":"2023-08-11T14:18:11","modified_gmt":"2023-08-11T17:18:11","slug":"frei-medella-a-grandiosidade-de-clara-foi-construida-no-dia-a-dia-muito-simples-e-fiel","status":"publish","type":"post","link":"https:\/\/franciscanos.org.br\/conventosantoantonio\/frei-medella-a-grandiosidade-de-clara-foi-construida-no-dia-a-dia-muito-simples-e-fiel\/","title":{"rendered":"Frei Medella: a grandiosidade de Clara foi constru\u00edda no dia a dia muito simples e fiel"},"content":{"rendered":"<p><img loading=\"lazy\" class=\"alignnone size-full wp-image-188956\" src=\"https:\/\/franciscanos.org.br\/conventosantoantonio\/wp-content\/uploads\/2023\/08\/clara_02-1.jpg\" alt=\"\" width=\"1280\" height=\"730\" srcset=\"https:\/\/franciscanos.org.br\/conventosantoantonio\/wp-content\/uploads\/2023\/08\/clara_02-1.jpg 1280w, https:\/\/franciscanos.org.br\/conventosantoantonio\/wp-content\/uploads\/2023\/08\/clara_02-1-450x257.jpg 450w, https:\/\/franciscanos.org.br\/conventosantoantonio\/wp-content\/uploads\/2023\/08\/clara_02-1-1024x584.jpg 1024w, https:\/\/franciscanos.org.br\/conventosantoantonio\/wp-content\/uploads\/2023\/08\/clara_02-1-768x438.jpg 768w, https:\/\/franciscanos.org.br\/conventosantoantonio\/wp-content\/uploads\/2023\/08\/clara_02-1-150x86.jpg 150w\" sizes=\"(max-width: 1280px) 100vw, 1280px\" \/><\/p>\n<p>O Convento Santo Ant\u00f4nio celebrou, neste 11 de agosto, com muita festividade Santa Clara de Assis, uma grande santa que fundamentou sua vida nas coisas simples e fi\u00e9is do dia a dia.<\/p>\n<p>O Vig\u00e1rio Provincial, Frei Gustavo Medella, presidiu a Celebra\u00e7\u00e3o Eucar\u00edstica \u00e0s 12 horas, tendo como concelebrante Frei Cl\u00e1udio Broca e no servi\u00e7o do altar o di\u00e1cono Frei David Belineli. Na sua homilia, lembrou que come\u00e7ar \u00e9 sempre um grande desafio, mas que permanecer costuma ser um desafio maior ainda. &#8220;N\u00f3s podemos considerar Clara a mulher da perman\u00eancia. Um frade que morava comigo dizia: &#8216;Vassoura nova varre que \u00e9 uma beleza&#8217;, mas depois de alguns meses, com o desgaste das cerdas, a varri\u00e7\u00e3o j\u00e1 n\u00e3o fica t\u00e3o boa. Ele disse isso se referindo aos come\u00e7os animados e felizes de uma miss\u00e3o e depois, parece, ia perdendo o brilho. Santa Clara tamb\u00e9m passou por diferentes percal\u00e7os, dificuldades, tanto em rela\u00e7\u00e3o \u00e0 fam\u00edlia, depois tamb\u00e9m desafios diante da Igreja, em ter o seu modo de vida compreendido e assimilado, ela que foi uma vision\u00e1ria, algu\u00e9m \u00e0 frente do seu tempo, lan\u00e7ando-se em uma experi\u00eancia nova para a Igreja enquanto institui\u00e7\u00e3o&#8221;, disse o celebrante.<\/p>\n<p>Segundo ele, ela conseguiu dar os passos necess\u00e1rios porque buscou e foi firme na perman\u00eancia em seus ideais. &#8220;Voltar sempre ao ponto de partida \u00e9 o grande conselho que ela deu em uma das cartas que ela escreveu a sua prima. N\u00e3o perca de vista o seu ponto de partida. E creio seja esse o grande ensinamento para n\u00f3s tamb\u00e9m. Permanecermos nos bons projetos que um dia nos dispusemos, mesmo que venham ventos contr\u00e1rios, mesmo que passemos por tribula\u00e7\u00f5es, como aquela que S\u00e3o Paulo descreveu na leitura que acabamos de ouvir&#8221;, observou.<\/p>\n<p>&#8220;\u00c9 claro que diante das tribula\u00e7\u00f5es, das decep\u00e7\u00f5es, das frustra\u00e7\u00f5es, \u00e0s vezes conosco, \u00e0s vezes com os outros, \u00e0s vezes com as circunst\u00e2ncias, n\u00f3s somos tentados a desanimar porque n\u00f3s carregamos a fragilidade do tesouro do vaso de barro. E a\u00ed ent\u00e3o \u00e9 que precisamos retomar o fundamento da nossa vida e da nossa consagra\u00e7\u00e3o. Vale para o casamento, vale para a profiss\u00e3o, vale para qualquer bom prop\u00f3sito, vale para a vida de f\u00e9, batizados um dia e fundamentados que fomos sobre Nosso Senhor Jesus Cristo. N\u00e3o perder de vista o ponto de partida&#8221;, enfatizou.<\/p>\n<p><img loading=\"lazy\" class=\"alignnone size-full wp-image-188957\" src=\"https:\/\/franciscanos.org.br\/conventosantoantonio\/wp-content\/uploads\/2023\/08\/clara_03-1.jpg\" alt=\"\" width=\"1200\" height=\"1600\" srcset=\"https:\/\/franciscanos.org.br\/conventosantoantonio\/wp-content\/uploads\/2023\/08\/clara_03-1.jpg 1200w, https:\/\/franciscanos.org.br\/conventosantoantonio\/wp-content\/uploads\/2023\/08\/clara_03-1-338x450.jpg 338w, https:\/\/franciscanos.org.br\/conventosantoantonio\/wp-content\/uploads\/2023\/08\/clara_03-1-768x1024.jpg 768w, https:\/\/franciscanos.org.br\/conventosantoantonio\/wp-content\/uploads\/2023\/08\/clara_03-1-1152x1536.jpg 1152w, https:\/\/franciscanos.org.br\/conventosantoantonio\/wp-content\/uploads\/2023\/08\/clara_03-1-150x200.jpg 150w\" sizes=\"(max-width: 1200px) 100vw, 1200px\" \/><\/p>\n<p>Para Frei Medella, a grandiosidade de Clara foi constru\u00edda no dia a dia muito simples e fiel. Citando o processo de canoniza\u00e7\u00e3o, destacou que diversas testemunhas s\u00e3o un\u00e2nimes em reconhecer nela a simplicidade de quem se dedicava aos trabalhos mais simples, discretos e silenciosos, dentre eles de levar as cadeiras das irm\u00e3s mais idosas. &#8220;Eu n\u00e3o entendi bem o que queria dizer essa express\u00e3o e fui l\u00e1 no dicion\u00e1rio ler o que queria dizer essa express\u00e3o. Cadeira era o lugar onde as irm\u00e3s faziam as suas necessidades. As irm\u00e3s impossibilitadas de se governarem sozinhas, usavam uma esp\u00e9cie de cadeira higi\u00eanica e Santa Clara, a m\u00e3e, a mestra e a abadessa, tinha entre as suas fun\u00e7\u00f5es aquela de limpar as cadeiras das irm\u00e3s doentes&#8221;, explicou.<\/p>\n<p>&#8220;Ou seja, isso \u00e9 grande. \u00c9 a fidelidade no pequeno, simples e cotidiano, naquilo que, de repente, a uma vis\u00e3o mais superficial seria muito desagrad\u00e1vel, um infort\u00fanio, mas para ela, n\u00e3o, porque ela encontrou no amor de Cristo, no amor a Cristo, o fundamento para viver fielmente a simplicidade de cada dia&#8221;, exortou.<\/p>\n<p>Frei Medella questionou: O que Santa Clara e seu modo de ser simples e fiel tem a nos ensinar hoje numa sociedade que preza demais pelo status, pelos bens materiais, pela fama, pelo prazer? &#8220;Ela que quer nos convidar a depositar a nossa vida sobre o fundamento seguro, Jesus Cristo, e o seu amor, o seu testemunho, a sua entrega&#8221;, respondeu.<\/p>\n<p>&#8220;Sigamos juntos. Clara ilumine o nosso caminho e busquemos sempre fundamentar as nossas escolhas naquele amor que nos impulsiona a sermos cada dia pessoas melhores!&#8221;, concluiu.<\/p>\n<p>O Convento celebrou Santa Clara \u00e0s 10 e \u00e0s 12 horas e vai celebrar \u00e0s 15h e 18 horas. A festa gastron\u00f4mica est\u00e1 oferecendo o bolo de Santa Clara, o pastel de Santa Clara e o pastel de Bel\u00e9m, al\u00e9m do P\u00e3ozinho de Santo Ant\u00f4nio.<\/p>\n","protected":false},"excerpt":{"rendered":"<p>Dia de Santa Clara de Assis<\/p>\n","protected":false},"author":3,"featured_media":188956,"comment_status":"open","ping_status":"open","sticky":false,"template":"","format":"standard","meta":[],"categories":[105],"tags":[364,378],"yoast_head":"<!-- This site is optimized with the Yoast SEO plugin v19.4 - https:\/\/yoast.com\/wordpress\/plugins\/seo\/ -->\n<title>Frei Medella: a grandiosidade de Clara foi constru\u00edda no dia a dia muito simples e fiel - Convento Santo Ant\u00f4nio- Franciscanos<\/title>\n<meta name=\"robots\" content=\"index, follow, max-snippet:-1, max-image-preview:large, max-video-preview:-1\" \/>\n<link rel=\"canonical\" href=\"https:\/\/franciscanos.org.br\/conventosantoantonio\/frei-medella-a-grandiosidade-de-clara-foi-construida-no-dia-a-dia-muito-simples-e-fiel\/\" \/>\n<meta property=\"og:locale\" content=\"pt_BR\" \/>\n<meta property=\"og:type\" content=\"article\" \/>\n<meta property=\"og:title\" content=\"Frei Medella: a grandiosidade de Clara foi constru\u00edda no dia a dia muito simples e fiel - Convento Santo Ant\u00f4nio- Franciscanos\" \/>\n<meta property=\"og:description\" content=\"Dia de Santa Clara de Assis\" \/>\n<meta property=\"og:url\" content=\"https:\/\/franciscanos.org.br\/conventosantoantonio\/frei-medella-a-grandiosidade-de-clara-foi-construida-no-dia-a-dia-muito-simples-e-fiel\/\" \/>\n<meta property=\"og:site_name\" content=\"Convento Santo Ant\u00f4nio- Franciscanos\" \/>\n<meta property=\"article:published_time\" content=\"2023-08-11T17:17:39+00:00\" \/>\n<meta property=\"article:modified_time\" content=\"2023-08-11T17:18:11+00:00\" \/>\n<meta property=\"og:image\" content=\"https:\/\/franciscanos.org.br\/conventosantoantonio\/wp-content\/uploads\/2023\/08\/clara_02-1.jpg\" \/>\n\t<meta property=\"og:image:width\" content=\"1280\" \/>\n\t<meta property=\"og:image:height\" content=\"730\" \/>\n\t<meta property=\"og:image:type\" content=\"image\/jpeg\" \/>\n<meta name=\"author\" content=\"moacir\" \/>\n<meta name=\"twitter:card\" content=\"summary_large_image\" \/>\n<meta name=\"twitter:label1\" content=\"Escrito por\" \/>\n\t<meta name=\"twitter:data1\" content=\"moacir\" \/>\n\t<meta name=\"twitter:label2\" content=\"Est. tempo de leitura\" \/>\n\t<meta name=\"twitter:data2\" content=\"5 minutos\" \/>\n<script type=\"application\/ld+json\" class=\"yoast-schema-graph\">{\"@context\":\"https:\/\/schema.org\",\"@graph\":[{\"@type\":\"WebSite\",\"@id\":\"https:\/\/franciscanos.org.br\/conventosantoantonio\/#website\",\"url\":\"https:\/\/franciscanos.org.br\/conventosantoantonio\/\",\"name\":\"Convento Santo Ant\u00f4nio- Franciscanos\",\"description\":\"Prov\u00edncia Franciscana da Imaculada Concei\u00e7\u00e3o do Brasil - Ordem dos Frades Menores\",\"potentialAction\":[{\"@type\":\"SearchAction\",\"target\":{\"@type\":\"EntryPoint\",\"urlTemplate\":\"https:\/\/franciscanos.org.br\/conventosantoantonio\/?s={search_term_string}\"},\"query-input\":\"required name=search_term_string\"}],\"inLanguage\":\"pt-BR\"},{\"@type\":\"WebPage\",\"@id\":\"https:\/\/franciscanos.org.br\/conventosantoantonio\/frei-medella-a-grandiosidade-de-clara-foi-construida-no-dia-a-dia-muito-simples-e-fiel\/\",\"url\":\"https:\/\/franciscanos.org.br\/conventosantoantonio\/frei-medella-a-grandiosidade-de-clara-foi-construida-no-dia-a-dia-muito-simples-e-fiel\/\",\"name\":\"Frei Medella: a grandiosidade de Clara foi constru\u00edda no dia a dia muito simples e fiel - Convento Santo Ant\u00f4nio- Franciscanos\",\"isPartOf\":{\"@id\":\"https:\/\/franciscanos.org.br\/conventosantoantonio\/#website\"},\"datePublished\":\"2023-08-11T17:17:39+00:00\",\"dateModified\":\"2023-08-11T17:18:11+00:00\",\"author\":{\"@id\":\"https:\/\/franciscanos.org.br\/conventosantoantonio\/#\/schema\/person\/73421c01c49c32a7bb0a19d9b36df6ad\"},\"breadcrumb\":{\"@id\":\"https:\/\/franciscanos.org.br\/conventosantoantonio\/frei-medella-a-grandiosidade-de-clara-foi-construida-no-dia-a-dia-muito-simples-e-fiel\/#breadcrumb\"},\"inLanguage\":\"pt-BR\",\"potentialAction\":[{\"@type\":\"ReadAction\",\"target\":[\"https:\/\/franciscanos.org.br\/conventosantoantonio\/frei-medella-a-grandiosidade-de-clara-foi-construida-no-dia-a-dia-muito-simples-e-fiel\/\"]}]},{\"@type\":\"BreadcrumbList\",\"@id\":\"https:\/\/franciscanos.org.br\/conventosantoantonio\/frei-medella-a-grandiosidade-de-clara-foi-construida-no-dia-a-dia-muito-simples-e-fiel\/#breadcrumb\",\"itemListElement\":[{\"@type\":\"ListItem\",\"position\":1,\"name\":\"Home\",\"item\":\"https:\/\/franciscanos.org.br\/conventosantoantonio\/\"},{\"@type\":\"ListItem\",\"position\":2,\"name\":\"Frei Medella: a grandiosidade de Clara foi constru\u00edda no dia a dia muito simples e fiel\"}]},{\"@type\":\"Person\",\"@id\":\"https:\/\/franciscanos.org.br\/conventosantoantonio\/#\/schema\/person\/73421c01c49c32a7bb0a19d9b36df6ad\",\"name\":\"moacir\",\"image\":{\"@type\":\"ImageObject\",\"inLanguage\":\"pt-BR\",\"@id\":\"https:\/\/franciscanos.org.br\/conventosantoantonio\/#\/schema\/person\/image\/\",\"url\":\"https:\/\/secure.gravatar.com\/avatar\/d08aa2ce4c8dd416d4479aa8536fcf64?s=96&d=mm&r=g\",\"contentUrl\":\"https:\/\/secure.gravatar.com\/avatar\/d08aa2ce4c8dd416d4479aa8536fcf64?s=96&d=mm&r=g\",\"caption\":\"moacir\"},\"url\":\"https:\/\/franciscanos.org.br\/conventosantoantonio\/author\/moacir\/\"}]}<\/script>\n<!-- \/ Yoast SEO plugin. -->","yoast_head_json":{"title":"Frei Medella: a grandiosidade de Clara foi constru\u00edda no dia a dia muito simples e fiel - Convento Santo Ant\u00f4nio- Franciscanos","robots":{"index":"index","follow":"follow","max-snippet":"max-snippet:-1","max-image-preview":"max-image-preview:large","max-video-preview":"max-video-preview:-1"},"canonical":"https:\/\/franciscanos.org.br\/conventosantoantonio\/frei-medella-a-grandiosidade-de-clara-foi-construida-no-dia-a-dia-muito-simples-e-fiel\/","og_locale":"pt_BR","og_type":"article","og_title":"Frei Medella: a grandiosidade de Clara foi constru\u00edda no dia a dia muito simples e fiel - Convento Santo Ant\u00f4nio- Franciscanos","og_description":"Dia de Santa Clara de Assis","og_url":"https:\/\/franciscanos.org.br\/conventosantoantonio\/frei-medella-a-grandiosidade-de-clara-foi-construida-no-dia-a-dia-muito-simples-e-fiel\/","og_site_name":"Convento Santo Ant\u00f4nio- Franciscanos","article_published_time":"2023-08-11T17:17:39+00:00","article_modified_time":"2023-08-11T17:18:11+00:00","og_image":[{"width":1280,"height":730,"url":"https:\/\/franciscanos.org.br\/conventosantoantonio\/wp-content\/uploads\/2023\/08\/clara_02-1.jpg","type":"image\/jpeg"}],"author":"moacir","twitter_card":"summary_large_image","twitter_misc":{"Escrito por":"moacir","Est. tempo de leitura":"5 minutos"},"schema":{"@context":"https:\/\/schema.org","@graph":[{"@type":"WebSite","@id":"https:\/\/franciscanos.org.br\/conventosantoantonio\/#website","url":"https:\/\/franciscanos.org.br\/conventosantoantonio\/","name":"Convento Santo Ant\u00f4nio- Franciscanos","description":"Prov\u00edncia Franciscana da Imaculada Concei\u00e7\u00e3o do Brasil - Ordem dos Frades Menores","potentialAction":[{"@type":"SearchAction","target":{"@type":"EntryPoint","urlTemplate":"https:\/\/franciscanos.org.br\/conventosantoantonio\/?s={search_term_string}"},"query-input":"required name=search_term_string"}],"inLanguage":"pt-BR"},{"@type":"WebPage","@id":"https:\/\/franciscanos.org.br\/conventosantoantonio\/frei-medella-a-grandiosidade-de-clara-foi-construida-no-dia-a-dia-muito-simples-e-fiel\/","url":"https:\/\/franciscanos.org.br\/conventosantoantonio\/frei-medella-a-grandiosidade-de-clara-foi-construida-no-dia-a-dia-muito-simples-e-fiel\/","name":"Frei Medella: a grandiosidade de Clara foi constru\u00edda no dia a dia muito simples e fiel - Convento Santo Ant\u00f4nio- Franciscanos","isPartOf":{"@id":"https:\/\/franciscanos.org.br\/conventosantoantonio\/#website"},"datePublished":"2023-08-11T17:17:39+00:00","dateModified":"2023-08-11T17:18:11+00:00","author":{"@id":"https:\/\/franciscanos.org.br\/conventosantoantonio\/#\/schema\/person\/73421c01c49c32a7bb0a19d9b36df6ad"},"breadcrumb":{"@id":"https:\/\/franciscanos.org.br\/conventosantoantonio\/frei-medella-a-grandiosidade-de-clara-foi-construida-no-dia-a-dia-muito-simples-e-fiel\/#breadcrumb"},"inLanguage":"pt-BR","potentialAction":[{"@type":"ReadAction","target":["https:\/\/franciscanos.org.br\/conventosantoantonio\/frei-medella-a-grandiosidade-de-clara-foi-construida-no-dia-a-dia-muito-simples-e-fiel\/"]}]},{"@type":"BreadcrumbList","@id":"https:\/\/franciscanos.org.br\/conventosantoantonio\/frei-medella-a-grandiosidade-de-clara-foi-construida-no-dia-a-dia-muito-simples-e-fiel\/#breadcrumb","itemListElement":[{"@type":"ListItem","position":1,"name":"Home","item":"https:\/\/franciscanos.org.br\/conventosantoantonio\/"},{"@type":"ListItem","position":2,"name":"Frei Medella: a grandiosidade de Clara foi constru\u00edda no dia a dia muito simples e fiel"}]},{"@type":"Person","@id":"https:\/\/franciscanos.org.br\/conventosantoantonio\/#\/schema\/person\/73421c01c49c32a7bb0a19d9b36df6ad","name":"moacir","image":{"@type":"ImageObject","inLanguage":"pt-BR","@id":"https:\/\/franciscanos.org.br\/conventosantoantonio\/#\/schema\/person\/image\/","url":"https:\/\/secure.gravatar.com\/avatar\/d08aa2ce4c8dd416d4479aa8536fcf64?s=96&d=mm&r=g","contentUrl":"https:\/\/secure.gravatar.com\/avatar\/d08aa2ce4c8dd416d4479aa8536fcf64?s=96&d=mm&r=g","caption":"moacir"},"url":"https:\/\/franciscanos.org.br\/conventosantoantonio\/author\/moacir\/"}]}},"_links":{"self":[{"href":"https:\/\/franciscanos.org.br\/conventosantoantonio\/wp-json\/wp\/v2\/posts\/188955"}],"collection":[{"href":"https:\/\/franciscanos.org.br\/conventosantoantonio\/wp-json\/wp\/v2\/posts"}],"about":[{"href":"https:\/\/franciscanos.org.br\/conventosantoantonio\/wp-json\/wp\/v2\/types\/post"}],"author":[{"embeddable":true,"href":"https:\/\/franciscanos.org.br\/conventosantoantonio\/wp-json\/wp\/v2\/users\/3"}],"replies":[{"embeddable":true,"href":"https:\/\/franciscanos.org.br\/conventosantoantonio\/wp-json\/wp\/v2\/comments?post=188955"}],"version-history":[{"count":1,"href":"https:\/\/franciscanos.org.br\/conventosantoantonio\/wp-json\/wp\/v2\/posts\/188955\/revisions"}],"predecessor-version":[{"id":188958,"href":"https:\/\/franciscanos.org.br\/conventosantoantonio\/wp-json\/wp\/v2\/posts\/188955\/revisions\/188958"}],"wp:featuredmedia":[{"embeddable":true,"href":"https:\/\/franciscanos.org.br\/conventosantoantonio\/wp-json\/wp\/v2\/media\/188956"}],"wp:attachment":[{"href":"https:\/\/franciscanos.org.br\/conventosantoantonio\/wp-json\/wp\/v2\/media?parent=188955"}],"wp:term":[{"taxonomy":"category","embeddable":true,"href":"https:\/\/franciscanos.org.br\/conventosantoantonio\/wp-json\/wp\/v2\/categories?post=188955"},{"taxonomy":"post_tag","embeddable":true,"href":"https:\/\/franciscanos.org.br\/conventosantoantonio\/wp-json\/wp\/v2\/tags?post=188955"}],"curies":[{"name":"wp","href":"https:\/\/api.w.org\/{rel}","templated":true}]}}