{"id":188947,"date":"2023-08-10T13:41:45","date_gmt":"2023-08-10T16:41:45","guid":{"rendered":"https:\/\/franciscanos.org.br\/conventosantoantonio\/?p=188947"},"modified":"2023-08-10T13:42:27","modified_gmt":"2023-08-10T16:42:27","slug":"como-santa-clara-buscar-a-intimidade-com-deus","status":"publish","type":"post","link":"https:\/\/franciscanos.org.br\/conventosantoantonio\/como-santa-clara-buscar-a-intimidade-com-deus\/","title":{"rendered":"Como Santa Clara, buscar a intimidade com Deus"},"content":{"rendered":"<p><img loading=\"lazy\" class=\"alignnone size-full wp-image-188948\" src=\"https:\/\/franciscanos.org.br\/conventosantoantonio\/wp-content\/uploads\/2023\/08\/claudio_10.jpg\" alt=\"\" width=\"1280\" height=\"720\" srcset=\"https:\/\/franciscanos.org.br\/conventosantoantonio\/wp-content\/uploads\/2023\/08\/claudio_10.jpg 1280w, https:\/\/franciscanos.org.br\/conventosantoantonio\/wp-content\/uploads\/2023\/08\/claudio_10-450x253.jpg 450w, https:\/\/franciscanos.org.br\/conventosantoantonio\/wp-content\/uploads\/2023\/08\/claudio_10-1024x576.jpg 1024w, https:\/\/franciscanos.org.br\/conventosantoantonio\/wp-content\/uploads\/2023\/08\/claudio_10-768x432.jpg 768w, https:\/\/franciscanos.org.br\/conventosantoantonio\/wp-content\/uploads\/2023\/08\/claudio_10-150x84.jpg 150w\" sizes=\"(max-width: 1280px) 100vw, 1280px\" \/><\/p>\n<p>O Tr\u00edduo de Santa Clara, no Convento Santo Ant\u00f4nio do Largo da Carioca (RJ), terminou nesta quinta-feira, na Santa Missa das 12 horas, presidida por Frei Cl\u00e1udio Broca, da Fraternidade do Convento Santo Ant\u00f4nio, com o tema &#8216;Santa Clara, iluminai os caminhos da Fam\u00edlia Franciscana\u201d.<\/p>\n<p>&#8220;Hoje tamb\u00e9m celebramos a Festa do M\u00e1rtir S\u00e3o Louren\u00e7o. Clara e Louren\u00e7o nos inspirem um testemunho cada vez mais comprometido com o Evangelho do Reino de Deus&#8221;, saudou Frei Gustavo Medella.<\/p>\n<p>&#8220;Ao prepararmos a festa de Santa Clara, em cada dia, levou-se em conta uma dimens\u00e3o desta mulher, que em seu tempo foi corajosa, deu uma resposta com valentia, pois rompeu obst\u00e1culos e barreiras e abra\u00e7ou aquilo que, de fato, queria viver: o Evangelho de Nosso Senhor Jesus Cristo&#8221;, introduziu o celebrante.<\/p>\n<p>Segundo o frade, ela \u00e9 a primeira mulher que abra\u00e7a a causa de Francisco e o ajuda a dar passos fecundos. &#8220;Queremos com Santa Clara aprender a ter esse entusiasmo pela vida franciscana. Esse entusiasmo de viver em fraternidade esta vida, que \u00e9 inspirada no Evangelho&#8221;.<\/p>\n<p><img loading=\"lazy\" class=\"alignnone size-full wp-image-188949\" src=\"https:\/\/franciscanos.org.br\/conventosantoantonio\/wp-content\/uploads\/2023\/08\/claudio_10_1.jpg\" alt=\"\" width=\"1024\" height=\"768\" srcset=\"https:\/\/franciscanos.org.br\/conventosantoantonio\/wp-content\/uploads\/2023\/08\/claudio_10_1.jpg 1024w, https:\/\/franciscanos.org.br\/conventosantoantonio\/wp-content\/uploads\/2023\/08\/claudio_10_1-450x338.jpg 450w, https:\/\/franciscanos.org.br\/conventosantoantonio\/wp-content\/uploads\/2023\/08\/claudio_10_1-768x576.jpg 768w, https:\/\/franciscanos.org.br\/conventosantoantonio\/wp-content\/uploads\/2023\/08\/claudio_10_1-150x113.jpg 150w\" sizes=\"(max-width: 1024px) 100vw, 1024px\" \/><\/p>\n<p>Para Frei Cl\u00e1udio, todos n\u00f3s somos chamados a viver uma vida de contempla\u00e7\u00e3o com Deus. &#8220;No seu Testamento, Clara diz: &#8216;Entre outros benef\u00edcios que temos recebido e ainda recebemos diariamente da generosidade do Pai de toda miseric\u00f3rdia (cfr. 2Cor 1,3) e pelos quais mais temos que agradecer ao glorioso Pai de Cristo, est\u00e1 a nossa voca\u00e7\u00e3o que, quanto maior e mais perfeita, mais a Ele \u00e9 de vida&#8217;. Toda essa motiva\u00e7\u00e3o deve ser renovada diariamente, para que assim possamos crescer cada vez mais nesta vida em Deus&#8221;, acrescentou.<\/p>\n<p>&#8220;Clara e Francisco nos inspiram a reconhecer que cada irm\u00e3o, cada irm\u00e3, \u00e9 sempre um dom de Deus. N\u00e3o \u00e9 s\u00f3 o padre, frade, freira, mas todos n\u00f3s&#8221;, disse, animando a uma busca constante de intimidade com Deus atrav\u00e9s da ora\u00e7\u00e3o.<\/p>\n<p>&#8220;Que Clara, atra\u00edda pelo Evangelho desde a sua juventude, tamb\u00e9m nos inspire a viver de forma clara, l\u00edmpida, esta luz que vem do Evangelho e que ela seguiu como norma, como proposta de vida&#8221;, pediu. O p\u00e3o de Santa Clara foi aben\u00e7oado e distribu\u00eddo para os fi\u00e9is.<\/p>\n<p>Nesta sexta-feira, 11 de agosto, as Missas ser\u00e3o \u00e0s 10, 12, 15 e 18 horas, com o Bolo de Santa Clara e past\u00e9is de Santa Clara e de Bel\u00e9m para marcar a festividade.<\/p>\n<p><img loading=\"lazy\" class=\"size-full wp-image-188950 aligncenter\" src=\"https:\/\/franciscanos.org.br\/conventosantoantonio\/wp-content\/uploads\/2023\/08\/claudio_10_2.jpg\" alt=\"\" width=\"768\" height=\"832\" srcset=\"https:\/\/franciscanos.org.br\/conventosantoantonio\/wp-content\/uploads\/2023\/08\/claudio_10_2.jpg 768w, https:\/\/franciscanos.org.br\/conventosantoantonio\/wp-content\/uploads\/2023\/08\/claudio_10_2-415x450.jpg 415w, https:\/\/franciscanos.org.br\/conventosantoantonio\/wp-content\/uploads\/2023\/08\/claudio_10_2-150x163.jpg 150w\" sizes=\"(max-width: 768px) 100vw, 768px\" \/><\/p>\n<p><strong>ORA\u00c7\u00c3O A SANTA CLARA<\/strong><\/p>\n<p>Clara, santa cheia de claridade, Irm\u00e3 de S\u00e3o Francisco de Assis, intercede pelos teus devotos que querem ser puros e transparentes. Teu nome e teu ser<br \/>\nexalam o perfume das coisas inteiras. E o frescor do que \u00e9 novo e renovado.<br \/>\nClareia os caminhos tortuosos daqueles que se embrenham na noite do pr\u00f3prio ego\u00edsmo e nas trevas do isolamento.<\/p>\n<p>Clara, Irm\u00e3 de S\u00e3o Francisco, coloca em nossos cora\u00e7\u00f5es a paix\u00e3o pela simplicidade, a sede pela pobreza, a \u00e2nsia pela contempla\u00e7\u00e3o. Te suplico, Irm\u00e3 Lua, que junto ao Sol de Assis no mesmo c\u00e9u refulge, alcan\u00e7a-nos a gra\u00e7a que, confiantes vos pedimos. Santa Clara, ilumina os passos daqueles que buscam a claridade! Am\u00e9m!<\/p>\n<p><img loading=\"lazy\" class=\"size-full wp-image-188951 aligncenter\" src=\"https:\/\/franciscanos.org.br\/conventosantoantonio\/wp-content\/uploads\/2023\/08\/claudio_10_3.jpg\" alt=\"\" width=\"768\" height=\"1024\" srcset=\"https:\/\/franciscanos.org.br\/conventosantoantonio\/wp-content\/uploads\/2023\/08\/claudio_10_3.jpg 768w, https:\/\/franciscanos.org.br\/conventosantoantonio\/wp-content\/uploads\/2023\/08\/claudio_10_3-338x450.jpg 338w, https:\/\/franciscanos.org.br\/conventosantoantonio\/wp-content\/uploads\/2023\/08\/claudio_10_3-150x200.jpg 150w\" sizes=\"(max-width: 768px) 100vw, 768px\" \/><\/p>\n<p><strong>B\u00caN\u00c7\u00c3O DE SANTA CLARA<\/strong><\/p>\n<p>O Senhor vos aben\u00e7oe e vos guarde. Mostre-vos o seu rosto e tenha miseric\u00f3rdia de v\u00f3s. Am\u00e9m!<br \/>\nVolte a sua face para v\u00f3s e vos d\u00ea a paz. Am\u00e9m!<br \/>\nQue Santa Clara rogue por v\u00f3s ao Senhor Jesus Cristo, e que o pr\u00f3prio Pai Celeste vos d\u00ea e confirme esta ben\u00e7\u00e3o no c\u00e9u e na terra. Am\u00e9m!<br \/>\nO Senhor esteja sempre convosco e v\u00f3s estejais sempre com Ele. Am\u00e9m!<br \/>\nEm nome do Pai, do Filho e do Esp\u00edrito Santo. Am\u00e9m!<\/p>\n","protected":false},"excerpt":{"rendered":"<p>Encerramento do Tr\u00edduo de Santa Clara<\/p>\n","protected":false},"author":3,"featured_media":188948,"comment_status":"open","ping_status":"open","sticky":false,"template":"","format":"standard","meta":[],"categories":[105],"tags":[378],"yoast_head":"<!-- This site is optimized with the Yoast SEO plugin v19.4 - https:\/\/yoast.com\/wordpress\/plugins\/seo\/ -->\n<title>Como Santa Clara, buscar a intimidade com Deus - Convento Santo Ant\u00f4nio- Franciscanos<\/title>\n<meta name=\"robots\" content=\"index, follow, max-snippet:-1, max-image-preview:large, max-video-preview:-1\" \/>\n<link rel=\"canonical\" href=\"https:\/\/franciscanos.org.br\/conventosantoantonio\/como-santa-clara-buscar-a-intimidade-com-deus\/\" \/>\n<meta property=\"og:locale\" content=\"pt_BR\" \/>\n<meta property=\"og:type\" content=\"article\" \/>\n<meta property=\"og:title\" content=\"Como Santa Clara, buscar a intimidade com Deus - Convento Santo Ant\u00f4nio- Franciscanos\" \/>\n<meta property=\"og:description\" content=\"Encerramento do Tr\u00edduo de Santa Clara\" \/>\n<meta property=\"og:url\" content=\"https:\/\/franciscanos.org.br\/conventosantoantonio\/como-santa-clara-buscar-a-intimidade-com-deus\/\" \/>\n<meta property=\"og:site_name\" content=\"Convento Santo Ant\u00f4nio- Franciscanos\" \/>\n<meta property=\"article:published_time\" content=\"2023-08-10T16:41:45+00:00\" \/>\n<meta property=\"article:modified_time\" content=\"2023-08-10T16:42:27+00:00\" \/>\n<meta property=\"og:image\" content=\"https:\/\/franciscanos.org.br\/conventosantoantonio\/wp-content\/uploads\/2023\/08\/claudio_10.jpg\" \/>\n\t<meta property=\"og:image:width\" content=\"1280\" \/>\n\t<meta property=\"og:image:height\" content=\"720\" \/>\n\t<meta property=\"og:image:type\" content=\"image\/jpeg\" \/>\n<meta name=\"author\" content=\"moacir\" \/>\n<meta name=\"twitter:card\" content=\"summary_large_image\" \/>\n<meta name=\"twitter:label1\" content=\"Escrito por\" \/>\n\t<meta name=\"twitter:data1\" content=\"moacir\" \/>\n\t<meta name=\"twitter:label2\" content=\"Est. tempo de leitura\" \/>\n\t<meta name=\"twitter:data2\" content=\"5 minutos\" \/>\n<script type=\"application\/ld+json\" class=\"yoast-schema-graph\">{\"@context\":\"https:\/\/schema.org\",\"@graph\":[{\"@type\":\"WebSite\",\"@id\":\"https:\/\/franciscanos.org.br\/conventosantoantonio\/#website\",\"url\":\"https:\/\/franciscanos.org.br\/conventosantoantonio\/\",\"name\":\"Convento Santo Ant\u00f4nio- Franciscanos\",\"description\":\"Prov\u00edncia Franciscana da Imaculada Concei\u00e7\u00e3o do Brasil - Ordem dos Frades Menores\",\"potentialAction\":[{\"@type\":\"SearchAction\",\"target\":{\"@type\":\"EntryPoint\",\"urlTemplate\":\"https:\/\/franciscanos.org.br\/conventosantoantonio\/?s={search_term_string}\"},\"query-input\":\"required name=search_term_string\"}],\"inLanguage\":\"pt-BR\"},{\"@type\":\"WebPage\",\"@id\":\"https:\/\/franciscanos.org.br\/conventosantoantonio\/como-santa-clara-buscar-a-intimidade-com-deus\/\",\"url\":\"https:\/\/franciscanos.org.br\/conventosantoantonio\/como-santa-clara-buscar-a-intimidade-com-deus\/\",\"name\":\"Como Santa Clara, buscar a intimidade com Deus - Convento Santo Ant\u00f4nio- Franciscanos\",\"isPartOf\":{\"@id\":\"https:\/\/franciscanos.org.br\/conventosantoantonio\/#website\"},\"datePublished\":\"2023-08-10T16:41:45+00:00\",\"dateModified\":\"2023-08-10T16:42:27+00:00\",\"author\":{\"@id\":\"https:\/\/franciscanos.org.br\/conventosantoantonio\/#\/schema\/person\/73421c01c49c32a7bb0a19d9b36df6ad\"},\"breadcrumb\":{\"@id\":\"https:\/\/franciscanos.org.br\/conventosantoantonio\/como-santa-clara-buscar-a-intimidade-com-deus\/#breadcrumb\"},\"inLanguage\":\"pt-BR\",\"potentialAction\":[{\"@type\":\"ReadAction\",\"target\":[\"https:\/\/franciscanos.org.br\/conventosantoantonio\/como-santa-clara-buscar-a-intimidade-com-deus\/\"]}]},{\"@type\":\"BreadcrumbList\",\"@id\":\"https:\/\/franciscanos.org.br\/conventosantoantonio\/como-santa-clara-buscar-a-intimidade-com-deus\/#breadcrumb\",\"itemListElement\":[{\"@type\":\"ListItem\",\"position\":1,\"name\":\"Home\",\"item\":\"https:\/\/franciscanos.org.br\/conventosantoantonio\/\"},{\"@type\":\"ListItem\",\"position\":2,\"name\":\"Como Santa Clara, buscar a intimidade com Deus\"}]},{\"@type\":\"Person\",\"@id\":\"https:\/\/franciscanos.org.br\/conventosantoantonio\/#\/schema\/person\/73421c01c49c32a7bb0a19d9b36df6ad\",\"name\":\"moacir\",\"image\":{\"@type\":\"ImageObject\",\"inLanguage\":\"pt-BR\",\"@id\":\"https:\/\/franciscanos.org.br\/conventosantoantonio\/#\/schema\/person\/image\/\",\"url\":\"https:\/\/secure.gravatar.com\/avatar\/d08aa2ce4c8dd416d4479aa8536fcf64?s=96&d=mm&r=g\",\"contentUrl\":\"https:\/\/secure.gravatar.com\/avatar\/d08aa2ce4c8dd416d4479aa8536fcf64?s=96&d=mm&r=g\",\"caption\":\"moacir\"},\"url\":\"https:\/\/franciscanos.org.br\/conventosantoantonio\/author\/moacir\/\"}]}<\/script>\n<!-- \/ Yoast SEO plugin. -->","yoast_head_json":{"title":"Como Santa Clara, buscar a intimidade com Deus - Convento Santo Ant\u00f4nio- Franciscanos","robots":{"index":"index","follow":"follow","max-snippet":"max-snippet:-1","max-image-preview":"max-image-preview:large","max-video-preview":"max-video-preview:-1"},"canonical":"https:\/\/franciscanos.org.br\/conventosantoantonio\/como-santa-clara-buscar-a-intimidade-com-deus\/","og_locale":"pt_BR","og_type":"article","og_title":"Como Santa Clara, buscar a intimidade com Deus - Convento Santo Ant\u00f4nio- Franciscanos","og_description":"Encerramento do Tr\u00edduo de Santa Clara","og_url":"https:\/\/franciscanos.org.br\/conventosantoantonio\/como-santa-clara-buscar-a-intimidade-com-deus\/","og_site_name":"Convento Santo Ant\u00f4nio- Franciscanos","article_published_time":"2023-08-10T16:41:45+00:00","article_modified_time":"2023-08-10T16:42:27+00:00","og_image":[{"width":1280,"height":720,"url":"https:\/\/franciscanos.org.br\/conventosantoantonio\/wp-content\/uploads\/2023\/08\/claudio_10.jpg","type":"image\/jpeg"}],"author":"moacir","twitter_card":"summary_large_image","twitter_misc":{"Escrito por":"moacir","Est. tempo de leitura":"5 minutos"},"schema":{"@context":"https:\/\/schema.org","@graph":[{"@type":"WebSite","@id":"https:\/\/franciscanos.org.br\/conventosantoantonio\/#website","url":"https:\/\/franciscanos.org.br\/conventosantoantonio\/","name":"Convento Santo Ant\u00f4nio- Franciscanos","description":"Prov\u00edncia Franciscana da Imaculada Concei\u00e7\u00e3o do Brasil - Ordem dos Frades Menores","potentialAction":[{"@type":"SearchAction","target":{"@type":"EntryPoint","urlTemplate":"https:\/\/franciscanos.org.br\/conventosantoantonio\/?s={search_term_string}"},"query-input":"required name=search_term_string"}],"inLanguage":"pt-BR"},{"@type":"WebPage","@id":"https:\/\/franciscanos.org.br\/conventosantoantonio\/como-santa-clara-buscar-a-intimidade-com-deus\/","url":"https:\/\/franciscanos.org.br\/conventosantoantonio\/como-santa-clara-buscar-a-intimidade-com-deus\/","name":"Como Santa Clara, buscar a intimidade com Deus - Convento Santo Ant\u00f4nio- Franciscanos","isPartOf":{"@id":"https:\/\/franciscanos.org.br\/conventosantoantonio\/#website"},"datePublished":"2023-08-10T16:41:45+00:00","dateModified":"2023-08-10T16:42:27+00:00","author":{"@id":"https:\/\/franciscanos.org.br\/conventosantoantonio\/#\/schema\/person\/73421c01c49c32a7bb0a19d9b36df6ad"},"breadcrumb":{"@id":"https:\/\/franciscanos.org.br\/conventosantoantonio\/como-santa-clara-buscar-a-intimidade-com-deus\/#breadcrumb"},"inLanguage":"pt-BR","potentialAction":[{"@type":"ReadAction","target":["https:\/\/franciscanos.org.br\/conventosantoantonio\/como-santa-clara-buscar-a-intimidade-com-deus\/"]}]},{"@type":"BreadcrumbList","@id":"https:\/\/franciscanos.org.br\/conventosantoantonio\/como-santa-clara-buscar-a-intimidade-com-deus\/#breadcrumb","itemListElement":[{"@type":"ListItem","position":1,"name":"Home","item":"https:\/\/franciscanos.org.br\/conventosantoantonio\/"},{"@type":"ListItem","position":2,"name":"Como Santa Clara, buscar a intimidade com Deus"}]},{"@type":"Person","@id":"https:\/\/franciscanos.org.br\/conventosantoantonio\/#\/schema\/person\/73421c01c49c32a7bb0a19d9b36df6ad","name":"moacir","image":{"@type":"ImageObject","inLanguage":"pt-BR","@id":"https:\/\/franciscanos.org.br\/conventosantoantonio\/#\/schema\/person\/image\/","url":"https:\/\/secure.gravatar.com\/avatar\/d08aa2ce4c8dd416d4479aa8536fcf64?s=96&d=mm&r=g","contentUrl":"https:\/\/secure.gravatar.com\/avatar\/d08aa2ce4c8dd416d4479aa8536fcf64?s=96&d=mm&r=g","caption":"moacir"},"url":"https:\/\/franciscanos.org.br\/conventosantoantonio\/author\/moacir\/"}]}},"_links":{"self":[{"href":"https:\/\/franciscanos.org.br\/conventosantoantonio\/wp-json\/wp\/v2\/posts\/188947"}],"collection":[{"href":"https:\/\/franciscanos.org.br\/conventosantoantonio\/wp-json\/wp\/v2\/posts"}],"about":[{"href":"https:\/\/franciscanos.org.br\/conventosantoantonio\/wp-json\/wp\/v2\/types\/post"}],"author":[{"embeddable":true,"href":"https:\/\/franciscanos.org.br\/conventosantoantonio\/wp-json\/wp\/v2\/users\/3"}],"replies":[{"embeddable":true,"href":"https:\/\/franciscanos.org.br\/conventosantoantonio\/wp-json\/wp\/v2\/comments?post=188947"}],"version-history":[{"count":2,"href":"https:\/\/franciscanos.org.br\/conventosantoantonio\/wp-json\/wp\/v2\/posts\/188947\/revisions"}],"predecessor-version":[{"id":188953,"href":"https:\/\/franciscanos.org.br\/conventosantoantonio\/wp-json\/wp\/v2\/posts\/188947\/revisions\/188953"}],"wp:featuredmedia":[{"embeddable":true,"href":"https:\/\/franciscanos.org.br\/conventosantoantonio\/wp-json\/wp\/v2\/media\/188948"}],"wp:attachment":[{"href":"https:\/\/franciscanos.org.br\/conventosantoantonio\/wp-json\/wp\/v2\/media?parent=188947"}],"wp:term":[{"taxonomy":"category","embeddable":true,"href":"https:\/\/franciscanos.org.br\/conventosantoantonio\/wp-json\/wp\/v2\/categories?post=188947"},{"taxonomy":"post_tag","embeddable":true,"href":"https:\/\/franciscanos.org.br\/conventosantoantonio\/wp-json\/wp\/v2\/tags?post=188947"}],"curies":[{"name":"wp","href":"https:\/\/api.w.org\/{rel}","templated":true}]}}