{"id":188939,"date":"2023-08-09T14:40:44","date_gmt":"2023-08-09T17:40:44","guid":{"rendered":"https:\/\/franciscanos.org.br\/conventosantoantonio\/?p=188939"},"modified":"2023-08-09T14:40:44","modified_gmt":"2023-08-09T17:40:44","slug":"santa-clara-ensina-comunicar-jesus-cristo","status":"publish","type":"post","link":"https:\/\/franciscanos.org.br\/conventosantoantonio\/santa-clara-ensina-comunicar-jesus-cristo\/","title":{"rendered":"Santa Clara ensina comunicar Jesus Cristo"},"content":{"rendered":"<p><img loading=\"lazy\" class=\"alignnone size-full wp-image-188940\" src=\"https:\/\/franciscanos.org.br\/conventosantoantonio\/wp-content\/uploads\/2023\/08\/claratriduo_01.jpg\" alt=\"\" width=\"1280\" height=\"720\" srcset=\"https:\/\/franciscanos.org.br\/conventosantoantonio\/wp-content\/uploads\/2023\/08\/claratriduo_01.jpg 1280w, https:\/\/franciscanos.org.br\/conventosantoantonio\/wp-content\/uploads\/2023\/08\/claratriduo_01-450x253.jpg 450w, https:\/\/franciscanos.org.br\/conventosantoantonio\/wp-content\/uploads\/2023\/08\/claratriduo_01-1024x576.jpg 1024w, https:\/\/franciscanos.org.br\/conventosantoantonio\/wp-content\/uploads\/2023\/08\/claratriduo_01-768x432.jpg 768w, https:\/\/franciscanos.org.br\/conventosantoantonio\/wp-content\/uploads\/2023\/08\/claratriduo_01-150x84.jpg 150w\" sizes=\"(max-width: 1280px) 100vw, 1280px\" \/><\/p>\n<p>No segundo dia do Tr\u00edduo de Santa Clara, no Convento Santo Ant\u00f4nio do Rio de Janeiro (RJ), o tema escolhido foi: &#8220;Santa Clara, ensinai-nos a comunicar a Paz e o Bem&#8221;. A presid\u00eancia da Santa Missa, \u00e0s 12 horas, foi de Frei Edcarlos Mario Hoffman, da Ordem dos Frades Menores Capuchinhos, mantendo o esp\u00edrito de comunh\u00e3o e integra\u00e7\u00e3o da Fam\u00edlia Franciscana neste Tr\u00edduo (ontem participaram os Frades Conventuais). Frei Edcarlos \u00e9 p\u00e1roco da Par\u00f3quia de Santa Cruz da Serra, em Duque de Caxias (RJ).<\/p>\n<p>Com base no tema, foi um dia dedicado aos comunicadores e \u00e0 comunica\u00e7\u00e3o. Frei Gustavo Medella, o Vig\u00e1rio Provincial, pediu a intercess\u00e3o da Padroeira da TV por todos os profissionais da Comunica\u00e7\u00e3o, mostrando &#8220;sempre o caminho do di\u00e1logo que gera alegria e contentamento&#8221;. S\u00e9rgio Luiz, da R\u00e1dio Tupi e a voz oficial do Maracan\u00e3, proclamou as leituras.<\/p>\n<p><img loading=\"lazy\" class=\"alignnone size-full wp-image-188941\" src=\"https:\/\/franciscanos.org.br\/conventosantoantonio\/wp-content\/uploads\/2023\/08\/claratriduo_02.jpg\" alt=\"\" width=\"1280\" height=\"960\" srcset=\"https:\/\/franciscanos.org.br\/conventosantoantonio\/wp-content\/uploads\/2023\/08\/claratriduo_02.jpg 1280w, https:\/\/franciscanos.org.br\/conventosantoantonio\/wp-content\/uploads\/2023\/08\/claratriduo_02-450x338.jpg 450w, https:\/\/franciscanos.org.br\/conventosantoantonio\/wp-content\/uploads\/2023\/08\/claratriduo_02-1024x768.jpg 1024w, https:\/\/franciscanos.org.br\/conventosantoantonio\/wp-content\/uploads\/2023\/08\/claratriduo_02-768x576.jpg 768w, https:\/\/franciscanos.org.br\/conventosantoantonio\/wp-content\/uploads\/2023\/08\/claratriduo_02-150x113.jpg 150w\" sizes=\"(max-width: 1280px) 100vw, 1280px\" \/><\/p>\n<p>Segundo o celebrante, um exemplo de comunica\u00e7\u00e3o \u00e9 dado nesta quarta-feira no Evangelho. &#8220;N\u00f3s vimos ali Jesus, de alguma forma, estabelecendo uma comunica\u00e7\u00e3o, n\u00e3o apenas com os judeus, mas com uma mulher cananeia, que pediu insistentemente que curasse a sua filha. Jesus faz comunica\u00e7\u00e3o com todos e todas, porque de alguma forma, Jesus apresentou para n\u00f3s que a mensagem de Deus, a Boa Nova de Deus, \u00e9 uma mensagem universal&#8221;, disse.<\/p>\n<p>&#8220;Ent\u00e3o, temos, um Jesus comunicador, que faz comunica\u00e7\u00e3o com todos, uma comunica\u00e7\u00e3o que inclui, que acolhe e que salva&#8221;, acrescentou.<\/p>\n<p>Frei Edcarlos, referindo-se a Santa Clara, tamb\u00e9m apresentou tra\u00e7os e gestos de uma comunicadora. &#8220;Nas <em>Fontes Clarianas<\/em> temos 5 cartas, textos atribu\u00eddos diretamente a ela. As cartas s\u00e3o uma forma de estabelecer comunica\u00e7\u00e3o. E nelas tem um tema principal, que \u00e9 Jesus Cristo. E esse tema pode ser entendido, aprofundado, em quatro aspectos fundamentais: 1. Jesus \u00e9 crucificado; 2. Jesus Cristo pobre: 3. Jesus Cristo \u00e9 o esposo; 4. A entrega a Cristo deve ser feita numa virgindade ainda maior. Se n\u00f3s queremos aprender com ela a comunicar a Paz e o Bem, com outras palavras ela vai nos ensinar a comunicar sempre Jesus Cristo. Ele que \u00e9 o nosso caminho, ele que \u00e9 a nossa vida. E foi toda a m\u00edstica de Santa Clara&#8221;, observou, pedindo que sempre a comunica\u00e7\u00e3o leve a mensagem do Evangelho, da esperan\u00e7a, da vida,\u00a0 para que a gente esteja sempre ao lado de Jesus Cristo.<\/p>\n<p><img loading=\"lazy\" class=\"alignnone size-full wp-image-188942\" src=\"https:\/\/franciscanos.org.br\/conventosantoantonio\/wp-content\/uploads\/2023\/08\/claratriduo_03.jpg\" alt=\"\" width=\"1149\" height=\"911\" srcset=\"https:\/\/franciscanos.org.br\/conventosantoantonio\/wp-content\/uploads\/2023\/08\/claratriduo_03.jpg 1149w, https:\/\/franciscanos.org.br\/conventosantoantonio\/wp-content\/uploads\/2023\/08\/claratriduo_03-450x357.jpg 450w, https:\/\/franciscanos.org.br\/conventosantoantonio\/wp-content\/uploads\/2023\/08\/claratriduo_03-1024x812.jpg 1024w, https:\/\/franciscanos.org.br\/conventosantoantonio\/wp-content\/uploads\/2023\/08\/claratriduo_03-768x609.jpg 768w, https:\/\/franciscanos.org.br\/conventosantoantonio\/wp-content\/uploads\/2023\/08\/claratriduo_03-150x119.jpg 150w\" sizes=\"(max-width: 1149px) 100vw, 1149px\" \/><\/p>\n<p>Quase oito s\u00e9culos ap\u00f3s a sua morte, Santa Clara foi proclamada pelo Papa Pio XII, em 1958, como a Padroeira da Televis\u00e3o. A pergunta \u00e9 por que esse t\u00edtulo a uma santa da Idade M\u00e9dia? Segundo a Bula Pontif\u00edcia, no Natal de 1253, um ano antes de sua morte, Clara estava acamada, desejava muito participar da Santa Missa na igreja de S\u00e3o Francisco, mas n\u00e3o tinha condi\u00e7\u00f5es f\u00edsicas para sair. Em ora\u00e7\u00e3o, ela pediu ao Senhor que permitisse celebrar o Natal. O testemunho da pr\u00f3pria santa \u00e9 que, de seu quarto, ela ouviu a missa completa e ainda p\u00f4de at\u00e9 comungar.<\/p>\n<p>Depois da Comunh\u00e3o, no momento devocional, foi dada a b\u00ean\u00e7\u00e3o dos profissionais e instrumentos de comunica\u00e7\u00e3o:<\/p>\n<p>&nbsp;<\/p>\n<p><img loading=\"lazy\" class=\"alignnone size-full wp-image-188944\" src=\"https:\/\/franciscanos.org.br\/conventosantoantonio\/wp-content\/uploads\/2023\/08\/claratriduo_04.jpg\" alt=\"\" width=\"1280\" height=\"960\" srcset=\"https:\/\/franciscanos.org.br\/conventosantoantonio\/wp-content\/uploads\/2023\/08\/claratriduo_04.jpg 1280w, https:\/\/franciscanos.org.br\/conventosantoantonio\/wp-content\/uploads\/2023\/08\/claratriduo_04-450x338.jpg 450w, https:\/\/franciscanos.org.br\/conventosantoantonio\/wp-content\/uploads\/2023\/08\/claratriduo_04-1024x768.jpg 1024w, https:\/\/franciscanos.org.br\/conventosantoantonio\/wp-content\/uploads\/2023\/08\/claratriduo_04-768x576.jpg 768w, https:\/\/franciscanos.org.br\/conventosantoantonio\/wp-content\/uploads\/2023\/08\/claratriduo_04-150x113.jpg 150w\" sizes=\"(max-width: 1280px) 100vw, 1280px\" \/><\/p>\n<p><img loading=\"lazy\" class=\"alignnone size-full wp-image-188943\" src=\"https:\/\/franciscanos.org.br\/conventosantoantonio\/wp-content\/uploads\/2023\/08\/claratriduo_05.jpg\" alt=\"\" width=\"1280\" height=\"960\" srcset=\"https:\/\/franciscanos.org.br\/conventosantoantonio\/wp-content\/uploads\/2023\/08\/claratriduo_05.jpg 1280w, https:\/\/franciscanos.org.br\/conventosantoantonio\/wp-content\/uploads\/2023\/08\/claratriduo_05-450x338.jpg 450w, https:\/\/franciscanos.org.br\/conventosantoantonio\/wp-content\/uploads\/2023\/08\/claratriduo_05-1024x768.jpg 1024w, https:\/\/franciscanos.org.br\/conventosantoantonio\/wp-content\/uploads\/2023\/08\/claratriduo_05-768x576.jpg 768w, https:\/\/franciscanos.org.br\/conventosantoantonio\/wp-content\/uploads\/2023\/08\/claratriduo_05-150x113.jpg 150w\" sizes=\"(max-width: 1280px) 100vw, 1280px\" \/><\/p>\n<p>&#8220;O Senhor Deus, cuja sabedoria e a bondade s\u00e3o infinitas, ilumine incessantemente vossas mentes e vossos cora\u00e7\u00f5es para que comuniqueis com maior clareza e facilidade as maravilhas do Reino dos C\u00e9us. Que todos os instrumentos da tecnologia sejam usados por v\u00f3s na difus\u00e3o da verdade e do bem. Que Santa Clara, padroeira da TV vos inspire para a Comunica\u00e7\u00e3o da Paz e do Bem. Em nome do Pai, do Filho e do Esp\u00edrito Santo. Am\u00e9m&#8221;.<\/p>\n<p>Frei Gustavo agradeceu a presen\u00e7a de Frei Edcarlos e pediu para levar seu abra\u00e7o e dos frades do Convento \u00e0 Fam\u00edlia dos Frades Capuchinhos.<\/p>\n<p>Nesta quinta-feira, 10 de agosto, o tema do \u00faltimo dia do Tr\u00edduo \u00e9 &#8220;Santa Clara, iluminai os caminhos da Fam\u00edlia Franciscana&#8221;.<\/p>\n","protected":false},"excerpt":{"rendered":"<p>Tr\u00edduo de Santa Clara<\/p>\n","protected":false},"author":3,"featured_media":188940,"comment_status":"open","ping_status":"open","sticky":false,"template":"","format":"standard","meta":[],"categories":[105],"tags":[378],"yoast_head":"<!-- This site is optimized with the Yoast SEO plugin v19.4 - https:\/\/yoast.com\/wordpress\/plugins\/seo\/ -->\n<title>Santa Clara ensina comunicar Jesus Cristo - Convento Santo Ant\u00f4nio- Franciscanos<\/title>\n<meta name=\"robots\" content=\"index, follow, max-snippet:-1, max-image-preview:large, max-video-preview:-1\" \/>\n<link rel=\"canonical\" href=\"https:\/\/franciscanos.org.br\/conventosantoantonio\/santa-clara-ensina-comunicar-jesus-cristo\/\" \/>\n<meta property=\"og:locale\" content=\"pt_BR\" \/>\n<meta property=\"og:type\" content=\"article\" \/>\n<meta property=\"og:title\" content=\"Santa Clara ensina comunicar Jesus Cristo - Convento Santo Ant\u00f4nio- Franciscanos\" \/>\n<meta property=\"og:description\" content=\"Tr\u00edduo de Santa Clara\" \/>\n<meta property=\"og:url\" content=\"https:\/\/franciscanos.org.br\/conventosantoantonio\/santa-clara-ensina-comunicar-jesus-cristo\/\" \/>\n<meta property=\"og:site_name\" content=\"Convento Santo Ant\u00f4nio- Franciscanos\" \/>\n<meta property=\"article:published_time\" content=\"2023-08-09T17:40:44+00:00\" \/>\n<meta property=\"og:image\" content=\"https:\/\/franciscanos.org.br\/conventosantoantonio\/wp-content\/uploads\/2023\/08\/claratriduo_01.jpg\" \/>\n\t<meta property=\"og:image:width\" content=\"1280\" \/>\n\t<meta property=\"og:image:height\" content=\"720\" \/>\n\t<meta property=\"og:image:type\" content=\"image\/jpeg\" \/>\n<meta name=\"author\" content=\"moacir\" \/>\n<meta name=\"twitter:card\" content=\"summary_large_image\" \/>\n<meta name=\"twitter:label1\" content=\"Escrito por\" \/>\n\t<meta name=\"twitter:data1\" content=\"moacir\" \/>\n\t<meta name=\"twitter:label2\" content=\"Est. tempo de leitura\" \/>\n\t<meta name=\"twitter:data2\" content=\"5 minutos\" \/>\n<script type=\"application\/ld+json\" class=\"yoast-schema-graph\">{\"@context\":\"https:\/\/schema.org\",\"@graph\":[{\"@type\":\"WebSite\",\"@id\":\"https:\/\/franciscanos.org.br\/conventosantoantonio\/#website\",\"url\":\"https:\/\/franciscanos.org.br\/conventosantoantonio\/\",\"name\":\"Convento Santo Ant\u00f4nio- Franciscanos\",\"description\":\"Prov\u00edncia Franciscana da Imaculada Concei\u00e7\u00e3o do Brasil - Ordem dos Frades Menores\",\"potentialAction\":[{\"@type\":\"SearchAction\",\"target\":{\"@type\":\"EntryPoint\",\"urlTemplate\":\"https:\/\/franciscanos.org.br\/conventosantoantonio\/?s={search_term_string}\"},\"query-input\":\"required name=search_term_string\"}],\"inLanguage\":\"pt-BR\"},{\"@type\":\"WebPage\",\"@id\":\"https:\/\/franciscanos.org.br\/conventosantoantonio\/santa-clara-ensina-comunicar-jesus-cristo\/\",\"url\":\"https:\/\/franciscanos.org.br\/conventosantoantonio\/santa-clara-ensina-comunicar-jesus-cristo\/\",\"name\":\"Santa Clara ensina comunicar Jesus Cristo - Convento Santo Ant\u00f4nio- Franciscanos\",\"isPartOf\":{\"@id\":\"https:\/\/franciscanos.org.br\/conventosantoantonio\/#website\"},\"datePublished\":\"2023-08-09T17:40:44+00:00\",\"dateModified\":\"2023-08-09T17:40:44+00:00\",\"author\":{\"@id\":\"https:\/\/franciscanos.org.br\/conventosantoantonio\/#\/schema\/person\/73421c01c49c32a7bb0a19d9b36df6ad\"},\"breadcrumb\":{\"@id\":\"https:\/\/franciscanos.org.br\/conventosantoantonio\/santa-clara-ensina-comunicar-jesus-cristo\/#breadcrumb\"},\"inLanguage\":\"pt-BR\",\"potentialAction\":[{\"@type\":\"ReadAction\",\"target\":[\"https:\/\/franciscanos.org.br\/conventosantoantonio\/santa-clara-ensina-comunicar-jesus-cristo\/\"]}]},{\"@type\":\"BreadcrumbList\",\"@id\":\"https:\/\/franciscanos.org.br\/conventosantoantonio\/santa-clara-ensina-comunicar-jesus-cristo\/#breadcrumb\",\"itemListElement\":[{\"@type\":\"ListItem\",\"position\":1,\"name\":\"Home\",\"item\":\"https:\/\/franciscanos.org.br\/conventosantoantonio\/\"},{\"@type\":\"ListItem\",\"position\":2,\"name\":\"Santa Clara ensina comunicar Jesus Cristo\"}]},{\"@type\":\"Person\",\"@id\":\"https:\/\/franciscanos.org.br\/conventosantoantonio\/#\/schema\/person\/73421c01c49c32a7bb0a19d9b36df6ad\",\"name\":\"moacir\",\"image\":{\"@type\":\"ImageObject\",\"inLanguage\":\"pt-BR\",\"@id\":\"https:\/\/franciscanos.org.br\/conventosantoantonio\/#\/schema\/person\/image\/\",\"url\":\"https:\/\/secure.gravatar.com\/avatar\/d08aa2ce4c8dd416d4479aa8536fcf64?s=96&d=mm&r=g\",\"contentUrl\":\"https:\/\/secure.gravatar.com\/avatar\/d08aa2ce4c8dd416d4479aa8536fcf64?s=96&d=mm&r=g\",\"caption\":\"moacir\"},\"url\":\"https:\/\/franciscanos.org.br\/conventosantoantonio\/author\/moacir\/\"}]}<\/script>\n<!-- \/ Yoast SEO plugin. -->","yoast_head_json":{"title":"Santa Clara ensina comunicar Jesus Cristo - Convento Santo Ant\u00f4nio- Franciscanos","robots":{"index":"index","follow":"follow","max-snippet":"max-snippet:-1","max-image-preview":"max-image-preview:large","max-video-preview":"max-video-preview:-1"},"canonical":"https:\/\/franciscanos.org.br\/conventosantoantonio\/santa-clara-ensina-comunicar-jesus-cristo\/","og_locale":"pt_BR","og_type":"article","og_title":"Santa Clara ensina comunicar Jesus Cristo - Convento Santo Ant\u00f4nio- Franciscanos","og_description":"Tr\u00edduo de Santa Clara","og_url":"https:\/\/franciscanos.org.br\/conventosantoantonio\/santa-clara-ensina-comunicar-jesus-cristo\/","og_site_name":"Convento Santo Ant\u00f4nio- Franciscanos","article_published_time":"2023-08-09T17:40:44+00:00","og_image":[{"width":1280,"height":720,"url":"https:\/\/franciscanos.org.br\/conventosantoantonio\/wp-content\/uploads\/2023\/08\/claratriduo_01.jpg","type":"image\/jpeg"}],"author":"moacir","twitter_card":"summary_large_image","twitter_misc":{"Escrito por":"moacir","Est. tempo de leitura":"5 minutos"},"schema":{"@context":"https:\/\/schema.org","@graph":[{"@type":"WebSite","@id":"https:\/\/franciscanos.org.br\/conventosantoantonio\/#website","url":"https:\/\/franciscanos.org.br\/conventosantoantonio\/","name":"Convento Santo Ant\u00f4nio- Franciscanos","description":"Prov\u00edncia Franciscana da Imaculada Concei\u00e7\u00e3o do Brasil - Ordem dos Frades Menores","potentialAction":[{"@type":"SearchAction","target":{"@type":"EntryPoint","urlTemplate":"https:\/\/franciscanos.org.br\/conventosantoantonio\/?s={search_term_string}"},"query-input":"required name=search_term_string"}],"inLanguage":"pt-BR"},{"@type":"WebPage","@id":"https:\/\/franciscanos.org.br\/conventosantoantonio\/santa-clara-ensina-comunicar-jesus-cristo\/","url":"https:\/\/franciscanos.org.br\/conventosantoantonio\/santa-clara-ensina-comunicar-jesus-cristo\/","name":"Santa Clara ensina comunicar Jesus Cristo - Convento Santo Ant\u00f4nio- Franciscanos","isPartOf":{"@id":"https:\/\/franciscanos.org.br\/conventosantoantonio\/#website"},"datePublished":"2023-08-09T17:40:44+00:00","dateModified":"2023-08-09T17:40:44+00:00","author":{"@id":"https:\/\/franciscanos.org.br\/conventosantoantonio\/#\/schema\/person\/73421c01c49c32a7bb0a19d9b36df6ad"},"breadcrumb":{"@id":"https:\/\/franciscanos.org.br\/conventosantoantonio\/santa-clara-ensina-comunicar-jesus-cristo\/#breadcrumb"},"inLanguage":"pt-BR","potentialAction":[{"@type":"ReadAction","target":["https:\/\/franciscanos.org.br\/conventosantoantonio\/santa-clara-ensina-comunicar-jesus-cristo\/"]}]},{"@type":"BreadcrumbList","@id":"https:\/\/franciscanos.org.br\/conventosantoantonio\/santa-clara-ensina-comunicar-jesus-cristo\/#breadcrumb","itemListElement":[{"@type":"ListItem","position":1,"name":"Home","item":"https:\/\/franciscanos.org.br\/conventosantoantonio\/"},{"@type":"ListItem","position":2,"name":"Santa Clara ensina comunicar Jesus Cristo"}]},{"@type":"Person","@id":"https:\/\/franciscanos.org.br\/conventosantoantonio\/#\/schema\/person\/73421c01c49c32a7bb0a19d9b36df6ad","name":"moacir","image":{"@type":"ImageObject","inLanguage":"pt-BR","@id":"https:\/\/franciscanos.org.br\/conventosantoantonio\/#\/schema\/person\/image\/","url":"https:\/\/secure.gravatar.com\/avatar\/d08aa2ce4c8dd416d4479aa8536fcf64?s=96&d=mm&r=g","contentUrl":"https:\/\/secure.gravatar.com\/avatar\/d08aa2ce4c8dd416d4479aa8536fcf64?s=96&d=mm&r=g","caption":"moacir"},"url":"https:\/\/franciscanos.org.br\/conventosantoantonio\/author\/moacir\/"}]}},"_links":{"self":[{"href":"https:\/\/franciscanos.org.br\/conventosantoantonio\/wp-json\/wp\/v2\/posts\/188939"}],"collection":[{"href":"https:\/\/franciscanos.org.br\/conventosantoantonio\/wp-json\/wp\/v2\/posts"}],"about":[{"href":"https:\/\/franciscanos.org.br\/conventosantoantonio\/wp-json\/wp\/v2\/types\/post"}],"author":[{"embeddable":true,"href":"https:\/\/franciscanos.org.br\/conventosantoantonio\/wp-json\/wp\/v2\/users\/3"}],"replies":[{"embeddable":true,"href":"https:\/\/franciscanos.org.br\/conventosantoantonio\/wp-json\/wp\/v2\/comments?post=188939"}],"version-history":[{"count":1,"href":"https:\/\/franciscanos.org.br\/conventosantoantonio\/wp-json\/wp\/v2\/posts\/188939\/revisions"}],"predecessor-version":[{"id":188945,"href":"https:\/\/franciscanos.org.br\/conventosantoantonio\/wp-json\/wp\/v2\/posts\/188939\/revisions\/188945"}],"wp:featuredmedia":[{"embeddable":true,"href":"https:\/\/franciscanos.org.br\/conventosantoantonio\/wp-json\/wp\/v2\/media\/188940"}],"wp:attachment":[{"href":"https:\/\/franciscanos.org.br\/conventosantoantonio\/wp-json\/wp\/v2\/media?parent=188939"}],"wp:term":[{"taxonomy":"category","embeddable":true,"href":"https:\/\/franciscanos.org.br\/conventosantoantonio\/wp-json\/wp\/v2\/categories?post=188939"},{"taxonomy":"post_tag","embeddable":true,"href":"https:\/\/franciscanos.org.br\/conventosantoantonio\/wp-json\/wp\/v2\/tags?post=188939"}],"curies":[{"name":"wp","href":"https:\/\/api.w.org\/{rel}","templated":true}]}}