{"id":188929,"date":"2023-08-08T15:24:32","date_gmt":"2023-08-08T18:24:32","guid":{"rendered":"https:\/\/franciscanos.org.br\/conventosantoantonio\/?p=188929"},"modified":"2023-08-08T15:34:24","modified_gmt":"2023-08-08T18:34:24","slug":"no-dia-de-sao-domingos-frades-conventuais-abrem-o-triduo-de-santa-clara","status":"publish","type":"post","link":"https:\/\/franciscanos.org.br\/conventosantoantonio\/no-dia-de-sao-domingos-frades-conventuais-abrem-o-triduo-de-santa-clara\/","title":{"rendered":"No dia de S\u00e3o Domingos, Frades Conventuais abrem o Tr\u00edduo de Santa Clara"},"content":{"rendered":"<p><img loading=\"lazy\" class=\"alignnone size-full wp-image-188930\" src=\"https:\/\/franciscanos.org.br\/conventosantoantonio\/wp-content\/uploads\/2023\/08\/clara_01.jpg\" alt=\"\" width=\"1280\" height=\"720\" srcset=\"https:\/\/franciscanos.org.br\/conventosantoantonio\/wp-content\/uploads\/2023\/08\/clara_01.jpg 1280w, https:\/\/franciscanos.org.br\/conventosantoantonio\/wp-content\/uploads\/2023\/08\/clara_01-450x253.jpg 450w, https:\/\/franciscanos.org.br\/conventosantoantonio\/wp-content\/uploads\/2023\/08\/clara_01-1024x576.jpg 1024w, https:\/\/franciscanos.org.br\/conventosantoantonio\/wp-content\/uploads\/2023\/08\/clara_01-768x432.jpg 768w, https:\/\/franciscanos.org.br\/conventosantoantonio\/wp-content\/uploads\/2023\/08\/clara_01-150x84.jpg 150w\" sizes=\"(max-width: 1280px) 100vw, 1280px\" \/><\/p>\n<p>&#8220;Ter\u00e7a-feira, como de costume, recordamos a devo\u00e7\u00e3o a Santo Ant\u00f4nio. Hoje, de forma especial, tamb\u00e9m manifestamos nosso carinho a Clara de Assis, exaltando a for\u00e7a e a personalidade desta jovem mulher que segue como modelo de vida para a Igreja e para a humanidade&#8221;, comentou o Vig\u00e1rio Provincial, Frei Gustavo Medella, no coment\u00e1rio inicial do Tr\u00edduo de Santa Clara no Convento Santo Ant\u00f4nio, no Rio de Janeiro, neste dia 8 de agosto que a Igreja tamb\u00e9m celebra S\u00e3o Domingos de Gusm\u00e3o, fundador da Ordem dos Pregadores e irm\u00e3o espiritual de S\u00e3o Francisco de Assis.<\/p>\n<p>Segundo Frei Medella, no esp\u00edrito de comunh\u00e3o e integra\u00e7\u00e3o da Fam\u00edlia Franciscana, foi convidado para presidir a Santa Missa, \u00e0s 12 horas, o Cust\u00f3dio Provincial da Cust\u00f3dia da Imaculada Concei\u00e7\u00e3o, da Ordem dos Frades Menores Conventuais, Frei Carlos Roberto de Oliveira Charles.<\/p>\n<p><img loading=\"lazy\" class=\"alignnone size-full wp-image-188931\" src=\"https:\/\/franciscanos.org.br\/conventosantoantonio\/wp-content\/uploads\/2023\/08\/clara_02.jpg\" alt=\"\" width=\"1280\" height=\"960\" srcset=\"https:\/\/franciscanos.org.br\/conventosantoantonio\/wp-content\/uploads\/2023\/08\/clara_02.jpg 1280w, https:\/\/franciscanos.org.br\/conventosantoantonio\/wp-content\/uploads\/2023\/08\/clara_02-450x338.jpg 450w, https:\/\/franciscanos.org.br\/conventosantoantonio\/wp-content\/uploads\/2023\/08\/clara_02-1024x768.jpg 1024w, https:\/\/franciscanos.org.br\/conventosantoantonio\/wp-content\/uploads\/2023\/08\/clara_02-768x576.jpg 768w, https:\/\/franciscanos.org.br\/conventosantoantonio\/wp-content\/uploads\/2023\/08\/clara_02-150x113.jpg 150w\" sizes=\"(max-width: 1280px) 100vw, 1280px\" \/><\/p>\n<p>Por sua vez, o celebrante agradeceu aos frades do Convento e os parabenizou pela iniciativa &#8220;bonita deste interc\u00e2mbio entre as Fam\u00edlias Franciscanas&#8221; durante os tr\u00eas dias para render juntos esse louvor a Deus, &#8220;pela vida, pela santidade, pela miss\u00e3o da <em>Plantinha de S\u00e3o Francisco<\/em>, que \u00e9 nossa Irm\u00e3 e M\u00e3e Santa Clara&#8221;.<\/p>\n<p>&#8220;Hoje, iniciamos esse caminho de celebra\u00e7\u00f5es, preparando nossos cora\u00e7\u00f5es para buscar entender nos tempos de hoje a bravura, a grandeza, a profundidade desta mulher do s\u00e9culo 13, justamente neste dia que a Igreja faz mem\u00f3ria festiva de um outro grande fundador das Ordens Mendicantes, que \u00e9 S\u00e3o Domingos, da Ordem dos Pregadores, contempor\u00e2neo de S\u00e3o Francisco de Assis e Santa Clara de Assis. Assim como como Clara e Francisco, S\u00e3o Domingos \u00e9 t\u00e3o grande e t\u00e3o importante para a Igreja no seu tempo, no seu s\u00e9culo, como tamb\u00e9m para os nossos dias&#8221;, disse Frei Carlos.<\/p>\n<p><img loading=\"lazy\" class=\"alignnone size-full wp-image-188932\" src=\"https:\/\/franciscanos.org.br\/conventosantoantonio\/wp-content\/uploads\/2023\/08\/clara_05.jpg\" alt=\"\" width=\"1200\" height=\"828\" srcset=\"https:\/\/franciscanos.org.br\/conventosantoantonio\/wp-content\/uploads\/2023\/08\/clara_05.jpg 1200w, https:\/\/franciscanos.org.br\/conventosantoantonio\/wp-content\/uploads\/2023\/08\/clara_05-450x311.jpg 450w, https:\/\/franciscanos.org.br\/conventosantoantonio\/wp-content\/uploads\/2023\/08\/clara_05-1024x707.jpg 1024w, https:\/\/franciscanos.org.br\/conventosantoantonio\/wp-content\/uploads\/2023\/08\/clara_05-768x530.jpg 768w, https:\/\/franciscanos.org.br\/conventosantoantonio\/wp-content\/uploads\/2023\/08\/clara_05-150x104.jpg 150w\" sizes=\"(max-width: 1200px) 100vw, 1200px\" \/><\/p>\n<p>Segundo o frade, Santa Clara, com 60 anos incompletos, viveu uma trajet\u00f3ria que ainda nos chama a aten\u00e7\u00e3o. &#8220;A voca\u00e7\u00e3o de Clara supunha um entendimento monstruoso para al\u00e9m do seu tempo. Assim podemos dizer que ela \u00e9 uma mulher fruto de um tempo que est\u00e1 adiante dos passos e da sua caminhada&#8221;, observou o celebrante.<\/p>\n<p>Esse tr\u00edduo festivo teve como tema de hoje: \u201cSanta Clara, intercedei por n\u00f3s a Deus\u201d, referindo-se a esta mulher que reza para construir um projeto evang\u00e9lico, que seja cada vez um sinalizador do Reino de Deus, explicou o frade, lembrando que Clara foi a \u00fanica mulher a escrever uma Regra de Vida na hist\u00f3ria da Igreja. &#8220;Vejam voc\u00eas como ela foi corajosa e insistente para construir o momento bonito de acolher suas irm\u00e3s&#8221;, disse.<\/p>\n<p><img loading=\"lazy\" class=\"alignnone size-full wp-image-188933\" src=\"https:\/\/franciscanos.org.br\/conventosantoantonio\/wp-content\/uploads\/2023\/08\/clara_03.jpg\" alt=\"\" width=\"1280\" height=\"960\" srcset=\"https:\/\/franciscanos.org.br\/conventosantoantonio\/wp-content\/uploads\/2023\/08\/clara_03.jpg 1280w, https:\/\/franciscanos.org.br\/conventosantoantonio\/wp-content\/uploads\/2023\/08\/clara_03-450x338.jpg 450w, https:\/\/franciscanos.org.br\/conventosantoantonio\/wp-content\/uploads\/2023\/08\/clara_03-1024x768.jpg 1024w, https:\/\/franciscanos.org.br\/conventosantoantonio\/wp-content\/uploads\/2023\/08\/clara_03-768x576.jpg 768w, https:\/\/franciscanos.org.br\/conventosantoantonio\/wp-content\/uploads\/2023\/08\/clara_03-150x113.jpg 150w\" sizes=\"(max-width: 1280px) 100vw, 1280px\" \/><\/p>\n<p>Depois da b\u00ean\u00e7\u00e3o de Santa Clara e do p\u00e3o de Clara, tamb\u00e9m foi dia da devo\u00e7\u00e3o a Santao Ant\u00f4nio, como \u00e9 sempre muito forte no Convento Santo Ant\u00f4nio.<\/p>\n<p>Na padaria, al\u00e9m dos p\u00e3es caseiros que os frades preparam, os destaques eram o Pastel de Santa Clara e o Pastel de Bel\u00e9m.<\/p>\n<p>Neste segundo dia do tr\u00edduo, nesta quarta-feira, o tema \u00e9 &#8220;Santa Clara, ensinai a comunicar a paz e o bem&#8221; e ser\u00e1 dada a b\u00ean\u00e7\u00e3o aos instrumentos dos comunicadores.<\/p>\n<p><img loading=\"lazy\" class=\"alignnone size-full wp-image-188934\" src=\"https:\/\/franciscanos.org.br\/conventosantoantonio\/wp-content\/uploads\/2023\/08\/clara_04.jpg\" alt=\"\" width=\"1200\" height=\"1600\" srcset=\"https:\/\/franciscanos.org.br\/conventosantoantonio\/wp-content\/uploads\/2023\/08\/clara_04.jpg 1200w, https:\/\/franciscanos.org.br\/conventosantoantonio\/wp-content\/uploads\/2023\/08\/clara_04-338x450.jpg 338w, https:\/\/franciscanos.org.br\/conventosantoantonio\/wp-content\/uploads\/2023\/08\/clara_04-768x1024.jpg 768w, https:\/\/franciscanos.org.br\/conventosantoantonio\/wp-content\/uploads\/2023\/08\/clara_04-1152x1536.jpg 1152w, https:\/\/franciscanos.org.br\/conventosantoantonio\/wp-content\/uploads\/2023\/08\/clara_04-150x200.jpg 150w\" sizes=\"(max-width: 1200px) 100vw, 1200px\" \/><\/p>\n<p><strong>ORA\u00c7\u00c3O A SANTA CLARA (Ap\u00f3s a Comunh\u00e3o)<\/strong><\/p>\n<p>Clara, santa cheia de claridade, Irm\u00e3 de S\u00e3o Francisco de Assis, intercede pelos teus devotos que querem ser puros e transparentes. Teu nome e teu ser<br \/>\nexalam o perfume das coisas inteiras. E o frescor do que \u00e9 novo e renovado.<br \/>\nClareia os caminhos tortuosos daqueles que se embrenham na noite do pr\u00f3prio ego\u00edsmo e nas trevas do isolamento.<\/p>\n<p>Clara, Irm\u00e3 de S\u00e3o Francisco, coloca em nossos cora\u00e7\u00f5es a paix\u00e3o pela simplicidade, a sede pela pobreza, a \u00e2nsia pela contempla\u00e7\u00e3o. Te suplico, Irm\u00e3 Lua, que junto ao Sol de Assis no mesmo c\u00e9u refulge, alcan\u00e7a-nos a gra\u00e7a que, confiantes vos pedimos. Santa Clara, ilumina os passos daqueles que buscam a claridade! Am\u00e9m!<\/p>\n","protected":false},"excerpt":{"rendered":"<p>Tr\u00edduo de Santa Clara<\/p>\n","protected":false},"author":3,"featured_media":188930,"comment_status":"open","ping_status":"open","sticky":false,"template":"","format":"standard","meta":[],"categories":[105],"tags":[378],"yoast_head":"<!-- This site is optimized with the Yoast SEO plugin v19.4 - https:\/\/yoast.com\/wordpress\/plugins\/seo\/ -->\n<title>No dia de S\u00e3o Domingos, Frades Conventuais abrem o Tr\u00edduo de Santa Clara - Convento Santo Ant\u00f4nio- Franciscanos<\/title>\n<meta name=\"robots\" content=\"index, follow, max-snippet:-1, max-image-preview:large, max-video-preview:-1\" \/>\n<link rel=\"canonical\" href=\"https:\/\/franciscanos.org.br\/conventosantoantonio\/no-dia-de-sao-domingos-frades-conventuais-abrem-o-triduo-de-santa-clara\/\" \/>\n<meta property=\"og:locale\" content=\"pt_BR\" \/>\n<meta property=\"og:type\" content=\"article\" \/>\n<meta property=\"og:title\" content=\"No dia de S\u00e3o Domingos, Frades Conventuais abrem o Tr\u00edduo de Santa Clara - Convento Santo Ant\u00f4nio- Franciscanos\" \/>\n<meta property=\"og:description\" content=\"Tr\u00edduo de Santa Clara\" \/>\n<meta property=\"og:url\" content=\"https:\/\/franciscanos.org.br\/conventosantoantonio\/no-dia-de-sao-domingos-frades-conventuais-abrem-o-triduo-de-santa-clara\/\" \/>\n<meta property=\"og:site_name\" content=\"Convento Santo Ant\u00f4nio- Franciscanos\" \/>\n<meta property=\"article:published_time\" content=\"2023-08-08T18:24:32+00:00\" \/>\n<meta property=\"article:modified_time\" content=\"2023-08-08T18:34:24+00:00\" \/>\n<meta property=\"og:image\" content=\"https:\/\/franciscanos.org.br\/conventosantoantonio\/wp-content\/uploads\/2023\/08\/clara_01.jpg\" \/>\n\t<meta property=\"og:image:width\" content=\"1280\" \/>\n\t<meta property=\"og:image:height\" content=\"720\" \/>\n\t<meta property=\"og:image:type\" content=\"image\/jpeg\" \/>\n<meta name=\"author\" content=\"moacir\" \/>\n<meta name=\"twitter:card\" content=\"summary_large_image\" \/>\n<meta name=\"twitter:label1\" content=\"Escrito por\" \/>\n\t<meta name=\"twitter:data1\" content=\"moacir\" \/>\n\t<meta name=\"twitter:label2\" content=\"Est. tempo de leitura\" \/>\n\t<meta name=\"twitter:data2\" content=\"5 minutos\" \/>\n<script type=\"application\/ld+json\" class=\"yoast-schema-graph\">{\"@context\":\"https:\/\/schema.org\",\"@graph\":[{\"@type\":\"WebSite\",\"@id\":\"https:\/\/franciscanos.org.br\/conventosantoantonio\/#website\",\"url\":\"https:\/\/franciscanos.org.br\/conventosantoantonio\/\",\"name\":\"Convento Santo Ant\u00f4nio- Franciscanos\",\"description\":\"Prov\u00edncia Franciscana da Imaculada Concei\u00e7\u00e3o do Brasil - Ordem dos Frades Menores\",\"potentialAction\":[{\"@type\":\"SearchAction\",\"target\":{\"@type\":\"EntryPoint\",\"urlTemplate\":\"https:\/\/franciscanos.org.br\/conventosantoantonio\/?s={search_term_string}\"},\"query-input\":\"required name=search_term_string\"}],\"inLanguage\":\"pt-BR\"},{\"@type\":\"WebPage\",\"@id\":\"https:\/\/franciscanos.org.br\/conventosantoantonio\/no-dia-de-sao-domingos-frades-conventuais-abrem-o-triduo-de-santa-clara\/\",\"url\":\"https:\/\/franciscanos.org.br\/conventosantoantonio\/no-dia-de-sao-domingos-frades-conventuais-abrem-o-triduo-de-santa-clara\/\",\"name\":\"No dia de S\u00e3o Domingos, Frades Conventuais abrem o Tr\u00edduo de Santa Clara - Convento Santo Ant\u00f4nio- Franciscanos\",\"isPartOf\":{\"@id\":\"https:\/\/franciscanos.org.br\/conventosantoantonio\/#website\"},\"datePublished\":\"2023-08-08T18:24:32+00:00\",\"dateModified\":\"2023-08-08T18:34:24+00:00\",\"author\":{\"@id\":\"https:\/\/franciscanos.org.br\/conventosantoantonio\/#\/schema\/person\/73421c01c49c32a7bb0a19d9b36df6ad\"},\"breadcrumb\":{\"@id\":\"https:\/\/franciscanos.org.br\/conventosantoantonio\/no-dia-de-sao-domingos-frades-conventuais-abrem-o-triduo-de-santa-clara\/#breadcrumb\"},\"inLanguage\":\"pt-BR\",\"potentialAction\":[{\"@type\":\"ReadAction\",\"target\":[\"https:\/\/franciscanos.org.br\/conventosantoantonio\/no-dia-de-sao-domingos-frades-conventuais-abrem-o-triduo-de-santa-clara\/\"]}]},{\"@type\":\"BreadcrumbList\",\"@id\":\"https:\/\/franciscanos.org.br\/conventosantoantonio\/no-dia-de-sao-domingos-frades-conventuais-abrem-o-triduo-de-santa-clara\/#breadcrumb\",\"itemListElement\":[{\"@type\":\"ListItem\",\"position\":1,\"name\":\"Home\",\"item\":\"https:\/\/franciscanos.org.br\/conventosantoantonio\/\"},{\"@type\":\"ListItem\",\"position\":2,\"name\":\"No dia de S\u00e3o Domingos, Frades Conventuais abrem o Tr\u00edduo de Santa Clara\"}]},{\"@type\":\"Person\",\"@id\":\"https:\/\/franciscanos.org.br\/conventosantoantonio\/#\/schema\/person\/73421c01c49c32a7bb0a19d9b36df6ad\",\"name\":\"moacir\",\"image\":{\"@type\":\"ImageObject\",\"inLanguage\":\"pt-BR\",\"@id\":\"https:\/\/franciscanos.org.br\/conventosantoantonio\/#\/schema\/person\/image\/\",\"url\":\"https:\/\/secure.gravatar.com\/avatar\/d08aa2ce4c8dd416d4479aa8536fcf64?s=96&d=mm&r=g\",\"contentUrl\":\"https:\/\/secure.gravatar.com\/avatar\/d08aa2ce4c8dd416d4479aa8536fcf64?s=96&d=mm&r=g\",\"caption\":\"moacir\"},\"url\":\"https:\/\/franciscanos.org.br\/conventosantoantonio\/author\/moacir\/\"}]}<\/script>\n<!-- \/ Yoast SEO plugin. -->","yoast_head_json":{"title":"No dia de S\u00e3o Domingos, Frades Conventuais abrem o Tr\u00edduo de Santa Clara - Convento Santo Ant\u00f4nio- Franciscanos","robots":{"index":"index","follow":"follow","max-snippet":"max-snippet:-1","max-image-preview":"max-image-preview:large","max-video-preview":"max-video-preview:-1"},"canonical":"https:\/\/franciscanos.org.br\/conventosantoantonio\/no-dia-de-sao-domingos-frades-conventuais-abrem-o-triduo-de-santa-clara\/","og_locale":"pt_BR","og_type":"article","og_title":"No dia de S\u00e3o Domingos, Frades Conventuais abrem o Tr\u00edduo de Santa Clara - Convento Santo Ant\u00f4nio- Franciscanos","og_description":"Tr\u00edduo de Santa Clara","og_url":"https:\/\/franciscanos.org.br\/conventosantoantonio\/no-dia-de-sao-domingos-frades-conventuais-abrem-o-triduo-de-santa-clara\/","og_site_name":"Convento Santo Ant\u00f4nio- Franciscanos","article_published_time":"2023-08-08T18:24:32+00:00","article_modified_time":"2023-08-08T18:34:24+00:00","og_image":[{"width":1280,"height":720,"url":"https:\/\/franciscanos.org.br\/conventosantoantonio\/wp-content\/uploads\/2023\/08\/clara_01.jpg","type":"image\/jpeg"}],"author":"moacir","twitter_card":"summary_large_image","twitter_misc":{"Escrito por":"moacir","Est. tempo de leitura":"5 minutos"},"schema":{"@context":"https:\/\/schema.org","@graph":[{"@type":"WebSite","@id":"https:\/\/franciscanos.org.br\/conventosantoantonio\/#website","url":"https:\/\/franciscanos.org.br\/conventosantoantonio\/","name":"Convento Santo Ant\u00f4nio- Franciscanos","description":"Prov\u00edncia Franciscana da Imaculada Concei\u00e7\u00e3o do Brasil - Ordem dos Frades Menores","potentialAction":[{"@type":"SearchAction","target":{"@type":"EntryPoint","urlTemplate":"https:\/\/franciscanos.org.br\/conventosantoantonio\/?s={search_term_string}"},"query-input":"required name=search_term_string"}],"inLanguage":"pt-BR"},{"@type":"WebPage","@id":"https:\/\/franciscanos.org.br\/conventosantoantonio\/no-dia-de-sao-domingos-frades-conventuais-abrem-o-triduo-de-santa-clara\/","url":"https:\/\/franciscanos.org.br\/conventosantoantonio\/no-dia-de-sao-domingos-frades-conventuais-abrem-o-triduo-de-santa-clara\/","name":"No dia de S\u00e3o Domingos, Frades Conventuais abrem o Tr\u00edduo de Santa Clara - Convento Santo Ant\u00f4nio- Franciscanos","isPartOf":{"@id":"https:\/\/franciscanos.org.br\/conventosantoantonio\/#website"},"datePublished":"2023-08-08T18:24:32+00:00","dateModified":"2023-08-08T18:34:24+00:00","author":{"@id":"https:\/\/franciscanos.org.br\/conventosantoantonio\/#\/schema\/person\/73421c01c49c32a7bb0a19d9b36df6ad"},"breadcrumb":{"@id":"https:\/\/franciscanos.org.br\/conventosantoantonio\/no-dia-de-sao-domingos-frades-conventuais-abrem-o-triduo-de-santa-clara\/#breadcrumb"},"inLanguage":"pt-BR","potentialAction":[{"@type":"ReadAction","target":["https:\/\/franciscanos.org.br\/conventosantoantonio\/no-dia-de-sao-domingos-frades-conventuais-abrem-o-triduo-de-santa-clara\/"]}]},{"@type":"BreadcrumbList","@id":"https:\/\/franciscanos.org.br\/conventosantoantonio\/no-dia-de-sao-domingos-frades-conventuais-abrem-o-triduo-de-santa-clara\/#breadcrumb","itemListElement":[{"@type":"ListItem","position":1,"name":"Home","item":"https:\/\/franciscanos.org.br\/conventosantoantonio\/"},{"@type":"ListItem","position":2,"name":"No dia de S\u00e3o Domingos, Frades Conventuais abrem o Tr\u00edduo de Santa Clara"}]},{"@type":"Person","@id":"https:\/\/franciscanos.org.br\/conventosantoantonio\/#\/schema\/person\/73421c01c49c32a7bb0a19d9b36df6ad","name":"moacir","image":{"@type":"ImageObject","inLanguage":"pt-BR","@id":"https:\/\/franciscanos.org.br\/conventosantoantonio\/#\/schema\/person\/image\/","url":"https:\/\/secure.gravatar.com\/avatar\/d08aa2ce4c8dd416d4479aa8536fcf64?s=96&d=mm&r=g","contentUrl":"https:\/\/secure.gravatar.com\/avatar\/d08aa2ce4c8dd416d4479aa8536fcf64?s=96&d=mm&r=g","caption":"moacir"},"url":"https:\/\/franciscanos.org.br\/conventosantoantonio\/author\/moacir\/"}]}},"_links":{"self":[{"href":"https:\/\/franciscanos.org.br\/conventosantoantonio\/wp-json\/wp\/v2\/posts\/188929"}],"collection":[{"href":"https:\/\/franciscanos.org.br\/conventosantoantonio\/wp-json\/wp\/v2\/posts"}],"about":[{"href":"https:\/\/franciscanos.org.br\/conventosantoantonio\/wp-json\/wp\/v2\/types\/post"}],"author":[{"embeddable":true,"href":"https:\/\/franciscanos.org.br\/conventosantoantonio\/wp-json\/wp\/v2\/users\/3"}],"replies":[{"embeddable":true,"href":"https:\/\/franciscanos.org.br\/conventosantoantonio\/wp-json\/wp\/v2\/comments?post=188929"}],"version-history":[{"count":2,"href":"https:\/\/franciscanos.org.br\/conventosantoantonio\/wp-json\/wp\/v2\/posts\/188929\/revisions"}],"predecessor-version":[{"id":188938,"href":"https:\/\/franciscanos.org.br\/conventosantoantonio\/wp-json\/wp\/v2\/posts\/188929\/revisions\/188938"}],"wp:featuredmedia":[{"embeddable":true,"href":"https:\/\/franciscanos.org.br\/conventosantoantonio\/wp-json\/wp\/v2\/media\/188930"}],"wp:attachment":[{"href":"https:\/\/franciscanos.org.br\/conventosantoantonio\/wp-json\/wp\/v2\/media?parent=188929"}],"wp:term":[{"taxonomy":"category","embeddable":true,"href":"https:\/\/franciscanos.org.br\/conventosantoantonio\/wp-json\/wp\/v2\/categories?post=188929"},{"taxonomy":"post_tag","embeddable":true,"href":"https:\/\/franciscanos.org.br\/conventosantoantonio\/wp-json\/wp\/v2\/tags?post=188929"}],"curies":[{"name":"wp","href":"https:\/\/api.w.org\/{rel}","templated":true}]}}