{"id":188872,"date":"2023-06-13T21:23:17","date_gmt":"2023-06-14T00:23:17","guid":{"rendered":"https:\/\/franciscanos.org.br\/conventosantoantonio\/?p=188872"},"modified":"2023-06-13T21:23:54","modified_gmt":"2023-06-14T00:23:54","slug":"devotos-de-santo-antonio-tomam-conta-do-largo-da-carioca","status":"publish","type":"post","link":"https:\/\/franciscanos.org.br\/conventosantoantonio\/devotos-de-santo-antonio-tomam-conta-do-largo-da-carioca\/","title":{"rendered":"Devotos de Santo Ant\u00f4nio tomam conta do Largo da Carioca"},"content":{"rendered":"<p><img loading=\"lazy\" class=\"alignnone size-full wp-image-188873\" src=\"https:\/\/franciscanos.org.br\/conventosantoantonio\/wp-content\/uploads\/2023\/06\/final_19.jpg\" alt=\"\" width=\"1280\" height=\"720\" srcset=\"https:\/\/franciscanos.org.br\/conventosantoantonio\/wp-content\/uploads\/2023\/06\/final_19.jpg 1280w, https:\/\/franciscanos.org.br\/conventosantoantonio\/wp-content\/uploads\/2023\/06\/final_19-450x253.jpg 450w, https:\/\/franciscanos.org.br\/conventosantoantonio\/wp-content\/uploads\/2023\/06\/final_19-1024x576.jpg 1024w, https:\/\/franciscanos.org.br\/conventosantoantonio\/wp-content\/uploads\/2023\/06\/final_19-768x432.jpg 768w, https:\/\/franciscanos.org.br\/conventosantoantonio\/wp-content\/uploads\/2023\/06\/final_19-150x84.jpg 150w\" sizes=\"(max-width: 1280px) 100vw, 1280px\" \/><\/p>\n<p>A Festa de Santo Ant\u00f4nio, neste 13 de junho de 2023, recebeu solenemente o Cardeal Arcebispo Orani Jo\u00e3o Tempesta para presidir a Celebra\u00e7\u00e3o Eucar\u00edstica das 15 horas. Ele teve como concelebrantes Frei Gustavo Medella, Frei Est\u00eav\u00e3o Ottenbreit e Frei Guido Scottini, num dia em que a igreja ficou lotada de fi\u00e9is devotos do Padroeiro.<\/p>\n<p>Frei Walter Ferreira Junior, o guardi\u00e3o e Reitor da Fraternidade e Santu\u00e1rio de Santo Ant\u00f4nio, celebrou a \u00faltima Missa do dia. As pessoas que n\u00e3o conseguiram entrar na capela acompanhavam a Missa pelas caixas de som.<\/p>\n<p><img loading=\"lazy\" class=\"alignnone size-full wp-image-188874\" src=\"https:\/\/franciscanos.org.br\/conventosantoantonio\/wp-content\/uploads\/2023\/06\/final_09.jpg\" alt=\"\" width=\"1280\" height=\"853\" srcset=\"https:\/\/franciscanos.org.br\/conventosantoantonio\/wp-content\/uploads\/2023\/06\/final_09.jpg 1280w, https:\/\/franciscanos.org.br\/conventosantoantonio\/wp-content\/uploads\/2023\/06\/final_09-450x300.jpg 450w, https:\/\/franciscanos.org.br\/conventosantoantonio\/wp-content\/uploads\/2023\/06\/final_09-1024x682.jpg 1024w, https:\/\/franciscanos.org.br\/conventosantoantonio\/wp-content\/uploads\/2023\/06\/final_09-768x512.jpg 768w, https:\/\/franciscanos.org.br\/conventosantoantonio\/wp-content\/uploads\/2023\/06\/final_09-150x100.jpg 150w\" sizes=\"(max-width: 1280px) 100vw, 1280px\" \/><\/p>\n<p>O morro de Santo Ant\u00f4nio, no Largo da Carioca, foi o destino dos devotos do santo franciscano. Milhares de pessoas subiram por uma escadaria e milhares desceram por outra, al\u00e9m do elevador que atendeu pessoas mais idosas e com dificuldades de locomo\u00e7\u00e3o. Com a mudan\u00e7a de temperatura, o sol n\u00e3o apareceu e deixou o clima bem agrad\u00e1vel para circular nas barracas espalhadas na frente do convento. Depois das Missas, celebra\u00e7\u00f5es e b\u00ean\u00e7\u00e3os, os fi\u00e9is passavam por um corredor, onde estava uma imagem de Santo Ant\u00f4nio e dois frades faziam a aspers\u00e3o de \u00e1gua benta. Para que os fi\u00e9is pudessem transitar sem grandes problemas na igreja durante as celebra\u00e7\u00f5es, o Convento abriu uma sa\u00edda lateral passando pelo claustro.<\/p>\n<p>Segundo Dom Orani, nos encontramos nesta celebra\u00e7\u00e3o trazendo nossas inten\u00e7\u00f5es no cora\u00e7\u00e3o, de agradecimento ou de pedidos, ou mesmo para poder ouvir a Palavra de Deus e celebrar com alegria esta Eucaristia, no dia desta t\u00e3o insigne pessoa, importante homem de Deus que foi Santo Ant\u00f4nio.<\/p>\n<p>&#8220;Embora tenha vivido tantos s\u00e9culos atr\u00e1s, vemos que sua vida, seu exemplo continua ecoando para n\u00f3s hoje. Estamos aqui!&#8221;, disse.<\/p>\n<p><img loading=\"lazy\" class=\"alignnone size-full wp-image-188876\" src=\"https:\/\/franciscanos.org.br\/conventosantoantonio\/wp-content\/uploads\/2023\/06\/final_15.jpg\" alt=\"\" width=\"1280\" height=\"853\" srcset=\"https:\/\/franciscanos.org.br\/conventosantoantonio\/wp-content\/uploads\/2023\/06\/final_15.jpg 1280w, https:\/\/franciscanos.org.br\/conventosantoantonio\/wp-content\/uploads\/2023\/06\/final_15-450x300.jpg 450w, https:\/\/franciscanos.org.br\/conventosantoantonio\/wp-content\/uploads\/2023\/06\/final_15-1024x682.jpg 1024w, https:\/\/franciscanos.org.br\/conventosantoantonio\/wp-content\/uploads\/2023\/06\/final_15-768x512.jpg 768w, https:\/\/franciscanos.org.br\/conventosantoantonio\/wp-content\/uploads\/2023\/06\/final_15-150x100.jpg 150w\" sizes=\"(max-width: 1280px) 100vw, 1280px\" \/><\/p>\n<p>&#8220;Hoje n\u00f3s viemos aqui para recordar aquilo que Deus fez na vida de Santo Ant\u00f4nio e como ele deixou se conduzir pelo Senhor, como ele se deixou conduzir pela a\u00e7\u00e3o do Esp\u00edrito Santo, que lhe deu o dom da sabedoria e deu dons para ser grande evangelizador. Ao mesmo tempo ele tornou-se um grande mission\u00e1rio por onde passou na obedi\u00eancia dentro sua vida consagrada, procurando evangelizar e amar a todos. E continua fazendo ainda hoje&#8221;.<\/p>\n<p>Segundo D. Orani, n\u00f3s invocamos os santos tanto para ter os seus exemplos, recordando as suas vidas, como para pedir as suas intercess\u00f5es por n\u00f3s, para que possamos viver esse nosso tempo com entusiasmo, com generosidade como eles viveram a vida crist\u00e3.<\/p>\n<p><img loading=\"lazy\" class=\"alignnone size-full wp-image-188877\" src=\"https:\/\/franciscanos.org.br\/conventosantoantonio\/wp-content\/uploads\/2023\/06\/final_08.jpg\" alt=\"\" width=\"1280\" height=\"960\" srcset=\"https:\/\/franciscanos.org.br\/conventosantoantonio\/wp-content\/uploads\/2023\/06\/final_08.jpg 1280w, https:\/\/franciscanos.org.br\/conventosantoantonio\/wp-content\/uploads\/2023\/06\/final_08-450x338.jpg 450w, https:\/\/franciscanos.org.br\/conventosantoantonio\/wp-content\/uploads\/2023\/06\/final_08-1024x768.jpg 1024w, https:\/\/franciscanos.org.br\/conventosantoantonio\/wp-content\/uploads\/2023\/06\/final_08-768x576.jpg 768w, https:\/\/franciscanos.org.br\/conventosantoantonio\/wp-content\/uploads\/2023\/06\/final_08-150x113.jpg 150w\" sizes=\"(max-width: 1280px) 100vw, 1280px\" \/><\/p>\n<p>&#8220;N\u00f3s temos portanto um grande exemplo de quem se encontrou com Cristo e viveu a vida crist\u00e3 em grau heroico como Santo Ant\u00f4nio e \u00e9 para n\u00f3s uma exorta\u00e7\u00e3o tamb\u00e9m daquilo que somos chamados a viver. N\u00f3s todos somos chamados a seguir Jesus Cristo, a sermos mission\u00e1rios&#8221;, enfatizou o Cardeal.<\/p>\n\n\t\t<style type=\"text\/css\">\n\t\t\t#gallery-1 {\n\t\t\t\tmargin: auto;\n\t\t\t}\n\t\t\t#gallery-1 .gallery-item {\n\t\t\t\tfloat: left;\n\t\t\t\tmargin-top: 10px;\n\t\t\t\ttext-align: center;\n\t\t\t\twidth: 33%;\n\t\t\t}\n\t\t\t#gallery-1 img {\n\t\t\t\tborder: 2px solid #cfcfcf;\n\t\t\t}\n\t\t\t#gallery-1 .gallery-caption {\n\t\t\t\tmargin-left: 0;\n\t\t\t}\n\t\t\t\/* see gallery_shortcode() in wp-includes\/media.php *\/\n\t\t<\/style>\n\t\t<div id='gallery-1' class='gallery galleryid-188872 gallery-columns-3 gallery-size-thumbnail'><dl class='gallery-item'>\n\t\t\t<dt class='gallery-icon portrait'>\n\t\t\t\t<a href='https:\/\/franciscanos.org.br\/conventosantoantonio\/wp-content\/uploads\/2023\/06\/final_03.jpg'><img width=\"300\" height=\"300\" src=\"https:\/\/franciscanos.org.br\/conventosantoantonio\/wp-content\/uploads\/2023\/06\/final_03-300x300.jpg\" class=\"attachment-thumbnail size-thumbnail\" alt=\"\" loading=\"lazy\" srcset=\"https:\/\/franciscanos.org.br\/conventosantoantonio\/wp-content\/uploads\/2023\/06\/final_03-300x300.jpg 300w, https:\/\/franciscanos.org.br\/conventosantoantonio\/wp-content\/uploads\/2023\/06\/final_03-400x400.jpg 400w\" sizes=\"(max-width: 300px) 100vw, 300px\" \/><\/a>\n\t\t\t<\/dt><\/dl><dl class='gallery-item'>\n\t\t\t<dt class='gallery-icon portrait'>\n\t\t\t\t<a href='https:\/\/franciscanos.org.br\/conventosantoantonio\/wp-content\/uploads\/2023\/06\/final_07.jpg'><img width=\"300\" height=\"300\" src=\"https:\/\/franciscanos.org.br\/conventosantoantonio\/wp-content\/uploads\/2023\/06\/final_07-300x300.jpg\" class=\"attachment-thumbnail size-thumbnail\" alt=\"\" loading=\"lazy\" srcset=\"https:\/\/franciscanos.org.br\/conventosantoantonio\/wp-content\/uploads\/2023\/06\/final_07-300x300.jpg 300w, https:\/\/franciscanos.org.br\/conventosantoantonio\/wp-content\/uploads\/2023\/06\/final_07-400x400.jpg 400w\" sizes=\"(max-width: 300px) 100vw, 300px\" \/><\/a>\n\t\t\t<\/dt><\/dl><dl class='gallery-item'>\n\t\t\t<dt class='gallery-icon portrait'>\n\t\t\t\t<a href='https:\/\/franciscanos.org.br\/conventosantoantonio\/wp-content\/uploads\/2023\/06\/final_13.jpg'><img width=\"300\" height=\"300\" src=\"https:\/\/franciscanos.org.br\/conventosantoantonio\/wp-content\/uploads\/2023\/06\/final_13-300x300.jpg\" class=\"attachment-thumbnail size-thumbnail\" alt=\"\" loading=\"lazy\" srcset=\"https:\/\/franciscanos.org.br\/conventosantoantonio\/wp-content\/uploads\/2023\/06\/final_13-300x300.jpg 300w, https:\/\/franciscanos.org.br\/conventosantoantonio\/wp-content\/uploads\/2023\/06\/final_13-400x400.jpg 400w\" sizes=\"(max-width: 300px) 100vw, 300px\" \/><\/a>\n\t\t\t<\/dt><\/dl><br style=\"clear: both\" \/>\n\t\t<\/div>\n\n<p><em>(toque nas imagens para ampli\u00e1-las)<\/em><\/p>\n<h2><strong>GUARDI\u00c3O PRESIDE A MISSA DE ENCERRAMENTO<\/strong><\/h2>\n<p>O guardi\u00e3o da Fraternidade do Convento Santo Ant\u00f4nio, Frei Walter Ferreira Junior, presidiu a Missa de encerramento, \u00e0s 18 horas, tendo como concelebrante Frei Gabriel Dellandrea, que foi o pregador da Trezena. Com a mensagem para que fa\u00e7amos como Santo Ant\u00f4nio e cultivemos os la\u00e7os de amor com Deus, Frei Gabriel fez a homilia de encerramento: &#8220;Santo Ant\u00f4nio fez esse la\u00e7o de amor ficar ainda mais forte, porque ele mostrava atrav\u00e9s de suas obras o grande amor de Deus e provocava aqueles cora\u00e7\u00f5es que estavam amargurados&#8221;.<\/p>\n<p><img loading=\"lazy\" class=\"alignnone size-full wp-image-188878\" src=\"https:\/\/franciscanos.org.br\/conventosantoantonio\/wp-content\/uploads\/2023\/06\/final_01-1.jpg\" alt=\"\" width=\"1280\" height=\"1707\" srcset=\"https:\/\/franciscanos.org.br\/conventosantoantonio\/wp-content\/uploads\/2023\/06\/final_01-1.jpg 1280w, https:\/\/franciscanos.org.br\/conventosantoantonio\/wp-content\/uploads\/2023\/06\/final_01-1-337x450.jpg 337w, https:\/\/franciscanos.org.br\/conventosantoantonio\/wp-content\/uploads\/2023\/06\/final_01-1-768x1024.jpg 768w, https:\/\/franciscanos.org.br\/conventosantoantonio\/wp-content\/uploads\/2023\/06\/final_01-1-1152x1536.jpg 1152w, https:\/\/franciscanos.org.br\/conventosantoantonio\/wp-content\/uploads\/2023\/06\/final_01-1-150x200.jpg 150w\" sizes=\"(max-width: 1280px) 100vw, 1280px\" \/><\/p>\n<p>&nbsp;<\/p>\n<p>Partindo do Evangelho que Jesus ensina os disc\u00edpulos a serem sal e luz do mundo, Frei Gabriel, usando a met\u00e1fora do sal utilizado para conservar a carne, explicou que quando Jesus diz &#8220;voc\u00eas s\u00e3o o sal da terra&#8221;, ele quer dizer que n\u00e3o deixar\u00e3o que a carne se torne corrupta ou se estrague. &#8216;Isso significa que n\u00f3s temos, como crist\u00e3os, o dever de espalhar aquilo que \u00e9 bom, de fazer aquilo que \u00e9 certo&#8217;, exortou.<\/p>\n<p><img loading=\"lazy\" class=\"alignnone size-full wp-image-188883\" src=\"https:\/\/franciscanos.org.br\/conventosantoantonio\/wp-content\/uploads\/2023\/06\/final_06.jpg\" alt=\"\" width=\"1280\" height=\"1180\" srcset=\"https:\/\/franciscanos.org.br\/conventosantoantonio\/wp-content\/uploads\/2023\/06\/final_06.jpg 1280w, https:\/\/franciscanos.org.br\/conventosantoantonio\/wp-content\/uploads\/2023\/06\/final_06-450x415.jpg 450w, https:\/\/franciscanos.org.br\/conventosantoantonio\/wp-content\/uploads\/2023\/06\/final_06-1024x944.jpg 1024w, https:\/\/franciscanos.org.br\/conventosantoantonio\/wp-content\/uploads\/2023\/06\/final_06-768x708.jpg 768w, https:\/\/franciscanos.org.br\/conventosantoantonio\/wp-content\/uploads\/2023\/06\/final_06-150x138.jpg 150w\" sizes=\"(max-width: 1280px) 100vw, 1280px\" \/><\/p>\n<p>&#8220;N\u00f3s, crist\u00e3os, somos maioria e devemos fazer a revolu\u00e7\u00e3o que brota do amor, que brota da capacidade do servi\u00e7o, que brota da capacidade de ir al\u00e9m dos nossos horizontes e vislumbrar a outra pessoa do nosso lado. Nem sempre \u00e9 f\u00e1cil, mas n\u00e3o podemos regridir um dia que seja, porque a bact\u00e9ria pode se apossar da carne&#8221;, avisou.<\/p>\n<p>&#8220;Hoje, o nosso sal, est\u00e1 a\u00ed nos altares para temperar a nossa vida&#8221;, mostrou o pregador.<\/p>\n<p><img loading=\"lazy\" class=\"alignnone size-full wp-image-188892\" src=\"https:\/\/franciscanos.org.br\/conventosantoantonio\/wp-content\/uploads\/2023\/06\/final_20.jpg\" alt=\"\" width=\"1280\" height=\"853\" srcset=\"https:\/\/franciscanos.org.br\/conventosantoantonio\/wp-content\/uploads\/2023\/06\/final_20.jpg 1280w, https:\/\/franciscanos.org.br\/conventosantoantonio\/wp-content\/uploads\/2023\/06\/final_20-450x300.jpg 450w, https:\/\/franciscanos.org.br\/conventosantoantonio\/wp-content\/uploads\/2023\/06\/final_20-1024x682.jpg 1024w, https:\/\/franciscanos.org.br\/conventosantoantonio\/wp-content\/uploads\/2023\/06\/final_20-768x512.jpg 768w, https:\/\/franciscanos.org.br\/conventosantoantonio\/wp-content\/uploads\/2023\/06\/final_20-150x100.jpg 150w\" sizes=\"(max-width: 1280px) 100vw, 1280px\" \/><\/p>\n\n\t\t<style type=\"text\/css\">\n\t\t\t#gallery-2 {\n\t\t\t\tmargin: auto;\n\t\t\t}\n\t\t\t#gallery-2 .gallery-item {\n\t\t\t\tfloat: left;\n\t\t\t\tmargin-top: 10px;\n\t\t\t\ttext-align: center;\n\t\t\t\twidth: 12%;\n\t\t\t}\n\t\t\t#gallery-2 img {\n\t\t\t\tborder: 2px solid #cfcfcf;\n\t\t\t}\n\t\t\t#gallery-2 .gallery-caption {\n\t\t\t\tmargin-left: 0;\n\t\t\t}\n\t\t\t\/* see gallery_shortcode() in wp-includes\/media.php *\/\n\t\t<\/style>\n\t\t<div id='gallery-2' class='gallery galleryid-188872 gallery-columns-8 gallery-size-thumbnail'><dl class='gallery-item'>\n\t\t\t<dt class='gallery-icon landscape'>\n\t\t\t\t<a href='https:\/\/franciscanos.org.br\/conventosantoantonio\/wp-content\/uploads\/2023\/06\/final_02.jpg'><img width=\"300\" height=\"300\" src=\"https:\/\/franciscanos.org.br\/conventosantoantonio\/wp-content\/uploads\/2023\/06\/final_02-300x300.jpg\" class=\"attachment-thumbnail size-thumbnail\" alt=\"\" loading=\"lazy\" srcset=\"https:\/\/franciscanos.org.br\/conventosantoantonio\/wp-content\/uploads\/2023\/06\/final_02-300x300.jpg 300w, https:\/\/franciscanos.org.br\/conventosantoantonio\/wp-content\/uploads\/2023\/06\/final_02-400x400.jpg 400w\" sizes=\"(max-width: 300px) 100vw, 300px\" \/><\/a>\n\t\t\t<\/dt><\/dl><dl class='gallery-item'>\n\t\t\t<dt class='gallery-icon landscape'>\n\t\t\t\t<a href='https:\/\/franciscanos.org.br\/conventosantoantonio\/wp-content\/uploads\/2023\/06\/final_04.jpg'><img width=\"300\" height=\"300\" src=\"https:\/\/franciscanos.org.br\/conventosantoantonio\/wp-content\/uploads\/2023\/06\/final_04-300x300.jpg\" class=\"attachment-thumbnail size-thumbnail\" alt=\"\" loading=\"lazy\" srcset=\"https:\/\/franciscanos.org.br\/conventosantoantonio\/wp-content\/uploads\/2023\/06\/final_04-300x300.jpg 300w, https:\/\/franciscanos.org.br\/conventosantoantonio\/wp-content\/uploads\/2023\/06\/final_04-400x400.jpg 400w\" sizes=\"(max-width: 300px) 100vw, 300px\" \/><\/a>\n\t\t\t<\/dt><\/dl><dl class='gallery-item'>\n\t\t\t<dt class='gallery-icon landscape'>\n\t\t\t\t<a href='https:\/\/franciscanos.org.br\/conventosantoantonio\/wp-content\/uploads\/2023\/06\/final_05-1.jpg'><img width=\"300\" height=\"300\" src=\"https:\/\/franciscanos.org.br\/conventosantoantonio\/wp-content\/uploads\/2023\/06\/final_05-1-300x300.jpg\" class=\"attachment-thumbnail size-thumbnail\" alt=\"\" loading=\"lazy\" srcset=\"https:\/\/franciscanos.org.br\/conventosantoantonio\/wp-content\/uploads\/2023\/06\/final_05-1-300x300.jpg 300w, https:\/\/franciscanos.org.br\/conventosantoantonio\/wp-content\/uploads\/2023\/06\/final_05-1-400x400.jpg 400w\" sizes=\"(max-width: 300px) 100vw, 300px\" \/><\/a>\n\t\t\t<\/dt><\/dl><dl class='gallery-item'>\n\t\t\t<dt class='gallery-icon landscape'>\n\t\t\t\t<a href='https:\/\/franciscanos.org.br\/conventosantoantonio\/wp-content\/uploads\/2023\/06\/final_10.jpg'><img width=\"300\" height=\"300\" src=\"https:\/\/franciscanos.org.br\/conventosantoantonio\/wp-content\/uploads\/2023\/06\/final_10-300x300.jpg\" class=\"attachment-thumbnail size-thumbnail\" alt=\"\" loading=\"lazy\" srcset=\"https:\/\/franciscanos.org.br\/conventosantoantonio\/wp-content\/uploads\/2023\/06\/final_10-300x300.jpg 300w, https:\/\/franciscanos.org.br\/conventosantoantonio\/wp-content\/uploads\/2023\/06\/final_10-400x400.jpg 400w\" sizes=\"(max-width: 300px) 100vw, 300px\" \/><\/a>\n\t\t\t<\/dt><\/dl><dl class='gallery-item'>\n\t\t\t<dt class='gallery-icon landscape'>\n\t\t\t\t<a href='https:\/\/franciscanos.org.br\/conventosantoantonio\/wp-content\/uploads\/2023\/06\/final_11.jpg'><img width=\"300\" height=\"300\" src=\"https:\/\/franciscanos.org.br\/conventosantoantonio\/wp-content\/uploads\/2023\/06\/final_11-300x300.jpg\" class=\"attachment-thumbnail size-thumbnail\" alt=\"\" loading=\"lazy\" srcset=\"https:\/\/franciscanos.org.br\/conventosantoantonio\/wp-content\/uploads\/2023\/06\/final_11-300x300.jpg 300w, https:\/\/franciscanos.org.br\/conventosantoantonio\/wp-content\/uploads\/2023\/06\/final_11-400x400.jpg 400w\" sizes=\"(max-width: 300px) 100vw, 300px\" \/><\/a>\n\t\t\t<\/dt><\/dl><dl class='gallery-item'>\n\t\t\t<dt class='gallery-icon landscape'>\n\t\t\t\t<a href='https:\/\/franciscanos.org.br\/conventosantoantonio\/wp-content\/uploads\/2023\/06\/final_14.jpg'><img width=\"300\" height=\"300\" src=\"https:\/\/franciscanos.org.br\/conventosantoantonio\/wp-content\/uploads\/2023\/06\/final_14-300x300.jpg\" class=\"attachment-thumbnail size-thumbnail\" alt=\"\" loading=\"lazy\" srcset=\"https:\/\/franciscanos.org.br\/conventosantoantonio\/wp-content\/uploads\/2023\/06\/final_14-300x300.jpg 300w, https:\/\/franciscanos.org.br\/conventosantoantonio\/wp-content\/uploads\/2023\/06\/final_14-400x400.jpg 400w\" sizes=\"(max-width: 300px) 100vw, 300px\" \/><\/a>\n\t\t\t<\/dt><\/dl><dl class='gallery-item'>\n\t\t\t<dt class='gallery-icon landscape'>\n\t\t\t\t<a href='https:\/\/franciscanos.org.br\/conventosantoantonio\/wp-content\/uploads\/2023\/06\/final_16.jpg'><img width=\"300\" height=\"300\" src=\"https:\/\/franciscanos.org.br\/conventosantoantonio\/wp-content\/uploads\/2023\/06\/final_16-300x300.jpg\" class=\"attachment-thumbnail size-thumbnail\" alt=\"\" loading=\"lazy\" srcset=\"https:\/\/franciscanos.org.br\/conventosantoantonio\/wp-content\/uploads\/2023\/06\/final_16-300x300.jpg 300w, https:\/\/franciscanos.org.br\/conventosantoantonio\/wp-content\/uploads\/2023\/06\/final_16-400x400.jpg 400w\" sizes=\"(max-width: 300px) 100vw, 300px\" \/><\/a>\n\t\t\t<\/dt><\/dl><dl class='gallery-item'>\n\t\t\t<dt class='gallery-icon landscape'>\n\t\t\t\t<a href='https:\/\/franciscanos.org.br\/conventosantoantonio\/wp-content\/uploads\/2023\/06\/final_17.jpg'><img width=\"300\" height=\"300\" src=\"https:\/\/franciscanos.org.br\/conventosantoantonio\/wp-content\/uploads\/2023\/06\/final_17-300x300.jpg\" class=\"attachment-thumbnail size-thumbnail\" alt=\"\" loading=\"lazy\" srcset=\"https:\/\/franciscanos.org.br\/conventosantoantonio\/wp-content\/uploads\/2023\/06\/final_17-300x300.jpg 300w, https:\/\/franciscanos.org.br\/conventosantoantonio\/wp-content\/uploads\/2023\/06\/final_17-400x400.jpg 400w\" sizes=\"(max-width: 300px) 100vw, 300px\" \/><\/a>\n\t\t\t<\/dt><\/dl><br style=\"clear: both\" \/>\n\t\t<\/div>\n\n<p><em>(toque nas imagens menores para ampli\u00e1-las)<\/em><\/p>\n<p>Frei Walter n\u00e3o se cansou de agradecer a todos os volunt\u00e1rios e colaboradores que ajudaram a fazer esta tradicional Festa de Santo Ant\u00f4nio ainda mais forte. Segundo ele, a doa\u00e7\u00e3o de cada um enriqueceu e tornou poss\u00edvel celebrar Santo Ant\u00f4nio e participa\u00e7\u00e3o em massa dos fi\u00e9is devotos alegraram muito o Santo franciscano.<\/p>\n<hr \/>\n<p><em>Moacir Beggo, pela Equipe de Comunica\u00e7\u00e3o da Prov\u00edncia da Imaculada Concei\u00e7\u00e3o<\/em><\/p>\n","protected":false},"excerpt":{"rendered":"<p>Festa de Santo Ant\u00f4nio do Largo da Carioca<\/p>\n","protected":false},"author":3,"featured_media":188873,"comment_status":"open","ping_status":"open","sticky":false,"template":"","format":"standard","meta":[],"categories":[105],"tags":[347],"yoast_head":"<!-- This site is optimized with the Yoast SEO plugin v19.4 - https:\/\/yoast.com\/wordpress\/plugins\/seo\/ -->\n<title>Devotos de Santo Ant\u00f4nio tomam conta do Largo da Carioca - Convento Santo Ant\u00f4nio- Franciscanos<\/title>\n<meta name=\"robots\" content=\"index, follow, max-snippet:-1, max-image-preview:large, max-video-preview:-1\" \/>\n<link rel=\"canonical\" href=\"https:\/\/franciscanos.org.br\/conventosantoantonio\/devotos-de-santo-antonio-tomam-conta-do-largo-da-carioca\/\" \/>\n<meta property=\"og:locale\" content=\"pt_BR\" \/>\n<meta property=\"og:type\" content=\"article\" \/>\n<meta property=\"og:title\" content=\"Devotos de Santo Ant\u00f4nio tomam conta do Largo da Carioca - Convento Santo Ant\u00f4nio- Franciscanos\" \/>\n<meta property=\"og:description\" content=\"Festa de Santo Ant\u00f4nio do Largo da Carioca\" \/>\n<meta property=\"og:url\" content=\"https:\/\/franciscanos.org.br\/conventosantoantonio\/devotos-de-santo-antonio-tomam-conta-do-largo-da-carioca\/\" \/>\n<meta property=\"og:site_name\" content=\"Convento Santo Ant\u00f4nio- Franciscanos\" \/>\n<meta property=\"article:published_time\" content=\"2023-06-14T00:23:17+00:00\" \/>\n<meta property=\"article:modified_time\" content=\"2023-06-14T00:23:54+00:00\" \/>\n<meta property=\"og:image\" content=\"https:\/\/franciscanos.org.br\/conventosantoantonio\/wp-content\/uploads\/2023\/06\/final_19.jpg\" \/>\n\t<meta property=\"og:image:width\" content=\"1280\" \/>\n\t<meta property=\"og:image:height\" content=\"720\" \/>\n\t<meta property=\"og:image:type\" content=\"image\/jpeg\" \/>\n<meta name=\"author\" content=\"moacir\" \/>\n<meta name=\"twitter:card\" content=\"summary_large_image\" \/>\n<meta name=\"twitter:label1\" content=\"Escrito por\" \/>\n\t<meta name=\"twitter:data1\" content=\"moacir\" \/>\n\t<meta name=\"twitter:label2\" content=\"Est. tempo de leitura\" \/>\n\t<meta name=\"twitter:data2\" content=\"6 minutos\" \/>\n<script type=\"application\/ld+json\" class=\"yoast-schema-graph\">{\"@context\":\"https:\/\/schema.org\",\"@graph\":[{\"@type\":\"WebSite\",\"@id\":\"https:\/\/franciscanos.org.br\/conventosantoantonio\/#website\",\"url\":\"https:\/\/franciscanos.org.br\/conventosantoantonio\/\",\"name\":\"Convento Santo Ant\u00f4nio- Franciscanos\",\"description\":\"Prov\u00edncia Franciscana da Imaculada Concei\u00e7\u00e3o do Brasil - Ordem dos Frades Menores\",\"potentialAction\":[{\"@type\":\"SearchAction\",\"target\":{\"@type\":\"EntryPoint\",\"urlTemplate\":\"https:\/\/franciscanos.org.br\/conventosantoantonio\/?s={search_term_string}\"},\"query-input\":\"required name=search_term_string\"}],\"inLanguage\":\"pt-BR\"},{\"@type\":\"WebPage\",\"@id\":\"https:\/\/franciscanos.org.br\/conventosantoantonio\/devotos-de-santo-antonio-tomam-conta-do-largo-da-carioca\/\",\"url\":\"https:\/\/franciscanos.org.br\/conventosantoantonio\/devotos-de-santo-antonio-tomam-conta-do-largo-da-carioca\/\",\"name\":\"Devotos de Santo Ant\u00f4nio tomam conta do Largo da Carioca - Convento Santo Ant\u00f4nio- Franciscanos\",\"isPartOf\":{\"@id\":\"https:\/\/franciscanos.org.br\/conventosantoantonio\/#website\"},\"datePublished\":\"2023-06-14T00:23:17+00:00\",\"dateModified\":\"2023-06-14T00:23:54+00:00\",\"author\":{\"@id\":\"https:\/\/franciscanos.org.br\/conventosantoantonio\/#\/schema\/person\/73421c01c49c32a7bb0a19d9b36df6ad\"},\"breadcrumb\":{\"@id\":\"https:\/\/franciscanos.org.br\/conventosantoantonio\/devotos-de-santo-antonio-tomam-conta-do-largo-da-carioca\/#breadcrumb\"},\"inLanguage\":\"pt-BR\",\"potentialAction\":[{\"@type\":\"ReadAction\",\"target\":[\"https:\/\/franciscanos.org.br\/conventosantoantonio\/devotos-de-santo-antonio-tomam-conta-do-largo-da-carioca\/\"]}]},{\"@type\":\"BreadcrumbList\",\"@id\":\"https:\/\/franciscanos.org.br\/conventosantoantonio\/devotos-de-santo-antonio-tomam-conta-do-largo-da-carioca\/#breadcrumb\",\"itemListElement\":[{\"@type\":\"ListItem\",\"position\":1,\"name\":\"Home\",\"item\":\"https:\/\/franciscanos.org.br\/conventosantoantonio\/\"},{\"@type\":\"ListItem\",\"position\":2,\"name\":\"Devotos de Santo Ant\u00f4nio tomam conta do Largo da Carioca\"}]},{\"@type\":\"Person\",\"@id\":\"https:\/\/franciscanos.org.br\/conventosantoantonio\/#\/schema\/person\/73421c01c49c32a7bb0a19d9b36df6ad\",\"name\":\"moacir\",\"image\":{\"@type\":\"ImageObject\",\"inLanguage\":\"pt-BR\",\"@id\":\"https:\/\/franciscanos.org.br\/conventosantoantonio\/#\/schema\/person\/image\/\",\"url\":\"https:\/\/secure.gravatar.com\/avatar\/d08aa2ce4c8dd416d4479aa8536fcf64?s=96&d=mm&r=g\",\"contentUrl\":\"https:\/\/secure.gravatar.com\/avatar\/d08aa2ce4c8dd416d4479aa8536fcf64?s=96&d=mm&r=g\",\"caption\":\"moacir\"},\"url\":\"https:\/\/franciscanos.org.br\/conventosantoantonio\/author\/moacir\/\"}]}<\/script>\n<!-- \/ Yoast SEO plugin. -->","yoast_head_json":{"title":"Devotos de Santo Ant\u00f4nio tomam conta do Largo da Carioca - Convento Santo Ant\u00f4nio- Franciscanos","robots":{"index":"index","follow":"follow","max-snippet":"max-snippet:-1","max-image-preview":"max-image-preview:large","max-video-preview":"max-video-preview:-1"},"canonical":"https:\/\/franciscanos.org.br\/conventosantoantonio\/devotos-de-santo-antonio-tomam-conta-do-largo-da-carioca\/","og_locale":"pt_BR","og_type":"article","og_title":"Devotos de Santo Ant\u00f4nio tomam conta do Largo da Carioca - Convento Santo Ant\u00f4nio- Franciscanos","og_description":"Festa de Santo Ant\u00f4nio do Largo da Carioca","og_url":"https:\/\/franciscanos.org.br\/conventosantoantonio\/devotos-de-santo-antonio-tomam-conta-do-largo-da-carioca\/","og_site_name":"Convento Santo Ant\u00f4nio- Franciscanos","article_published_time":"2023-06-14T00:23:17+00:00","article_modified_time":"2023-06-14T00:23:54+00:00","og_image":[{"width":1280,"height":720,"url":"https:\/\/franciscanos.org.br\/conventosantoantonio\/wp-content\/uploads\/2023\/06\/final_19.jpg","type":"image\/jpeg"}],"author":"moacir","twitter_card":"summary_large_image","twitter_misc":{"Escrito por":"moacir","Est. tempo de leitura":"6 minutos"},"schema":{"@context":"https:\/\/schema.org","@graph":[{"@type":"WebSite","@id":"https:\/\/franciscanos.org.br\/conventosantoantonio\/#website","url":"https:\/\/franciscanos.org.br\/conventosantoantonio\/","name":"Convento Santo Ant\u00f4nio- Franciscanos","description":"Prov\u00edncia Franciscana da Imaculada Concei\u00e7\u00e3o do Brasil - Ordem dos Frades Menores","potentialAction":[{"@type":"SearchAction","target":{"@type":"EntryPoint","urlTemplate":"https:\/\/franciscanos.org.br\/conventosantoantonio\/?s={search_term_string}"},"query-input":"required name=search_term_string"}],"inLanguage":"pt-BR"},{"@type":"WebPage","@id":"https:\/\/franciscanos.org.br\/conventosantoantonio\/devotos-de-santo-antonio-tomam-conta-do-largo-da-carioca\/","url":"https:\/\/franciscanos.org.br\/conventosantoantonio\/devotos-de-santo-antonio-tomam-conta-do-largo-da-carioca\/","name":"Devotos de Santo Ant\u00f4nio tomam conta do Largo da Carioca - Convento Santo Ant\u00f4nio- Franciscanos","isPartOf":{"@id":"https:\/\/franciscanos.org.br\/conventosantoantonio\/#website"},"datePublished":"2023-06-14T00:23:17+00:00","dateModified":"2023-06-14T00:23:54+00:00","author":{"@id":"https:\/\/franciscanos.org.br\/conventosantoantonio\/#\/schema\/person\/73421c01c49c32a7bb0a19d9b36df6ad"},"breadcrumb":{"@id":"https:\/\/franciscanos.org.br\/conventosantoantonio\/devotos-de-santo-antonio-tomam-conta-do-largo-da-carioca\/#breadcrumb"},"inLanguage":"pt-BR","potentialAction":[{"@type":"ReadAction","target":["https:\/\/franciscanos.org.br\/conventosantoantonio\/devotos-de-santo-antonio-tomam-conta-do-largo-da-carioca\/"]}]},{"@type":"BreadcrumbList","@id":"https:\/\/franciscanos.org.br\/conventosantoantonio\/devotos-de-santo-antonio-tomam-conta-do-largo-da-carioca\/#breadcrumb","itemListElement":[{"@type":"ListItem","position":1,"name":"Home","item":"https:\/\/franciscanos.org.br\/conventosantoantonio\/"},{"@type":"ListItem","position":2,"name":"Devotos de Santo Ant\u00f4nio tomam conta do Largo da Carioca"}]},{"@type":"Person","@id":"https:\/\/franciscanos.org.br\/conventosantoantonio\/#\/schema\/person\/73421c01c49c32a7bb0a19d9b36df6ad","name":"moacir","image":{"@type":"ImageObject","inLanguage":"pt-BR","@id":"https:\/\/franciscanos.org.br\/conventosantoantonio\/#\/schema\/person\/image\/","url":"https:\/\/secure.gravatar.com\/avatar\/d08aa2ce4c8dd416d4479aa8536fcf64?s=96&d=mm&r=g","contentUrl":"https:\/\/secure.gravatar.com\/avatar\/d08aa2ce4c8dd416d4479aa8536fcf64?s=96&d=mm&r=g","caption":"moacir"},"url":"https:\/\/franciscanos.org.br\/conventosantoantonio\/author\/moacir\/"}]}},"_links":{"self":[{"href":"https:\/\/franciscanos.org.br\/conventosantoantonio\/wp-json\/wp\/v2\/posts\/188872"}],"collection":[{"href":"https:\/\/franciscanos.org.br\/conventosantoantonio\/wp-json\/wp\/v2\/posts"}],"about":[{"href":"https:\/\/franciscanos.org.br\/conventosantoantonio\/wp-json\/wp\/v2\/types\/post"}],"author":[{"embeddable":true,"href":"https:\/\/franciscanos.org.br\/conventosantoantonio\/wp-json\/wp\/v2\/users\/3"}],"replies":[{"embeddable":true,"href":"https:\/\/franciscanos.org.br\/conventosantoantonio\/wp-json\/wp\/v2\/comments?post=188872"}],"version-history":[{"count":2,"href":"https:\/\/franciscanos.org.br\/conventosantoantonio\/wp-json\/wp\/v2\/posts\/188872\/revisions"}],"predecessor-version":[{"id":188894,"href":"https:\/\/franciscanos.org.br\/conventosantoantonio\/wp-json\/wp\/v2\/posts\/188872\/revisions\/188894"}],"wp:featuredmedia":[{"embeddable":true,"href":"https:\/\/franciscanos.org.br\/conventosantoantonio\/wp-json\/wp\/v2\/media\/188873"}],"wp:attachment":[{"href":"https:\/\/franciscanos.org.br\/conventosantoantonio\/wp-json\/wp\/v2\/media?parent=188872"}],"wp:term":[{"taxonomy":"category","embeddable":true,"href":"https:\/\/franciscanos.org.br\/conventosantoantonio\/wp-json\/wp\/v2\/categories?post=188872"},{"taxonomy":"post_tag","embeddable":true,"href":"https:\/\/franciscanos.org.br\/conventosantoantonio\/wp-json\/wp\/v2\/tags?post=188872"}],"curies":[{"name":"wp","href":"https:\/\/api.w.org\/{rel}","templated":true}]}}