{"id":188858,"date":"2023-06-13T17:57:03","date_gmt":"2023-06-13T20:57:03","guid":{"rendered":"https:\/\/franciscanos.org.br\/conventosantoantonio\/?p=188858"},"modified":"2023-06-13T18:00:40","modified_gmt":"2023-06-13T21:00:40","slug":"aos-pes-do-cristo-redentor-so-gratidao","status":"publish","type":"post","link":"https:\/\/franciscanos.org.br\/conventosantoantonio\/aos-pes-do-cristo-redentor-so-gratidao\/","title":{"rendered":"Aos p\u00e9s do Cristo Redentor, s\u00f3 gratid\u00e3o"},"content":{"rendered":"<p><img loading=\"lazy\" class=\"alignnone size-full wp-image-188859\" src=\"https:\/\/franciscanos.org.br\/conventosantoantonio\/wp-content\/uploads\/2023\/06\/cristo_08.jpg\" alt=\"\" width=\"1280\" height=\"720\" srcset=\"https:\/\/franciscanos.org.br\/conventosantoantonio\/wp-content\/uploads\/2023\/06\/cristo_08.jpg 1280w, https:\/\/franciscanos.org.br\/conventosantoantonio\/wp-content\/uploads\/2023\/06\/cristo_08-450x253.jpg 450w, https:\/\/franciscanos.org.br\/conventosantoantonio\/wp-content\/uploads\/2023\/06\/cristo_08-1024x576.jpg 1024w, https:\/\/franciscanos.org.br\/conventosantoantonio\/wp-content\/uploads\/2023\/06\/cristo_08-768x432.jpg 768w, https:\/\/franciscanos.org.br\/conventosantoantonio\/wp-content\/uploads\/2023\/06\/cristo_08-150x84.jpg 150w\" sizes=\"(max-width: 1280px) 100vw, 1280px\" \/><\/p>\n<p>As festividades a Santo Ant\u00f4nio n\u00e3o se limitaram ao Largo da Carioca, onde est\u00e1 o Convento Santo Ant\u00f4nio. O Vig\u00e1rio Provincial, Frei Gustavo Wayand Medella, voltou ao Santu\u00e1rio Arquidiocesano do Cristo Redentor para celebrar a Eucaristia e agradecer pelo bom \u00eaxito da Caminhada Mission\u00e1ria da Imagem Peregrina do Padroeiro na cidade do Rio de Janeiro.<\/p>\n<p>A mudan\u00e7a do tempo cobriu o Cristo Redentor de nuvens e uma garoa recebeu o frade no in\u00edcio da celebra\u00e7\u00e3o, \u00e0s 11 horas. Frei Medella teve como concelebrante Padre Jo\u00e3o Damasceno, do Santu\u00e1rio Cristo Redentor.<\/p>\n<p><img loading=\"lazy\" class=\"alignnone size-full wp-image-188860\" src=\"https:\/\/franciscanos.org.br\/conventosantoantonio\/wp-content\/uploads\/2023\/06\/cristo_07.jpg\" alt=\"\" width=\"1280\" height=\"1707\" srcset=\"https:\/\/franciscanos.org.br\/conventosantoantonio\/wp-content\/uploads\/2023\/06\/cristo_07.jpg 1280w, https:\/\/franciscanos.org.br\/conventosantoantonio\/wp-content\/uploads\/2023\/06\/cristo_07-337x450.jpg 337w, https:\/\/franciscanos.org.br\/conventosantoantonio\/wp-content\/uploads\/2023\/06\/cristo_07-768x1024.jpg 768w, https:\/\/franciscanos.org.br\/conventosantoantonio\/wp-content\/uploads\/2023\/06\/cristo_07-1152x1536.jpg 1152w, https:\/\/franciscanos.org.br\/conventosantoantonio\/wp-content\/uploads\/2023\/06\/cristo_07-150x200.jpg 150w\" sizes=\"(max-width: 1280px) 100vw, 1280px\" \/><\/p>\n<p>Na sua homilia, Frei Medella se deteve no tema do &#8220;sabor&#8221; para &#8220;tentar descrever o sabor desta visita hoje que estamos celebrando no dia de Santo Ant\u00f4nio aqui no Santu\u00e1rio Arquidiocesano do Cristo Redentor&#8221;.<\/p>\n<p>Frei Medella explicou que o primeiro sabor \u00e9 de gratid\u00e3o. Ele, ent\u00e3o, descreveu todo o percurso mission\u00e1rio da imagem de Santo Ant\u00f4nio, a partir de 31 de maio, visitando lugares mais variados da capital, come\u00e7ando pela Fortaleza da Marinha. &#8220;Santo Ant\u00f4nio foi recebido l\u00e1 com honras de general porque, na hist\u00f3ria do Brasil, ele recebeu o t\u00edtulo de tenente coronel do Ex\u00e9rcito. Foi atribu\u00edda a ele a intercess\u00e3o na defesa do Rio de Janeiro contra uma invas\u00e3o estrangeira. A tropa recorreu a ele e saiu vencedora.\u00a0 Ele recebeu esse reconhecimento&#8221;, contou o frade, explicando que depois a imagem passou na Fortaleza S\u00e3o Jos\u00e9.<\/p>\n<p><img loading=\"lazy\" class=\"alignnone size-full wp-image-188861\" src=\"https:\/\/franciscanos.org.br\/conventosantoantonio\/wp-content\/uploads\/2023\/06\/cristo_10.jpg\" alt=\"\" width=\"1280\" height=\"853\" srcset=\"https:\/\/franciscanos.org.br\/conventosantoantonio\/wp-content\/uploads\/2023\/06\/cristo_10.jpg 1280w, https:\/\/franciscanos.org.br\/conventosantoantonio\/wp-content\/uploads\/2023\/06\/cristo_10-450x300.jpg 450w, https:\/\/franciscanos.org.br\/conventosantoantonio\/wp-content\/uploads\/2023\/06\/cristo_10-1024x682.jpg 1024w, https:\/\/franciscanos.org.br\/conventosantoantonio\/wp-content\/uploads\/2023\/06\/cristo_10-768x512.jpg 768w, https:\/\/franciscanos.org.br\/conventosantoantonio\/wp-content\/uploads\/2023\/06\/cristo_10-150x100.jpg 150w\" sizes=\"(max-width: 1280px) 100vw, 1280px\" \/><\/p>\n<p>&#8220;No dia 1\u00ba de junho passamos na C\u00e2mara de Vereadores e na Assembleia Legislativa; no dia 2, estivemos na Federa\u00e7\u00e3o do Com\u00e9rcio; no s\u00e1bado, houve uma campanha de ado\u00e7\u00e3o de animais no largo da Carioca; no domingo, ela foi ao Mosteiro das Concepcionistas, depois \u00e0 Casa Franciscana, pr\u00f3xima da Central do Brasil, quando esteve no almo\u00e7o servido \u00e0 popula\u00e7\u00e3o em situa\u00e7\u00e3o de rua; na segunda-feira, a imagem foi a R\u00e1dio Catedral; na ter\u00e7a-feira visitou o quartel da Pol\u00edcia Militar e dos Bombeiros; quarta-feira foi recebido pelo Prefeito Eduardo Paes no seu gabinete; quinta-feira foi na Igreja S\u00e3o Francisco da Penit\u00eancia; na sexta-feira, Santo Ant\u00f4nio foi no Hospital Souza Aguiar; no s\u00e1bado, fez carreata pelas ruas do centro do com\u00e9rcio, o Saara; domingo veio ao Cristo Redentor, foi ao Mosteiro das Irm\u00e3s Clarissas e \u00e0 Comunidade da Rocinha, onde est\u00e1 a Fraternidade Nossa Senhora da Boa Viagem; e, na segunda, esteve no Pal\u00e1cio Guanabara com o governador Cl\u00e1udio Castro e encerrou a peregrina\u00e7\u00e3o no Instituo Nacional do C\u00e2ncer (INCA)&#8221;, descreveu Frei Medella.<\/p>\n<p>&#8220;Tivemos belos dias de c\u00e9u azul. Foi um momento de gra\u00e7a pela pontualidade e pelo carinho com que fomos recebidos nos lugares em que estivemos. Por isso, tem sabor de gratid\u00e3o. E n\u00e3o tem lugar melhor para agradecer do que aqui aos p\u00e9s do Cristo Redentor&#8221;, explicou.<\/p>\n<p><img loading=\"lazy\" class=\"alignnone size-full wp-image-188862\" src=\"https:\/\/franciscanos.org.br\/conventosantoantonio\/wp-content\/uploads\/2023\/06\/cristo_11.jpg\" alt=\"\" width=\"1280\" height=\"960\" srcset=\"https:\/\/franciscanos.org.br\/conventosantoantonio\/wp-content\/uploads\/2023\/06\/cristo_11.jpg 1280w, https:\/\/franciscanos.org.br\/conventosantoantonio\/wp-content\/uploads\/2023\/06\/cristo_11-450x338.jpg 450w, https:\/\/franciscanos.org.br\/conventosantoantonio\/wp-content\/uploads\/2023\/06\/cristo_11-1024x768.jpg 1024w, https:\/\/franciscanos.org.br\/conventosantoantonio\/wp-content\/uploads\/2023\/06\/cristo_11-768x576.jpg 768w, https:\/\/franciscanos.org.br\/conventosantoantonio\/wp-content\/uploads\/2023\/06\/cristo_11-150x113.jpg 150w\" sizes=\"(max-width: 1280px) 100vw, 1280px\" \/><\/p>\n<p>&nbsp;<\/p>\n<p>Segundo ele, o segundo sabor \u00e9 o de retribui\u00e7\u00e3o pela boa acolhida no Santu\u00e1rio do Cristo Redentor. &#8220;Fomos bem recebidos pelo Pe. Omar, pelo Pe. Damasceno e por toda a equipe, pelo nosso amigo Leonardo, pela Tininha. Nos recebem t\u00e3o bem que sentimos impelidos a vir aqui hoje. No dia de Santo Ant\u00f4nio, com tanto movimento e demanda no nosso Convento, n\u00f3s fizemos quest\u00e3o de estar aqui tamb\u00e9m para agradecer aos nossos irm\u00e3os do Santu\u00e1rio por esse carinho, por esta abertura e dizer tamb\u00e9m que as portas da Fraternidade do nosso Convento est\u00e3o sempre abertas para cada um de voc\u00eas&#8221;, convidou.<\/p>\n<p><img loading=\"lazy\" class=\"alignnone size-full wp-image-188864\" src=\"https:\/\/franciscanos.org.br\/conventosantoantonio\/wp-content\/uploads\/2023\/06\/cristo_05.jpg\" alt=\"\" width=\"1280\" height=\"763\" srcset=\"https:\/\/franciscanos.org.br\/conventosantoantonio\/wp-content\/uploads\/2023\/06\/cristo_05.jpg 1280w, https:\/\/franciscanos.org.br\/conventosantoantonio\/wp-content\/uploads\/2023\/06\/cristo_05-450x268.jpg 450w, https:\/\/franciscanos.org.br\/conventosantoantonio\/wp-content\/uploads\/2023\/06\/cristo_05-1024x610.jpg 1024w, https:\/\/franciscanos.org.br\/conventosantoantonio\/wp-content\/uploads\/2023\/06\/cristo_05-768x458.jpg 768w, https:\/\/franciscanos.org.br\/conventosantoantonio\/wp-content\/uploads\/2023\/06\/cristo_05-150x89.jpg 150w\" sizes=\"(max-width: 1280px) 100vw, 1280px\" \/><\/p>\n<p>J\u00e1 o terceiro sabor \u00e9 o da proximidade. &#8220;Aqui ao fundo da nossa capela temos a r\u00e9plica do cora\u00e7\u00e3o que tamb\u00e9m est\u00e1 instalado bem no centro da imagem do Redentor. Cora\u00e7\u00e3o pr\u00f3ximo de cora\u00e7\u00e3o. O cora\u00e7\u00e3o de Santo Ant\u00f4nio pr\u00f3ximo do cora\u00e7\u00e3o de Jesus. Ele carrega a imagem de Jesus Menino no colo. Olhem como o cora\u00e7\u00e3o de Santo Ant\u00f4nio e o do Menino Deus est\u00e3o pr\u00f3ximos&#8221;, indicou, lembrando que esta imagem \u00e9 fruto de uma vis\u00e3o m\u00edstica.<\/p>\n<p><img loading=\"lazy\" class=\"alignnone size-full wp-image-188865\" src=\"https:\/\/franciscanos.org.br\/conventosantoantonio\/wp-content\/uploads\/2023\/06\/cristo_06.jpg\" alt=\"\" width=\"1280\" height=\"1707\" srcset=\"https:\/\/franciscanos.org.br\/conventosantoantonio\/wp-content\/uploads\/2023\/06\/cristo_06.jpg 1280w, https:\/\/franciscanos.org.br\/conventosantoantonio\/wp-content\/uploads\/2023\/06\/cristo_06-337x450.jpg 337w, https:\/\/franciscanos.org.br\/conventosantoantonio\/wp-content\/uploads\/2023\/06\/cristo_06-768x1024.jpg 768w, https:\/\/franciscanos.org.br\/conventosantoantonio\/wp-content\/uploads\/2023\/06\/cristo_06-1152x1536.jpg 1152w, https:\/\/franciscanos.org.br\/conventosantoantonio\/wp-content\/uploads\/2023\/06\/cristo_06-150x200.jpg 150w\" sizes=\"(max-width: 1280px) 100vw, 1280px\" \/><\/p>\n<p>&#8220;Para encerrar, a partir do que vemos, ele carregando o Menino no colo, na verdade, ali, h\u00e1 uma invers\u00e3o: ele \u00e9 carregado por Jesus. \u00c9 Jesus que o conduz na sua miss\u00e3o. Isso eu posso falar de uma grande li\u00e7\u00e3o que eu e nossos confrades tivemos nessa peregrina\u00e7\u00e3o. Eu brinquei que weu era o Uber de Santo Ant\u00f4nio &#8211; leva pra l\u00e1, leva pra c\u00e1, p\u00f5e em cima do carro, tira do carro, sobe andor, desce andor. No princ\u00edpio, achei que estava levando Santo Ant\u00f4nio, mas agora eu tenho certeza que n\u00e3o. Ele que me levou e nos conduziu neste caminho de peregrina\u00e7\u00e3o. Que ele continue nos conduzindo pelo caminho do discipulado de Nosso Senhor Jesus Cristo e, com ele, podemos seguir sem medo que, certamente, ele vai nos conduzir pelos melhores caminhos para o encontro feliz, do aqui-agora, da nossa vida com a gra\u00e7a santificante de Nosso Senhor Jesus Cristo&#8221;, pediu.<\/p>\n<p>&nbsp;<\/p>\n<p><img loading=\"lazy\" class=\"alignnone size-full wp-image-188867\" src=\"https:\/\/franciscanos.org.br\/conventosantoantonio\/wp-content\/uploads\/2023\/06\/cristo_04.jpg\" alt=\"\" width=\"1280\" height=\"960\" srcset=\"https:\/\/franciscanos.org.br\/conventosantoantonio\/wp-content\/uploads\/2023\/06\/cristo_04.jpg 1280w, https:\/\/franciscanos.org.br\/conventosantoantonio\/wp-content\/uploads\/2023\/06\/cristo_04-450x338.jpg 450w, https:\/\/franciscanos.org.br\/conventosantoantonio\/wp-content\/uploads\/2023\/06\/cristo_04-1024x768.jpg 1024w, https:\/\/franciscanos.org.br\/conventosantoantonio\/wp-content\/uploads\/2023\/06\/cristo_04-768x576.jpg 768w, https:\/\/franciscanos.org.br\/conventosantoantonio\/wp-content\/uploads\/2023\/06\/cristo_04-150x113.jpg 150w\" sizes=\"(max-width: 1280px) 100vw, 1280px\" \/><\/p>\n<p>No final da celebra\u00e7\u00e3o, Frei Medella aben\u00e7oou os p\u00e3ezinhos, que foram distribu\u00eddos entre os turistas. Depois, Frei Medella e Pe. Jo\u00e3o deram a b\u00ean\u00e7\u00e3o \u00e0 cidade, mesmo com toda neblina cobrindo a cidade.<\/p>\n<hr \/>\n<p><em>Moacir Beggo, pela Equipe de Comunica\u00e7\u00e3o da Prov\u00edncia da Imaculada Concei\u00e7\u00e3o<\/em><\/p>\n","protected":false},"excerpt":{"rendered":"<p>Festa de Santo Ant\u00f4nio no Largo da Carioca<\/p>\n","protected":false},"author":3,"featured_media":188859,"comment_status":"open","ping_status":"open","sticky":false,"template":"","format":"standard","meta":[],"categories":[105],"tags":[347],"yoast_head":"<!-- This site is optimized with the Yoast SEO plugin v19.4 - https:\/\/yoast.com\/wordpress\/plugins\/seo\/ -->\n<title>Aos p\u00e9s do Cristo Redentor, s\u00f3 gratid\u00e3o - Convento Santo Ant\u00f4nio- Franciscanos<\/title>\n<meta name=\"robots\" content=\"index, follow, max-snippet:-1, max-image-preview:large, max-video-preview:-1\" \/>\n<link rel=\"canonical\" href=\"https:\/\/franciscanos.org.br\/conventosantoantonio\/aos-pes-do-cristo-redentor-so-gratidao\/\" \/>\n<meta property=\"og:locale\" content=\"pt_BR\" \/>\n<meta property=\"og:type\" content=\"article\" \/>\n<meta property=\"og:title\" content=\"Aos p\u00e9s do Cristo Redentor, s\u00f3 gratid\u00e3o - Convento Santo Ant\u00f4nio- Franciscanos\" \/>\n<meta property=\"og:description\" content=\"Festa de Santo Ant\u00f4nio no Largo da Carioca\" \/>\n<meta property=\"og:url\" content=\"https:\/\/franciscanos.org.br\/conventosantoantonio\/aos-pes-do-cristo-redentor-so-gratidao\/\" \/>\n<meta property=\"og:site_name\" content=\"Convento Santo Ant\u00f4nio- Franciscanos\" \/>\n<meta property=\"article:published_time\" content=\"2023-06-13T20:57:03+00:00\" \/>\n<meta property=\"article:modified_time\" content=\"2023-06-13T21:00:40+00:00\" \/>\n<meta property=\"og:image\" content=\"https:\/\/franciscanos.org.br\/conventosantoantonio\/wp-content\/uploads\/2023\/06\/cristo_08.jpg\" \/>\n\t<meta property=\"og:image:width\" content=\"1280\" \/>\n\t<meta property=\"og:image:height\" content=\"720\" \/>\n\t<meta property=\"og:image:type\" content=\"image\/jpeg\" \/>\n<meta name=\"author\" content=\"moacir\" \/>\n<meta name=\"twitter:card\" content=\"summary_large_image\" \/>\n<meta name=\"twitter:label1\" content=\"Escrito por\" \/>\n\t<meta name=\"twitter:data1\" content=\"moacir\" \/>\n\t<meta name=\"twitter:label2\" content=\"Est. tempo de leitura\" \/>\n\t<meta name=\"twitter:data2\" content=\"6 minutos\" \/>\n<script type=\"application\/ld+json\" class=\"yoast-schema-graph\">{\"@context\":\"https:\/\/schema.org\",\"@graph\":[{\"@type\":\"WebSite\",\"@id\":\"https:\/\/franciscanos.org.br\/conventosantoantonio\/#website\",\"url\":\"https:\/\/franciscanos.org.br\/conventosantoantonio\/\",\"name\":\"Convento Santo Ant\u00f4nio- Franciscanos\",\"description\":\"Prov\u00edncia Franciscana da Imaculada Concei\u00e7\u00e3o do Brasil - Ordem dos Frades Menores\",\"potentialAction\":[{\"@type\":\"SearchAction\",\"target\":{\"@type\":\"EntryPoint\",\"urlTemplate\":\"https:\/\/franciscanos.org.br\/conventosantoantonio\/?s={search_term_string}\"},\"query-input\":\"required name=search_term_string\"}],\"inLanguage\":\"pt-BR\"},{\"@type\":\"WebPage\",\"@id\":\"https:\/\/franciscanos.org.br\/conventosantoantonio\/aos-pes-do-cristo-redentor-so-gratidao\/\",\"url\":\"https:\/\/franciscanos.org.br\/conventosantoantonio\/aos-pes-do-cristo-redentor-so-gratidao\/\",\"name\":\"Aos p\u00e9s do Cristo Redentor, s\u00f3 gratid\u00e3o - Convento Santo Ant\u00f4nio- Franciscanos\",\"isPartOf\":{\"@id\":\"https:\/\/franciscanos.org.br\/conventosantoantonio\/#website\"},\"datePublished\":\"2023-06-13T20:57:03+00:00\",\"dateModified\":\"2023-06-13T21:00:40+00:00\",\"author\":{\"@id\":\"https:\/\/franciscanos.org.br\/conventosantoantonio\/#\/schema\/person\/73421c01c49c32a7bb0a19d9b36df6ad\"},\"breadcrumb\":{\"@id\":\"https:\/\/franciscanos.org.br\/conventosantoantonio\/aos-pes-do-cristo-redentor-so-gratidao\/#breadcrumb\"},\"inLanguage\":\"pt-BR\",\"potentialAction\":[{\"@type\":\"ReadAction\",\"target\":[\"https:\/\/franciscanos.org.br\/conventosantoantonio\/aos-pes-do-cristo-redentor-so-gratidao\/\"]}]},{\"@type\":\"BreadcrumbList\",\"@id\":\"https:\/\/franciscanos.org.br\/conventosantoantonio\/aos-pes-do-cristo-redentor-so-gratidao\/#breadcrumb\",\"itemListElement\":[{\"@type\":\"ListItem\",\"position\":1,\"name\":\"Home\",\"item\":\"https:\/\/franciscanos.org.br\/conventosantoantonio\/\"},{\"@type\":\"ListItem\",\"position\":2,\"name\":\"Aos p\u00e9s do Cristo Redentor, s\u00f3 gratid\u00e3o\"}]},{\"@type\":\"Person\",\"@id\":\"https:\/\/franciscanos.org.br\/conventosantoantonio\/#\/schema\/person\/73421c01c49c32a7bb0a19d9b36df6ad\",\"name\":\"moacir\",\"image\":{\"@type\":\"ImageObject\",\"inLanguage\":\"pt-BR\",\"@id\":\"https:\/\/franciscanos.org.br\/conventosantoantonio\/#\/schema\/person\/image\/\",\"url\":\"https:\/\/secure.gravatar.com\/avatar\/d08aa2ce4c8dd416d4479aa8536fcf64?s=96&d=mm&r=g\",\"contentUrl\":\"https:\/\/secure.gravatar.com\/avatar\/d08aa2ce4c8dd416d4479aa8536fcf64?s=96&d=mm&r=g\",\"caption\":\"moacir\"},\"url\":\"https:\/\/franciscanos.org.br\/conventosantoantonio\/author\/moacir\/\"}]}<\/script>\n<!-- \/ Yoast SEO plugin. -->","yoast_head_json":{"title":"Aos p\u00e9s do Cristo Redentor, s\u00f3 gratid\u00e3o - Convento Santo Ant\u00f4nio- Franciscanos","robots":{"index":"index","follow":"follow","max-snippet":"max-snippet:-1","max-image-preview":"max-image-preview:large","max-video-preview":"max-video-preview:-1"},"canonical":"https:\/\/franciscanos.org.br\/conventosantoantonio\/aos-pes-do-cristo-redentor-so-gratidao\/","og_locale":"pt_BR","og_type":"article","og_title":"Aos p\u00e9s do Cristo Redentor, s\u00f3 gratid\u00e3o - Convento Santo Ant\u00f4nio- Franciscanos","og_description":"Festa de Santo Ant\u00f4nio no Largo da Carioca","og_url":"https:\/\/franciscanos.org.br\/conventosantoantonio\/aos-pes-do-cristo-redentor-so-gratidao\/","og_site_name":"Convento Santo Ant\u00f4nio- Franciscanos","article_published_time":"2023-06-13T20:57:03+00:00","article_modified_time":"2023-06-13T21:00:40+00:00","og_image":[{"width":1280,"height":720,"url":"https:\/\/franciscanos.org.br\/conventosantoantonio\/wp-content\/uploads\/2023\/06\/cristo_08.jpg","type":"image\/jpeg"}],"author":"moacir","twitter_card":"summary_large_image","twitter_misc":{"Escrito por":"moacir","Est. tempo de leitura":"6 minutos"},"schema":{"@context":"https:\/\/schema.org","@graph":[{"@type":"WebSite","@id":"https:\/\/franciscanos.org.br\/conventosantoantonio\/#website","url":"https:\/\/franciscanos.org.br\/conventosantoantonio\/","name":"Convento Santo Ant\u00f4nio- Franciscanos","description":"Prov\u00edncia Franciscana da Imaculada Concei\u00e7\u00e3o do Brasil - Ordem dos Frades Menores","potentialAction":[{"@type":"SearchAction","target":{"@type":"EntryPoint","urlTemplate":"https:\/\/franciscanos.org.br\/conventosantoantonio\/?s={search_term_string}"},"query-input":"required name=search_term_string"}],"inLanguage":"pt-BR"},{"@type":"WebPage","@id":"https:\/\/franciscanos.org.br\/conventosantoantonio\/aos-pes-do-cristo-redentor-so-gratidao\/","url":"https:\/\/franciscanos.org.br\/conventosantoantonio\/aos-pes-do-cristo-redentor-so-gratidao\/","name":"Aos p\u00e9s do Cristo Redentor, s\u00f3 gratid\u00e3o - Convento Santo Ant\u00f4nio- Franciscanos","isPartOf":{"@id":"https:\/\/franciscanos.org.br\/conventosantoantonio\/#website"},"datePublished":"2023-06-13T20:57:03+00:00","dateModified":"2023-06-13T21:00:40+00:00","author":{"@id":"https:\/\/franciscanos.org.br\/conventosantoantonio\/#\/schema\/person\/73421c01c49c32a7bb0a19d9b36df6ad"},"breadcrumb":{"@id":"https:\/\/franciscanos.org.br\/conventosantoantonio\/aos-pes-do-cristo-redentor-so-gratidao\/#breadcrumb"},"inLanguage":"pt-BR","potentialAction":[{"@type":"ReadAction","target":["https:\/\/franciscanos.org.br\/conventosantoantonio\/aos-pes-do-cristo-redentor-so-gratidao\/"]}]},{"@type":"BreadcrumbList","@id":"https:\/\/franciscanos.org.br\/conventosantoantonio\/aos-pes-do-cristo-redentor-so-gratidao\/#breadcrumb","itemListElement":[{"@type":"ListItem","position":1,"name":"Home","item":"https:\/\/franciscanos.org.br\/conventosantoantonio\/"},{"@type":"ListItem","position":2,"name":"Aos p\u00e9s do Cristo Redentor, s\u00f3 gratid\u00e3o"}]},{"@type":"Person","@id":"https:\/\/franciscanos.org.br\/conventosantoantonio\/#\/schema\/person\/73421c01c49c32a7bb0a19d9b36df6ad","name":"moacir","image":{"@type":"ImageObject","inLanguage":"pt-BR","@id":"https:\/\/franciscanos.org.br\/conventosantoantonio\/#\/schema\/person\/image\/","url":"https:\/\/secure.gravatar.com\/avatar\/d08aa2ce4c8dd416d4479aa8536fcf64?s=96&d=mm&r=g","contentUrl":"https:\/\/secure.gravatar.com\/avatar\/d08aa2ce4c8dd416d4479aa8536fcf64?s=96&d=mm&r=g","caption":"moacir"},"url":"https:\/\/franciscanos.org.br\/conventosantoantonio\/author\/moacir\/"}]}},"_links":{"self":[{"href":"https:\/\/franciscanos.org.br\/conventosantoantonio\/wp-json\/wp\/v2\/posts\/188858"}],"collection":[{"href":"https:\/\/franciscanos.org.br\/conventosantoantonio\/wp-json\/wp\/v2\/posts"}],"about":[{"href":"https:\/\/franciscanos.org.br\/conventosantoantonio\/wp-json\/wp\/v2\/types\/post"}],"author":[{"embeddable":true,"href":"https:\/\/franciscanos.org.br\/conventosantoantonio\/wp-json\/wp\/v2\/users\/3"}],"replies":[{"embeddable":true,"href":"https:\/\/franciscanos.org.br\/conventosantoantonio\/wp-json\/wp\/v2\/comments?post=188858"}],"version-history":[{"count":2,"href":"https:\/\/franciscanos.org.br\/conventosantoantonio\/wp-json\/wp\/v2\/posts\/188858\/revisions"}],"predecessor-version":[{"id":188869,"href":"https:\/\/franciscanos.org.br\/conventosantoantonio\/wp-json\/wp\/v2\/posts\/188858\/revisions\/188869"}],"wp:featuredmedia":[{"embeddable":true,"href":"https:\/\/franciscanos.org.br\/conventosantoantonio\/wp-json\/wp\/v2\/media\/188859"}],"wp:attachment":[{"href":"https:\/\/franciscanos.org.br\/conventosantoantonio\/wp-json\/wp\/v2\/media?parent=188858"}],"wp:term":[{"taxonomy":"category","embeddable":true,"href":"https:\/\/franciscanos.org.br\/conventosantoantonio\/wp-json\/wp\/v2\/categories?post=188858"},{"taxonomy":"post_tag","embeddable":true,"href":"https:\/\/franciscanos.org.br\/conventosantoantonio\/wp-json\/wp\/v2\/tags?post=188858"}],"curies":[{"name":"wp","href":"https:\/\/api.w.org\/{rel}","templated":true}]}}